{"id":7997,"date":"2013-10-17T00:47:05","date_gmt":"2013-10-17T03:47:05","guid":{"rendered":"http:\/\/rioonwatch.org.br\/?p=7997"},"modified":"2015-08-14T12:55:33","modified_gmt":"2015-08-14T15:55:33","slug":"moradores-de-favelas-declaram-apoio-na-manifestacao-do-dia-dos-professores","status":"publish","type":"post","link":"https:\/\/rioonwatch.org.br\/?p=7997","title":{"rendered":"Moradores de Favelas Declaram Apoio na Manifesta\u00e7\u00e3o do Dia dos Professores"},"content":{"rendered":"<p><em>Essa mat\u00e9ria \u00e9 uma contribui\u00e7\u00e3o ao\u00a0<a href=\"http:\/\/bit.ly\/1gHqUF7\" target=\"_blank\">Blog Action Day 2013<\/a>, uma reflex\u00e3o de blogueiros de todo o mundo sobre o tema desse ano, Direitos Humanos.<\/em><\/p>\n<p>Nesta ter\u00e7a-feira 15 de outubro, cerca de 20 mil pessoas tomaram as ruas em solidariedade aos professores em greve e tamb\u00e9m reivindicando a melhoria da educa\u00e7\u00e3o no Brasil. Ocorrido no dia dos professores, o <a href=\"http:\/\/bit.ly\/12hqS0g\" target=\"_blank\">protesto<\/a> foi o \u00faltimo de uma s\u00e9rie de protestos recentes relativos \u00a0\u00e0 educa\u00e7\u00e3o, sal\u00e1rio dos professores e plano de carreira. Os manifestantes caminharam pela Avenida Rio Branco, antes, <a href=\"http:\/\/bit.ly\/11SkR77\" target=\"_blank\">como em outros recentes protestos<\/a>, da viol\u00eancia eclodir entre manifestantes e policiais.<\/p>\n<p>Estiveram presentes no protesto de ontem representantes de favelas e organiza\u00e7\u00f5es comunit\u00e1rias de todo Rio, mobilizados em uni\u00e3o com os professores e chamando a aten\u00e7\u00e3o para suas pr\u00f3prias lutas no contexto mais amplo da cidade. N\u00f3s conversamos com os moradores das favelas, ativistas e professores presentes, perguntando-lhes porque eles participaram do protesto. Isto \u00e9 o que ouvimos:<\/p>\n<blockquote><p>N\u00f3s reivindicamos porque existe um grande esfor\u00e7o do governo para remover as fam\u00edlias e n\u00e3o tem investimento na educa\u00e7\u00e3o, ent\u00e3o o que a gente prop\u00f5e e que parem as\u00a0<a href=\"http:\/\/bit.ly\/X51Qvb\" target=\"_blank\">remo\u00e7\u00f5es<\/a>\u00a0e invistam na educa\u00e7\u00e3o&#8221;. &#8212; Rachel Gepp, ativista do\u00a0<a href=\"http:\/\/bit.ly\/1aRGdL0\" target=\"_blank\">Favela N\u00e3o se Cala<\/a><\/p><\/blockquote>\n<blockquote><p>Somos da comunidade do\u00a0<a href=\"http:\/\/bit.ly\/11b2TzL\" target=\"_blank\">Horto<\/a>, situado no Jardim Bot\u00e2nico, uma comunidade bicenten\u00e1ria, amea\u00e7ada de remo\u00e7\u00e3o porque hoje o Jardim Bot\u00e2nico criou um novo mapa de delimita\u00e7\u00e3o, colocando dentro dessa \u00e1rea, 520 casas de ex-funcion\u00e1rios e atuais funcion\u00e1rios do Jardim Bot\u00e2nico para serem removidos&#8230; No Horto estamos passando por um momento em que uma de nossas escolas deve ser fechada, a escola Manuel Bandeira. Educa\u00e7\u00e3o \u00e9 a coisa mais importante de um pais, \u00e9 a base de tudo. Estamos aqui, para al\u00e9m de apoiar o movimento dos professores, estamos aqui tentando unificar todas as reivindica\u00e7\u00f5es, todos que n\u00e3o est\u00e3o satisfeitas com esse governo, nos unimos numa luta \u00fanica para que isso tem uma vis\u00e3o mais abrangente&#8221;. &#8212; Regina C\u00e9lia da Costa Coelho, moradora da Comunidade do Horto<\/p><\/blockquote>\n<p style=\"text-align: center;\"><a href=\"http:\/\/rioonwatch.org\/wp-content\/uploads\/2013\/10\/Regina-Celia-Horto.jpg\"><img fetchpriority=\"high\" decoding=\"async\" class=\"aligncenter size-full wp-image-11721\" title=\"Apoio da comunidade do Horto aos professores - Regina C\u00e9lia da Costa Coelho \u00e0 direita\" src=\"http:\/\/rioonwatch.org\/wp-content\/uploads\/2013\/10\/Regina-Celia-Horto.jpg\" alt=\"\" width=\"583\" height=\"388\" \/><\/a><\/p>\n<blockquote>\n<p dir=\"ltr\">A greve da educa\u00e7\u00e3o, tanto quanto o processo das remo\u00e7\u00f5es e a precariza\u00e7\u00e3o da vida nas favelas est\u00e1 relacionada a esse modelo da cidade voltado para o mercado e n\u00e3o para as pessoas que vivem na cidade. Na greve tem pessoas sendo reprimidas de formas extremamente violentas pela pol\u00edcia, houve a criminaliza\u00e7\u00e3o dos movimentos sociais, professores sendo presos, militantes sendo preso, tudo isso est\u00e1 envolvida nisso, que \u00e9 a compromisso do estado com as empresas privadas e o total desrespeito do estado com a popula\u00e7\u00e3o e com servi\u00e7os b\u00e1sicos para a popula\u00e7\u00e3o&#8221;. &#8212; Vin\u00edcius Neves, professor de uma escola municipal na\u00a0<a href=\"http:\/\/bit.ly\/10BvARw\" target=\"_blank\">Mar\u00e9<\/a><\/p>\n<\/blockquote>\n<p style=\"text-align: center;\"><a href=\"http:\/\/rioonwatch.org\/wp-content\/uploads\/2013\/10\/MNLM.jpg\"><img decoding=\"async\" class=\"aligncenter size-full wp-image-11717\" title=\"As reivindica\u00e7\u00f5es das favelas\" src=\"http:\/\/rioonwatch.org\/wp-content\/uploads\/2013\/10\/MNLM.jpg\" alt=\"\" width=\"583\" height=\"407\" \/><\/a><\/p>\n<blockquote>\n<div>N\u00f3s estamos aqui porque n\u00f3s queremos somar a essa luta do professor, mas tamb\u00e9m temos a oportunidade de falar que a gente n\u00e3o aguenta mais as remo\u00e7\u00f5es que esse prefeito, o Eduardo Paes, junto com o S\u00e9rgio Cabral est\u00e3o fazendo no Rio de Janeiro. A gente est\u00e1 aqui unido com v\u00e1rias favelas, n\u00f3s fazemos o ato unificado, n\u00f3s estamos come\u00e7ando aqui nesse lugar aqui junto aos professores&#8230; O que est\u00e1 acontecendo no nosso pais \u00e9 a fragiliza\u00e7\u00e3o da educa\u00e7\u00e3o, hoje voc\u00ea v\u00ea que o sistema que o Eduardo Paes est\u00e1 querendo impor \u00e9 o sistema meritocr\u00e1tico, e isso est\u00e1 querendo fazer com que a educa\u00e7\u00e3o seja privatizada, desqualificando a educa\u00e7\u00e3o. Os professores est\u00e3o lutando por isso, n\u00e3o \u00e9 s\u00f3 pelo plano de carreira, \u00e9 muito mais do que isso, \u00e9 pela qualidade da educa\u00e7\u00e3o.&#8221; &#8212;\u00a0Noemia Magalh\u00e3es, membro\u00a0<a href=\"http:\/\/bit.ly\/198ZCU1\" target=\"_blank\">Movimento Nacional de Luta pela Moradia\u00a0(MNLM)<\/a>, Residente de Duque de Caxias<\/div>\n<\/blockquote>\n<p style=\"text-align: center;\"><a href=\"http:\/\/rioonwatch.org.br\/?attachment_id=11720\" rel=\"attachment wp-att-11720\"><img decoding=\"async\" class=\"aligncenter size-full wp-image-11720\" title=\"Cerca de 20.000 pessoas marcharam em solidariedade aos professores\" src=\"http:\/\/rioonwatch.org\/wp-content\/uploads\/2013\/10\/crowd.jpg\" alt=\"\" width=\"583\" height=\"388\" \/><\/a><\/p>\n<div>\n<blockquote>\n<p dir=\"ltr\">Aqui tem professores do estado do Rio, do munic\u00edpio do Rio e de escolas federais. a gente v\u00ea que os alunos das comunidades recebem uma educa\u00e7\u00e3o com pouca infraestrutura. Por exemplo, nos col\u00e9gios em que eu dou aula, dou aula em dois col\u00e9gios, a internet n\u00e3o funciona. Eu trabalho com uma segunda l\u00edngua e eu n\u00e3o tenho um aparelho para botar um CD para eles escutarem.\u00a0Os professores de l\u00edngua estrangeira, de espanhol, eles est\u00e3o tendo que trabalhar em mais de uma escola e isso faz com que o rendimento caia e com que o professor n\u00e3o tenha uma boa rela\u00e7\u00e3o com os alunos e com a escola. Tenho 40 alunos na minha sala de aula.\u00a0\u00e9 uma estrutura muito prec\u00e1ria.&#8221; &#8212;\u00a0Rubi Merino, professora de uma escola municipal na\u00a0<a href=\"http:\/\/bit.ly\/16w2zz1\" target=\"_blank\">Rocinha<\/a>\u00a0e outra no Jardim Bot\u00e2nico<\/p>\n<\/blockquote>\n<\/div>\n<p dir=\"ltr\" style=\"text-align: center;\"><a href=\"http:\/\/rioonwatch.org\/wp-content\/uploads\/2013\/10\/teacher-Rubi.jpg\"><img loading=\"lazy\" decoding=\"async\" class=\"aligncenter size-full wp-image-11714\" title=\"Rubi Merino, professora de escolas p\u00fablicas na Rocinha e Jardim Bot\u00e2nico, carrega um cartaz feito por estudantes\" src=\"http:\/\/rioonwatch.org\/wp-content\/uploads\/2013\/10\/teacher-Rubi.jpg\" alt=\"\" width=\"583\" height=\"388\" \/><\/a><\/p>\n<blockquote>\n<p dir=\"ltr\">N\u00f3s consideramos que a educa\u00e7\u00e3o \u00e9 fundamental, \u00e9 o fundamento para a sociedade, ent\u00e3o todos n\u00f3s estamos lutando por este fundamento, por que se voc\u00ea tem uma educa\u00e7\u00e3o de qualidade voc\u00ea vai ter um povo culto, um povo que vai poder questionar, ent\u00e3o essa \u00e9 nossa objetivo aqui, n\u00e3o \u00e9 o sal\u00e1rio, \u00e9 educa\u00e7\u00e3o de qualidade.&#8221; &#8212;\u00a0Regina Celia Rodrigues da Silva, professora do sistema p\u00fablico de ensino<\/p>\n<\/blockquote>\n<p dir=\"ltr\" style=\"text-align: center;\"><a href=\"http:\/\/rioonwatch.org\/wp-content\/uploads\/2013\/10\/sideways-contra-remocoes.jpg\"><img loading=\"lazy\" decoding=\"async\" class=\"aligncenter size-full wp-image-11715\" title=\"Uni\u00e3o das comunidades \u00e0 greve dos professores\" src=\"http:\/\/rioonwatch.org\/wp-content\/uploads\/2013\/10\/sideways-contra-remocoes.jpg\" alt=\"\" width=\"583\" height=\"436\" \/><\/a><\/p>\n<p dir=\"ltr\" style=\"text-align: left;\">\n<!-- AddThis Advanced Settings generic via filter on the_content --><!-- AddThis Share Buttons generic via filter on the_content -->","protected":false},"excerpt":{"rendered":"<div class=\"mh-excerpt\"><p>Essa mat\u00e9ria \u00e9 uma contribui\u00e7\u00e3o ao\u00a0Blog Action Day 2013, uma reflex\u00e3o de blogueiros de todo o mundo sobre o tema desse ano, Direitos Humanos. Nesta ter\u00e7a-feira 15 de outubro, cerca de 20 mil pessoas tomaram <a class=\"mh-excerpt-more\" href=\"https:\/\/rioonwatch.org.br\/?p=7997\" title=\"Moradores de Favelas Declaram Apoio na Manifesta\u00e7\u00e3o do Dia dos Professores\">[&#8230;]<\/a><!-- AddThis Advanced Settings generic via filter on get_the_excerpt --><!-- AddThis Share Buttons generic via filter on get_the_excerpt --><\/p>\n<\/div>","protected":false},"author":129,"featured_media":8016,"comment_status":"closed","ping_status":"closed","sticky":false,"template":"","format":"standard","meta":{"_acf_changed":false,"_monsterinsights_skip_tracking":false,"_monsterinsights_sitenote_active":false,"_monsterinsights_sitenote_note":"","_monsterinsights_sitenote_category":0,"footnotes":""},"categories":[1614,346,344],"tags":[878,880,332,88,316,632,886,733,780,763,14,16],"writer":[888,653],"translator":[273],"source":[],"ilustrador":[],"fotografo":[],"class_list":{"0":"post-7997","1":"post","2":"type-post","3":"status-publish","4":"format-standard","5":"has-post-thumbnail","7":"category-olhonasremocoes","8":"category-denuncias","9":"category-politicas","10":"tag-blog-action-day","11":"tag-blog-action-day-2013-direitos-humanos","12":"tag-complexo-da-mare","13":"tag-direitos-humanos","14":"tag-educacao","15":"tag-favela-nao-se-cala","16":"tag-greve-dos-professores","17":"tag-horto","18":"tag-mnlm","19":"tag-protesto","20":"tag-remocao","21":"tag-rocinha","22":"writer-courtney-allen-crumpler","23":"writer-kate-steiker-ginzberg","24":"translator-roseli-franco"},"acf":[],"yoast_head":"<!-- This site is optimized with the Yoast SEO plugin v25.6 - https:\/\/yoast.com\/wordpress\/plugins\/seo\/ -->\n<title>Moradores de Favelas Declaram Apoio na Manifesta\u00e7\u00e3o do Dia dos Professores - RioOnWatch<\/title>\n<meta name=\"robots\" content=\"index, follow, max-snippet:-1, max-image-preview:large, max-video-preview:-1\" \/>\n<link rel=\"canonical\" href=\"https:\/\/rioonwatch.org.br\/?p=7997\" \/>\n<meta property=\"og:locale\" content=\"pt_BR\" \/>\n<meta property=\"og:type\" content=\"article\" \/>\n<meta property=\"og:title\" content=\"Moradores de Favelas Declaram Apoio na Manifesta\u00e7\u00e3o do Dia dos Professores - RioOnWatch\" \/>\n<meta property=\"og:description\" content=\"Essa mat\u00e9ria \u00e9 uma contribui\u00e7\u00e3o ao\u00a0Blog Action Day 2013, uma reflex\u00e3o de blogueiros de todo o mundo sobre o tema desse ano, Direitos Humanos. Nesta ter\u00e7a-feira 15 de outubro, cerca de 20 mil pessoas tomaram [...]\" \/>\n<meta property=\"og:url\" content=\"https:\/\/rioonwatch.org.br\/?p=7997\" \/>\n<meta property=\"og:site_name\" content=\"RioOnWatch\" \/>\n<meta property=\"article:published_time\" content=\"2013-10-17T03:47:05+00:00\" \/>\n<meta property=\"article:modified_time\" content=\"2015-08-14T15:55:33+00:00\" \/>\n<meta property=\"og:image\" content=\"https:\/\/rioonwatch.org.br\/wp-content\/uploads\/2013\/10\/favela-professores.jpg\" \/>\n\t<meta property=\"og:image:width\" content=\"300\" \/>\n\t<meta property=\"og:image:height\" content=\"211\" \/>\n\t<meta property=\"og:image:type\" content=\"image\/jpeg\" \/>\n<meta name=\"author\" content=\"Admin\" \/>\n<meta name=\"twitter:card\" content=\"summary_large_image\" \/>\n<meta name=\"twitter:label1\" content=\"Escrito por\" \/>\n\t<meta name=\"twitter:data1\" content=\"Admin\" \/>\n\t<meta name=\"twitter:label2\" content=\"Est. tempo de leitura\" \/>\n\t<meta name=\"twitter:data2\" content=\"4 minutos\" \/>\n<script type=\"application\/ld+json\" class=\"yoast-schema-graph\">{\"@context\":\"https:\/\/schema.org\",\"@graph\":[{\"@type\":\"Article\",\"@id\":\"https:\/\/rioonwatch.org.br\/?p=7997#article\",\"isPartOf\":{\"@id\":\"https:\/\/rioonwatch.org.br\/?p=7997\"},\"author\":{\"name\":\"Admin\",\"@id\":\"https:\/\/rioonwatch.org.br\/#\/schema\/person\/11d64c290506f9df50c71b850c473f68\"},\"headline\":\"Moradores de Favelas Declaram Apoio na Manifesta\u00e7\u00e3o do Dia dos Professores\",\"datePublished\":\"2013-10-17T03:47:05+00:00\",\"dateModified\":\"2015-08-14T15:55:33+00:00\",\"mainEntityOfPage\":{\"@id\":\"https:\/\/rioonwatch.org.br\/?p=7997\"},\"wordCount\":867,\"publisher\":{\"@id\":\"https:\/\/rioonwatch.org.br\/#organization\"},\"image\":{\"@id\":\"https:\/\/rioonwatch.org.br\/?p=7997#primaryimage\"},\"thumbnailUrl\":\"https:\/\/rioonwatch.org.br\/wp-content\/uploads\/2013\/10\/favela-professores.jpg\",\"keywords\":[\"Blog Action Day\",\"Blog Action Day 2013: Direitos Humanos\",\"Complexo da Mar\u00e9\",\"Direitos Humanos\",\"educa\u00e7\u00e3o\",\"Favela N\u00e3o se Cala\",\"greve dos professores\",\"Horto\",\"MNLM\",\"protesto\",\"Remo\u00e7\u00e3o\",\"Rocinha\"],\"articleSection\":[\"#OlhoNasRemo\u00e7\u00f5es\",\"Den\u00fancias\",\"Pol\u00edticas\"],\"inLanguage\":\"pt-BR\"},{\"@type\":\"WebPage\",\"@id\":\"https:\/\/rioonwatch.org.br\/?p=7997\",\"url\":\"https:\/\/rioonwatch.org.br\/?p=7997\",\"name\":\"Moradores de Favelas Declaram Apoio na Manifesta\u00e7\u00e3o do Dia dos Professores - RioOnWatch\",\"isPartOf\":{\"@id\":\"https:\/\/rioonwatch.org.br\/#website\"},\"primaryImageOfPage\":{\"@id\":\"https:\/\/rioonwatch.org.br\/?p=7997#primaryimage\"},\"image\":{\"@id\":\"https:\/\/rioonwatch.org.br\/?p=7997#primaryimage\"},\"thumbnailUrl\":\"https:\/\/rioonwatch.org.br\/wp-content\/uploads\/2013\/10\/favela-professores.jpg\",\"datePublished\":\"2013-10-17T03:47:05+00:00\",\"dateModified\":\"2015-08-14T15:55:33+00:00\",\"breadcrumb\":{\"@id\":\"https:\/\/rioonwatch.org.br\/?p=7997#breadcrumb\"},\"inLanguage\":\"pt-BR\",\"potentialAction\":[{\"@type\":\"ReadAction\",\"target\":[\"https:\/\/rioonwatch.org.br\/?p=7997\"]}]},{\"@type\":\"ImageObject\",\"inLanguage\":\"pt-BR\",\"@id\":\"https:\/\/rioonwatch.org.br\/?p=7997#primaryimage\",\"url\":\"https:\/\/rioonwatch.org.br\/wp-content\/uploads\/2013\/10\/favela-professores.jpg\",\"contentUrl\":\"https:\/\/rioonwatch.org.br\/wp-content\/uploads\/2013\/10\/favela-professores.jpg\",\"width\":300,\"height\":211},{\"@type\":\"BreadcrumbList\",\"@id\":\"https:\/\/rioonwatch.org.br\/?p=7997#breadcrumb\",\"itemListElement\":[{\"@type\":\"ListItem\",\"position\":1,\"name\":\"In\u00edcio\",\"item\":\"https:\/\/rioonwatch.org.br\/\"},{\"@type\":\"ListItem\",\"position\":2,\"name\":\"Moradores de Favelas Declaram Apoio na Manifesta\u00e7\u00e3o do Dia dos Professores\"}]},{\"@type\":\"WebSite\",\"@id\":\"https:\/\/rioonwatch.org.br\/#website\",\"url\":\"https:\/\/rioonwatch.org.br\/\",\"name\":\"RioOnWatch\",\"description\":\"relatos das favelas cariocas\",\"publisher\":{\"@id\":\"https:\/\/rioonwatch.org.br\/#organization\"},\"potentialAction\":[{\"@type\":\"SearchAction\",\"target\":{\"@type\":\"EntryPoint\",\"urlTemplate\":\"https:\/\/rioonwatch.org.br\/?s={search_term_string}\"},\"query-input\":{\"@type\":\"PropertyValueSpecification\",\"valueRequired\":true,\"valueName\":\"search_term_string\"}}],\"inLanguage\":\"pt-BR\"},{\"@type\":\"Organization\",\"@id\":\"https:\/\/rioonwatch.org.br\/#organization\",\"name\":\"RioOnWatch\",\"url\":\"https:\/\/rioonwatch.org.br\/\",\"logo\":{\"@type\":\"ImageObject\",\"inLanguage\":\"pt-BR\",\"@id\":\"https:\/\/rioonwatch.org.br\/#\/schema\/logo\/image\/\",\"url\":\"https:\/\/rioonwatch.org.br\/wp-content\/uploads\/2021\/06\/RioOnWatchcabecalhoPT11anos-2.png\",\"contentUrl\":\"https:\/\/rioonwatch.org.br\/wp-content\/uploads\/2021\/06\/RioOnWatchcabecalhoPT11anos-2.png\",\"width\":779,\"height\":277,\"caption\":\"RioOnWatch\"},\"image\":{\"@id\":\"https:\/\/rioonwatch.org.br\/#\/schema\/logo\/image\/\"}},{\"@type\":\"Person\",\"@id\":\"https:\/\/rioonwatch.org.br\/#\/schema\/person\/11d64c290506f9df50c71b850c473f68\",\"name\":\"Admin\",\"image\":{\"@type\":\"ImageObject\",\"inLanguage\":\"pt-BR\",\"@id\":\"https:\/\/rioonwatch.org.br\/#\/schema\/person\/image\/\",\"url\":\"https:\/\/secure.gravatar.com\/avatar\/56211ac74568383903349a1485e3c325?s=96&d=blank&r=g\",\"contentUrl\":\"https:\/\/secure.gravatar.com\/avatar\/56211ac74568383903349a1485e3c325?s=96&d=blank&r=g\",\"caption\":\"Admin\"},\"url\":\"https:\/\/rioonwatch.org.br\/?author=129\"}]}<\/script>\n<!-- \/ Yoast SEO plugin. -->","yoast_head_json":{"title":"Moradores de Favelas Declaram Apoio na Manifesta\u00e7\u00e3o do Dia dos Professores - RioOnWatch","robots":{"index":"index","follow":"follow","max-snippet":"max-snippet:-1","max-image-preview":"max-image-preview:large","max-video-preview":"max-video-preview:-1"},"canonical":"https:\/\/rioonwatch.org.br\/?p=7997","og_locale":"pt_BR","og_type":"article","og_title":"Moradores de Favelas Declaram Apoio na Manifesta\u00e7\u00e3o do Dia dos Professores - RioOnWatch","og_description":"Essa mat\u00e9ria \u00e9 uma contribui\u00e7\u00e3o ao\u00a0Blog Action Day 2013, uma reflex\u00e3o de blogueiros de todo o mundo sobre o tema desse ano, Direitos Humanos. Nesta ter\u00e7a-feira 15 de outubro, cerca de 20 mil pessoas tomaram [...]","og_url":"https:\/\/rioonwatch.org.br\/?p=7997","og_site_name":"RioOnWatch","article_published_time":"2013-10-17T03:47:05+00:00","article_modified_time":"2015-08-14T15:55:33+00:00","og_image":[{"width":300,"height":211,"url":"https:\/\/rioonwatch.org.br\/wp-content\/uploads\/2013\/10\/favela-professores.jpg","type":"image\/jpeg"}],"author":"Admin","twitter_card":"summary_large_image","twitter_misc":{"Escrito por":"Admin","Est. tempo de leitura":"4 minutos"},"schema":{"@context":"https:\/\/schema.org","@graph":[{"@type":"Article","@id":"https:\/\/rioonwatch.org.br\/?p=7997#article","isPartOf":{"@id":"https:\/\/rioonwatch.org.br\/?p=7997"},"author":{"name":"Admin","@id":"https:\/\/rioonwatch.org.br\/#\/schema\/person\/11d64c290506f9df50c71b850c473f68"},"headline":"Moradores de Favelas Declaram Apoio na Manifesta\u00e7\u00e3o do Dia dos Professores","datePublished":"2013-10-17T03:47:05+00:00","dateModified":"2015-08-14T15:55:33+00:00","mainEntityOfPage":{"@id":"https:\/\/rioonwatch.org.br\/?p=7997"},"wordCount":867,"publisher":{"@id":"https:\/\/rioonwatch.org.br\/#organization"},"image":{"@id":"https:\/\/rioonwatch.org.br\/?p=7997#primaryimage"},"thumbnailUrl":"https:\/\/rioonwatch.org.br\/wp-content\/uploads\/2013\/10\/favela-professores.jpg","keywords":["Blog Action Day","Blog Action Day 2013: Direitos Humanos","Complexo da Mar\u00e9","Direitos Humanos","educa\u00e7\u00e3o","Favela N\u00e3o se Cala","greve dos professores","Horto","MNLM","protesto","Remo\u00e7\u00e3o","Rocinha"],"articleSection":["#OlhoNasRemo\u00e7\u00f5es","Den\u00fancias","Pol\u00edticas"],"inLanguage":"pt-BR"},{"@type":"WebPage","@id":"https:\/\/rioonwatch.org.br\/?p=7997","url":"https:\/\/rioonwatch.org.br\/?p=7997","name":"Moradores de Favelas Declaram Apoio na Manifesta\u00e7\u00e3o do Dia dos Professores - RioOnWatch","isPartOf":{"@id":"https:\/\/rioonwatch.org.br\/#website"},"primaryImageOfPage":{"@id":"https:\/\/rioonwatch.org.br\/?p=7997#primaryimage"},"image":{"@id":"https:\/\/rioonwatch.org.br\/?p=7997#primaryimage"},"thumbnailUrl":"https:\/\/rioonwatch.org.br\/wp-content\/uploads\/2013\/10\/favela-professores.jpg","datePublished":"2013-10-17T03:47:05+00:00","dateModified":"2015-08-14T15:55:33+00:00","breadcrumb":{"@id":"https:\/\/rioonwatch.org.br\/?p=7997#breadcrumb"},"inLanguage":"pt-BR","potentialAction":[{"@type":"ReadAction","target":["https:\/\/rioonwatch.org.br\/?p=7997"]}]},{"@type":"ImageObject","inLanguage":"pt-BR","@id":"https:\/\/rioonwatch.org.br\/?p=7997#primaryimage","url":"https:\/\/rioonwatch.org.br\/wp-content\/uploads\/2013\/10\/favela-professores.jpg","contentUrl":"https:\/\/rioonwatch.org.br\/wp-content\/uploads\/2013\/10\/favela-professores.jpg","width":300,"height":211},{"@type":"BreadcrumbList","@id":"https:\/\/rioonwatch.org.br\/?p=7997#breadcrumb","itemListElement":[{"@type":"ListItem","position":1,"name":"In\u00edcio","item":"https:\/\/rioonwatch.org.br\/"},{"@type":"ListItem","position":2,"name":"Moradores de Favelas Declaram Apoio na Manifesta\u00e7\u00e3o do Dia dos Professores"}]},{"@type":"WebSite","@id":"https:\/\/rioonwatch.org.br\/#website","url":"https:\/\/rioonwatch.org.br\/","name":"RioOnWatch","description":"relatos das favelas cariocas","publisher":{"@id":"https:\/\/rioonwatch.org.br\/#organization"},"potentialAction":[{"@type":"SearchAction","target":{"@type":"EntryPoint","urlTemplate":"https:\/\/rioonwatch.org.br\/?s={search_term_string}"},"query-input":{"@type":"PropertyValueSpecification","valueRequired":true,"valueName":"search_term_string"}}],"inLanguage":"pt-BR"},{"@type":"Organization","@id":"https:\/\/rioonwatch.org.br\/#organization","name":"RioOnWatch","url":"https:\/\/rioonwatch.org.br\/","logo":{"@type":"ImageObject","inLanguage":"pt-BR","@id":"https:\/\/rioonwatch.org.br\/#\/schema\/logo\/image\/","url":"https:\/\/rioonwatch.org.br\/wp-content\/uploads\/2021\/06\/RioOnWatchcabecalhoPT11anos-2.png","contentUrl":"https:\/\/rioonwatch.org.br\/wp-content\/uploads\/2021\/06\/RioOnWatchcabecalhoPT11anos-2.png","width":779,"height":277,"caption":"RioOnWatch"},"image":{"@id":"https:\/\/rioonwatch.org.br\/#\/schema\/logo\/image\/"}},{"@type":"Person","@id":"https:\/\/rioonwatch.org.br\/#\/schema\/person\/11d64c290506f9df50c71b850c473f68","name":"Admin","image":{"@type":"ImageObject","inLanguage":"pt-BR","@id":"https:\/\/rioonwatch.org.br\/#\/schema\/person\/image\/","url":"https:\/\/secure.gravatar.com\/avatar\/56211ac74568383903349a1485e3c325?s=96&d=blank&r=g","contentUrl":"https:\/\/secure.gravatar.com\/avatar\/56211ac74568383903349a1485e3c325?s=96&d=blank&r=g","caption":"Admin"},"url":"https:\/\/rioonwatch.org.br\/?author=129"}]}},"_links":{"self":[{"href":"https:\/\/rioonwatch.org.br\/index.php?rest_route=\/wp\/v2\/posts\/7997"}],"collection":[{"href":"https:\/\/rioonwatch.org.br\/index.php?rest_route=\/wp\/v2\/posts"}],"about":[{"href":"https:\/\/rioonwatch.org.br\/index.php?rest_route=\/wp\/v2\/types\/post"}],"author":[{"embeddable":true,"href":"https:\/\/rioonwatch.org.br\/index.php?rest_route=\/wp\/v2\/users\/129"}],"replies":[{"embeddable":true,"href":"https:\/\/rioonwatch.org.br\/index.php?rest_route=%2Fwp%2Fv2%2Fcomments&post=7997"}],"version-history":[{"count":65,"href":"https:\/\/rioonwatch.org.br\/index.php?rest_route=\/wp\/v2\/posts\/7997\/revisions"}],"predecessor-version":[{"id":15587,"href":"https:\/\/rioonwatch.org.br\/index.php?rest_route=\/wp\/v2\/posts\/7997\/revisions\/15587"}],"wp:featuredmedia":[{"embeddable":true,"href":"https:\/\/rioonwatch.org.br\/index.php?rest_route=\/wp\/v2\/media\/8016"}],"wp:attachment":[{"href":"https:\/\/rioonwatch.org.br\/index.php?rest_route=%2Fwp%2Fv2%2Fmedia&parent=7997"}],"wp:term":[{"taxonomy":"category","embeddable":true,"href":"https:\/\/rioonwatch.org.br\/index.php?rest_route=%2Fwp%2Fv2%2Fcategories&post=7997"},{"taxonomy":"post_tag","embeddable":true,"href":"https:\/\/rioonwatch.org.br\/index.php?rest_route=%2Fwp%2Fv2%2Ftags&post=7997"},{"taxonomy":"writer","embeddable":true,"href":"https:\/\/rioonwatch.org.br\/index.php?rest_route=%2Fwp%2Fv2%2Fwriter&post=7997"},{"taxonomy":"translator","embeddable":true,"href":"https:\/\/rioonwatch.org.br\/index.php?rest_route=%2Fwp%2Fv2%2Ftranslator&post=7997"},{"taxonomy":"source","embeddable":true,"href":"https:\/\/rioonwatch.org.br\/index.php?rest_route=%2Fwp%2Fv2%2Fsource&post=7997"},{"taxonomy":"ilustrador","embeddable":true,"href":"https:\/\/rioonwatch.org.br\/index.php?rest_route=%2Fwp%2Fv2%2Filustrador&post=7997"},{"taxonomy":"fotografo","embeddable":true,"href":"https:\/\/rioonwatch.org.br\/index.php?rest_route=%2Fwp%2Fv2%2Ffotografo&post=7997"}],"curies":[{"name":"wp","href":"https:\/\/api.w.org\/{rel}","templated":true}]}}