{"id":80003,"date":"2025-11-10T15:37:17","date_gmt":"2025-11-10T18:37:17","guid":{"rendered":"https:\/\/rioonwatch.org.br\/?p=80003"},"modified":"2025-12-03T14:31:02","modified_gmt":"2025-12-03T17:31:02","slug":"nao-existe-normalidade-depois-de-um-massacre-moradores-dos-complexos-do-alemao-e-da-penha-falam-uma-semana-apos-megaoperacao-policial-com-121-mortos","status":"publish","type":"post","link":"https:\/\/rioonwatch.org.br\/?p=80003","title":{"rendered":"\u2018N\u00e3o Existe Normalidade Depois de um Massacre\u2019, Moradores dos Complexos do Alem\u00e3o e da Penha Falam uma Semana Ap\u00f3s Megaopera\u00e7\u00e3o Policial com 121 Mortos"},"content":{"rendered":"<figure id=\"attachment_80006\" aria-describedby=\"caption-attachment-80006\" style=\"width: 2560px\" class=\"wp-caption aligncenter\"><a href=\"https:\/\/rioonwatch.org.br\/wp-content\/uploads\/2025\/11\/A-barbarie-da-megaoperacao-do-dia-28-repercutiu-no-Brasil-e-no-mundo-mobilizando-manifestacoes-contra-o-terrorismo-de-Estado-em-cidades-como-Sao-Paulo-e-Brasilia.-Foto-Valter-CampanatoAgencia-Brasil-scaled.jpg\"><img fetchpriority=\"high\" decoding=\"async\" class=\"wp-image-80006 size-full\" title=\"A b\u00e1rbarie da megaopera\u00e7\u00e3o do dia 28 repercutiu no Brasil e no mundo, mobilizando manifesta\u00e7\u00f5es contra o terrorismo de Estado em cidades como S\u00e3o Paulo e Bras\u00edlia. Foto: Valter Campanato\/Ag\u00eancia Brasil\" src=\"https:\/\/rioonwatch.org.br\/wp-content\/uploads\/2025\/11\/A-barbarie-da-megaoperacao-do-dia-28-repercutiu-no-Brasil-e-no-mundo-mobilizando-manifestacoes-contra-o-terrorismo-de-Estado-em-cidades-como-Sao-Paulo-e-Brasilia.-Foto-Valter-CampanatoAgencia-Brasil-scaled.jpg\" alt=\"A b\u00e1rbarie da megaopera\u00e7\u00e3o do dia 28 repercutiu no Brasil e no mundo, mobilizando manifesta\u00e7\u00f5es contra o terrorismo de Estado em cidades como S\u00e3o Paulo e Bras\u00edlia. Foto: Valter Campanato\/Ag\u00eancia Brasil\" width=\"2560\" height=\"1707\" srcset=\"https:\/\/rioonwatch.org.br\/wp-content\/uploads\/2025\/11\/A-barbarie-da-megaoperacao-do-dia-28-repercutiu-no-Brasil-e-no-mundo-mobilizando-manifestacoes-contra-o-terrorismo-de-Estado-em-cidades-como-Sao-Paulo-e-Brasilia.-Foto-Valter-CampanatoAgencia-Brasil-scaled.jpg 2560w, https:\/\/rioonwatch.org.br\/wp-content\/uploads\/2025\/11\/A-barbarie-da-megaoperacao-do-dia-28-repercutiu-no-Brasil-e-no-mundo-mobilizando-manifestacoes-contra-o-terrorismo-de-Estado-em-cidades-como-Sao-Paulo-e-Brasilia.-Foto-Valter-CampanatoAgencia-Brasil-620x413.jpg 620w, https:\/\/rioonwatch.org.br\/wp-content\/uploads\/2025\/11\/A-barbarie-da-megaoperacao-do-dia-28-repercutiu-no-Brasil-e-no-mundo-mobilizando-manifestacoes-contra-o-terrorismo-de-Estado-em-cidades-como-Sao-Paulo-e-Brasilia.-Foto-Valter-CampanatoAgencia-Brasil-768x512.jpg 768w, https:\/\/rioonwatch.org.br\/wp-content\/uploads\/2025\/11\/A-barbarie-da-megaoperacao-do-dia-28-repercutiu-no-Brasil-e-no-mundo-mobilizando-manifestacoes-contra-o-terrorismo-de-Estado-em-cidades-como-Sao-Paulo-e-Brasilia.-Foto-Valter-CampanatoAgencia-Brasil-1536x1024.jpg 1536w, https:\/\/rioonwatch.org.br\/wp-content\/uploads\/2025\/11\/A-barbarie-da-megaoperacao-do-dia-28-repercutiu-no-Brasil-e-no-mundo-mobilizando-manifestacoes-contra-o-terrorismo-de-Estado-em-cidades-como-Sao-Paulo-e-Brasilia.-Foto-Valter-CampanatoAgencia-Brasil-2048x1365.jpg 2048w\" sizes=\"(max-width: 2560px) 100vw, 2560px\" \/><\/a><figcaption id=\"caption-attachment-80006\" class=\"wp-caption-text\">A b\u00e1rbarie da megaopera\u00e7\u00e3o do dia 28 repercutiu no Brasil e no mundo, mobilizando manifesta\u00e7\u00f5es contra o terrorismo de Estado em cidades como S\u00e3o Paulo e Bras\u00edlia. Foto: Valter Campanato\/Ag\u00eancia Brasil<\/figcaption><\/figure>\n<p style=\"text-align: right;\"><a href=\"https:\/\/bit.ly\/48oO8kx\" target=\"_blank\" rel=\"noopener\"><em><strong>Click Here for English<\/strong><\/em><img decoding=\"async\" class=\"alignright wp-image-15790\" src=\"https:\/\/rioonwatch.org.br\/wp-content\/uploads\/2012\/08\/EN-standard-e1439583104716.jpg\" alt=\"\" width=\"20\" height=\"20\" \/><\/a><\/p>\n<p><span style=\"font-weight: 400;\">Na madrugada de 28 de outubro, 2.500 policiais civis e militares entraram nos <a href=\"https:\/\/bit.ly\/34wHkR4\" target=\"_blank\" rel=\"noopener\">Complexos da Penha<\/a> e <a href=\"https:\/\/bit.ly\/3jE6K3o\" target=\"_blank\" rel=\"noopener\">do Alem\u00e3o<\/a> para uma megaopera\u00e7\u00e3o que se tornou <a href=\"https:\/\/bit.ly\/4hFlij6\" target=\"_blank\" rel=\"noopener\">a mais letal da hist\u00f3ria do Rio de Janeiro e do Brasil<\/a>. No dia seguinte, as for\u00e7as de seguran\u00e7a sa\u00edram destas favelas, deixando um rastro de, pelo menos,\u00a0<a href=\"https:\/\/bit.ly\/4oEC4AR\" target=\"_blank\" rel=\"noopener\">121 mortos<\/a>. Contudo, a sensa\u00e7\u00e3o compartilhada nessas longas horas permanecem na regi\u00e3o. Andando pelas ruas dos dois complexos de favelas, ainda h\u00e1 uma tens\u00e3o no ar.<\/span><\/p>\n<p><span style=\"font-weight: 400;\">\u00c9 o que relata <a href=\"https:\/\/bit.ly\/44n6JLQ\" target=\"_blank\" rel=\"noopener\">Raull Santiago<\/a>, do <a href=\"https:\/\/bit.ly\/48znfL7\" target=\"_blank\" rel=\"noopener\">Instituto Papo Reto<\/a>.<\/span><\/p>\n<blockquote><p><span style=\"font-weight: 400;\">&#8220;O clima \u00e9 de dor profunda e sil\u00eancio pesado. Tem tristeza, tem revolta e tem uma sensa\u00e7\u00e3o muito clara de injusti\u00e7a. A favela est\u00e1 vivendo o luto coletivo, mas tamb\u00e9m est\u00e1 vivendo aquilo que sempre vive: a necessidade de seguir, mesmo ferida, porque o cotidiano n\u00e3o espera. No fundo, o sentimento \u00e9 que a vida aqui nunca \u00e9 tratada como vida e isso d\u00f3i mais do que tudo.&#8221; \u2014 Raull Santiago<\/span><\/p><\/blockquote>\n<p><span style=\"box-sizing: border-box; margin: 0px; padding: 0px;\">De acordo com moradores como Fabr\u00edcio Motta, que mora e trabalha no Complexo do Alem\u00e3o, quando acabou o barulho dos helic\u00f3pteros e dos blindados, o <a href=\"https:\/\/bit.ly\/3MqiYuU\" target=\"_blank\" rel=\"noopener\">sil\u00eancio do Estado<\/a> era o que ecoava.\u00a0<\/span><\/p>\n<blockquote><p><span style=\"box-sizing: border-box; margin: 0px; padding: 0px;\">&#8220;N\u00e3o vimos nenhum\u00a0<a href=\"https:\/\/bit.ly\/2RD87DS\" target=\"_blank\" rel=\"noopener\">servi\u00e7o p\u00fablico<\/a> chegar depois da semana passada. \u00c9 a <a href=\"https:\/\/bit.ly\/3wrGTma\" target=\"_blank\" rel=\"noopener\">favela de novo reconstruindo<\/a> o que o Estado destruiu.&#8221; <span style=\"font-weight: 400;\">\u2014<\/span> Fabr\u00edcio Motta, morador do Complexo do Alem\u00e3o<\/span><\/p><\/blockquote>\n<p><span style=\"font-weight: 400;\">O com\u00e9rcio, as escolas, as unidades de sa\u00fade e os <a href=\"https:\/\/bit.ly\/318rjxN\" target=\"_blank\" rel=\"noopener\">transportes<\/a> voltaram a funcionar nos dois complexos de favelas. No entanto, n\u00e3o se fala em &#8220;vida normalizada&#8221;.\u00a0<\/span><\/p>\n<blockquote><p><span style=\"font-weight: 400;\">&#8220;N\u00e3o existe normalidade depois de um massacre. As ruas funcionam, mas o peito do povo est\u00e1 pesado. A cidade volta, mas a favela segue com o corpo e a alma marcados.&#8221; \u2014 Raull Santiago\u00a0<\/span><\/p><\/blockquote>\n<p>Na mesma linha, Beatriz Costa, moradora do Complexo da Penha, nada pode estar bem depois de 121 pessoas serem assassinadas nas ruas e nas matas do seu bairro.<\/p>\n<blockquote><p><span style=\"font-weight: 400;\">&#8220;A gente volta a fazer a trabalhar, levar os filhos na escola porque n\u00e3o tem outro jeito. S\u00f3 que n\u00e3o est\u00e1 tudo bem n\u00e3o!&#8221; \u2014 Beatriz Costa<\/span><\/p><\/blockquote>\n<p><span style=\"font-weight: 400;\">Em meio a esse cen\u00e1rio de luto, medo, indigna\u00e7\u00e3o e desamparo, o apoio vem da\u00a0<a href=\"https:\/\/bit.ly\/2VN4Ft6\" target=\"_blank\" rel=\"noopener\">pr\u00f3pria favela<\/a>, de organiza\u00e7\u00f5es sociais e de <a href=\"https:\/\/bit.ly\/42IKq2e\" target=\"_blank\" rel=\"noopener\">movimentos sociais<\/a>.<\/span><\/p>\n<blockquote><p><span style=\"font-weight: 400;\"> &#8220;O Estado chega pra matar, mas n\u00e3o chega pra cuidar, investigar, reparar ou amparar. Isso precisa ser dito: quem sofre viol\u00eancia estatal ainda precisa implorar por aten\u00e7\u00e3o depois&#8230; [mas] e<\/span>u acredito [na mudan\u00e7a] porque eu trabalho para isso. Porque a favela nunca desistiu do Brasil, mesmo quando o Brasil desiste da favela. Mas a mudan\u00e7a n\u00e3o vai vir sozinha. Ela vem com press\u00e3o, com pol\u00edtica p\u00fablica s\u00e9ria, com respeito \u00e0 vida, com estudo, com tecnologia, com emprego, com oportunidade, com escuta da favela e com coragem de romper com o modelo de guerra. Seguran\u00e7a n\u00e3o \u00e9 blindado, \u00e9 futuro. E favela tem futuro pra entregar, se deixarem a gente viver.&#8221; \u2014 Raull Santiago<\/p><\/blockquote>\n<p><em><span style=\"font-weight: 400;\">Sobre o autor: <a href=\"https:\/\/bit.ly\/44ASZh7\" target=\"_blank\" rel=\"noopener\">Felipe Lucena<\/a> \u00e9 jornalista, cronista e roteirista. Filho de nordestinos e cria de Curicica, atualmente, \u00e9 rep\u00f3rter especial do Di\u00e1rio do Rio, al\u00e9m de colaborar para outros ve\u00edculos de imprensa.<\/span><\/em><\/p>\n<hr \/>\n<h4><b data-stringify-type=\"bold\">Apoie nossos esfor\u00e7os para fornecer apoio estrat\u00e9gico \u00e0s favelas do Rio, incluindo o jornalismo hiperlocal, cr\u00edtico, inovador e incans\u00e1vel do\u00a0<\/b><b data-stringify-type=\"bold\"><i data-stringify-type=\"italic\">RioOnWatch<\/i><\/b>\u2014<a class=\"c-link\" href=\"http:\/\/www.bit.ly\/ApoieROW\" target=\"_blank\" rel=\"noopener noreferrer\" data-stringify-link=\"http:\/\/www.bit.ly\/ApoieROW\" data-sk=\"tooltip_parent\">doe aqui<\/a>.<\/h4>\n<!-- AddThis Advanced Settings generic via filter on the_content --><!-- AddThis Share Buttons generic via filter on the_content -->","protected":false},"excerpt":{"rendered":"<div class=\"mh-excerpt\"><p>Click Here for English Na madrugada de 28 de outubro, 2.500 policiais civis e militares entraram nos Complexos da Penha e do Alem\u00e3o para uma megaopera\u00e7\u00e3o que se tornou a mais letal da hist\u00f3ria do <a class=\"mh-excerpt-more\" href=\"https:\/\/rioonwatch.org.br\/?p=80003\" title=\"\u2018N\u00e3o Existe Normalidade Depois de um Massacre\u2019, Moradores dos Complexos do Alem\u00e3o e da Penha Falam uma Semana Ap\u00f3s Megaopera\u00e7\u00e3o Policial com 121 Mortos\">[&#8230;]<\/a><!-- AddThis Advanced Settings generic via filter on get_the_excerpt --><!-- AddThis Share Buttons generic via filter on get_the_excerpt --><\/p>\n<\/div>","protected":false},"author":192,"featured_media":80006,"comment_status":"closed","ping_status":"closed","sticky":false,"template":"template-full.php","format":"standard","meta":{"_acf_changed":false,"_monsterinsights_skip_tracking":false,"_monsterinsights_sitenote_active":false,"_monsterinsights_sitenote_note":"","_monsterinsights_sitenote_category":0,"footnotes":""},"categories":[346,344,1620],"tags":[787,2717,217,88,3594,417,1830,672,499,30,920,52,218],"writer":[3608],"translator":[],"source":[],"ilustrador":[],"fotografo":[],"class_list":{"0":"post-80003","1":"post","2":"type-post","3":"status-publish","4":"format-standard","5":"has-post-thumbnail","7":"category-denuncias","8":"category-politicas","9":"category-olhonaupp","10":"tag-chacina","11":"tag-complexo-da-penha","12":"tag-complexo-do-alemao","13":"tag-direitos-humanos","14":"tag-massacre","15":"tag-negligencia-do-estado","16":"tag-nos-por-nos","17":"tag-seguranca-publica","18":"tag-terror-psicologico","19":"tag-violencia","20":"tag-violencia-de-estado","21":"tag-violencia-policial","22":"tag-zona-norte","23":"writer-felipe-lucena"},"acf":[],"yoast_head":"<!-- This site is optimized with the Yoast SEO plugin v25.6 - https:\/\/yoast.com\/wordpress\/plugins\/seo\/ -->\n<title>\u2018N\u00e3o Existe Normalidade Depois de um Massacre\u2019, Moradores dos Complexos do Alem\u00e3o e da Penha Falam uma Semana Ap\u00f3s Megaopera\u00e7\u00e3o Policial com 121 Mortos - RioOnWatch<\/title>\n<meta name=\"robots\" content=\"index, follow, max-snippet:-1, max-image-preview:large, max-video-preview:-1\" \/>\n<link rel=\"canonical\" href=\"https:\/\/rioonwatch.org.br\/?p=80003\" \/>\n<meta property=\"og:locale\" content=\"pt_BR\" \/>\n<meta property=\"og:type\" content=\"article\" \/>\n<meta property=\"og:title\" content=\"\u2018N\u00e3o Existe Normalidade Depois de um Massacre\u2019, Moradores dos Complexos do Alem\u00e3o e da Penha Falam uma Semana Ap\u00f3s Megaopera\u00e7\u00e3o Policial com 121 Mortos - RioOnWatch\" \/>\n<meta property=\"og:description\" content=\"Click Here for English Na madrugada de 28 de outubro, 2.500 policiais civis e militares entraram nos Complexos da Penha e do Alem\u00e3o para uma megaopera\u00e7\u00e3o que se tornou a mais letal da hist\u00f3ria do [...]\" \/>\n<meta property=\"og:url\" content=\"https:\/\/rioonwatch.org.br\/?p=80003\" \/>\n<meta property=\"og:site_name\" content=\"RioOnWatch\" \/>\n<meta property=\"article:published_time\" content=\"2025-11-10T18:37:17+00:00\" \/>\n<meta property=\"article:modified_time\" content=\"2025-12-03T17:31:02+00:00\" \/>\n<meta property=\"og:image\" content=\"https:\/\/rioonwatch.org.br\/wp-content\/uploads\/2025\/11\/A-barbarie-da-megaoperacao-do-dia-28-repercutiu-no-Brasil-e-no-mundo-mobilizando-manifestacoes-contra-o-terrorismo-de-Estado-em-cidades-como-Sao-Paulo-e-Brasilia.-Foto-Valter-CampanatoAgencia-Brasil-scaled.jpg\" \/>\n\t<meta property=\"og:image:width\" content=\"2560\" \/>\n\t<meta property=\"og:image:height\" content=\"1707\" \/>\n\t<meta property=\"og:image:type\" content=\"image\/jpeg\" \/>\n<meta name=\"author\" content=\"Beatriz Miranda\" \/>\n<meta name=\"twitter:card\" content=\"summary_large_image\" \/>\n<meta name=\"twitter:label1\" content=\"Escrito por\" \/>\n\t<meta name=\"twitter:data1\" content=\"Beatriz Miranda\" \/>\n\t<meta name=\"twitter:label2\" content=\"Est. tempo de leitura\" \/>\n\t<meta name=\"twitter:data2\" content=\"3 minutos\" \/>\n<script type=\"application\/ld+json\" class=\"yoast-schema-graph\">{\"@context\":\"https:\/\/schema.org\",\"@graph\":[{\"@type\":\"Article\",\"@id\":\"https:\/\/rioonwatch.org.br\/?p=80003#article\",\"isPartOf\":{\"@id\":\"https:\/\/rioonwatch.org.br\/?p=80003\"},\"author\":{\"name\":\"Beatriz Miranda\",\"@id\":\"https:\/\/rioonwatch.org.br\/#\/schema\/person\/1150bfc199e76e22909b454a0c139c4b\"},\"headline\":\"\u2018N\u00e3o Existe Normalidade Depois de um Massacre\u2019, Moradores dos Complexos do Alem\u00e3o e da Penha Falam uma Semana Ap\u00f3s Megaopera\u00e7\u00e3o Policial com 121 Mortos\",\"datePublished\":\"2025-11-10T18:37:17+00:00\",\"dateModified\":\"2025-12-03T17:31:02+00:00\",\"mainEntityOfPage\":{\"@id\":\"https:\/\/rioonwatch.org.br\/?p=80003\"},\"wordCount\":641,\"publisher\":{\"@id\":\"https:\/\/rioonwatch.org.br\/#organization\"},\"image\":{\"@id\":\"https:\/\/rioonwatch.org.br\/?p=80003#primaryimage\"},\"thumbnailUrl\":\"https:\/\/rioonwatch.org.br\/wp-content\/uploads\/2025\/11\/A-barbarie-da-megaoperacao-do-dia-28-repercutiu-no-Brasil-e-no-mundo-mobilizando-manifestacoes-contra-o-terrorismo-de-Estado-em-cidades-como-Sao-Paulo-e-Brasilia.-Foto-Valter-CampanatoAgencia-Brasil-scaled.jpg\",\"keywords\":[\"chacina\",\"Complexo da Penha\",\"Complexo do Alem\u00e3o\",\"Direitos Humanos\",\"massacre\",\"Neglig\u00eancia do Estado\",\"N\u00f3s por N\u00f3s\",\"seguran\u00e7a p\u00fablica\",\"terror psicol\u00f3gico\",\"viol\u00eancia\",\"viol\u00eancia de Estado\",\"viol\u00eancia policial\",\"Zona Norte\"],\"articleSection\":[\"Den\u00fancias\",\"Pol\u00edticas\",\"Seguran\u00e7a P\u00fablica\"],\"inLanguage\":\"pt-BR\"},{\"@type\":\"WebPage\",\"@id\":\"https:\/\/rioonwatch.org.br\/?p=80003\",\"url\":\"https:\/\/rioonwatch.org.br\/?p=80003\",\"name\":\"\u2018N\u00e3o Existe Normalidade Depois de um Massacre\u2019, Moradores dos Complexos do Alem\u00e3o e da Penha Falam uma Semana Ap\u00f3s Megaopera\u00e7\u00e3o Policial com 121 Mortos - RioOnWatch\",\"isPartOf\":{\"@id\":\"https:\/\/rioonwatch.org.br\/#website\"},\"primaryImageOfPage\":{\"@id\":\"https:\/\/rioonwatch.org.br\/?p=80003#primaryimage\"},\"image\":{\"@id\":\"https:\/\/rioonwatch.org.br\/?p=80003#primaryimage\"},\"thumbnailUrl\":\"https:\/\/rioonwatch.org.br\/wp-content\/uploads\/2025\/11\/A-barbarie-da-megaoperacao-do-dia-28-repercutiu-no-Brasil-e-no-mundo-mobilizando-manifestacoes-contra-o-terrorismo-de-Estado-em-cidades-como-Sao-Paulo-e-Brasilia.-Foto-Valter-CampanatoAgencia-Brasil-scaled.jpg\",\"datePublished\":\"2025-11-10T18:37:17+00:00\",\"dateModified\":\"2025-12-03T17:31:02+00:00\",\"breadcrumb\":{\"@id\":\"https:\/\/rioonwatch.org.br\/?p=80003#breadcrumb\"},\"inLanguage\":\"pt-BR\",\"potentialAction\":[{\"@type\":\"ReadAction\",\"target\":[\"https:\/\/rioonwatch.org.br\/?p=80003\"]}]},{\"@type\":\"ImageObject\",\"inLanguage\":\"pt-BR\",\"@id\":\"https:\/\/rioonwatch.org.br\/?p=80003#primaryimage\",\"url\":\"https:\/\/rioonwatch.org.br\/wp-content\/uploads\/2025\/11\/A-barbarie-da-megaoperacao-do-dia-28-repercutiu-no-Brasil-e-no-mundo-mobilizando-manifestacoes-contra-o-terrorismo-de-Estado-em-cidades-como-Sao-Paulo-e-Brasilia.-Foto-Valter-CampanatoAgencia-Brasil-scaled.jpg\",\"contentUrl\":\"https:\/\/rioonwatch.org.br\/wp-content\/uploads\/2025\/11\/A-barbarie-da-megaoperacao-do-dia-28-repercutiu-no-Brasil-e-no-mundo-mobilizando-manifestacoes-contra-o-terrorismo-de-Estado-em-cidades-como-Sao-Paulo-e-Brasilia.-Foto-Valter-CampanatoAgencia-Brasil-scaled.jpg\",\"width\":2560,\"height\":1707,\"caption\":\"Bras\u00edlia (DF), 31\/10\/2025 - Pessoas durante manifesta\u00e7\u00e3o contra a opera\u00e7\u00e3o policial Conten\u00e7\u00e3o no Rio de Janeiro. Foto: Valter Campanato\/Ag\u00eancia Brasil\"},{\"@type\":\"BreadcrumbList\",\"@id\":\"https:\/\/rioonwatch.org.br\/?p=80003#breadcrumb\",\"itemListElement\":[{\"@type\":\"ListItem\",\"position\":1,\"name\":\"In\u00edcio\",\"item\":\"https:\/\/rioonwatch.org.br\/\"},{\"@type\":\"ListItem\",\"position\":2,\"name\":\"\u2018N\u00e3o Existe Normalidade Depois de um Massacre\u2019, Moradores dos Complexos do Alem\u00e3o e da Penha Falam uma Semana Ap\u00f3s Megaopera\u00e7\u00e3o Policial com 121 Mortos\"}]},{\"@type\":\"WebSite\",\"@id\":\"https:\/\/rioonwatch.org.br\/#website\",\"url\":\"https:\/\/rioonwatch.org.br\/\",\"name\":\"RioOnWatch\",\"description\":\"relatos das favelas cariocas\",\"publisher\":{\"@id\":\"https:\/\/rioonwatch.org.br\/#organization\"},\"potentialAction\":[{\"@type\":\"SearchAction\",\"target\":{\"@type\":\"EntryPoint\",\"urlTemplate\":\"https:\/\/rioonwatch.org.br\/?s={search_term_string}\"},\"query-input\":{\"@type\":\"PropertyValueSpecification\",\"valueRequired\":true,\"valueName\":\"search_term_string\"}}],\"inLanguage\":\"pt-BR\"},{\"@type\":\"Organization\",\"@id\":\"https:\/\/rioonwatch.org.br\/#organization\",\"name\":\"RioOnWatch\",\"url\":\"https:\/\/rioonwatch.org.br\/\",\"logo\":{\"@type\":\"ImageObject\",\"inLanguage\":\"pt-BR\",\"@id\":\"https:\/\/rioonwatch.org.br\/#\/schema\/logo\/image\/\",\"url\":\"https:\/\/rioonwatch.org.br\/wp-content\/uploads\/2021\/06\/RioOnWatchcabecalhoPT11anos-2.png\",\"contentUrl\":\"https:\/\/rioonwatch.org.br\/wp-content\/uploads\/2021\/06\/RioOnWatchcabecalhoPT11anos-2.png\",\"width\":779,\"height\":277,\"caption\":\"RioOnWatch\"},\"image\":{\"@id\":\"https:\/\/rioonwatch.org.br\/#\/schema\/logo\/image\/\"}},{\"@type\":\"Person\",\"@id\":\"https:\/\/rioonwatch.org.br\/#\/schema\/person\/1150bfc199e76e22909b454a0c139c4b\",\"name\":\"Beatriz Miranda\",\"image\":{\"@type\":\"ImageObject\",\"inLanguage\":\"pt-BR\",\"@id\":\"https:\/\/rioonwatch.org.br\/#\/schema\/person\/image\/\",\"url\":\"https:\/\/secure.gravatar.com\/avatar\/41a514d4cb8be1f42ceaebd1038a447b?s=96&d=blank&r=g\",\"contentUrl\":\"https:\/\/secure.gravatar.com\/avatar\/41a514d4cb8be1f42ceaebd1038a447b?s=96&d=blank&r=g\",\"caption\":\"Beatriz Miranda\"},\"url\":\"https:\/\/rioonwatch.org.br\/?author=192\"}]}<\/script>\n<!-- \/ Yoast SEO plugin. -->","yoast_head_json":{"title":"\u2018N\u00e3o Existe Normalidade Depois de um Massacre\u2019, Moradores dos Complexos do Alem\u00e3o e da Penha Falam uma Semana Ap\u00f3s Megaopera\u00e7\u00e3o Policial com 121 Mortos - RioOnWatch","robots":{"index":"index","follow":"follow","max-snippet":"max-snippet:-1","max-image-preview":"max-image-preview:large","max-video-preview":"max-video-preview:-1"},"canonical":"https:\/\/rioonwatch.org.br\/?p=80003","og_locale":"pt_BR","og_type":"article","og_title":"\u2018N\u00e3o Existe Normalidade Depois de um Massacre\u2019, Moradores dos Complexos do Alem\u00e3o e da Penha Falam uma Semana Ap\u00f3s Megaopera\u00e7\u00e3o Policial com 121 Mortos - RioOnWatch","og_description":"Click Here for English Na madrugada de 28 de outubro, 2.500 policiais civis e militares entraram nos Complexos da Penha e do Alem\u00e3o para uma megaopera\u00e7\u00e3o que se tornou a mais letal da hist\u00f3ria do [...]","og_url":"https:\/\/rioonwatch.org.br\/?p=80003","og_site_name":"RioOnWatch","article_published_time":"2025-11-10T18:37:17+00:00","article_modified_time":"2025-12-03T17:31:02+00:00","og_image":[{"width":2560,"height":1707,"url":"https:\/\/rioonwatch.org.br\/wp-content\/uploads\/2025\/11\/A-barbarie-da-megaoperacao-do-dia-28-repercutiu-no-Brasil-e-no-mundo-mobilizando-manifestacoes-contra-o-terrorismo-de-Estado-em-cidades-como-Sao-Paulo-e-Brasilia.-Foto-Valter-CampanatoAgencia-Brasil-scaled.jpg","type":"image\/jpeg"}],"author":"Beatriz Miranda","twitter_card":"summary_large_image","twitter_misc":{"Escrito por":"Beatriz Miranda","Est. tempo de leitura":"3 minutos"},"schema":{"@context":"https:\/\/schema.org","@graph":[{"@type":"Article","@id":"https:\/\/rioonwatch.org.br\/?p=80003#article","isPartOf":{"@id":"https:\/\/rioonwatch.org.br\/?p=80003"},"author":{"name":"Beatriz Miranda","@id":"https:\/\/rioonwatch.org.br\/#\/schema\/person\/1150bfc199e76e22909b454a0c139c4b"},"headline":"\u2018N\u00e3o Existe Normalidade Depois de um Massacre\u2019, Moradores dos Complexos do Alem\u00e3o e da Penha Falam uma Semana Ap\u00f3s Megaopera\u00e7\u00e3o Policial com 121 Mortos","datePublished":"2025-11-10T18:37:17+00:00","dateModified":"2025-12-03T17:31:02+00:00","mainEntityOfPage":{"@id":"https:\/\/rioonwatch.org.br\/?p=80003"},"wordCount":641,"publisher":{"@id":"https:\/\/rioonwatch.org.br\/#organization"},"image":{"@id":"https:\/\/rioonwatch.org.br\/?p=80003#primaryimage"},"thumbnailUrl":"https:\/\/rioonwatch.org.br\/wp-content\/uploads\/2025\/11\/A-barbarie-da-megaoperacao-do-dia-28-repercutiu-no-Brasil-e-no-mundo-mobilizando-manifestacoes-contra-o-terrorismo-de-Estado-em-cidades-como-Sao-Paulo-e-Brasilia.-Foto-Valter-CampanatoAgencia-Brasil-scaled.jpg","keywords":["chacina","Complexo da Penha","Complexo do Alem\u00e3o","Direitos Humanos","massacre","Neglig\u00eancia do Estado","N\u00f3s por N\u00f3s","seguran\u00e7a p\u00fablica","terror psicol\u00f3gico","viol\u00eancia","viol\u00eancia de Estado","viol\u00eancia policial","Zona Norte"],"articleSection":["Den\u00fancias","Pol\u00edticas","Seguran\u00e7a P\u00fablica"],"inLanguage":"pt-BR"},{"@type":"WebPage","@id":"https:\/\/rioonwatch.org.br\/?p=80003","url":"https:\/\/rioonwatch.org.br\/?p=80003","name":"\u2018N\u00e3o Existe Normalidade Depois de um Massacre\u2019, Moradores dos Complexos do Alem\u00e3o e da Penha Falam uma Semana Ap\u00f3s Megaopera\u00e7\u00e3o Policial com 121 Mortos - RioOnWatch","isPartOf":{"@id":"https:\/\/rioonwatch.org.br\/#website"},"primaryImageOfPage":{"@id":"https:\/\/rioonwatch.org.br\/?p=80003#primaryimage"},"image":{"@id":"https:\/\/rioonwatch.org.br\/?p=80003#primaryimage"},"thumbnailUrl":"https:\/\/rioonwatch.org.br\/wp-content\/uploads\/2025\/11\/A-barbarie-da-megaoperacao-do-dia-28-repercutiu-no-Brasil-e-no-mundo-mobilizando-manifestacoes-contra-o-terrorismo-de-Estado-em-cidades-como-Sao-Paulo-e-Brasilia.-Foto-Valter-CampanatoAgencia-Brasil-scaled.jpg","datePublished":"2025-11-10T18:37:17+00:00","dateModified":"2025-12-03T17:31:02+00:00","breadcrumb":{"@id":"https:\/\/rioonwatch.org.br\/?p=80003#breadcrumb"},"inLanguage":"pt-BR","potentialAction":[{"@type":"ReadAction","target":["https:\/\/rioonwatch.org.br\/?p=80003"]}]},{"@type":"ImageObject","inLanguage":"pt-BR","@id":"https:\/\/rioonwatch.org.br\/?p=80003#primaryimage","url":"https:\/\/rioonwatch.org.br\/wp-content\/uploads\/2025\/11\/A-barbarie-da-megaoperacao-do-dia-28-repercutiu-no-Brasil-e-no-mundo-mobilizando-manifestacoes-contra-o-terrorismo-de-Estado-em-cidades-como-Sao-Paulo-e-Brasilia.-Foto-Valter-CampanatoAgencia-Brasil-scaled.jpg","contentUrl":"https:\/\/rioonwatch.org.br\/wp-content\/uploads\/2025\/11\/A-barbarie-da-megaoperacao-do-dia-28-repercutiu-no-Brasil-e-no-mundo-mobilizando-manifestacoes-contra-o-terrorismo-de-Estado-em-cidades-como-Sao-Paulo-e-Brasilia.-Foto-Valter-CampanatoAgencia-Brasil-scaled.jpg","width":2560,"height":1707,"caption":"Bras\u00edlia (DF), 31\/10\/2025 - Pessoas durante manifesta\u00e7\u00e3o contra a opera\u00e7\u00e3o policial Conten\u00e7\u00e3o no Rio de Janeiro. Foto: Valter Campanato\/Ag\u00eancia Brasil"},{"@type":"BreadcrumbList","@id":"https:\/\/rioonwatch.org.br\/?p=80003#breadcrumb","itemListElement":[{"@type":"ListItem","position":1,"name":"In\u00edcio","item":"https:\/\/rioonwatch.org.br\/"},{"@type":"ListItem","position":2,"name":"\u2018N\u00e3o Existe Normalidade Depois de um Massacre\u2019, Moradores dos Complexos do Alem\u00e3o e da Penha Falam uma Semana Ap\u00f3s Megaopera\u00e7\u00e3o Policial com 121 Mortos"}]},{"@type":"WebSite","@id":"https:\/\/rioonwatch.org.br\/#website","url":"https:\/\/rioonwatch.org.br\/","name":"RioOnWatch","description":"relatos das favelas cariocas","publisher":{"@id":"https:\/\/rioonwatch.org.br\/#organization"},"potentialAction":[{"@type":"SearchAction","target":{"@type":"EntryPoint","urlTemplate":"https:\/\/rioonwatch.org.br\/?s={search_term_string}"},"query-input":{"@type":"PropertyValueSpecification","valueRequired":true,"valueName":"search_term_string"}}],"inLanguage":"pt-BR"},{"@type":"Organization","@id":"https:\/\/rioonwatch.org.br\/#organization","name":"RioOnWatch","url":"https:\/\/rioonwatch.org.br\/","logo":{"@type":"ImageObject","inLanguage":"pt-BR","@id":"https:\/\/rioonwatch.org.br\/#\/schema\/logo\/image\/","url":"https:\/\/rioonwatch.org.br\/wp-content\/uploads\/2021\/06\/RioOnWatchcabecalhoPT11anos-2.png","contentUrl":"https:\/\/rioonwatch.org.br\/wp-content\/uploads\/2021\/06\/RioOnWatchcabecalhoPT11anos-2.png","width":779,"height":277,"caption":"RioOnWatch"},"image":{"@id":"https:\/\/rioonwatch.org.br\/#\/schema\/logo\/image\/"}},{"@type":"Person","@id":"https:\/\/rioonwatch.org.br\/#\/schema\/person\/1150bfc199e76e22909b454a0c139c4b","name":"Beatriz Miranda","image":{"@type":"ImageObject","inLanguage":"pt-BR","@id":"https:\/\/rioonwatch.org.br\/#\/schema\/person\/image\/","url":"https:\/\/secure.gravatar.com\/avatar\/41a514d4cb8be1f42ceaebd1038a447b?s=96&d=blank&r=g","contentUrl":"https:\/\/secure.gravatar.com\/avatar\/41a514d4cb8be1f42ceaebd1038a447b?s=96&d=blank&r=g","caption":"Beatriz Miranda"},"url":"https:\/\/rioonwatch.org.br\/?author=192"}]}},"_links":{"self":[{"href":"https:\/\/rioonwatch.org.br\/index.php?rest_route=\/wp\/v2\/posts\/80003"}],"collection":[{"href":"https:\/\/rioonwatch.org.br\/index.php?rest_route=\/wp\/v2\/posts"}],"about":[{"href":"https:\/\/rioonwatch.org.br\/index.php?rest_route=\/wp\/v2\/types\/post"}],"author":[{"embeddable":true,"href":"https:\/\/rioonwatch.org.br\/index.php?rest_route=\/wp\/v2\/users\/192"}],"replies":[{"embeddable":true,"href":"https:\/\/rioonwatch.org.br\/index.php?rest_route=%2Fwp%2Fv2%2Fcomments&post=80003"}],"version-history":[{"count":15,"href":"https:\/\/rioonwatch.org.br\/index.php?rest_route=\/wp\/v2\/posts\/80003\/revisions"}],"predecessor-version":[{"id":80372,"href":"https:\/\/rioonwatch.org.br\/index.php?rest_route=\/wp\/v2\/posts\/80003\/revisions\/80372"}],"wp:featuredmedia":[{"embeddable":true,"href":"https:\/\/rioonwatch.org.br\/index.php?rest_route=\/wp\/v2\/media\/80006"}],"wp:attachment":[{"href":"https:\/\/rioonwatch.org.br\/index.php?rest_route=%2Fwp%2Fv2%2Fmedia&parent=80003"}],"wp:term":[{"taxonomy":"category","embeddable":true,"href":"https:\/\/rioonwatch.org.br\/index.php?rest_route=%2Fwp%2Fv2%2Fcategories&post=80003"},{"taxonomy":"post_tag","embeddable":true,"href":"https:\/\/rioonwatch.org.br\/index.php?rest_route=%2Fwp%2Fv2%2Ftags&post=80003"},{"taxonomy":"writer","embeddable":true,"href":"https:\/\/rioonwatch.org.br\/index.php?rest_route=%2Fwp%2Fv2%2Fwriter&post=80003"},{"taxonomy":"translator","embeddable":true,"href":"https:\/\/rioonwatch.org.br\/index.php?rest_route=%2Fwp%2Fv2%2Ftranslator&post=80003"},{"taxonomy":"source","embeddable":true,"href":"https:\/\/rioonwatch.org.br\/index.php?rest_route=%2Fwp%2Fv2%2Fsource&post=80003"},{"taxonomy":"ilustrador","embeddable":true,"href":"https:\/\/rioonwatch.org.br\/index.php?rest_route=%2Fwp%2Fv2%2Filustrador&post=80003"},{"taxonomy":"fotografo","embeddable":true,"href":"https:\/\/rioonwatch.org.br\/index.php?rest_route=%2Fwp%2Fv2%2Ffotografo&post=80003"}],"curies":[{"name":"wp","href":"https:\/\/api.w.org\/{rel}","templated":true}]}}