{"id":80136,"date":"2025-11-22T10:39:11","date_gmt":"2025-11-22T13:39:11","guid":{"rendered":"https:\/\/rioonwatch.org.br\/?p=80136"},"modified":"2026-01-08T12:25:56","modified_gmt":"2026-01-08T15:25:56","slug":"as-midias-faveladas-sao-um-braco-da-democracia-na-rocinha-justica-climatica-para-favelas-e-pauta-da-3-conferencia-de-jornalismo-de-favelas-e-periferias","status":"publish","type":"post","link":"https:\/\/rioonwatch.org.br\/?p=80136","title":{"rendered":"\u2018As M\u00eddias Faveladas S\u00e3o um Bra\u00e7o da Democracia\u2019: Na Rocinha, Justi\u00e7a Clim\u00e1tica para Favelas \u00c9 Pauta da 3\u00b0 Confer\u00eancia de Jornalismo de Favelas e Periferias"},"content":{"rendered":"<figure id=\"attachment_80173\" aria-describedby=\"caption-attachment-80173\" style=\"width: 2560px\" class=\"wp-caption aligncenter\"><a href=\"https:\/\/rioonwatch.org.br\/wp-content\/uploads\/2025\/11\/3a-Conferencia-de-jornalismo-de-favelas-e-periferias-reune-liderancas-de-mais-de-12-estados-brasileiros-na-Rocinha.-Foto-Igor-Siqueira-scaled.jpg\"><img fetchpriority=\"high\" decoding=\"async\" class=\"wp-image-80173 size-full\" title=\"3\u00aa Confer\u00eancia de jornalismo de favelas e periferias re\u00fane lideran\u00e7as de mais de 12 estados brasileiros na Rocinha. Foto: Igor Siqueira\" src=\"https:\/\/rioonwatch.org.br\/wp-content\/uploads\/2025\/11\/3a-Conferencia-de-jornalismo-de-favelas-e-periferias-reune-liderancas-de-mais-de-12-estados-brasileiros-na-Rocinha.-Foto-Igor-Siqueira-scaled.jpg\" alt=\"3\u00aa Confer\u00eancia de jornalismo de favelas e periferias re\u00fane lideran\u00e7as de mais de 12 estados brasileiros na Rocinha. Foto: Igor Siqueira\" width=\"2560\" height=\"1707\" srcset=\"https:\/\/rioonwatch.org.br\/wp-content\/uploads\/2025\/11\/3a-Conferencia-de-jornalismo-de-favelas-e-periferias-reune-liderancas-de-mais-de-12-estados-brasileiros-na-Rocinha.-Foto-Igor-Siqueira-scaled.jpg 2560w, https:\/\/rioonwatch.org.br\/wp-content\/uploads\/2025\/11\/3a-Conferencia-de-jornalismo-de-favelas-e-periferias-reune-liderancas-de-mais-de-12-estados-brasileiros-na-Rocinha.-Foto-Igor-Siqueira-620x413.jpg 620w, https:\/\/rioonwatch.org.br\/wp-content\/uploads\/2025\/11\/3a-Conferencia-de-jornalismo-de-favelas-e-periferias-reune-liderancas-de-mais-de-12-estados-brasileiros-na-Rocinha.-Foto-Igor-Siqueira-768x512.jpg 768w, https:\/\/rioonwatch.org.br\/wp-content\/uploads\/2025\/11\/3a-Conferencia-de-jornalismo-de-favelas-e-periferias-reune-liderancas-de-mais-de-12-estados-brasileiros-na-Rocinha.-Foto-Igor-Siqueira-1536x1024.jpg 1536w, https:\/\/rioonwatch.org.br\/wp-content\/uploads\/2025\/11\/3a-Conferencia-de-jornalismo-de-favelas-e-periferias-reune-liderancas-de-mais-de-12-estados-brasileiros-na-Rocinha.-Foto-Igor-Siqueira-2048x1365.jpg 2048w\" sizes=\"(max-width: 2560px) 100vw, 2560px\" \/><\/a><figcaption id=\"caption-attachment-80173\" class=\"wp-caption-text\">3\u00aa Confer\u00eancia de jornalismo de favelas e periferias re\u00fane lideran\u00e7as de mais de 12 estados brasileiros na Rocinha. Foto: Igor Siqueira<\/figcaption><\/figure>\n<p style=\"text-align: right;\"><a href=\"https:\/\/bit.ly\/44BV37N\" target=\"_blank\" rel=\"noopener\"><em><strong>Click Here for English<\/strong><\/em><\/a><a href=\"https:\/\/bit.ly\/44BV37N\" target=\"_blank\" rel=\"noopener\"><img decoding=\"async\" class=\"alignright wp-image-15790\" src=\"https:\/\/rioonwatch.org.br\/wp-content\/uploads\/2012\/08\/EN-standard-e1439583104716.jpg\" alt=\"\" width=\"20\" height=\"20\" \/><\/a><\/p>\n<p><span style=\"font-weight: 400;\">Entre 30 de outubro e 1 de novembro de 2025, a <\/span><a href=\"https:\/\/bit.ly\/3dzwwUD\" target=\"_blank\" rel=\"noopener\"><span style=\"font-weight: 400;\">Rocinha<\/span><\/a><span style=\"font-weight: 400;\">, na <\/span><a href=\"https:\/\/bit.ly\/3ilwr9T\" target=\"_blank\" rel=\"noopener\"><span style=\"font-weight: 400;\">Zona Sul<\/span><\/a><span style=\"font-weight: 400;\"> do Rio de Janeiro, recebeu a <\/span><a href=\"https:\/\/bit.ly\/47K8frN\" target=\"_blank\" rel=\"noopener\"><span style=\"font-weight: 400;\">3\u00aa Confer\u00eancia de Jornalismo das Favelas e Periferias<\/span><\/a><span style=\"font-weight: 400;\">, encontro nacional que promoveu uma imers\u00e3o em jornalismo e clima para comunicadores e lideran\u00e7as de <a href=\"https:\/\/bit.ly\/3HwkgIy\" target=\"_blank\" rel=\"noopener\">m\u00eddias comunit\u00e1rias<\/a> de diferentes favelas e periferias do pa\u00eds.\u00a0<\/span><\/p>\n<p><span style=\"box-sizing: border-box; margin: 0px; padding: 0px;\">O encontro promoveu capacita\u00e7\u00f5es e palestras que discutiram os desafios da comunica\u00e7\u00e3o popular, como financiamento,\u00a0<a href=\"https:\/\/bit.ly\/46n6Yrs\" target=\"_blank\" rel=\"noopener\">pol\u00edticas p\u00fablicas<\/a>, clima nas favelas e mobiliza\u00e7\u00e3o em territ\u00f3rios, al\u00e9m de debates sobre\u00a0<a href=\"https:\/\/bit.ly\/3wZrbkN\" target=\"_blank\" rel=\"noopener\">justi\u00e7a clim\u00e1tica<\/a> nas favelas.<\/span><\/p>\n<p><span style=\"font-weight: 400;\">Com o tema \u201cJusti\u00e7a clim\u00e1tica para as favelas e periferias\u201d, o evento gratuito <\/span><span style=\"font-weight: 400;\">foi coorganizado pelo <\/span><a href=\"https:\/\/bit.ly\/43Isn9N\" target=\"_blank\" rel=\"noopener\"><span style=\"font-weight: 400;\">Fala Ro\u00e7a<\/span><\/a><span style=\"font-weight: 400;\"> da Rocinha e pela <\/span><a href=\"https:\/\/bit.ly\/3XhLHtI\" target=\"_blank\" rel=\"noopener\"><span style=\"font-weight: 400;\">Ag\u00eancia Mural<\/span><\/a> <span style=\"font-weight: 400;\">de S\u00e3o Paulo, o que conferiu ao encontro uma proposta in\u00e9dita: a reuni\u00e3o de coletivos de m\u00eddia de diversos estados para discutir a garantia de justi\u00e7a clim\u00e1tica em favelas em n\u00edvel nacional.\u00a0<\/span><\/p>\n<p><span style=\"font-weight: 400;\">Al\u00e9m disso, segundo Tatiana Lima, coordenadora de jornalismo e editora-chefe do<\/span> <a href=\"https:\/\/bit.ly\/3lrUwNx\"><span style=\"font-weight: 400;\">Fala Ro\u00e7a<\/span><\/a><span style=\"font-weight: 400;\">, o novo formato desta edi\u00e7\u00e3o permitiu a reflex\u00e3o coletiva sobre os obst\u00e1culos ambientais enfrentados pelas comunidades de todo o pa\u00eds, j\u00e1 que h\u00e1 poucos espa\u00e7os destinados a discutir as quest\u00f5es que envolvem favela e meio ambiente.<\/span><\/p>\n<blockquote><p><span style=\"font-weight: 400;\">\u201cA nossa [perspectiva de favela] sobre a justi\u00e7a clim\u00e1tica passa pelo acesso a direitos e pol\u00edticas p\u00fablicas de forma dimensionadas. N\u00e3o s\u00f3 mitiga\u00e7\u00e3o e conten\u00e7\u00e3o para as <\/span><a href=\"https:\/\/bit.ly\/4mqgv5I\" target=\"_blank\" rel=\"noopener\"><span style=\"font-weight: 400;\">mudan\u00e7as clim\u00e1ticas<\/span><\/a><span style=\"font-weight: 400;\"> e tudo que [isso] traz, mas o <\/span><a href=\"https:\/\/bit.ly\/3JUDW48\" target=\"_blank\" rel=\"noopener\"><span style=\"font-weight: 400;\">racismo estrutural<\/span><\/a><span style=\"font-weight: 400;\"> que as favelas e periferias enfrentam e que, com as mudan\u00e7as clim\u00e1ticas, se potencializa para o [pior]. Q<\/span>uando \u00e9 que a gente tem um espa\u00e7o da gente, para a gente escutar de dentro e para dentro? Quase nunca, n\u00e9? As m\u00eddias perif\u00e9ricas e faveladas, as m\u00eddias locais, s\u00e3o tamb\u00e9m um bra\u00e7o da <a href=\"https:\/\/bit.ly\/2ZBdDvA\" target=\"_blank\" rel=\"noopener\">democracia<\/a><span style=\"font-weight: 400;\">. Nosso ecossistema, ele complementa outros ecossistemas. \u00c0s vezes vai convergir ou divergir. N\u00f3s participamos desse ecossistema, mas tamb\u00e9m temos o nosso pr\u00f3prio, que precisa ser sustent\u00e1vel, se financiar, pensar em pol\u00edticas p\u00fablicas. Ser\u00e1 que a solu\u00e7\u00e3o que aconteceu l\u00e1 no territ\u00f3rio \u2018X\u2019 cabe na Rocinha? Ser\u00e1 que a solu\u00e7\u00e3o da Rocinha ajuda o territ\u00f3rio no Amap\u00e1?\u201d \u2014 Tatiana Lima<\/span><\/p><\/blockquote>\n<figure id=\"attachment_80175\" aria-describedby=\"caption-attachment-80175\" style=\"width: 1280px\" class=\"wp-caption aligncenter\"><a href=\"https:\/\/rioonwatch.org.br\/wp-content\/uploads\/2025\/11\/A-comunicacao-comunitaria-e-as-questoes-climaticas-foram-temas-que-pautaram-as-discussoes-da-conferencia.-Foto-Amanda-Baroni.jpeg\"><img decoding=\"async\" class=\"wp-image-80175 size-full\" title=\"A comunica\u00e7\u00e3o comunit\u00e1ria e as quest\u00f5es clim\u00e1ticas foram temas que pautaram as discuss\u00f5es da confer\u00eancia. Foto: Amanda Baroni\" src=\"https:\/\/rioonwatch.org.br\/wp-content\/uploads\/2025\/11\/A-comunicacao-comunitaria-e-as-questoes-climaticas-foram-temas-que-pautaram-as-discussoes-da-conferencia.-Foto-Amanda-Baroni.jpeg\" alt=\"A comunica\u00e7\u00e3o comunit\u00e1ria e as quest\u00f5es clim\u00e1ticas foram temas que pautaram as discuss\u00f5es da confer\u00eancia. Foto: Amanda Baroni\" width=\"1280\" height=\"720\" srcset=\"https:\/\/rioonwatch.org.br\/wp-content\/uploads\/2025\/11\/A-comunicacao-comunitaria-e-as-questoes-climaticas-foram-temas-que-pautaram-as-discussoes-da-conferencia.-Foto-Amanda-Baroni.jpeg 1280w, https:\/\/rioonwatch.org.br\/wp-content\/uploads\/2025\/11\/A-comunicacao-comunitaria-e-as-questoes-climaticas-foram-temas-que-pautaram-as-discussoes-da-conferencia.-Foto-Amanda-Baroni-620x349.jpeg 620w, https:\/\/rioonwatch.org.br\/wp-content\/uploads\/2025\/11\/A-comunicacao-comunitaria-e-as-questoes-climaticas-foram-temas-que-pautaram-as-discussoes-da-conferencia.-Foto-Amanda-Baroni-768x432.jpeg 768w, https:\/\/rioonwatch.org.br\/wp-content\/uploads\/2025\/11\/A-comunicacao-comunitaria-e-as-questoes-climaticas-foram-temas-que-pautaram-as-discussoes-da-conferencia.-Foto-Amanda-Baroni-678x381.jpeg 678w\" sizes=\"(max-width: 1280px) 100vw, 1280px\" \/><\/a><figcaption id=\"caption-attachment-80175\" class=\"wp-caption-text\">A comunica\u00e7\u00e3o comunit\u00e1ria e as quest\u00f5es clim\u00e1ticas foram temas que pautaram as discuss\u00f5es da confer\u00eancia. Foto: Amanda Baroni<\/figcaption><\/figure>\n<h3><b>Comunica\u00e7\u00e3o Ancestral para Atender \u00e0s Demandas Atuais<\/b><\/h3>\n<p><span style=\"font-weight: 400;\">Pensando nisso, a forma de se comunicar e se conectar tamb\u00e9m importa. A oficina \u201c<\/span><a href=\"https:\/\/bit.ly\/3WJYBk3\" target=\"_blank\" rel=\"noopener\"><span style=\"font-weight: 400;\">Comunica\u00e7\u00e3o Ancestral para Futuros Poss\u00edveis<\/span><\/a><span style=\"font-weight: 400;\">\u201d, facilitada por<\/span><span style=\"font-weight: 400;\"> Lene Ferreira<\/span><span style=\"font-weight: 400;\">, jornalista pernambucana do portal <\/span><a href=\"https:\/\/bit.ly\/3XkZPlT\" target=\"_blank\" rel=\"noopener\"><span style=\"font-weight: 400;\">Afoitas<\/span><\/a><span style=\"font-weight: 400;\">, compartilhou dicas para construir uma comunica\u00e7\u00e3o assertiva, primordial para aproximar comunidades das discuss\u00f5es clim\u00e1ticas neste momento de sociedade hiperconectada, mas, por vezes, distanciada do seu pr\u00f3prio entorno.<\/span><\/p>\n<blockquote><p><span style=\"font-weight: 400;\">\u201cEu n\u00e3o vejo como fazer jornalismo sem ter uma rela\u00e7\u00e3o direta com quem est\u00e1 nesses territ\u00f3rios, principalmente os que sofrem com viola\u00e7\u00e3o de direitos&#8230; Nossa profiss\u00e3o \u00e9 uma presta\u00e7\u00e3o de servi\u00e7o para a sociedade. Exige da gente muita responsabilidade e compromisso com a popula\u00e7\u00e3o perif\u00e9rica, especialmente quem t\u00e1 na base da pir\u00e2mide sofrendo in\u00fameras viola\u00e7\u00f5es ao longo da Hist\u00f3ria. A comunica\u00e7\u00e3o \u00e9 uma forma da gente conseguir construir <a href=\"https:\/\/bit.ly\/DesenraizandoRacismo\" target=\"_blank\" rel=\"noopener\">repara\u00e7\u00e3o pro povo preto desse pa\u00eds<\/a>, que j\u00e1 foi t\u00e3o humilhado, desassistido, abandonado. <\/span><\/p>\n<p><span style=\"font-weight: 400;\">Para fazer uma comunica\u00e7\u00e3o que sirva para essa popula\u00e7\u00e3o, a gente n\u00e3o tem como fazer se n\u00e3o for conectado com os saberes, os fazeres e pr\u00e1ticas [cotidianas] dos territ\u00f3rios. Com as pessoas que est\u00e3o, de fato, ativando as suas comunidades atrav\u00e9s da cultura. Cada vez que a gente para pra pensar sobre o jornalismo e refletir sobre o papel dele, isso nos obriga e nos exige um papel mais atuante e mais ativista, no sentido de proporcionar que as [nossas] pautas sejam mais difundidas. N\u00e3o tem como fazer isso se a gente n\u00e3o tiver perto dessas popula\u00e7\u00f5es. A comunica\u00e7\u00e3o ancestral prop\u00f5e essa reconex\u00e3o com os territ\u00f3rios, essa reconex\u00e3o com as pessoas para que, a partir dela, a gente consiga fazer um jornalismo que fa\u00e7a sentido, que produza significados e que tamb\u00e9m revolucione.&#8221; \u2014 Lene Ferreira<\/span><\/p><\/blockquote>\n<p><span style=\"font-weight: 400;\">Leonardo Nogueira<\/span><span style=\"font-weight: 400;\">, morador de <a href=\"https:\/\/bit.ly\/30JK5uW\" target=\"_blank\" rel=\"noopener\">Santa Cruz<\/a>, na <a href=\"https:\/\/bit.ly\/2VcmBwc\" target=\"_blank\" rel=\"noopener\">Zona Oeste<\/a>, e jornalista no <\/span><a href=\"https:\/\/bit.ly\/4nTsMRO\" target=\"_blank\" rel=\"noopener\"><span style=\"font-weight: 400;\">Data Labe<\/span><\/a><span style=\"font-weight: 400;\">, deu exemplo da cultura dos alto-falantes e como meios consolidados, com os recursos tecnol\u00f3gicos de hoje, podem contribuir com esta miss\u00e3o.<\/span><\/p>\n<blockquote><p><span style=\"font-weight: 400;\">\u201cAs tecnologias s\u00e3o coisas que t\u00eam que coexistir, n\u00e3o uma sobrepor \u00e0 outra. O r\u00e1dio, por exemplo, \u00e9 uma comunica\u00e7\u00e3o ancestral, feita por pessoas antes da gente, que a gente utiliza hoje para determinados fins em nossos territ\u00f3rios. Conectar comunica\u00e7\u00e3o e <a href=\"https:\/\/bit.ly\/3YrzIuN\" target=\"_blank\" rel=\"noopener\">ancestralidade<\/a> \u00e9 pensar como a gente pode comunicar melhor a nossa exist\u00eancia, e tamb\u00e9m como a gente pode comunicar melhor para as pessoas em quem a gente quer chegar, para as pessoas [com quem] a gente quer falar.\u201d \u2014 Leonardo Nogueira<\/span><\/p><\/blockquote>\n<figure id=\"attachment_80177\" aria-describedby=\"caption-attachment-80177\" style=\"width: 2560px\" class=\"wp-caption aligncenter\"><a href=\"https:\/\/rioonwatch.org.br\/wp-content\/uploads\/2025\/11\/As-oficinas-promoveram-intercambio-entre-coletivos-de-diferentes-estados-disseminando-capacitacoes-e-estrategias-para-comunicadores-comunitarios.-Foto-Igor-Siqueira-scaled.jpg\"><img loading=\"lazy\" decoding=\"async\" class=\"wp-image-80177 size-full\" title=\"As oficinas promoveram interc\u00e2mbio entre coletivos de diferentes estados, disseminando capacita\u00e7\u00f5es e estrat\u00e9gias para comunicadores comunit\u00e1rios. Foto: Igor Siqueira \" src=\"https:\/\/rioonwatch.org.br\/wp-content\/uploads\/2025\/11\/As-oficinas-promoveram-intercambio-entre-coletivos-de-diferentes-estados-disseminando-capacitacoes-e-estrategias-para-comunicadores-comunitarios.-Foto-Igor-Siqueira-scaled.jpg\" alt=\"As oficinas promoveram interc\u00e2mbio entre coletivos de diferentes estados, disseminando capacita\u00e7\u00f5es e estrat\u00e9gias para comunicadores comunit\u00e1rios. Foto: Igor Siqueira \" width=\"2560\" height=\"1707\" srcset=\"https:\/\/rioonwatch.org.br\/wp-content\/uploads\/2025\/11\/As-oficinas-promoveram-intercambio-entre-coletivos-de-diferentes-estados-disseminando-capacitacoes-e-estrategias-para-comunicadores-comunitarios.-Foto-Igor-Siqueira-scaled.jpg 2560w, https:\/\/rioonwatch.org.br\/wp-content\/uploads\/2025\/11\/As-oficinas-promoveram-intercambio-entre-coletivos-de-diferentes-estados-disseminando-capacitacoes-e-estrategias-para-comunicadores-comunitarios.-Foto-Igor-Siqueira-620x413.jpg 620w, https:\/\/rioonwatch.org.br\/wp-content\/uploads\/2025\/11\/As-oficinas-promoveram-intercambio-entre-coletivos-de-diferentes-estados-disseminando-capacitacoes-e-estrategias-para-comunicadores-comunitarios.-Foto-Igor-Siqueira-768x512.jpg 768w, https:\/\/rioonwatch.org.br\/wp-content\/uploads\/2025\/11\/As-oficinas-promoveram-intercambio-entre-coletivos-de-diferentes-estados-disseminando-capacitacoes-e-estrategias-para-comunicadores-comunitarios.-Foto-Igor-Siqueira-1536x1024.jpg 1536w, https:\/\/rioonwatch.org.br\/wp-content\/uploads\/2025\/11\/As-oficinas-promoveram-intercambio-entre-coletivos-de-diferentes-estados-disseminando-capacitacoes-e-estrategias-para-comunicadores-comunitarios.-Foto-Igor-Siqueira-2048x1365.jpg 2048w\" sizes=\"(max-width: 2560px) 100vw, 2560px\" \/><\/a><figcaption id=\"caption-attachment-80177\" class=\"wp-caption-text\">As oficinas promoveram interc\u00e2mbio entre coletivos de diferentes estados, disseminando capacita\u00e7\u00f5es e estrat\u00e9gias para comunicadores comunit\u00e1rios. Foto: Igor Siqueira<\/figcaption><\/figure>\n<p><span style=\"font-weight: 400;\">Apesar da import\u00e2ncia destes ve\u00edculos e de sua relev\u00e2ncia para a inser\u00e7\u00e3o da pauta clim\u00e1tica em favelas, h\u00e1 obst\u00e1culos enfrentados por quem atua na <a href=\"https:\/\/bit.ly\/3OSs5rV\" target=\"_blank\" rel=\"noopener\">comunica\u00e7\u00e3o comunit\u00e1ria<\/a>.\u00a0\u00a0<\/span><\/p>\n<h3><b>Comunica\u00e7\u00e3o Comunit\u00e1ria \u00c9 Ser Parte Da Solu\u00e7\u00e3o\u00a0<\/b><\/h3>\n<p><span style=\"font-weight: 400;\">A comunicadora Elize Mayara, d<\/span><span style=\"font-weight: 400;\">o <\/span><a href=\"https:\/\/bit.ly\/3LTf7Mb\" target=\"_blank\" rel=\"noopener\"><span style=\"font-weight: 400;\">Coletivo Jovem Tapaj\u00f4nico, <\/span><\/a><span style=\"font-weight: 400;\">de Bel\u00e9m do Par\u00e1,<\/span><span style=\"font-weight: 400;\"> diz que abordar o tema com suas comunidades exige um trabalho de mobiliza\u00e7\u00e3o e sensibiliza\u00e7\u00e3o para al\u00e9m do trabalho de comunicar: <a href=\"https:\/\/bit.ly\/3uUd9gS\" target=\"_blank\" rel=\"noopener\">\u00e9 ser parte da solu\u00e7\u00e3o<\/a>, j\u00e1 que muitos ainda n\u00e3o associam problemas vividos \u00e0 crise clim\u00e1tica.<\/span><\/p>\n<blockquote><p><span style=\"font-weight: 400;\">\u201cPenso<\/span><span style=\"font-weight: 400;\"> que, para a gente chegar dentro do territ\u00f3rio e falar de justi\u00e7a clim\u00e1tica, a gente primeiro tem que mostrar as injusti\u00e7as clim\u00e1ticas que n\u00f3s sofremos, n\u00e9? Porque a gente chega na base e fala: \u2018Ah, eu vou falar aqui sobre justi\u00e7a clim\u00e1tica.\u2019 E a galera fala assim: \u2018Ah, para mim, mudan\u00e7a clim\u00e1tica acontece quando o gelo derrete l\u00e1 fora.\u2019 Ent\u00e3o, pra gente come\u00e7ar a <\/span><span style=\"font-weight: 400;\">entrar nesse debate de mudan\u00e7a clim\u00e1tica<\/span><span style=\"font-weight: 400;\"> e mostrar que ela \u00e9 real, que ela n\u00e3o \u00e9 inventada, a gente come\u00e7a a falar [dos problemas] primeiro. No meu territ\u00f3rio, a gente t\u00e1 vendo a quest\u00e3o do n\u00edvel de merc\u00fario no sangue das pessoas, que est\u00e1 muito alto, e est\u00e3o fazendo um estudo sobre isso, [levantamento de] dados. Mas, e depois, o que acontece com essas pessoas? Como \u00e9 que resolve? Qual o n\u00famero de pessoas afetadas? O que a gente vai fazer? Eu fico em situa\u00e7\u00e3o de pensar no meu estado quanto a isso. Porque n\u00f3s, enquanto coletivo, recebemos pouco, quase n\u00e3o temos financiamento, porque para voc\u00eas aqui [no Sudeste] j\u00e1 \u00e9 dif\u00edcil chegar, imagina para n\u00f3s, n\u00e9?\u201d \u2014 <\/span><span style=\"font-weight: 400;\">Elize Mayara<\/span><\/p><\/blockquote>\n<h3><b>Falta de Financiamento Limita Alcance da Comunica\u00e7\u00e3o Popular Clim\u00e1tica<\/b><\/h3>\n<p><span style=\"font-weight: 400;\">A falta de financiamento e de pol\u00edticas p\u00fablicas foram temas abordados no encontro, como principais gargalos para quem tem projetos de comunica\u00e7\u00e3o popular. Apesar da sua import\u00e2ncia e nicho comunicativo singular e urgente, muitos ve\u00edculos comunit\u00e1rios vivem na corda bamba para garantir a sobreviv\u00eancia.<\/span><\/p>\n<p><span style=\"font-weight: 400;\">A dificuldade de captar recursos faz com que muitos dependam de editais, algo que, de acordo com<\/span><span style=\"font-weight: 400;\"> Fernanda Cal\u00e9<\/span><span style=\"font-weight: 400;\">, cria de <a href=\"https:\/\/bit.ly\/2WpaNbr\" target=\"_blank\" rel=\"noopener\">Rio das Pedras<\/a>, na Zona Oeste, e cofundadora do portal <\/span><a href=\"https:\/\/bit.ly\/4i7FJol\" target=\"_blank\" rel=\"noopener\"><span style=\"font-weight: 400;\">Ag\u00eancia Lume<\/span><\/a><span style=\"font-weight: 400;\">, nem sempre \u00e9 poss\u00edvel.<\/span><\/p>\n<blockquote><p><span style=\"font-weight: 400;\">\u201cA gente v\u00ea editais que cobram quest\u00f5es complexas, outros nem tanto, mas, \u00e0s vezes, [a aprova\u00e7\u00e3o de fato] fica muito no campo da subjetividade, n\u00e9? A gente [da Ag\u00eancia Lume], por exemplo, aplicou em mais de 15 editais e a gente n\u00e3o teve retorno [o que comprometeu a sustentabilidade do projeto]. [Ent\u00e3o] como \u00e9 que a gente pensa essa l\u00f3gica para sair da [depend\u00eancia] do edital? No final, n\u00e3o tem como todo mundo ganhar. <\/span><span style=\"font-weight: 400;\">Al\u00e9m de debater como acessar a filantropia\u2014que \u00e9 super importante, como um edital tamb\u00e9m \u00e9, e a gente faz esse debate em todos os congressos\u2014como a gente constr\u00f3i uma nova estrat\u00e9gia? \u00c9 claro, isso \u00e9 uma mudan\u00e7a de paradigma, \u00e9 quase inventar um novo, a gente t\u00e1 todo mundo aqui pensando nisso, mas como a gente pode tamb\u00e9m focar nossa aten\u00e7\u00e3o em como mudar essa l\u00f3gica? Qual l\u00f3gica a gente pode construir nesse sentido? <\/span><span style=\"font-weight: 400;\">\u00c0s vezes um apoio pequeno para algu\u00e9m pode ser um apoio interessante para outros [projetos de m\u00eddia] que est\u00e3o iniciando.\u201d <\/span><span style=\"font-weight: 400;\">\u2014 <\/span><span style=\"font-weight: 400;\">Fernanda Cal\u00e9<\/span><\/p><\/blockquote>\n<p><span style=\"font-weight: 400;\">Nesse sentido, <\/span><span style=\"font-weight: 400;\">Daiene Mendes<\/span><span style=\"font-weight: 400;\">, cria do <a href=\"https:\/\/bit.ly\/3jE6K3o\" target=\"_blank\" rel=\"noopener\">Complexo do Alem\u00e3o<\/a>, na <a href=\"https:\/\/bit.ly\/3qsTKRW\" target=\"_blank\" rel=\"noopener\">Zona Norte<\/a>, e diretora do <\/span><a href=\"https:\/\/bit.ly\/3LyI5kn\" target=\"_blank\" rel=\"noopener\"><span style=\"font-weight: 400;\">Fundo de Apoio ao Jornalismo<\/span><\/a><span style=\"font-weight: 400;\">, no Rio de Janeiro, explica que a filantropia tem sido uma alternativa para a sustentabilidade de m\u00eddias comunit\u00e1rias. Mesmo assim, ela afirma que a maior ferramenta para essa mudan\u00e7a \u00e9 promover esses espa\u00e7os de troca, onde o acesso a informa\u00e7\u00f5es circule dentro das comunidades.<\/span><\/p>\n<blockquote><p><span style=\"font-weight: 400;\">\u201cFilantropia \u00e9 uma l\u00f3gica que opera por confian\u00e7a. Voc\u00ea estabelece uma confian\u00e7a com uma pessoa. \u00c9 relacionamento. Quem \u00e9 que tem acesso \u00e0 filantropia [historicamente]? Tem acesso quem se encontra na praia do Leblon. Um jantar, que depois vai para um show na praia de Flamengo. N\u00e3o tem matem\u00e1tica complexa, essa \u00e9 a din\u00e2mica. Historicamente, esse espa\u00e7o foi muito restrito. Se a gente for olhar historicamente, as organiza\u00e7\u00f5es de jornalismo que receberam recursos da filantropia s\u00e3o organiza\u00e7\u00f5es com perfil muito espec\u00edfico, n\u00e9? S\u00e3o essas organiza\u00e7\u00f5es historicamente brancas, historicamente elitizadas. E a\u00ed, para ressaltar, uma coisa muito interessante \u00e9 essa mesa [que estamos agora]: a <a href=\"https:\/\/bit.ly\/2DLiK4j\" target=\"_blank\" rel=\"noopener\">diversidade<\/a> colocada nessa mesa, ela impacta em quem o recurso vai chegar. Porque, a partir do momento em que chega na nossa m\u00e3o, pessoas de pouco dinheiro, mas com perspectivas de compromisso com o territ\u00f3rio, [esse cen\u00e1rio muda].\u201d \u2014 Daiene Mendes<\/span><\/p><\/blockquote>\n<figure id=\"attachment_80178\" aria-describedby=\"caption-attachment-80178\" style=\"width: 2560px\" class=\"wp-caption aligncenter\"><a href=\"https:\/\/rioonwatch.org.br\/wp-content\/uploads\/2025\/11\/Enfrentando-dificuldades-de-financiamento-comunicadores-refletem-sobre-como-tornar-seus-projetos-sustentaveis.-Foto-Igor-Siqueira-scaled.jpg\"><img loading=\"lazy\" decoding=\"async\" class=\"wp-image-80178 size-full\" title=\"Enfrentando dificuldades de financiamento, comunicadores refletem sobre como tornar seus projetos sustent\u00e1veis. Foto: Igor Siqueira\" src=\"https:\/\/rioonwatch.org.br\/wp-content\/uploads\/2025\/11\/Enfrentando-dificuldades-de-financiamento-comunicadores-refletem-sobre-como-tornar-seus-projetos-sustentaveis.-Foto-Igor-Siqueira-scaled.jpg\" alt=\"Enfrentando dificuldades de financiamento, comunicadores refletem sobre como tornar seus projetos sustent\u00e1veis. Foto: Igor Siqueira\" width=\"2560\" height=\"1707\" srcset=\"https:\/\/rioonwatch.org.br\/wp-content\/uploads\/2025\/11\/Enfrentando-dificuldades-de-financiamento-comunicadores-refletem-sobre-como-tornar-seus-projetos-sustentaveis.-Foto-Igor-Siqueira-scaled.jpg 2560w, https:\/\/rioonwatch.org.br\/wp-content\/uploads\/2025\/11\/Enfrentando-dificuldades-de-financiamento-comunicadores-refletem-sobre-como-tornar-seus-projetos-sustentaveis.-Foto-Igor-Siqueira-620x413.jpg 620w, https:\/\/rioonwatch.org.br\/wp-content\/uploads\/2025\/11\/Enfrentando-dificuldades-de-financiamento-comunicadores-refletem-sobre-como-tornar-seus-projetos-sustentaveis.-Foto-Igor-Siqueira-768x512.jpg 768w, https:\/\/rioonwatch.org.br\/wp-content\/uploads\/2025\/11\/Enfrentando-dificuldades-de-financiamento-comunicadores-refletem-sobre-como-tornar-seus-projetos-sustentaveis.-Foto-Igor-Siqueira-1536x1024.jpg 1536w, https:\/\/rioonwatch.org.br\/wp-content\/uploads\/2025\/11\/Enfrentando-dificuldades-de-financiamento-comunicadores-refletem-sobre-como-tornar-seus-projetos-sustentaveis.-Foto-Igor-Siqueira-2048x1365.jpg 2048w\" sizes=\"(max-width: 2560px) 100vw, 2560px\" \/><\/a><figcaption id=\"caption-attachment-80178\" class=\"wp-caption-text\">Enfrentando dificuldades de financiamento, comunicadores refletem sobre como tornar seus projetos sustent\u00e1veis. Foto: Igor Siqueira<\/figcaption><\/figure>\n<h3><b>\u2018Enquanto Houver Racismo Ambiental, N\u00e3o Tem Justi\u00e7a Clim\u00e1tica\u2019<\/b><\/h3>\n<p><span style=\"font-weight: 400;\">Segundo <\/span><span style=\"font-weight: 400;\">Osvaldo Lopes, p<\/span><span style=\"font-weight: 400;\">rodutor executivo do Fala Ro\u00e7a, o evento \u00e9 um marco para firmar o jornalismo comunit\u00e1rio como autoridade na comunica\u00e7\u00e3o popular e uma refer\u00eancia \u00e0s diretrizes de como esse trabalho deve ser feito para atender \u00e0s demandas das favelas.<\/span><\/p>\n<blockquote><p><span style=\"font-weight: 400;\">\u201cEsse ano, a gente parte dessa comunica\u00e7\u00e3o dos nossos territ\u00f3rios com os territ\u00f3rios de \u2018co-irm\u00e3os\u2019, que \u00e9 como eu gosto de chamar. Fazer esse movimento nacional para fortalecer essa constru\u00e7\u00e3o de rede \u00e9 muito importante, porque mostramos para a m\u00eddia hegem\u00f4nica que tamb\u00e9m somos jornalistas profissionais, de qualidade, e comunicamos em nossos territ\u00f3rios. <\/span><span style=\"font-weight: 400;\">Chegou a nossa vez de contar e narrar as problem\u00e1ticas, as viv\u00eancias, as vit\u00f3rias dos nossos territ\u00f3rios a partir do nosso olhar.<\/span><span style=\"font-weight: 400;\"> Ent\u00e3o, desde 2022, que a gente t\u00e1 fazendo essa confer\u00eancia, a gente vem aprendendo e sistematizando tudo [isso] para constru\u00e7\u00e3o de um relat\u00f3rio extenso e bem diverso a partir desses territ\u00f3rios de cada estado, para pautarmos [como deve ser feita] essa comunica\u00e7\u00e3o de base e [qual] a qualidade de jornalismo que a gente tanto precisa.\u201d \u2014 Osvaldo Lopes<\/span><\/p><\/blockquote>\n<p><span style=\"font-weight: 400;\">Compondo as discuss\u00f5es da mesa &#8220;O que \u00e9 justi\u00e7a clim\u00e1ticas para os nossos territ\u00f3rios estava<\/span><span style=\"font-weight: 400;\">, entre outras lideran\u00e7as da \u00e1rea, Ant\u00f4nio Firmino, <\/span><span style=\"font-weight: 400;\">cofundador do<\/span> <a href=\"https:\/\/bit.ly\/45mZOU2\" target=\"_blank\" rel=\"noopener\"><span style=\"font-weight: 400;\">Museu Sankofa Rocinha<\/span><\/a>,\u00a0<span style=\"font-weight: 400;\"> respons\u00e1vel pela realiza\u00e7\u00e3o da <a href=\"https:\/\/rioonwatch.org.br\/?p=66233\">Roda de Mem\u00f3ria Clim\u00e1tica da Rocinha<\/a>.<\/span><\/p>\n<p><span style=\"font-weight: 400;\">Ele conta que, devido \u00e0 <a href=\"https:\/\/rioonwatch.org.br\/?p=22380\">falta hist\u00f3rica de servi\u00e7os de\u00a0saneamento b\u00e1sico<\/a>\u00a0na Rocinha, moradores iniciaram, <a href=\"https:\/\/rioonwatch.org.br\/?p=25066\">nos anos de 1970<\/a>, uma mobiliza\u00e7\u00e3o para a recupera\u00e7\u00e3o de val\u00f5es da comunidade, a\u00e7\u00e3o que permitiu a instala\u00e7\u00e3o de uma unidade b\u00e1sica de\u00a0<a href=\"https:\/\/rioonwatch.org.br\/?p=48566\">sa\u00fade na Rocinha<\/a>, o que evidencia como as mobiliza\u00e7\u00f5es coletivas promovem mudan\u00e7as e melhorias na comunidade. A confer\u00eancia, ele diz, \u00e9 uma delas.<\/span><\/p>\n<blockquote><p>&#8220;Para que a Rocinha <a href=\"https:\/\/rioonwatch.org.br\/?p=67015\">n\u00e3o fosse removida<\/a> nos anos 1970, os moradores come\u00e7aram a fazer limpeza das valas, onde <a href=\"https:\/\/rioonwatch.org.br\/?p=79506\">eram os cursos naturais das \u00e1guas<\/a>, da chuva ou das nascentes&#8230; Os moradores come\u00e7aram o mutir\u00e3o de limpeza das valas, o que foi um bem comum para todo mundo. [Essa luta] trouxe para a Rocinha uma unidade de sa\u00fade que, hoje, tem 43 anos&#8230; Falar de justi\u00e7a \u00e9 falar dos direitos b\u00e1sicos. Essa <a href=\"https:\/\/rioonwatch.org.br\/?tag=negligencia-do-estado\">aus\u00eancia<\/a> [do investimento p\u00fablico em melhorias], as raras pol\u00edticas p\u00fablicas, nesse sentido, nos afeta cotidianamente. Como n\u00f3s queremos uma justi\u00e7a clim\u00e1tica se n\u00e3o h\u00e1 uma preocupa\u00e7\u00e3o com o saneamento b\u00e1sico desse pa\u00eds? Algu\u00e9m tem uma preocupa\u00e7\u00e3o para onde vai o lixo depois de p\u00f4r numa ca\u00e7amba ou na lixeira?&#8230; A gente s\u00f3 se desfaz do res\u00edduo, mas a gente tamb\u00e9m tem uma responsabilidade. Enquanto houver <a href=\"https:\/\/bit.ly\/2XvPcl5\" target=\"_blank\" rel=\"noopener\">racismo ambiental,<\/a> n\u00e3o tem justi\u00e7a clim\u00e1tica.\u201d <span style=\"font-weight: 400;\">\u2014 <\/span>Ant\u00f4nio Firmino<\/p><\/blockquote>\n<figure id=\"attachment_80179\" aria-describedby=\"caption-attachment-80179\" style=\"width: 2560px\" class=\"wp-caption aligncenter\"><a href=\"https:\/\/rioonwatch.org.br\/wp-content\/uploads\/2025\/11\/Mobilizadores-compartilham-desafios-enfrentados-comuns-a-diversos-territorios.-Foto-Igor-Siqueira-scaled.jpg\"><img loading=\"lazy\" decoding=\"async\" class=\"wp-image-80179 size-full\" title=\"Mobilizadores compartilham desafios enfrentados, comuns a diversos territ\u00f3rios. Foto: Igor Siqueira\" src=\"https:\/\/rioonwatch.org.br\/wp-content\/uploads\/2025\/11\/Mobilizadores-compartilham-desafios-enfrentados-comuns-a-diversos-territorios.-Foto-Igor-Siqueira-scaled.jpg\" alt=\"Mobilizadores compartilham desafios enfrentados, comuns a diversos territ\u00f3rios. Foto: Igor Siqueira\" width=\"2560\" height=\"1707\" srcset=\"https:\/\/rioonwatch.org.br\/wp-content\/uploads\/2025\/11\/Mobilizadores-compartilham-desafios-enfrentados-comuns-a-diversos-territorios.-Foto-Igor-Siqueira-scaled.jpg 2560w, https:\/\/rioonwatch.org.br\/wp-content\/uploads\/2025\/11\/Mobilizadores-compartilham-desafios-enfrentados-comuns-a-diversos-territorios.-Foto-Igor-Siqueira-620x413.jpg 620w, https:\/\/rioonwatch.org.br\/wp-content\/uploads\/2025\/11\/Mobilizadores-compartilham-desafios-enfrentados-comuns-a-diversos-territorios.-Foto-Igor-Siqueira-768x512.jpg 768w, https:\/\/rioonwatch.org.br\/wp-content\/uploads\/2025\/11\/Mobilizadores-compartilham-desafios-enfrentados-comuns-a-diversos-territorios.-Foto-Igor-Siqueira-1536x1024.jpg 1536w, https:\/\/rioonwatch.org.br\/wp-content\/uploads\/2025\/11\/Mobilizadores-compartilham-desafios-enfrentados-comuns-a-diversos-territorios.-Foto-Igor-Siqueira-2048x1365.jpg 2048w\" sizes=\"(max-width: 2560px) 100vw, 2560px\" \/><\/a><figcaption id=\"caption-attachment-80179\" class=\"wp-caption-text\">Mobilizadores compartilham desafios enfrentados, comuns a diversos territ\u00f3rios. Foto: Igor Siqueira<\/figcaption><\/figure>\n<p><span style=\"box-sizing: border-box; margin: 0px; padding: 0px;\">Para a\u00a0<em>social media<\/em>\u00a0e moradora da Rocinha, Isabelle Trindade, a proposta de realizar uma confer\u00eancia de comunica\u00e7\u00e3o na Rocinha \u00e9 uma estrat\u00e9gia que representa o primeiro passo para a justi\u00e7a clim\u00e1tica: a\u00a0<a href=\"https:\/\/bit.ly\/3anyNBi\" target=\"_blank\" rel=\"noopener\">inclus\u00e3o da favela no debate<\/a>.<\/span><\/p>\n<blockquote><p>\u201cA gente precisa ter um local de fala, a gente precisa falar sobre a nossa realidade. E a gente sempre v\u00ea as grandes m\u00eddias falando sobre o que elas pensam, sobre o que elas acham e, \u00e0s vezes, n\u00e3o \u00e9 o que realmente se aplica onde a gente mora, onde a gente vive. Ent\u00e3o, \u00e9 muito importante a gente conseguir falar e dar local de fala \u00e0s pessoas que pertencem \u00e0quele territ\u00f3rio. Precisamos entender que a gente faz parte dessas discuss\u00f5es e do [meio] ambiente. Temos que cuidar de onde a gente vive, estar ciente do que podemos fazer para mudar a realidade clim\u00e1tica, que t\u00e1 cada vez mais nociva e impactante. Daqui a pouco, a gente n\u00e3o vai conseguir mais ter um futuro se a gente n\u00e3o olhar para a realidade que a gente vive [agora].\u201d \u2014 Isabelle Trindade<\/p><\/blockquote>\n<blockquote class=\"instagram-media\" style=\"background: #FFF; border: 0; border-radius: 3px; box-shadow: 0 0 1px 0 rgba(0,0,0,0.5),0 1px 10px 0 rgba(0,0,0,0.15); margin: 1px; max-width: 540px; min-width: 326px; padding: 0; width: calc(100% - 2px);\" data-instgrm-captioned=\"\" data-instgrm-permalink=\"https:\/\/www.instagram.com\/reel\/DQmJFIOkVfS\/?utm_source=ig_embed&amp;utm_campaign=loading\" data-instgrm-version=\"14\">\n<div style=\"padding: 16px;\">\n<p>&nbsp;<\/p>\n<div style=\"display: flex; flex-direction: row; align-items: center;\">\n<div style=\"background-color: #f4f4f4; border-radius: 50%; flex-grow: 0; height: 40px; margin-right: 14px; width: 40px;\"><\/div>\n<div style=\"display: flex; flex-direction: column; flex-grow: 1; justify-content: center;\">\n<div style=\"background-color: #f4f4f4; border-radius: 4px; flex-grow: 0; height: 14px; margin-bottom: 6px; width: 100px;\"><\/div>\n<div style=\"background-color: #f4f4f4; border-radius: 4px; flex-grow: 0; height: 14px; width: 60px;\"><\/div>\n<\/div>\n<\/div>\n<div style=\"padding: 19% 0;\"><\/div>\n<div style=\"display: block; height: 50px; margin: 0 auto 12px; width: 50px;\"><\/div>\n<div style=\"padding-top: 8px;\">\n<div style=\"color: #3897f0; font-family: Arial,sans-serif; font-size: 14px; font-style: normal; font-weight: 550; line-height: 18px;\">Ver essa foto no Instagram<\/div>\n<\/div>\n<div style=\"padding: 12.5% 0;\"><\/div>\n<div style=\"display: flex; flex-direction: row; margin-bottom: 14px; align-items: center;\">\n<div>\n<div style=\"background-color: #f4f4f4; border-radius: 50%; height: 12.5px; width: 12.5px; transform: translateX(0px) translateY(7px);\"><\/div>\n<div style=\"background-color: #f4f4f4; height: 12.5px; transform: rotate(-45deg) translateX(3px) translateY(1px); width: 12.5px; flex-grow: 0; margin-right: 14px; margin-left: 2px;\"><\/div>\n<div style=\"background-color: #f4f4f4; border-radius: 50%; height: 12.5px; width: 12.5px; transform: translateX(9px) translateY(-18px);\"><\/div>\n<\/div>\n<div style=\"margin-left: 8px;\">\n<div style=\"background-color: #f4f4f4; border-radius: 50%; flex-grow: 0; height: 20px; width: 20px;\"><\/div>\n<div style=\"width: 0; height: 0; border-top: 2px solid transparent; border-left: 6px solid #f4f4f4; border-bottom: 2px solid transparent; transform: translateX(16px) translateY(-4px) rotate(30deg);\"><\/div>\n<\/div>\n<div style=\"margin-left: auto;\">\n<div style=\"width: 0px; border-top: 8px solid #F4F4F4; border-right: 8px solid transparent; transform: translateY(16px);\"><\/div>\n<div style=\"background-color: #f4f4f4; flex-grow: 0; height: 12px; width: 16px; transform: translateY(-4px);\"><\/div>\n<div style=\"width: 0; height: 0; border-top: 8px solid #F4F4F4; border-left: 8px solid transparent; transform: translateY(-4px) translateX(8px);\"><\/div>\n<\/div>\n<\/div>\n<div style=\"display: flex; flex-direction: column; flex-grow: 1; justify-content: center; margin-bottom: 24px;\">\n<div style=\"background-color: #f4f4f4; border-radius: 4px; flex-grow: 0; height: 14px; margin-bottom: 6px; width: 224px;\"><\/div>\n<div style=\"background-color: #f4f4f4; border-radius: 4px; flex-grow: 0; height: 14px; width: 144px;\"><\/div>\n<\/div>\n<p>&nbsp;<\/p>\n<p style=\"color: #c9c8cd; font-family: Arial,sans-serif; font-size: 14px; line-height: 17px; margin-bottom: 0; margin-top: 8px; overflow: hidden; padding: 8px 0 7px; text-align: center; text-overflow: ellipsis; white-space: nowrap;\"><a style=\"color: #c9c8cd; font-family: Arial,sans-serif; font-size: 14px; font-style: normal; font-weight: normal; line-height: 17px; text-decoration: none;\" href=\"https:\/\/www.instagram.com\/reel\/DQmJFIOkVfS\/?utm_source=ig_embed&amp;utm_campaign=loading\" target=\"_blank\" rel=\"noopener\">Uma publica\u00e7\u00e3o compartilhada por Fala Ro\u00e7a (@jornalfalaroca)<\/a><\/p>\n<\/div>\n<\/blockquote>\n<p><script async src=\"\/\/www.instagram.com\/embed.js\"><\/script><\/p>\n<p><span style=\"font-weight: 400;\">Ao todo, o evento reuniu cerca de 200 pessoas, entre quase 60 coletivos de m\u00eddia independente, vindos de 12 estados do Brasil, sendo eles:<\/span> <a href=\"https:\/\/bit.ly\/47Nn6lr\" target=\"_blank\" rel=\"noopener\"><span style=\"font-weight: 400;\">Bem TV<\/span><\/a><span style=\"font-weight: 400;\">, <\/span><a href=\"https:\/\/bit.ly\/3Nz8MEh\" target=\"_blank\" rel=\"noopener\"><span style=\"font-weight: 400;\">PPG Informativo<\/span><\/a><span style=\"font-weight: 400;\">, <\/span><a href=\"https:\/\/bit.ly\/4hTXN5J\" target=\"_blank\" rel=\"noopener\"><span style=\"font-weight: 400;\">F\u00f3rum Grita Baixada<\/span><\/a><span style=\"font-weight: 400;\">, <\/span><a href=\"https:\/\/bit.ly\/4i7FJol\" target=\"_blank\" rel=\"noopener\"><span style=\"font-weight: 400;\">Ag\u00eancia Lume<\/span><\/a><span style=\"font-weight: 400;\">, <\/span><a href=\"https:\/\/bit.ly\/4dXHtPF\" target=\"_blank\" rel=\"noopener\"><span style=\"font-weight: 400;\">O Catarin\u00e3o<\/span><\/a><span style=\"font-weight: 400;\">, <\/span><a href=\"https:\/\/bit.ly\/4oxesi7\" target=\"_blank\" rel=\"noopener\"><span style=\"font-weight: 400;\">Site da Baixada<\/span><\/a><span style=\"font-weight: 400;\">, <\/span><a href=\"https:\/\/bit.ly\/3JCWgED\" target=\"_blank\" rel=\"noopener\"><span style=\"font-weight: 400;\">Voz de Guadalupe,<\/span><\/a> <a href=\"https:\/\/bit.ly\/3LTf7Mb\" target=\"_blank\" rel=\"noopener\"><span style=\"font-weight: 400;\">Coletivo Jovem Tapaj\u00f4nico<\/span><\/a><span style=\"font-weight: 400;\">, <\/span><a href=\"https:\/\/bit.ly\/4nQMe0y\" target=\"_blank\" rel=\"noopener\"><span style=\"font-weight: 400;\">Tapajos de Fato<\/span><\/a><span style=\"font-weight: 400;\">, <\/span><a href=\"https:\/\/bit.ly\/4outqVZ\" target=\"_blank\" rel=\"noopener\"><span style=\"font-weight: 400;\">Rede Wayuri,<\/span><\/a> <a href=\"https:\/\/bit.ly\/43oxheS\" target=\"_blank\" rel=\"noopener\"><span style=\"font-weight: 400;\">Abar\u00e9 Escola de Jornalismo<\/span><\/a><span style=\"font-weight: 400;\">, <\/span><a href=\"https:\/\/bit.ly\/3JLi1Cb\" target=\"_blank\" rel=\"noopener\"><span style=\"font-weight: 400;\">O Varadouro<\/span><\/a><span style=\"font-weight: 400;\">, <\/span><a href=\"https:\/\/bit.ly\/49IsbxN\" target=\"_blank\" rel=\"noopener\"><span style=\"font-weight: 400;\">Coletivo Utopia Negra Amapaense<\/span><\/a><span style=\"font-weight: 400;\">, <\/span><a href=\"https:\/\/bit.ly\/4osed7X\" target=\"_blank\" rel=\"noopener\"><span style=\"font-weight: 400;\">Instituto Eficientes,<\/span><\/a> <a href=\"https:\/\/bit.ly\/3XkZPlT\" target=\"_blank\" rel=\"noopener\"><span style=\"font-weight: 400;\">Afoitas<\/span><\/a><span style=\"font-weight: 400;\">, <\/span><a href=\"https:\/\/bit.ly\/47PTWlA\" target=\"_blank\" rel=\"noopener\"><span style=\"font-weight: 400;\">Sargento Perifa<\/span><\/a><span style=\"font-weight: 400;\">, <\/span><a href=\"https:\/\/bit.ly\/4i0ITec\" target=\"_blank\" rel=\"noopener\"><span style=\"font-weight: 400;\">Nordeste Eu sou<\/span><\/a><span style=\"font-weight: 400;\">, <\/span><a href=\"https:\/\/bit.ly\/47MsO71\" target=\"_blank\" rel=\"noopener\"><span style=\"font-weight: 400;\">Mangue Jornalismo,<\/span><\/a> <a href=\"https:\/\/bit.ly\/47JiDQI\" target=\"_blank\" rel=\"noopener\"><span style=\"font-weight: 400;\">Coar Jornalismo<\/span><\/a><span style=\"font-weight: 400;\">, <\/span><a href=\"https:\/\/bit.ly\/4hXIGZg\" target=\"_blank\" rel=\"noopener\"><span style=\"font-weight: 400;\">Desenrola e N\u00e3o Me Enrola<\/span><\/a><span style=\"font-weight: 400;\">, <\/span><a href=\"https:\/\/bit.ly\/47NnKz9\" target=\"_blank\" rel=\"noopener\"><span style=\"font-weight: 400;\">N\u00f3s, mulheres da Perifeira<\/span><\/a><span style=\"font-weight: 400;\">, <\/span><a href=\"https:\/\/bit.ly\/4nNrirh\" target=\"_blank\" rel=\"noopener\"><span style=\"font-weight: 400;\">Manda Not\u00edcias<\/span><\/a><span style=\"font-weight: 400;\">, <\/span><a href=\"https:\/\/bit.ly\/482d557\" target=\"_blank\" rel=\"noopener\"><span style=\"font-weight: 400;\">Coneccta Cabana<\/span><\/a><span style=\"font-weight: 400;\">, <\/span><a href=\"https:\/\/bit.ly\/4oUTyJA\" target=\"_blank\" rel=\"noopener\"><span style=\"font-weight: 400;\">Site Coreto<\/span><\/a><span style=\"font-weight: 400;\">, <\/span><a href=\"https:\/\/bit.ly\/4hRHSEU\" target=\"_blank\" rel=\"noopener\"><span style=\"font-weight: 400;\">Perifa Connection<\/span><\/a><span style=\"font-weight: 400;\">,<\/span><a href=\"https:\/\/bit.ly\/4fsz1Ik\" target=\"_blank\" rel=\"noopener\"><span style=\"font-weight: 400;\"> NPC &#8211; N\u00facleo Piratininga de Comunica\u00e7\u00e3o,<\/span><\/a><span style=\"font-weight: 400;\">\u00a0 <\/span><a href=\"https:\/\/bit.ly\/47lBKjq\" target=\"_blank\" rel=\"noopener\"><span style=\"font-weight: 400;\">Voz das Comunidades<\/span><\/a><span style=\"font-weight: 400;\">, <\/span><a href=\"https:\/\/bit.ly\/46CStN4\" target=\"_blank\" rel=\"noopener\"><span style=\"font-weight: 400;\">Not\u00edcia Preta, <\/span><\/a><a href=\"https:\/\/bit.ly\/4qPRgwT\" target=\"_blank\" rel=\"noopener\"><span style=\"font-weight: 400;\">Territ\u00f3rio da Not\u00edcia<\/span><\/a><span style=\"font-weight: 400;\">, <\/span><a href=\"https:\/\/bit.ly\/47yWCp1\" target=\"_blank\" rel=\"noopener\"><span style=\"font-weight: 400;\">Podcast P\u00e9 no Ouvido<\/span><\/a><span style=\"font-weight: 400;\">, <\/span><a href=\"https:\/\/bit.ly\/47Q30a4\" target=\"_blank\" rel=\"noopener\"><span style=\"font-weight: 400;\">Periferia em Movimento,<\/span><\/a><span style=\"font-weight: 400;\">\u00a0 <\/span><a href=\"https:\/\/bit.ly\/4qP9QFs\" target=\"_blank\" rel=\"noopener\"><span style=\"font-weight: 400;\">Calango Not\u00edcias<\/span><\/a><span style=\"font-weight: 400;\">,<\/span><a href=\"https:\/\/bit.ly\/4ibA8y5\" target=\"_blank\" rel=\"noopener\"><span style=\"font-weight: 400;\"> TV Bonja<\/span><\/a><span style=\"font-weight: 400;\">, Retratos de Favela, <\/span><a href=\"https:\/\/bit.ly\/4qX3vbo\" target=\"_blank\" rel=\"noopener\"><span style=\"font-weight: 400;\">TV Comunidades<\/span><\/a><span style=\"font-weight: 400;\">,<\/span><a href=\"https:\/\/bit.ly\/4oUusKE\" target=\"_blank\" rel=\"noopener\"><span style=\"font-weight: 400;\"> TV Quilombo<\/span><\/a><span style=\"font-weight: 400;\">, <\/span><a href=\"https:\/\/bit.ly\/3JGGcBO\" target=\"_blank\" rel=\"noopener\"><span style=\"font-weight: 400;\">Jornal O Pedreirense<\/span><\/a><span style=\"font-weight: 400;\">, <\/span><a href=\"https:\/\/bit.ly\/49cEYsf\" target=\"_blank\" rel=\"noopener\"><span style=\"font-weight: 400;\">Rede Tumulto,<\/span><\/a> <a href=\"https:\/\/bit.ly\/49Jw71i\" target=\"_blank\" rel=\"noopener\"><span style=\"font-weight: 400;\">Mojub\u00e1 M\u00eddias e Conex\u00f5es<\/span><\/a><span style=\"font-weight: 400;\">, <\/span><a href=\"https:\/\/bit.ly\/3XlTtCQ\" target=\"_blank\" rel=\"noopener\"><span style=\"font-weight: 400;\">Conquista Rep\u00f3rter<\/span><\/a><span style=\"font-weight: 400;\">, <\/span><a href=\"https:\/\/bit.ly\/43lHoRC\" target=\"_blank\" rel=\"noopener\"><span style=\"font-weight: 400;\">Rede Kalunga Comunica\u00e7\u00f5es<\/span><\/a><span style=\"font-weight: 400;\">, <\/span><a href=\"https:\/\/bit.ly\/3LuKc92\" target=\"_blank\" rel=\"noopener\"><span style=\"font-weight: 400;\">Tec Perifa<\/span><\/a><span style=\"font-weight: 400;\">, R\u00e1dio Favela, <\/span><a href=\"https:\/\/bit.ly\/47LYRnE\" target=\"_blank\" rel=\"noopener\"><span style=\"font-weight: 400;\">O Cidad\u00e3o<\/span><\/a><span style=\"font-weight: 400;\">, <\/span><a href=\"https:\/\/bit.ly\/3EKp3SU\" target=\"_blank\" rel=\"noopener\"><span style=\"font-weight: 400;\">Fala Akari<\/span><\/a><span style=\"font-weight: 400;\">,<\/span><a href=\"https:\/\/bit.ly\/4a3Yp4w\" target=\"_blank\" rel=\"noopener\"><span style=\"font-weight: 400;\"> Fala Manguinhos,<\/span><\/a> <a href=\"https:\/\/bit.ly\/4nNM2iG\" target=\"_blank\" rel=\"noopener\"><span style=\"font-weight: 400;\">CDD Acontece<\/span><\/a><span style=\"font-weight: 400;\">, <\/span><a href=\"https:\/\/bit.ly\/4p1E9Hi\" target=\"_blank\" rel=\"noopener\"><span style=\"font-weight: 400;\">Favela em Pauta<\/span><\/a><span style=\"font-weight: 400;\">, <\/span><a href=\"https:\/\/bit.ly\/4oxpTq3\" target=\"_blank\" rel=\"noopener\"><span style=\"font-weight: 400;\">Mar\u00e9 de Not\u00edcias<\/span><\/a><span style=\"font-weight: 400;\">, <\/span><a href=\"https:\/\/bit.ly\/4qX4loy\" target=\"_blank\" rel=\"noopener\"><span style=\"font-weight: 400;\">Entre Becos<\/span><\/a><span style=\"font-weight: 400;\">, <\/span><a href=\"https:\/\/bit.ly\/43qhhZU\" target=\"_blank\" rel=\"noopener\"><span style=\"font-weight: 400;\">Desterro &#8211; Observat\u00f3rio de Viol\u00eancia em Florian\u00f3polis<\/span><span style=\"font-weight: 400;\">,<\/span><\/a> <a href=\"https:\/\/bit.ly\/4ibBc53\" target=\"_blank\" rel=\"noopener\"><span style=\"font-weight: 400;\">Canal Meio<\/span><\/a><span style=\"font-weight: 400;\">\u00a0 e <\/span><a href=\"https:\/\/bit.ly\/49GCNxi\" target=\"_blank\" rel=\"noopener\"><span style=\"font-weight: 400;\">A Terceira Margem da Rua<\/span><\/a><span style=\"font-weight: 400;\">. Al\u00e9m disso, o encontro contou com um show de encerramento do grupo de pagode Os Caramelos.<\/span><\/p>\n<p><span style=\"font-weight: 400;\">Tamb\u00e9m marcaram presen\u00e7a a Ministra <\/span><a href=\"https:\/\/bit.ly\/4nwxZxY\" target=\"_blank\" rel=\"noopener\"><span style=\"font-weight: 400;\">Anielle Franco<\/span><\/a><span style=\"font-weight: 400;\">, <\/span><a href=\"https:\/\/bit.ly\/3QPCrcq\" target=\"_blank\" rel=\"noopener\"><span style=\"font-weight: 400;\">Minist\u00e9rio da Igualdade Racial<\/span><\/a><span style=\"font-weight: 400;\">, <\/span><span style=\"font-weight: 400;\">entidades e organiza\u00e7\u00f5es da sociedade civil como a<\/span><span style=\"font-weight: 400;\">\u00a0<\/span><a href=\"https:\/\/bit.ly\/4p2IgTF\" target=\"_blank\" rel=\"noopener\"><span style=\"font-weight: 400;\">Rocinha 2030<\/span><\/a><span style=\"font-weight: 400;\">,<\/span><a href=\"https:\/\/bit.ly\/4nPnS7A\" target=\"_blank\" rel=\"noopener\"><span style=\"font-weight: 400;\"> Funda\u00e7\u00e3o Ita\u00fa<\/span><\/a><span style=\"font-weight: 400;\">, <\/span><a href=\"https:\/\/bit.ly\/3LyI5kn\" target=\"_blank\" rel=\"noopener\"><span style=\"font-weight: 400;\">Fundo de Apoio ao Jornalismo (FAJ)<\/span><\/a><span style=\"font-weight: 400;\">, <\/span><a href=\"https:\/\/bit.ly\/49KmSOs\" target=\"_blank\" rel=\"noopener\"><span style=\"font-weight: 400;\">Pulitzer Center<\/span><\/a><span style=\"font-weight: 400;\">, <\/span><a href=\"https:\/\/bit.ly\/4nMwXh8\" target=\"_blank\" rel=\"noopener\"><span style=\"font-weight: 400;\">Rep\u00f3rteres Sem Fronteiras<\/span><\/a><span style=\"font-weight: 400;\">, <\/span><a href=\"https:\/\/bit.ly\/3WPSaMl\" target=\"_blank\" rel=\"noopener\"><span style=\"font-weight: 400;\">Consulado Americano<\/span><\/a><span style=\"font-weight: 400;\">, <\/span><a href=\"https:\/\/bit.ly\/3JQ6GRj\" target=\"_blank\" rel=\"noopener\"><span style=\"font-weight: 400;\">Artigo 19,<\/span><\/a> <a href=\"https:\/\/bit.ly\/4owScon\" target=\"_blank\" rel=\"noopener\"><span style=\"font-weight: 400;\">Instituto Brasileiro de Geografia e Estat\u00edstica (IBGE)<\/span><\/a><span style=\"font-weight: 400;\">, <\/span><a href=\"https:\/\/bit.ly\/43o0AOD\" target=\"_blank\" rel=\"noopener\"><span style=\"font-weight: 400;\">Associa\u00e7\u00e3o Brasileira de Jornalismo Investigativo (<\/span><span style=\"font-weight: 400;\">Abraji),<\/span><\/a> <a href=\"https:\/\/bit.ly\/47PRtYA\" target=\"_blank\" rel=\"noopener\"><span style=\"font-weight: 400;\">Bem-Te-Vi Diversidade,<\/span><\/a><span style=\"font-weight: 400;\">\u00a0<\/span><a href=\"https:\/\/bit.ly\/4qT7563\" target=\"_blank\" rel=\"noopener\"><span style=\"font-weight: 400;\">Assembleia Legislativa do Estado do Rio de Janeiro (<\/span><span style=\"font-weight: 400;\">Alerj),<\/span><\/a><a href=\"https:\/\/bit.ly\/4qIYumq\" target=\"_blank\" rel=\"noopener\"> <span style=\"font-weight: 400;\">Instituto da Mulher Negra M\u00e3e Hilda Jitolu<\/span><\/a><span style=\"font-weight: 400;\">, <\/span><a href=\"https:\/\/bit.ly\/4oWCXVG\" target=\"_blank\" rel=\"noopener\"><span style=\"font-weight: 400;\">Redes do Beberibe<\/span><\/a><span style=\"font-weight: 400;\">, <\/span><a href=\"https:\/\/bit.ly\/4oy1wZa\" target=\"_blank\" rel=\"noopener\"><span style=\"font-weight: 400;\">Coletivo de Comunica\u00e7\u00e3o da Coordena\u00e7\u00e3o Nacional de Articula\u00e7\u00e3o das Comunidades Negras Rurais Quilombolas \u2013 CONAQ<\/span><\/a><span style=\"font-weight: 400;\">, <\/span><a href=\"https:\/\/bit.ly\/43oLkkC\" target=\"_blank\" rel=\"noopener\"><span style=\"font-weight: 400;\">Redes da Mar\u00e9<\/span><\/a><span style=\"font-weight: 400;\">, <\/span><a href=\"https:\/\/bit.ly\/41PDa3Y\" target=\"_blank\" rel=\"noopener\"><span style=\"font-weight: 400;\">Instituto Papo Reto<\/span><\/a><span style=\"font-weight: 400;\">, <\/span><a href=\"https:\/\/bit.ly\/3JHnp8M\" target=\"_blank\" rel=\"noopener\"><span style=\"font-weight: 400;\">Instituto Decodifica<\/span><\/a><span style=\"font-weight: 400;\">, <\/span><a href=\"https:\/\/bit.ly\/2LMEqkB\" target=\"_blank\" rel=\"noopener\"><span style=\"font-weight: 400;\">Frente de Mobiliza\u00e7\u00e3o da Mar\u00e9<\/span><\/a><span style=\"font-weight: 400;\">, <\/span><a href=\"https:\/\/bit.ly\/3X7Ogi9\" target=\"_blank\" rel=\"noopener\"><span style=\"font-weight: 400;\">Latina P\u00e9 no Ch\u00e3o<\/span><\/a><span style=\"font-weight: 400;\">, <\/span><a href=\"https:\/\/bit.ly\/3DGzGIg\" target=\"_blank\" rel=\"noopener\"><span style=\"font-weight: 400;\">Secretaria de Meio Ambiente do Estado RJ (SEAS)<\/span><\/a><span style=\"font-weight: 400;\">, <\/span><a href=\"https:\/\/bit.ly\/4nNCILO\" target=\"_blank\" rel=\"noopener\"><span style=\"font-weight: 400;\">Instituto Cultura, Comunica\u00e7\u00e3o e Incid\u00eancia (ICCI)<\/span><\/a><span style=\"font-weight: 400;\">, <\/span><a href=\"https:\/\/bit.ly\/4nNw6gj\" target=\"_blank\" rel=\"noopener\"><span style=\"font-weight: 400;\">Funda\u00e7\u00e3o Konrad Adenauer (KAS)<\/span><\/a><span style=\"font-weight: 400;\">, <\/span><a href=\"https:\/\/bit.ly\/3LTSd7m\" target=\"_blank\" rel=\"noopener\"><span style=\"font-weight: 400;\">Programa das Na\u00e7\u00f5es Unidas para o Desenvolvimento da ONU<\/span><\/a><span style=\"font-weight: 400;\"> e <\/span><a href=\"https:\/\/bit.ly\/3JV2tf4\" target=\"_blank\" rel=\"noopener\"><span style=\"font-weight: 400;\">Rota do S\u00e3o Benedito.<\/span><\/a><\/p>\n<p><em>Sobre a autora:\u00a0<i data-stringify-type=\"italic\"><a class=\"c-link\" href=\"https:\/\/bit.ly\/3p94eas\" rel=\"noopener noreferrer\" data-stringify-link=\"https:\/\/bit.ly\/3p94eas\" data-sk=\"tooltip_parent\">Amanda Baroni Lopes<\/a><\/i><i data-stringify-type=\"italic\">\u00a0\u00e9 formada em jornalismo na Unicarioca e foi aluna do 1\u00b0 Laborat\u00f3rio de Jornalismo do\u00a0<\/i><i data-stringify-type=\"italic\"><a class=\"c-link\" href=\"https:\/\/bit.ly\/33tm8dz\" rel=\"noopener noreferrer\" data-stringify-link=\"http:\/\/bit.ly\/2YfGMc5\" data-sk=\"tooltip_parent\">Mar\u00e9 de Not\u00edcias<\/a><\/i><i data-stringify-type=\"italic\">. \u00c9 autora do\u00a0<\/i><a href=\"https:\/\/bit.ly\/3p49ufB\" rel=\"noopener\"><i data-stringify-type=\"italic\">Guia Antiass\u00e9dio no Breaking<\/i><\/a><i data-stringify-type=\"italic\">, um manual que explica ao p\u00fablico do Hip Hop sobre o que \u00e9 ou n\u00e3o ass\u00e9dio e orienta sobre o que fazer nessas situa\u00e7\u00f5es. Amanda \u00e9 cria do Morro do Timbau,\u00a0no Complexo da Mar\u00e9.<\/i><\/em><\/p>\n<hr \/>\n<h4><b data-stringify-type=\"bold\">Apoie nossos esfor\u00e7os para fornecer apoio estrat\u00e9gico \u00e0s favelas do Rio, incluindo o jornalismo hiperlocal, cr\u00edtico, inovador e incans\u00e1vel do\u00a0<\/b><b data-stringify-type=\"bold\"><i data-stringify-type=\"italic\">RioOnWatch<\/i><\/b>\u2014<a class=\"c-link\" href=\"http:\/\/www.bit.ly\/ApoieROW\" rel=\"noopener noreferrer\" data-stringify-link=\"http:\/\/www.bit.ly\/ApoieROW\" data-sk=\"tooltip_parent\">doe aqui<\/a>.<\/h4>\n<!-- AddThis Advanced Settings generic via filter on the_content --><!-- AddThis Share Buttons generic via filter on the_content -->","protected":false},"excerpt":{"rendered":"<div class=\"mh-excerpt\"><p>Click Here for English Entre 30 de outubro e 1 de novembro de 2025, a Rocinha, na Zona Sul do Rio de Janeiro, recebeu a 3\u00aa Confer\u00eancia de Jornalismo das Favelas e Periferias, encontro nacional <a class=\"mh-excerpt-more\" href=\"https:\/\/rioonwatch.org.br\/?p=80136\" title=\"\u2018As M\u00eddias Faveladas S\u00e3o um Bra\u00e7o da Democracia\u2019: Na Rocinha, Justi\u00e7a Clim\u00e1tica para Favelas \u00c9 Pauta da 3\u00b0 Confer\u00eancia de Jornalismo de Favelas e Periferias\">[&#8230;]<\/a><!-- AddThis Advanced Settings generic via filter on get_the_excerpt --><!-- AddThis Share Buttons generic via filter on get_the_excerpt --><\/p>\n<\/div>","protected":false},"author":192,"featured_media":80173,"comment_status":"closed","ping_status":"closed","sticky":false,"template":"template-full.php","format":"standard","meta":{"_acf_changed":false,"_monsterinsights_skip_tracking":false,"_monsterinsights_sitenote_active":false,"_monsterinsights_sitenote_note":"","_monsterinsights_sitenote_category":0,"footnotes":""},"categories":[3172,1621,1627,3175,3170,1616,3206,1612,342],"tags":[3528,2786,217,1530,1874,1166,3112,2057,2368,1206,1830,2139,2505,2432,1393,16,492,476,354,218,184,383],"writer":[3181],"translator":[],"source":[],"ilustrador":[],"fotografo":[3338],"class_list":{"0":"post-80136","1":"post","2":"type-post","3":"status-publish","4":"format-standard","5":"has-post-thumbnail","7":"category-olhonamidia","8":"category-destaque","9":"category-relato-de-evento","10":"category-democracia","11":"category-justica-climatica","12":"category-qualidades-da-favela","13":"category-representatividade","14":"category-sociedade-civil","15":"category-solucoes","16":"tag-ancestralidade","17":"tag-belem","18":"tag-complexo-do-alemao","19":"tag-midia-comunitaria","20":"tag-fala-roca","21":"tag-jornalismo","22":"tag-justica-climatica","23":"tag-midia-alternativa","24":"tag-museu-comunitario","25":"tag-museu-da-rocinha-sankofa","26":"tag-nos-por-nos","27":"tag-justica-ambiental","28":"tag-radio-comunitaria","29":"tag-representatividade","30":"tag-rio-das-pedras","31":"tag-rocinha","32":"tag-saneamento","33":"tag-solucao-comunitaria","34":"tag-vidigal","35":"tag-zona-norte","36":"tag-zona-oeste","37":"tag-zona-sul","38":"writer-amanda-baroni-lopes","39":"fotografo-amanda-baroni-lopes"},"acf":[],"yoast_head":"<!-- This site is optimized with the Yoast SEO plugin v25.6 - https:\/\/yoast.com\/wordpress\/plugins\/seo\/ -->\n<title>\u2018As M\u00eddias Faveladas S\u00e3o um Bra\u00e7o da Democracia\u2019: Na Rocinha, Justi\u00e7a Clim\u00e1tica para Favelas \u00c9 Pauta da 3\u00b0 Confer\u00eancia de Jornalismo de Favelas e Periferias - RioOnWatch<\/title>\n<meta name=\"robots\" content=\"index, follow, max-snippet:-1, max-image-preview:large, max-video-preview:-1\" \/>\n<link rel=\"canonical\" href=\"https:\/\/rioonwatch.org.br\/?p=80136\" \/>\n<meta property=\"og:locale\" content=\"pt_BR\" \/>\n<meta property=\"og:type\" content=\"article\" \/>\n<meta property=\"og:title\" content=\"\u2018As M\u00eddias Faveladas S\u00e3o um Bra\u00e7o da Democracia\u2019: Na Rocinha, Justi\u00e7a Clim\u00e1tica para Favelas \u00c9 Pauta da 3\u00b0 Confer\u00eancia de Jornalismo de Favelas e Periferias - RioOnWatch\" \/>\n<meta property=\"og:description\" content=\"Click Here for English Entre 30 de outubro e 1 de novembro de 2025, a Rocinha, na Zona Sul do Rio de Janeiro, recebeu a 3\u00aa Confer\u00eancia de Jornalismo das Favelas e Periferias, encontro nacional [...]\" \/>\n<meta property=\"og:url\" content=\"https:\/\/rioonwatch.org.br\/?p=80136\" \/>\n<meta property=\"og:site_name\" content=\"RioOnWatch\" \/>\n<meta property=\"article:published_time\" content=\"2025-11-22T13:39:11+00:00\" \/>\n<meta property=\"article:modified_time\" content=\"2026-01-08T15:25:56+00:00\" \/>\n<meta property=\"og:image\" content=\"https:\/\/rioonwatch.org.br\/wp-content\/uploads\/2025\/11\/3a-Conferencia-de-jornalismo-de-favelas-e-periferias-reune-liderancas-de-mais-de-12-estados-brasileiros-na-Rocinha.-Foto-Igor-Siqueira-scaled.jpg\" \/>\n\t<meta property=\"og:image:width\" content=\"2560\" \/>\n\t<meta property=\"og:image:height\" content=\"1707\" \/>\n\t<meta property=\"og:image:type\" content=\"image\/jpeg\" \/>\n<meta name=\"author\" content=\"Beatriz Miranda\" \/>\n<meta name=\"twitter:card\" content=\"summary_large_image\" \/>\n<meta name=\"twitter:label1\" content=\"Escrito por\" \/>\n\t<meta name=\"twitter:data1\" content=\"Beatriz Miranda\" \/>\n\t<meta name=\"twitter:label2\" content=\"Est. tempo de leitura\" \/>\n\t<meta name=\"twitter:data2\" content=\"9 minutos\" \/>\n<script type=\"application\/ld+json\" class=\"yoast-schema-graph\">{\"@context\":\"https:\/\/schema.org\",\"@graph\":[{\"@type\":\"Article\",\"@id\":\"https:\/\/rioonwatch.org.br\/?p=80136#article\",\"isPartOf\":{\"@id\":\"https:\/\/rioonwatch.org.br\/?p=80136\"},\"author\":{\"name\":\"Beatriz Miranda\",\"@id\":\"https:\/\/rioonwatch.org.br\/#\/schema\/person\/1150bfc199e76e22909b454a0c139c4b\"},\"headline\":\"\u2018As M\u00eddias Faveladas S\u00e3o um Bra\u00e7o da Democracia\u2019: Na Rocinha, Justi\u00e7a Clim\u00e1tica para Favelas \u00c9 Pauta da 3\u00b0 Confer\u00eancia de Jornalismo de Favelas e Periferias\",\"datePublished\":\"2025-11-22T13:39:11+00:00\",\"dateModified\":\"2026-01-08T15:25:56+00:00\",\"mainEntityOfPage\":{\"@id\":\"https:\/\/rioonwatch.org.br\/?p=80136\"},\"wordCount\":2968,\"publisher\":{\"@id\":\"https:\/\/rioonwatch.org.br\/#organization\"},\"image\":{\"@id\":\"https:\/\/rioonwatch.org.br\/?p=80136#primaryimage\"},\"thumbnailUrl\":\"https:\/\/rioonwatch.org.br\/wp-content\/uploads\/2025\/11\/3a-Conferencia-de-jornalismo-de-favelas-e-periferias-reune-liderancas-de-mais-de-12-estados-brasileiros-na-Rocinha.-Foto-Igor-Siqueira-scaled.jpg\",\"keywords\":[\"Ancestralidade\",\"Bel\u00e9m\",\"Complexo do Alem\u00e3o\",\"Comunica\u00e7\u00e3o Comunit\u00e1ria\",\"Fala Ro\u00e7a\",\"jornalismo\",\"Justi\u00e7a Clim\u00e1tica\",\"m\u00eddia alternativa\",\"Museu comunit\u00e1rio\",\"Museu da Rocinha Sankofa\",\"N\u00f3s por N\u00f3s\",\"Racismo ambiental\",\"radio comunit\u00e1ria\",\"representatividade\",\"Rio das Pedras\",\"Rocinha\",\"saneamento\",\"solu\u00e7\u00e3o comunit\u00e1ria\",\"Vidigal\",\"Zona Norte\",\"Zona Oeste\",\"Zona Sul\"],\"articleSection\":[\"#OlhoNaM\u00eddia\",\"*Destaque\",\"Cobertura de Eventos\",\"Democracia\",\"Justi\u00e7a Clim\u00e1tica\",\"Qualidades da Favela\",\"Representatividade\",\"Sociedade Civil\",\"Solu\u00e7\u00f5es\"],\"inLanguage\":\"pt-BR\"},{\"@type\":\"WebPage\",\"@id\":\"https:\/\/rioonwatch.org.br\/?p=80136\",\"url\":\"https:\/\/rioonwatch.org.br\/?p=80136\",\"name\":\"\u2018As M\u00eddias Faveladas S\u00e3o um Bra\u00e7o da Democracia\u2019: Na Rocinha, Justi\u00e7a Clim\u00e1tica para Favelas \u00c9 Pauta da 3\u00b0 Confer\u00eancia de Jornalismo de Favelas e Periferias - RioOnWatch\",\"isPartOf\":{\"@id\":\"https:\/\/rioonwatch.org.br\/#website\"},\"primaryImageOfPage\":{\"@id\":\"https:\/\/rioonwatch.org.br\/?p=80136#primaryimage\"},\"image\":{\"@id\":\"https:\/\/rioonwatch.org.br\/?p=80136#primaryimage\"},\"thumbnailUrl\":\"https:\/\/rioonwatch.org.br\/wp-content\/uploads\/2025\/11\/3a-Conferencia-de-jornalismo-de-favelas-e-periferias-reune-liderancas-de-mais-de-12-estados-brasileiros-na-Rocinha.-Foto-Igor-Siqueira-scaled.jpg\",\"datePublished\":\"2025-11-22T13:39:11+00:00\",\"dateModified\":\"2026-01-08T15:25:56+00:00\",\"breadcrumb\":{\"@id\":\"https:\/\/rioonwatch.org.br\/?p=80136#breadcrumb\"},\"inLanguage\":\"pt-BR\",\"potentialAction\":[{\"@type\":\"ReadAction\",\"target\":[\"https:\/\/rioonwatch.org.br\/?p=80136\"]}]},{\"@type\":\"ImageObject\",\"inLanguage\":\"pt-BR\",\"@id\":\"https:\/\/rioonwatch.org.br\/?p=80136#primaryimage\",\"url\":\"https:\/\/rioonwatch.org.br\/wp-content\/uploads\/2025\/11\/3a-Conferencia-de-jornalismo-de-favelas-e-periferias-reune-liderancas-de-mais-de-12-estados-brasileiros-na-Rocinha.-Foto-Igor-Siqueira-scaled.jpg\",\"contentUrl\":\"https:\/\/rioonwatch.org.br\/wp-content\/uploads\/2025\/11\/3a-Conferencia-de-jornalismo-de-favelas-e-periferias-reune-liderancas-de-mais-de-12-estados-brasileiros-na-Rocinha.-Foto-Igor-Siqueira-scaled.jpg\",\"width\":2560,\"height\":1707,\"caption\":\"3\u00aa Confer\u00eancia de jornalismo de favelas e periferias re\u00fane lideran\u00e7as de mais de 12 estados brasileiros na Rocinha. Foto: Igor Siqueira\"},{\"@type\":\"BreadcrumbList\",\"@id\":\"https:\/\/rioonwatch.org.br\/?p=80136#breadcrumb\",\"itemListElement\":[{\"@type\":\"ListItem\",\"position\":1,\"name\":\"In\u00edcio\",\"item\":\"https:\/\/rioonwatch.org.br\/\"},{\"@type\":\"ListItem\",\"position\":2,\"name\":\"\u2018As M\u00eddias Faveladas S\u00e3o um Bra\u00e7o da Democracia\u2019: Na Rocinha, Justi\u00e7a Clim\u00e1tica para Favelas \u00c9 Pauta da 3\u00b0 Confer\u00eancia de Jornalismo de Favelas e Periferias\"}]},{\"@type\":\"WebSite\",\"@id\":\"https:\/\/rioonwatch.org.br\/#website\",\"url\":\"https:\/\/rioonwatch.org.br\/\",\"name\":\"RioOnWatch\",\"description\":\"relatos das favelas cariocas\",\"publisher\":{\"@id\":\"https:\/\/rioonwatch.org.br\/#organization\"},\"potentialAction\":[{\"@type\":\"SearchAction\",\"target\":{\"@type\":\"EntryPoint\",\"urlTemplate\":\"https:\/\/rioonwatch.org.br\/?s={search_term_string}\"},\"query-input\":{\"@type\":\"PropertyValueSpecification\",\"valueRequired\":true,\"valueName\":\"search_term_string\"}}],\"inLanguage\":\"pt-BR\"},{\"@type\":\"Organization\",\"@id\":\"https:\/\/rioonwatch.org.br\/#organization\",\"name\":\"RioOnWatch\",\"url\":\"https:\/\/rioonwatch.org.br\/\",\"logo\":{\"@type\":\"ImageObject\",\"inLanguage\":\"pt-BR\",\"@id\":\"https:\/\/rioonwatch.org.br\/#\/schema\/logo\/image\/\",\"url\":\"https:\/\/rioonwatch.org.br\/wp-content\/uploads\/2021\/06\/RioOnWatchcabecalhoPT11anos-2.png\",\"contentUrl\":\"https:\/\/rioonwatch.org.br\/wp-content\/uploads\/2021\/06\/RioOnWatchcabecalhoPT11anos-2.png\",\"width\":779,\"height\":277,\"caption\":\"RioOnWatch\"},\"image\":{\"@id\":\"https:\/\/rioonwatch.org.br\/#\/schema\/logo\/image\/\"}},{\"@type\":\"Person\",\"@id\":\"https:\/\/rioonwatch.org.br\/#\/schema\/person\/1150bfc199e76e22909b454a0c139c4b\",\"name\":\"Beatriz Miranda\",\"image\":{\"@type\":\"ImageObject\",\"inLanguage\":\"pt-BR\",\"@id\":\"https:\/\/rioonwatch.org.br\/#\/schema\/person\/image\/\",\"url\":\"https:\/\/secure.gravatar.com\/avatar\/41a514d4cb8be1f42ceaebd1038a447b?s=96&d=blank&r=g\",\"contentUrl\":\"https:\/\/secure.gravatar.com\/avatar\/41a514d4cb8be1f42ceaebd1038a447b?s=96&d=blank&r=g\",\"caption\":\"Beatriz Miranda\"},\"url\":\"https:\/\/rioonwatch.org.br\/?author=192\"}]}<\/script>\n<!-- \/ Yoast SEO plugin. -->","yoast_head_json":{"title":"\u2018As M\u00eddias Faveladas S\u00e3o um Bra\u00e7o da Democracia\u2019: Na Rocinha, Justi\u00e7a Clim\u00e1tica para Favelas \u00c9 Pauta da 3\u00b0 Confer\u00eancia de Jornalismo de Favelas e Periferias - RioOnWatch","robots":{"index":"index","follow":"follow","max-snippet":"max-snippet:-1","max-image-preview":"max-image-preview:large","max-video-preview":"max-video-preview:-1"},"canonical":"https:\/\/rioonwatch.org.br\/?p=80136","og_locale":"pt_BR","og_type":"article","og_title":"\u2018As M\u00eddias Faveladas S\u00e3o um Bra\u00e7o da Democracia\u2019: Na Rocinha, Justi\u00e7a Clim\u00e1tica para Favelas \u00c9 Pauta da 3\u00b0 Confer\u00eancia de Jornalismo de Favelas e Periferias - RioOnWatch","og_description":"Click Here for English Entre 30 de outubro e 1 de novembro de 2025, a Rocinha, na Zona Sul do Rio de Janeiro, recebeu a 3\u00aa Confer\u00eancia de Jornalismo das Favelas e Periferias, encontro nacional [...]","og_url":"https:\/\/rioonwatch.org.br\/?p=80136","og_site_name":"RioOnWatch","article_published_time":"2025-11-22T13:39:11+00:00","article_modified_time":"2026-01-08T15:25:56+00:00","og_image":[{"width":2560,"height":1707,"url":"https:\/\/rioonwatch.org.br\/wp-content\/uploads\/2025\/11\/3a-Conferencia-de-jornalismo-de-favelas-e-periferias-reune-liderancas-de-mais-de-12-estados-brasileiros-na-Rocinha.-Foto-Igor-Siqueira-scaled.jpg","type":"image\/jpeg"}],"author":"Beatriz Miranda","twitter_card":"summary_large_image","twitter_misc":{"Escrito por":"Beatriz Miranda","Est. tempo de leitura":"9 minutos"},"schema":{"@context":"https:\/\/schema.org","@graph":[{"@type":"Article","@id":"https:\/\/rioonwatch.org.br\/?p=80136#article","isPartOf":{"@id":"https:\/\/rioonwatch.org.br\/?p=80136"},"author":{"name":"Beatriz Miranda","@id":"https:\/\/rioonwatch.org.br\/#\/schema\/person\/1150bfc199e76e22909b454a0c139c4b"},"headline":"\u2018As M\u00eddias Faveladas S\u00e3o um Bra\u00e7o da Democracia\u2019: Na Rocinha, Justi\u00e7a Clim\u00e1tica para Favelas \u00c9 Pauta da 3\u00b0 Confer\u00eancia de Jornalismo de Favelas e Periferias","datePublished":"2025-11-22T13:39:11+00:00","dateModified":"2026-01-08T15:25:56+00:00","mainEntityOfPage":{"@id":"https:\/\/rioonwatch.org.br\/?p=80136"},"wordCount":2968,"publisher":{"@id":"https:\/\/rioonwatch.org.br\/#organization"},"image":{"@id":"https:\/\/rioonwatch.org.br\/?p=80136#primaryimage"},"thumbnailUrl":"https:\/\/rioonwatch.org.br\/wp-content\/uploads\/2025\/11\/3a-Conferencia-de-jornalismo-de-favelas-e-periferias-reune-liderancas-de-mais-de-12-estados-brasileiros-na-Rocinha.-Foto-Igor-Siqueira-scaled.jpg","keywords":["Ancestralidade","Bel\u00e9m","Complexo do Alem\u00e3o","Comunica\u00e7\u00e3o Comunit\u00e1ria","Fala Ro\u00e7a","jornalismo","Justi\u00e7a Clim\u00e1tica","m\u00eddia alternativa","Museu comunit\u00e1rio","Museu da Rocinha Sankofa","N\u00f3s por N\u00f3s","Racismo ambiental","radio comunit\u00e1ria","representatividade","Rio das Pedras","Rocinha","saneamento","solu\u00e7\u00e3o comunit\u00e1ria","Vidigal","Zona Norte","Zona Oeste","Zona Sul"],"articleSection":["#OlhoNaM\u00eddia","*Destaque","Cobertura de Eventos","Democracia","Justi\u00e7a Clim\u00e1tica","Qualidades da Favela","Representatividade","Sociedade Civil","Solu\u00e7\u00f5es"],"inLanguage":"pt-BR"},{"@type":"WebPage","@id":"https:\/\/rioonwatch.org.br\/?p=80136","url":"https:\/\/rioonwatch.org.br\/?p=80136","name":"\u2018As M\u00eddias Faveladas S\u00e3o um Bra\u00e7o da Democracia\u2019: Na Rocinha, Justi\u00e7a Clim\u00e1tica para Favelas \u00c9 Pauta da 3\u00b0 Confer\u00eancia de Jornalismo de Favelas e Periferias - RioOnWatch","isPartOf":{"@id":"https:\/\/rioonwatch.org.br\/#website"},"primaryImageOfPage":{"@id":"https:\/\/rioonwatch.org.br\/?p=80136#primaryimage"},"image":{"@id":"https:\/\/rioonwatch.org.br\/?p=80136#primaryimage"},"thumbnailUrl":"https:\/\/rioonwatch.org.br\/wp-content\/uploads\/2025\/11\/3a-Conferencia-de-jornalismo-de-favelas-e-periferias-reune-liderancas-de-mais-de-12-estados-brasileiros-na-Rocinha.-Foto-Igor-Siqueira-scaled.jpg","datePublished":"2025-11-22T13:39:11+00:00","dateModified":"2026-01-08T15:25:56+00:00","breadcrumb":{"@id":"https:\/\/rioonwatch.org.br\/?p=80136#breadcrumb"},"inLanguage":"pt-BR","potentialAction":[{"@type":"ReadAction","target":["https:\/\/rioonwatch.org.br\/?p=80136"]}]},{"@type":"ImageObject","inLanguage":"pt-BR","@id":"https:\/\/rioonwatch.org.br\/?p=80136#primaryimage","url":"https:\/\/rioonwatch.org.br\/wp-content\/uploads\/2025\/11\/3a-Conferencia-de-jornalismo-de-favelas-e-periferias-reune-liderancas-de-mais-de-12-estados-brasileiros-na-Rocinha.-Foto-Igor-Siqueira-scaled.jpg","contentUrl":"https:\/\/rioonwatch.org.br\/wp-content\/uploads\/2025\/11\/3a-Conferencia-de-jornalismo-de-favelas-e-periferias-reune-liderancas-de-mais-de-12-estados-brasileiros-na-Rocinha.-Foto-Igor-Siqueira-scaled.jpg","width":2560,"height":1707,"caption":"3\u00aa Confer\u00eancia de jornalismo de favelas e periferias re\u00fane lideran\u00e7as de mais de 12 estados brasileiros na Rocinha. Foto: Igor Siqueira"},{"@type":"BreadcrumbList","@id":"https:\/\/rioonwatch.org.br\/?p=80136#breadcrumb","itemListElement":[{"@type":"ListItem","position":1,"name":"In\u00edcio","item":"https:\/\/rioonwatch.org.br\/"},{"@type":"ListItem","position":2,"name":"\u2018As M\u00eddias Faveladas S\u00e3o um Bra\u00e7o da Democracia\u2019: Na Rocinha, Justi\u00e7a Clim\u00e1tica para Favelas \u00c9 Pauta da 3\u00b0 Confer\u00eancia de Jornalismo de Favelas e Periferias"}]},{"@type":"WebSite","@id":"https:\/\/rioonwatch.org.br\/#website","url":"https:\/\/rioonwatch.org.br\/","name":"RioOnWatch","description":"relatos das favelas cariocas","publisher":{"@id":"https:\/\/rioonwatch.org.br\/#organization"},"potentialAction":[{"@type":"SearchAction","target":{"@type":"EntryPoint","urlTemplate":"https:\/\/rioonwatch.org.br\/?s={search_term_string}"},"query-input":{"@type":"PropertyValueSpecification","valueRequired":true,"valueName":"search_term_string"}}],"inLanguage":"pt-BR"},{"@type":"Organization","@id":"https:\/\/rioonwatch.org.br\/#organization","name":"RioOnWatch","url":"https:\/\/rioonwatch.org.br\/","logo":{"@type":"ImageObject","inLanguage":"pt-BR","@id":"https:\/\/rioonwatch.org.br\/#\/schema\/logo\/image\/","url":"https:\/\/rioonwatch.org.br\/wp-content\/uploads\/2021\/06\/RioOnWatchcabecalhoPT11anos-2.png","contentUrl":"https:\/\/rioonwatch.org.br\/wp-content\/uploads\/2021\/06\/RioOnWatchcabecalhoPT11anos-2.png","width":779,"height":277,"caption":"RioOnWatch"},"image":{"@id":"https:\/\/rioonwatch.org.br\/#\/schema\/logo\/image\/"}},{"@type":"Person","@id":"https:\/\/rioonwatch.org.br\/#\/schema\/person\/1150bfc199e76e22909b454a0c139c4b","name":"Beatriz Miranda","image":{"@type":"ImageObject","inLanguage":"pt-BR","@id":"https:\/\/rioonwatch.org.br\/#\/schema\/person\/image\/","url":"https:\/\/secure.gravatar.com\/avatar\/41a514d4cb8be1f42ceaebd1038a447b?s=96&d=blank&r=g","contentUrl":"https:\/\/secure.gravatar.com\/avatar\/41a514d4cb8be1f42ceaebd1038a447b?s=96&d=blank&r=g","caption":"Beatriz Miranda"},"url":"https:\/\/rioonwatch.org.br\/?author=192"}]}},"_links":{"self":[{"href":"https:\/\/rioonwatch.org.br\/index.php?rest_route=\/wp\/v2\/posts\/80136"}],"collection":[{"href":"https:\/\/rioonwatch.org.br\/index.php?rest_route=\/wp\/v2\/posts"}],"about":[{"href":"https:\/\/rioonwatch.org.br\/index.php?rest_route=\/wp\/v2\/types\/post"}],"author":[{"embeddable":true,"href":"https:\/\/rioonwatch.org.br\/index.php?rest_route=\/wp\/v2\/users\/192"}],"replies":[{"embeddable":true,"href":"https:\/\/rioonwatch.org.br\/index.php?rest_route=%2Fwp%2Fv2%2Fcomments&post=80136"}],"version-history":[{"count":21,"href":"https:\/\/rioonwatch.org.br\/index.php?rest_route=\/wp\/v2\/posts\/80136\/revisions"}],"predecessor-version":[{"id":80922,"href":"https:\/\/rioonwatch.org.br\/index.php?rest_route=\/wp\/v2\/posts\/80136\/revisions\/80922"}],"wp:featuredmedia":[{"embeddable":true,"href":"https:\/\/rioonwatch.org.br\/index.php?rest_route=\/wp\/v2\/media\/80173"}],"wp:attachment":[{"href":"https:\/\/rioonwatch.org.br\/index.php?rest_route=%2Fwp%2Fv2%2Fmedia&parent=80136"}],"wp:term":[{"taxonomy":"category","embeddable":true,"href":"https:\/\/rioonwatch.org.br\/index.php?rest_route=%2Fwp%2Fv2%2Fcategories&post=80136"},{"taxonomy":"post_tag","embeddable":true,"href":"https:\/\/rioonwatch.org.br\/index.php?rest_route=%2Fwp%2Fv2%2Ftags&post=80136"},{"taxonomy":"writer","embeddable":true,"href":"https:\/\/rioonwatch.org.br\/index.php?rest_route=%2Fwp%2Fv2%2Fwriter&post=80136"},{"taxonomy":"translator","embeddable":true,"href":"https:\/\/rioonwatch.org.br\/index.php?rest_route=%2Fwp%2Fv2%2Ftranslator&post=80136"},{"taxonomy":"source","embeddable":true,"href":"https:\/\/rioonwatch.org.br\/index.php?rest_route=%2Fwp%2Fv2%2Fsource&post=80136"},{"taxonomy":"ilustrador","embeddable":true,"href":"https:\/\/rioonwatch.org.br\/index.php?rest_route=%2Fwp%2Fv2%2Filustrador&post=80136"},{"taxonomy":"fotografo","embeddable":true,"href":"https:\/\/rioonwatch.org.br\/index.php?rest_route=%2Fwp%2Fv2%2Ffotografo&post=80136"}],"curies":[{"name":"wp","href":"https:\/\/api.w.org\/{rel}","templated":true}]}}