{"id":80150,"date":"2025-11-14T11:53:36","date_gmt":"2025-11-14T14:53:36","guid":{"rendered":"https:\/\/rioonwatch.org.br\/?p=80150"},"modified":"2025-11-18T08:12:47","modified_gmt":"2025-11-18T11:12:47","slug":"por-que-as-pesquisas-de-opiniao-publicadas-apos-a-megaoperacao-policial-no-rio-de-janeiro-sao-enganosas","status":"publish","type":"post","link":"https:\/\/rioonwatch.org.br\/?p=80150","title":{"rendered":"Por Que as Pesquisas de Opini\u00e3o Publicadas Ap\u00f3s a \u2018Megaopera\u00e7\u00e3o Policial\u2019 no Rio de Janeiro S\u00e3o Enganosas?"},"content":{"rendered":"<figure id=\"attachment_80156\" aria-describedby=\"caption-attachment-80156\" style=\"width: 1280px\" class=\"wp-caption aligncenter\"><a href=\"https:\/\/rioonwatch.org.br\/wp-content\/uploads\/2025\/11\/Segundo-uma-das-pesquisas-recentes-87-dos-moradores-das-favelas-do-Rio-apoiam-a-operacao-policial-que-resultou.jpeg\"><img fetchpriority=\"high\" decoding=\"async\" class=\"wp-image-80156 size-full\" title=\"Segundo uma das pesquisas recentes, 87% dos moradores das favelas do Rio apoiam a opera\u00e7\u00e3o policial que resultou no massacre mais letal da hist\u00f3ria da cidade. Esta imagem foi tirada durante o protesto liderado por moradores de favelas ap\u00f3s o massacre em 31 de outubro, no Complexo da Penha. Foto: Vin\u00edcius Ribeiro\" src=\"https:\/\/rioonwatch.org.br\/wp-content\/uploads\/2025\/11\/Segundo-uma-das-pesquisas-recentes-87-dos-moradores-das-favelas-do-Rio-apoiam-a-operacao-policial-que-resultou.jpeg\" alt=\"Segundo uma das pesquisas recentes, 87% dos moradores das favelas do Rio apoiam a opera\u00e7\u00e3o policial que resultou no massacre mais letal da hist\u00f3ria da cidade. Esta imagem foi tirada durante o protesto liderado por moradores de favelas ap\u00f3s o massacre em 31 de outubro, no Complexo da Penha. Foto: Vin\u00edcius Ribeiro\" width=\"1280\" height=\"853\" srcset=\"https:\/\/rioonwatch.org.br\/wp-content\/uploads\/2025\/11\/Segundo-uma-das-pesquisas-recentes-87-dos-moradores-das-favelas-do-Rio-apoiam-a-operacao-policial-que-resultou.jpeg 1280w, https:\/\/rioonwatch.org.br\/wp-content\/uploads\/2025\/11\/Segundo-uma-das-pesquisas-recentes-87-dos-moradores-das-favelas-do-Rio-apoiam-a-operacao-policial-que-resultou-620x413.jpeg 620w, https:\/\/rioonwatch.org.br\/wp-content\/uploads\/2025\/11\/Segundo-uma-das-pesquisas-recentes-87-dos-moradores-das-favelas-do-Rio-apoiam-a-operacao-policial-que-resultou-768x512.jpeg 768w\" sizes=\"(max-width: 1280px) 100vw, 1280px\" \/><\/a><figcaption id=\"caption-attachment-80156\" class=\"wp-caption-text\">Segundo uma das pesquisas recentes, 87% dos moradores das favelas do Rio apoiam a opera\u00e7\u00e3o policial que resultou no massacre mais letal da hist\u00f3ria da cidade. Esta imagem foi tirada durante o protesto liderado por moradores de favelas ap\u00f3s o massacre em 31 de outubro, no Complexo da Penha. Foto: Vin\u00edcius Ribeiro<\/figcaption><\/figure>\n<p style=\"text-align: right;\"><a href=\"https:\/\/bit.ly\/3LrWlM0\" target=\"_blank\" rel=\"noopener\"><em><strong>Click Here for English<\/strong><\/em><img decoding=\"async\" class=\"alignright wp-image-15790\" src=\"https:\/\/rioonwatch.org.br\/wp-content\/uploads\/2012\/08\/EN-standard-e1439583104716.jpg\" alt=\"\" width=\"20\" height=\"20\" \/><\/a><\/p>\n<p><em>Na ter\u00e7a-feira, 28 de outubro, a <a href=\"https:\/\/bit.ly\/4hFlij6\" target=\"_blank\" rel=\"noopener\">opera\u00e7\u00e3o policial mais letal<\/a> do Brasil resultou em <a href=\"https:\/\/bit.ly\/4qTck5K\" target=\"_blank\" rel=\"noopener\">mais de 120 mortos<\/a>, deixando para tr\u00e1s corpos, por onde ca\u00edram, espalhados para que vizinhos e familiares os recolhessem, nos complexos do <a href=\"https:\/\/bit.ly\/3jE6K3o\" target=\"_blank\" rel=\"noopener\">Alem\u00e3o<\/a> e da <a href=\"https:\/\/bit.ly\/34wHkR4\" target=\"_blank\" rel=\"noopener\">Penha<\/a>, na <a href=\"https:\/\/bit.ly\/3qsTKRW\" target=\"_blank\" rel=\"noopener\">Zona Norte<\/a> do Rio de Janeiro. Em vez de buscar compreender a ang\u00fastia e o medo gerados em toda a cidade, a <a href=\"https:\/\/bit.ly\/2KFIy3x\" target=\"_blank\" rel=\"noopener\">narrativa da m\u00eddia<\/a> e o debate sobre seguran\u00e7a p\u00fablica rapidamente se transformaram em uma disputa pela opini\u00e3o p\u00fablica. Nessa troca de opini\u00f5es, pesquisas superficiais\u2014todas financiadas por fontes desconhecidas\u2014dominaram o debate.<\/em><\/p>\n<h3>Viol\u00eancia Estatal, Elei\u00e7\u00f5es de 2026 e o \u200b\u200bPoder das Pesquisas de Opini\u00e3o<\/h3>\n<p><span style=\"font-weight: 400;\">Diante de tamanha carnificina humana, o governador do Rio de Janeiro, <a href=\"https:\/\/bit.ly\/3TJ7JUi\" target=\"_blank\" rel=\"noopener\">Cl\u00e1udio Castro<\/a>, parabenizou sua administra\u00e7\u00e3o pela opera\u00e7\u00e3o, que classificou como um sucesso. &#8220;As \u00fanicas v\u00edtimas foram os quatro policiais mortos&#8221;, <a href=\"https:\/\/bit.ly\/4nTFMpJ\" target=\"_blank\" rel=\"noopener\">afirmou<\/a>, caracterizando as demais baixas como meros &#8220;criminosos mortos&#8221;. Centenas de grupos de direitos humanos (inclusive internacionais), movimentos sociais e associa\u00e7\u00f5es de moradores locais em todo o Brasil denunciaram a incurs\u00e3o policial como nada menos do que um massacre.<\/span><\/p>\n<blockquote class=\"instagram-media\" style=\"background: #FFF; border: 0; border-radius: 3px; box-shadow: 0 0 1px 0 rgba(0,0,0,0.5),0 1px 10px 0 rgba(0,0,0,0.15); margin: 1px; max-width: 540px; min-width: 326px; padding: 0; width: calc(100% - 2px);\" data-instgrm-captioned=\"\" data-instgrm-permalink=\"https:\/\/www.instagram.com\/p\/DQaGJhrkjty\/?utm_source=ig_embed&amp;utm_campaign=loading\" data-instgrm-version=\"14\">\n<div style=\"padding: 16px;\">\n<p>&nbsp;<\/p>\n<div style=\"display: flex; flex-direction: row; align-items: center;\">\n<div style=\"background-color: #f4f4f4; border-radius: 50%; flex-grow: 0; height: 40px; margin-right: 14px; width: 40px;\"><\/div>\n<div style=\"display: flex; flex-direction: column; flex-grow: 1; justify-content: center;\">\n<div style=\"background-color: #f4f4f4; border-radius: 4px; flex-grow: 0; height: 14px; margin-bottom: 6px; width: 100px;\"><\/div>\n<div style=\"background-color: #f4f4f4; border-radius: 4px; flex-grow: 0; height: 14px; width: 60px;\"><\/div>\n<\/div>\n<\/div>\n<div style=\"padding: 19% 0;\"><\/div>\n<div style=\"display: block; height: 50px; margin: 0 auto 12px; width: 50px;\"><\/div>\n<div style=\"padding-top: 8px;\">\n<div style=\"color: #3897f0; font-family: Arial,sans-serif; font-size: 14px; font-style: normal; font-weight: 550; line-height: 18px;\">Ver essa foto no Instagram<\/div>\n<\/div>\n<div style=\"padding: 12.5% 0;\"><\/div>\n<div style=\"display: flex; flex-direction: row; margin-bottom: 14px; align-items: center;\">\n<div>\n<div style=\"background-color: #f4f4f4; border-radius: 50%; height: 12.5px; width: 12.5px; transform: translateX(0px) translateY(7px);\"><\/div>\n<div style=\"background-color: #f4f4f4; height: 12.5px; transform: rotate(-45deg) translateX(3px) translateY(1px); width: 12.5px; flex-grow: 0; margin-right: 14px; margin-left: 2px;\"><\/div>\n<div style=\"background-color: #f4f4f4; border-radius: 50%; height: 12.5px; width: 12.5px; transform: translateX(9px) translateY(-18px);\"><\/div>\n<\/div>\n<div style=\"margin-left: 8px;\">\n<div style=\"background-color: #f4f4f4; border-radius: 50%; flex-grow: 0; height: 20px; width: 20px;\"><\/div>\n<div style=\"width: 0; height: 0; border-top: 2px solid transparent; border-left: 6px solid #f4f4f4; border-bottom: 2px solid transparent; transform: translateX(16px) translateY(-4px) rotate(30deg);\"><\/div>\n<\/div>\n<div style=\"margin-left: auto;\">\n<div style=\"width: 0px; border-top: 8px solid #F4F4F4; border-right: 8px solid transparent; transform: translateY(16px);\"><\/div>\n<div style=\"background-color: #f4f4f4; flex-grow: 0; height: 12px; width: 16px; transform: translateY(-4px);\"><\/div>\n<div style=\"width: 0; height: 0; border-top: 8px solid #F4F4F4; border-left: 8px solid transparent; transform: translateY(-4px) translateX(8px);\"><\/div>\n<\/div>\n<\/div>\n<div style=\"display: flex; flex-direction: column; flex-grow: 1; justify-content: center; margin-bottom: 24px;\">\n<div style=\"background-color: #f4f4f4; border-radius: 4px; flex-grow: 0; height: 14px; margin-bottom: 6px; width: 224px;\"><\/div>\n<div style=\"background-color: #f4f4f4; border-radius: 4px; flex-grow: 0; height: 14px; width: 144px;\"><\/div>\n<\/div>\n<p>&nbsp;<\/p>\n<p style=\"color: #c9c8cd; font-family: Arial,sans-serif; font-size: 14px; line-height: 17px; margin-bottom: 0; margin-top: 8px; overflow: hidden; padding: 8px 0 7px; text-align: center; text-overflow: ellipsis; white-space: nowrap;\"><a style=\"color: #c9c8cd; font-family: Arial,sans-serif; font-size: 14px; font-style: normal; font-weight: normal; line-height: 17px; text-decoration: none;\" href=\"https:\/\/www.instagram.com\/p\/DQaGJhrkjty\/?utm_source=ig_embed&amp;utm_campaign=loading\" target=\"_blank\" rel=\"noopener\">Uma publica\u00e7\u00e3o compartilhada por Alma Preta Jornalismo (@almapretajornalismo)<\/a><\/p>\n<\/div>\n<\/blockquote>\n<p><script async src=\"\/\/www.instagram.com\/embed.js\"><\/script><\/p>\n<p><span style=\"font-weight: 400;\">Essas interpreta\u00e7\u00f5es drasticamente contrastantes refletiram-se na cobertura midi\u00e1tica do evento, que frequentemente incluiu imagens gr\u00e1ficas de fileiras de cad\u00e1veres<i>\u2014<\/i>\u00e0s vezes mutilados<i>\u2014<\/i>e de parentes em luto, com pouco respeito pela sensibilidade das fam\u00edlias, amigos e vizinhos daqueles afetados.<\/span><\/p>\n<p><span style=\"font-weight: 400;\">Isso reflete um dilema comum entre os cariocas: apoiar <a href=\"https:\/\/bit.ly\/30PUPsB\" target=\"_blank\" rel=\"noopener\">opera\u00e7\u00f5es policiais violentas<\/a> que violam flagrantemente os direitos humanos ou a realidade cotidiana do crime organizado que restringe os direitos dos moradores em in\u00fameros bairros. \u00c9 esse dualismo problem\u00e1tico que ajuda a explicar por que as opera\u00e7\u00f5es agressivas aparentam continuar populares entre uma parcela significativa da popula\u00e7\u00e3o.<\/span><\/p>\n<figure id=\"attachment_80157\" aria-describedby=\"caption-attachment-80157\" style=\"width: 1280px\" class=\"wp-caption aligncenter\"><a href=\"https:\/\/rioonwatch.org.br\/wp-content\/uploads\/2025\/11\/Em-28-de-outubro-a-operacao-policial-mais-letal-do-Brasil-deixou-mais-de-120-mortos-nos-extensos-complexos-de-favelas-do-Alemao-e-da-Penha.jpeg\"><img decoding=\"async\" class=\"wp-image-80157 size-full\" title=\"Em 28 de outubro, a opera\u00e7\u00e3o policial mais letal do Brasil deixou mais de 120 mortos nos extensos complexos de favelas do Alem\u00e3o e da Penha, na Zona Norte do Rio de Janeiro. Protestos exigindo justi\u00e7a eclodiram. Foto: Vin\u00edcius Ribeiro\" src=\"https:\/\/rioonwatch.org.br\/wp-content\/uploads\/2025\/11\/Em-28-de-outubro-a-operacao-policial-mais-letal-do-Brasil-deixou-mais-de-120-mortos-nos-extensos-complexos-de-favelas-do-Alemao-e-da-Penha.jpeg\" alt=\"Em 28 de outubro, a opera\u00e7\u00e3o policial mais letal do Brasil deixou mais de 120 mortos nos extensos complexos de favelas do Alem\u00e3o e da Penha, na Zona Norte do Rio de Janeiro. Protestos exigindo justi\u00e7a eclodiram. Foto: Vin\u00edcius Ribeiro\" width=\"1280\" height=\"853\" srcset=\"https:\/\/rioonwatch.org.br\/wp-content\/uploads\/2025\/11\/Em-28-de-outubro-a-operacao-policial-mais-letal-do-Brasil-deixou-mais-de-120-mortos-nos-extensos-complexos-de-favelas-do-Alemao-e-da-Penha.jpeg 1280w, https:\/\/rioonwatch.org.br\/wp-content\/uploads\/2025\/11\/Em-28-de-outubro-a-operacao-policial-mais-letal-do-Brasil-deixou-mais-de-120-mortos-nos-extensos-complexos-de-favelas-do-Alemao-e-da-Penha-620x413.jpeg 620w, https:\/\/rioonwatch.org.br\/wp-content\/uploads\/2025\/11\/Em-28-de-outubro-a-operacao-policial-mais-letal-do-Brasil-deixou-mais-de-120-mortos-nos-extensos-complexos-de-favelas-do-Alemao-e-da-Penha-768x512.jpeg 768w\" sizes=\"(max-width: 1280px) 100vw, 1280px\" \/><\/a><figcaption id=\"caption-attachment-80157\" class=\"wp-caption-text\">Em 28 de outubro, a opera\u00e7\u00e3o policial mais letal do Brasil deixou mais de 120 mortos nos extensos complexos de favelas do Alem\u00e3o e da Penha, na Zona Norte do Rio de Janeiro. Protestos exigindo justi\u00e7a eclodiram. Foto: Vin\u00edcius Ribeiro<\/figcaption><\/figure>\n<p><span style=\"font-weight: 400;\">Nos dias que se seguiram \u00e0 trag\u00e9dia, governadores de direita<i>\u2014<\/i><a href=\"https:\/\/bit.ly\/4p6MREs\" target=\"_blank\" rel=\"noopener\">e at\u00e9 mesmo alguns de esquerda<\/a>\u2014agiram rapidamente para transform\u00e1-la em um ponto de converg\u00eancia pol\u00edtica. Castro, juntamente com seus hom\u00f3logos conservadores (<a href=\"https:\/\/bit.ly\/4hGnQgP\" target=\"_blank\" rel=\"noopener\">Romeu Zema<\/a>, de Minas Gerais; <a href=\"https:\/\/bit.ly\/47J5mrp\" target=\"_blank\" rel=\"noopener\">Tarc\u00edsio de Freitas<\/a>, de S\u00e3o Paulo; <a href=\"https:\/\/bit.ly\/47Bd2vF\" target=\"_blank\" rel=\"noopener\">Ronaldo Caiado<\/a>, de Goi\u00e1s; e <a href=\"https:\/\/bit.ly\/4nCgfBc\" target=\"_blank\" rel=\"noopener\">Jorginho Mello<\/a>, de Santa Catarina), anunciou a forma\u00e7\u00e3o de um \u201c<a href=\"https:\/\/bit.ly\/3WQkNsS\">gabinete paralelo de seguran\u00e7a<\/a>\u201d para coordenar os esfor\u00e7os contra o crime organizado, inicialmente com foco no Rio de Janeiro. Da mesma forma, l\u00edderes do Congresso prometeram revitalizar os esfor\u00e7os para promover propostas de seguran\u00e7a que estavam paralisadas h\u00e1 tempos.<\/span><\/p>\n<p><span style=\"font-weight: 400;\">O subtexto dessa intensa atividade parece ser o de retratar o governo federal do <a href=\"https:\/\/bit.ly\/2KbJ6eO\" target=\"_blank\" rel=\"noopener\">presidente Luiz In\u00e1cio Lula da Silva<\/a>, <a href=\"https:\/\/bit.ly\/47KDKSE\" target=\"_blank\" rel=\"noopener\">cada vez mais popular<\/a><i>\u2014<\/i>talvez especialmente considerando seu potencial de consolidar essa popularidade com a aprova\u00e7\u00e3o de uma nova lei que fortale\u00e7a os esfor\u00e7os contra grupos criminosos\u2014como passivo e despreparado diante da viol\u00eancia. Tendo perdido batalhas sobre <a href=\"https:\/\/bit.ly\/47JOaSt\" target=\"_blank\" rel=\"noopener\">soberania nacional<\/a> e <a href=\"https:\/\/bit.ly\/3Jv19Q5\" target=\"_blank\" rel=\"noopener\">justi\u00e7a tribut\u00e1ria<\/a>, a direita brasileira parece pronta para colocar a seguran\u00e7a p\u00fablica no centro do debate antes das elei\u00e7\u00f5es gerais de 2026. O medo da criminalidade e da viol\u00eancia \u00e9 um tema divisivo muito eficaz entre eleitores potencialmente indecisos.<\/span><\/p>\n<p><span style=\"font-weight: 400;\">\u00c9 nesse contexto que a aten\u00e7\u00e3o da grande m\u00eddia brasileira se deslocou do n\u00famero assombroso de mortes para a natureza da opini\u00e3o p\u00fablica ap\u00f3s a opera\u00e7\u00e3o. Estar em sintonia com a natureza da opini\u00e3o p\u00fablica<i>\u2014<\/i>e influenci\u00e1-la<i>\u2014<\/i>e ter a capacidade de represent\u00e1-la como favor\u00e1vel, mesmo diante da barb\u00e1rie, \u00e9 crucial para a agenda da extrema direita brasileira.<\/span><\/p>\n<p><span style=\"font-weight: 400;\">Nota aos leitores: ao analisarmos as pesquisas de opini\u00e3o realizadas em ritmo acelerado na \u00faltima semana, \u00e9 fundamental observar que, no Brasil, as pesquisas n\u00e3o eleitorais n\u00e3o s\u00e3o obrigadas a registrar seus clientes. Ou seja, n\u00e3o sabemos quem pagou essas pesquisas\u2026<\/span><\/p>\n<h3>Busca por Opini\u00f5es <em>versus<\/em> Forma\u00e7\u00e3o de Opini\u00f5es<\/h3>\n<p><span style=\"font-weight: 400;\">Na semana seguinte \u00e0 opera\u00e7\u00e3o policial, pelo menos quatro empresas diferentes realizaram pesquisas de opini\u00e3o p\u00fablica sobre a percep\u00e7\u00e3o popular da incurs\u00e3o policial no Alem\u00e3o e na Penha. N\u00e3o se sabe quem encomendou essas pesquisas, mas os resultados alimentam o crescente discurso pol\u00edtico de direita em torno da seguran\u00e7a p\u00fablica e alcan\u00e7aram p\u00fablicos diversos de maneiras distintas.<\/span><\/p>\n<p><span style=\"font-weight: 400;\">As quatro pesquisas empregaram metodologias diferentes, em particular quanto \u00e0s formas de coleta de dados.<\/span><\/p>\n<p><span style=\"font-weight: 400;\">A\u00a0<a href=\"https:\/\/bit.ly\/3Lpbcqr\" target=\"_blank\" rel=\"noopener\">pesquisa Datafolha<\/a> entrevistou, por telefone, 626 moradores da regi\u00e3o metropolitana do Rio de Janeiro nos dias 30 e 31 de outubro. Registrou uma margem de erro de quatro pontos percentuais e afirmou que 57% consideravam a opera\u00e7\u00e3o bem-sucedida, que 48% acreditavam ter sido bem executada e que mais de 80% acreditavam que a maioria, se n\u00e3o todos, dos mortos eram criminosos.\u00a0<\/span><\/p>\n<blockquote class=\"instagram-media\" style=\"background: #FFF; border: 0; border-radius: 3px; box-shadow: 0 0 1px 0 rgba(0,0,0,0.5),0 1px 10px 0 rgba(0,0,0,0.15); margin: 1px; max-width: 540px; min-width: 326px; padding: 0; width: calc(100% - 2px);\" data-instgrm-captioned=\"\" data-instgrm-permalink=\"https:\/\/www.instagram.com\/p\/DQhPQiLk0u1\/?utm_source=ig_embed&amp;utm_campaign=loading\" data-instgrm-version=\"14\">\n<div style=\"padding: 16px;\">\n<p>&nbsp;<\/p>\n<div style=\"display: flex; flex-direction: row; align-items: center;\">\n<div style=\"background-color: #f4f4f4; border-radius: 50%; flex-grow: 0; height: 40px; margin-right: 14px; width: 40px;\"><\/div>\n<div style=\"display: flex; flex-direction: column; flex-grow: 1; justify-content: center;\">\n<div style=\"background-color: #f4f4f4; border-radius: 4px; flex-grow: 0; height: 14px; margin-bottom: 6px; width: 100px;\"><\/div>\n<div style=\"background-color: #f4f4f4; border-radius: 4px; flex-grow: 0; height: 14px; width: 60px;\"><\/div>\n<\/div>\n<\/div>\n<div style=\"padding: 19% 0;\"><\/div>\n<div style=\"display: block; height: 50px; margin: 0 auto 12px; width: 50px;\"><\/div>\n<div style=\"padding-top: 8px;\">\n<div style=\"color: #3897f0; font-family: Arial,sans-serif; font-size: 14px; font-style: normal; font-weight: 550; line-height: 18px;\">Ver essa foto no Instagram<\/div>\n<\/div>\n<div style=\"padding: 12.5% 0;\"><\/div>\n<div style=\"display: flex; flex-direction: row; margin-bottom: 14px; align-items: center;\">\n<div>\n<div style=\"background-color: #f4f4f4; border-radius: 50%; height: 12.5px; width: 12.5px; transform: translateX(0px) translateY(7px);\"><\/div>\n<div style=\"background-color: #f4f4f4; height: 12.5px; transform: rotate(-45deg) translateX(3px) translateY(1px); width: 12.5px; flex-grow: 0; margin-right: 14px; margin-left: 2px;\"><\/div>\n<div style=\"background-color: #f4f4f4; border-radius: 50%; height: 12.5px; width: 12.5px; transform: translateX(9px) translateY(-18px);\"><\/div>\n<\/div>\n<div style=\"margin-left: 8px;\">\n<div style=\"background-color: #f4f4f4; border-radius: 50%; flex-grow: 0; height: 20px; width: 20px;\"><\/div>\n<div style=\"width: 0; height: 0; border-top: 2px solid transparent; border-left: 6px solid #f4f4f4; border-bottom: 2px solid transparent; transform: translateX(16px) translateY(-4px) rotate(30deg);\"><\/div>\n<\/div>\n<div style=\"margin-left: auto;\">\n<div style=\"width: 0px; border-top: 8px solid #F4F4F4; border-right: 8px solid transparent; transform: translateY(16px);\"><\/div>\n<div style=\"background-color: #f4f4f4; flex-grow: 0; height: 12px; width: 16px; transform: translateY(-4px);\"><\/div>\n<div style=\"width: 0; height: 0; border-top: 8px solid #F4F4F4; border-left: 8px solid transparent; transform: translateY(-4px) translateX(8px);\"><\/div>\n<\/div>\n<\/div>\n<div style=\"display: flex; flex-direction: column; flex-grow: 1; justify-content: center; margin-bottom: 24px;\">\n<div style=\"background-color: #f4f4f4; border-radius: 4px; flex-grow: 0; height: 14px; margin-bottom: 6px; width: 224px;\"><\/div>\n<div style=\"background-color: #f4f4f4; border-radius: 4px; flex-grow: 0; height: 14px; width: 144px;\"><\/div>\n<\/div>\n<p>&nbsp;<\/p>\n<p style=\"color: #c9c8cd; font-family: Arial,sans-serif; font-size: 14px; line-height: 17px; margin-bottom: 0; margin-top: 8px; overflow: hidden; padding: 8px 0 7px; text-align: center; text-overflow: ellipsis; white-space: nowrap;\"><a style=\"color: #c9c8cd; font-family: Arial,sans-serif; font-size: 14px; font-style: normal; font-weight: normal; line-height: 17px; text-decoration: none;\" href=\"https:\/\/www.instagram.com\/p\/DQhPQiLk0u1\/?utm_source=ig_embed&amp;utm_campaign=loading\" target=\"_blank\" rel=\"noopener\">Uma publica\u00e7\u00e3o compartilhada por Cafecomgaza (@cafecomgaza)<\/a><\/p>\n<\/div>\n<\/blockquote>\n<p><script async src=\"\/\/www.instagram.com\/embed.js\"><\/script><\/p>\n<p><span style=\"font-weight: 400;\">A Atlas Intelligence (AtlasIntel)\u00a0<a href=\"https:\/\/bit.ly\/3JDRAOL\" target=\"_blank\" rel=\"noopener\">realizou uma pesquisa<\/a> com moradores adultos do Rio de Janeiro, recrutados aleatoriamente, que responderam a um question\u00e1rio online por meio de um banner publicit\u00e1rio. A pesquisa foi realizada entre 29 e 30 de outubro, com 1.527 respondentes e uma margem de erro de tr\u00eas pontos percentuais. A conclus\u00e3o \u00e9 que, na cidade do Rio, 62,2% aprovam a opera\u00e7\u00e3o e 80% dos moradores de favela a apoiam (enquanto apenas 51% daqueles que vivem fora das favelas a aprovam).<\/span><\/p>\n<p><span style=\"font-weight: 400;\">A AtlasIntel tamb\u00e9m realizou uma pesquisa com as mesmas perguntas, direcionada a uma amostra nacional (dividida pelas cinco regi\u00f5es geogr\u00e1ficas do pa\u00eds, em vez de por estado) e, posteriormente, publicou <a href=\"https:\/\/bit.ly\/3LrcRvt\" target=\"_blank\" rel=\"noopener\">um relat\u00f3rio comparativo<\/a> das duas pesquisas, que indicou uma rea\u00e7\u00e3o mais negativa \u00e0s a\u00e7\u00f5es da pol\u00edcia do Rio em n\u00edvel nacional do que local.<\/span><\/p>\n<blockquote class=\"instagram-media\" style=\"background: #FFF; border: 0; border-radius: 3px; box-shadow: 0 0 1px 0 rgba(0,0,0,0.5),0 1px 10px 0 rgba(0,0,0,0.15); margin: 1px; max-width: 540px; min-width: 326px; padding: 0; width: calc(100% - 2px);\" data-instgrm-captioned=\"\" data-instgrm-permalink=\"https:\/\/www.instagram.com\/p\/DQe74BEjz3P\/?utm_source=ig_embed&amp;utm_campaign=loading\" data-instgrm-version=\"14\">\n<div style=\"padding: 16px;\">\n<p>&nbsp;<\/p>\n<div style=\"display: flex; flex-direction: row; align-items: center;\">\n<div style=\"background-color: #f4f4f4; border-radius: 50%; flex-grow: 0; height: 40px; margin-right: 14px; width: 40px;\"><\/div>\n<div style=\"display: flex; flex-direction: column; flex-grow: 1; justify-content: center;\">\n<div style=\"background-color: #f4f4f4; border-radius: 4px; flex-grow: 0; height: 14px; margin-bottom: 6px; width: 100px;\"><\/div>\n<div style=\"background-color: #f4f4f4; border-radius: 4px; flex-grow: 0; height: 14px; width: 60px;\"><\/div>\n<\/div>\n<\/div>\n<div style=\"padding: 19% 0;\"><\/div>\n<div style=\"display: block; height: 50px; margin: 0 auto 12px; width: 50px;\"><\/div>\n<div style=\"padding-top: 8px;\">\n<div style=\"color: #3897f0; font-family: Arial,sans-serif; font-size: 14px; font-style: normal; font-weight: 550; line-height: 18px;\">Ver essa foto no Instagram<\/div>\n<\/div>\n<div style=\"padding: 12.5% 0;\"><\/div>\n<div style=\"display: flex; flex-direction: row; margin-bottom: 14px; align-items: center;\">\n<div>\n<div style=\"background-color: #f4f4f4; border-radius: 50%; height: 12.5px; width: 12.5px; transform: translateX(0px) translateY(7px);\"><\/div>\n<div style=\"background-color: #f4f4f4; height: 12.5px; transform: rotate(-45deg) translateX(3px) translateY(1px); width: 12.5px; flex-grow: 0; margin-right: 14px; margin-left: 2px;\"><\/div>\n<div style=\"background-color: #f4f4f4; border-radius: 50%; height: 12.5px; width: 12.5px; transform: translateX(9px) translateY(-18px);\"><\/div>\n<\/div>\n<div style=\"margin-left: 8px;\">\n<div style=\"background-color: #f4f4f4; border-radius: 50%; flex-grow: 0; height: 20px; width: 20px;\"><\/div>\n<div style=\"width: 0; height: 0; border-top: 2px solid transparent; border-left: 6px solid #f4f4f4; border-bottom: 2px solid transparent; transform: translateX(16px) translateY(-4px) rotate(30deg);\"><\/div>\n<\/div>\n<div style=\"margin-left: auto;\">\n<div style=\"width: 0px; border-top: 8px solid #F4F4F4; border-right: 8px solid transparent; transform: translateY(16px);\"><\/div>\n<div style=\"background-color: #f4f4f4; flex-grow: 0; height: 12px; width: 16px; transform: translateY(-4px);\"><\/div>\n<div style=\"width: 0; height: 0; border-top: 8px solid #F4F4F4; border-left: 8px solid transparent; transform: translateY(-4px) translateX(8px);\"><\/div>\n<\/div>\n<\/div>\n<div style=\"display: flex; flex-direction: column; flex-grow: 1; justify-content: center; margin-bottom: 24px;\">\n<div style=\"background-color: #f4f4f4; border-radius: 4px; flex-grow: 0; height: 14px; margin-bottom: 6px; width: 224px;\"><\/div>\n<div style=\"background-color: #f4f4f4; border-radius: 4px; flex-grow: 0; height: 14px; width: 144px;\"><\/div>\n<\/div>\n<p>&nbsp;<\/p>\n<p style=\"color: #c9c8cd; font-family: Arial,sans-serif; font-size: 14px; line-height: 17px; margin-bottom: 0; margin-top: 8px; overflow: hidden; padding: 8px 0 7px; text-align: center; text-overflow: ellipsis; white-space: nowrap;\"><a style=\"color: #c9c8cd; font-family: Arial,sans-serif; font-size: 14px; font-style: normal; font-weight: normal; line-height: 17px; text-decoration: none;\" href=\"https:\/\/www.instagram.com\/p\/DQe74BEjz3P\/?utm_source=ig_embed&amp;utm_campaign=loading\" target=\"_blank\" rel=\"noopener\">Uma publica\u00e7\u00e3o compartilhada por Di\u00e1rio do Rio (@diariodorio)<\/a><\/p>\n<\/div>\n<\/blockquote>\n<p><script async src=\"\/\/www.instagram.com\/embed.js\"><\/script><\/p>\n<p>Um\u00a0<a href=\"https:\/\/bit.ly\/49BYsqg\" target=\"_blank\" rel=\"noopener\">estudo da Paran\u00e1 Pesquisas<\/a> baseou-se em entrevistas presenciais com 800 moradores do munic\u00edpio do Rio de Janeiro, realizadas em 30 de outubro, com margem de erro de 3,5 pontos percentuais. A amostra foi selecionada em toda a cidade, proporcionalmente ao tamanho da popula\u00e7\u00e3o, e, posteriormente, de acordo com vari\u00e1veis demogr\u00e1ficas. Este estudo concluiu que 69,6% dos cariocas apoiam as opera\u00e7\u00f5es.<\/p>\n<blockquote class=\"instagram-media\" style=\"background: #FFF; border: 0; border-radius: 3px; box-shadow: 0 0 1px 0 rgba(0,0,0,0.5),0 1px 10px 0 rgba(0,0,0,0.15); margin: 1px; max-width: 540px; min-width: 326px; padding: 0; width: calc(100% - 2px);\" data-instgrm-captioned=\"\" data-instgrm-permalink=\"https:\/\/www.instagram.com\/p\/DQfGJZokxSp\/?utm_source=ig_embed&amp;utm_campaign=loading\" data-instgrm-version=\"14\">\n<div style=\"padding: 16px;\">\n<p>&nbsp;<\/p>\n<div style=\"display: flex; flex-direction: row; align-items: center;\">\n<div style=\"background-color: #f4f4f4; border-radius: 50%; flex-grow: 0; height: 40px; margin-right: 14px; width: 40px;\"><\/div>\n<div style=\"display: flex; flex-direction: column; flex-grow: 1; justify-content: center;\">\n<div style=\"background-color: #f4f4f4; border-radius: 4px; flex-grow: 0; height: 14px; margin-bottom: 6px; width: 100px;\"><\/div>\n<div style=\"background-color: #f4f4f4; border-radius: 4px; flex-grow: 0; height: 14px; width: 60px;\"><\/div>\n<\/div>\n<\/div>\n<div style=\"padding: 19% 0;\"><\/div>\n<div style=\"display: block; height: 50px; margin: 0 auto 12px; width: 50px;\"><\/div>\n<div style=\"padding-top: 8px;\">\n<div style=\"color: #3897f0; font-family: Arial,sans-serif; font-size: 14px; font-style: normal; font-weight: 550; line-height: 18px;\">Ver essa foto no Instagram<\/div>\n<\/div>\n<div style=\"padding: 12.5% 0;\"><\/div>\n<div style=\"display: flex; flex-direction: row; margin-bottom: 14px; align-items: center;\">\n<div>\n<div style=\"background-color: #f4f4f4; border-radius: 50%; height: 12.5px; width: 12.5px; transform: translateX(0px) translateY(7px);\"><\/div>\n<div style=\"background-color: #f4f4f4; height: 12.5px; transform: rotate(-45deg) translateX(3px) translateY(1px); width: 12.5px; flex-grow: 0; margin-right: 14px; margin-left: 2px;\"><\/div>\n<div style=\"background-color: #f4f4f4; border-radius: 50%; height: 12.5px; width: 12.5px; transform: translateX(9px) translateY(-18px);\"><\/div>\n<\/div>\n<div style=\"margin-left: 8px;\">\n<div style=\"background-color: #f4f4f4; border-radius: 50%; flex-grow: 0; height: 20px; width: 20px;\"><\/div>\n<div style=\"width: 0; height: 0; border-top: 2px solid transparent; border-left: 6px solid #f4f4f4; border-bottom: 2px solid transparent; transform: translateX(16px) translateY(-4px) rotate(30deg);\"><\/div>\n<\/div>\n<div style=\"margin-left: auto;\">\n<div style=\"width: 0px; border-top: 8px solid #F4F4F4; border-right: 8px solid transparent; transform: translateY(16px);\"><\/div>\n<div style=\"background-color: #f4f4f4; flex-grow: 0; height: 12px; width: 16px; transform: translateY(-4px);\"><\/div>\n<div style=\"width: 0; height: 0; border-top: 8px solid #F4F4F4; border-left: 8px solid transparent; transform: translateY(-4px) translateX(8px);\"><\/div>\n<\/div>\n<\/div>\n<div style=\"display: flex; flex-direction: column; flex-grow: 1; justify-content: center; margin-bottom: 24px;\">\n<div style=\"background-color: #f4f4f4; border-radius: 4px; flex-grow: 0; height: 14px; margin-bottom: 6px; width: 224px;\"><\/div>\n<div style=\"background-color: #f4f4f4; border-radius: 4px; flex-grow: 0; height: 14px; width: 144px;\"><\/div>\n<\/div>\n<p>&nbsp;<\/p>\n<p style=\"color: #c9c8cd; font-family: Arial,sans-serif; font-size: 14px; line-height: 17px; margin-bottom: 0; margin-top: 8px; overflow: hidden; padding: 8px 0 7px; text-align: center; text-overflow: ellipsis; white-space: nowrap;\"><a style=\"color: #c9c8cd; font-family: Arial,sans-serif; font-size: 14px; font-style: normal; font-weight: normal; line-height: 17px; text-decoration: none;\" href=\"https:\/\/www.instagram.com\/p\/DQfGJZokxSp\/?utm_source=ig_embed&amp;utm_campaign=loading\" target=\"_blank\" rel=\"noopener\">Uma publica\u00e7\u00e3o compartilhada por BandNews TV (@bandnewstv)<\/a><\/p>\n<\/div>\n<\/blockquote>\n<p><script async src=\"\/\/www.instagram.com\/embed.js\"><\/script><\/p>\n<p><span style=\"font-weight: 400;\">Por fim, a <a href=\"https:\/\/bit.ly\/4nOdbC3\" target=\"_blank\" rel=\"noopener\">Genial Investimentos\/Quaest<\/a> realizou pesquisas domiciliares com 1.500 moradores do Estado do Rio de Janeiro (maiores de 16 anos) nos dias 30 e 31 de outubro, com metade das respostas obtidas por meio de question\u00e1rio oral e a outra metade, por meio de question\u00e1rio escrito. Os respondentes foram selecionados em 40 munic\u00edpios, proporcionalmente ao tamanho e \u00e0s caracter\u00edsticas demogr\u00e1ficas de cada um. A margem de erro foi estimada em tr\u00eas pontos percentuais. Os resultados indicam que 64% dos moradores do Estado do Rio de Janeiro aprovam a opera\u00e7\u00e3o.<\/span><\/p>\n<blockquote class=\"instagram-media\" style=\"background: #FFF; border: 0; border-radius: 3px; box-shadow: 0 0 1px 0 rgba(0,0,0,0.5),0 1px 10px 0 rgba(0,0,0,0.15); margin: 1px; max-width: 540px; min-width: 326px; padding: 0; width: calc(100% - 2px);\" data-instgrm-captioned=\"\" data-instgrm-permalink=\"https:\/\/www.instagram.com\/p\/DQkLIJDAYZR\/?utm_source=ig_embed&amp;utm_campaign=loading\" data-instgrm-version=\"14\">\n<div style=\"padding: 16px;\">\n<p>&nbsp;<\/p>\n<div style=\"display: flex; flex-direction: row; align-items: center;\">\n<div style=\"background-color: #f4f4f4; border-radius: 50%; flex-grow: 0; height: 40px; margin-right: 14px; width: 40px;\"><\/div>\n<div style=\"display: flex; flex-direction: column; flex-grow: 1; justify-content: center;\">\n<div style=\"background-color: #f4f4f4; border-radius: 4px; flex-grow: 0; height: 14px; margin-bottom: 6px; width: 100px;\"><\/div>\n<div style=\"background-color: #f4f4f4; border-radius: 4px; flex-grow: 0; height: 14px; width: 60px;\"><\/div>\n<\/div>\n<\/div>\n<div style=\"padding: 19% 0;\"><\/div>\n<div style=\"display: block; height: 50px; margin: 0 auto 12px; width: 50px;\"><\/div>\n<div style=\"padding-top: 8px;\">\n<div style=\"color: #3897f0; font-family: Arial,sans-serif; font-size: 14px; font-style: normal; font-weight: 550; line-height: 18px;\">Ver essa foto no Instagram<\/div>\n<\/div>\n<div style=\"padding: 12.5% 0;\"><\/div>\n<div style=\"display: flex; flex-direction: row; margin-bottom: 14px; align-items: center;\">\n<div>\n<div style=\"background-color: #f4f4f4; border-radius: 50%; height: 12.5px; width: 12.5px; transform: translateX(0px) translateY(7px);\"><\/div>\n<div style=\"background-color: #f4f4f4; height: 12.5px; transform: rotate(-45deg) translateX(3px) translateY(1px); width: 12.5px; flex-grow: 0; margin-right: 14px; margin-left: 2px;\"><\/div>\n<div style=\"background-color: #f4f4f4; border-radius: 50%; height: 12.5px; width: 12.5px; transform: translateX(9px) translateY(-18px);\"><\/div>\n<\/div>\n<div style=\"margin-left: 8px;\">\n<div style=\"background-color: #f4f4f4; border-radius: 50%; flex-grow: 0; height: 20px; width: 20px;\"><\/div>\n<div style=\"width: 0; height: 0; border-top: 2px solid transparent; border-left: 6px solid #f4f4f4; border-bottom: 2px solid transparent; transform: translateX(16px) translateY(-4px) rotate(30deg);\"><\/div>\n<\/div>\n<div style=\"margin-left: auto;\">\n<div style=\"width: 0px; border-top: 8px solid #F4F4F4; border-right: 8px solid transparent; transform: translateY(16px);\"><\/div>\n<div style=\"background-color: #f4f4f4; flex-grow: 0; height: 12px; width: 16px; transform: translateY(-4px);\"><\/div>\n<div style=\"width: 0; height: 0; border-top: 8px solid #F4F4F4; border-left: 8px solid transparent; transform: translateY(-4px) translateX(8px);\"><\/div>\n<\/div>\n<\/div>\n<div style=\"display: flex; flex-direction: column; flex-grow: 1; justify-content: center; margin-bottom: 24px;\">\n<div style=\"background-color: #f4f4f4; border-radius: 4px; flex-grow: 0; height: 14px; margin-bottom: 6px; width: 224px;\"><\/div>\n<div style=\"background-color: #f4f4f4; border-radius: 4px; flex-grow: 0; height: 14px; width: 144px;\"><\/div>\n<\/div>\n<p>&nbsp;<\/p>\n<p style=\"color: #c9c8cd; font-family: Arial,sans-serif; font-size: 14px; line-height: 17px; margin-bottom: 0; margin-top: 8px; overflow: hidden; padding: 8px 0 7px; text-align: center; text-overflow: ellipsis; white-space: nowrap;\"><a style=\"color: #c9c8cd; font-family: Arial,sans-serif; font-size: 14px; font-style: normal; font-weight: normal; line-height: 17px; text-decoration: none;\" href=\"https:\/\/www.instagram.com\/p\/DQkLIJDAYZR\/?utm_source=ig_embed&amp;utm_campaign=loading\" target=\"_blank\" rel=\"noopener\">Uma publica\u00e7\u00e3o compartilhada por A Reda\u00e7\u00e3o (@jornalaredacao)<\/a><\/p>\n<\/div>\n<\/blockquote>\n<p><script async src=\"\/\/www.instagram.com\/embed.js\"><\/script><\/p>\n<p><span style=\"font-weight: 400;\">Os quatro estudos conclu\u00edram que uma s\u00f3lida maioria dos entrevistados aprovou a atua\u00e7\u00e3o policial no Alem\u00e3o e na Penha, embora tenham relatado diferentes n\u00edveis de apoio.<\/span><\/p>\n<blockquote class=\"instagram-media\" style=\"background: #FFF; border: 0; border-radius: 3px; box-shadow: 0 0 1px 0 rgba(0,0,0,0.5),0 1px 10px 0 rgba(0,0,0,0.15); margin: 1px; max-width: 540px; min-width: 326px; padding: 0; width: calc(100% - 2px);\" data-instgrm-captioned=\"\" data-instgrm-permalink=\"https:\/\/www.instagram.com\/p\/DQg-iGwjyBl\/?utm_source=ig_embed&amp;utm_campaign=loading\" data-instgrm-version=\"14\">\n<div style=\"padding: 16px;\">\n<p>&nbsp;<\/p>\n<div style=\"display: flex; flex-direction: row; align-items: center;\">\n<div style=\"background-color: #f4f4f4; border-radius: 50%; flex-grow: 0; height: 40px; margin-right: 14px; width: 40px;\"><\/div>\n<div style=\"display: flex; flex-direction: column; flex-grow: 1; justify-content: center;\">\n<div style=\"background-color: #f4f4f4; border-radius: 4px; flex-grow: 0; height: 14px; margin-bottom: 6px; width: 100px;\"><\/div>\n<div style=\"background-color: #f4f4f4; border-radius: 4px; flex-grow: 0; height: 14px; width: 60px;\"><\/div>\n<\/div>\n<\/div>\n<div style=\"padding: 19% 0;\"><\/div>\n<div style=\"display: block; height: 50px; margin: 0 auto 12px; width: 50px;\"><\/div>\n<div style=\"padding-top: 8px;\">\n<div style=\"color: #3897f0; font-family: Arial,sans-serif; font-size: 14px; font-style: normal; font-weight: 550; line-height: 18px;\">Ver essa foto no Instagram<\/div>\n<\/div>\n<div style=\"padding: 12.5% 0;\"><\/div>\n<div style=\"display: flex; flex-direction: row; margin-bottom: 14px; align-items: center;\">\n<div>\n<div style=\"background-color: #f4f4f4; border-radius: 50%; height: 12.5px; width: 12.5px; transform: translateX(0px) translateY(7px);\"><\/div>\n<div style=\"background-color: #f4f4f4; height: 12.5px; transform: rotate(-45deg) translateX(3px) translateY(1px); width: 12.5px; flex-grow: 0; margin-right: 14px; margin-left: 2px;\"><\/div>\n<div style=\"background-color: #f4f4f4; border-radius: 50%; height: 12.5px; width: 12.5px; transform: translateX(9px) translateY(-18px);\"><\/div>\n<\/div>\n<div style=\"margin-left: 8px;\">\n<div style=\"background-color: #f4f4f4; border-radius: 50%; flex-grow: 0; height: 20px; width: 20px;\"><\/div>\n<div style=\"width: 0; height: 0; border-top: 2px solid transparent; border-left: 6px solid #f4f4f4; border-bottom: 2px solid transparent; transform: translateX(16px) translateY(-4px) rotate(30deg);\"><\/div>\n<\/div>\n<div style=\"margin-left: auto;\">\n<div style=\"width: 0px; border-top: 8px solid #F4F4F4; border-right: 8px solid transparent; transform: translateY(16px);\"><\/div>\n<div style=\"background-color: #f4f4f4; flex-grow: 0; height: 12px; width: 16px; transform: translateY(-4px);\"><\/div>\n<div style=\"width: 0; height: 0; border-top: 8px solid #F4F4F4; border-left: 8px solid transparent; transform: translateY(-4px) translateX(8px);\"><\/div>\n<\/div>\n<\/div>\n<div style=\"display: flex; flex-direction: column; flex-grow: 1; justify-content: center; margin-bottom: 24px;\">\n<div style=\"background-color: #f4f4f4; border-radius: 4px; flex-grow: 0; height: 14px; margin-bottom: 6px; width: 224px;\"><\/div>\n<div style=\"background-color: #f4f4f4; border-radius: 4px; flex-grow: 0; height: 14px; width: 144px;\"><\/div>\n<\/div>\n<p>&nbsp;<\/p>\n<p style=\"color: #c9c8cd; font-family: Arial,sans-serif; font-size: 14px; line-height: 17px; margin-bottom: 0; margin-top: 8px; overflow: hidden; padding: 8px 0 7px; text-align: center; text-overflow: ellipsis; white-space: nowrap;\"><a style=\"color: #c9c8cd; font-family: Arial,sans-serif; font-size: 14px; font-style: normal; font-weight: normal; line-height: 17px; text-decoration: none;\" href=\"https:\/\/www.instagram.com\/p\/DQg-iGwjyBl\/?utm_source=ig_embed&amp;utm_campaign=loading\" target=\"_blank\" rel=\"noopener\">Uma publica\u00e7\u00e3o compartilhada por UOL Not\u00edcias (@uolnoticias)<\/a><\/p>\n<\/div>\n<\/blockquote>\n<p><script async src=\"\/\/www.instagram.com\/embed.js\"><\/script><\/p>\n<p>A maior parte da cobertura das pesquisas focou nos resultados do apoio geral \u00e0 a\u00e7\u00e3o policial, tornando isso a manchete, sem aprofundar muito as conclus\u00f5es, limitando-se a compartilhar apenas detalhes metodol\u00f3gicos b\u00e1sicos, como o tamanho da amostra e as margens de erro.<\/p>\n<p><span style=\"font-weight: 400;\">Embora o tema da aquiesc\u00eancia p\u00fablica tenha caracterizado a maioria das abordagens, pouqu\u00edssimas reportagens trataram essa pesquisa de opini\u00e3o de forma mais completa. A <a href=\"https:\/\/bit.ly\/4onwm6F\" target=\"_blank\" rel=\"noopener\">abordagem do jornal <em>O Globo<\/em> aos dados<\/a> da pesquisa Genial\/Quaest entrou em mais detalhes, descrevendo como \u201co incidente n\u00e3o mudou a percep\u00e7\u00e3o de seguran\u00e7a dos moradores e amplificou a sensa\u00e7\u00e3o de que o estado vive em uma \u2018atmosfera de guerra\u2019\u201d.<\/span><\/p>\n<p><span style=\"font-weight: 400;\">Todas as reportagens deixaram de discutir as poss\u00edveis limita\u00e7\u00f5es de extrapolar um tema complexo a partir de pesquisas com perguntas t\u00e3o limitadas e superficiais.<\/span><\/p>\n<blockquote class=\"instagram-media\" style=\"background: #FFF; border: 0; border-radius: 3px; box-shadow: 0 0 1px 0 rgba(0,0,0,0.5),0 1px 10px 0 rgba(0,0,0,0.15); margin: 1px; max-width: 540px; min-width: 326px; padding: 0; width: calc(100% - 2px);\" data-instgrm-captioned=\"\" data-instgrm-permalink=\"https:\/\/www.instagram.com\/reel\/DQhEMWeDWdv\/?utm_source=ig_embed&amp;utm_campaign=loading\" data-instgrm-version=\"14\">\n<div style=\"padding: 16px;\">\n<p>&nbsp;<\/p>\n<div style=\"display: flex; flex-direction: row; align-items: center;\">\n<div style=\"background-color: #f4f4f4; border-radius: 50%; flex-grow: 0; height: 40px; margin-right: 14px; width: 40px;\"><\/div>\n<div style=\"display: flex; flex-direction: column; flex-grow: 1; justify-content: center;\">\n<div style=\"background-color: #f4f4f4; border-radius: 4px; flex-grow: 0; height: 14px; margin-bottom: 6px; width: 100px;\"><\/div>\n<div style=\"background-color: #f4f4f4; border-radius: 4px; flex-grow: 0; height: 14px; width: 60px;\"><\/div>\n<\/div>\n<\/div>\n<div style=\"padding: 19% 0;\"><\/div>\n<div style=\"display: block; height: 50px; margin: 0 auto 12px; width: 50px;\"><\/div>\n<div style=\"padding-top: 8px;\">\n<div style=\"color: #3897f0; font-family: Arial,sans-serif; font-size: 14px; font-style: normal; font-weight: 550; line-height: 18px;\">Ver essa foto no Instagram<\/div>\n<\/div>\n<div style=\"padding: 12.5% 0;\"><\/div>\n<div style=\"display: flex; flex-direction: row; margin-bottom: 14px; align-items: center;\">\n<div>\n<div style=\"background-color: #f4f4f4; border-radius: 50%; height: 12.5px; width: 12.5px; transform: translateX(0px) translateY(7px);\"><\/div>\n<div style=\"background-color: #f4f4f4; height: 12.5px; transform: rotate(-45deg) translateX(3px) translateY(1px); width: 12.5px; flex-grow: 0; margin-right: 14px; margin-left: 2px;\"><\/div>\n<div style=\"background-color: #f4f4f4; border-radius: 50%; height: 12.5px; width: 12.5px; transform: translateX(9px) translateY(-18px);\"><\/div>\n<\/div>\n<div style=\"margin-left: 8px;\">\n<div style=\"background-color: #f4f4f4; border-radius: 50%; flex-grow: 0; height: 20px; width: 20px;\"><\/div>\n<div style=\"width: 0; height: 0; border-top: 2px solid transparent; border-left: 6px solid #f4f4f4; border-bottom: 2px solid transparent; transform: translateX(16px) translateY(-4px) rotate(30deg);\"><\/div>\n<\/div>\n<div style=\"margin-left: auto;\">\n<div style=\"width: 0px; border-top: 8px solid #F4F4F4; border-right: 8px solid transparent; transform: translateY(16px);\"><\/div>\n<div style=\"background-color: #f4f4f4; flex-grow: 0; height: 12px; width: 16px; transform: translateY(-4px);\"><\/div>\n<div style=\"width: 0; height: 0; border-top: 8px solid #F4F4F4; border-left: 8px solid transparent; transform: translateY(-4px) translateX(8px);\"><\/div>\n<\/div>\n<\/div>\n<div style=\"display: flex; flex-direction: column; flex-grow: 1; justify-content: center; margin-bottom: 24px;\">\n<div style=\"background-color: #f4f4f4; border-radius: 4px; flex-grow: 0; height: 14px; margin-bottom: 6px; width: 224px;\"><\/div>\n<div style=\"background-color: #f4f4f4; border-radius: 4px; flex-grow: 0; height: 14px; width: 144px;\"><\/div>\n<\/div>\n<p>&nbsp;<\/p>\n<p style=\"color: #c9c8cd; font-family: Arial,sans-serif; font-size: 14px; line-height: 17px; margin-bottom: 0; margin-top: 8px; overflow: hidden; padding: 8px 0 7px; text-align: center; text-overflow: ellipsis; white-space: nowrap;\"><a style=\"color: #c9c8cd; font-family: Arial,sans-serif; font-size: 14px; font-style: normal; font-weight: normal; line-height: 17px; text-decoration: none;\" href=\"https:\/\/www.instagram.com\/reel\/DQhEMWeDWdv\/?utm_source=ig_embed&amp;utm_campaign=loading\" target=\"_blank\" rel=\"noopener\">Uma publica\u00e7\u00e3o compartilhada por Thais Ferreira (@sou_thaisferreira)<\/a><\/p>\n<\/div>\n<\/blockquote>\n<p><script async src=\"\/\/www.instagram.com\/embed.js\"><\/script><\/p>\n<h3><b>Por que a Metodologia de Pesquisa<\/b><strong>\u2014<\/strong><b>e o Escrut\u00ednio do Leitor<\/b><strong>\u2014S<\/strong><b>\u00e3o Importantes<\/b><\/h3>\n<p><span style=\"font-weight: 400;\">Uma das primeiras quest\u00f5es relativas \u00e0 representatividade ou precis\u00e3o dos dados de pesquisas de opini\u00e3o \u00e9 o tamanho da amostra. Pesquisas de opini\u00e3o usam amostras porque \u00e9 imposs\u00edvel estudar toda a popula\u00e7\u00e3o no per\u00edodo de tempo necess\u00e1rio para um levantamento desse tipo. As conclus\u00f5es extra\u00eddas das amostras devem ser generaliz\u00e1veis de forma confi\u00e1vel para toda a popula\u00e7\u00e3o.<\/span><\/p>\n<p><span style=\"font-weight: 400;\">O que preocupa aqui \u00e9 a pesquisa da AtlasIntel, cujos resultados foram extrapolados para fazer afirma\u00e7\u00f5es sobre as opini\u00f5es dos pr\u00f3prios moradores das favelas do Rio, em vez da popula\u00e7\u00e3o da cidade como um todo. Qual foi o tamanho da amostra para essa popula\u00e7\u00e3o espec\u00edfica (e para diferentes categorias de respondentes, em geral)? E o que dizer da diversidade das favelas e de seus moradores: onde est\u00e3o localizadas na cidade, qu\u00e3o perto ou longe est\u00e3o da opera\u00e7\u00e3o policial, se e qual grupo armado as controla atualmente\u2014al\u00e9m das fac\u00e7\u00f5es do tr\u00e1fico, existem <a href=\"https:\/\/bit.ly\/2JJfbOS\" target=\"_blank\" rel=\"noopener\">mil\u00edcias policiais<\/a> que s\u00e3o amplamente conhecidas por controlar a opini\u00e3o e o comportamento do p\u00fablico, e que hoje controlam mais favelas do que os traficantes.<\/span><\/p>\n<p><span style=\"font-weight: 400;\">A pesquisa em favelas e sobre elas \u00e9 notoriamente complexa, raz\u00e3o pela qual at\u00e9 mesmo o censo nacional n\u00e3o consegue refletir com precis\u00e3o essas \u00e1reas. Os moradores\u2014especialmente aqueles com menor renda em suas comunidades\u2014sofrem com problemas de acesso \u00e0 energia e \u00e0 internet, enfrentam dificuldades de alfabetiza\u00e7\u00e3o digital e s\u00e3o cronicamente sobrecarregados de trabalho. Quem \u00e9 a \u201cmeia d\u00fazia\u201d de moradores de favela entrevistados, e como se pode esperar que eles representem 1,4 milh\u00e3o de pessoas?<\/span><\/p>\n<figure id=\"attachment_80158\" aria-describedby=\"caption-attachment-80158\" style=\"width: 1280px\" class=\"wp-caption aligncenter\"><a href=\"https:\/\/rioonwatch.org.br\/wp-content\/uploads\/2025\/11\/Protesto-em-motocicletas-apos-o-Massacre-do-Alemao-e-da-Penha.-Foto-Vinicius-Ribeiro.jpeg\"><img loading=\"lazy\" decoding=\"async\" class=\"wp-image-80158 size-full\" title=\"Motociata ap\u00f3s o Massacre do Alem\u00e3o e da Penha. Foto: Vin\u00edcius Ribeiro\" src=\"https:\/\/rioonwatch.org.br\/wp-content\/uploads\/2025\/11\/Protesto-em-motocicletas-apos-o-Massacre-do-Alemao-e-da-Penha.-Foto-Vinicius-Ribeiro.jpeg\" alt=\"Motociata ap\u00f3s o Massacre do Alem\u00e3o e da Penha. Foto: Vin\u00edcius Ribeiro\" width=\"1280\" height=\"853\" srcset=\"https:\/\/rioonwatch.org.br\/wp-content\/uploads\/2025\/11\/Protesto-em-motocicletas-apos-o-Massacre-do-Alemao-e-da-Penha.-Foto-Vinicius-Ribeiro.jpeg 1280w, https:\/\/rioonwatch.org.br\/wp-content\/uploads\/2025\/11\/Protesto-em-motocicletas-apos-o-Massacre-do-Alemao-e-da-Penha.-Foto-Vinicius-Ribeiro-620x413.jpeg 620w, https:\/\/rioonwatch.org.br\/wp-content\/uploads\/2025\/11\/Protesto-em-motocicletas-apos-o-Massacre-do-Alemao-e-da-Penha.-Foto-Vinicius-Ribeiro-768x512.jpeg 768w\" sizes=\"(max-width: 1280px) 100vw, 1280px\" \/><\/a><figcaption id=\"caption-attachment-80158\" class=\"wp-caption-text\">Motociata ap\u00f3s o Massacre do Alem\u00e3o e da Penha. Foto: Vin\u00edcius Ribeiro<\/figcaption><\/figure>\n<p><span style=\"font-weight: 400;\">Esta \u00e9 mais uma manifesta\u00e7\u00e3o de um <a href=\"https:\/\/bit.ly\/3wrGTma\" target=\"_blank\" rel=\"noopener\">problema antigo<\/a>: a <a href=\"https:\/\/bit.ly\/3m57h5t\" target=\"_blank\" rel=\"noopener\">exclus\u00e3o e a generaliza\u00e7\u00e3o das vozes<\/a> de comunidades perif\u00e9ricas no discurso p\u00fablico e no debate c\u00edvico. Historicamente, os principais meios de comunica\u00e7\u00e3o t\u00eam retratado as favelas de forma simplista, recorrendo a estere\u00f3tipos tradicionais que deslegitimam ou obscurecem as diversas e complexas preocupa\u00e7\u00f5es e opini\u00f5es de seus moradores.<\/span><\/p>\n<p><span style=\"font-weight: 400;\">Aqueles que n\u00e3o t\u00eam acesso confi\u00e1vel \u00e0 internet ou que a acessam principalmente por meio de aplicativos em seus telefones (em vez de pela p\u00e1gina inicial de um navegador da web) t\u00eam menos probabilidade de serem expostos a banners publicit\u00e1rios de pesquisas e, na era da geolocaliza\u00e7\u00e3o por IP, muito pouca probabilidade de responder a uma pesquisa demorada que solicita opini\u00f5es potencialmente prejudiciais sobre as a\u00e7\u00f5es da pol\u00edcia em suas comunidades.<\/span><\/p>\n<p><span style=\"font-weight: 400;\">A combina\u00e7\u00e3o da depend\u00eancia de estere\u00f3tipos e simplifica\u00e7\u00f5es hist\u00f3ricos com o uso de metodologias que ignoram as realidades da vida nas favelas significa que as opini\u00f5es dos moradores das favelas simplesmente n\u00e3o podem ser apuradas por meio desta pesquisa, e que a tentativa de faz\u00ea-lo \u00e9 irrespons\u00e1vel.<\/span><\/p>\n<figure id=\"attachment_80159\" aria-describedby=\"caption-attachment-80159\" style=\"width: 1280px\" class=\"wp-caption aligncenter\"><a href=\"https:\/\/rioonwatch.org.br\/wp-content\/uploads\/2025\/11\/Protesto-em-motocicletas-apos-o-Massacre-do-Alemao-e-da-Penha.-Foto-Vinicius-Ribeiro2.jpeg\"><img loading=\"lazy\" decoding=\"async\" class=\"wp-image-80159 size-full\" title=\"Motociata ap\u00f3s o Massacre do Alem\u00e3o e da Penha. Foto: Vin\u00edcius Ribeiro\" src=\"https:\/\/rioonwatch.org.br\/wp-content\/uploads\/2025\/11\/Protesto-em-motocicletas-apos-o-Massacre-do-Alemao-e-da-Penha.-Foto-Vinicius-Ribeiro2.jpeg\" alt=\"Motociata ap\u00f3s o Massacre do Alem\u00e3o e da Penha. Foto: Vin\u00edcius Ribeiro\" width=\"1280\" height=\"853\" srcset=\"https:\/\/rioonwatch.org.br\/wp-content\/uploads\/2025\/11\/Protesto-em-motocicletas-apos-o-Massacre-do-Alemao-e-da-Penha.-Foto-Vinicius-Ribeiro2.jpeg 1280w, https:\/\/rioonwatch.org.br\/wp-content\/uploads\/2025\/11\/Protesto-em-motocicletas-apos-o-Massacre-do-Alemao-e-da-Penha.-Foto-Vinicius-Ribeiro2-620x413.jpeg 620w, https:\/\/rioonwatch.org.br\/wp-content\/uploads\/2025\/11\/Protesto-em-motocicletas-apos-o-Massacre-do-Alemao-e-da-Penha.-Foto-Vinicius-Ribeiro2-768x512.jpeg 768w\" sizes=\"(max-width: 1280px) 100vw, 1280px\" \/><\/a><figcaption id=\"caption-attachment-80159\" class=\"wp-caption-text\">Motociata ap\u00f3s o Massacre do Alem\u00e3o e da Penha. Foto: Vin\u00edcius Ribeiro<\/figcaption><\/figure>\n<p><span style=\"font-weight: 400;\">Algumas dessas pesquisas foram realizadas por telefone durante os dois \u00faltimos dias de outubro. Os n\u00fameros foram gerados aleatoriamente\u2014como liga\u00e7\u00f5es de marketing de spam\u2014ou com base em dados de cadastro de assinantes dispon\u00edveis publicamente. Que grupos t\u00eam tempo (e disposi\u00e7\u00e3o) para responder, por telefone, a uma lista relativamente longa de perguntas sobre assuntos delicados a um estranho (ou a um interlocutor gerado por IA)?<\/span><\/p>\n<p><span style=\"font-weight: 400;\">Tanto em pa\u00edses desenvolvidos quanto em pa\u00edses em desenvolvimento ao redor do mundo, as taxas de resposta \u00e0s pesquisas de opini\u00e3o t\u00eam se tornado\u00a0<a href=\"https:\/\/bit.ly\/3LqN3Qm\" target=\"_blank\" rel=\"noopener\">cada vez menos confi\u00e1veis<\/a>\u2014como se v\u00ea, notoriamente, na precis\u00e3o das pesquisas pol\u00edticas nos \u00faltimos anos. Por esse motivo, os institutos de pesquisa t\u00eam buscado m\u00e9todos estatisticamente mais vi\u00e1veis \u200b\u200bpara recrutar participantes para pesquisas. Um deles, empregado no pa\u00eds, \u00e9 o &#8220;Recrutamento Digital Aleat\u00f3rio&#8221; (RDR, na sigla em ingl\u00eas), uma metodologia propriet\u00e1ria desenvolvida pela AtlasIntel para criar amostras robustas e mais representativas da popula\u00e7\u00e3o-alvo. O m\u00e9todo permite a coleta de respondentes online, segmentando usu\u00e1rios com base em seu comportamento de navega\u00e7\u00e3o na web e em dados demogr\u00e1ficos. Essa abordagem visa garantir uma amostra representativa, ajustando-se ao vi\u00e9s de n\u00e3o resposta e \u00e0s vari\u00e1veis \u200b\u200bdemogr\u00e1ficas. O RDR \u00e9 conhecido nesta \u00e1rea por sua capacidade de <a href=\"http:\/\/glo.bo\/43m3YcT\">prever resultados eleitorais<\/a>. O AtlasIntel foi classificado por observadores do setor como o <a href=\"https:\/\/bit.ly\/4nKVEun\" target=\"_blank\" rel=\"noopener\">instituto de pesquisa mais preciso<\/a> nas elei\u00e7\u00f5es presidenciais dos Estados Unidos de 2020 e previu com acerto os resultados eleitorais em diversos pa\u00edses da Am\u00e9rica Latina. Dito isso, pesquisas eleitorais s\u00e3o muito diferentes de pesquisas de opini\u00e3o. E as estrat\u00e9gias de RDR produzem dados mais confi\u00e1veis \u200b\u200bquando baseadas em grandes amostras nacionais, em vez de amostras menores em n\u00edvel urbano.<\/span><\/p>\n<h3><b>O Sensacionalismo Pode Vender, Mas N\u00e3o Educa Nem Informa<\/b><\/h3>\n<figure id=\"attachment_80160\" aria-describedby=\"caption-attachment-80160\" style=\"width: 1280px\" class=\"wp-caption aligncenter\"><a href=\"https:\/\/rioonwatch.org.br\/wp-content\/uploads\/2025\/11\/O-cartaz-diz-Mais-de-120-vidas-perdidas-nao-e-sucesso-ChegaDeMassacre-VidasFaveladasImportam.-Foto-Vinicius-Ribeiro.jpeg\"><img loading=\"lazy\" decoding=\"async\" class=\"wp-image-80160 size-full\" title=\"Cartaz durante o protesto ap\u00f3s o massacre, realizado no Complexo da Penha, remete aos fatos da megaopera\u00e7\u00e3o: \u201cMais de 120 vidas perdidas n\u00e3o \u00e9 sucesso! #ChegaDeMassacre #VidasFaveladasImportam\u201d. Foto: Vin\u00edcius Ribeiro\" src=\"https:\/\/rioonwatch.org.br\/wp-content\/uploads\/2025\/11\/O-cartaz-diz-Mais-de-120-vidas-perdidas-nao-e-sucesso-ChegaDeMassacre-VidasFaveladasImportam.-Foto-Vinicius-Ribeiro.jpeg\" alt=\"Cartaz durante o protesto ap\u00f3s o massacre, realizado no Complexo da Penha, remete aos fatos da megaopera\u00e7\u00e3o: \u201cMais de 120 vidas perdidas n\u00e3o \u00e9 sucesso! #ChegaDeMassacre #VidasFaveladasImportam\u201d. Foto: Vin\u00edcius Ribeiro\" width=\"1280\" height=\"853\" srcset=\"https:\/\/rioonwatch.org.br\/wp-content\/uploads\/2025\/11\/O-cartaz-diz-Mais-de-120-vidas-perdidas-nao-e-sucesso-ChegaDeMassacre-VidasFaveladasImportam.-Foto-Vinicius-Ribeiro.jpeg 1280w, https:\/\/rioonwatch.org.br\/wp-content\/uploads\/2025\/11\/O-cartaz-diz-Mais-de-120-vidas-perdidas-nao-e-sucesso-ChegaDeMassacre-VidasFaveladasImportam.-Foto-Vinicius-Ribeiro-620x413.jpeg 620w, https:\/\/rioonwatch.org.br\/wp-content\/uploads\/2025\/11\/O-cartaz-diz-Mais-de-120-vidas-perdidas-nao-e-sucesso-ChegaDeMassacre-VidasFaveladasImportam.-Foto-Vinicius-Ribeiro-768x512.jpeg 768w\" sizes=\"(max-width: 1280px) 100vw, 1280px\" \/><\/a><figcaption id=\"caption-attachment-80160\" class=\"wp-caption-text\">Cartaz durante o protesto ap\u00f3s o massacre, realizado no Complexo da Penha, remete aos fatos da megaopera\u00e7\u00e3o: \u201cMais de 120 vidas perdidas n\u00e3o \u00e9 sucesso! #ChegaDeMassacre #VidasFaveladasImportam\u201d. Foto: Vin\u00edcius Ribeiro<\/figcaption><\/figure>\n<p>A quest\u00e3o aqui n\u00e3o s\u00e3o os resultados da pesquisa, mas como perguntas simplistas demais\u2014\u00fateis em uma pesquisa eleitoral, mas in\u00fateis para entender a opini\u00e3o generalizada sobre um tema t\u00e3o complexo quanto a seguran\u00e7a p\u00fablica<span style=\"font-weight: 400;\">\u2014<\/span>contribuem para a desinforma\u00e7\u00e3o e para os temores que est\u00e3o na base do pr\u00f3prio assunto, especialmente quando divulgadas sem uma interpreta\u00e7\u00e3o cr\u00edtica.<\/p>\n<p><span style=\"font-weight: 400;\">O <em>UOL<\/em>, <a href=\"https:\/\/bit.ly\/4p1TJTl\" target=\"_blank\" rel=\"noopener\">maior portal em l\u00edngua portuguesa do mundo<\/a>, divulgou dados de uma pesquisa sobre a opera\u00e7\u00e3o policial em seu pr\u00f3prio site e em diversas plataformas de m\u00eddia social. Sua cobertura da pesquisa da AtlasIntel, j\u00e1 mencionada, foi especialmente sinistra e sensacionalista. Com v\u00e1rios slides dos resultados da pesquisa da AtlasIntel, o <em>UOL<\/em> abriu sua cobertura com a imagem de uma fileira de cad\u00e1veres de v\u00edtimas\u2014quase todos jovens negros, parcialmente nus\u2014cercados por parentes e amigos em luto. Sobreposta a <a href=\"https:\/\/bit.ly\/4olwSSH\" target=\"_blank\" rel=\"noopener\">essa imagem aterradora<\/a>, estava a afirma\u00e7\u00e3o de que \u201c87,6% dos moradores das favelas do Rio aprovam a megaopera\u00e7\u00e3o\u201d.<\/span><\/p>\n<p><span style=\"font-weight: 400;\">Somente no \u00faltimo slide (de 16), sobreposto \u00e0 imagem de uma m\u00e3o ensanguentada saindo de um manto, foi mencionado que os resultados eram produto de entrevistas online com 1.527 moradores do Rio de Janeiro. N\u00e3o fica evidente, nos resultados da pesquisa publicados, qual n\u00famero (ou mesmo porcentagem) desses entrevistados morava em favelas. Portanto, embora o percentual de 87,6% possa ser chamativo, conforme explicado acima, ele \u00e9 efetivamente in\u00fatil.<\/span><\/p>\n<p><span style=\"font-weight: 400;\">N\u00e3o est\u00e1 claro se a cobertura do <em>UOL<\/em> foi uma tentativa de moldar a opini\u00e3o p\u00fablica em torno do crescente debate sobre seguran\u00e7a p\u00fablica ou apenas uma tentativa insens\u00edvel de gerar cliques. De qualquer forma, n\u00e3o se trata principalmente de compartilhar informa\u00e7\u00f5es \u00fateis\u2014como o jornalismo deveria ser\u2014e pouco contribuiu para elucidar os resultados da pesquisa AtlasIntel, muito menos os medos e anseios dos cidad\u00e3os do Rio em rela\u00e7\u00e3o \u00e0 situa\u00e7\u00e3o da seguran\u00e7a p\u00fablica. E este \u00e9 apenas um caso em meio a uma mir\u00edade de not\u00edcias mal apuradas sobre o massacre da Penha e do Alem\u00e3o em 28 de outubro, e sobre os 121 assassinados pelas for\u00e7as policiais.<\/span><\/p>\n<hr \/>\n<h4><b data-stringify-type=\"bold\">Apoie nossos esfor\u00e7os para fornecer apoio estrat\u00e9gico \u00e0s favelas do Rio, incluindo o jornalismo hiperlocal, cr\u00edtico, inovador e incans\u00e1vel do\u00a0<\/b><b data-stringify-type=\"bold\"><i data-stringify-type=\"italic\">RioOnWatch<\/i><\/b>\u2014<a class=\"c-link\" href=\"http:\/\/www.bit.ly\/ApoieROW\" rel=\"noopener noreferrer\" data-stringify-link=\"http:\/\/www.bit.ly\/ApoieROW\" data-sk=\"tooltip_parent\">doe aqui<\/a>.<\/h4>\n<!-- AddThis Advanced Settings generic via filter on the_content --><!-- AddThis Share Buttons generic via filter on the_content -->","protected":false},"excerpt":{"rendered":"<div class=\"mh-excerpt\"><p>Click Here for English Na ter\u00e7a-feira, 28 de outubro, a opera\u00e7\u00e3o policial mais letal do Brasil resultou em mais de 120 mortos, deixando para tr\u00e1s corpos, por onde ca\u00edram, espalhados para que vizinhos e familiares <a class=\"mh-excerpt-more\" href=\"https:\/\/rioonwatch.org.br\/?p=80150\" title=\"Por Que as Pesquisas de Opini\u00e3o Publicadas Ap\u00f3s a \u2018Megaopera\u00e7\u00e3o Policial\u2019 no Rio de Janeiro S\u00e3o Enganosas?\">[&#8230;]<\/a><!-- AddThis Advanced Settings generic via filter on get_the_excerpt --><!-- AddThis Share Buttons generic via filter on get_the_excerpt --><\/p>\n<\/div>","protected":false},"author":192,"featured_media":80156,"comment_status":"closed","ping_status":"closed","sticky":false,"template":"template-full.php","format":"standard","meta":{"_acf_changed":false,"_monsterinsights_skip_tracking":false,"_monsterinsights_sitenote_active":false,"_monsterinsights_sitenote_note":"","_monsterinsights_sitenote_category":0,"footnotes":""},"categories":[1621,1632,346,1626,1620],"tags":[386,787,2967,2717,217,1239,2214,457,1167,1841,3594,3109,1760,2378,774,2588,672,295,1001,920,52,218],"writer":[3612],"translator":[1971],"source":[],"ilustrador":[],"fotografo":[3257],"class_list":{"0":"post-80150","1":"post","2":"type-post","3":"status-publish","4":"format-standard","5":"has-post-thumbnail","7":"category-destaque","8":"category-pesquisa-e-analise","9":"category-denuncias","10":"category-por-observadores-internacionais","11":"category-olhonaupp","12":"tag-estigma","13":"tag-chacina","14":"tag-claudio-castro","15":"tag-complexo-da-penha","16":"tag-complexo-do-alemao","17":"tag-criminalizacao-da-pobreza","18":"tag-dados","19":"tag-eleicoes","20":"tag-grande-midia","21":"tag-lula","22":"tag-massacre","23":"tag-minas-gerais","24":"tag-narrativa-midiatica","25":"tag-policia-civil","26":"tag-policia-militar","27":"tag-resultados-da-pesquisa","28":"tag-seguranca-publica","29":"tag-serra-da-misericordia","30":"tag-vila-cruzeiro","31":"tag-violencia-de-estado","32":"tag-violencia-policial","33":"tag-zona-norte","34":"writer-scott-salmon","35":"translator-geovanna-giannini","36":"fotografo-vinicius-ribeiro"},"acf":[],"yoast_head":"<!-- This site is optimized with the Yoast SEO plugin v25.6 - https:\/\/yoast.com\/wordpress\/plugins\/seo\/ -->\n<title>Por Que as Pesquisas de Opini\u00e3o Publicadas Ap\u00f3s a \u2018Megaopera\u00e7\u00e3o Policial\u2019 no Rio de Janeiro S\u00e3o Enganosas? - RioOnWatch<\/title>\n<meta name=\"robots\" content=\"index, follow, max-snippet:-1, max-image-preview:large, max-video-preview:-1\" \/>\n<link rel=\"canonical\" href=\"https:\/\/rioonwatch.org.br\/?p=80150\" \/>\n<meta property=\"og:locale\" content=\"pt_BR\" \/>\n<meta property=\"og:type\" content=\"article\" \/>\n<meta property=\"og:title\" content=\"Por Que as Pesquisas de Opini\u00e3o Publicadas Ap\u00f3s a \u2018Megaopera\u00e7\u00e3o Policial\u2019 no Rio de Janeiro S\u00e3o Enganosas? - RioOnWatch\" \/>\n<meta property=\"og:description\" content=\"Click Here for English Na ter\u00e7a-feira, 28 de outubro, a opera\u00e7\u00e3o policial mais letal do Brasil resultou em mais de 120 mortos, deixando para tr\u00e1s corpos, por onde ca\u00edram, espalhados para que vizinhos e familiares [...]\" \/>\n<meta property=\"og:url\" content=\"https:\/\/rioonwatch.org.br\/?p=80150\" \/>\n<meta property=\"og:site_name\" content=\"RioOnWatch\" \/>\n<meta property=\"article:published_time\" content=\"2025-11-14T14:53:36+00:00\" \/>\n<meta property=\"article:modified_time\" content=\"2025-11-18T11:12:47+00:00\" \/>\n<meta property=\"og:image\" content=\"https:\/\/rioonwatch.org.br\/wp-content\/uploads\/2025\/11\/Segundo-uma-das-pesquisas-recentes-87-dos-moradores-das-favelas-do-Rio-apoiam-a-operacao-policial-que-resultou.jpeg\" \/>\n\t<meta property=\"og:image:width\" content=\"1280\" \/>\n\t<meta property=\"og:image:height\" content=\"853\" \/>\n\t<meta property=\"og:image:type\" content=\"image\/jpeg\" \/>\n<meta name=\"author\" content=\"Beatriz Miranda\" \/>\n<meta name=\"twitter:card\" content=\"summary_large_image\" \/>\n<meta name=\"twitter:label1\" content=\"Escrito por\" \/>\n\t<meta name=\"twitter:data1\" content=\"Beatriz Miranda\" \/>\n\t<meta name=\"twitter:label2\" content=\"Est. tempo de leitura\" \/>\n\t<meta name=\"twitter:data2\" content=\"15 minutos\" \/>\n<script type=\"application\/ld+json\" class=\"yoast-schema-graph\">{\"@context\":\"https:\/\/schema.org\",\"@graph\":[{\"@type\":\"Article\",\"@id\":\"https:\/\/rioonwatch.org.br\/?p=80150#article\",\"isPartOf\":{\"@id\":\"https:\/\/rioonwatch.org.br\/?p=80150\"},\"author\":{\"name\":\"Beatriz Miranda\",\"@id\":\"https:\/\/rioonwatch.org.br\/#\/schema\/person\/1150bfc199e76e22909b454a0c139c4b\"},\"headline\":\"Por Que as Pesquisas de Opini\u00e3o Publicadas Ap\u00f3s a \u2018Megaopera\u00e7\u00e3o Policial\u2019 no Rio de Janeiro S\u00e3o Enganosas?\",\"datePublished\":\"2025-11-14T14:53:36+00:00\",\"dateModified\":\"2025-11-18T11:12:47+00:00\",\"mainEntityOfPage\":{\"@id\":\"https:\/\/rioonwatch.org.br\/?p=80150\"},\"wordCount\":2795,\"publisher\":{\"@id\":\"https:\/\/rioonwatch.org.br\/#organization\"},\"image\":{\"@id\":\"https:\/\/rioonwatch.org.br\/?p=80150#primaryimage\"},\"thumbnailUrl\":\"https:\/\/rioonwatch.org.br\/wp-content\/uploads\/2025\/11\/Segundo-uma-das-pesquisas-recentes-87-dos-moradores-das-favelas-do-Rio-apoiam-a-operacao-policial-que-resultou.jpeg\",\"keywords\":[\"#StopFavelaStigma\",\"chacina\",\"Cl\u00e1udio Castro\",\"Complexo da Penha\",\"Complexo do Alem\u00e3o\",\"criminaliza\u00e7\u00e3o da pobreza\",\"dados\",\"Elei\u00e7\u00f5es\",\"grande m\u00eddia\",\"Lula\",\"massacre\",\"Minas Gerais\",\"narrativa midi\u00e1tica\",\"Pol\u00edcia Civil\",\"Pol\u00edcia Militar\",\"resultados da pesquisa\",\"seguran\u00e7a p\u00fablica\",\"Serra da Miseric\u00f3rdia\",\"Vila Cruzeiro\",\"viol\u00eancia de Estado\",\"viol\u00eancia policial\",\"Zona Norte\"],\"articleSection\":[\"*Destaque\",\"Dados e Pesquisa\",\"Den\u00fancias\",\"Escrito por Aliados\",\"Seguran\u00e7a P\u00fablica\"],\"inLanguage\":\"pt-BR\"},{\"@type\":\"WebPage\",\"@id\":\"https:\/\/rioonwatch.org.br\/?p=80150\",\"url\":\"https:\/\/rioonwatch.org.br\/?p=80150\",\"name\":\"Por Que as Pesquisas de Opini\u00e3o Publicadas Ap\u00f3s a \u2018Megaopera\u00e7\u00e3o Policial\u2019 no Rio de Janeiro S\u00e3o Enganosas? - RioOnWatch\",\"isPartOf\":{\"@id\":\"https:\/\/rioonwatch.org.br\/#website\"},\"primaryImageOfPage\":{\"@id\":\"https:\/\/rioonwatch.org.br\/?p=80150#primaryimage\"},\"image\":{\"@id\":\"https:\/\/rioonwatch.org.br\/?p=80150#primaryimage\"},\"thumbnailUrl\":\"https:\/\/rioonwatch.org.br\/wp-content\/uploads\/2025\/11\/Segundo-uma-das-pesquisas-recentes-87-dos-moradores-das-favelas-do-Rio-apoiam-a-operacao-policial-que-resultou.jpeg\",\"datePublished\":\"2025-11-14T14:53:36+00:00\",\"dateModified\":\"2025-11-18T11:12:47+00:00\",\"breadcrumb\":{\"@id\":\"https:\/\/rioonwatch.org.br\/?p=80150#breadcrumb\"},\"inLanguage\":\"pt-BR\",\"potentialAction\":[{\"@type\":\"ReadAction\",\"target\":[\"https:\/\/rioonwatch.org.br\/?p=80150\"]}]},{\"@type\":\"ImageObject\",\"inLanguage\":\"pt-BR\",\"@id\":\"https:\/\/rioonwatch.org.br\/?p=80150#primaryimage\",\"url\":\"https:\/\/rioonwatch.org.br\/wp-content\/uploads\/2025\/11\/Segundo-uma-das-pesquisas-recentes-87-dos-moradores-das-favelas-do-Rio-apoiam-a-operacao-policial-que-resultou.jpeg\",\"contentUrl\":\"https:\/\/rioonwatch.org.br\/wp-content\/uploads\/2025\/11\/Segundo-uma-das-pesquisas-recentes-87-dos-moradores-das-favelas-do-Rio-apoiam-a-operacao-policial-que-resultou.jpeg\",\"width\":1280,\"height\":853,\"caption\":\"Segundo uma das pesquisas recentes, 87% dos moradores das favelas do Rio apoiam a opera\u00e7\u00e3o policial que resultou no massacre mais letal da hist\u00f3ria da cidade. Nesta imagem, tirada durante o protesto liderado por moradores de favelas ap\u00f3s o massacre em 31 de outubro, no Complexo da Penha, a placa diz: \u201cMorador [da favela] n\u00e3o \u00e9 criminoso\u201d. Foto: Vin\u00edcius Ribeiro\"},{\"@type\":\"BreadcrumbList\",\"@id\":\"https:\/\/rioonwatch.org.br\/?p=80150#breadcrumb\",\"itemListElement\":[{\"@type\":\"ListItem\",\"position\":1,\"name\":\"In\u00edcio\",\"item\":\"https:\/\/rioonwatch.org.br\/\"},{\"@type\":\"ListItem\",\"position\":2,\"name\":\"Por Que as Pesquisas de Opini\u00e3o Publicadas Ap\u00f3s a \u2018Megaopera\u00e7\u00e3o Policial\u2019 no Rio de Janeiro S\u00e3o Enganosas?\"}]},{\"@type\":\"WebSite\",\"@id\":\"https:\/\/rioonwatch.org.br\/#website\",\"url\":\"https:\/\/rioonwatch.org.br\/\",\"name\":\"RioOnWatch\",\"description\":\"relatos das favelas cariocas\",\"publisher\":{\"@id\":\"https:\/\/rioonwatch.org.br\/#organization\"},\"potentialAction\":[{\"@type\":\"SearchAction\",\"target\":{\"@type\":\"EntryPoint\",\"urlTemplate\":\"https:\/\/rioonwatch.org.br\/?s={search_term_string}\"},\"query-input\":{\"@type\":\"PropertyValueSpecification\",\"valueRequired\":true,\"valueName\":\"search_term_string\"}}],\"inLanguage\":\"pt-BR\"},{\"@type\":\"Organization\",\"@id\":\"https:\/\/rioonwatch.org.br\/#organization\",\"name\":\"RioOnWatch\",\"url\":\"https:\/\/rioonwatch.org.br\/\",\"logo\":{\"@type\":\"ImageObject\",\"inLanguage\":\"pt-BR\",\"@id\":\"https:\/\/rioonwatch.org.br\/#\/schema\/logo\/image\/\",\"url\":\"https:\/\/rioonwatch.org.br\/wp-content\/uploads\/2021\/06\/RioOnWatchcabecalhoPT11anos-2.png\",\"contentUrl\":\"https:\/\/rioonwatch.org.br\/wp-content\/uploads\/2021\/06\/RioOnWatchcabecalhoPT11anos-2.png\",\"width\":779,\"height\":277,\"caption\":\"RioOnWatch\"},\"image\":{\"@id\":\"https:\/\/rioonwatch.org.br\/#\/schema\/logo\/image\/\"}},{\"@type\":\"Person\",\"@id\":\"https:\/\/rioonwatch.org.br\/#\/schema\/person\/1150bfc199e76e22909b454a0c139c4b\",\"name\":\"Beatriz Miranda\",\"image\":{\"@type\":\"ImageObject\",\"inLanguage\":\"pt-BR\",\"@id\":\"https:\/\/rioonwatch.org.br\/#\/schema\/person\/image\/\",\"url\":\"https:\/\/secure.gravatar.com\/avatar\/41a514d4cb8be1f42ceaebd1038a447b?s=96&d=blank&r=g\",\"contentUrl\":\"https:\/\/secure.gravatar.com\/avatar\/41a514d4cb8be1f42ceaebd1038a447b?s=96&d=blank&r=g\",\"caption\":\"Beatriz Miranda\"},\"url\":\"https:\/\/rioonwatch.org.br\/?author=192\"}]}<\/script>\n<!-- \/ Yoast SEO plugin. -->","yoast_head_json":{"title":"Por Que as Pesquisas de Opini\u00e3o Publicadas Ap\u00f3s a \u2018Megaopera\u00e7\u00e3o Policial\u2019 no Rio de Janeiro S\u00e3o Enganosas? - RioOnWatch","robots":{"index":"index","follow":"follow","max-snippet":"max-snippet:-1","max-image-preview":"max-image-preview:large","max-video-preview":"max-video-preview:-1"},"canonical":"https:\/\/rioonwatch.org.br\/?p=80150","og_locale":"pt_BR","og_type":"article","og_title":"Por Que as Pesquisas de Opini\u00e3o Publicadas Ap\u00f3s a \u2018Megaopera\u00e7\u00e3o Policial\u2019 no Rio de Janeiro S\u00e3o Enganosas? - RioOnWatch","og_description":"Click Here for English Na ter\u00e7a-feira, 28 de outubro, a opera\u00e7\u00e3o policial mais letal do Brasil resultou em mais de 120 mortos, deixando para tr\u00e1s corpos, por onde ca\u00edram, espalhados para que vizinhos e familiares [...]","og_url":"https:\/\/rioonwatch.org.br\/?p=80150","og_site_name":"RioOnWatch","article_published_time":"2025-11-14T14:53:36+00:00","article_modified_time":"2025-11-18T11:12:47+00:00","og_image":[{"width":1280,"height":853,"url":"https:\/\/rioonwatch.org.br\/wp-content\/uploads\/2025\/11\/Segundo-uma-das-pesquisas-recentes-87-dos-moradores-das-favelas-do-Rio-apoiam-a-operacao-policial-que-resultou.jpeg","type":"image\/jpeg"}],"author":"Beatriz Miranda","twitter_card":"summary_large_image","twitter_misc":{"Escrito por":"Beatriz Miranda","Est. tempo de leitura":"15 minutos"},"schema":{"@context":"https:\/\/schema.org","@graph":[{"@type":"Article","@id":"https:\/\/rioonwatch.org.br\/?p=80150#article","isPartOf":{"@id":"https:\/\/rioonwatch.org.br\/?p=80150"},"author":{"name":"Beatriz Miranda","@id":"https:\/\/rioonwatch.org.br\/#\/schema\/person\/1150bfc199e76e22909b454a0c139c4b"},"headline":"Por Que as Pesquisas de Opini\u00e3o Publicadas Ap\u00f3s a \u2018Megaopera\u00e7\u00e3o Policial\u2019 no Rio de Janeiro S\u00e3o Enganosas?","datePublished":"2025-11-14T14:53:36+00:00","dateModified":"2025-11-18T11:12:47+00:00","mainEntityOfPage":{"@id":"https:\/\/rioonwatch.org.br\/?p=80150"},"wordCount":2795,"publisher":{"@id":"https:\/\/rioonwatch.org.br\/#organization"},"image":{"@id":"https:\/\/rioonwatch.org.br\/?p=80150#primaryimage"},"thumbnailUrl":"https:\/\/rioonwatch.org.br\/wp-content\/uploads\/2025\/11\/Segundo-uma-das-pesquisas-recentes-87-dos-moradores-das-favelas-do-Rio-apoiam-a-operacao-policial-que-resultou.jpeg","keywords":["#StopFavelaStigma","chacina","Cl\u00e1udio Castro","Complexo da Penha","Complexo do Alem\u00e3o","criminaliza\u00e7\u00e3o da pobreza","dados","Elei\u00e7\u00f5es","grande m\u00eddia","Lula","massacre","Minas Gerais","narrativa midi\u00e1tica","Pol\u00edcia Civil","Pol\u00edcia Militar","resultados da pesquisa","seguran\u00e7a p\u00fablica","Serra da Miseric\u00f3rdia","Vila Cruzeiro","viol\u00eancia de Estado","viol\u00eancia policial","Zona Norte"],"articleSection":["*Destaque","Dados e Pesquisa","Den\u00fancias","Escrito por Aliados","Seguran\u00e7a P\u00fablica"],"inLanguage":"pt-BR"},{"@type":"WebPage","@id":"https:\/\/rioonwatch.org.br\/?p=80150","url":"https:\/\/rioonwatch.org.br\/?p=80150","name":"Por Que as Pesquisas de Opini\u00e3o Publicadas Ap\u00f3s a \u2018Megaopera\u00e7\u00e3o Policial\u2019 no Rio de Janeiro S\u00e3o Enganosas? - RioOnWatch","isPartOf":{"@id":"https:\/\/rioonwatch.org.br\/#website"},"primaryImageOfPage":{"@id":"https:\/\/rioonwatch.org.br\/?p=80150#primaryimage"},"image":{"@id":"https:\/\/rioonwatch.org.br\/?p=80150#primaryimage"},"thumbnailUrl":"https:\/\/rioonwatch.org.br\/wp-content\/uploads\/2025\/11\/Segundo-uma-das-pesquisas-recentes-87-dos-moradores-das-favelas-do-Rio-apoiam-a-operacao-policial-que-resultou.jpeg","datePublished":"2025-11-14T14:53:36+00:00","dateModified":"2025-11-18T11:12:47+00:00","breadcrumb":{"@id":"https:\/\/rioonwatch.org.br\/?p=80150#breadcrumb"},"inLanguage":"pt-BR","potentialAction":[{"@type":"ReadAction","target":["https:\/\/rioonwatch.org.br\/?p=80150"]}]},{"@type":"ImageObject","inLanguage":"pt-BR","@id":"https:\/\/rioonwatch.org.br\/?p=80150#primaryimage","url":"https:\/\/rioonwatch.org.br\/wp-content\/uploads\/2025\/11\/Segundo-uma-das-pesquisas-recentes-87-dos-moradores-das-favelas-do-Rio-apoiam-a-operacao-policial-que-resultou.jpeg","contentUrl":"https:\/\/rioonwatch.org.br\/wp-content\/uploads\/2025\/11\/Segundo-uma-das-pesquisas-recentes-87-dos-moradores-das-favelas-do-Rio-apoiam-a-operacao-policial-que-resultou.jpeg","width":1280,"height":853,"caption":"Segundo uma das pesquisas recentes, 87% dos moradores das favelas do Rio apoiam a opera\u00e7\u00e3o policial que resultou no massacre mais letal da hist\u00f3ria da cidade. Nesta imagem, tirada durante o protesto liderado por moradores de favelas ap\u00f3s o massacre em 31 de outubro, no Complexo da Penha, a placa diz: \u201cMorador [da favela] n\u00e3o \u00e9 criminoso\u201d. Foto: Vin\u00edcius Ribeiro"},{"@type":"BreadcrumbList","@id":"https:\/\/rioonwatch.org.br\/?p=80150#breadcrumb","itemListElement":[{"@type":"ListItem","position":1,"name":"In\u00edcio","item":"https:\/\/rioonwatch.org.br\/"},{"@type":"ListItem","position":2,"name":"Por Que as Pesquisas de Opini\u00e3o Publicadas Ap\u00f3s a \u2018Megaopera\u00e7\u00e3o Policial\u2019 no Rio de Janeiro S\u00e3o Enganosas?"}]},{"@type":"WebSite","@id":"https:\/\/rioonwatch.org.br\/#website","url":"https:\/\/rioonwatch.org.br\/","name":"RioOnWatch","description":"relatos das favelas cariocas","publisher":{"@id":"https:\/\/rioonwatch.org.br\/#organization"},"potentialAction":[{"@type":"SearchAction","target":{"@type":"EntryPoint","urlTemplate":"https:\/\/rioonwatch.org.br\/?s={search_term_string}"},"query-input":{"@type":"PropertyValueSpecification","valueRequired":true,"valueName":"search_term_string"}}],"inLanguage":"pt-BR"},{"@type":"Organization","@id":"https:\/\/rioonwatch.org.br\/#organization","name":"RioOnWatch","url":"https:\/\/rioonwatch.org.br\/","logo":{"@type":"ImageObject","inLanguage":"pt-BR","@id":"https:\/\/rioonwatch.org.br\/#\/schema\/logo\/image\/","url":"https:\/\/rioonwatch.org.br\/wp-content\/uploads\/2021\/06\/RioOnWatchcabecalhoPT11anos-2.png","contentUrl":"https:\/\/rioonwatch.org.br\/wp-content\/uploads\/2021\/06\/RioOnWatchcabecalhoPT11anos-2.png","width":779,"height":277,"caption":"RioOnWatch"},"image":{"@id":"https:\/\/rioonwatch.org.br\/#\/schema\/logo\/image\/"}},{"@type":"Person","@id":"https:\/\/rioonwatch.org.br\/#\/schema\/person\/1150bfc199e76e22909b454a0c139c4b","name":"Beatriz Miranda","image":{"@type":"ImageObject","inLanguage":"pt-BR","@id":"https:\/\/rioonwatch.org.br\/#\/schema\/person\/image\/","url":"https:\/\/secure.gravatar.com\/avatar\/41a514d4cb8be1f42ceaebd1038a447b?s=96&d=blank&r=g","contentUrl":"https:\/\/secure.gravatar.com\/avatar\/41a514d4cb8be1f42ceaebd1038a447b?s=96&d=blank&r=g","caption":"Beatriz Miranda"},"url":"https:\/\/rioonwatch.org.br\/?author=192"}]}},"_links":{"self":[{"href":"https:\/\/rioonwatch.org.br\/index.php?rest_route=\/wp\/v2\/posts\/80150"}],"collection":[{"href":"https:\/\/rioonwatch.org.br\/index.php?rest_route=\/wp\/v2\/posts"}],"about":[{"href":"https:\/\/rioonwatch.org.br\/index.php?rest_route=\/wp\/v2\/types\/post"}],"author":[{"embeddable":true,"href":"https:\/\/rioonwatch.org.br\/index.php?rest_route=\/wp\/v2\/users\/192"}],"replies":[{"embeddable":true,"href":"https:\/\/rioonwatch.org.br\/index.php?rest_route=%2Fwp%2Fv2%2Fcomments&post=80150"}],"version-history":[{"count":23,"href":"https:\/\/rioonwatch.org.br\/index.php?rest_route=\/wp\/v2\/posts\/80150\/revisions"}],"predecessor-version":[{"id":80228,"href":"https:\/\/rioonwatch.org.br\/index.php?rest_route=\/wp\/v2\/posts\/80150\/revisions\/80228"}],"wp:featuredmedia":[{"embeddable":true,"href":"https:\/\/rioonwatch.org.br\/index.php?rest_route=\/wp\/v2\/media\/80156"}],"wp:attachment":[{"href":"https:\/\/rioonwatch.org.br\/index.php?rest_route=%2Fwp%2Fv2%2Fmedia&parent=80150"}],"wp:term":[{"taxonomy":"category","embeddable":true,"href":"https:\/\/rioonwatch.org.br\/index.php?rest_route=%2Fwp%2Fv2%2Fcategories&post=80150"},{"taxonomy":"post_tag","embeddable":true,"href":"https:\/\/rioonwatch.org.br\/index.php?rest_route=%2Fwp%2Fv2%2Ftags&post=80150"},{"taxonomy":"writer","embeddable":true,"href":"https:\/\/rioonwatch.org.br\/index.php?rest_route=%2Fwp%2Fv2%2Fwriter&post=80150"},{"taxonomy":"translator","embeddable":true,"href":"https:\/\/rioonwatch.org.br\/index.php?rest_route=%2Fwp%2Fv2%2Ftranslator&post=80150"},{"taxonomy":"source","embeddable":true,"href":"https:\/\/rioonwatch.org.br\/index.php?rest_route=%2Fwp%2Fv2%2Fsource&post=80150"},{"taxonomy":"ilustrador","embeddable":true,"href":"https:\/\/rioonwatch.org.br\/index.php?rest_route=%2Fwp%2Fv2%2Filustrador&post=80150"},{"taxonomy":"fotografo","embeddable":true,"href":"https:\/\/rioonwatch.org.br\/index.php?rest_route=%2Fwp%2Fv2%2Ffotografo&post=80150"}],"curies":[{"name":"wp","href":"https:\/\/api.w.org\/{rel}","templated":true}]}}