{"id":80404,"date":"2025-12-02T11:29:06","date_gmt":"2025-12-02T14:29:06","guid":{"rendered":"https:\/\/rioonwatch.org.br\/?p=80404"},"modified":"2026-04-14T10:00:26","modified_gmt":"2026-04-14T13:00:26","slug":"conselho-popular-do-rio-de-janeiro-reivindica-demandas-de-interesse-social-para-o-primeiro-plano-de-habitacao-da-cidade","status":"publish","type":"post","link":"https:\/\/rioonwatch.org.br\/?p=80404","title":{"rendered":"Conselho Popular do Rio de Janeiro Reivindica Demandas de Interesse Social para o Primeiro Plano de Habita\u00e7\u00e3o da Cidade"},"content":{"rendered":"<div class=\"mceTemp\"><\/div>\n<figure id=\"attachment_80544\" aria-describedby=\"caption-attachment-80544\" style=\"width: 2551px\" class=\"wp-caption aligncenter\"><a href=\"https:\/\/rioonwatch.org.br\/wp-content\/uploads\/2025\/12\/Primeira-Audiencia-PMHIS.png\"><img fetchpriority=\"high\" decoding=\"async\" class=\"wp-image-80544 size-full\" title=\"Primeira Audi\u00eancia P\u00fablica do PMHIS, em abril de 2025. Foto: Felipe Litsek\" src=\"https:\/\/rioonwatch.org.br\/wp-content\/uploads\/2025\/12\/Primeira-Audiencia-PMHIS.png\" alt=\"Primeira Audi\u00eancia P\u00fablica do PMHIS, em abril de 2025. Foto: Felipe Litsek\" width=\"2551\" height=\"1367\" srcset=\"https:\/\/rioonwatch.org.br\/wp-content\/uploads\/2025\/12\/Primeira-Audiencia-PMHIS.png 2551w, https:\/\/rioonwatch.org.br\/wp-content\/uploads\/2025\/12\/Primeira-Audiencia-PMHIS-620x332.png 620w, https:\/\/rioonwatch.org.br\/wp-content\/uploads\/2025\/12\/Primeira-Audiencia-PMHIS-768x412.png 768w, https:\/\/rioonwatch.org.br\/wp-content\/uploads\/2025\/12\/Primeira-Audiencia-PMHIS-1536x823.png 1536w, https:\/\/rioonwatch.org.br\/wp-content\/uploads\/2025\/12\/Primeira-Audiencia-PMHIS-2048x1097.png 2048w\" sizes=\"(max-width: 2551px) 100vw, 2551px\" \/><\/a><figcaption id=\"caption-attachment-80544\" class=\"wp-caption-text\">Primeira Audi\u00eancia P\u00fablica do PMHIS, em abril de 2025. Foto: Felipe Litsek<\/figcaption><\/figure>\n<p style=\"text-align: right;\"><a href=\"https:\/\/bit.ly\/44Id7gD\" target=\"_blank\" rel=\"noopener\"><em><strong>Click Here for English<\/strong><\/em><\/a><a href=\"https:\/\/bit.ly\/44Id7gD\" target=\"_blank\" rel=\"noopener\"><img decoding=\"async\" class=\"alignright wp-image-15790\" src=\"https:\/\/rioonwatch.org.br\/wp-content\/uploads\/2012\/08\/EN-standard-e1439583104716.jpg\" alt=\"\" width=\"20\" height=\"20\" \/><\/a><\/p>\n<p><span style=\"font-weight: 400;\">Pela primeira vez em sua hist\u00f3ria, o Rio de Janeiro est\u00e1 elaborando o seu Plano Municipal de Habita\u00e7\u00e3o de Interesse Social (<a href=\"https:\/\/bit.ly\/3M1Swxe\" target=\"_blank\" rel=\"noopener\">PMHIS<\/a>). Em novembro, na reta final de constru\u00e7\u00e3o do PMHIS, o <a href=\"https:\/\/rioonwatch.org.br\/?tag=conselho-popular\">Conselho Popular<\/a> lan\u00e7ou uma <\/span><a href=\"https:\/\/bit.ly\/4adO20n\" target=\"_blank\" rel=\"noopener\"><span style=\"font-weight: 400;\">campanha p\u00fablica<\/span><\/a><span style=\"font-weight: 400;\"> por um plano que contemple as principais reivindica\u00e7\u00f5es populares e, assim, enfrente as desigualdades socioespaciais da cidade.<\/span><\/p>\n<p><span style=\"font-weight: 400;\">Apesar dos problemas cr\u00f4nicos de moradia que assolam a cidade\u2014cujo d\u00e9ficit habitacional j\u00e1 ultrapassa 200.000 unidades, segundo <a href=\"https:\/\/bit.ly\/4oEnRnr\" target=\"_blank\" rel=\"noopener\">diagn\u00f3stico da Prefeitura<\/a>\u2014o Rio de Janeiro nunca teve um plano de habita\u00e7\u00e3o, o que demonstra a fragilidade do poder p\u00fablico em responder a essa demanda.\u00a0<\/span><span style=\"font-weight: 400;\"><span style=\"box-sizing: border-box; margin: 0px; padding: 0px;\">Tal car\u00eancia foi, por muito tempo, objeto de\u00a0<a href=\"https:\/\/bit.ly\/48o7ODQ\" target=\"_blank\" rel=\"noopener\">den\u00fancia por movimentos sociais urbanos<\/a>, que vinham pressionando a Prefeitura por uma pol\u00edtica habitacional efetiva, para al\u00e9m de programas tempor\u00e1rios como o aluguel social ou investimentos do governo federal como o programa Minha Casa Minha Vida (<a href=\"https:\/\/bit.ly\/2wYPD6w\" target=\"_blank\" rel=\"noopener\">MCMV<\/a>).<\/span>\u00a0<\/span><\/p>\n<p><span style=\"font-weight: 400;\">Em mar\u00e7o de 2025, a Secretaria Municipal de Habita\u00e7\u00e3o (<a href=\"https:\/\/bit.ly\/3eTA4Et\" target=\"_blank\" rel=\"noopener\">SMH<\/a>) anunciou a constru\u00e7\u00e3o de um plano local de habita\u00e7\u00e3o de interesse social. O an\u00fancio segue uma diretriz da <\/span><a href=\"https:\/\/bit.ly\/487nf4F\" target=\"_blank\" rel=\"noopener\"><span style=\"font-weight: 400;\">Lei n\u00ba 11.124\/2005<\/span><\/a><span style=\"font-weight: 400;\">, que institui o <a href=\"https:\/\/bit.ly\/43WyzOp\" target=\"_blank\" rel=\"noopener\">Sistema<\/a> e o <a href=\"https:\/\/bit.ly\/3MrvgbZ\" target=\"_blank\" rel=\"noopener\">Fundo Nacional de Habita\u00e7\u00e3o de Interesse Social<\/a> e determina que os munic\u00edpios devem criar seus planos locais para acessar os recursos do fundo.<\/span><\/p>\n<p><span style=\"font-weight: 400;\">No Rio de Janeiro, a legisla\u00e7\u00e3o federal foi regulamentada apenas em 2019, momento em que o munic\u00edpio se comprometeu a elaborar seu plano por meio de um processo inclusivo, com participa\u00e7\u00e3o ativa da sociedade civil. O plano vai guiar a pol\u00edtica habitacional na cidade pelos pr\u00f3ximos oito anos.<\/span><\/p>\n<p><span style=\"font-weight: 400;\">Ao longo de 2025, o processo de elabora\u00e7\u00e3o do PMHIS foi avan\u00e7ando. A secretaria respons\u00e1vel realizou consultas p\u00fablicas, semin\u00e1rios tem\u00e1ticos, audi\u00eancias, reuni\u00f5es internas do conselho gestor, entre outras iniciativas que visavam possibilitar a incid\u00eancia de atores da sociedade civil, em especial movimentos populares, entidades de pesquisa e organiza\u00e7\u00f5es sociais. Apesar das esferas criadas, percebeu-se, ao longo do processo, uma baixa ades\u00e3o da sociedade, bem como uma incerteza sobre como as pautas populares estavam sendo incorporadas, ou n\u00e3o, ao plano. Estes pontos foram <\/span><a href=\"https:\/\/bit.ly\/48l81rk\" target=\"_blank\" rel=\"noopener\"><span style=\"font-weight: 400;\">objetos de cr\u00edtica<\/span><\/a><span style=\"font-weight: 400;\"> de agentes envolvidos no processo, culminando, no m\u00eas de novembro, no lan\u00e7amento da <a href=\"https:\/\/bit.ly\/4adO20n\">campanha p\u00fablica<\/a> do <a href=\"https:\/\/wikifavelas.com.br\/index.php\/Conselho_Popular\">Conselho Popular<\/a>.<\/span><\/p>\n<p><span style=\"font-weight: 400;\">Criado no ciclo dos megaeventos do Rio de Janeiro\u2014em que\u00a0<a href=\"https:\/\/apublica.org\/2014\/06\/rio-area-de-risco\/\" target=\"_blank\" rel=\"noopener\">mais de 20.000 fam\u00edlias foram removidas<\/a> de suas casas\u2014o Conselho Popular nasceu com uma pauta compartilhada de combate \u00e0s <a href=\"https:\/\/bit.ly\/4lOlv3Q\" target=\"_blank\" rel=\"noopener\">remo\u00e7\u00f5es<\/a> e \u00e0 defesa do direito \u00e0 moradia na cidade. Ele \u00e9 composto por diversas lideran\u00e7as de favelas e periferias do Rio de Janeiro, bem como por aliados t\u00e9cnicos e vem atuando, desde ent\u00e3o, na defesa da perman\u00eancia de moradores em seus territ\u00f3rios.<\/span><\/p>\n<p><span style=\"font-weight: 400;\">As reivindica\u00e7\u00f5es do Conselho Popular foram formuladas a partir das plen\u00e1rias que ocorrem todo m\u00eas na Mitra Arquiepiscopal do Rio de Janeiro (no bairro da <a href=\"https:\/\/bit.ly\/3Fma0Pq\">Gl\u00f3ria<\/a>, na Zona Sul), sede da <a href=\"https:\/\/rioonwatch.org.br\/?tag=pastoral-de-favelas\">Pastoral de Favelas<\/a>. O aumento do or\u00e7amento para a moradia para pelo menos 1% das receitas totais do munic\u00edpio, considerado um valor m\u00ednimo para se estabelecer uma pol\u00edtica de moradia, bem como a cria\u00e7\u00e3o de um programa municipal de produ\u00e7\u00e3o de habita\u00e7\u00e3o de interesse social, para que o munic\u00edpio n\u00e3o dependa somente de programas federais como o PMCMV, s\u00e3o algumas das demandas populares reivindicadas pelo Conselho Popular para inclus\u00e3o no PMHIS.<\/span><\/p>\n<figure id=\"attachment_80545\" aria-describedby=\"caption-attachment-80545\" style=\"width: 1914px\" class=\"wp-caption aligncenter\"><a href=\"https:\/\/rioonwatch.org.br\/wp-content\/uploads\/2025\/12\/Primeira-audiencia-PMHIS-2.png\"><img decoding=\"async\" class=\"wp-image-80545 size-full\" title=\"Segunda audi\u00eancia p\u00fablica do PMHIS, em julho de 2025. Foto: Felipe Litsek\" src=\"https:\/\/rioonwatch.org.br\/wp-content\/uploads\/2025\/12\/Primeira-audiencia-PMHIS-2.png\" alt=\"Segunda audi\u00eancia p\u00fablica do PMHIS, em julho de 2025. Foto: Felipe Litsek\" width=\"1914\" height=\"1829\" srcset=\"https:\/\/rioonwatch.org.br\/wp-content\/uploads\/2025\/12\/Primeira-audiencia-PMHIS-2.png 1914w, https:\/\/rioonwatch.org.br\/wp-content\/uploads\/2025\/12\/Primeira-audiencia-PMHIS-2-620x592.png 620w, https:\/\/rioonwatch.org.br\/wp-content\/uploads\/2025\/12\/Primeira-audiencia-PMHIS-2-1570x1500.png 1570w, https:\/\/rioonwatch.org.br\/wp-content\/uploads\/2025\/12\/Primeira-audiencia-PMHIS-2-768x734.png 768w, https:\/\/rioonwatch.org.br\/wp-content\/uploads\/2025\/12\/Primeira-audiencia-PMHIS-2-1536x1468.png 1536w\" sizes=\"(max-width: 1914px) 100vw, 1914px\" \/><\/a><figcaption id=\"caption-attachment-80545\" class=\"wp-caption-text\">Segunda audi\u00eancia p\u00fablica do PMHIS, em julho de 2025. Foto: Felipe Litsek<\/figcaption><\/figure>\n<p><span style=\"font-weight: 400;\">O Conselho tamb\u00e9m defende a cria\u00e7\u00e3o de programas de reforma habitacional, autogest\u00e3o da moradia, uso de im\u00f3veis p\u00fablicos subutilizados para moradia popular, mapeamento das \u00c1reas de Especial Interesse Social (<a href=\"https:\/\/bit.ly\/2rGW3rY\" target=\"_blank\" rel=\"noopener\">AEIS<\/a>) da cidade e uma efetiva <a href=\"https:\/\/rioonwatch.org.br\/?tag=regularizacao-fundiaria\">regulariza\u00e7\u00e3o fundi\u00e1ria<\/a>\u00a0e urban\u00edstica de favelas e comunidades urbanas. O conjunto das propostas revela um olhar amplo sobre a quest\u00e3o habitacional, que deve ser abordada a partir de uma ampla gama de medidas.<\/span><\/p>\n<p><span style=\"font-weight: 400;\">Outra reivindica\u00e7\u00e3o defende a implementa\u00e7\u00e3o do <\/span><span style=\"font-weight: 400;\">Termo Territorial Coletivo<\/span><span style=\"font-weight: 400;\"> (<a href=\"https:\/\/bit.ly\/TTCsNoRioOnWatch\" target=\"_blank\" rel=\"noopener\">TTC<\/a>) no Rio de Janeiro: um instrumento urban\u00edstico previsto no <a href=\"https:\/\/rioonwatch.org.br\/?tag=plano-diretor\">Plano Diretor<\/a> da cidade que visa garantir o direito \u00e0 perman\u00eancia de comunidades nos seus bairros\u2014freando processos de <a href=\"https:\/\/bit.ly\/30sVpNb\" target=\"_blank\" rel=\"noopener\">especula\u00e7\u00e3o imobili\u00e1ria<\/a> e <a href=\"https:\/\/bit.ly\/2wYNOXe\" target=\"_blank\" rel=\"noopener\">gentrifica\u00e7\u00e3o<\/a>\u2014e um estoque habitacional acess\u00edvel na cidade. O TTC foi objeto de debate no \u00e2mbito das audi\u00eancias p\u00fablicas e semin\u00e1rios tem\u00e1ticos do PMHIS, sendo defendido por diversos atores envolvidos no processo de elabora\u00e7\u00e3o do documento e mencionado no <\/span><a href=\"https:\/\/bit.ly\/3M2wlqG\" target=\"_blank\" rel=\"noopener\"><span style=\"font-weight: 400;\">diagn\u00f3stico da Prefeitura<\/span><\/a><span style=\"font-weight: 400;\">.\u00a0<\/span><\/p>\n<p><span style=\"font-weight: 400;\">Nesta \u00faltima etapa de formula\u00e7\u00e3o do primeiro plano de habita\u00e7\u00e3o da cidade do Rio de Janeiro, \u00e9 fundamental garantir uma efetiva participa\u00e7\u00e3o popular. A campanha promovida pelo Conselho Popular \u00e9 um movimento democr\u00e1tico que defende o direito do povo de ter sua opini\u00e3o ouvida e respeitada nas decis\u00f5es que afetam o local onde vive. \u00c9 uma defesa do pr\u00f3prio <a href=\"https:\/\/bit.ly\/3aY4PCT\" target=\"_blank\" rel=\"noopener\">direito \u00e0 cidade<\/a>. \u00c9 preciso romper com uma l\u00f3gica de formula\u00e7\u00e3o de pol\u00edticas apartada, em que a sociedade aparece apenas como elemento de consulta, e n\u00e3o de delibera\u00e7\u00e3o e defini\u00e7\u00f5es. Para solucionar a quest\u00e3o habitacional no Rio de Janeiro, \u00e9 necess\u00e1rio considerar as demandas daqueles que vivenciam e lutam, dia ap\u00f3s dia, pela efetiva\u00e7\u00e3o do direito \u00e0 moradia digna.\u00a0<\/span><\/p>\n<blockquote class=\"instagram-media\" style=\"background: #FFF; border: 0; border-radius: 3px; box-shadow: 0 0 1px 0 rgba(0,0,0,0.5),0 1px 10px 0 rgba(0,0,0,0.15); margin: 1px; max-width: 540px; min-width: 326px; padding: 0; width: calc(100% - 2px);\" data-instgrm-captioned=\"\" data-instgrm-permalink=\"https:\/\/www.instagram.com\/p\/DRKH9jrDusq\/?utm_source=ig_embed&amp;utm_campaign=loading\" data-instgrm-version=\"14\">\n<div style=\"padding: 16px;\">\n<p>&nbsp;<\/p>\n<div style=\"display: flex; flex-direction: row; align-items: center;\">\n<div style=\"background-color: #f4f4f4; border-radius: 50%; flex-grow: 0; height: 40px; margin-right: 14px; width: 40px;\"><\/div>\n<div style=\"display: flex; flex-direction: column; flex-grow: 1; justify-content: center;\">\n<div style=\"background-color: #f4f4f4; border-radius: 4px; flex-grow: 0; height: 14px; margin-bottom: 6px; width: 100px;\"><\/div>\n<div style=\"background-color: #f4f4f4; border-radius: 4px; flex-grow: 0; height: 14px; width: 60px;\"><\/div>\n<\/div>\n<\/div>\n<div style=\"padding: 19% 0;\"><\/div>\n<div style=\"display: block; height: 50px; margin: 0 auto 12px; width: 50px;\"><\/div>\n<div style=\"padding-top: 8px;\">\n<div style=\"color: #3897f0; font-family: Arial,sans-serif; font-size: 14px; font-style: normal; font-weight: 550; line-height: 18px;\">Ver essa foto no Instagram<\/div>\n<\/div>\n<div style=\"padding: 12.5% 0;\"><\/div>\n<div style=\"display: flex; flex-direction: row; margin-bottom: 14px; align-items: center;\">\n<div>\n<div style=\"background-color: #f4f4f4; border-radius: 50%; height: 12.5px; width: 12.5px; transform: translateX(0px) translateY(7px);\"><\/div>\n<div style=\"background-color: #f4f4f4; height: 12.5px; transform: rotate(-45deg) translateX(3px) translateY(1px); width: 12.5px; flex-grow: 0; margin-right: 14px; margin-left: 2px;\"><\/div>\n<div style=\"background-color: #f4f4f4; border-radius: 50%; height: 12.5px; width: 12.5px; transform: translateX(9px) translateY(-18px);\"><\/div>\n<\/div>\n<div style=\"margin-left: 8px;\">\n<div style=\"background-color: #f4f4f4; border-radius: 50%; flex-grow: 0; height: 20px; width: 20px;\"><\/div>\n<div style=\"width: 0; height: 0; border-top: 2px solid transparent; border-left: 6px solid #f4f4f4; border-bottom: 2px solid transparent; transform: translateX(16px) translateY(-4px) rotate(30deg);\"><\/div>\n<\/div>\n<div style=\"margin-left: auto;\">\n<div style=\"width: 0px; border-top: 8px solid #F4F4F4; border-right: 8px solid transparent; transform: translateY(16px);\"><\/div>\n<div style=\"background-color: #f4f4f4; flex-grow: 0; height: 12px; width: 16px; transform: translateY(-4px);\"><\/div>\n<div style=\"width: 0; height: 0; border-top: 8px solid #F4F4F4; border-left: 8px solid transparent; transform: translateY(-4px) translateX(8px);\"><\/div>\n<\/div>\n<\/div>\n<div style=\"display: flex; flex-direction: column; flex-grow: 1; justify-content: center; margin-bottom: 24px;\">\n<div style=\"background-color: #f4f4f4; border-radius: 4px; flex-grow: 0; height: 14px; margin-bottom: 6px; width: 224px;\"><\/div>\n<div style=\"background-color: #f4f4f4; border-radius: 4px; flex-grow: 0; height: 14px; width: 144px;\"><\/div>\n<\/div>\n<p>&nbsp;<\/p>\n<p style=\"color: #c9c8cd; font-family: Arial,sans-serif; font-size: 14px; line-height: 17px; margin-bottom: 0; margin-top: 8px; overflow: hidden; padding: 8px 0 7px; text-align: center; text-overflow: ellipsis; white-space: nowrap;\"><a style=\"color: #c9c8cd; font-family: Arial,sans-serif; font-size: 14px; font-style: normal; font-weight: normal; line-height: 17px; text-decoration: none;\" href=\"https:\/\/www.instagram.com\/p\/DRKH9jrDusq\/?utm_source=ig_embed&amp;utm_campaign=loading\" target=\"_blank\" rel=\"noopener\">Uma publica\u00e7\u00e3o compartilhada por Campanha Popular por um Plano Municipal de Habita\u00e7\u00e3o Social (@campanhapop_pmhis)<\/a><\/p>\n<\/div>\n<\/blockquote>\n<p><script async src=\"\/\/www.instagram.com\/embed.js\"><\/script><\/p>\n<p>Confira abaixo as nove reivindica\u00e7\u00f5es do Conselho Popular para o primeiro Plano de Habita\u00e7\u00e3o de Interesse Social do Rio de Janeiro:<\/p>\n<ol>\n<li><b><\/b> <b>\u00c9 Essencial Aumentar o Investimento Municipal em Habita\u00e7\u00e3o para 1% do Or\u00e7amento<\/b><\/li>\n<\/ol>\n<p><span style=\"font-weight: 400;\">Diante de um d\u00e9ficit habitacional grave, que atinge cerca de 200.000 unidades (aproximadamente 8% dos domic\u00edlios), o munic\u00edpio precisa priorizar a moradia. Embora o or\u00e7amento total de 2026 seja de R$52,4 bilh\u00f5es, o planejamento atual prev\u00ea apenas 0,73% (R$382,9 milh\u00f5es) para habita\u00e7\u00e3o. Acreditamos que o m\u00ednimo necess\u00e1rio para viabilizar uma pol\u00edtica habitacional eficaz \u00e9 a aplica\u00e7\u00e3o de 1% do or\u00e7amento (R$524 milh\u00f5es).<\/span><\/p>\n<p><span style=\"font-weight: 400;\">Esta reivindica\u00e7\u00e3o \u00e9 amplamente endossada, tendo sido aprovada por consenso por todos os setores (populares, empresariais, sindicatos, entidades profissionais e governo municipal) durante a Confer\u00eancia Municipal das Cidades do Rio de Janeiro. A aplica\u00e7\u00e3o de 1% do or\u00e7amento municipal, sem contar recursos externos (estaduais, federais e internacionais), \u00e9 o ponto de partida fundamental para come\u00e7ar a enfrentar este desafio crucial.<\/span><\/p>\n<ol start=\"2\">\n<li><b> Programa Municipal de Constru\u00e7\u00e3o de Habita\u00e7\u00e3o de Interesse Social: A Urg\u00eancia da Produ\u00e7\u00e3o<\/b><\/li>\n<\/ol>\n<p><span style=\"font-weight: 400;\">O maior desafio da pol\u00edtica habitacional \u00e9 atender \u00e0 demanda por moradia acess\u00edvel para popula\u00e7\u00f5es de baixa renda, uma \u00e1rea onde a produ\u00e7\u00e3o municipal tem sido, historicamente, praticamente, nula. Para cumprir sua responsabilidade constitucional\u2014a moradia \u00e9 uma compet\u00eancia comum da Uni\u00e3o, Estados e Munic\u00edpios (Constitui\u00e7\u00e3o Federal\/88, Art. 23, Inciso IX)\u2014o munic\u00edpio deve assumir imediatamente a lideran\u00e7a na produ\u00e7\u00e3o habitacional. Propomos que 40% dos recursos do Programa Municipal de Habita\u00e7\u00e3o de Interesse Social (PMHIS), o equivalente a R$209,6 milh\u00f5es, sejam destinados \u00e0 constru\u00e7\u00e3o de novas moradias. Esta aloca\u00e7\u00e3o visa atingir uma meta de construir, no m\u00ednimo, 1.000 unidades habitacionais municipais por ano, o que seria um complemento essencial aos programas j\u00e1 existentes, como o Minha Casa Minha Vida.<\/span><\/p>\n<ol start=\"3\">\n<li><b> Programa Municipal de Assist\u00eancia T\u00e9cnica de Interesse Social (ATHIS): Garantindo o Amparo T\u00e9cnico<\/b><\/li>\n<\/ol>\n<p><span style=\"font-weight: 400;\">Para fortalecer a pol\u00edtica de moradia e amparar as comunidades, \u00e9 fundamental a cria\u00e7\u00e3o de um Programa Municipal de Assist\u00eancia T\u00e9cnica de Interesse Social (ATHIS). Este programa deve ser imediatamente ancorado na Lei Municipal n\u00ba 6.614 de 2019, que j\u00e1 estabelece o direito \u00e0 assist\u00eancia t\u00e9cnica. Propomos a destina\u00e7\u00e3o de pelo menos 1% dos recursos do PMHIS (R$5,24 milh\u00f5es) para este fim. Este montante ser\u00e1 utilizado na contrata\u00e7\u00e3o de equipes t\u00e9cnicas qualificadas para desenvolver projetos executivos completos. O objetivo \u00e9 ambicioso e necess\u00e1rio: atender \u00e0 meta de produzir pelo menos 15 projetos populares por ano, garantindo apoio t\u00e9cnico de qualidade para a popula\u00e7\u00e3o de baixa renda.<\/span><\/p>\n<ol start=\"4\">\n<li><b> Programa de Consolida\u00e7\u00e3o de Ocupa\u00e7\u00f5es: A\u00e7\u00f5es Imediatas e Pactuadas<\/b><\/li>\n<\/ol>\n<p><span style=\"font-weight: 400;\">O Programa de Consolida\u00e7\u00e3o de Ocupa\u00e7\u00f5es deve ser estabelecido com urg\u00eancia, tendo em vista o reconhecimento oficial dessas \u00e1reas pelo pr\u00f3prio diagn\u00f3stico da Prefeitura. Propomos a destina\u00e7\u00e3o de 6% dos recursos do PMHIS para essa finalidade crucial. O objetivo \u00e9 claro: reformar no m\u00ednimo seis ocupa\u00e7\u00f5es no per\u00edodo de dois anos. Para garantir a transpar\u00eancia e a legitimidade do processo, os crit\u00e9rios para a escolha das ocupa\u00e7\u00f5es ser\u00e3o pactuados e definidos por meio de uma comiss\u00e3o parit\u00e1ria criada especificamente para este fim.<\/span><\/p>\n<ol start=\"5\">\n<li><b> Programa de Autogest\u00e3o da Moradia: Empoderamento e Produ\u00e7\u00e3o<\/b><\/li>\n<\/ol>\n<p><span style=\"font-weight: 400;\">O Programa de Autogest\u00e3o da Moradia visa empoderar fam\u00edlias de baixa renda, permitindo que elas assumam o controle do processo de constru\u00e7\u00e3o habitacional. Autogest\u00e3o \u00e9 um modelo onde as fam\u00edlias, organizadas em associa\u00e7\u00f5es ou cooperativas, assumem o controle da constru\u00e7\u00e3o de suas moradias, gerenciando o projeto, os recursos e a execu\u00e7\u00e3o da obra. Este programa ser\u00e1 financiado pelos recursos associados aos demais programas de fomento \u00e0 moradia ou reforma. A meta central do Programa de Autogest\u00e3o \u00e9 a realiza\u00e7\u00e3o de 200 unidades habitacionais por ano.<\/span><\/p>\n<ol start=\"6\">\n<li><b> Revers\u00e3o de Im\u00f3veis Abandonados para Habita\u00e7\u00e3o de Interesse Social<\/b><\/li>\n<\/ol>\n<p><span style=\"font-weight: 400;\">Im\u00f3veis p\u00fablicos abandonados devem ser imediatamente revertidos para Habita\u00e7\u00e3o de Interesse Social, por meio de programas de produ\u00e7\u00e3o ou reforma. O primeiro passo \u00e9 a demarca\u00e7\u00e3o desses im\u00f3veis como \u00c1reas de Especial Interesse Social de Vazios (AEIS 2).<\/span><\/p>\n<p><span style=\"font-weight: 400;\">Metas do PMHIS:<\/span><\/p>\n<ul>\n<li><span style=\"font-weight: 400;\">Demarca\u00e7\u00e3o: Mapear e demarcar todos os im\u00f3veis municipais subutilizados como AEIS 2 at\u00e9 o final do primeiro ano de vig\u00eancia do PMHIS.<\/span><\/li>\n<li><span style=\"font-weight: 400;\">Produ\u00e7\u00e3o: Reverter e construir, nessas \u00e1reas, 100 unidades habitacionais por ano.<\/span><\/li>\n<li><span style=\"font-weight: 400;\">Mapeamento Amplo: Mapear e indicar os im\u00f3veis abandonados de propriedade privada ou de outros entes federativos at\u00e9 o final do segundo ano de vig\u00eancia do PMHIS.<\/span><\/li>\n<\/ul>\n<ol start=\"7\">\n<li><b> Mapeamento Integral das \u00c1reas de Especial Interesse Social (AEIS)<\/b><\/li>\n<\/ol>\n<p><span style=\"font-weight: 400;\">\u00c9 imprescind\u00edvel a defini\u00e7\u00e3o e o mapeamento integral de todas as modalidades de AEIS no munic\u00edpio (AEIS 1, AEIS 2 e AEIS 3).<\/span><\/p>\n<p><span style=\"font-weight: 400;\">Meta: Concluir o mapeamento de todas as AEIS at\u00e9 o final do primeiro ano de vig\u00eancia do PMHIS.<\/span><\/p>\n<p><span style=\"font-weight: 400;\">O processo deve incorporar a avalia\u00e7\u00e3o de todas as propostas de AEIS apresentadas durante a elabora\u00e7\u00e3o do PMHIS.<\/span><\/p>\n<ol start=\"8\">\n<li><b> Regulariza\u00e7\u00e3o Fundi\u00e1ria Plena e Urbaniza\u00e7\u00e3o<\/b><\/li>\n<\/ol>\n<p><span style=\"font-weight: 400;\">Garantir que a urbaniza\u00e7\u00e3o seja realizada, respeitando o princ\u00edpio da n\u00e3o remo\u00e7\u00e3o consolidado na <a href=\"https:\/\/rioonwatch.org.br\/?tag=lei-organica-do-municipio\">Lei Org\u00e2nica do Munic\u00edpio<\/a>, bem como no Plano Diretor do munic\u00edpio, consolidando o direito \u00e0 moradia atrav\u00e9s da regulariza\u00e7\u00e3o fundi\u00e1ria plena.\u00a0<\/span><\/p>\n<ol start=\"9\">\n<li><b> Estimular a Utiliza\u00e7\u00e3o do Termo Territorial Coletivo (TTC) no Munic\u00edpio<\/b><\/li>\n<\/ol>\n<p><span style=\"font-weight: 400;\">O Termo Territorial Coletivo (TTC) \u00e9 um instrumento previsto no Plano Diretor, que visa garantir seguran\u00e7a da posse \u00e0s comunidades e preservar um estoque habitacional acess\u00edvel. O munic\u00edpio deve estimular a utiliza\u00e7\u00e3o do TTC na cidade, facilitando sua ado\u00e7\u00e3o em processo de regulariza\u00e7\u00e3o fundi\u00e1ria e em novos empreendimentos habitacionais, adotando a meta de implementa\u00e7\u00e3o de um TTC a cada dois anos da vig\u00eancia do PMHIS.<\/span><\/p>\n<hr \/>\n<h4><b data-stringify-type=\"bold\">Apoie nossos esfor\u00e7os para fornecer apoio estrat\u00e9gico \u00e0s favelas do Rio, incluindo o jornalismo hiperlocal, cr\u00edtico, inovador e incans\u00e1vel do\u00a0<\/b><b data-stringify-type=\"bold\"><i data-stringify-type=\"italic\">RioOnWatch<\/i><\/b>\u2014<a class=\"c-link\" href=\"http:\/\/www.bit.ly\/ApoieROW\" rel=\"noopener noreferrer\" data-stringify-link=\"http:\/\/www.bit.ly\/ApoieROW\" data-sk=\"tooltip_parent\">doe aqui<\/a>.<\/h4>\n<!-- AddThis Advanced Settings generic via filter on the_content --><!-- AddThis Share Buttons generic via filter on the_content -->","protected":false},"excerpt":{"rendered":"<div class=\"mh-excerpt\"><p>Click Here for English Pela primeira vez em sua hist\u00f3ria, o Rio de Janeiro est\u00e1 elaborando o seu Plano Municipal de Habita\u00e7\u00e3o de Interesse Social (PMHIS). Em novembro, na reta final de constru\u00e7\u00e3o do PMHIS, <a class=\"mh-excerpt-more\" href=\"https:\/\/rioonwatch.org.br\/?p=80404\" title=\"Conselho Popular do Rio de Janeiro Reivindica Demandas de Interesse Social para o Primeiro Plano de Habita\u00e7\u00e3o da Cidade\">[&#8230;]<\/a><!-- AddThis Advanced Settings generic via filter on get_the_excerpt --><!-- AddThis Share Buttons generic via filter on get_the_excerpt --><\/p>\n<\/div>","protected":false},"author":192,"featured_media":80544,"comment_status":"closed","ping_status":"closed","sticky":false,"template":"template-full.php","format":"standard","meta":{"_acf_changed":false,"_monsterinsights_skip_tracking":false,"_monsterinsights_sitenote_active":false,"_monsterinsights_sitenote_note":"","_monsterinsights_sitenote_category":0,"footnotes":""},"categories":[2089,1617,1618,1857,2323,1621,3175,1631,1626,1612,342],"tags":[2218,1220,831,424,1054,909,2548,2558,1956,246,1037,86,621,801,82,14,258,711],"writer":[2718],"translator":[],"source":[],"ilustrador":[],"fotografo":[],"class_list":{"0":"post-80404","1":"post","2":"type-post","3":"status-publish","4":"format-standard","5":"has-post-thumbnail","7":"category-monitoramento","8":"category-olhonagentrificacao","9":"category-olhonaparticipacao","10":"category-olhonaurbanizacao","11":"category-urbanismopopular","12":"category-destaque","13":"category-democracia","14":"category-entendendo-o-rio","15":"category-por-observadores-internacionais","16":"category-sociedade-civil","17":"category-solucoes","18":"tag-conselho-popular","19":"tag-deficit-habitacional","20":"tag-direito-a-cidade","21":"tag-direito-a-moradia","22":"tag-financiamento-para-moradia","23":"tag-habitacao-acessivel","24":"tag-igreja-catolica","25":"tag-lei-de-habitacao","26":"tag-lei-organica-do-municipio","27":"tag-minha-casa-minha-vida","28":"tag-moradia","29":"tag-pastoral-de-favelas","30":"tag-plano-diretor","31":"tag-plano-popular","32":"tag-regularizacao-fundiaria","33":"tag-remocao","34":"tag-smh","35":"tag-clt","36":"writer-felipe-litsek"},"acf":[],"yoast_head":"<!-- This site is optimized with the Yoast SEO plugin v25.6 - https:\/\/yoast.com\/wordpress\/plugins\/seo\/ -->\n<title>Conselho Popular do Rio de Janeiro Reivindica Demandas de Interesse Social para o Primeiro Plano de Habita\u00e7\u00e3o da Cidade - RioOnWatch<\/title>\n<meta name=\"robots\" content=\"index, follow, max-snippet:-1, max-image-preview:large, max-video-preview:-1\" \/>\n<link rel=\"canonical\" href=\"https:\/\/rioonwatch.org.br\/?p=80404\" \/>\n<meta property=\"og:locale\" content=\"pt_BR\" \/>\n<meta property=\"og:type\" content=\"article\" \/>\n<meta property=\"og:title\" content=\"Conselho Popular do Rio de Janeiro Reivindica Demandas de Interesse Social para o Primeiro Plano de Habita\u00e7\u00e3o da Cidade - RioOnWatch\" \/>\n<meta property=\"og:description\" content=\"Click Here for English Pela primeira vez em sua hist\u00f3ria, o Rio de Janeiro est\u00e1 elaborando o seu Plano Municipal de Habita\u00e7\u00e3o de Interesse Social (PMHIS). Em novembro, na reta final de constru\u00e7\u00e3o do PMHIS, [...]\" \/>\n<meta property=\"og:url\" content=\"https:\/\/rioonwatch.org.br\/?p=80404\" \/>\n<meta property=\"og:site_name\" content=\"RioOnWatch\" \/>\n<meta property=\"article:published_time\" content=\"2025-12-02T14:29:06+00:00\" \/>\n<meta property=\"article:modified_time\" content=\"2026-04-14T13:00:26+00:00\" \/>\n<meta property=\"og:image\" content=\"https:\/\/rioonwatch.org.br\/wp-content\/uploads\/2025\/12\/Primeira-Audiencia-PMHIS.png\" \/>\n\t<meta property=\"og:image:width\" content=\"2551\" \/>\n\t<meta property=\"og:image:height\" content=\"1367\" \/>\n\t<meta property=\"og:image:type\" content=\"image\/png\" \/>\n<meta name=\"author\" content=\"Beatriz Miranda\" \/>\n<meta name=\"twitter:card\" content=\"summary_large_image\" \/>\n<meta name=\"twitter:label1\" content=\"Escrito por\" \/>\n\t<meta name=\"twitter:data1\" content=\"Beatriz Miranda\" \/>\n\t<meta name=\"twitter:label2\" content=\"Est. tempo de leitura\" \/>\n\t<meta name=\"twitter:data2\" content=\"11 minutos\" \/>\n<script type=\"application\/ld+json\" class=\"yoast-schema-graph\">{\"@context\":\"https:\/\/schema.org\",\"@graph\":[{\"@type\":\"Article\",\"@id\":\"https:\/\/rioonwatch.org.br\/?p=80404#article\",\"isPartOf\":{\"@id\":\"https:\/\/rioonwatch.org.br\/?p=80404\"},\"author\":{\"name\":\"Beatriz Miranda\",\"@id\":\"https:\/\/rioonwatch.org.br\/#\/schema\/person\/1150bfc199e76e22909b454a0c139c4b\"},\"headline\":\"Conselho Popular do Rio de Janeiro Reivindica Demandas de Interesse Social para o Primeiro Plano de Habita\u00e7\u00e3o da Cidade\",\"datePublished\":\"2025-12-02T14:29:06+00:00\",\"dateModified\":\"2026-04-14T13:00:26+00:00\",\"mainEntityOfPage\":{\"@id\":\"https:\/\/rioonwatch.org.br\/?p=80404\"},\"wordCount\":1976,\"publisher\":{\"@id\":\"https:\/\/rioonwatch.org.br\/#organization\"},\"image\":{\"@id\":\"https:\/\/rioonwatch.org.br\/?p=80404#primaryimage\"},\"thumbnailUrl\":\"https:\/\/rioonwatch.org.br\/wp-content\/uploads\/2025\/12\/Primeira-Audiencia-PMHIS.png\",\"keywords\":[\"Conselho Popular\",\"d\u00e9ficit habitacional\",\"Direito \u00e0 Cidade\",\"Direito \u00e0 Moradia\",\"financiamento para moradia\",\"habita\u00e7\u00e3o acess\u00edvel\",\"Igreja Cat\u00f3lica\",\"lei de habita\u00e7\u00e3o\",\"Lei Org\u00e2nica do Munic\u00edpio\",\"Minha Casa Minha Vida\",\"moradia\",\"Pastoral das Favelas\",\"Plano Diretor\",\"Plano Popular\",\"regulariza\u00e7\u00e3o fundi\u00e1ria\",\"Remo\u00e7\u00e3o\",\"Secretaria Municipal de Habita\u00e7\u00e3o (SMH)\",\"Termo Territorial Coletivo (TTC) \/ Community Land Trust (CLT)\"],\"articleSection\":[\"#Monitoramento\",\"#OlhoNaGentrifica\u00e7\u00e3o\",\"#OlhoNaParticipa\u00e7\u00e3o\",\"#OlhoNaUrbaniza\u00e7\u00e3o\",\"#UrbanismoPopular\",\"*Destaque\",\"Democracia\",\"Entendendo o Rio\",\"Escrito por Aliados\",\"Sociedade Civil\",\"Solu\u00e7\u00f5es\"],\"inLanguage\":\"pt-BR\"},{\"@type\":\"WebPage\",\"@id\":\"https:\/\/rioonwatch.org.br\/?p=80404\",\"url\":\"https:\/\/rioonwatch.org.br\/?p=80404\",\"name\":\"Conselho Popular do Rio de Janeiro Reivindica Demandas de Interesse Social para o Primeiro Plano de Habita\u00e7\u00e3o da Cidade - RioOnWatch\",\"isPartOf\":{\"@id\":\"https:\/\/rioonwatch.org.br\/#website\"},\"primaryImageOfPage\":{\"@id\":\"https:\/\/rioonwatch.org.br\/?p=80404#primaryimage\"},\"image\":{\"@id\":\"https:\/\/rioonwatch.org.br\/?p=80404#primaryimage\"},\"thumbnailUrl\":\"https:\/\/rioonwatch.org.br\/wp-content\/uploads\/2025\/12\/Primeira-Audiencia-PMHIS.png\",\"datePublished\":\"2025-12-02T14:29:06+00:00\",\"dateModified\":\"2026-04-14T13:00:26+00:00\",\"breadcrumb\":{\"@id\":\"https:\/\/rioonwatch.org.br\/?p=80404#breadcrumb\"},\"inLanguage\":\"pt-BR\",\"potentialAction\":[{\"@type\":\"ReadAction\",\"target\":[\"https:\/\/rioonwatch.org.br\/?p=80404\"]}]},{\"@type\":\"ImageObject\",\"inLanguage\":\"pt-BR\",\"@id\":\"https:\/\/rioonwatch.org.br\/?p=80404#primaryimage\",\"url\":\"https:\/\/rioonwatch.org.br\/wp-content\/uploads\/2025\/12\/Primeira-Audiencia-PMHIS.png\",\"contentUrl\":\"https:\/\/rioonwatch.org.br\/wp-content\/uploads\/2025\/12\/Primeira-Audiencia-PMHIS.png\",\"width\":2551,\"height\":1367},{\"@type\":\"BreadcrumbList\",\"@id\":\"https:\/\/rioonwatch.org.br\/?p=80404#breadcrumb\",\"itemListElement\":[{\"@type\":\"ListItem\",\"position\":1,\"name\":\"In\u00edcio\",\"item\":\"https:\/\/rioonwatch.org.br\/\"},{\"@type\":\"ListItem\",\"position\":2,\"name\":\"Conselho Popular do Rio de Janeiro Reivindica Demandas de Interesse Social para o Primeiro Plano de Habita\u00e7\u00e3o da Cidade\"}]},{\"@type\":\"WebSite\",\"@id\":\"https:\/\/rioonwatch.org.br\/#website\",\"url\":\"https:\/\/rioonwatch.org.br\/\",\"name\":\"RioOnWatch\",\"description\":\"relatos das favelas cariocas\",\"publisher\":{\"@id\":\"https:\/\/rioonwatch.org.br\/#organization\"},\"potentialAction\":[{\"@type\":\"SearchAction\",\"target\":{\"@type\":\"EntryPoint\",\"urlTemplate\":\"https:\/\/rioonwatch.org.br\/?s={search_term_string}\"},\"query-input\":{\"@type\":\"PropertyValueSpecification\",\"valueRequired\":true,\"valueName\":\"search_term_string\"}}],\"inLanguage\":\"pt-BR\"},{\"@type\":\"Organization\",\"@id\":\"https:\/\/rioonwatch.org.br\/#organization\",\"name\":\"RioOnWatch\",\"url\":\"https:\/\/rioonwatch.org.br\/\",\"logo\":{\"@type\":\"ImageObject\",\"inLanguage\":\"pt-BR\",\"@id\":\"https:\/\/rioonwatch.org.br\/#\/schema\/logo\/image\/\",\"url\":\"https:\/\/rioonwatch.org.br\/wp-content\/uploads\/2021\/06\/RioOnWatchcabecalhoPT11anos-2.png\",\"contentUrl\":\"https:\/\/rioonwatch.org.br\/wp-content\/uploads\/2021\/06\/RioOnWatchcabecalhoPT11anos-2.png\",\"width\":779,\"height\":277,\"caption\":\"RioOnWatch\"},\"image\":{\"@id\":\"https:\/\/rioonwatch.org.br\/#\/schema\/logo\/image\/\"}},{\"@type\":\"Person\",\"@id\":\"https:\/\/rioonwatch.org.br\/#\/schema\/person\/1150bfc199e76e22909b454a0c139c4b\",\"name\":\"Beatriz Miranda\",\"image\":{\"@type\":\"ImageObject\",\"inLanguage\":\"pt-BR\",\"@id\":\"https:\/\/rioonwatch.org.br\/#\/schema\/person\/image\/\",\"url\":\"https:\/\/secure.gravatar.com\/avatar\/41a514d4cb8be1f42ceaebd1038a447b?s=96&d=blank&r=g\",\"contentUrl\":\"https:\/\/secure.gravatar.com\/avatar\/41a514d4cb8be1f42ceaebd1038a447b?s=96&d=blank&r=g\",\"caption\":\"Beatriz Miranda\"},\"url\":\"https:\/\/rioonwatch.org.br\/?author=192\"}]}<\/script>\n<!-- \/ Yoast SEO plugin. -->","yoast_head_json":{"title":"Conselho Popular do Rio de Janeiro Reivindica Demandas de Interesse Social para o Primeiro Plano de Habita\u00e7\u00e3o da Cidade - RioOnWatch","robots":{"index":"index","follow":"follow","max-snippet":"max-snippet:-1","max-image-preview":"max-image-preview:large","max-video-preview":"max-video-preview:-1"},"canonical":"https:\/\/rioonwatch.org.br\/?p=80404","og_locale":"pt_BR","og_type":"article","og_title":"Conselho Popular do Rio de Janeiro Reivindica Demandas de Interesse Social para o Primeiro Plano de Habita\u00e7\u00e3o da Cidade - RioOnWatch","og_description":"Click Here for English Pela primeira vez em sua hist\u00f3ria, o Rio de Janeiro est\u00e1 elaborando o seu Plano Municipal de Habita\u00e7\u00e3o de Interesse Social (PMHIS). Em novembro, na reta final de constru\u00e7\u00e3o do PMHIS, [...]","og_url":"https:\/\/rioonwatch.org.br\/?p=80404","og_site_name":"RioOnWatch","article_published_time":"2025-12-02T14:29:06+00:00","article_modified_time":"2026-04-14T13:00:26+00:00","og_image":[{"url":"https:\/\/rioonwatch.org.br\/wp-content\/uploads\/2025\/12\/Primeira-Audiencia-PMHIS.png","width":2551,"height":1367,"type":"image\/png"}],"author":"Beatriz Miranda","twitter_card":"summary_large_image","twitter_misc":{"Escrito por":"Beatriz Miranda","Est. tempo de leitura":"11 minutos"},"schema":{"@context":"https:\/\/schema.org","@graph":[{"@type":"Article","@id":"https:\/\/rioonwatch.org.br\/?p=80404#article","isPartOf":{"@id":"https:\/\/rioonwatch.org.br\/?p=80404"},"author":{"name":"Beatriz Miranda","@id":"https:\/\/rioonwatch.org.br\/#\/schema\/person\/1150bfc199e76e22909b454a0c139c4b"},"headline":"Conselho Popular do Rio de Janeiro Reivindica Demandas de Interesse Social para o Primeiro Plano de Habita\u00e7\u00e3o da Cidade","datePublished":"2025-12-02T14:29:06+00:00","dateModified":"2026-04-14T13:00:26+00:00","mainEntityOfPage":{"@id":"https:\/\/rioonwatch.org.br\/?p=80404"},"wordCount":1976,"publisher":{"@id":"https:\/\/rioonwatch.org.br\/#organization"},"image":{"@id":"https:\/\/rioonwatch.org.br\/?p=80404#primaryimage"},"thumbnailUrl":"https:\/\/rioonwatch.org.br\/wp-content\/uploads\/2025\/12\/Primeira-Audiencia-PMHIS.png","keywords":["Conselho Popular","d\u00e9ficit habitacional","Direito \u00e0 Cidade","Direito \u00e0 Moradia","financiamento para moradia","habita\u00e7\u00e3o acess\u00edvel","Igreja Cat\u00f3lica","lei de habita\u00e7\u00e3o","Lei Org\u00e2nica do Munic\u00edpio","Minha Casa Minha Vida","moradia","Pastoral das Favelas","Plano Diretor","Plano Popular","regulariza\u00e7\u00e3o fundi\u00e1ria","Remo\u00e7\u00e3o","Secretaria Municipal de Habita\u00e7\u00e3o (SMH)","Termo Territorial Coletivo (TTC) \/ Community Land Trust (CLT)"],"articleSection":["#Monitoramento","#OlhoNaGentrifica\u00e7\u00e3o","#OlhoNaParticipa\u00e7\u00e3o","#OlhoNaUrbaniza\u00e7\u00e3o","#UrbanismoPopular","*Destaque","Democracia","Entendendo o Rio","Escrito por Aliados","Sociedade Civil","Solu\u00e7\u00f5es"],"inLanguage":"pt-BR"},{"@type":"WebPage","@id":"https:\/\/rioonwatch.org.br\/?p=80404","url":"https:\/\/rioonwatch.org.br\/?p=80404","name":"Conselho Popular do Rio de Janeiro Reivindica Demandas de Interesse Social para o Primeiro Plano de Habita\u00e7\u00e3o da Cidade - RioOnWatch","isPartOf":{"@id":"https:\/\/rioonwatch.org.br\/#website"},"primaryImageOfPage":{"@id":"https:\/\/rioonwatch.org.br\/?p=80404#primaryimage"},"image":{"@id":"https:\/\/rioonwatch.org.br\/?p=80404#primaryimage"},"thumbnailUrl":"https:\/\/rioonwatch.org.br\/wp-content\/uploads\/2025\/12\/Primeira-Audiencia-PMHIS.png","datePublished":"2025-12-02T14:29:06+00:00","dateModified":"2026-04-14T13:00:26+00:00","breadcrumb":{"@id":"https:\/\/rioonwatch.org.br\/?p=80404#breadcrumb"},"inLanguage":"pt-BR","potentialAction":[{"@type":"ReadAction","target":["https:\/\/rioonwatch.org.br\/?p=80404"]}]},{"@type":"ImageObject","inLanguage":"pt-BR","@id":"https:\/\/rioonwatch.org.br\/?p=80404#primaryimage","url":"https:\/\/rioonwatch.org.br\/wp-content\/uploads\/2025\/12\/Primeira-Audiencia-PMHIS.png","contentUrl":"https:\/\/rioonwatch.org.br\/wp-content\/uploads\/2025\/12\/Primeira-Audiencia-PMHIS.png","width":2551,"height":1367},{"@type":"BreadcrumbList","@id":"https:\/\/rioonwatch.org.br\/?p=80404#breadcrumb","itemListElement":[{"@type":"ListItem","position":1,"name":"In\u00edcio","item":"https:\/\/rioonwatch.org.br\/"},{"@type":"ListItem","position":2,"name":"Conselho Popular do Rio de Janeiro Reivindica Demandas de Interesse Social para o Primeiro Plano de Habita\u00e7\u00e3o da Cidade"}]},{"@type":"WebSite","@id":"https:\/\/rioonwatch.org.br\/#website","url":"https:\/\/rioonwatch.org.br\/","name":"RioOnWatch","description":"relatos das favelas cariocas","publisher":{"@id":"https:\/\/rioonwatch.org.br\/#organization"},"potentialAction":[{"@type":"SearchAction","target":{"@type":"EntryPoint","urlTemplate":"https:\/\/rioonwatch.org.br\/?s={search_term_string}"},"query-input":{"@type":"PropertyValueSpecification","valueRequired":true,"valueName":"search_term_string"}}],"inLanguage":"pt-BR"},{"@type":"Organization","@id":"https:\/\/rioonwatch.org.br\/#organization","name":"RioOnWatch","url":"https:\/\/rioonwatch.org.br\/","logo":{"@type":"ImageObject","inLanguage":"pt-BR","@id":"https:\/\/rioonwatch.org.br\/#\/schema\/logo\/image\/","url":"https:\/\/rioonwatch.org.br\/wp-content\/uploads\/2021\/06\/RioOnWatchcabecalhoPT11anos-2.png","contentUrl":"https:\/\/rioonwatch.org.br\/wp-content\/uploads\/2021\/06\/RioOnWatchcabecalhoPT11anos-2.png","width":779,"height":277,"caption":"RioOnWatch"},"image":{"@id":"https:\/\/rioonwatch.org.br\/#\/schema\/logo\/image\/"}},{"@type":"Person","@id":"https:\/\/rioonwatch.org.br\/#\/schema\/person\/1150bfc199e76e22909b454a0c139c4b","name":"Beatriz Miranda","image":{"@type":"ImageObject","inLanguage":"pt-BR","@id":"https:\/\/rioonwatch.org.br\/#\/schema\/person\/image\/","url":"https:\/\/secure.gravatar.com\/avatar\/41a514d4cb8be1f42ceaebd1038a447b?s=96&d=blank&r=g","contentUrl":"https:\/\/secure.gravatar.com\/avatar\/41a514d4cb8be1f42ceaebd1038a447b?s=96&d=blank&r=g","caption":"Beatriz Miranda"},"url":"https:\/\/rioonwatch.org.br\/?author=192"}]}},"_links":{"self":[{"href":"https:\/\/rioonwatch.org.br\/index.php?rest_route=\/wp\/v2\/posts\/80404"}],"collection":[{"href":"https:\/\/rioonwatch.org.br\/index.php?rest_route=\/wp\/v2\/posts"}],"about":[{"href":"https:\/\/rioonwatch.org.br\/index.php?rest_route=\/wp\/v2\/types\/post"}],"author":[{"embeddable":true,"href":"https:\/\/rioonwatch.org.br\/index.php?rest_route=\/wp\/v2\/users\/192"}],"replies":[{"embeddable":true,"href":"https:\/\/rioonwatch.org.br\/index.php?rest_route=%2Fwp%2Fv2%2Fcomments&post=80404"}],"version-history":[{"count":33,"href":"https:\/\/rioonwatch.org.br\/index.php?rest_route=\/wp\/v2\/posts\/80404\/revisions"}],"predecessor-version":[{"id":80926,"href":"https:\/\/rioonwatch.org.br\/index.php?rest_route=\/wp\/v2\/posts\/80404\/revisions\/80926"}],"wp:featuredmedia":[{"embeddable":true,"href":"https:\/\/rioonwatch.org.br\/index.php?rest_route=\/wp\/v2\/media\/80544"}],"wp:attachment":[{"href":"https:\/\/rioonwatch.org.br\/index.php?rest_route=%2Fwp%2Fv2%2Fmedia&parent=80404"}],"wp:term":[{"taxonomy":"category","embeddable":true,"href":"https:\/\/rioonwatch.org.br\/index.php?rest_route=%2Fwp%2Fv2%2Fcategories&post=80404"},{"taxonomy":"post_tag","embeddable":true,"href":"https:\/\/rioonwatch.org.br\/index.php?rest_route=%2Fwp%2Fv2%2Ftags&post=80404"},{"taxonomy":"writer","embeddable":true,"href":"https:\/\/rioonwatch.org.br\/index.php?rest_route=%2Fwp%2Fv2%2Fwriter&post=80404"},{"taxonomy":"translator","embeddable":true,"href":"https:\/\/rioonwatch.org.br\/index.php?rest_route=%2Fwp%2Fv2%2Ftranslator&post=80404"},{"taxonomy":"source","embeddable":true,"href":"https:\/\/rioonwatch.org.br\/index.php?rest_route=%2Fwp%2Fv2%2Fsource&post=80404"},{"taxonomy":"ilustrador","embeddable":true,"href":"https:\/\/rioonwatch.org.br\/index.php?rest_route=%2Fwp%2Fv2%2Filustrador&post=80404"},{"taxonomy":"fotografo","embeddable":true,"href":"https:\/\/rioonwatch.org.br\/index.php?rest_route=%2Fwp%2Fv2%2Ffotografo&post=80404"}],"curies":[{"name":"wp","href":"https:\/\/api.w.org\/{rel}","templated":true}]}}