{"id":80406,"date":"2025-11-23T13:11:18","date_gmt":"2025-11-23T16:11:18","guid":{"rendered":"https:\/\/rioonwatch.org.br\/?p=80406"},"modified":"2026-01-08T12:24:34","modified_gmt":"2026-01-08T15:24:34","slug":"tecnica-aliada-a-vida-1o-encontro-nacional-de-arquitetura-comunitaria-aponta-protagonismo-feminino-e-potencia-da-luta-coletiva-como-caminhos-para-direito-a-cidade-e-a-moradia","status":"publish","type":"post","link":"https:\/\/rioonwatch.org.br\/?p=80406","title":{"rendered":"T\u00e9cnica Aliada \u00e0 Vida: 1\u00ba Encontro Nacional de Arquitetura Comunit\u00e1ria Aponta Protagonismo Feminino e Pot\u00eancia da Luta Coletiva Como Caminhos Para Direito \u00e0 Cidade e \u00e0 Moradia"},"content":{"rendered":"<figure id=\"attachment_80506\" aria-describedby=\"caption-attachment-80506\" style=\"width: 1920px\" class=\"wp-caption aligncenter\"><a href=\"https:\/\/rioonwatch.org.br\/wp-content\/uploads\/2025\/11\/Mesa-redonda-do-ultimo-dia-do-ENAC-com-a-bandeira-do-Movimento-Nacional-de-Luta-pela-Moradia-MNLM.-Foto-Aline-Marieta-scaled.jpg.png\"><img fetchpriority=\"high\" decoding=\"async\" class=\"wp-image-80506 size-full\" title=\"Mesa redonda do \u00faltimo dia do ENAC, com a bandeira do Movimento Nacional de Luta pela Moradia (MNLM). Foto: Aline Marieta\" src=\"https:\/\/rioonwatch.org.br\/wp-content\/uploads\/2025\/11\/Mesa-redonda-do-ultimo-dia-do-ENAC-com-a-bandeira-do-Movimento-Nacional-de-Luta-pela-Moradia-MNLM.-Foto-Aline-Marieta-scaled.jpg.png\" alt=\"Mesa redonda do \u00faltimo dia do ENAC, com a bandeira do Movimento Nacional de Luta pela Moradia (MNLM). Foto: Aline Marieta\" width=\"1920\" height=\"822\" srcset=\"https:\/\/rioonwatch.org.br\/wp-content\/uploads\/2025\/11\/Mesa-redonda-do-ultimo-dia-do-ENAC-com-a-bandeira-do-Movimento-Nacional-de-Luta-pela-Moradia-MNLM.-Foto-Aline-Marieta-scaled.jpg.png 1920w, https:\/\/rioonwatch.org.br\/wp-content\/uploads\/2025\/11\/Mesa-redonda-do-ultimo-dia-do-ENAC-com-a-bandeira-do-Movimento-Nacional-de-Luta-pela-Moradia-MNLM.-Foto-Aline-Marieta-scaled.jpg-620x265.png 620w, https:\/\/rioonwatch.org.br\/wp-content\/uploads\/2025\/11\/Mesa-redonda-do-ultimo-dia-do-ENAC-com-a-bandeira-do-Movimento-Nacional-de-Luta-pela-Moradia-MNLM.-Foto-Aline-Marieta-scaled.jpg-768x329.png 768w, https:\/\/rioonwatch.org.br\/wp-content\/uploads\/2025\/11\/Mesa-redonda-do-ultimo-dia-do-ENAC-com-a-bandeira-do-Movimento-Nacional-de-Luta-pela-Moradia-MNLM.-Foto-Aline-Marieta-scaled.jpg-1536x658.png 1536w\" sizes=\"(max-width: 1920px) 100vw, 1920px\" \/><\/a><figcaption id=\"caption-attachment-80506\" class=\"wp-caption-text\">Mesa redonda do \u00faltimo dia do ENAC, com a bandeira do Movimento Nacional de Luta pela Moradia (MNLM). Foto: Aline Marieta<\/figcaption><\/figure>\n<p style=\"text-align: right;\"><a href=\"https:\/\/bit.ly\/4qums4a\" target=\"_blank\" rel=\"noopener\"><em><strong>Click Here for English<\/strong><\/em><\/a><a href=\"https:\/\/bit.ly\/4qums4a\" target=\"_blank\" rel=\"noopener\"><img decoding=\"async\" class=\"alignright wp-image-15790\" src=\"https:\/\/rioonwatch.org.br\/wp-content\/uploads\/2012\/08\/EN-standard-e1439583104716.jpg\" alt=\"\" width=\"20\" height=\"20\" \/><\/a><\/p>\n<p><span style=\"font-weight: 400;\">Entre 11 e 14 de novembro de 2025, realizou-se o 1\u00ba Encontro Nacional de Arquitetura Comunit\u00e1ria (<a href=\"https:\/\/bit.ly\/48jThcn\" target=\"_blank\" rel=\"noopener\">ENAC<\/a>) na Faculdade de Arquitetura e Urbanismo (<a href=\"https:\/\/bit.ly\/4p4fr9E\" target=\"_blank\" rel=\"noopener\">FAU<\/a>) e no Instituto de Filosofia e Ci\u00eancias Sociais (<a href=\"https:\/\/bit.ly\/44uYeOj\" target=\"_blank\" rel=\"noopener\">IFCS<\/a>) da Universidade Federal do Rio de Janeiro (<a href=\"https:\/\/bit.ly\/2KgADIe\" target=\"_blank\" rel=\"noopener\">UFRJ<\/a>). Entre mem\u00f3rias, den\u00fancias e resist\u00eancia, o ENAC reuniu mulheres, arquitetos, quilombolas e moradores de favelas do Brasil, revelando como estes grupos est\u00e3o definindo a arquitetura no pa\u00eds.<\/span><\/p>\n<p><span style=\"font-weight: 400;\">Eu mesma, arquiteta e cria na <a href=\"https:\/\/bit.ly\/3l0WQKR\" target=\"_blank\" rel=\"noopener\">Mar\u00e9<\/a>, na <a href=\"https:\/\/bit.ly\/3qsTKRW\" target=\"_blank\" rel=\"noopener\">Zona Norte<\/a> do Rio de Janeiro, cresci vendo a cidade (a favela) nascer aos poucos: no cimento e no tijolo improvisado, nos <a href=\"https:\/\/bit.ly\/2XqPbhH\" target=\"_blank\" rel=\"noopener\">mutir\u00f5es<\/a> de domingo, na gambiarra que aparece onde o <a href=\"https:\/\/bit.ly\/2Rku5Mf\" target=\"_blank\" rel=\"noopener\">Estado falta<\/a>, na laje molhada que fecha o dia. Antes de estudar arquitetura, eu era a menina que observava as paredes subirem e que andava pelas ruas observando cada detalhe das fachadas. Fam\u00edlias inteiras que erguiam e erguem at\u00e9 hoje, com as pr\u00f3prias m\u00e3os, o sonho de um teto.<\/span><\/p>\n<p><span style=\"font-weight: 400;\">Na faculdade, descobri que aquilo tinha um nome: <a href=\"https:\/\/bit.ly\/3KmFJEZ\" target=\"_blank\" rel=\"noopener\">autoconstru\u00e7\u00e3o<\/a>. Mas descobri tamb\u00e9m que esse saber popular raramente era tratado como conhecimento t\u00e9cnico. Chegar ao 1\u00ba Encontro Nacional de Arquitetura Comunit\u00e1ria (ENAC) foi reencontrar minha origem\u2014e perceber que, ali, minha trajet\u00f3ria n\u00e3o era exce\u00e7\u00e3o.<\/span><\/p>\n<h3><b>Mulheres que Constroem Territ\u00f3rios<\/b><\/h3>\n<p><span style=\"font-weight: 400;\">A mesa de abertura \u201cArquitetura Comunit\u00e1ria: da teoria \u00e0 pr\u00e1tica\u201d, foi inteiramente composta por mulheres\u2014algo profundamente simb\u00f3lico. Sobretudo porque s\u00e3o elas que, historicamente, organizam ocupa\u00e7\u00f5es, articulam <a href=\"https:\/\/bit.ly\/3ZDYgS9\" target=\"_blank\" rel=\"noopener\">redes de cuidado<\/a>, <a href=\"https:\/\/bit.ly\/2Qfw1Ix\" target=\"_blank\" rel=\"noopener\">mant\u00eam territ\u00f3rios vivos<\/a> e <a href=\"https:\/\/bit.ly\/3wpT7Bc\" target=\"_blank\" rel=\"noopener\">sustentam as lutas por moradia digna<\/a>. Al\u00e9m disso, s\u00e3o elas que est\u00e3o na <a href=\"https:\/\/bit.ly\/3yNj63j\" target=\"_blank\" rel=\"noopener\">luta por espa\u00e7os<\/a> mais inclusivos e acess\u00edveis para todos.<\/span><\/p>\n<p><span style=\"font-weight: 400;\">Entre essas mulheres, estava Iara Falcade, arquiteta paranaense, autista e integrante do Sindicato dos Arquitetos e Urbanistas do Paran\u00e1 (<a href=\"https:\/\/bit.ly\/4p51w36\" target=\"_blank\" rel=\"noopener\">Sindarq-PR<\/a>). <\/span><span style=\"font-weight: 400;\">Ela ressaltou o valor da presen\u00e7a de mulheres em projetos de arquitetura comunit\u00e1ria, que <a href=\"https:\/\/arquiteturanaperiferia.org.br\/\">ganham autonomia e deixam de depender de homens<\/a> para fazer pequenos ajustes em seus lares.<\/span><\/p>\n<p><span style=\"font-weight: 400;\">Iara foi convidada para participar da organiza\u00e7\u00e3o do ENAC ap\u00f3s apresentar um trabalho no Encontro Latino de Arquitetura Comunit\u00e1ria (<a href=\"https:\/\/bit.ly\/48DzE0c\" target=\"_blank\" rel=\"noopener\">ELAC<\/a>) de 2024. Ela diz ter sido uma experi\u00eancia \u201csurreal\u201d fazer parte da mesa de abertura com mulheres t\u00e3o inspiradoras e ter se sentido abra\u00e7ada pela sala\u2014um espa\u00e7o onde p\u00f4de ter, como definiu, \u201cuma prosa<\/span> <span style=\"font-weight: 400;\">sincera\u201d. Para ela, o ENAC tem uma \u201ctemporalidade pr\u00f3pria\u201d: quatro dias intensos que refletem um ano inteiro de constru\u00e7\u00e3o coletiva, cujo as reverbera\u00e7\u00f5es permanecer\u00e3o vivas.<\/span><\/p>\n<figure id=\"attachment_80507\" aria-describedby=\"caption-attachment-80507\" style=\"width: 1902px\" class=\"wp-caption aligncenter\"><a href=\"https:\/\/rioonwatch.org.br\/wp-content\/uploads\/2025\/11\/Mesa-Redonda-Arquitetura-Comunitaria-Luta-em-Movimento.-Foto-Aline-Marieta-scaled.jpg.png\"><img decoding=\"async\" class=\"wp-image-80507 size-full\" title=\"Mesa Redonda 'Arquitetura Comunit\u00e1ria Luta em Movimento'. Foto: Aline Marieta\" src=\"https:\/\/rioonwatch.org.br\/wp-content\/uploads\/2025\/11\/Mesa-Redonda-Arquitetura-Comunitaria-Luta-em-Movimento.-Foto-Aline-Marieta-scaled.jpg.png\" alt=\"Mesa Redonda 'Arquitetura Comunit\u00e1ria Luta em Movimento'. Foto: Aline Marieta\" width=\"1902\" height=\"799\" srcset=\"https:\/\/rioonwatch.org.br\/wp-content\/uploads\/2025\/11\/Mesa-Redonda-Arquitetura-Comunitaria-Luta-em-Movimento.-Foto-Aline-Marieta-scaled.jpg.png 1902w, https:\/\/rioonwatch.org.br\/wp-content\/uploads\/2025\/11\/Mesa-Redonda-Arquitetura-Comunitaria-Luta-em-Movimento.-Foto-Aline-Marieta-scaled.jpg-620x260.png 620w, https:\/\/rioonwatch.org.br\/wp-content\/uploads\/2025\/11\/Mesa-Redonda-Arquitetura-Comunitaria-Luta-em-Movimento.-Foto-Aline-Marieta-scaled.jpg-768x323.png 768w, https:\/\/rioonwatch.org.br\/wp-content\/uploads\/2025\/11\/Mesa-Redonda-Arquitetura-Comunitaria-Luta-em-Movimento.-Foto-Aline-Marieta-scaled.jpg-1536x645.png 1536w\" sizes=\"(max-width: 1902px) 100vw, 1902px\" \/><\/a><figcaption id=\"caption-attachment-80507\" class=\"wp-caption-text\">Mesa Redonda &#8216;Arquitetura Comunit\u00e1ria Luta em Movimento&#8217;. Foto: Aline Marieta<\/figcaption><\/figure>\n<p><span style=\"font-weight: 400;\">A mesa trouxe den\u00fancias sobre a insufici\u00eancia da Assist\u00eancia T\u00e9cnica para Habita\u00e7\u00e3o de Interesse Social (<a href=\"https:\/\/bit.ly\/4p6vd40\" target=\"_blank\" rel=\"noopener\">ATHIS<\/a>), a dist\u00e2ncia entre t\u00e9cnicos e territ\u00f3rios, o descompasso entre ensino e pr\u00e1tica e a viol\u00eancia institucional que atravessa as comunidades, tanto do Rio de Janeiro quanto de outros estados do Brasil e do mundo.<\/span><\/p>\n<h3><b>Arquitetura Comunit\u00e1ria como Supera\u00e7\u00e3o da Nega\u00e7\u00e3o de Direitos<\/b><\/h3>\n<p>Ao longo do evento, o conceito de Arquitetura Comunit\u00e1ria se consolidou em quatro <a href=\"https:\/\/comcat.org\/dcba\">pilares fundamentais<\/a>:<\/p>\n<ol>\n<li><a href=\"https:\/\/rioonwatch.org.br\/?p=11602\">Participa\u00e7\u00e3o real<\/a> e transversal dos moradores nos processos;<\/li>\n<li>Respeito \u00e0s din\u00e2micas territoriais e culturais;<\/li>\n<li>Reconhecimento das pr\u00e1ticas populares e da mem\u00f3ria constru\u00edda no territ\u00f3rio; e<\/li>\n<li>Projetos que nascem da escuta, n\u00e3o da imposi\u00e7\u00e3o t\u00e9cnica.<\/li>\n<\/ol>\n<p>O evento refor\u00e7ou o papel da Assist\u00eancia T\u00e9cnica em Habita\u00e7\u00e3o de Interesse Social (ATHIS), garantida pela <a href=\"https:\/\/bit.ly\/3LW13Sr\" target=\"_blank\" rel=\"noopener\">Lei Federal n\u00ba 11.888\/2008<\/a>, que assegura que fam\u00edlias com renda de at\u00e9 tr\u00eas sal\u00e1rios m\u00ednimos (em 2025, o equivalente a R$4.554) possam acessar, gratuitamente, projetos e acompanhamento t\u00e9cnico para constru\u00e7\u00e3o, reforma e regulariza\u00e7\u00e3o de suas moradias.<\/p>\n<p><span style=\"font-weight: 400;\">No entanto, o ENAC refor\u00e7ou que o que existe hoje no papel ainda est\u00e1 longe de alcan\u00e7ar os territ\u00f3rios onde a vulnerabilidade social \u00e9 maior. Sem or\u00e7amento municipal, sem editais acess\u00edveis e sem vontade pol\u00edtica, o direito \u00e0 ATHIS se perde antes de se traduzir em portas, telhados, paredes e constru\u00e7\u00f5es mais seguras.<\/span><\/p>\n<figure id=\"attachment_80501\" aria-describedby=\"caption-attachment-80501\" style=\"width: 2560px\" class=\"wp-caption aligncenter\"><a href=\"https:\/\/rioonwatch.org.br\/wp-content\/uploads\/2025\/11\/Oficina-mostra-que-moradores-nao-so-podem-como-devem-participar-inclusive-do-desenho-do-projeto-de-suas-moradias-desde-a-planta-baixa.-Foto-Aline-Marieta-scaled.jpg\"><img loading=\"lazy\" decoding=\"async\" class=\"wp-image-80501 size-full\" title=\"Oficina mostra que moradores n\u00e3o s\u00f3 podem, como devem participar, inclusive, do desenho do projeto de suas moradias, desde a planta-baixa. Foto: Aline Marieta\" src=\"https:\/\/rioonwatch.org.br\/wp-content\/uploads\/2025\/11\/Oficina-mostra-que-moradores-nao-so-podem-como-devem-participar-inclusive-do-desenho-do-projeto-de-suas-moradias-desde-a-planta-baixa.-Foto-Aline-Marieta-scaled.jpg\" alt=\"Oficina mostra que moradores n\u00e3o s\u00f3 podem, como devem participar, inclusive, do desenho do projeto de suas moradias, desde a planta-baixa. Foto: Aline Marieta\" width=\"2560\" height=\"1920\" srcset=\"https:\/\/rioonwatch.org.br\/wp-content\/uploads\/2025\/11\/Oficina-mostra-que-moradores-nao-so-podem-como-devem-participar-inclusive-do-desenho-do-projeto-de-suas-moradias-desde-a-planta-baixa.-Foto-Aline-Marieta-scaled.jpg 2560w, https:\/\/rioonwatch.org.br\/wp-content\/uploads\/2025\/11\/Oficina-mostra-que-moradores-nao-so-podem-como-devem-participar-inclusive-do-desenho-do-projeto-de-suas-moradias-desde-a-planta-baixa.-Foto-Aline-Marieta-620x465.jpg 620w, https:\/\/rioonwatch.org.br\/wp-content\/uploads\/2025\/11\/Oficina-mostra-que-moradores-nao-so-podem-como-devem-participar-inclusive-do-desenho-do-projeto-de-suas-moradias-desde-a-planta-baixa.-Foto-Aline-Marieta-2000x1500.jpg 2000w, https:\/\/rioonwatch.org.br\/wp-content\/uploads\/2025\/11\/Oficina-mostra-que-moradores-nao-so-podem-como-devem-participar-inclusive-do-desenho-do-projeto-de-suas-moradias-desde-a-planta-baixa.-Foto-Aline-Marieta-768x576.jpg 768w, https:\/\/rioonwatch.org.br\/wp-content\/uploads\/2025\/11\/Oficina-mostra-que-moradores-nao-so-podem-como-devem-participar-inclusive-do-desenho-do-projeto-de-suas-moradias-desde-a-planta-baixa.-Foto-Aline-Marieta-1536x1152.jpg 1536w, https:\/\/rioonwatch.org.br\/wp-content\/uploads\/2025\/11\/Oficina-mostra-que-moradores-nao-so-podem-como-devem-participar-inclusive-do-desenho-do-projeto-de-suas-moradias-desde-a-planta-baixa.-Foto-Aline-Marieta-2048x1536.jpg 2048w, https:\/\/rioonwatch.org.br\/wp-content\/uploads\/2025\/11\/Oficina-mostra-que-moradores-nao-so-podem-como-devem-participar-inclusive-do-desenho-do-projeto-de-suas-moradias-desde-a-planta-baixa.-Foto-Aline-Marieta-678x509.jpg 678w, https:\/\/rioonwatch.org.br\/wp-content\/uploads\/2025\/11\/Oficina-mostra-que-moradores-nao-so-podem-como-devem-participar-inclusive-do-desenho-do-projeto-de-suas-moradias-desde-a-planta-baixa.-Foto-Aline-Marieta-326x245.jpg 326w, https:\/\/rioonwatch.org.br\/wp-content\/uploads\/2025\/11\/Oficina-mostra-que-moradores-nao-so-podem-como-devem-participar-inclusive-do-desenho-do-projeto-de-suas-moradias-desde-a-planta-baixa.-Foto-Aline-Marieta-80x60.jpg 80w\" sizes=\"(max-width: 2560px) 100vw, 2560px\" \/><\/a><figcaption id=\"caption-attachment-80501\" class=\"wp-caption-text\">Oficina mostra que moradores n\u00e3o s\u00f3 podem, como devem participar, inclusive, do desenho do projeto de suas moradias, desde a planta-baixa. Foto: Aline Marieta<\/figcaption><\/figure>\n<p>Para quem cresceu em territ\u00f3rios autoconstru\u00eddos, como eu, essa realidade n\u00e3o surpreende: onde o Estado falta, sobra ao povo reagir e prover, a partir de sua pot\u00eancia, tecnologias sociais e saberes ancestrais.<\/p>\n<p>Essa pot\u00eancia perif\u00e9rica, no entanto, n\u00e3o deve ser confundida com a supera\u00e7\u00e3o da neglig\u00eancia do Estado. \u00c9 preciso deixar evidente que pol\u00edticas p\u00fablicas, or\u00e7amento e legisla\u00e7\u00e3o s\u00e3o fundamentais e funcionam em conjunto com a pot\u00eancia comunit\u00e1ria das favelas e periferias.<\/p>\n<h3><b>Experi\u00eancias que Transformam Territ\u00f3rios<\/b><\/h3>\n<p>Das diversas experi\u00eancias apresentadas no ENAC, tr\u00eas refor\u00e7am que arquitetura \u00e9 muito mais que t\u00e9cnica. \u00c9, sobretudo: cuidado, pol\u00edtica e vida.<\/p>\n<p>A primeira \u00e9 a <a href=\"https:\/\/bit.ly\/49EJ9NN\" target=\"_blank\" rel=\"noopener\">Lanchonete-Lanchonete<\/a>, localizada na <a href=\"https:\/\/bit.ly\/37IXjJZ\" target=\"_blank\" rel=\"noopener\">Gamboa<\/a>, no <a href=\"https:\/\/bit.ly\/3m7rrqz\" target=\"_blank\" rel=\"noopener\">Centro<\/a> do Rio de Janeiro e atuando com crian\u00e7as e jovens fora do hor\u00e1rio escolar. Amanda Arcuri, integrante e porta-voz da Lanchonete-Lanchonete, trouxe \u00e0 tona a import\u00e2ncia de <a href=\"https:\/\/rioonwatch.org.br\/?tag=espaco-de-acolhimento\" target=\"_blank\" rel=\"noopener\">espa\u00e7os de acolhimento<\/a> dentro das comunidades. A experi\u00eancia da Lanchonete-Lanchonete mostrou como comida, cultura, cuidado e territ\u00f3rio se entrela\u00e7am. \u00c9 um espa\u00e7o que funciona como o que urbanistas chamam de \u201c<a href=\"https:\/\/bairru.com.br\/o-conceito-de-terceiro-lugar-porque-espacos-coletivos-sao-essenciais-para-a-vida-urbana\">terceiro lugar<\/a>\u201d (o primeiro lugar \u00e9 o lar, o segundo, o trabalho, e o terceiro \u00e9 o espa\u00e7o coletivo). Uma arquitetura voltada para a conviv\u00eancia, para a forma\u00e7\u00e3o e o aprofundamento de v\u00ednculos.<\/p>\n<figure id=\"attachment_80508\" aria-describedby=\"caption-attachment-80508\" style=\"width: 1920px\" class=\"wp-caption aligncenter\"><a href=\"https:\/\/rioonwatch.org.br\/wp-content\/uploads\/2025\/11\/Poder-ser-um-espaco-de-pertencimento-para-a-comunidade-local-e-um-dos-valores-defendidos-pela-Lanchonete\u2013Lanchonete.-Foto-Aline-Marieta-scaled.jpg.png\"><img loading=\"lazy\" decoding=\"async\" class=\"wp-image-80508 size-full\" title=\"Poder ser um espa\u00e7o de pertencimento para a comunidade local \u00e9 um dos valores defendidos pela Lanchonete\u2013Lanchonete. Foto: Aline Marieta\" src=\"https:\/\/rioonwatch.org.br\/wp-content\/uploads\/2025\/11\/Poder-ser-um-espaco-de-pertencimento-para-a-comunidade-local-e-um-dos-valores-defendidos-pela-Lanchonete\u2013Lanchonete.-Foto-Aline-Marieta-scaled.jpg.png\" alt=\"Poder ser um espa\u00e7o de pertencimento para a comunidade local \u00e9 um dos valores defendidos pela Lanchonete\u2013Lanchonete. Foto: Aline Marieta\" width=\"1920\" height=\"1758\" srcset=\"https:\/\/rioonwatch.org.br\/wp-content\/uploads\/2025\/11\/Poder-ser-um-espaco-de-pertencimento-para-a-comunidade-local-e-um-dos-valores-defendidos-pela-Lanchonete\u2013Lanchonete.-Foto-Aline-Marieta-scaled.jpg.png 1920w, https:\/\/rioonwatch.org.br\/wp-content\/uploads\/2025\/11\/Poder-ser-um-espaco-de-pertencimento-para-a-comunidade-local-e-um-dos-valores-defendidos-pela-Lanchonete\u2013Lanchonete.-Foto-Aline-Marieta-scaled.jpg-620x568.png 620w, https:\/\/rioonwatch.org.br\/wp-content\/uploads\/2025\/11\/Poder-ser-um-espaco-de-pertencimento-para-a-comunidade-local-e-um-dos-valores-defendidos-pela-Lanchonete\u2013Lanchonete.-Foto-Aline-Marieta-scaled.jpg-1638x1500.png 1638w, https:\/\/rioonwatch.org.br\/wp-content\/uploads\/2025\/11\/Poder-ser-um-espaco-de-pertencimento-para-a-comunidade-local-e-um-dos-valores-defendidos-pela-Lanchonete\u2013Lanchonete.-Foto-Aline-Marieta-scaled.jpg-768x703.png 768w, https:\/\/rioonwatch.org.br\/wp-content\/uploads\/2025\/11\/Poder-ser-um-espaco-de-pertencimento-para-a-comunidade-local-e-um-dos-valores-defendidos-pela-Lanchonete\u2013Lanchonete.-Foto-Aline-Marieta-scaled.jpg-1536x1406.png 1536w\" sizes=\"(max-width: 1920px) 100vw, 1920px\" \/><\/a><figcaption id=\"caption-attachment-80508\" class=\"wp-caption-text\">Poder ser um espa\u00e7o de pertencimento para a comunidade local \u00e9 um dos valores defendidos pela Lanchonete\u2013Lanchonete. Foto: Aline Marieta<\/figcaption><\/figure>\n<p>A mesa tamb\u00e9m movimentou debates potentes sobre fam\u00edlias que se reconfiguram, moradias coletivas entre amigos, habita\u00e7\u00e3o para pessoas trans, banheiros p\u00fablicos inclusivos e a necessidade de arquitetos se libertarem do <a href=\"https:\/\/oglobo.globo.com\/economia\/noticia\/2024\/12\/20\/proporcao-de-lares-com-pessoas-que-moram-sozinhas-vai-de-12percent-a-18percent-em-uma-decada-diz-ibge.ghtml\">modelo ultrapassado<\/a> de \u201cfam\u00edlia padr\u00e3o\u201d, questionando o urbanismo cisheteronormativo e abrindo espa\u00e7o para novas formas de viver.<\/p>\n<p>A terceira iniciativa a ser destacada foi a das assessorias t\u00e9cnicas. Na mesa dedicada a discutir o tema, Heloisa Marques, da <a href=\"https:\/\/bit.ly\/49IodWf\" target=\"_blank\" rel=\"noopener\">Coletiva de Assessoras Populares do Rio<\/a>, destacou a atua\u00e7\u00e3o de equipes multidisciplinares\u2014compostas majoritariamente por mulheres\u2014que trabalham em territ\u00f3rios populares do estado. Helo\u00edsa Marques ressaltou a import\u00e2ncia das trocas metodol\u00f3gicas com grupos de todo o pa\u00eds; e a necessidade de fortalecer a atua\u00e7\u00e3o t\u00e9cnica para garantir a reprodu\u00e7\u00e3o digna da vida.<\/p>\n<h3><b>O Protagonismo Feminino como Fio Condutor do ENAC<\/b><\/h3>\n<p>As falas vieram de mulheres muito diversas: quilombolas, m\u00e3es solo, arquitetas, estudantes, lideran\u00e7as de favelas e de movimentos de moradia. Todas abordaram temas recorrentes\u2014e urgentes, como a exaust\u00e3o dos deslocamentos longos, a falta de equipamentos p\u00fablicos b\u00e1sicos, a sobrecarga do cuidado, a vida sustentada pela rede comunit\u00e1ria, as diversas viol\u00eancias e ass\u00e9dios sofridos pelas comunidades, e a moradia como eixo da exist\u00eancia.<\/p>\n<p>Essas narrativas dialogam com o livro <a href=\"https:\/\/bit.ly\/49ENGjj\" target=\"_blank\" rel=\"noopener\"><em>Cidade Feminista \u2013 a luta pelo espa\u00e7o em um mundo desenhado por homens<\/em><\/a>, de <a href=\"https:\/\/bit.ly\/3XlD1Ta\" target=\"_blank\" rel=\"noopener\">Leslie Kern<\/a>, que explica como a cidade moderna foi desenhada para um \u201chomem padr\u00e3o\u201d, n\u00e3o para mulheres que carregam filhos, enfrentam ass\u00e9dio, conciliam o cuidado e o trabalho e dependem da comunidade para sobreviver.<\/p>\n<h3><b>Quando Mem\u00f3ria e Saber Comunit\u00e1rio Vira Planta<\/b><\/h3>\n<p>Uma das oficinas oferecidas durante o ENAC foi a \u201cCasinha do Prop\u00f3sito\u201d. Participantes analisaram diferentes plantas baixas (desenhos das casas, do ponto de vista superior) para entender como determinados desenhos incentivam o isolamento, enquanto outros favorecem a conviv\u00eancia.<\/p>\n<figure id=\"attachment_80509\" aria-describedby=\"caption-attachment-80509\" style=\"width: 1183px\" class=\"wp-caption aligncenter\"><a href=\"https:\/\/rioonwatch.org.br\/wp-content\/uploads\/2025\/11\/Participantes-refletem-sobre-isolamento-e-convivencia-por-meio-das-plantas-da-oficina-\u2018Casinha-do-Proposito.-Foto-Aline-Marieta-scaled.jpg.png\"><img loading=\"lazy\" decoding=\"async\" class=\"wp-image-80509 size-full\" title=\"Participantes refletem sobre isolamento e conviv\u00eancia por meio das plantas da oficina \u2018Casinha do Prop\u00f3sito\u2019. Foto: Aline Marieta\" src=\"https:\/\/rioonwatch.org.br\/wp-content\/uploads\/2025\/11\/Participantes-refletem-sobre-isolamento-e-convivencia-por-meio-das-plantas-da-oficina-\u2018Casinha-do-Proposito.-Foto-Aline-Marieta-scaled.jpg.png\" alt=\"Participantes refletem sobre isolamento e conviv\u00eancia por meio das plantas da oficina \u2018Casinha do Prop\u00f3sito\u2019. Foto: Aline Marieta\" width=\"1183\" height=\"2369\" srcset=\"https:\/\/rioonwatch.org.br\/wp-content\/uploads\/2025\/11\/Participantes-refletem-sobre-isolamento-e-convivencia-por-meio-das-plantas-da-oficina-\u2018Casinha-do-Proposito.-Foto-Aline-Marieta-scaled.jpg.png 1183w, https:\/\/rioonwatch.org.br\/wp-content\/uploads\/2025\/11\/Participantes-refletem-sobre-isolamento-e-convivencia-por-meio-das-plantas-da-oficina-\u2018Casinha-do-Proposito.-Foto-Aline-Marieta-scaled.jpg-310x620.png 310w, https:\/\/rioonwatch.org.br\/wp-content\/uploads\/2025\/11\/Participantes-refletem-sobre-isolamento-e-convivencia-por-meio-das-plantas-da-oficina-\u2018Casinha-do-Proposito.-Foto-Aline-Marieta-scaled.jpg-749x1500.png 749w, https:\/\/rioonwatch.org.br\/wp-content\/uploads\/2025\/11\/Participantes-refletem-sobre-isolamento-e-convivencia-por-meio-das-plantas-da-oficina-\u2018Casinha-do-Proposito.-Foto-Aline-Marieta-scaled.jpg-768x1538.png 768w, https:\/\/rioonwatch.org.br\/wp-content\/uploads\/2025\/11\/Participantes-refletem-sobre-isolamento-e-convivencia-por-meio-das-plantas-da-oficina-\u2018Casinha-do-Proposito.-Foto-Aline-Marieta-scaled.jpg-767x1536.png 767w, https:\/\/rioonwatch.org.br\/wp-content\/uploads\/2025\/11\/Participantes-refletem-sobre-isolamento-e-convivencia-por-meio-das-plantas-da-oficina-\u2018Casinha-do-Proposito.-Foto-Aline-Marieta-scaled.jpg-1023x2048.png 1023w\" sizes=\"(max-width: 1183px) 100vw, 1183px\" \/><\/a><figcaption id=\"caption-attachment-80509\" class=\"wp-caption-text\">Participantes refletem sobre isolamento e conviv\u00eancia por meio das plantas da oficina \u2018Casinha do Prop\u00f3sito\u2019. Foto: Aline Marieta<\/figcaption><\/figure>\n<p>O contraste era evidente: plantas padronizadas eram fechadas, frias e individualistas. Plantas desenhadas com a participa\u00e7\u00e3o das comunidades eram abertas, afetivas e conectivas.<\/p>\n<h3><b>Microfone Aberto, Megafone Coletivo<\/b><\/h3>\n<p>O \u00faltimo dia do evento foi dedicado \u00e0s mulheres representantes de movimentos por moradia de todas as regi\u00f5es do Brasil. A proposta era de microfone aberto, mas o que se ouviu foi um megafone coletivo. As falas tocaram em temas como neglig\u00eancia do Estado, despejos e viol\u00eancias institucionais, apagamentos hist\u00f3ricos, a necessidade de ocupar e viver os centros das cidades, e a urg\u00eancia da participa\u00e7\u00e3o direta na formula\u00e7\u00e3o das pol\u00edticas de moradia.<\/p>\n<blockquote><p>\u201cN\u00e3o precisamos que falem por n\u00f3s. Precisamos que nos ou\u00e7am quando falamos.\u201d \u2014 Lurdinha Lopes, Movimento Nacional de Luta pela Moradia Brasil<\/p><\/blockquote>\n<p>Al\u00e9m disso, o olhar da nova gera\u00e7\u00e3o apareceu na fala de Thalles Amaral, estudante da FAU-UFRJ e integrante do <a href=\"https:\/\/bit.ly\/4pAljar\" target=\"_blank\" rel=\"noopener\">Escrit\u00f3rio Modelo de Arquitetura e Urbanismo &#8211; Abric\u00f3 da UFRJ<\/a>.\u00a0Para ele, o ENAC \u00e9 essencial para trocar metodologias e aprender estrat\u00e9gias de tradu\u00e7\u00e3o: transformar o \u201ctecniqu\u00eas\u201d da arquitetura em linguagem acess\u00edvel.<\/p>\n<p>Segundo Thalles, o Brasil \u00e9 um pa\u00eds autoconstru\u00eddo e isso precisa ser reconhecido, valorizado e apoiado tecnicamente pelo Estado. Sua esperan\u00e7a \u00e9 que a ATHIS se torne obrigat\u00f3ria na forma\u00e7\u00e3o de arquitetos.<\/p>\n<figure id=\"attachment_80510\" aria-describedby=\"caption-attachment-80510\" style=\"width: 1509px\" class=\"wp-caption aligncenter\"><a href=\"https:\/\/rioonwatch.org.br\/wp-content\/uploads\/2025\/11\/Panfleto-do-evento.-Foto-Aline-Marieta-scaled.jpg.png\"><img loading=\"lazy\" decoding=\"async\" class=\"wp-image-80510 size-full\" title=\"Panfleto do evento. Foto: Aline Marieta\" src=\"https:\/\/rioonwatch.org.br\/wp-content\/uploads\/2025\/11\/Panfleto-do-evento.-Foto-Aline-Marieta-scaled.jpg.png\" alt=\"Panfleto do evento. Foto: Aline Marieta\" width=\"1509\" height=\"1953\" srcset=\"https:\/\/rioonwatch.org.br\/wp-content\/uploads\/2025\/11\/Panfleto-do-evento.-Foto-Aline-Marieta-scaled.jpg.png 1509w, https:\/\/rioonwatch.org.br\/wp-content\/uploads\/2025\/11\/Panfleto-do-evento.-Foto-Aline-Marieta-scaled.jpg-479x620.png 479w, https:\/\/rioonwatch.org.br\/wp-content\/uploads\/2025\/11\/Panfleto-do-evento.-Foto-Aline-Marieta-scaled.jpg-1159x1500.png 1159w, https:\/\/rioonwatch.org.br\/wp-content\/uploads\/2025\/11\/Panfleto-do-evento.-Foto-Aline-Marieta-scaled.jpg-768x994.png 768w, https:\/\/rioonwatch.org.br\/wp-content\/uploads\/2025\/11\/Panfleto-do-evento.-Foto-Aline-Marieta-scaled.jpg-1187x1536.png 1187w\" sizes=\"(max-width: 1509px) 100vw, 1509px\" \/><\/a><figcaption id=\"caption-attachment-80510\" class=\"wp-caption-text\">Panfleto do evento. Foto: Aline Marieta<\/figcaption><\/figure>\n<p>Como arquiteta e cria de favela, deixei o ENAC com a sensa\u00e7\u00e3o de carregar uma cidade inteira dentro de mim. Voltei pra casa entendendo que minha hist\u00f3ria\u2014marcada pela autoconstru\u00e7\u00e3o na Mar\u00e9\u2014n\u00e3o \u00e9 exce\u00e7\u00e3o e \u00e9 completamente compat\u00edvel com a minha trajet\u00f3ria acad\u00eamica enquanto arquiteta.<\/p>\n<p>Meu ch\u00e3o favelado, nossos saberes e tecnologias sociais s\u00e3o ferramenta e fundamento. A Arquitetura Comunit\u00e1ria que encontrei ali n\u00e3o \u00e9 filantropia, nem romantiza\u00e7\u00e3o da precariedade. \u00c9 a pr\u00e1tica arquitet\u00f4nica da coletividade. \u00c9 mutir\u00e3o e laje molhada finalmente chegando na academia. \u00c9 categoria do pensamento arquitet\u00f4nico perif\u00e9rico. \u00c9 t\u00e9cnica, pol\u00edtica, disputa e afeto.<\/p>\n<p><em><span style=\"font-weight: 400;\">Sobre a autora: Ali<\/span><\/em><i><span style=\"font-weight: 400;\">ne Marieta \u00e9 arquiteta e filha da Mar\u00e9. Cresceu entre vielas, lajes e hist\u00f3rias de autoconstru\u00e7\u00e3o que moldaram seu olhar para o mundo \u2014 um olhar que entende a casa como abrigo, cura e resist\u00eancia. Entre t\u00e9cnica e afeto, escreve no RioOnWatch a partir da viv\u00eancia: o corpo que sente a cidade, a voz que reivindica dignidade e o cora\u00e7\u00e3o que acredita que toda pessoa merece morar com respeito, beleza e pertencimento.<\/span><\/i><\/p>\n<hr \/>\n<h4><b data-stringify-type=\"bold\">Apoie nossos esfor\u00e7os para fornecer apoio estrat\u00e9gico \u00e0s favelas do Rio, incluindo o jornalismo hiperlocal, cr\u00edtico, inovador e incans\u00e1vel do\u00a0<\/b><b data-stringify-type=\"bold\"><i data-stringify-type=\"italic\">RioOnWatch<\/i><\/b>\u2014<a class=\"c-link\" href=\"http:\/\/www.bit.ly\/ApoieROW\" target=\"_blank\" rel=\"noopener noreferrer\" data-stringify-link=\"http:\/\/www.bit.ly\/ApoieROW\" data-sk=\"tooltip_parent\">doe aqui<\/a>.<\/h4>\n<!-- AddThis Advanced Settings generic via filter on the_content --><!-- AddThis Share Buttons generic via filter on the_content -->","protected":false},"excerpt":{"rendered":"<div class=\"mh-excerpt\"><p>Click Here for English Entre 11 e 14 de novembro de 2025, realizou-se o 1\u00ba Encontro Nacional de Arquitetura Comunit\u00e1ria (ENAC) na Faculdade de Arquitetura e Urbanismo (FAU) e no Instituto de Filosofia e Ci\u00eancias <a class=\"mh-excerpt-more\" href=\"https:\/\/rioonwatch.org.br\/?p=80406\" title=\"T\u00e9cnica Aliada \u00e0 Vida: 1\u00ba Encontro Nacional de Arquitetura Comunit\u00e1ria Aponta Protagonismo Feminino e Pot\u00eancia da Luta Coletiva Como Caminhos Para Direito \u00e0 Cidade e \u00e0 Moradia\">[&#8230;]<\/a><!-- AddThis Advanced Settings generic via filter on get_the_excerpt --><!-- AddThis Share Buttons generic via filter on get_the_excerpt --><\/p>\n<\/div>","protected":false},"author":167,"featured_media":80506,"comment_status":"closed","ping_status":"closed","sticky":false,"template":"template-full.php","format":"standard","meta":{"_acf_changed":false,"_monsterinsights_skip_tracking":false,"_monsterinsights_sitenote_active":false,"_monsterinsights_sitenote_note":"","_monsterinsights_sitenote_category":0,"footnotes":""},"categories":[1618,1857,2323,1627,1625,1616,1612,342],"tags":[1050,1102,1104,1910,332,1917,528,2420,780,2400,2193,239,218],"writer":[3018],"translator":[],"source":[],"ilustrador":[],"fotografo":[],"class_list":{"0":"post-80406","1":"post","2":"type-post","3":"status-publish","4":"format-standard","5":"has-post-thumbnail","7":"category-olhonaparticipacao","8":"category-olhonaurbanizacao","9":"category-urbanismopopular","10":"category-relato-de-evento","11":"category-por-correspondentes-comunitarios","12":"category-qualidades-da-favela","13":"category-sociedade-civil","14":"category-solucoes","15":"tag-arquitetura","16":"tag-arquitetura-da-favela","17":"tag-arquitetura-organica","18":"tag-auto-construcao","19":"tag-complexo-da-mare","20":"tag-comunidade-x-academia","21":"tag-design-da-favela","22":"tag-design-participativo","23":"tag-mnlm","24":"tag-planejamento-participativo","25":"tag-ufrj","26":"tag-universidade","27":"tag-zona-norte","28":"writer-aline-marieta"},"acf":[],"yoast_head":"<!-- This site is optimized with the Yoast SEO plugin v25.6 - https:\/\/yoast.com\/wordpress\/plugins\/seo\/ -->\n<title>T\u00e9cnica Aliada \u00e0 Vida: 1\u00ba Encontro Nacional de Arquitetura Comunit\u00e1ria Aponta Protagonismo Feminino e Pot\u00eancia da Luta Coletiva Como Caminhos Para Direito \u00e0 Cidade e \u00e0 Moradia - RioOnWatch<\/title>\n<meta name=\"robots\" content=\"index, follow, max-snippet:-1, max-image-preview:large, max-video-preview:-1\" \/>\n<link rel=\"canonical\" href=\"https:\/\/rioonwatch.org.br\/?p=80406\" \/>\n<meta property=\"og:locale\" content=\"pt_BR\" \/>\n<meta property=\"og:type\" content=\"article\" \/>\n<meta property=\"og:title\" content=\"T\u00e9cnica Aliada \u00e0 Vida: 1\u00ba Encontro Nacional de Arquitetura Comunit\u00e1ria Aponta Protagonismo Feminino e Pot\u00eancia da Luta Coletiva Como Caminhos Para Direito \u00e0 Cidade e \u00e0 Moradia - RioOnWatch\" \/>\n<meta property=\"og:description\" content=\"Click Here for English Entre 11 e 14 de novembro de 2025, realizou-se o 1\u00ba Encontro Nacional de Arquitetura Comunit\u00e1ria (ENAC) na Faculdade de Arquitetura e Urbanismo (FAU) e no Instituto de Filosofia e Ci\u00eancias [...]\" \/>\n<meta property=\"og:url\" content=\"https:\/\/rioonwatch.org.br\/?p=80406\" \/>\n<meta property=\"og:site_name\" content=\"RioOnWatch\" \/>\n<meta property=\"article:published_time\" content=\"2025-11-23T16:11:18+00:00\" \/>\n<meta property=\"article:modified_time\" content=\"2026-01-08T15:24:34+00:00\" \/>\n<meta property=\"og:image\" content=\"https:\/\/rioonwatch.org.br\/wp-content\/uploads\/2025\/11\/Mesa-redonda-do-ultimo-dia-do-ENAC-com-a-bandeira-do-Movimento-Nacional-de-Luta-pela-Moradia-MNLM.-Foto-Aline-Marieta-scaled.jpg.png\" \/>\n\t<meta property=\"og:image:width\" content=\"1920\" \/>\n\t<meta property=\"og:image:height\" content=\"822\" \/>\n\t<meta property=\"og:image:type\" content=\"image\/png\" \/>\n<meta name=\"author\" content=\"Julio Santos Filho\" \/>\n<meta name=\"twitter:card\" content=\"summary_large_image\" \/>\n<meta name=\"twitter:label1\" content=\"Escrito por\" \/>\n\t<meta name=\"twitter:data1\" content=\"Julio Santos Filho\" \/>\n\t<meta name=\"twitter:label2\" content=\"Est. tempo de leitura\" \/>\n\t<meta name=\"twitter:data2\" content=\"11 minutos\" \/>\n<script type=\"application\/ld+json\" class=\"yoast-schema-graph\">{\"@context\":\"https:\/\/schema.org\",\"@graph\":[{\"@type\":\"Article\",\"@id\":\"https:\/\/rioonwatch.org.br\/?p=80406#article\",\"isPartOf\":{\"@id\":\"https:\/\/rioonwatch.org.br\/?p=80406\"},\"author\":{\"name\":\"Julio Santos Filho\",\"@id\":\"https:\/\/rioonwatch.org.br\/#\/schema\/person\/476bc75767957d3535b65b796667cd36\"},\"headline\":\"T\u00e9cnica Aliada \u00e0 Vida: 1\u00ba Encontro Nacional de Arquitetura Comunit\u00e1ria Aponta Protagonismo Feminino e Pot\u00eancia da Luta Coletiva Como Caminhos Para Direito \u00e0 Cidade e \u00e0 Moradia\",\"datePublished\":\"2025-11-23T16:11:18+00:00\",\"dateModified\":\"2026-01-08T15:24:34+00:00\",\"mainEntityOfPage\":{\"@id\":\"https:\/\/rioonwatch.org.br\/?p=80406\"},\"wordCount\":1841,\"publisher\":{\"@id\":\"https:\/\/rioonwatch.org.br\/#organization\"},\"image\":{\"@id\":\"https:\/\/rioonwatch.org.br\/?p=80406#primaryimage\"},\"thumbnailUrl\":\"https:\/\/rioonwatch.org.br\/wp-content\/uploads\/2025\/11\/Mesa-redonda-do-ultimo-dia-do-ENAC-com-a-bandeira-do-Movimento-Nacional-de-Luta-pela-Moradia-MNLM.-Foto-Aline-Marieta-scaled.jpg.png\",\"keywords\":[\"arquitetura\",\"arquitetura da favela\",\"arquitetura org\u00e2nica\",\"autoconstru\u00e7\u00e3o\",\"Complexo da Mar\u00e9\",\"comunidade x academia\",\"design da favela\",\"design participativo\",\"MNLM\",\"planejamento participativo\",\"UFRJ\",\"universidade\",\"Zona Norte\"],\"articleSection\":[\"#OlhoNaParticipa\u00e7\u00e3o\",\"#OlhoNaUrbaniza\u00e7\u00e3o\",\"#UrbanismoPopular\",\"Cobertura de Eventos\",\"Escrito por Comunicadores Populares\",\"Qualidades da Favela\",\"Sociedade Civil\",\"Solu\u00e7\u00f5es\"],\"inLanguage\":\"pt-BR\"},{\"@type\":\"WebPage\",\"@id\":\"https:\/\/rioonwatch.org.br\/?p=80406\",\"url\":\"https:\/\/rioonwatch.org.br\/?p=80406\",\"name\":\"T\u00e9cnica Aliada \u00e0 Vida: 1\u00ba Encontro Nacional de Arquitetura Comunit\u00e1ria Aponta Protagonismo Feminino e Pot\u00eancia da Luta Coletiva Como Caminhos Para Direito \u00e0 Cidade e \u00e0 Moradia - RioOnWatch\",\"isPartOf\":{\"@id\":\"https:\/\/rioonwatch.org.br\/#website\"},\"primaryImageOfPage\":{\"@id\":\"https:\/\/rioonwatch.org.br\/?p=80406#primaryimage\"},\"image\":{\"@id\":\"https:\/\/rioonwatch.org.br\/?p=80406#primaryimage\"},\"thumbnailUrl\":\"https:\/\/rioonwatch.org.br\/wp-content\/uploads\/2025\/11\/Mesa-redonda-do-ultimo-dia-do-ENAC-com-a-bandeira-do-Movimento-Nacional-de-Luta-pela-Moradia-MNLM.-Foto-Aline-Marieta-scaled.jpg.png\",\"datePublished\":\"2025-11-23T16:11:18+00:00\",\"dateModified\":\"2026-01-08T15:24:34+00:00\",\"breadcrumb\":{\"@id\":\"https:\/\/rioonwatch.org.br\/?p=80406#breadcrumb\"},\"inLanguage\":\"pt-BR\",\"potentialAction\":[{\"@type\":\"ReadAction\",\"target\":[\"https:\/\/rioonwatch.org.br\/?p=80406\"]}]},{\"@type\":\"ImageObject\",\"inLanguage\":\"pt-BR\",\"@id\":\"https:\/\/rioonwatch.org.br\/?p=80406#primaryimage\",\"url\":\"https:\/\/rioonwatch.org.br\/wp-content\/uploads\/2025\/11\/Mesa-redonda-do-ultimo-dia-do-ENAC-com-a-bandeira-do-Movimento-Nacional-de-Luta-pela-Moradia-MNLM.-Foto-Aline-Marieta-scaled.jpg.png\",\"contentUrl\":\"https:\/\/rioonwatch.org.br\/wp-content\/uploads\/2025\/11\/Mesa-redonda-do-ultimo-dia-do-ENAC-com-a-bandeira-do-Movimento-Nacional-de-Luta-pela-Moradia-MNLM.-Foto-Aline-Marieta-scaled.jpg.png\",\"width\":1920,\"height\":822},{\"@type\":\"BreadcrumbList\",\"@id\":\"https:\/\/rioonwatch.org.br\/?p=80406#breadcrumb\",\"itemListElement\":[{\"@type\":\"ListItem\",\"position\":1,\"name\":\"In\u00edcio\",\"item\":\"https:\/\/rioonwatch.org.br\/\"},{\"@type\":\"ListItem\",\"position\":2,\"name\":\"T\u00e9cnica Aliada \u00e0 Vida: 1\u00ba Encontro Nacional de Arquitetura Comunit\u00e1ria Aponta Protagonismo Feminino e Pot\u00eancia da Luta Coletiva Como Caminhos Para Direito \u00e0 Cidade e \u00e0 Moradia\"}]},{\"@type\":\"WebSite\",\"@id\":\"https:\/\/rioonwatch.org.br\/#website\",\"url\":\"https:\/\/rioonwatch.org.br\/\",\"name\":\"RioOnWatch\",\"description\":\"relatos das favelas cariocas\",\"publisher\":{\"@id\":\"https:\/\/rioonwatch.org.br\/#organization\"},\"potentialAction\":[{\"@type\":\"SearchAction\",\"target\":{\"@type\":\"EntryPoint\",\"urlTemplate\":\"https:\/\/rioonwatch.org.br\/?s={search_term_string}\"},\"query-input\":{\"@type\":\"PropertyValueSpecification\",\"valueRequired\":true,\"valueName\":\"search_term_string\"}}],\"inLanguage\":\"pt-BR\"},{\"@type\":\"Organization\",\"@id\":\"https:\/\/rioonwatch.org.br\/#organization\",\"name\":\"RioOnWatch\",\"url\":\"https:\/\/rioonwatch.org.br\/\",\"logo\":{\"@type\":\"ImageObject\",\"inLanguage\":\"pt-BR\",\"@id\":\"https:\/\/rioonwatch.org.br\/#\/schema\/logo\/image\/\",\"url\":\"https:\/\/rioonwatch.org.br\/wp-content\/uploads\/2021\/06\/RioOnWatchcabecalhoPT11anos-2.png\",\"contentUrl\":\"https:\/\/rioonwatch.org.br\/wp-content\/uploads\/2021\/06\/RioOnWatchcabecalhoPT11anos-2.png\",\"width\":779,\"height\":277,\"caption\":\"RioOnWatch\"},\"image\":{\"@id\":\"https:\/\/rioonwatch.org.br\/#\/schema\/logo\/image\/\"}},{\"@type\":\"Person\",\"@id\":\"https:\/\/rioonwatch.org.br\/#\/schema\/person\/476bc75767957d3535b65b796667cd36\",\"name\":\"Julio Santos Filho\",\"image\":{\"@type\":\"ImageObject\",\"inLanguage\":\"pt-BR\",\"@id\":\"https:\/\/rioonwatch.org.br\/#\/schema\/person\/image\/\",\"url\":\"https:\/\/secure.gravatar.com\/avatar\/ca138f7666182a292a8ce4ca14fb81f8?s=96&d=blank&r=g\",\"contentUrl\":\"https:\/\/secure.gravatar.com\/avatar\/ca138f7666182a292a8ce4ca14fb81f8?s=96&d=blank&r=g\",\"caption\":\"Julio Santos Filho\"},\"url\":\"https:\/\/rioonwatch.org.br\/?author=167\"}]}<\/script>\n<!-- \/ Yoast SEO plugin. -->","yoast_head_json":{"title":"T\u00e9cnica Aliada \u00e0 Vida: 1\u00ba Encontro Nacional de Arquitetura Comunit\u00e1ria Aponta Protagonismo Feminino e Pot\u00eancia da Luta Coletiva Como Caminhos Para Direito \u00e0 Cidade e \u00e0 Moradia - RioOnWatch","robots":{"index":"index","follow":"follow","max-snippet":"max-snippet:-1","max-image-preview":"max-image-preview:large","max-video-preview":"max-video-preview:-1"},"canonical":"https:\/\/rioonwatch.org.br\/?p=80406","og_locale":"pt_BR","og_type":"article","og_title":"T\u00e9cnica Aliada \u00e0 Vida: 1\u00ba Encontro Nacional de Arquitetura Comunit\u00e1ria Aponta Protagonismo Feminino e Pot\u00eancia da Luta Coletiva Como Caminhos Para Direito \u00e0 Cidade e \u00e0 Moradia - RioOnWatch","og_description":"Click Here for English Entre 11 e 14 de novembro de 2025, realizou-se o 1\u00ba Encontro Nacional de Arquitetura Comunit\u00e1ria (ENAC) na Faculdade de Arquitetura e Urbanismo (FAU) e no Instituto de Filosofia e Ci\u00eancias [...]","og_url":"https:\/\/rioonwatch.org.br\/?p=80406","og_site_name":"RioOnWatch","article_published_time":"2025-11-23T16:11:18+00:00","article_modified_time":"2026-01-08T15:24:34+00:00","og_image":[{"width":1920,"height":822,"url":"https:\/\/rioonwatch.org.br\/wp-content\/uploads\/2025\/11\/Mesa-redonda-do-ultimo-dia-do-ENAC-com-a-bandeira-do-Movimento-Nacional-de-Luta-pela-Moradia-MNLM.-Foto-Aline-Marieta-scaled.jpg.png","type":"image\/png"}],"author":"Julio Santos Filho","twitter_card":"summary_large_image","twitter_misc":{"Escrito por":"Julio Santos Filho","Est. tempo de leitura":"11 minutos"},"schema":{"@context":"https:\/\/schema.org","@graph":[{"@type":"Article","@id":"https:\/\/rioonwatch.org.br\/?p=80406#article","isPartOf":{"@id":"https:\/\/rioonwatch.org.br\/?p=80406"},"author":{"name":"Julio Santos Filho","@id":"https:\/\/rioonwatch.org.br\/#\/schema\/person\/476bc75767957d3535b65b796667cd36"},"headline":"T\u00e9cnica Aliada \u00e0 Vida: 1\u00ba Encontro Nacional de Arquitetura Comunit\u00e1ria Aponta Protagonismo Feminino e Pot\u00eancia da Luta Coletiva Como Caminhos Para Direito \u00e0 Cidade e \u00e0 Moradia","datePublished":"2025-11-23T16:11:18+00:00","dateModified":"2026-01-08T15:24:34+00:00","mainEntityOfPage":{"@id":"https:\/\/rioonwatch.org.br\/?p=80406"},"wordCount":1841,"publisher":{"@id":"https:\/\/rioonwatch.org.br\/#organization"},"image":{"@id":"https:\/\/rioonwatch.org.br\/?p=80406#primaryimage"},"thumbnailUrl":"https:\/\/rioonwatch.org.br\/wp-content\/uploads\/2025\/11\/Mesa-redonda-do-ultimo-dia-do-ENAC-com-a-bandeira-do-Movimento-Nacional-de-Luta-pela-Moradia-MNLM.-Foto-Aline-Marieta-scaled.jpg.png","keywords":["arquitetura","arquitetura da favela","arquitetura org\u00e2nica","autoconstru\u00e7\u00e3o","Complexo da Mar\u00e9","comunidade x academia","design da favela","design participativo","MNLM","planejamento participativo","UFRJ","universidade","Zona Norte"],"articleSection":["#OlhoNaParticipa\u00e7\u00e3o","#OlhoNaUrbaniza\u00e7\u00e3o","#UrbanismoPopular","Cobertura de Eventos","Escrito por Comunicadores Populares","Qualidades da Favela","Sociedade Civil","Solu\u00e7\u00f5es"],"inLanguage":"pt-BR"},{"@type":"WebPage","@id":"https:\/\/rioonwatch.org.br\/?p=80406","url":"https:\/\/rioonwatch.org.br\/?p=80406","name":"T\u00e9cnica Aliada \u00e0 Vida: 1\u00ba Encontro Nacional de Arquitetura Comunit\u00e1ria Aponta Protagonismo Feminino e Pot\u00eancia da Luta Coletiva Como Caminhos Para Direito \u00e0 Cidade e \u00e0 Moradia - RioOnWatch","isPartOf":{"@id":"https:\/\/rioonwatch.org.br\/#website"},"primaryImageOfPage":{"@id":"https:\/\/rioonwatch.org.br\/?p=80406#primaryimage"},"image":{"@id":"https:\/\/rioonwatch.org.br\/?p=80406#primaryimage"},"thumbnailUrl":"https:\/\/rioonwatch.org.br\/wp-content\/uploads\/2025\/11\/Mesa-redonda-do-ultimo-dia-do-ENAC-com-a-bandeira-do-Movimento-Nacional-de-Luta-pela-Moradia-MNLM.-Foto-Aline-Marieta-scaled.jpg.png","datePublished":"2025-11-23T16:11:18+00:00","dateModified":"2026-01-08T15:24:34+00:00","breadcrumb":{"@id":"https:\/\/rioonwatch.org.br\/?p=80406#breadcrumb"},"inLanguage":"pt-BR","potentialAction":[{"@type":"ReadAction","target":["https:\/\/rioonwatch.org.br\/?p=80406"]}]},{"@type":"ImageObject","inLanguage":"pt-BR","@id":"https:\/\/rioonwatch.org.br\/?p=80406#primaryimage","url":"https:\/\/rioonwatch.org.br\/wp-content\/uploads\/2025\/11\/Mesa-redonda-do-ultimo-dia-do-ENAC-com-a-bandeira-do-Movimento-Nacional-de-Luta-pela-Moradia-MNLM.-Foto-Aline-Marieta-scaled.jpg.png","contentUrl":"https:\/\/rioonwatch.org.br\/wp-content\/uploads\/2025\/11\/Mesa-redonda-do-ultimo-dia-do-ENAC-com-a-bandeira-do-Movimento-Nacional-de-Luta-pela-Moradia-MNLM.-Foto-Aline-Marieta-scaled.jpg.png","width":1920,"height":822},{"@type":"BreadcrumbList","@id":"https:\/\/rioonwatch.org.br\/?p=80406#breadcrumb","itemListElement":[{"@type":"ListItem","position":1,"name":"In\u00edcio","item":"https:\/\/rioonwatch.org.br\/"},{"@type":"ListItem","position":2,"name":"T\u00e9cnica Aliada \u00e0 Vida: 1\u00ba Encontro Nacional de Arquitetura Comunit\u00e1ria Aponta Protagonismo Feminino e Pot\u00eancia da Luta Coletiva Como Caminhos Para Direito \u00e0 Cidade e \u00e0 Moradia"}]},{"@type":"WebSite","@id":"https:\/\/rioonwatch.org.br\/#website","url":"https:\/\/rioonwatch.org.br\/","name":"RioOnWatch","description":"relatos das favelas cariocas","publisher":{"@id":"https:\/\/rioonwatch.org.br\/#organization"},"potentialAction":[{"@type":"SearchAction","target":{"@type":"EntryPoint","urlTemplate":"https:\/\/rioonwatch.org.br\/?s={search_term_string}"},"query-input":{"@type":"PropertyValueSpecification","valueRequired":true,"valueName":"search_term_string"}}],"inLanguage":"pt-BR"},{"@type":"Organization","@id":"https:\/\/rioonwatch.org.br\/#organization","name":"RioOnWatch","url":"https:\/\/rioonwatch.org.br\/","logo":{"@type":"ImageObject","inLanguage":"pt-BR","@id":"https:\/\/rioonwatch.org.br\/#\/schema\/logo\/image\/","url":"https:\/\/rioonwatch.org.br\/wp-content\/uploads\/2021\/06\/RioOnWatchcabecalhoPT11anos-2.png","contentUrl":"https:\/\/rioonwatch.org.br\/wp-content\/uploads\/2021\/06\/RioOnWatchcabecalhoPT11anos-2.png","width":779,"height":277,"caption":"RioOnWatch"},"image":{"@id":"https:\/\/rioonwatch.org.br\/#\/schema\/logo\/image\/"}},{"@type":"Person","@id":"https:\/\/rioonwatch.org.br\/#\/schema\/person\/476bc75767957d3535b65b796667cd36","name":"Julio Santos Filho","image":{"@type":"ImageObject","inLanguage":"pt-BR","@id":"https:\/\/rioonwatch.org.br\/#\/schema\/person\/image\/","url":"https:\/\/secure.gravatar.com\/avatar\/ca138f7666182a292a8ce4ca14fb81f8?s=96&d=blank&r=g","contentUrl":"https:\/\/secure.gravatar.com\/avatar\/ca138f7666182a292a8ce4ca14fb81f8?s=96&d=blank&r=g","caption":"Julio Santos Filho"},"url":"https:\/\/rioonwatch.org.br\/?author=167"}]}},"_links":{"self":[{"href":"https:\/\/rioonwatch.org.br\/index.php?rest_route=\/wp\/v2\/posts\/80406"}],"collection":[{"href":"https:\/\/rioonwatch.org.br\/index.php?rest_route=\/wp\/v2\/posts"}],"about":[{"href":"https:\/\/rioonwatch.org.br\/index.php?rest_route=\/wp\/v2\/types\/post"}],"author":[{"embeddable":true,"href":"https:\/\/rioonwatch.org.br\/index.php?rest_route=\/wp\/v2\/users\/167"}],"replies":[{"embeddable":true,"href":"https:\/\/rioonwatch.org.br\/index.php?rest_route=%2Fwp%2Fv2%2Fcomments&post=80406"}],"version-history":[{"count":23,"href":"https:\/\/rioonwatch.org.br\/index.php?rest_route=\/wp\/v2\/posts\/80406\/revisions"}],"predecessor-version":[{"id":80921,"href":"https:\/\/rioonwatch.org.br\/index.php?rest_route=\/wp\/v2\/posts\/80406\/revisions\/80921"}],"wp:featuredmedia":[{"embeddable":true,"href":"https:\/\/rioonwatch.org.br\/index.php?rest_route=\/wp\/v2\/media\/80506"}],"wp:attachment":[{"href":"https:\/\/rioonwatch.org.br\/index.php?rest_route=%2Fwp%2Fv2%2Fmedia&parent=80406"}],"wp:term":[{"taxonomy":"category","embeddable":true,"href":"https:\/\/rioonwatch.org.br\/index.php?rest_route=%2Fwp%2Fv2%2Fcategories&post=80406"},{"taxonomy":"post_tag","embeddable":true,"href":"https:\/\/rioonwatch.org.br\/index.php?rest_route=%2Fwp%2Fv2%2Ftags&post=80406"},{"taxonomy":"writer","embeddable":true,"href":"https:\/\/rioonwatch.org.br\/index.php?rest_route=%2Fwp%2Fv2%2Fwriter&post=80406"},{"taxonomy":"translator","embeddable":true,"href":"https:\/\/rioonwatch.org.br\/index.php?rest_route=%2Fwp%2Fv2%2Ftranslator&post=80406"},{"taxonomy":"source","embeddable":true,"href":"https:\/\/rioonwatch.org.br\/index.php?rest_route=%2Fwp%2Fv2%2Fsource&post=80406"},{"taxonomy":"ilustrador","embeddable":true,"href":"https:\/\/rioonwatch.org.br\/index.php?rest_route=%2Fwp%2Fv2%2Filustrador&post=80406"},{"taxonomy":"fotografo","embeddable":true,"href":"https:\/\/rioonwatch.org.br\/index.php?rest_route=%2Fwp%2Fv2%2Ffotografo&post=80406"}],"curies":[{"name":"wp","href":"https:\/\/api.w.org\/{rel}","templated":true}]}}