{"id":80425,"date":"2025-11-27T15:35:29","date_gmt":"2025-11-27T18:35:29","guid":{"rendered":"https:\/\/rioonwatch.org.br\/?p=80425"},"modified":"2025-12-15T19:25:32","modified_gmt":"2025-12-15T22:25:32","slug":"retrato-de-uma-favela-centenaria-de-palafitas-a-vila-da-barca-resiste-se-organiza-e-luta-por-saneamento-e-moradia-digna-imagens","status":"publish","type":"post","link":"https:\/\/rioonwatch.org.br\/?p=80425","title":{"rendered":"Retrato de uma Favela Centen\u00e1ria de Palafitas: A Vila da Barca Resiste, Se Organiza e Luta por Saneamento e Moradia Digna [IMAGENS]"},"content":{"rendered":"<figure id=\"attachment_80256\" aria-describedby=\"caption-attachment-80256\" style=\"width: 2560px\" class=\"wp-caption aligncenter\"><a href=\"https:\/\/rioonwatch.org.br\/wp-content\/uploads\/2025\/11\/RioOnWatch-visita-a-Vila-da-Barca-em-Belem-durante-a-COP30-e-a-Cupula-dos-Povos-em-13-de-novembro-de-2025-junto-do-guia-local-Nelson-Lima-Rosa-scaled.jpg\"><img fetchpriority=\"high\" decoding=\"async\" class=\"wp-image-80256 size-full\" title=\"RioOnWatch visita a Vila da Barca, em Bel\u00e9m durante a COP30 e a C\u00fapula dos Povos em 13 de novembro de 2025, junto do guia local Nelson Lima Rosa. Foto: B\u00e1rbara Dias\" src=\"https:\/\/rioonwatch.org.br\/wp-content\/uploads\/2025\/11\/RioOnWatch-visita-a-Vila-da-Barca-em-Belem-durante-a-COP30-e-a-Cupula-dos-Povos-em-13-de-novembro-de-2025-junto-do-guia-local-Nelson-Lima-Rosa-scaled.jpg\" alt=\"RioOnWatch visita a Vila da Barca, em Bel\u00e9m durante a COP30 e a C\u00fapula dos Povos em 13 de novembro de 2025, junto do guia local Nelson Lima Rosa. Foto: B\u00e1rbara Dias\" width=\"2560\" height=\"1709\" srcset=\"https:\/\/rioonwatch.org.br\/wp-content\/uploads\/2025\/11\/RioOnWatch-visita-a-Vila-da-Barca-em-Belem-durante-a-COP30-e-a-Cupula-dos-Povos-em-13-de-novembro-de-2025-junto-do-guia-local-Nelson-Lima-Rosa-scaled.jpg 2560w, https:\/\/rioonwatch.org.br\/wp-content\/uploads\/2025\/11\/RioOnWatch-visita-a-Vila-da-Barca-em-Belem-durante-a-COP30-e-a-Cupula-dos-Povos-em-13-de-novembro-de-2025-junto-do-guia-local-Nelson-Lima-Rosa-620x414.jpg 620w, https:\/\/rioonwatch.org.br\/wp-content\/uploads\/2025\/11\/RioOnWatch-visita-a-Vila-da-Barca-em-Belem-durante-a-COP30-e-a-Cupula-dos-Povos-em-13-de-novembro-de-2025-junto-do-guia-local-Nelson-Lima-Rosa-768x513.jpg 768w, https:\/\/rioonwatch.org.br\/wp-content\/uploads\/2025\/11\/RioOnWatch-visita-a-Vila-da-Barca-em-Belem-durante-a-COP30-e-a-Cupula-dos-Povos-em-13-de-novembro-de-2025-junto-do-guia-local-Nelson-Lima-Rosa-1536x1025.jpg 1536w, https:\/\/rioonwatch.org.br\/wp-content\/uploads\/2025\/11\/RioOnWatch-visita-a-Vila-da-Barca-em-Belem-durante-a-COP30-e-a-Cupula-dos-Povos-em-13-de-novembro-de-2025-junto-do-guia-local-Nelson-Lima-Rosa-2048x1367.jpg 2048w\" sizes=\"(max-width: 2560px) 100vw, 2560px\" \/><\/a><figcaption id=\"caption-attachment-80256\" class=\"wp-caption-text\"><em>RioOnWatch<\/em> visita a Vila da Barca, em Bel\u00e9m durante a COP30 e a C\u00fapula dos Povos em 13 de novembro de 2025. Foto: B\u00e1rbara Dias<\/figcaption><\/figure>\n<p style=\"text-align: right;\"><a href=\"https:\/\/bit.ly\/4aCPoBY\" target=\"_blank\" rel=\"noopener\"><em><strong>Click Here for English<\/strong><\/em><img decoding=\"async\" class=\"alignright wp-image-15790\" src=\"https:\/\/rioonwatch.org.br\/wp-content\/uploads\/2012\/08\/EN-standard-e1439583104716.jpg\" alt=\"\" width=\"20\" height=\"20\" \/><\/a><\/p>\n<p><i data-stringify-type=\"italic\"><a href=\"https:\/\/rioonwatch.org.br\/wp-content\/uploads\/2019\/08\/SDSU.png\" target=\"_blank\" rel=\"noopener\"><img decoding=\"async\" class=\"alignright wp-image-42675\" src=\"https:\/\/rioonwatch.org.br\/wp-content\/uploads\/2019\/08\/SDSU-620x211.png\" sizes=\"(max-width: 200px) 100vw, 200px\" srcset=\"https:\/\/rioonwatch.org.br\/wp-content\/uploads\/2019\/08\/SDSU-620x211.png 620w, https:\/\/rioonwatch.org.br\/wp-content\/uploads\/2019\/08\/SDSU-768x261.png 768w, https:\/\/rioonwatch.org.br\/wp-content\/uploads\/2019\/08\/SDSU-1024x348.png 1024w, https:\/\/rioonwatch.org.br\/wp-content\/uploads\/2019\/08\/SDSU.png 1934w\" alt=\"\" width=\"200\" height=\"68\" \/><\/a>Este artigo faz parte d<\/i><em>e uma <a href=\"https:\/\/bit.ly\/SerieSDSU\" target=\"_blank\" rel=\"noopener noreferrer\">s\u00e9rie<\/a> gerada por uma parceria com o <a href=\"https:\/\/bit.ly\/SDSUDigitalBrazilProject\" target=\"_blank\" rel=\"noopener noreferrer\">Digital Brazil Project<\/a> do <\/em><em><a href=\"http:\/\/bit.ly\/2zcymI6\" target=\"_blank\" rel=\"noopener\">Centro Behner Stiefel de Estudos Brasileiros<\/a> da Universidade Estadual de San Diego na Calif\u00f3rnia, para produzir mat\u00e9rias sobre direitos humanos e justi\u00e7a socioambiental nas favelas.<\/em><\/p>\n<figure id=\"attachment_80283\" aria-describedby=\"caption-attachment-80283\" style=\"width: 500px\" class=\"wp-caption alignright\"><a href=\"https:\/\/rioonwatch.org.br\/wp-content\/uploads\/2025\/11\/Mapa-aereo-da-Vila-da-Barca-localizada-no-bairro-do-Telegrafo-que-integra-a-regiao-central-de-Belem.webp\"><img loading=\"lazy\" decoding=\"async\" class=\"wp-image-80283\" title=\"Mapa a\u00e9reo da Vila da Barca, localizada no bairro do Tel\u00e9grafo, que integra a regi\u00e3o central de Bel\u00e9m. Foto: B\u00e1rbara Dias\" src=\"https:\/\/rioonwatch.org.br\/wp-content\/uploads\/2025\/11\/Mapa-aereo-da-Vila-da-Barca-localizada-no-bairro-do-Telegrafo-que-integra-a-regiao-central-de-Belem.webp\" alt=\"Mapa a\u00e9reo da Vila da Barca, localizada no bairro do Tel\u00e9grafo, que integra a regi\u00e3o central de Bel\u00e9m. Foto: B\u00e1rbara Dias\" width=\"500\" height=\"625\" srcset=\"https:\/\/rioonwatch.org.br\/wp-content\/uploads\/2025\/11\/Mapa-aereo-da-Vila-da-Barca-localizada-no-bairro-do-Telegrafo-que-integra-a-regiao-central-de-Belem.webp 1080w, https:\/\/rioonwatch.org.br\/wp-content\/uploads\/2025\/11\/Mapa-aereo-da-Vila-da-Barca-localizada-no-bairro-do-Telegrafo-que-integra-a-regiao-central-de-Belem-496x620.webp 496w, https:\/\/rioonwatch.org.br\/wp-content\/uploads\/2025\/11\/Mapa-aereo-da-Vila-da-Barca-localizada-no-bairro-do-Telegrafo-que-integra-a-regiao-central-de-Belem-768x961.webp 768w\" sizes=\"(max-width: 500px) 100vw, 500px\" \/><\/a><figcaption id=\"caption-attachment-80283\" class=\"wp-caption-text\">Mapa a\u00e9reo da Vila da Barca, localizada no bairro do Tel\u00e9grafo, que integra a regi\u00e3o central de Bel\u00e9m. <a href=\"https:\/\/www.instagram.com\/p\/DNWYgnNOHE8\/?igsh=N2hhZzRsbDhjcm80&amp;img_index=2\">Fonte<\/a>: Luiz Henrique Gusm\u00e3o<\/figcaption><\/figure>\n<p><em>Em novembro de 2025, RioOnWatch esteve em <a href=\"https:\/\/bit.ly\/2FeqfhV\" target=\"_blank\" rel=\"noopener\">Bel\u00e9m<\/a> do <a href=\"https:\/\/bit.ly\/38k3fQb\" target=\"_blank\" rel=\"noopener\">Par\u00e1<\/a> durante as atividades da 30\u00aa Confer\u00eancia das Partes (<a href=\"https:\/\/cop30.br\/pt-br\" target=\"_blank\" rel=\"noopener\">COP30<\/a>) da UNFCCC (Conven\u00e7\u00e3o das Na\u00e7\u00f5es Unidas sobre Mudan\u00e7a do Clima) e da <a href=\"https:\/\/cupuladospovoscop30.org\/\" target=\"_blank\" rel=\"noopener\">C\u00fapula dos Povos<\/a>. Entre as \u00e1reas oficiais da confer\u00eancia (denominadas <a href=\"https:\/\/bit.ly\/3LDaXrU\" target=\"_blank\" rel=\"noopener\">Green Zone e Blue Zone<\/a>), vieram em massa nesta COP representantes de aldeias e na\u00e7\u00f5es ind\u00edgenas, comunidades ribeirinhas, quilombos e favelas amaz\u00f4nidas, comunidades impactadas por grandes empreendimentos, movimentos sociais nacionais e internacionais ja impactados por eventos clim\u00e1ticos extremos, que <\/em><em>fornecem tecnologias e saberes ancestrais adaptativos, <a href=\"https:\/\/bit.ly\/3GYhUkT\" target=\"_blank\" rel=\"noopener\">ensinando ao mundo<\/a> li\u00e7\u00f5es valiosas sobre <a href=\"https:\/\/bit.ly\/4pagkNy\" target=\"_blank\" rel=\"noopener\">resili\u00eancia clim\u00e1tica<\/a> em meio \u00e0 luta por <a href=\"https:\/\/bit.ly\/SerieJusticaHidrica\" target=\"_blank\" rel=\"noopener\">justi\u00e7a h\u00eddrica<\/a>, <a href=\"https:\/\/bit.ly\/3pw2w2b\" target=\"_blank\" rel=\"noopener\">saneamento<\/a> e <a href=\"https:\/\/bit.ly\/DireitoAMoradiaNoROW\" target=\"_blank\" rel=\"noopener\">direito \u00e0 moradia digna<\/a>. Por isso, RioOnWatch visitou, entre outras baixadas\u2014<a href=\"https:\/\/bit.ly\/3sfwmy2\" target=\"_blank\" rel=\"noopener\">termo usado<\/a> em Bel\u00e9m para denominar suas favelas\u2014a <a href=\"https:\/\/bit.ly\/47YvWgn\" target=\"_blank\" rel=\"noopener\">Vila da Barca<\/a>, no bairro do Tel\u00e9grafo, na Zona Central da capital paraense.<\/em><\/p>\n<p>Documentos e relatos de moradores d\u00e3o conta de que h\u00e1 pelo menos 100 anos a Vila da Barca, uma <a href=\"https:\/\/bit.ly\/3QzGo6x\" target=\"_blank\" rel=\"noopener\">das maiores comunidades<\/a> sobre palafitas da Am\u00e9rica Latina, \u00e0s margens da <a href=\"https:\/\/bit.ly\/3MhWBe5\" target=\"_blank\" rel=\"noopener\">Baia do Guajar\u00e1<\/a>, em Bel\u00e9m, no estado do Par\u00e1.<\/p>\n<p>O <a href=\"https:\/\/bit.ly\/4r3hcFr\">Museu Memorial Vila da Barca<\/a>, com base em pesquisas historiogr\u00e1ficas, defende que, em meio \u00e0 expans\u00e3o econ\u00f4mica da cidade de Bel\u00e9m, devido ao <a href=\"https:\/\/bit.ly\/49Uvan1\" target=\"_blank\" rel=\"noopener\">ciclo da borracha<\/a>, a \u00e1rea onde hoje fica a comunidade come\u00e7ou a ser ocupada na d\u00e9cada de 1910. Outras fontes, no entanto, defendem que a Vila da Barca \u00e9 ainda mais antiga.<\/p>\n<p>Apesar de ser conhecida por suas atuais 543 palafitas, onde moram 1.400 fam\u00edlias, moradores dizem que os fundadores da Vila da Barca constru\u00edram suas casas em terra firme. Em algum momento, uma fam\u00edlia rec\u00e9m chegada come\u00e7ou a morar em um barco abandonado \u00e0 beira do rio. Ent\u00e3o, outras pessoas, vendo essa possibilidade, come\u00e7aram tamb\u00e9m a construir suas moradias sobre a mar\u00e9, como em outras comunidades de palafitas pelo Brasil e o mundo, como foi o caso hist\u00f3rico do <a href=\"https:\/\/rioonwatch.org.br\/?p=79506\">Complexo da Mar\u00e9<\/a> no Rio de Janeiro.<\/p>\n<figure id=\"attachment_80278\" aria-describedby=\"caption-attachment-80278\" style=\"width: 2560px\" class=\"wp-caption aligncenter\"><a href=\"https:\/\/rioonwatch.org.br\/wp-content\/uploads\/2025\/11\/Na-regiao-do-porto-nas-palafitas-da-Vila-da-Barca-segundo-liderancas-mais-nove-palafitas-serao-removidas-a-principio-para-infraestrutura-publica-scaled.jpg\"><img loading=\"lazy\" decoding=\"async\" class=\"wp-image-80278 size-full\" title=\"A regi\u00e3o do porto das palafitas da Vila da Barca. Foto: B\u00e1rbara Dias\" src=\"https:\/\/rioonwatch.org.br\/wp-content\/uploads\/2025\/11\/Na-regiao-do-porto-nas-palafitas-da-Vila-da-Barca-segundo-liderancas-mais-nove-palafitas-serao-removidas-a-principio-para-infraestrutura-publica-scaled.jpg\" alt=\"A regi\u00e3o do porto das palafitas da Vila da Barca. Foto: B\u00e1rbara Dias\" width=\"2560\" height=\"1709\" srcset=\"https:\/\/rioonwatch.org.br\/wp-content\/uploads\/2025\/11\/Na-regiao-do-porto-nas-palafitas-da-Vila-da-Barca-segundo-liderancas-mais-nove-palafitas-serao-removidas-a-principio-para-infraestrutura-publica-scaled.jpg 2560w, https:\/\/rioonwatch.org.br\/wp-content\/uploads\/2025\/11\/Na-regiao-do-porto-nas-palafitas-da-Vila-da-Barca-segundo-liderancas-mais-nove-palafitas-serao-removidas-a-principio-para-infraestrutura-publica-620x414.jpg 620w, https:\/\/rioonwatch.org.br\/wp-content\/uploads\/2025\/11\/Na-regiao-do-porto-nas-palafitas-da-Vila-da-Barca-segundo-liderancas-mais-nove-palafitas-serao-removidas-a-principio-para-infraestrutura-publica-768x513.jpg 768w, https:\/\/rioonwatch.org.br\/wp-content\/uploads\/2025\/11\/Na-regiao-do-porto-nas-palafitas-da-Vila-da-Barca-segundo-liderancas-mais-nove-palafitas-serao-removidas-a-principio-para-infraestrutura-publica-1536x1025.jpg 1536w, https:\/\/rioonwatch.org.br\/wp-content\/uploads\/2025\/11\/Na-regiao-do-porto-nas-palafitas-da-Vila-da-Barca-segundo-liderancas-mais-nove-palafitas-serao-removidas-a-principio-para-infraestrutura-publica-2048x1367.jpg 2048w\" sizes=\"(max-width: 2560px) 100vw, 2560px\" \/><\/a><figcaption id=\"caption-attachment-80278\" class=\"wp-caption-text\">A regi\u00e3o do porto das palafitas da Vila da Barca. Foto: B\u00e1rbara Dias<\/figcaption><\/figure>\n<p><a href=\"https:\/\/bit.ly\/3QDXWxd\" target=\"_blank\" rel=\"noopener\">Gerson Bruno<\/a>, coordenador geral da Associa\u00e7\u00e3o dos Moradores da Vila da Barca (<a href=\"https:\/\/bit.ly\/3SkJ0qd\" target=\"_blank\" rel=\"noopener\">AMVB<\/a>) descreve a hist\u00f3ria e luta da comunidade.<\/p>\n<blockquote><p>\u201cAs palafitas na Vila da Barca s\u00e3o compostas na sua origem por ribeirinhos e pessoas do interior que vieram em busca de ter seu sustento na cidade grande&#8230; Na nossa comunidade, a gente tem um museu memorial, que criamos <a href=\"https:\/\/bit.ly\/49cyk2D\">atrav\u00e9s de um edital<\/a> da Lei Aldir Blanc, para deixar registrado para as pr\u00f3ximas gera\u00e7\u00f5es a hist\u00f3ria da Vila, como ela surgiu, as lutas por \u00e1gua\u2026 T\u00ednhamos que carregar a \u00e1gua na cabe\u00e7a.\u201d \u2014 Gerson Bruno<\/p><\/blockquote>\n<p>Em 2007 foi lan\u00e7ado o <a href=\"https:\/\/bit.ly\/4828SgI\" target=\"_blank\" rel=\"noopener\">Programa Palafita Zero<\/a>, para construir moradias do <a href=\"https:\/\/rioonwatch.org.br\/?tag=minha-casa-minha-vida\">Minha Casa Minha Vida<\/a> (MCMV) e assim reassentar moradores das palafitas. O <a href=\"https:\/\/bit.ly\/3K4FeiP\" target=\"_blank\" rel=\"noopener\">preconceito contra as favelas<\/a> e baixadas faz com que as fam\u00edlias que moram em palafitas sejam estigmatizadas. [No entanto, \u00e9 importante destacar que as palafitas <a href=\"https:\/\/world.thaipbs.or.th\/detail\/56841\">s\u00e3o urbanizadas e usadas ao redor do mundo<\/a>, para prover <a href=\"https:\/\/en.wikipedia.org\/wiki\/Stilt_house\">moradia em \u00e1reas alagadi\u00e7as<\/a>.]<\/p>\n<figure id=\"attachment_80281\" aria-describedby=\"caption-attachment-80281\" style=\"width: 2560px\" class=\"wp-caption aligncenter\"><a href=\"https:\/\/rioonwatch.org.br\/wp-content\/uploads\/2025\/11\/Vila-da-Barca-e-a-maior-favela-sobre-palafitas-de-Belem-capital-do-estado-do-Para.-Foto-Barbara-Dias-scaled.jpg\"><img loading=\"lazy\" decoding=\"async\" class=\"wp-image-80281 size-full\" title=\"Vila da Barca \u00e9 a maior favela sobre palafitas de Bel\u00e9m, capital do estado do Par\u00e1. Foto: B\u00e1rbara Dias\" src=\"https:\/\/rioonwatch.org.br\/wp-content\/uploads\/2025\/11\/Vila-da-Barca-e-a-maior-favela-sobre-palafitas-de-Belem-capital-do-estado-do-Para.-Foto-Barbara-Dias-scaled.jpg\" alt=\"Vila da Barca \u00e9 a maior favela sobre palafitas de Bel\u00e9m, capital do estado do Par\u00e1. Foto: B\u00e1rbara Dias\" width=\"2560\" height=\"1707\" srcset=\"https:\/\/rioonwatch.org.br\/wp-content\/uploads\/2025\/11\/Vila-da-Barca-e-a-maior-favela-sobre-palafitas-de-Belem-capital-do-estado-do-Para.-Foto-Barbara-Dias-scaled.jpg 2560w, https:\/\/rioonwatch.org.br\/wp-content\/uploads\/2025\/11\/Vila-da-Barca-e-a-maior-favela-sobre-palafitas-de-Belem-capital-do-estado-do-Para.-Foto-Barbara-Dias-620x413.jpg 620w, https:\/\/rioonwatch.org.br\/wp-content\/uploads\/2025\/11\/Vila-da-Barca-e-a-maior-favela-sobre-palafitas-de-Belem-capital-do-estado-do-Para.-Foto-Barbara-Dias-768x512.jpg 768w, https:\/\/rioonwatch.org.br\/wp-content\/uploads\/2025\/11\/Vila-da-Barca-e-a-maior-favela-sobre-palafitas-de-Belem-capital-do-estado-do-Para.-Foto-Barbara-Dias-1536x1024.jpg 1536w, https:\/\/rioonwatch.org.br\/wp-content\/uploads\/2025\/11\/Vila-da-Barca-e-a-maior-favela-sobre-palafitas-de-Belem-capital-do-estado-do-Para.-Foto-Barbara-Dias-2048x1366.jpg 2048w\" sizes=\"(max-width: 2560px) 100vw, 2560px\" \/><\/a><figcaption id=\"caption-attachment-80281\" class=\"wp-caption-text\">Vila da Barca \u00e9 a maior favela sobre palafitas de Bel\u00e9m, capital do estado do Par\u00e1. Foto: B\u00e1rbara Dias<\/figcaption><\/figure>\n<p>H\u00e1 oito anos moradores denunciaram o <a href=\"https:\/\/bit.ly\/474EPCL\" target=\"_blank\" rel=\"noopener\">descaso de v\u00e1rios governos locais<\/a> na implementa\u00e7\u00e3o do Programa Palafita Zero, que ainda n\u00e3o havia sido realizado. At\u00e9 hoje, 18 anos depois, aos poucos, as obras vem acontecendo.<\/p>\n<blockquote><p>\u201cO projeto habitacional [Programa Palafita Zero] teve tanto desleixo com a gente, que, na \u00faltima gest\u00e3o municipal, eles simplesmente reduziram as metas e cortaram o projeto no meio e disseram: \u2018olha, a partir de hoje, s\u00f3 essas fam\u00edlias v\u00e3o ter direito. Essas outras n\u00e3o v\u00e3o ter\u2019&#8230; [Aqui hoje \u00e9] um dos metros quadrados mais caros de Bel\u00e9m. A gente vive uma press\u00e3o muito grande para sair. [Mas] temos muito a quest\u00e3o do <a href=\"https:\/\/bit.ly\/2Xgzmbx\" target=\"_blank\" rel=\"noopener\">pertencimento<\/a>\u2026 N\u00e3o aceitamos a retirada de nenhum morador da Vila para um conjunto habitacional [fora], s\u00f3 para o mesmo local.\u201d \u2014 Gerson Bruno<\/p><\/blockquote>\n<figure id=\"attachment_80264\" aria-describedby=\"caption-attachment-80264\" style=\"width: 2560px\" class=\"wp-caption aligncenter\"><a href=\"https:\/\/rioonwatch.org.br\/wp-content\/uploads\/2025\/11\/Moradia-na-Vila-da-Barca-mostrando-que-palafitas-podem-ser-muito-bem-cuidadas-higienicas-bonitas-e-funcionais.-No-entanto-sem-justica-hidrica-nad-scaled.jpg\"><img loading=\"lazy\" decoding=\"async\" class=\"wp-image-80264 size-full\" title=\"Interior de uma casa em palafitas na Vila da Barca. Foto: B\u00e1rbara Dias\" src=\"https:\/\/rioonwatch.org.br\/wp-content\/uploads\/2025\/11\/Moradia-na-Vila-da-Barca-mostrando-que-palafitas-podem-ser-muito-bem-cuidadas-higienicas-bonitas-e-funcionais.-No-entanto-sem-justica-hidrica-nad-scaled.jpg\" alt=\"Interior de uma casa em palafitas na Vila da Barca. Foto: B\u00e1rbara Dias\" width=\"2560\" height=\"1709\" srcset=\"https:\/\/rioonwatch.org.br\/wp-content\/uploads\/2025\/11\/Moradia-na-Vila-da-Barca-mostrando-que-palafitas-podem-ser-muito-bem-cuidadas-higienicas-bonitas-e-funcionais.-No-entanto-sem-justica-hidrica-nad-scaled.jpg 2560w, https:\/\/rioonwatch.org.br\/wp-content\/uploads\/2025\/11\/Moradia-na-Vila-da-Barca-mostrando-que-palafitas-podem-ser-muito-bem-cuidadas-higienicas-bonitas-e-funcionais.-No-entanto-sem-justica-hidrica-nad-620x414.jpg 620w, https:\/\/rioonwatch.org.br\/wp-content\/uploads\/2025\/11\/Moradia-na-Vila-da-Barca-mostrando-que-palafitas-podem-ser-muito-bem-cuidadas-higienicas-bonitas-e-funcionais.-No-entanto-sem-justica-hidrica-nad-768x513.jpg 768w, https:\/\/rioonwatch.org.br\/wp-content\/uploads\/2025\/11\/Moradia-na-Vila-da-Barca-mostrando-que-palafitas-podem-ser-muito-bem-cuidadas-higienicas-bonitas-e-funcionais.-No-entanto-sem-justica-hidrica-nad-1536x1025.jpg 1536w, https:\/\/rioonwatch.org.br\/wp-content\/uploads\/2025\/11\/Moradia-na-Vila-da-Barca-mostrando-que-palafitas-podem-ser-muito-bem-cuidadas-higienicas-bonitas-e-funcionais.-No-entanto-sem-justica-hidrica-nad-2048x1367.jpg 2048w\" sizes=\"(max-width: 2560px) 100vw, 2560px\" \/><\/a><figcaption id=\"caption-attachment-80264\" class=\"wp-caption-text\">Interior de uma casa em palafitas na Vila da Barca. Foto: B\u00e1rbara Dias<\/figcaption><\/figure>\n<p>Na pr\u00f3pria Amaz\u00f4nia, h\u00e1 comunidades ribeirinhas e at\u00e9 mesmo <a href=\"https:\/\/bit.ly\/4oIJvHS\" target=\"_blank\" rel=\"noopener\">hot\u00e9is de luxo<\/a> constru\u00eddos sobre palafitas. O problema n\u00e3o reside sobre as palafitas em si. Para alguns de seus residentes, as palafitas s\u00e3o um ativo comunit\u00e1rio, uma tecnologia ancestral, uma possibilidade de viver perto da natureza e de seu sustento (no caso dos pescadores), que permite acessar o <a href=\"https:\/\/bit.ly\/3aY4PCT\" target=\"_blank\" rel=\"noopener\">direito \u00e0 cidade<\/a>.<\/p>\n<figure id=\"attachment_80432\" aria-describedby=\"caption-attachment-80432\" style=\"width: 2560px\" class=\"wp-caption aligncenter\"><a href=\"https:\/\/rioonwatch.org.br\/wp-content\/uploads\/2025\/11\/Area-de-passagem-na-Vila-da-Barca-scaled.jpg\"><img loading=\"lazy\" decoding=\"async\" class=\"wp-image-80432 size-full\" title=\"Palafitas na Vila da Barca s\u00e3o feitos de uma diversidade de materiais. Foto: ComCat\" src=\"https:\/\/rioonwatch.org.br\/wp-content\/uploads\/2025\/11\/Area-de-passagem-na-Vila-da-Barca-scaled.jpg\" alt=\"Palafitas na Vila da Barca s\u00e3o feitos de uma diversidade de materiais. Foto: ComCat\" width=\"2560\" height=\"1180\" srcset=\"https:\/\/rioonwatch.org.br\/wp-content\/uploads\/2025\/11\/Area-de-passagem-na-Vila-da-Barca-scaled.jpg 2560w, https:\/\/rioonwatch.org.br\/wp-content\/uploads\/2025\/11\/Area-de-passagem-na-Vila-da-Barca-620x286.jpg 620w, https:\/\/rioonwatch.org.br\/wp-content\/uploads\/2025\/11\/Area-de-passagem-na-Vila-da-Barca-768x354.jpg 768w, https:\/\/rioonwatch.org.br\/wp-content\/uploads\/2025\/11\/Area-de-passagem-na-Vila-da-Barca-1536x708.jpg 1536w, https:\/\/rioonwatch.org.br\/wp-content\/uploads\/2025\/11\/Area-de-passagem-na-Vila-da-Barca-2048x944.jpg 2048w\" sizes=\"(max-width: 2560px) 100vw, 2560px\" \/><\/a><figcaption id=\"caption-attachment-80432\" class=\"wp-caption-text\">Palafitas na Vila da Barca s\u00e3o feitas de uma diversidade de materiais. Foto: ComCat<\/figcaption><\/figure>\n<p>Para estes moradores, o problema \u00e9 a polui\u00e7\u00e3o\u2014do rio sobre o qual as palafitas est\u00e3o instaladas\u2014seja com esgoto n\u00e3o canalizado e tratado devidamente, seja pela contamina\u00e7\u00e3o por outras fontes, como a ind\u00fastria ou lixo que, junto da mar\u00e9, chega e se deposita embaixo das casas.<\/p>\n<figure id=\"attachment_80414\" aria-describedby=\"caption-attachment-80414\" style=\"width: 2048px\" class=\"wp-caption aligncenter\"><a href=\"https:\/\/rioonwatch.org.br\/wp-content\/uploads\/2025\/11\/54922798487_943af9fe79_k.jpg\"><img loading=\"lazy\" decoding=\"async\" class=\"wp-image-80414 size-full\" title=\"Res\u00edduos s\u00f3lidos tomam a parte de baixo das palafitas, trazidas regularmente pelas mar\u00e9s cheias, que atingem a comunidade duas vezes ao dia. Foto: B\u00e1rbara Dias\" src=\"https:\/\/rioonwatch.org.br\/wp-content\/uploads\/2025\/11\/54922798487_943af9fe79_k.jpg\" alt=\"Res\u00edduos s\u00f3lidos tomam a parte de baixo das palafitas, trazidas regularmente pelas mar\u00e9s cheias, que atingem a comunidade duas vezes ao dia. Foto: B\u00e1rbara Dias\" width=\"2048\" height=\"1367\" srcset=\"https:\/\/rioonwatch.org.br\/wp-content\/uploads\/2025\/11\/54922798487_943af9fe79_k.jpg 2048w, https:\/\/rioonwatch.org.br\/wp-content\/uploads\/2025\/11\/54922798487_943af9fe79_k-620x414.jpg 620w, https:\/\/rioonwatch.org.br\/wp-content\/uploads\/2025\/11\/54922798487_943af9fe79_k-768x513.jpg 768w, https:\/\/rioonwatch.org.br\/wp-content\/uploads\/2025\/11\/54922798487_943af9fe79_k-1536x1025.jpg 1536w\" sizes=\"(max-width: 2048px) 100vw, 2048px\" \/><\/a><figcaption id=\"caption-attachment-80414\" class=\"wp-caption-text\">Res\u00edduos s\u00f3lidos tomam a parte de baixo de algumas das palafitas, trazidos regularmente pelas mar\u00e9s cheias, que atingem a comunidade duas vezes ao dia. Segundo a \u00c1guas do Par\u00e1, ser\u00e1 instalada uma ecobarreira ap\u00f3s as obras de saneamento. Foto: B\u00e1rbara Dias<\/figcaption><\/figure>\n<p>Segundo lideran\u00e7as, atualmente nove moradias est\u00e3o sendo removidas da \u00e1rea de palafitas, todas na regi\u00e3o mais vulner\u00e1vel \u00e0 mar\u00e9, e seus moradores ir\u00e3o para os condom\u00ednios do MCMV ao lado, na pr\u00f3pria Vila da Barca. De acordo com o plano do governo, o local onde est\u00e3o hoje essas casas ser\u00e1 aterrado em um certo trecho servir\u00e1 para a constru\u00e7\u00e3o de uma pra\u00e7a.<\/p>\n<figure id=\"attachment_80275\" aria-describedby=\"caption-attachment-80275\" style=\"width: 2560px\" class=\"wp-caption aligncenter\"><a href=\"https:\/\/rioonwatch.org.br\/wp-content\/uploads\/2025\/11\/As-palafitas-mais-vulneraveis-as-mares-mais-distantes-da-terra-perto-do-porto-da-comunidade-serao-removidas.-Darao-lugar-a-pracas-e-ruas-scaled.jpg\"><img loading=\"lazy\" decoding=\"async\" class=\"wp-image-80275 size-full\" title=\"As palafitas mais vulner\u00e1veis \u00e0s mar\u00e9s ser\u00e3o removidas. Foto: B\u00e1rbara Dias\" src=\"https:\/\/rioonwatch.org.br\/wp-content\/uploads\/2025\/11\/As-palafitas-mais-vulneraveis-as-mares-mais-distantes-da-terra-perto-do-porto-da-comunidade-serao-removidas.-Darao-lugar-a-pracas-e-ruas-scaled.jpg\" alt=\"As palafitas mais vulner\u00e1veis \u00e0s mar\u00e9s ser\u00e3o removidas. Foto: B\u00e1rbara Dias\" width=\"2560\" height=\"1709\" srcset=\"https:\/\/rioonwatch.org.br\/wp-content\/uploads\/2025\/11\/As-palafitas-mais-vulneraveis-as-mares-mais-distantes-da-terra-perto-do-porto-da-comunidade-serao-removidas.-Darao-lugar-a-pracas-e-ruas-scaled.jpg 2560w, https:\/\/rioonwatch.org.br\/wp-content\/uploads\/2025\/11\/As-palafitas-mais-vulneraveis-as-mares-mais-distantes-da-terra-perto-do-porto-da-comunidade-serao-removidas.-Darao-lugar-a-pracas-e-ruas-620x414.jpg 620w, https:\/\/rioonwatch.org.br\/wp-content\/uploads\/2025\/11\/As-palafitas-mais-vulneraveis-as-mares-mais-distantes-da-terra-perto-do-porto-da-comunidade-serao-removidas.-Darao-lugar-a-pracas-e-ruas-768x513.jpg 768w, https:\/\/rioonwatch.org.br\/wp-content\/uploads\/2025\/11\/As-palafitas-mais-vulneraveis-as-mares-mais-distantes-da-terra-perto-do-porto-da-comunidade-serao-removidas.-Darao-lugar-a-pracas-e-ruas-1536x1025.jpg 1536w, https:\/\/rioonwatch.org.br\/wp-content\/uploads\/2025\/11\/As-palafitas-mais-vulneraveis-as-mares-mais-distantes-da-terra-perto-do-porto-da-comunidade-serao-removidas.-Darao-lugar-a-pracas-e-ruas-2048x1367.jpg 2048w\" sizes=\"(max-width: 2560px) 100vw, 2560px\" \/><\/a><figcaption id=\"caption-attachment-80275\" class=\"wp-caption-text\">As palafitas mais vulner\u00e1veis \u00e0s mar\u00e9s ser\u00e3o removidas. Foto: B\u00e1rbara Dias<\/figcaption><\/figure>\n<p>No entanto, a maioria das palafitas permanecer\u00e3o, e atualmente est\u00e3o recebendo, junto da comunidade como um todo, investimentos p\u00fablicos em saneamento: tanto abastecimento de \u00e1gua quanto esgotamento sanit\u00e1rio, pela concession\u00e1ria privada <a href=\"https:\/\/www.aguasdopara.com.br\/\">\u00c1guas do Par\u00e1<\/a>. Conforme indicado na placa abaixo, 1.400 resid\u00eancias est\u00e3o contempladas, beneficiando 5.000 moradores.<\/p>\n<figure id=\"attachment_80405\" aria-describedby=\"caption-attachment-80405\" style=\"width: 2048px\" class=\"wp-caption aligncenter\"><a href=\"https:\/\/rioonwatch.org.br\/wp-content\/uploads\/2025\/11\/Placa-na-frente-das-obras-na-Vila-da-Barca.jpg\"><img loading=\"lazy\" decoding=\"async\" class=\"wp-image-80405 size-full\" src=\"https:\/\/rioonwatch.org.br\/wp-content\/uploads\/2025\/11\/Placa-na-frente-das-obras-na-Vila-da-Barca.jpg\" alt=\"\" width=\"2048\" height=\"1367\" srcset=\"https:\/\/rioonwatch.org.br\/wp-content\/uploads\/2025\/11\/Placa-na-frente-das-obras-na-Vila-da-Barca.jpg 2048w, https:\/\/rioonwatch.org.br\/wp-content\/uploads\/2025\/11\/Placa-na-frente-das-obras-na-Vila-da-Barca-620x414.jpg 620w, https:\/\/rioonwatch.org.br\/wp-content\/uploads\/2025\/11\/Placa-na-frente-das-obras-na-Vila-da-Barca-768x513.jpg 768w, https:\/\/rioonwatch.org.br\/wp-content\/uploads\/2025\/11\/Placa-na-frente-das-obras-na-Vila-da-Barca-1536x1025.jpg 1536w\" sizes=\"(max-width: 2048px) 100vw, 2048px\" \/><\/a><figcaption id=\"caption-attachment-80405\" class=\"wp-caption-text\">Placa do programa da \u00c1guas do Par\u00e1 indica que 5000 moradores ser\u00e3o beneficiados com \u00e1gua e esgoto. Foto: B\u00e1rbara Dias<\/figcaption><\/figure>\n<figure id=\"attachment_80408\" aria-describedby=\"caption-attachment-80408\" style=\"width: 300px\" class=\"wp-caption alignright\"><a href=\"https:\/\/rioonwatch.org.br\/wp-content\/uploads\/2025\/11\/Canos-antigos-de-abastecimento-de-agua-ja-desativados.jpg\"><img loading=\"lazy\" decoding=\"async\" class=\"wp-image-80408\" src=\"https:\/\/rioonwatch.org.br\/wp-content\/uploads\/2025\/11\/Canos-antigos-de-abastecimento-de-agua-ja-desativados.jpg\" alt=\"Canos antigos de abastecimento de a\u0301gua ja\u0301 desativados\" width=\"300\" height=\"218\" srcset=\"https:\/\/rioonwatch.org.br\/wp-content\/uploads\/2025\/11\/Canos-antigos-de-abastecimento-de-agua-ja-desativados.jpg 1858w, https:\/\/rioonwatch.org.br\/wp-content\/uploads\/2025\/11\/Canos-antigos-de-abastecimento-de-agua-ja-desativados-620x451.jpg 620w, https:\/\/rioonwatch.org.br\/wp-content\/uploads\/2025\/11\/Canos-antigos-de-abastecimento-de-agua-ja-desativados-768x558.jpg 768w, https:\/\/rioonwatch.org.br\/wp-content\/uploads\/2025\/11\/Canos-antigos-de-abastecimento-de-agua-ja-desativados-1536x1117.jpg 1536w\" sizes=\"(max-width: 300px) 100vw, 300px\" \/><\/a><figcaption id=\"caption-attachment-80408\" class=\"wp-caption-text\">Tubula\u00e7\u00f5es antigas de abastecimento de a\u0301gua ja\u0301 desativados. Foto: ComCat<\/figcaption><\/figure>\n<p>Em Manaus, o <a href=\"https:\/\/bit.ly\/44aQfFY\" target=\"_blank\" rel=\"noopener\">Beco Nonato<\/a>, localizado no bairro Cachoeirinha, na Zona Sul da capital amazonense, foi a <a href=\"https:\/\/bit.ly\/3JBq4S9\" target=\"_blank\" rel=\"noopener\">primeira favela de palafitas<\/a> no Brasil a receber <a href=\"https:\/\/bit.ly\/4i13MWx\" target=\"_blank\" rel=\"noopener\">\u00e1gua tratada e rede de coleta de esgoto<\/a> pela concession\u00e1ria destes servi\u00e7os. J\u00e1 em Santos, <a href=\"https:\/\/bit.ly\/47Z1jHq\" target=\"_blank\" rel=\"noopener\">no Parque Palafitas<\/a>, houve, al\u00e9m de obras de infraestrutura de \u00e1gua e esgoto, obras de melhorias nas edifica\u00e7\u00f5es e de preserva\u00e7\u00e3o, tanto a n\u00edvel material, quanto a n\u00edvel cultural. Inclusive, com a constru\u00e7\u00e3o de unidades em conjuntos habitacionais no estilo palafita, com materiais culturalmente apropriados para tal.<\/p>\n<p>Durante a visita do <em>RioOnWatch<\/em> \u00e0 Vila da Barca, constatamos o al\u00edvio de moradores com a instala\u00e7\u00e3o do sistema de abastecimento de \u00e1gua sendo realizado no local. As tubula\u00e7\u00f5es antigas utilizados pelos moradores, que ficavam na superf\u00edcie da areia, a maior parte do dia submersos na \u00e1gua do rio e consequentemente proporcionando \u00e1gua contaminada, hoje est\u00e3o desativadas. Ao realizar o sistema apropriado, a concession\u00e1ria retira as madeiras pintadas de azul caracter\u00edsticas das passagens da comunidade, e instala tubula\u00e7\u00f5es novas, logo abaixo da passagem, conectando-os aos hidr\u00f4metros rec\u00e9m instalados. Em seguida, reinstala a passagem com madeiras novamente pintadas.<\/p>\n<p>Ouvimos Nelson Lima Rosa, 43 anos, morador e lideran\u00e7a da Vila da Barca.<\/p>\n<blockquote>\n<figure id=\"attachment_80410\" aria-describedby=\"caption-attachment-80410\" style=\"width: 300px\" class=\"wp-caption alignright\"><a href=\"https:\/\/rioonwatch.org.br\/wp-content\/uploads\/2025\/11\/Hidrometro-instalado-na-area-das-palafitas.jpg\"><img loading=\"lazy\" decoding=\"async\" class=\"wp-image-80410\" title=\"Hidr\u00f4metro rec\u00e9m-instalado nas palafitas da Vila da Barca. Foto: ComCat\" src=\"https:\/\/rioonwatch.org.br\/wp-content\/uploads\/2025\/11\/Hidrometro-instalado-na-area-das-palafitas.jpg\" alt=\"Hidr\u00f4metro rec\u00e9m-instalado nas palafitas da Vila da Barca. Foto: ComCat\" width=\"300\" height=\"213\" srcset=\"https:\/\/rioonwatch.org.br\/wp-content\/uploads\/2025\/11\/Hidrometro-instalado-na-area-das-palafitas.jpg 1884w, https:\/\/rioonwatch.org.br\/wp-content\/uploads\/2025\/11\/Hidrometro-instalado-na-area-das-palafitas-620x441.jpg 620w, https:\/\/rioonwatch.org.br\/wp-content\/uploads\/2025\/11\/Hidrometro-instalado-na-area-das-palafitas-768x546.jpg 768w, https:\/\/rioonwatch.org.br\/wp-content\/uploads\/2025\/11\/Hidrometro-instalado-na-area-das-palafitas-1536x1092.jpg 1536w\" sizes=\"(max-width: 300px) 100vw, 300px\" \/><\/a><figcaption id=\"caption-attachment-80410\" class=\"wp-caption-text\">Hidr\u00f4metro rec\u00e9m-instalado nas palafitas da Vila da Barca \u00e9 utilizado pela concession\u00e1ria para controle do volume de \u00e1gua. Moradores s\u00e3o cobrados a tarifa social. Foto: ComCat<\/figcaption><\/figure>\n<p>&#8220;Em uma audi\u00eancia p\u00fablica com o governador, lideran\u00e7as da Vila da Barca disseram pro governador: &#8216;Vai, bebe essa \u00e1gua, a\u00ed!&#8217;. Desafiaram o governador a beber a \u00e1gua da comunidade. Ele n\u00e3o bebeu&#8230; Depois das obras a quantidade de pessoas doentes diminuiu muito&#8230; Os canos eram muito finos, entrava \u00e1gua da mar\u00e9 e de esgoto sempre&#8230; os canos das moradias eram aterrados embaixo da areia, do lodo e do lixo ou, \u00e0s vezes, passava por cima do ch\u00e3o&#8230; Qualquer rachadura no cano fazia os moradores beberem \u00e1gua e tomarem banho com \u00e1gua contaminada.&#8221; \u2014 Nelson Lima Rosa<\/p><\/blockquote>\n<p>A obra que a \u00c1guas do Par\u00e1 est\u00e1 realizando inutiliza o prec\u00e1rio sistema anterior junto ao assoalho do rio, e eleva as tubula\u00e7\u00f5es, de \u00e1gua e esgoto, acoplando-as \u00e0 parte de baixo das passagens de madeira. Antes, tubula\u00e7\u00f5es finas de PVC que rachavam com a exposi\u00e7\u00e3o cont\u00ednua a sol e chuva, com o contato direto com poluentes, esgoto e animais, foram substitu\u00eddos por tubula\u00e7\u00f5es mais grossas, menos suscet\u00edveis a rachaduras.<\/p>\n<figure id=\"attachment_80285\" aria-describedby=\"caption-attachment-80285\" style=\"width: 300px\" class=\"wp-caption alignright\"><a href=\"https:\/\/rioonwatch.org.br\/wp-content\/uploads\/2025\/11\/Obras-visam-diminuir-o-risco-de-alagamentos-em-baixo-de-passagens-de-pedestres.-Foto-Barbara-Dias-scaled.jpg\"><img loading=\"lazy\" decoding=\"async\" class=\"wp-image-80285\" title=\"Obras visam proporcionar \u00e1gua limpa e esgotamento para os moradores das palafitas. Foto: B\u00e1rbara Dias\" src=\"https:\/\/rioonwatch.org.br\/wp-content\/uploads\/2025\/11\/Obras-visam-diminuir-o-risco-de-alagamentos-em-baixo-de-passagens-de-pedestres.-Foto-Barbara-Dias-scaled.jpg\" alt=\"Obras visam proporcionar \u00e1gua limpa e esgotamento para os moradores das palafitas. Foto: B\u00e1rbara Dias\" width=\"300\" height=\"200\" srcset=\"https:\/\/rioonwatch.org.br\/wp-content\/uploads\/2025\/11\/Obras-visam-diminuir-o-risco-de-alagamentos-em-baixo-de-passagens-de-pedestres.-Foto-Barbara-Dias-scaled.jpg 2560w, https:\/\/rioonwatch.org.br\/wp-content\/uploads\/2025\/11\/Obras-visam-diminuir-o-risco-de-alagamentos-em-baixo-de-passagens-de-pedestres.-Foto-Barbara-Dias-620x414.jpg 620w, https:\/\/rioonwatch.org.br\/wp-content\/uploads\/2025\/11\/Obras-visam-diminuir-o-risco-de-alagamentos-em-baixo-de-passagens-de-pedestres.-Foto-Barbara-Dias-768x513.jpg 768w, https:\/\/rioonwatch.org.br\/wp-content\/uploads\/2025\/11\/Obras-visam-diminuir-o-risco-de-alagamentos-em-baixo-de-passagens-de-pedestres.-Foto-Barbara-Dias-1536x1025.jpg 1536w, https:\/\/rioonwatch.org.br\/wp-content\/uploads\/2025\/11\/Obras-visam-diminuir-o-risco-de-alagamentos-em-baixo-de-passagens-de-pedestres.-Foto-Barbara-Dias-2048x1367.jpg 2048w\" sizes=\"(max-width: 300px) 100vw, 300px\" \/><\/a><figcaption id=\"caption-attachment-80285\" class=\"wp-caption-text\">Obras visam proporcionar \u00e1gua limpa e esgotamento para os moradores das palafitas. Foto: B\u00e1rbara Dias<\/figcaption><\/figure>\n<p>Ao colocarem as tubula\u00e7\u00f5es para cima, acoplando-as \u00e0s passarelas, reduzem-se as chances de danos ao encanamento. Outro aspecto \u00e9 que, caso sofram danos, eles ficar\u00e3o mais vis\u00edveis e ser\u00e3o mais facilmente solucionados.<\/p>\n<p>Enquanto isso, a rede de esgoto da \u00e1rea de palafitas se encontra em fase de constru\u00e7\u00e3o, abaixo e em paralelo \u00e0s passarelas azuis.<\/p>\n<figure id=\"attachment_80412\" aria-describedby=\"caption-attachment-80412\" style=\"width: 1884px\" class=\"wp-caption aligncenter\"><a href=\"https:\/\/rioonwatch.org.br\/wp-content\/uploads\/2025\/11\/Esgotamento-das-palafitas-da-Vila-da-Barca-em-fase-de-construcao.jpg\"><img loading=\"lazy\" decoding=\"async\" class=\"wp-image-80412 size-full\" title=\"O sistema de esgoto se encontra em fase de constru\u00e7\u00e3o, abaixo e em paralelo \u00e0s passarelas. Foto: ComCat\" src=\"https:\/\/rioonwatch.org.br\/wp-content\/uploads\/2025\/11\/Esgotamento-das-palafitas-da-Vila-da-Barca-em-fase-de-construcao.jpg\" alt=\"O sistema de esgoto se encontra em fase de constru\u00e7\u00e3o, abaixo e em paralelo \u00e0s passarelas. Foto: ComCat\" width=\"1884\" height=\"1767\" srcset=\"https:\/\/rioonwatch.org.br\/wp-content\/uploads\/2025\/11\/Esgotamento-das-palafitas-da-Vila-da-Barca-em-fase-de-construcao.jpg 1884w, https:\/\/rioonwatch.org.br\/wp-content\/uploads\/2025\/11\/Esgotamento-das-palafitas-da-Vila-da-Barca-em-fase-de-construcao-620x581.jpg 620w, https:\/\/rioonwatch.org.br\/wp-content\/uploads\/2025\/11\/Esgotamento-das-palafitas-da-Vila-da-Barca-em-fase-de-construcao-1599x1500.jpg 1599w, https:\/\/rioonwatch.org.br\/wp-content\/uploads\/2025\/11\/Esgotamento-das-palafitas-da-Vila-da-Barca-em-fase-de-construcao-768x720.jpg 768w, https:\/\/rioonwatch.org.br\/wp-content\/uploads\/2025\/11\/Esgotamento-das-palafitas-da-Vila-da-Barca-em-fase-de-construcao-1536x1441.jpg 1536w\" sizes=\"(max-width: 1884px) 100vw, 1884px\" \/><\/a><figcaption id=\"caption-attachment-80412\" class=\"wp-caption-text\">O sistema de esgoto das palafitas se encontra em fase de constru\u00e7\u00e3o, abaixo e em paralelo \u00e0s passarelas. Foto: ComCat<\/figcaption><\/figure>\n<p>Al\u00e9m das obras da rede de esgoto, funcion\u00e1rios da \u00c1guas do Par\u00e1 realizam algumas obras pontuais de macrodrenagem sob passagens de pedestres para impedir enchentes. Segundo relatos dos pr\u00f3prios funcion\u00e1rios e lideran\u00e7as locais, a maioria s\u00e3o moradores da pr\u00f3pria comunidade.<\/p>\n<figure id=\"attachment_80279\" aria-describedby=\"caption-attachment-80279\" style=\"width: 2560px\" class=\"wp-caption aligncenter\"><a href=\"https:\/\/rioonwatch.org.br\/wp-content\/uploads\/2025\/11\/A-maioria-dos-funcionarios-trabalhando-nas-obras-na-Vila-da-Barca-sao-moradores-da-Vila-da-Barca-scaled.jpg\"><img loading=\"lazy\" decoding=\"async\" class=\"wp-image-80279 size-full\" title=\"A maioria dos funcion\u00e1rios trabalhando nas obras s\u00e3o moradores da pr\u00f3pria Vila da Barca. Foto: B\u00e1rbara Dias\" src=\"https:\/\/rioonwatch.org.br\/wp-content\/uploads\/2025\/11\/A-maioria-dos-funcionarios-trabalhando-nas-obras-na-Vila-da-Barca-sao-moradores-da-Vila-da-Barca-scaled.jpg\" alt=\"A maioria dos funcion\u00e1rios trabalhando nas obras s\u00e3o moradores da pr\u00f3pria Vila da Barca. Foto: B\u00e1rbara Dias\" width=\"2560\" height=\"1709\" srcset=\"https:\/\/rioonwatch.org.br\/wp-content\/uploads\/2025\/11\/A-maioria-dos-funcionarios-trabalhando-nas-obras-na-Vila-da-Barca-sao-moradores-da-Vila-da-Barca-scaled.jpg 2560w, https:\/\/rioonwatch.org.br\/wp-content\/uploads\/2025\/11\/A-maioria-dos-funcionarios-trabalhando-nas-obras-na-Vila-da-Barca-sao-moradores-da-Vila-da-Barca-620x414.jpg 620w, https:\/\/rioonwatch.org.br\/wp-content\/uploads\/2025\/11\/A-maioria-dos-funcionarios-trabalhando-nas-obras-na-Vila-da-Barca-sao-moradores-da-Vila-da-Barca-768x513.jpg 768w, https:\/\/rioonwatch.org.br\/wp-content\/uploads\/2025\/11\/A-maioria-dos-funcionarios-trabalhando-nas-obras-na-Vila-da-Barca-sao-moradores-da-Vila-da-Barca-1536x1025.jpg 1536w, https:\/\/rioonwatch.org.br\/wp-content\/uploads\/2025\/11\/A-maioria-dos-funcionarios-trabalhando-nas-obras-na-Vila-da-Barca-sao-moradores-da-Vila-da-Barca-2048x1367.jpg 2048w\" sizes=\"(max-width: 2560px) 100vw, 2560px\" \/><\/a><figcaption id=\"caption-attachment-80279\" class=\"wp-caption-text\">A maioria dos funcion\u00e1rios trabalhando nas obras s\u00e3o moradores da pr\u00f3pria Vila da Barca. Foto: B\u00e1rbara Dias<\/figcaption><\/figure>\n<p>Moradores v\u00eaem as obras como um avan\u00e7o. H\u00e1 pessoas que, pela primeira vez, passaram a tomar banho de chuveiro, a ter \u00e1gua na torneira. Luiz Claudio da Silva Vera Cruz, 52 anos, morador da \u00e1rea de palafitas da Vila da Barca desde que nasceu, diz que sua fam\u00edlia est\u00e1 l\u00e1 desde que sua av\u00f3 nasceu. Com isso, a fam\u00edlia de Luiz est\u00e1 h\u00e1 cinco gera\u00e7\u00f5es na Vila da Barca.<\/p>\n<p>Seus netos, hoje, moram nos conjuntos de pr\u00e9dios da Vila e v\u00e3o \u00e0s palafitas para visitar o av\u00f4 e brincar.<\/p>\n<blockquote><p>&#8220;Minha av\u00f3 morou 92 anos. Desde que nasceu aqui. Essa comunidade tem mais de cem anos. Antes, eram casas grandes, com bastante espa\u00e7o entre elas. Agora, n\u00e3o tem espa\u00e7o quase, elas est\u00e3o uma bem do lado da outra&#8230; sem espa\u00e7o quase para novas constru\u00e7\u00f5es, a n\u00e3o ser pra cima ou perto do porto, na beira do mar [como, \u00e0s vezes, os moradores chamam o rio].&#8221; \u2014 Luiz Claudio da Silva Vera Cruz<\/p><\/blockquote>\n<figure id=\"attachment_80274\" aria-describedby=\"caption-attachment-80274\" style=\"width: 2560px\" class=\"wp-caption aligncenter\"><a href=\"https:\/\/rioonwatch.org.br\/wp-content\/uploads\/2025\/11\/A-familia-de-Luiz-esta-a-cinco-geracoes-na-Vila-das-Barcas-quatro-delas-morando-nas-palafitas.-Foto-Barbara-Dias-scaled.jpg\"><img loading=\"lazy\" decoding=\"async\" class=\"wp-image-80274 size-full\" title=\"A fam\u00edlia de Luiz Cl\u00e1udio est\u00e1 h\u00e1 cinco gera\u00e7\u00f5es na Vila da Barca, quatro delas morando nas palafitas. Seus netos moram nos conjuntos de pr\u00e9dios da Vila e v\u00e3o \u00e0s palafitas para visitar o av\u00f4 e brincar. Foto: B\u00e1rbara Dias\" src=\"https:\/\/rioonwatch.org.br\/wp-content\/uploads\/2025\/11\/A-familia-de-Luiz-esta-a-cinco-geracoes-na-Vila-das-Barcas-quatro-delas-morando-nas-palafitas.-Foto-Barbara-Dias-scaled.jpg\" alt=\"A fam\u00edlia de Luiz Cl\u00e1udio est\u00e1 h\u00e1 cinco gera\u00e7\u00f5es na Vila da Barca, quatro delas morando nas palafitas. Seus netos moram nos conjuntos de pr\u00e9dios da Vila e v\u00e3o \u00e0s palafitas para visitar o av\u00f4 e brincar. Foto: B\u00e1rbara Dias\" width=\"2560\" height=\"1709\" srcset=\"https:\/\/rioonwatch.org.br\/wp-content\/uploads\/2025\/11\/A-familia-de-Luiz-esta-a-cinco-geracoes-na-Vila-das-Barcas-quatro-delas-morando-nas-palafitas.-Foto-Barbara-Dias-scaled.jpg 2560w, https:\/\/rioonwatch.org.br\/wp-content\/uploads\/2025\/11\/A-familia-de-Luiz-esta-a-cinco-geracoes-na-Vila-das-Barcas-quatro-delas-morando-nas-palafitas.-Foto-Barbara-Dias-620x414.jpg 620w, https:\/\/rioonwatch.org.br\/wp-content\/uploads\/2025\/11\/A-familia-de-Luiz-esta-a-cinco-geracoes-na-Vila-das-Barcas-quatro-delas-morando-nas-palafitas.-Foto-Barbara-Dias-768x513.jpg 768w, https:\/\/rioonwatch.org.br\/wp-content\/uploads\/2025\/11\/A-familia-de-Luiz-esta-a-cinco-geracoes-na-Vila-das-Barcas-quatro-delas-morando-nas-palafitas.-Foto-Barbara-Dias-1536x1025.jpg 1536w, https:\/\/rioonwatch.org.br\/wp-content\/uploads\/2025\/11\/A-familia-de-Luiz-esta-a-cinco-geracoes-na-Vila-das-Barcas-quatro-delas-morando-nas-palafitas.-Foto-Barbara-Dias-2048x1367.jpg 2048w\" sizes=\"(max-width: 2560px) 100vw, 2560px\" \/><\/a><figcaption id=\"caption-attachment-80274\" class=\"wp-caption-text\">A fam\u00edlia de Luiz Cl\u00e1udio est\u00e1 h\u00e1 cinco gera\u00e7\u00f5es na Vila da Barca, quatro delas morando nas palafitas. Seus netos moram nos conjuntos de pr\u00e9dios da Vila e v\u00e3o \u00e0s palafitas para visitar o av\u00f4 e brincar. Foto: B\u00e1rbara Dias<\/figcaption><\/figure>\n<p>Durante a visita a sua casa, Luiz Claudio chamou aten\u00e7\u00e3o para um problema recorrente. Segundo ele, locais de onde pessoas foram removidas para os apartamentos, ao ficaram vazios, foram reocupados por outras fam\u00edlias que precisavam de moradia. Sem uma pol\u00edtica habitacional consistente, esses movimentos espor\u00e1dicos e isolados do poder p\u00fablico acabam sendo de enxugar gelo.<\/p>\n<p>Luiz Claudio, no entanto, se demonstra esperan\u00e7oso com as obras que acontecem em sua baixada.<\/p>\n<blockquote><p>&#8220;Antes, as pessoas tinham que ligar a bomba direto e puxar \u00e1gua pra cima, pra pegar com balde, com caneca&#8230; Muito pouca gente aqui tinha caixa d&#8217;\u00e1gua&#8230; Agora, depois das obras, a \u00e1gua vem direto, com for\u00e7a, o tempo todo.&#8221; \u2014 Luiz Claudio da Silva Vera Cruz<\/p><\/blockquote>\n<p>Ele, apesar de feliz, n\u00e3o esconde sua preocupa\u00e7\u00e3o com o custo que esse acesso vai representar em sua renda familiar.<\/p>\n<blockquote><p>&#8220;Ainda n\u00e3o chegou aquele papel que diz o pre\u00e7o da \u00e1gua. <a href=\"https:\/\/rioonwatch.org.br\/?p=67465\">A luz a gente n\u00e3o paga<\/a>, mas t\u00f4 com medo da <a href=\"https:\/\/rioonwatch.org.br\/?p=72673\">\u00e1gua ficar muito cara<\/a>. \u00c9 bom ter \u00e1gua, mas e se eu n\u00e3o tiver dinheiro pra pagar? Por enquanto eles n\u00e3o t\u00e3o cobrando [al\u00e9m da tarifa social]. Instalaram aquele neg\u00f3cio l\u00e1 fora [os hidr\u00f4metros], mas n\u00e3o cobraram&#8230; j\u00e1 temos um custo [alto] com o material para constru\u00e7\u00e3o de palafitas&#8230; Aquela madeira \u00e9 angelim&#8230; pro ch\u00e3o voc\u00ea precisa de <em>tabuas<\/em> de piso, de outro tipo&#8230; \u00e9 tudo caro!&#8221; \u2014 Luiz Claudio da Silva Vera Cruz<\/p><\/blockquote>\n<p>Palafitas na Vila da Barca t\u00eam diferentes n\u00edveis de vulnerabilidade construtiva e s\u00e3o feitas de uma diversidade de materiais. Por causa dos custos e de sua baixa renda, Luiz Claudio conta que aprendeu com o pai a fazer a manuten\u00e7\u00e3o da palafita. De certa forma, isso proporciona autonomia para que ele adapte sua casa \u00e0 realidade clim\u00e1tica que enfrenta em cada momento, como em casos de cheia, quando afirmou levantar o assoalho de sua casa. No entanto, como outros moradores entrevistados, ele ressoa o sentimento de pertencimento de seus vizinhos.<\/p>\n<blockquote><p>&#8220;Gosto de morar aqui, gosto dessa \u00e1rea, gosto de viver desse jeito. Criei meus filhos aqui.&#8221; \u2014 Luiz Claudio da Silva Vera Cruz<\/p><\/blockquote>\n<figure id=\"attachment_80436\" aria-describedby=\"caption-attachment-80436\" style=\"width: 2560px\" class=\"wp-caption aligncenter\"><a href=\"https:\/\/rioonwatch.org.br\/wp-content\/uploads\/2025\/11\/Moradia-na-Vila-da-Barca-scaled.jpg\"><img loading=\"lazy\" decoding=\"async\" class=\"wp-image-80436 size-full\" title=\"Novas t\u00e1buas de angelim incorporadas na casa de Luiz Cl\u00e1udio, cuja v\u00f3 nasceu e viveu at\u00e9 os 92 anos nas palafitas da Vila da Barca. Foto: ComCat\" src=\"https:\/\/rioonwatch.org.br\/wp-content\/uploads\/2025\/11\/Moradia-na-Vila-da-Barca-scaled.jpg\" alt=\"Novas t\u00e1buas de angelim incorporadas na casa de Luiz Cl\u00e1udio, cuja v\u00f3 nasceu e viveu at\u00e9 os 92 anos nas palafitas da Vila da Barca. Foto: ComCat\" width=\"2560\" height=\"1180\" srcset=\"https:\/\/rioonwatch.org.br\/wp-content\/uploads\/2025\/11\/Moradia-na-Vila-da-Barca-scaled.jpg 2560w, https:\/\/rioonwatch.org.br\/wp-content\/uploads\/2025\/11\/Moradia-na-Vila-da-Barca-620x286.jpg 620w, https:\/\/rioonwatch.org.br\/wp-content\/uploads\/2025\/11\/Moradia-na-Vila-da-Barca-768x354.jpg 768w, https:\/\/rioonwatch.org.br\/wp-content\/uploads\/2025\/11\/Moradia-na-Vila-da-Barca-1536x708.jpg 1536w, https:\/\/rioonwatch.org.br\/wp-content\/uploads\/2025\/11\/Moradia-na-Vila-da-Barca-2048x944.jpg 2048w\" sizes=\"(max-width: 2560px) 100vw, 2560px\" \/><\/a><figcaption id=\"caption-attachment-80436\" class=\"wp-caption-text\">Novas t\u00e1buas de angelim incorporadas na casa de Luiz Cl\u00e1udio, cuja v\u00f3 nasceu e viveu at\u00e9 os 92 anos nas palafitas da Vila da Barca. Foto: ComCat<\/figcaption><\/figure>\n<p>Ao mesmo tempo que gosta de sua vida sobre as palafitas, Luiz Claudio compartilha sua expectativa positiva em rela\u00e7\u00e3o aos apartamentos prometidos pelo governo, dizendo que &#8220;prefiro ir pros apartamentos&#8230; mas eles t\u00e3o demorando muito pra entregar!&#8221;<\/p>\n<p>O plano ainda \u00e9 reassentar v\u00e1rias palafitas. Os novos apartamentos s\u00e3o duplex. No primeiro andar, sala, banheiro, cozinha e uma pequena \u00e1rea de servi\u00e7os a c\u00e9u aberto. Na sala, h\u00e1 uma escada que leva ao segundo andar, onde h\u00e1 dois quartos e um terra\u00e7o.<\/p>\n<figure id=\"attachment_80440\" aria-describedby=\"caption-attachment-80440\" style=\"width: 2560px\" class=\"wp-caption aligncenter\"><a href=\"https:\/\/rioonwatch.org.br\/wp-content\/uploads\/2025\/11\/Novas-moradias-2025-no-condominio-MCMV-na-Vila-da-Barca-scaled.jpg\"><img loading=\"lazy\" decoding=\"async\" class=\"wp-image-80440 size-full\" title=\"Casas rec\u00e9m-constru\u00eddas do conjunto habitacional da Vila da Barca. Foto: ComCat\" src=\"https:\/\/rioonwatch.org.br\/wp-content\/uploads\/2025\/11\/Novas-moradias-2025-no-condominio-MCMV-na-Vila-da-Barca-scaled.jpg\" alt=\"Casas rec\u00e9m-constru\u00eddas do conjunto habitacional da Vila da Barca. Foto: ComCat\" width=\"2560\" height=\"1182\" srcset=\"https:\/\/rioonwatch.org.br\/wp-content\/uploads\/2025\/11\/Novas-moradias-2025-no-condominio-MCMV-na-Vila-da-Barca-scaled.jpg 2560w, https:\/\/rioonwatch.org.br\/wp-content\/uploads\/2025\/11\/Novas-moradias-2025-no-condominio-MCMV-na-Vila-da-Barca-620x286.jpg 620w, https:\/\/rioonwatch.org.br\/wp-content\/uploads\/2025\/11\/Novas-moradias-2025-no-condominio-MCMV-na-Vila-da-Barca-768x355.jpg 768w, https:\/\/rioonwatch.org.br\/wp-content\/uploads\/2025\/11\/Novas-moradias-2025-no-condominio-MCMV-na-Vila-da-Barca-1536x709.jpg 1536w, https:\/\/rioonwatch.org.br\/wp-content\/uploads\/2025\/11\/Novas-moradias-2025-no-condominio-MCMV-na-Vila-da-Barca-2048x946.jpg 2048w\" sizes=\"(max-width: 2560px) 100vw, 2560px\" \/><\/a><figcaption id=\"caption-attachment-80440\" class=\"wp-caption-text\">Casas rec\u00e9m-constru\u00eddas do conjunto habitacional da Vila da Barca. Foto: ComCat<\/figcaption><\/figure>\n<p>Dona Eunice Nunes dos Santos, 75 anos, e seu filho, Denielson, est\u00e3o bastante satisfeitos de terem se mudado para o conjunto habitacional da Vila da Barca, o que aconteceu h\u00e1 cinco meses, depois de mais de uma d\u00e9cada de espera.<\/p>\n<div class=\"mceTemp\">\n<blockquote><p>&#8220;[O conjunto habitacional para onde parte dos moradores das palafitas foram removidos] <a href=\"https:\/\/bit.ly\/2Rku5Mf\">demorou 16 anos para ser feito<\/a>. Era um para, come\u00e7a, para, come\u00e7a, uma roubalheira. [Com isso] eu nem esperava morar um dia nesse apartamento&#8230; Tem outros pr\u00e9dios do conjunto aqui dos removidos da Vila da Barca que pegaram as chaves para apartamentos completos, com forro no teto, pisos em todos os c\u00f4modos, paredes pintadas e todas as tomadas funcionando. [Meu n\u00e3o veio completo.]&#8221; \u2014 Eunice Nunes dos Santos<\/p><\/blockquote>\n<figure id=\"attachment_80263\" aria-describedby=\"caption-attachment-80263\" style=\"width: 2560px\" class=\"wp-caption aligncenter\"><a href=\"https:\/\/rioonwatch.org.br\/wp-content\/uploads\/2025\/11\/Eunice-Nunes-dos-Santos-75-anos-foi-removida-da-palafita-que-morava-pagando-aluguel-para-um-apartamento-duplex-em-condominio-de-removidos-na-Vila-scaled.jpg\"><img loading=\"lazy\" decoding=\"async\" class=\"wp-image-80263 size-full\" title=\"Eunice Nunes dos Santos, 75 anos, foi removida da palafita que morava pagando aluguel para um apartamento duplex em condom\u00ednio de removidos na Vila da Barca. Ela afirma estar feliz, apesar de ter cr\u00edticas ao apartamento que lhe foi entregue. Foto: B\u00e1rbara Dias\" src=\"https:\/\/rioonwatch.org.br\/wp-content\/uploads\/2025\/11\/Eunice-Nunes-dos-Santos-75-anos-foi-removida-da-palafita-que-morava-pagando-aluguel-para-um-apartamento-duplex-em-condominio-de-removidos-na-Vila-scaled.jpg\" alt=\"Eunice Nunes dos Santos, 75 anos, foi removida da palafita que morava pagando aluguel para um apartamento duplex em condom\u00ednio de removidos na Vila da Barca. Ela afirma estar feliz, apesar de ter cr\u00edticas ao apartamento que lhe foi entregue. Foto: B\u00e1rbara Dias\" width=\"2560\" height=\"1709\" srcset=\"https:\/\/rioonwatch.org.br\/wp-content\/uploads\/2025\/11\/Eunice-Nunes-dos-Santos-75-anos-foi-removida-da-palafita-que-morava-pagando-aluguel-para-um-apartamento-duplex-em-condominio-de-removidos-na-Vila-scaled.jpg 2560w, https:\/\/rioonwatch.org.br\/wp-content\/uploads\/2025\/11\/Eunice-Nunes-dos-Santos-75-anos-foi-removida-da-palafita-que-morava-pagando-aluguel-para-um-apartamento-duplex-em-condominio-de-removidos-na-Vila-620x414.jpg 620w, https:\/\/rioonwatch.org.br\/wp-content\/uploads\/2025\/11\/Eunice-Nunes-dos-Santos-75-anos-foi-removida-da-palafita-que-morava-pagando-aluguel-para-um-apartamento-duplex-em-condominio-de-removidos-na-Vila-768x513.jpg 768w, https:\/\/rioonwatch.org.br\/wp-content\/uploads\/2025\/11\/Eunice-Nunes-dos-Santos-75-anos-foi-removida-da-palafita-que-morava-pagando-aluguel-para-um-apartamento-duplex-em-condominio-de-removidos-na-Vila-1536x1025.jpg 1536w, https:\/\/rioonwatch.org.br\/wp-content\/uploads\/2025\/11\/Eunice-Nunes-dos-Santos-75-anos-foi-removida-da-palafita-que-morava-pagando-aluguel-para-um-apartamento-duplex-em-condominio-de-removidos-na-Vila-2048x1367.jpg 2048w\" sizes=\"(max-width: 2560px) 100vw, 2560px\" \/><\/a><figcaption id=\"caption-attachment-80263\" class=\"wp-caption-text\">Eunice Nunes dos Santos, 75 anos, foi reassentada da palafita que morava pagando aluguel para um apartamento duplex em condom\u00ednio de removidos dentro da pr\u00f3pria Vila da Barca, reivindica\u00e7\u00e3o dos moradores. Ela afirma estar feliz, apesar de ter cr\u00edticas ao estado incompleto do apartamento que lhe foi entregue. Foto: B\u00e1rbara Dias<\/figcaption><\/figure>\n<p>Eunice nasceu em <a href=\"https:\/\/bit.ly\/49PXLtB\" target=\"_blank\" rel=\"noopener\">Muan\u00e1<\/a>, na <a href=\"https:\/\/bit.ly\/4nZ0V1Q\" target=\"_blank\" rel=\"noopener\">Ilha do Maraj\u00f3<\/a>, no interior do Par\u00e1. Se mudou ainda crian\u00e7a para viver com uma fam\u00edlia em Bel\u00e9m, que a criou. Anos depois, quando teve filhos, foi morar em <a href=\"https:\/\/bit.ly\/47Z6pn4\" target=\"_blank\" rel=\"noopener\">Cotijuba<\/a>, uma ilha na regi\u00e3o metropolitana insular de Bel\u00e9m, j\u00e1 \u00e0s margens da <a href=\"https:\/\/bit.ly\/49RJNaC\" target=\"_blank\" rel=\"noopener\">Ba\u00eda do Maraj\u00f3<\/a>. No entanto, ao serem abandonados pelo marido, mudou-se com os filhos para a Vila da Barca, onde vivia na \u00e1rea das palafitas, pagando aluguel.<\/p>\n<p>Hoje, nos conjuntos habitacionais, Eunice est\u00e1 feliz que n\u00e3o precisa mais pagar aluguel e que tem uma casa menos prec\u00e1ria. No entanto, se preocupa com o custo disso, j\u00e1 que, agora, paga \u00e1gua e luz. Mesmo com a tarifa social, que a moradora afirma ter, as <a href=\"https:\/\/rioonwatch.org.br\/?p=37910\">concession\u00e1rias v\u00eam cobrando centenas de reais<\/a> por m\u00eas, por consumos que n\u00e3o condizem com o valor. Ao visitar a fam\u00edlia, por exemplo, o <em>RioOnWatch<\/em> n\u00e3o viu possibilidades que justificassem o valor da conta de luz da moradora.<\/p>\n<blockquote><p>&#8220;Tenho tr\u00eas ventiladores, uma geladeira, uma televis\u00e3o, chuveiro el\u00e9trico, celulares&#8230; N\u00e3o temos ar condicionado [freezer, micro-ondas, m\u00e1quina de lavar, computador] ou outros equipamentos que demandem muita eletricidade.&#8221; \u2014 Eunice Nunes dos Santos<\/p><\/blockquote>\n<\/div>\n<figure id=\"attachment_80441\" aria-describedby=\"caption-attachment-80441\" style=\"width: 2560px\" class=\"wp-caption aligncenter\"><a href=\"https:\/\/rioonwatch.org.br\/wp-content\/uploads\/2025\/11\/Casas-ja-personalizadas-no-condominio-MCMV-da-Vila-da-Barca-scaled.jpg\"><img loading=\"lazy\" decoding=\"async\" class=\"wp-image-80441 size-full\" title=\"Moradias j\u00e1 estabelecidas no conjunto habitacional onde residentes adaptaram as casas de acordo com suas necessidades. Foto: ComCat\" src=\"https:\/\/rioonwatch.org.br\/wp-content\/uploads\/2025\/11\/Casas-ja-personalizadas-no-condominio-MCMV-da-Vila-da-Barca-scaled.jpg\" alt=\"Moradias j\u00e1 estabelecidas no conjunto habitacional onde residentes adaptaram as casas de acordo com suas necessidades. Foto: ComCat\" width=\"2560\" height=\"1182\" srcset=\"https:\/\/rioonwatch.org.br\/wp-content\/uploads\/2025\/11\/Casas-ja-personalizadas-no-condominio-MCMV-da-Vila-da-Barca-scaled.jpg 2560w, https:\/\/rioonwatch.org.br\/wp-content\/uploads\/2025\/11\/Casas-ja-personalizadas-no-condominio-MCMV-da-Vila-da-Barca-620x286.jpg 620w, https:\/\/rioonwatch.org.br\/wp-content\/uploads\/2025\/11\/Casas-ja-personalizadas-no-condominio-MCMV-da-Vila-da-Barca-768x355.jpg 768w, https:\/\/rioonwatch.org.br\/wp-content\/uploads\/2025\/11\/Casas-ja-personalizadas-no-condominio-MCMV-da-Vila-da-Barca-1536x709.jpg 1536w, https:\/\/rioonwatch.org.br\/wp-content\/uploads\/2025\/11\/Casas-ja-personalizadas-no-condominio-MCMV-da-Vila-da-Barca-2048x946.jpg 2048w\" sizes=\"(max-width: 2560px) 100vw, 2560px\" \/><\/a><figcaption id=\"caption-attachment-80441\" class=\"wp-caption-text\">Moradias j\u00e1 estabelecidas no conjunto habitacional onde residentes adaptaram as casas de acordo com suas necessidades. Foto: ComCat<\/figcaption><\/figure>\n<p>Ao andar pelos condom\u00ednios, nas unidades que primeiro foram constru\u00eddas, foi relatado que, apesar dos condom\u00ednios terem sido projetados com rede de esgoto, ela foi subdimensionada para a realidade da Vila da Barca.<\/p>\n<p>O resultado \u00e9 que regularmente, a \u00c1guas do Par\u00e1 tem que realizar limpeza de passagens internas dos condom\u00ednios para evitar que esgoto transborde pelas ruas por entre os pr\u00e9dios.<\/p>\n<figure id=\"attachment_80269\" aria-describedby=\"caption-attachment-80269\" style=\"width: 2560px\" class=\"wp-caption aligncenter\"><a href=\"https:\/\/rioonwatch.org.br\/wp-content\/uploads\/2025\/11\/Drenagem-e-limpeza-de-passagens-internas-dos-condominios-sao-feitas-regularmente-para-evitar-que-esgoto-transborde-scaled.jpg\"><img loading=\"lazy\" decoding=\"async\" class=\"wp-image-80269 size-full\" title=\"Drenagem e limpeza de passagens internas dos condom\u00ednios s\u00e3o feitas regularmente para evitar que esgoto transborde. Foto: B\u00e1rbara Dias\" src=\"https:\/\/rioonwatch.org.br\/wp-content\/uploads\/2025\/11\/Drenagem-e-limpeza-de-passagens-internas-dos-condominios-sao-feitas-regularmente-para-evitar-que-esgoto-transborde-scaled.jpg\" alt=\"Drenagem e limpeza de passagens internas dos condom\u00ednios s\u00e3o feitas regularmente para evitar que esgoto transborde. Foto: B\u00e1rbara Dias\" width=\"2560\" height=\"1709\" srcset=\"https:\/\/rioonwatch.org.br\/wp-content\/uploads\/2025\/11\/Drenagem-e-limpeza-de-passagens-internas-dos-condominios-sao-feitas-regularmente-para-evitar-que-esgoto-transborde-scaled.jpg 2560w, https:\/\/rioonwatch.org.br\/wp-content\/uploads\/2025\/11\/Drenagem-e-limpeza-de-passagens-internas-dos-condominios-sao-feitas-regularmente-para-evitar-que-esgoto-transborde-620x414.jpg 620w, https:\/\/rioonwatch.org.br\/wp-content\/uploads\/2025\/11\/Drenagem-e-limpeza-de-passagens-internas-dos-condominios-sao-feitas-regularmente-para-evitar-que-esgoto-transborde-768x513.jpg 768w, https:\/\/rioonwatch.org.br\/wp-content\/uploads\/2025\/11\/Drenagem-e-limpeza-de-passagens-internas-dos-condominios-sao-feitas-regularmente-para-evitar-que-esgoto-transborde-1536x1025.jpg 1536w, https:\/\/rioonwatch.org.br\/wp-content\/uploads\/2025\/11\/Drenagem-e-limpeza-de-passagens-internas-dos-condominios-sao-feitas-regularmente-para-evitar-que-esgoto-transborde-2048x1367.jpg 2048w\" sizes=\"(max-width: 2560px) 100vw, 2560px\" \/><\/a><figcaption id=\"caption-attachment-80269\" class=\"wp-caption-text\">Drenagem e limpeza de passagens internas dos condom\u00ednios s\u00e3o feitas regularmente para evitar que esgoto transborde. Foto: B\u00e1rbara Dias<\/figcaption><\/figure>\n<p>Enquanto isso, os moradores de algumas casas mais fr\u00e1geis da Vila da Barca <a href=\"https:\/\/bit.ly\/48fXI9e\" target=\"_blank\" rel=\"noopener\">sofrem risco de vida<\/a> com estruturas que podem, a qualquer momento ceder, parcial ou completamente, sobre as \u00e1guas polu\u00eddas do Rio Guam\u00e1. Esse foi um alerta dado por um morador durante visita do <em>RioOnWatch<\/em>. Assustado, ele falava em voz alta enquanto indicava a dire\u00e7\u00e3o da porta, onde ele dizia estarmos em maior seguran\u00e7a.<\/p>\n<p>Apesar de dizer gostar de morar ali, gostar das palafitas, ele tamb\u00e9m disse preferir a possibilidade de morar em uma casa de alvenaria, sobre a terra, nos condom\u00ednios que o governo est\u00e1 construindo.<\/p>\n<figure id=\"attachment_80280\" aria-describedby=\"caption-attachment-80280\" style=\"width: 2560px\" class=\"wp-caption aligncenter\"><a href=\"https:\/\/rioonwatch.org.br\/wp-content\/uploads\/2025\/11\/Conjunto-Residencial-da-Vila-da-Barca.-Foto-Barbara-Dias-scaled.jpg\"><img loading=\"lazy\" decoding=\"async\" class=\"wp-image-80280 size-full\" title=\"Conjunto Residencial da Vila da Barca. Foto: B\u00e1rbara Dias\" src=\"https:\/\/rioonwatch.org.br\/wp-content\/uploads\/2025\/11\/Conjunto-Residencial-da-Vila-da-Barca.-Foto-Barbara-Dias-scaled.jpg\" alt=\"Conjunto Residencial da Vila da Barca. Foto: B\u00e1rbara Dias\" width=\"2560\" height=\"1709\" srcset=\"https:\/\/rioonwatch.org.br\/wp-content\/uploads\/2025\/11\/Conjunto-Residencial-da-Vila-da-Barca.-Foto-Barbara-Dias-scaled.jpg 2560w, https:\/\/rioonwatch.org.br\/wp-content\/uploads\/2025\/11\/Conjunto-Residencial-da-Vila-da-Barca.-Foto-Barbara-Dias-620x414.jpg 620w, https:\/\/rioonwatch.org.br\/wp-content\/uploads\/2025\/11\/Conjunto-Residencial-da-Vila-da-Barca.-Foto-Barbara-Dias-768x513.jpg 768w, https:\/\/rioonwatch.org.br\/wp-content\/uploads\/2025\/11\/Conjunto-Residencial-da-Vila-da-Barca.-Foto-Barbara-Dias-1536x1025.jpg 1536w, https:\/\/rioonwatch.org.br\/wp-content\/uploads\/2025\/11\/Conjunto-Residencial-da-Vila-da-Barca.-Foto-Barbara-Dias-2048x1367.jpg 2048w\" sizes=\"(max-width: 2560px) 100vw, 2560px\" \/><\/a><figcaption id=\"caption-attachment-80280\" class=\"wp-caption-text\">Conjunto residencial da Vila da Barca. Foto: B\u00e1rbara Dias<\/figcaption><\/figure>\n<p>Os netos de Luiz Cl\u00e1udio tamb\u00e9m estavam presentes no dia em que o <em>RioOnWatch<\/em> o visitou. Brincando na cama do av\u00f4 disseram gostar de visit\u00e1-lo nas palafitas porque brincam e jogam bola nas passagens de madeira entre as casas com outras crian\u00e7as do entorno. Os dois netos moram nos apartamentos do conjunto habitacional da Vila da Barca, a primeira gera\u00e7\u00e3o em 100 anos a n\u00e3o morar em palafitas.<\/p>\n<p>A situa\u00e7\u00e3o de risco de desabamento \u00e9 iminente em alguns casos, no entanto. Algumas horas depois da visita do <em>RioOnWatch<\/em>, em outra localidade da Vila da Barca, <a href=\"https:\/\/bit.ly\/4pdxKJj\" target=\"_blank\" rel=\"noopener\">uma palafita desabou<\/a>, deixando quatro pessoas desabrigadas.<\/p>\n<p>No final da visita, presenciamos a formatura do projeto <a href=\"https:\/\/www.aguasdopara.com.br\/na-vila-da-barca-juventude-transforma-o-cenario-e-a-consciencia-ambiental-com-o-projeto-barca-saneada\/\">Barca Saneada<\/a>, sendo promovido pela \u00c1guas do Par\u00e1. Voltado para educa\u00e7\u00e3o ambiental, promove compostagem, hortas, coleta de materiais recicl\u00e1veis e a transforma\u00e7\u00e3o deles para a gera\u00e7\u00e3o de renda, objetos art\u00edsticos e outros. Na cerim\u00f4nia, foram estimulados a falar sobre os saberes que adquiriram e a fortalecerem seu sentimento de pertencimento cultural ao territ\u00f3rio, inclusive, atrav\u00e9s de carimb\u00f3 e de comidas t\u00edpicas.<\/p>\n<p>Uma das alunas, Kaillany Sashielly Silva de Moura, 17 anos, descreveu seu aprendizado.<\/p>\n<blockquote><p>&#8220;Agora sabemos que n\u00e3o s\u00e3o lixo, s\u00e3o res\u00edduo [risos]&#8230; O projeto ensinou a ter consci\u00eancia de separar o org\u00e2nico, dos res\u00edduos, dos recicl\u00e1veis. Aprendi que tem como fazer tijolos com pl\u00e1stico, com vidro. E com os org\u00e2nicos d\u00e1 pra fazer adubo para as plantas, biofertilizante. A parte que mais me interessou foi a das composteiras. Como minha av\u00f3 tem plantas l\u00e1 em casa, e eu tamb\u00e9m sou doida por plantas, me interessei mais pelas composteiras. Fizemos uns 20 kits de composteiras e distribu\u00edmos na Vila. A\u00ed, fiquei com uma l\u00e1 em casa, que tamb\u00e9m serve pra ensinar l\u00e1 dentro de casa, porque muita gente da Vila n\u00e3o sabe que d\u00e1 pra separar o org\u00e2nico do res\u00edduo recicl\u00e1vel.&#8221; \u2014 Kaillany Sashielly Silva de Moura<\/p><\/blockquote>\n<p>Hoje, pretende ser uma agente mobilizadora em sua comunidade. Conscientizando fam\u00edlia e vizinhos da import\u00e2ncia de preservar a natureza que cerca a Vila da Barca. Algo que o coordenador geral da Associa\u00e7\u00e3o de Moradores da Vila da Barca tamb\u00e9m afirma.<\/p>\n<blockquote><p>&#8220;Vamos transformar res\u00edduos, pl\u00e1sticos que n\u00e3o podem mais ser reciclados em tijolos e, com os tijolos, vamos construir os canteiros verdes e fazer nossa contribui\u00e7\u00e3o. Tem uma cooperativa em Bel\u00e9m fazendo esses tijolos. Tem tamb\u00e9m as composteiras que a rapaziada aprendeu a fazer. Tem uns ganchinhos muito legais [para pendurar os sacos de lixo e evitar vetores], feitos com materiais recicl\u00e1veis, que [os jovens da comunidade] colocaram [com] mensagens e decoraram&#8230; Ficamos sabendo que a Prefeitura [de Bel\u00e9m] est\u00e1 articulando com empresas para fazer equipamentos p\u00fablicos, bancos, mesas, lixeiras com esses res\u00edduos que est\u00e3o l\u00e1 nas palafitas. Est\u00e3o pensando em devolver \u00e0 comunidade aquilo que estava poluindo como equipamentos e espa\u00e7os de conviv\u00eancia para a comunidade&#8230; e esses jovens v\u00e3o ser multiplicadores. A gente est\u00e1 buscando agora formar mais uma turma, para mais jovens. E quando a gente v\u00ea, essa roda est\u00e1 girando e eles est\u00e3o transformando o mundo.\u201d \u2014 Gerson Bruno<\/p><\/blockquote>\n<p>O coordenador geral ressalta a import\u00e2ncia da luta na conquista de melhorias para sua baixada.<\/p>\n<blockquote><p>&#8220;A sustentabilidade n\u00e3o pode estar s\u00f3 a n\u00edvel de discurso, ela precisa estar no dia-a-dia&#8230; E a gente precisa botar a m\u00e3o na massa mesmo. Enquanto est\u00e3o l\u00e1, discutindo na Blue Zone, a gente est\u00e1 aqui botando a m\u00e3o na massa!\u201d \u2014 Gerson Bruno<\/p><\/blockquote>\n<h3>Veja o \u00c1lbum da Visita \u00e0 Vila da Barca <a href=\"https:\/\/bit.ly\/4r04Qy1\" target=\"_blank\" rel=\"noopener\">no Flickr<\/a>:<\/h3>\n<p><a title=\"ComCat na COP30: Visita a Vila da Barca, 13 de novembro de 2025\" href=\"https:\/\/www.flickr.com\/photos\/catcomm\/albums\/72177720330321497\" data-flickr-embed=\"true\"><img loading=\"lazy\" decoding=\"async\" class=\"aligncenter\" src=\"https:\/\/live.staticflickr.com\/65535\/54923915734_4f7d4bdda4_h.jpg\" alt=\"ComCat na COP30: Visita a Vila da Barca, 13 de novembro de 2025\" width=\"1030\" height=\"563\" \/><\/a><script async src=\"\/\/embedr.flickr.com\/assets\/client-code.js\" charset=\"utf-8\"><\/script><\/p>\n<p><em>Sobre o autor: <a class=\"c-link\" href=\"https:\/\/bit.ly\/3eI9jlv\" target=\"_blank\" rel=\"noopener noreferrer\" data-stringify-link=\"https:\/\/bit.ly\/3eI9jlv\" data-sk=\"tooltip_parent\">Julio Santos Filho<\/a> \u00e9 bacharel em Rela\u00e7\u00f5es Internacionais (<a href=\"https:\/\/bit.ly\/3h2kC6O\" target=\"_blank\" rel=\"noopener\">UFF<\/a>) e mestre em Sociologia (<a class=\"c-link\" href=\"http:\/\/bit.ly\/191xwKJ\" target=\"_blank\" rel=\"noopener noreferrer\" data-stringify-link=\"http:\/\/bit.ly\/191xwKJ\" data-sk=\"tooltip_parent\">IESP-UERJ<\/a>). Homem negro da Ilha do Governador, trabalha desde 2020 como editor no RioOnWatch. Em 2021, foi editor do Enraizando o Antirracismo nas Favelas, projeto medalha de prata no <a href=\"https:\/\/bit.ly\/3t8jLNp\" target=\"_blank\" rel=\"noopener\">The Anthem Awards<\/a> na categoria Diversidade, Equidade e Inclus\u00e3o, como <a href=\"https:\/\/bit.ly\/ROWWinsAnthem\" target=\"_blank\" rel=\"noopener\">Melhor Programa de Conscientiza\u00e7\u00e3o Local<\/a>, e ganhador do <a href=\"https:\/\/bit.ly\/Pr%C3%AAmioMegafone\" target=\"_blank\" rel=\"noopener\">Pr\u00eamio Megafone Ativismo<\/a> de <a href=\"https:\/\/bit.ly\/46MHErD\" target=\"_blank\" rel=\"noopener\">melhor Reportagem de M\u00eddia Independente<\/a> e de duas mo\u00e7\u00f5es de louvor e reconhecimento da <a href=\"https:\/\/bit.ly\/3OpNxFy\" target=\"_blank\" rel=\"noopener\">Comiss\u00e3o Especial de Combate ao Racismo<\/a> da <a href=\"https:\/\/bit.ly\/2P7wf3I\" target=\"_blank\" rel=\"noopener\">C\u00e2mara Municipal do Rio de Janeiro<\/a>.<\/em><\/p>\n<hr \/>\n<h4><b data-stringify-type=\"bold\">Apoie nossos esfor\u00e7os para fornecer apoio estrat\u00e9gico \u00e0s favelas do Rio, incluindo o jornalismo hiperlocal, cr\u00edtico, inovador e incans\u00e1vel do <\/b><b data-stringify-type=\"bold\"><i data-stringify-type=\"italic\">RioOnWatch<\/i><\/b>\u2014<a class=\"c-link\" href=\"http:\/\/www.bit.ly\/ApoieROW\" target=\"_blank\" rel=\"noopener noreferrer\" data-stringify-link=\"http:\/\/www.bit.ly\/ApoieROW\" data-sk=\"tooltip_parent\">doe aqui<\/a>.<\/h4>\n<!-- AddThis Advanced Settings generic via filter on the_content --><!-- AddThis Share Buttons generic via filter on the_content -->","protected":false},"excerpt":{"rendered":"<div class=\"mh-excerpt\"><p>Click Here for English Este artigo faz parte de uma s\u00e9rie gerada por uma parceria com o Digital Brazil Project do Centro Behner Stiefel de Estudos Brasileiros da Universidade Estadual de San Diego na Calif\u00f3rnia, <a class=\"mh-excerpt-more\" href=\"https:\/\/rioonwatch.org.br\/?p=80425\" title=\"Retrato de uma Favela Centen\u00e1ria de Palafitas: A Vila da Barca Resiste, Se Organiza e Luta por Saneamento e Moradia Digna [IMAGENS]\">[&#8230;]<\/a><!-- AddThis Advanced Settings generic via filter on get_the_excerpt --><!-- AddThis Share Buttons generic via filter on get_the_excerpt --><\/p>\n<\/div>","protected":false},"author":3,"featured_media":80256,"comment_status":"closed","ping_status":"closed","sticky":false,"template":"template-full.php","format":"standard","meta":{"_acf_changed":false,"_monsterinsights_skip_tracking":false,"_monsterinsights_sitenote_active":false,"_monsterinsights_sitenote_note":"","_monsterinsights_sitenote_category":0,"footnotes":""},"categories":[2089,1857,1621,1633,3170],"tags":[386,510,3258,2616,2786,730,3400,2761,322,3112,246,2048,492,2693,3428,3383],"writer":[2881],"translator":[],"source":[],"ilustrador":[],"fotografo":[3184],"class_list":{"0":"post-80425","1":"post","2":"type-post","3":"status-publish","4":"format-standard","5":"has-post-thumbnail","7":"category-monitoramento","8":"category-olhonaurbanizacao","9":"category-destaque","10":"category-foto-reportagens","11":"category-justica-climatica","12":"tag-estigma","13":"tag-agua","14":"tag-aguas-do-rio","15":"tag-amazonia","16":"tag-belem","17":"tag-conjunto-habitacional","18":"tag-cop","19":"tag-direito-a-agua","20":"tag-esgoto","21":"tag-justica-climatica","22":"tag-minha-casa-minha-vida","23":"tag-palafitas","24":"tag-saneamento","25":"tag-serie-direitos-humanos-com-apoio-do-centro-behner-stiefel-da-sdsu","26":"tag-tarifa-social","27":"tag-vila-da-barca-belem","28":"writer-julio-santos-filho","29":"fotografo-barbara-dias"},"acf":[],"yoast_head":"<!-- This site is optimized with the Yoast SEO plugin v25.6 - https:\/\/yoast.com\/wordpress\/plugins\/seo\/ -->\n<title>Retrato de uma Favela Centen\u00e1ria de Palafitas: A Vila da Barca Resiste, Se Organiza e Luta por Saneamento e Moradia Digna [IMAGENS] - RioOnWatch<\/title>\n<meta name=\"robots\" content=\"index, follow, max-snippet:-1, max-image-preview:large, max-video-preview:-1\" \/>\n<link rel=\"canonical\" href=\"https:\/\/rioonwatch.org.br\/?p=80425\" \/>\n<meta property=\"og:locale\" content=\"pt_BR\" \/>\n<meta property=\"og:type\" content=\"article\" \/>\n<meta property=\"og:title\" content=\"Retrato de uma Favela Centen\u00e1ria de Palafitas: A Vila da Barca Resiste, Se Organiza e Luta por Saneamento e Moradia Digna [IMAGENS] - RioOnWatch\" \/>\n<meta property=\"og:description\" content=\"Click Here for English Este artigo faz parte de uma s\u00e9rie gerada por uma parceria com o Digital Brazil Project do Centro Behner Stiefel de Estudos Brasileiros da Universidade Estadual de San Diego na Calif\u00f3rnia, [...]\" \/>\n<meta property=\"og:url\" content=\"https:\/\/rioonwatch.org.br\/?p=80425\" \/>\n<meta property=\"og:site_name\" content=\"RioOnWatch\" \/>\n<meta property=\"article:published_time\" content=\"2025-11-27T18:35:29+00:00\" \/>\n<meta property=\"article:modified_time\" content=\"2025-12-15T22:25:32+00:00\" \/>\n<meta property=\"og:image\" content=\"https:\/\/rioonwatch.org.br\/wp-content\/uploads\/2025\/11\/RioOnWatch-visita-a-Vila-da-Barca-em-Belem-durante-a-COP30-e-a-Cupula-dos-Povos-em-13-de-novembro-de-2025-junto-do-guia-local-Nelson-Lima-Rosa-scaled.jpg\" \/>\n\t<meta property=\"og:image:width\" content=\"2560\" \/>\n\t<meta property=\"og:image:height\" content=\"1709\" \/>\n\t<meta property=\"og:image:type\" content=\"image\/jpeg\" \/>\n<meta name=\"author\" content=\"Admin\" \/>\n<meta name=\"twitter:card\" content=\"summary_large_image\" \/>\n<meta name=\"twitter:label1\" content=\"Escrito por\" \/>\n\t<meta name=\"twitter:data1\" content=\"Admin\" \/>\n\t<meta name=\"twitter:label2\" content=\"Est. tempo de leitura\" \/>\n\t<meta name=\"twitter:data2\" content=\"20 minutos\" \/>\n<script type=\"application\/ld+json\" class=\"yoast-schema-graph\">{\"@context\":\"https:\/\/schema.org\",\"@graph\":[{\"@type\":\"Article\",\"@id\":\"https:\/\/rioonwatch.org.br\/?p=80425#article\",\"isPartOf\":{\"@id\":\"https:\/\/rioonwatch.org.br\/?p=80425\"},\"author\":{\"name\":\"Admin\",\"@id\":\"https:\/\/rioonwatch.org.br\/#\/schema\/person\/c6c09a0b56b38f0157a45b963ef3f269\"},\"headline\":\"Retrato de uma Favela Centen\u00e1ria de Palafitas: A Vila da Barca Resiste, Se Organiza e Luta por Saneamento e Moradia Digna [IMAGENS]\",\"datePublished\":\"2025-11-27T18:35:29+00:00\",\"dateModified\":\"2025-12-15T22:25:32+00:00\",\"mainEntityOfPage\":{\"@id\":\"https:\/\/rioonwatch.org.br\/?p=80425\"},\"wordCount\":3968,\"publisher\":{\"@id\":\"https:\/\/rioonwatch.org.br\/#organization\"},\"image\":{\"@id\":\"https:\/\/rioonwatch.org.br\/?p=80425#primaryimage\"},\"thumbnailUrl\":\"https:\/\/rioonwatch.org.br\/wp-content\/uploads\/2025\/11\/RioOnWatch-visita-a-Vila-da-Barca-em-Belem-durante-a-COP30-e-a-Cupula-dos-Povos-em-13-de-novembro-de-2025-junto-do-guia-local-Nelson-Lima-Rosa-scaled.jpg\",\"keywords\":[\"#StopFavelaStigma\",\"\u00e1gua\",\"\u00c1guas do Rio\",\"Amaz\u00f4nia\",\"Bel\u00e9m\",\"conjunto habitacional\",\"COP\",\"direito \u00e0 \u00e1gua\",\"esgoto\",\"Justi\u00e7a Clim\u00e1tica\",\"Minha Casa Minha Vida\",\"palafitas\",\"saneamento\",\"S\u00e9rie Apoiada pelo Centro Behner Stiefel\/SDSU\",\"tarifa social\",\"Vila da Barca (Bel\u00e9m)\"],\"articleSection\":[\"#Monitoramento\",\"#OlhoNaUrbaniza\u00e7\u00e3o\",\"*Destaque\",\"Fotorreportagens\",\"Justi\u00e7a Clim\u00e1tica\"],\"inLanguage\":\"pt-BR\"},{\"@type\":\"WebPage\",\"@id\":\"https:\/\/rioonwatch.org.br\/?p=80425\",\"url\":\"https:\/\/rioonwatch.org.br\/?p=80425\",\"name\":\"Retrato de uma Favela Centen\u00e1ria de Palafitas: A Vila da Barca Resiste, Se Organiza e Luta por Saneamento e Moradia Digna [IMAGENS] - RioOnWatch\",\"isPartOf\":{\"@id\":\"https:\/\/rioonwatch.org.br\/#website\"},\"primaryImageOfPage\":{\"@id\":\"https:\/\/rioonwatch.org.br\/?p=80425#primaryimage\"},\"image\":{\"@id\":\"https:\/\/rioonwatch.org.br\/?p=80425#primaryimage\"},\"thumbnailUrl\":\"https:\/\/rioonwatch.org.br\/wp-content\/uploads\/2025\/11\/RioOnWatch-visita-a-Vila-da-Barca-em-Belem-durante-a-COP30-e-a-Cupula-dos-Povos-em-13-de-novembro-de-2025-junto-do-guia-local-Nelson-Lima-Rosa-scaled.jpg\",\"datePublished\":\"2025-11-27T18:35:29+00:00\",\"dateModified\":\"2025-12-15T22:25:32+00:00\",\"breadcrumb\":{\"@id\":\"https:\/\/rioonwatch.org.br\/?p=80425#breadcrumb\"},\"inLanguage\":\"pt-BR\",\"potentialAction\":[{\"@type\":\"ReadAction\",\"target\":[\"https:\/\/rioonwatch.org.br\/?p=80425\"]}]},{\"@type\":\"ImageObject\",\"inLanguage\":\"pt-BR\",\"@id\":\"https:\/\/rioonwatch.org.br\/?p=80425#primaryimage\",\"url\":\"https:\/\/rioonwatch.org.br\/wp-content\/uploads\/2025\/11\/RioOnWatch-visita-a-Vila-da-Barca-em-Belem-durante-a-COP30-e-a-Cupula-dos-Povos-em-13-de-novembro-de-2025-junto-do-guia-local-Nelson-Lima-Rosa-scaled.jpg\",\"contentUrl\":\"https:\/\/rioonwatch.org.br\/wp-content\/uploads\/2025\/11\/RioOnWatch-visita-a-Vila-da-Barca-em-Belem-durante-a-COP30-e-a-Cupula-dos-Povos-em-13-de-novembro-de-2025-junto-do-guia-local-Nelson-Lima-Rosa-scaled.jpg\",\"width\":2560,\"height\":1709,\"caption\":\"RioOnWatch visita a Vila da Barca, em Bel\u00e9m durante a COP30 e a C\u00fapula dos Povos em 13 de novembro de 2025, junto do guia local Nelson Lima Rosa. Foto: B\u00e1rbara Dias\"},{\"@type\":\"BreadcrumbList\",\"@id\":\"https:\/\/rioonwatch.org.br\/?p=80425#breadcrumb\",\"itemListElement\":[{\"@type\":\"ListItem\",\"position\":1,\"name\":\"In\u00edcio\",\"item\":\"https:\/\/rioonwatch.org.br\/\"},{\"@type\":\"ListItem\",\"position\":2,\"name\":\"Retrato de uma Favela Centen\u00e1ria de Palafitas: A Vila da Barca Resiste, Se Organiza e Luta por Saneamento e Moradia Digna [IMAGENS]\"}]},{\"@type\":\"WebSite\",\"@id\":\"https:\/\/rioonwatch.org.br\/#website\",\"url\":\"https:\/\/rioonwatch.org.br\/\",\"name\":\"RioOnWatch\",\"description\":\"relatos das favelas cariocas\",\"publisher\":{\"@id\":\"https:\/\/rioonwatch.org.br\/#organization\"},\"potentialAction\":[{\"@type\":\"SearchAction\",\"target\":{\"@type\":\"EntryPoint\",\"urlTemplate\":\"https:\/\/rioonwatch.org.br\/?s={search_term_string}\"},\"query-input\":{\"@type\":\"PropertyValueSpecification\",\"valueRequired\":true,\"valueName\":\"search_term_string\"}}],\"inLanguage\":\"pt-BR\"},{\"@type\":\"Organization\",\"@id\":\"https:\/\/rioonwatch.org.br\/#organization\",\"name\":\"RioOnWatch\",\"url\":\"https:\/\/rioonwatch.org.br\/\",\"logo\":{\"@type\":\"ImageObject\",\"inLanguage\":\"pt-BR\",\"@id\":\"https:\/\/rioonwatch.org.br\/#\/schema\/logo\/image\/\",\"url\":\"https:\/\/rioonwatch.org.br\/wp-content\/uploads\/2021\/06\/RioOnWatchcabecalhoPT11anos-2.png\",\"contentUrl\":\"https:\/\/rioonwatch.org.br\/wp-content\/uploads\/2021\/06\/RioOnWatchcabecalhoPT11anos-2.png\",\"width\":779,\"height\":277,\"caption\":\"RioOnWatch\"},\"image\":{\"@id\":\"https:\/\/rioonwatch.org.br\/#\/schema\/logo\/image\/\"}},{\"@type\":\"Person\",\"@id\":\"https:\/\/rioonwatch.org.br\/#\/schema\/person\/c6c09a0b56b38f0157a45b963ef3f269\",\"name\":\"Admin\",\"image\":{\"@type\":\"ImageObject\",\"inLanguage\":\"pt-BR\",\"@id\":\"https:\/\/rioonwatch.org.br\/#\/schema\/person\/image\/\",\"url\":\"https:\/\/secure.gravatar.com\/avatar\/da45c89efd4810dc70c16a5da3419806?s=96&d=blank&r=g\",\"contentUrl\":\"https:\/\/secure.gravatar.com\/avatar\/da45c89efd4810dc70c16a5da3419806?s=96&d=blank&r=g\",\"caption\":\"Admin\"},\"url\":\"https:\/\/rioonwatch.org.br\/?author=3\"}]}<\/script>\n<!-- \/ Yoast SEO plugin. -->","yoast_head_json":{"title":"Retrato de uma Favela Centen\u00e1ria de Palafitas: A Vila da Barca Resiste, Se Organiza e Luta por Saneamento e Moradia Digna [IMAGENS] - RioOnWatch","robots":{"index":"index","follow":"follow","max-snippet":"max-snippet:-1","max-image-preview":"max-image-preview:large","max-video-preview":"max-video-preview:-1"},"canonical":"https:\/\/rioonwatch.org.br\/?p=80425","og_locale":"pt_BR","og_type":"article","og_title":"Retrato de uma Favela Centen\u00e1ria de Palafitas: A Vila da Barca Resiste, Se Organiza e Luta por Saneamento e Moradia Digna [IMAGENS] - RioOnWatch","og_description":"Click Here for English Este artigo faz parte de uma s\u00e9rie gerada por uma parceria com o Digital Brazil Project do Centro Behner Stiefel de Estudos Brasileiros da Universidade Estadual de San Diego na Calif\u00f3rnia, [...]","og_url":"https:\/\/rioonwatch.org.br\/?p=80425","og_site_name":"RioOnWatch","article_published_time":"2025-11-27T18:35:29+00:00","article_modified_time":"2025-12-15T22:25:32+00:00","og_image":[{"width":2560,"height":1709,"url":"https:\/\/rioonwatch.org.br\/wp-content\/uploads\/2025\/11\/RioOnWatch-visita-a-Vila-da-Barca-em-Belem-durante-a-COP30-e-a-Cupula-dos-Povos-em-13-de-novembro-de-2025-junto-do-guia-local-Nelson-Lima-Rosa-scaled.jpg","type":"image\/jpeg"}],"author":"Admin","twitter_card":"summary_large_image","twitter_misc":{"Escrito por":"Admin","Est. tempo de leitura":"20 minutos"},"schema":{"@context":"https:\/\/schema.org","@graph":[{"@type":"Article","@id":"https:\/\/rioonwatch.org.br\/?p=80425#article","isPartOf":{"@id":"https:\/\/rioonwatch.org.br\/?p=80425"},"author":{"name":"Admin","@id":"https:\/\/rioonwatch.org.br\/#\/schema\/person\/c6c09a0b56b38f0157a45b963ef3f269"},"headline":"Retrato de uma Favela Centen\u00e1ria de Palafitas: A Vila da Barca Resiste, Se Organiza e Luta por Saneamento e Moradia Digna [IMAGENS]","datePublished":"2025-11-27T18:35:29+00:00","dateModified":"2025-12-15T22:25:32+00:00","mainEntityOfPage":{"@id":"https:\/\/rioonwatch.org.br\/?p=80425"},"wordCount":3968,"publisher":{"@id":"https:\/\/rioonwatch.org.br\/#organization"},"image":{"@id":"https:\/\/rioonwatch.org.br\/?p=80425#primaryimage"},"thumbnailUrl":"https:\/\/rioonwatch.org.br\/wp-content\/uploads\/2025\/11\/RioOnWatch-visita-a-Vila-da-Barca-em-Belem-durante-a-COP30-e-a-Cupula-dos-Povos-em-13-de-novembro-de-2025-junto-do-guia-local-Nelson-Lima-Rosa-scaled.jpg","keywords":["#StopFavelaStigma","\u00e1gua","\u00c1guas do Rio","Amaz\u00f4nia","Bel\u00e9m","conjunto habitacional","COP","direito \u00e0 \u00e1gua","esgoto","Justi\u00e7a Clim\u00e1tica","Minha Casa Minha Vida","palafitas","saneamento","S\u00e9rie Apoiada pelo Centro Behner Stiefel\/SDSU","tarifa social","Vila da Barca (Bel\u00e9m)"],"articleSection":["#Monitoramento","#OlhoNaUrbaniza\u00e7\u00e3o","*Destaque","Fotorreportagens","Justi\u00e7a Clim\u00e1tica"],"inLanguage":"pt-BR"},{"@type":"WebPage","@id":"https:\/\/rioonwatch.org.br\/?p=80425","url":"https:\/\/rioonwatch.org.br\/?p=80425","name":"Retrato de uma Favela Centen\u00e1ria de Palafitas: A Vila da Barca Resiste, Se Organiza e Luta por Saneamento e Moradia Digna [IMAGENS] - RioOnWatch","isPartOf":{"@id":"https:\/\/rioonwatch.org.br\/#website"},"primaryImageOfPage":{"@id":"https:\/\/rioonwatch.org.br\/?p=80425#primaryimage"},"image":{"@id":"https:\/\/rioonwatch.org.br\/?p=80425#primaryimage"},"thumbnailUrl":"https:\/\/rioonwatch.org.br\/wp-content\/uploads\/2025\/11\/RioOnWatch-visita-a-Vila-da-Barca-em-Belem-durante-a-COP30-e-a-Cupula-dos-Povos-em-13-de-novembro-de-2025-junto-do-guia-local-Nelson-Lima-Rosa-scaled.jpg","datePublished":"2025-11-27T18:35:29+00:00","dateModified":"2025-12-15T22:25:32+00:00","breadcrumb":{"@id":"https:\/\/rioonwatch.org.br\/?p=80425#breadcrumb"},"inLanguage":"pt-BR","potentialAction":[{"@type":"ReadAction","target":["https:\/\/rioonwatch.org.br\/?p=80425"]}]},{"@type":"ImageObject","inLanguage":"pt-BR","@id":"https:\/\/rioonwatch.org.br\/?p=80425#primaryimage","url":"https:\/\/rioonwatch.org.br\/wp-content\/uploads\/2025\/11\/RioOnWatch-visita-a-Vila-da-Barca-em-Belem-durante-a-COP30-e-a-Cupula-dos-Povos-em-13-de-novembro-de-2025-junto-do-guia-local-Nelson-Lima-Rosa-scaled.jpg","contentUrl":"https:\/\/rioonwatch.org.br\/wp-content\/uploads\/2025\/11\/RioOnWatch-visita-a-Vila-da-Barca-em-Belem-durante-a-COP30-e-a-Cupula-dos-Povos-em-13-de-novembro-de-2025-junto-do-guia-local-Nelson-Lima-Rosa-scaled.jpg","width":2560,"height":1709,"caption":"RioOnWatch visita a Vila da Barca, em Bel\u00e9m durante a COP30 e a C\u00fapula dos Povos em 13 de novembro de 2025, junto do guia local Nelson Lima Rosa. Foto: B\u00e1rbara Dias"},{"@type":"BreadcrumbList","@id":"https:\/\/rioonwatch.org.br\/?p=80425#breadcrumb","itemListElement":[{"@type":"ListItem","position":1,"name":"In\u00edcio","item":"https:\/\/rioonwatch.org.br\/"},{"@type":"ListItem","position":2,"name":"Retrato de uma Favela Centen\u00e1ria de Palafitas: A Vila da Barca Resiste, Se Organiza e Luta por Saneamento e Moradia Digna [IMAGENS]"}]},{"@type":"WebSite","@id":"https:\/\/rioonwatch.org.br\/#website","url":"https:\/\/rioonwatch.org.br\/","name":"RioOnWatch","description":"relatos das favelas cariocas","publisher":{"@id":"https:\/\/rioonwatch.org.br\/#organization"},"potentialAction":[{"@type":"SearchAction","target":{"@type":"EntryPoint","urlTemplate":"https:\/\/rioonwatch.org.br\/?s={search_term_string}"},"query-input":{"@type":"PropertyValueSpecification","valueRequired":true,"valueName":"search_term_string"}}],"inLanguage":"pt-BR"},{"@type":"Organization","@id":"https:\/\/rioonwatch.org.br\/#organization","name":"RioOnWatch","url":"https:\/\/rioonwatch.org.br\/","logo":{"@type":"ImageObject","inLanguage":"pt-BR","@id":"https:\/\/rioonwatch.org.br\/#\/schema\/logo\/image\/","url":"https:\/\/rioonwatch.org.br\/wp-content\/uploads\/2021\/06\/RioOnWatchcabecalhoPT11anos-2.png","contentUrl":"https:\/\/rioonwatch.org.br\/wp-content\/uploads\/2021\/06\/RioOnWatchcabecalhoPT11anos-2.png","width":779,"height":277,"caption":"RioOnWatch"},"image":{"@id":"https:\/\/rioonwatch.org.br\/#\/schema\/logo\/image\/"}},{"@type":"Person","@id":"https:\/\/rioonwatch.org.br\/#\/schema\/person\/c6c09a0b56b38f0157a45b963ef3f269","name":"Admin","image":{"@type":"ImageObject","inLanguage":"pt-BR","@id":"https:\/\/rioonwatch.org.br\/#\/schema\/person\/image\/","url":"https:\/\/secure.gravatar.com\/avatar\/da45c89efd4810dc70c16a5da3419806?s=96&d=blank&r=g","contentUrl":"https:\/\/secure.gravatar.com\/avatar\/da45c89efd4810dc70c16a5da3419806?s=96&d=blank&r=g","caption":"Admin"},"url":"https:\/\/rioonwatch.org.br\/?author=3"}]}},"_links":{"self":[{"href":"https:\/\/rioonwatch.org.br\/index.php?rest_route=\/wp\/v2\/posts\/80425"}],"collection":[{"href":"https:\/\/rioonwatch.org.br\/index.php?rest_route=\/wp\/v2\/posts"}],"about":[{"href":"https:\/\/rioonwatch.org.br\/index.php?rest_route=\/wp\/v2\/types\/post"}],"author":[{"embeddable":true,"href":"https:\/\/rioonwatch.org.br\/index.php?rest_route=\/wp\/v2\/users\/3"}],"replies":[{"embeddable":true,"href":"https:\/\/rioonwatch.org.br\/index.php?rest_route=%2Fwp%2Fv2%2Fcomments&post=80425"}],"version-history":[{"count":32,"href":"https:\/\/rioonwatch.org.br\/index.php?rest_route=\/wp\/v2\/posts\/80425\/revisions"}],"predecessor-version":[{"id":80729,"href":"https:\/\/rioonwatch.org.br\/index.php?rest_route=\/wp\/v2\/posts\/80425\/revisions\/80729"}],"wp:featuredmedia":[{"embeddable":true,"href":"https:\/\/rioonwatch.org.br\/index.php?rest_route=\/wp\/v2\/media\/80256"}],"wp:attachment":[{"href":"https:\/\/rioonwatch.org.br\/index.php?rest_route=%2Fwp%2Fv2%2Fmedia&parent=80425"}],"wp:term":[{"taxonomy":"category","embeddable":true,"href":"https:\/\/rioonwatch.org.br\/index.php?rest_route=%2Fwp%2Fv2%2Fcategories&post=80425"},{"taxonomy":"post_tag","embeddable":true,"href":"https:\/\/rioonwatch.org.br\/index.php?rest_route=%2Fwp%2Fv2%2Ftags&post=80425"},{"taxonomy":"writer","embeddable":true,"href":"https:\/\/rioonwatch.org.br\/index.php?rest_route=%2Fwp%2Fv2%2Fwriter&post=80425"},{"taxonomy":"translator","embeddable":true,"href":"https:\/\/rioonwatch.org.br\/index.php?rest_route=%2Fwp%2Fv2%2Ftranslator&post=80425"},{"taxonomy":"source","embeddable":true,"href":"https:\/\/rioonwatch.org.br\/index.php?rest_route=%2Fwp%2Fv2%2Fsource&post=80425"},{"taxonomy":"ilustrador","embeddable":true,"href":"https:\/\/rioonwatch.org.br\/index.php?rest_route=%2Fwp%2Fv2%2Filustrador&post=80425"},{"taxonomy":"fotografo","embeddable":true,"href":"https:\/\/rioonwatch.org.br\/index.php?rest_route=%2Fwp%2Fv2%2Ffotografo&post=80425"}],"curies":[{"name":"wp","href":"https:\/\/api.w.org\/{rel}","templated":true}]}}