{"id":80639,"date":"2025-12-13T18:05:31","date_gmt":"2025-12-13T21:05:31","guid":{"rendered":"https:\/\/rioonwatch.org.br\/?p=80639"},"modified":"2026-01-08T12:35:02","modified_gmt":"2026-01-08T15:35:02","slug":"a-gente-ta-plantando-o-futuro-mutirao-de-reflorestamento-no-salgueiro-recupera-area-de-queimada-e-com-risco-de-deslizamento-com-arvores-frutiferas-nativas-da-mata-atlantica","status":"publish","type":"post","link":"https:\/\/rioonwatch.org.br\/?p=80639","title":{"rendered":"&#8216;A Gente T\u00e1 Plantando o Futuro&#8217;: Mutir\u00e3o de Reflorestamento no Salgueiro Recupera \u00c1rea de Queimada e com Risco de Deslizamento com \u00c1rvores Frut\u00edferas Nativas da Mata Atl\u00e2ntica"},"content":{"rendered":"<figure id=\"attachment_80646\" aria-describedby=\"caption-attachment-80646\" style=\"width: 2250px\" class=\"wp-caption aligncenter\"><a href=\"https:\/\/rioonwatch.org.br\/wp-content\/uploads\/2025\/12\/Alem-de-promover-a-troca-de-conhecimentos-entre-moradores-liderancas-e-voluntarios-o-mutirao-do-Tempo-de-Plantar-tem-por-objetivo-scaled.jpg\"><img fetchpriority=\"high\" decoding=\"async\" class=\"wp-image-80646 size-large\" title=\"Al\u00e9m de promover a troca de conhecimentos entre moradores, lideran\u00e7as e volunt\u00e1rios, o mutir\u00e3o do Tempo de Plantar tem por objetivo assegurar a efetiva recupera\u00e7\u00e3o ambiental dos territ\u00f3rios. Foto: Amanda Baroni\" src=\"https:\/\/rioonwatch.org.br\/wp-content\/uploads\/2025\/12\/Alem-de-promover-a-troca-de-conhecimentos-entre-moradores-liderancas-e-voluntarios-o-mutirao-do-Tempo-de-Plantar-tem-por-objetivo-2250x1500.jpg\" alt=\"Al\u00e9m de promover a troca de conhecimentos entre moradores, lideran\u00e7as e volunt\u00e1rios, o mutir\u00e3o do Tempo de Plantar tem por objetivo assegurar a efetiva recupera\u00e7\u00e3o ambiental dos territ\u00f3rios. Foto: Amanda Baroni\" width=\"2250\" height=\"1500\" srcset=\"https:\/\/rioonwatch.org.br\/wp-content\/uploads\/2025\/12\/Alem-de-promover-a-troca-de-conhecimentos-entre-moradores-liderancas-e-voluntarios-o-mutirao-do-Tempo-de-Plantar-tem-por-objetivo-2250x1500.jpg 2250w, https:\/\/rioonwatch.org.br\/wp-content\/uploads\/2025\/12\/Alem-de-promover-a-troca-de-conhecimentos-entre-moradores-liderancas-e-voluntarios-o-mutirao-do-Tempo-de-Plantar-tem-por-objetivo-620x413.jpg 620w, https:\/\/rioonwatch.org.br\/wp-content\/uploads\/2025\/12\/Alem-de-promover-a-troca-de-conhecimentos-entre-moradores-liderancas-e-voluntarios-o-mutirao-do-Tempo-de-Plantar-tem-por-objetivo-768x512.jpg 768w, https:\/\/rioonwatch.org.br\/wp-content\/uploads\/2025\/12\/Alem-de-promover-a-troca-de-conhecimentos-entre-moradores-liderancas-e-voluntarios-o-mutirao-do-Tempo-de-Plantar-tem-por-objetivo-1536x1024.jpg 1536w, https:\/\/rioonwatch.org.br\/wp-content\/uploads\/2025\/12\/Alem-de-promover-a-troca-de-conhecimentos-entre-moradores-liderancas-e-voluntarios-o-mutirao-do-Tempo-de-Plantar-tem-por-objetivo-2048x1365.jpg 2048w\" sizes=\"(max-width: 2250px) 100vw, 2250px\" \/><\/a><figcaption id=\"caption-attachment-80646\" class=\"wp-caption-text\">Al\u00e9m de promover a troca de conhecimentos entre moradores, mobilizadores e volunt\u00e1rios, o mutir\u00e3o do Tempo de Plantar teve por objetivo assegurar a efetiva recupera\u00e7\u00e3o ambiental. Foto: Amanda Baroni<\/figcaption><\/figure>\n<p style=\"text-align: right;\"><a href=\"https:\/\/bit.ly\/4aPU87G\" target=\"_blank\" rel=\"noopener\"><em><strong>Click Here for English<\/strong><\/em><\/a><a href=\"https:\/\/bit.ly\/4aPU87G\" target=\"_blank\" rel=\"noopener\"><img decoding=\"async\" class=\"alignright wp-image-15790\" src=\"https:\/\/rioonwatch.org.br\/wp-content\/uploads\/2012\/08\/EN-standard-e1439583104716.jpg\" alt=\"\" width=\"20\" height=\"20\" \/><\/a><\/p>\n<p><i data-stringify-type=\"italic\">Este artigo faz parte d<\/i><em>e uma\u00a0<a href=\"https:\/\/bit.ly\/SerieSDSU\" target=\"_blank\" rel=\"noopener noreferrer\">s\u00e9rie<\/a>\u00a0gerada por uma parceria com o\u00a0<a href=\"https:\/\/bit.ly\/SDSUDigitalBrazilProject\" target=\"_blank\" rel=\"noopener noreferrer\">Digital Brazil Project<\/a>\u00a0do\u00a0<\/em><em><a href=\"http:\/\/bit.ly\/2zcymI6\" rel=\"noopener\">Centro<\/a><a href=\"https:\/\/rioonwatch.org.br\/wp-content\/uploads\/2019\/08\/SDSU.png\"><img decoding=\"async\" class=\"alignright wp-image-42675\" src=\"https:\/\/rioonwatch.org.br\/wp-content\/uploads\/2019\/08\/SDSU-620x211.png\" alt=\"\" width=\"200\" height=\"68\" srcset=\"https:\/\/rioonwatch.org.br\/wp-content\/uploads\/2019\/08\/SDSU-620x211.png 620w, https:\/\/rioonwatch.org.br\/wp-content\/uploads\/2019\/08\/SDSU-768x261.png 768w, https:\/\/rioonwatch.org.br\/wp-content\/uploads\/2019\/08\/SDSU-1024x348.png 1024w, https:\/\/rioonwatch.org.br\/wp-content\/uploads\/2019\/08\/SDSU.png 1934w\" sizes=\"(max-width: 200px) 100vw, 200px\" \/><\/a><a href=\"http:\/\/bit.ly\/2zcymI6\" target=\"_blank\" rel=\"noopener\"> Behner Stiefel de Estudos Brasileiros<\/a>\u00a0da Universidade Estadual de San Diego na Calif\u00f3rnia, para produzir mat\u00e9rias sobre direitos humanos e justi\u00e7a socioambiental nas favelas.<\/em><\/p>\n<p><span style=\"font-weight: 400;\">No dia 7 de dezembro, agentes ambientais, mobilizadores locais, moradores e visitantes se reuniram no <a href=\"https:\/\/bit.ly\/36xHerx\" target=\"_blank\" rel=\"noopener\">Morro do Salgueiro<\/a>, na <a href=\"https:\/\/bit.ly\/3581ZK2\" target=\"_blank\" rel=\"noopener\">Tijuca<\/a>, <a href=\"https:\/\/bit.ly\/3qsTKRW\" target=\"_blank\" rel=\"noopener\">Zona Norte<\/a> do Rio de Janeiro, para um <a href=\"https:\/\/bit.ly\/2XqPbhH\" target=\"_blank\" rel=\"noopener\">mutir\u00e3o<\/a> de replantio na regi\u00e3o de <a href=\"https:\/\/bit.ly\/3h5TGpv\" target=\"_blank\" rel=\"noopener\">Mata Atl\u00e2ntica<\/a> da comunidade. Realizada pelo n\u00facleo do <a href=\"https:\/\/bit.ly\/44is9t9\" target=\"_blank\" rel=\"noopener\">Movimento Regenerativo Tempo de Plantar<\/a> do pr\u00f3prio Salgueiro, a atividade fez parte da Agenda Coletiva da Rede Favela Sustent\u00e1vel (<a href=\"https:\/\/bit.ly\/47oDcmW\" target=\"_blank\" rel=\"noopener\">RFS<\/a>)*, tendo como intuito recuperar a regi\u00e3o chamada Caixa D&#8217;\u00e1gua de Faustino. Localizada em um dos pontos mais altos do Salgueiro, a \u00e1rea de replantio \u00e9 frequentemente afetada por <a href=\"https:\/\/rioonwatch.org.br\/?p=75927\">queimadas<\/a> e sujeita a deslizamentos.<\/span><\/p>\n<p><span style=\"font-weight: 400;\">Robson Bas\u00edlio, morador respons\u00e1vel do Tempo de Plantar do Salgueiro, explica que esta a\u00e7\u00e3o \u00e9 <a href=\"https:\/\/rioonwatch.org.br\/?p=79964\">fundamental para reduzir o calor e evitar deslizamentos<\/a> na comunidade, eventos comuns na regi\u00e3o durante o ver\u00e3o.\u00a0\u00a0<\/span><\/p>\n<blockquote><p><span style=\"font-weight: 400;\">\u201cA gente vem, planta&#8230; <\/span><span style=\"font-weight: 400;\">Sempre t\u00f4 arrumando mudas de \u00e1rvores e plantando, mesmo sem a\u00e7\u00e3o. <\/span><span style=\"font-weight: 400;\">T\u00f4 mais de 20 anos nisso a\u00ed, nessa correria a\u00ed. A <\/span><span style=\"font-weight: 400;\">gente procura sempre plantar. Eu chego com 10 mudinhas, cinco, vou l\u00e1 [plantar ao longo da comunidade] e pronto. <\/span><span style=\"font-weight: 400;\">N\u00e3o podemos deixar lugares sem elas, porque, quando n\u00f3s chegamos ao mundo, elas j\u00e1 estavam aqui. Ent\u00e3o, a gente <a href=\"https:\/\/bit.ly\/2THofFi\" target=\"_blank\" rel=\"noopener\">tem que preservar<\/a>.\u201d \u2014 Robson Bas\u00edlio<\/span><\/p><\/blockquote>\n<figure id=\"attachment_80648\" aria-describedby=\"caption-attachment-80648\" style=\"width: 2560px\" class=\"wp-caption aligncenter\"><a href=\"https:\/\/rioonwatch.org.br\/wp-content\/uploads\/2025\/12\/Mutirao-no-Morro-do-Salgueiro-recupera-area-atingida-por-queimada.-Na-foto-Robson-Basilio-membro-do-Tempo-de-Plantar.-Foto-Amanda-Baroni-scaled.jpg\"><img loading=\"lazy\" decoding=\"async\" class=\"wp-image-80648 size-full\" title=\"Mutir\u00e3o no Morro do Salgueiro recupera \u00e1rea atingida por queimada. Na foto, Robson Bas\u00edlio, membro do Tempo de Plantar. Foto: Amanda Baroni\" src=\"https:\/\/rioonwatch.org.br\/wp-content\/uploads\/2025\/12\/Mutirao-no-Morro-do-Salgueiro-recupera-area-atingida-por-queimada.-Na-foto-Robson-Basilio-membro-do-Tempo-de-Plantar.-Foto-Amanda-Baroni-scaled.jpg\" alt=\"Mutir\u00e3o no Morro do Salgueiro recupera \u00e1rea atingida por queimada. Na foto, Robson Bas\u00edlio, membro do Tempo de Plantar. Foto: Amanda Baroni\" width=\"2560\" height=\"1707\" srcset=\"https:\/\/rioonwatch.org.br\/wp-content\/uploads\/2025\/12\/Mutirao-no-Morro-do-Salgueiro-recupera-area-atingida-por-queimada.-Na-foto-Robson-Basilio-membro-do-Tempo-de-Plantar.-Foto-Amanda-Baroni-scaled.jpg 2560w, https:\/\/rioonwatch.org.br\/wp-content\/uploads\/2025\/12\/Mutirao-no-Morro-do-Salgueiro-recupera-area-atingida-por-queimada.-Na-foto-Robson-Basilio-membro-do-Tempo-de-Plantar.-Foto-Amanda-Baroni-620x413.jpg 620w, https:\/\/rioonwatch.org.br\/wp-content\/uploads\/2025\/12\/Mutirao-no-Morro-do-Salgueiro-recupera-area-atingida-por-queimada.-Na-foto-Robson-Basilio-membro-do-Tempo-de-Plantar.-Foto-Amanda-Baroni-768x512.jpg 768w, https:\/\/rioonwatch.org.br\/wp-content\/uploads\/2025\/12\/Mutirao-no-Morro-do-Salgueiro-recupera-area-atingida-por-queimada.-Na-foto-Robson-Basilio-membro-do-Tempo-de-Plantar.-Foto-Amanda-Baroni-1536x1024.jpg 1536w, https:\/\/rioonwatch.org.br\/wp-content\/uploads\/2025\/12\/Mutirao-no-Morro-do-Salgueiro-recupera-area-atingida-por-queimada.-Na-foto-Robson-Basilio-membro-do-Tempo-de-Plantar.-Foto-Amanda-Baroni-2048x1365.jpg 2048w\" sizes=\"(max-width: 2560px) 100vw, 2560px\" \/><\/a><figcaption id=\"caption-attachment-80648\" class=\"wp-caption-text\">Mutir\u00e3o no Morro do Salgueiro recupera \u00e1rea atingida por queimada. Na foto, Robson Bas\u00edlio, do Tempo de Plantar. Foto: Amanda Baroni<\/figcaption><\/figure>\n<p><span style=\"font-weight: 400;\">Frequentemente, o Salgueiro \u00e9 afetado pela combust\u00e3o natural, queimadas ocasionadas pelo tempo seco. O mutir\u00e3o buscou recuperar a umidade do solo utilizando materiais que fazem reten\u00e7\u00e3o da \u00e1gua e plantou mais de 130 mudas de porte m\u00e9dio, em sua maior parte, \u00e1rvores frut\u00edferas, para inibir a eros\u00e3o da terra. <\/span><span style=\"font-weight: 400;\">Palmeira-ju\u00e7ara, ing\u00e1-doce, pitanga, grumixama, ara\u00e7\u00e1, aroeira-vermelha, goiaba, jabuticaba e cambuci foram algumas das esp\u00e9cies plantadas durante o mutir\u00e3o.<\/span><\/p>\n<p><span style=\"font-weight: 400;\">O mutir\u00e3o de plantio faz parte de uma a\u00e7\u00e3o nacional realizada pelo Tempo de Plantar, que, desde 2019, mobiliza volunt\u00e1rios pelo Brasil a plantar no primeiro domingo de dezembro, \u00e9poca tradicionalmente escolhida pela maior concentra\u00e7\u00e3o de chuvas no clima tropical.<\/span><\/p>\n<p><span style=\"font-weight: 400;\">Para Gl\u00e1ucio Gon\u00e7alves, hortel\u00e3o e morador do Salgueiro, realizar essa a\u00e7\u00e3o traz benef\u00edcios de diversas formas.\u00a0<\/span><\/p>\n<blockquote><p><span style=\"font-weight: 400;\">\u201c[Plantar] <\/span><span style=\"font-weight: 400;\">acaba com o lix\u00e3o&#8230; e barra os deslizamentos. E \u00e9 uma terapia, n\u00e9? \u00c9 gostoso trabalhar com planta. Me sinto gratificado. Muito bom mesmo.\u201d \u2014 <\/span><span style=\"font-weight: 400;\">Gl\u00e1ucio Gon\u00e7alves<\/span><\/p><\/blockquote>\n<figure id=\"attachment_80649\" aria-describedby=\"caption-attachment-80649\" style=\"width: 2560px\" class=\"wp-caption aligncenter\"><a href=\"https:\/\/rioonwatch.org.br\/wp-content\/uploads\/2025\/12\/Reunindo-participantes-de-diferentes-comunidades-o-mutirao-teve-por-objetivo-prevenir-deslizamentos-de-terra-e-mitigar-o-calor-na-comunidade.-Foto-Amanda-Baroni-scaled.jpg\"><img loading=\"lazy\" decoding=\"async\" class=\"wp-image-80649 size-full\" title=\"Reunindo participantes de diferentes comunidades, o mutir\u00e3o teve como objetivo prevenir deslizamentos de terra e mitigar o calor na comunidade. Foto: Amanda Baroni\" src=\"https:\/\/rioonwatch.org.br\/wp-content\/uploads\/2025\/12\/Reunindo-participantes-de-diferentes-comunidades-o-mutirao-teve-por-objetivo-prevenir-deslizamentos-de-terra-e-mitigar-o-calor-na-comunidade.-Foto-Amanda-Baroni-scaled.jpg\" alt=\"Reunindo participantes de diferentes comunidades, o mutir\u00e3o teve por objetivo prevenir deslizamentos de terra e mitigar o calor na comunidade. Foto: Amanda Baroni\" width=\"2560\" height=\"1707\" srcset=\"https:\/\/rioonwatch.org.br\/wp-content\/uploads\/2025\/12\/Reunindo-participantes-de-diferentes-comunidades-o-mutirao-teve-por-objetivo-prevenir-deslizamentos-de-terra-e-mitigar-o-calor-na-comunidade.-Foto-Amanda-Baroni-scaled.jpg 2560w, https:\/\/rioonwatch.org.br\/wp-content\/uploads\/2025\/12\/Reunindo-participantes-de-diferentes-comunidades-o-mutirao-teve-por-objetivo-prevenir-deslizamentos-de-terra-e-mitigar-o-calor-na-comunidade.-Foto-Amanda-Baroni-620x413.jpg 620w, https:\/\/rioonwatch.org.br\/wp-content\/uploads\/2025\/12\/Reunindo-participantes-de-diferentes-comunidades-o-mutirao-teve-por-objetivo-prevenir-deslizamentos-de-terra-e-mitigar-o-calor-na-comunidade.-Foto-Amanda-Baroni-768x512.jpg 768w, https:\/\/rioonwatch.org.br\/wp-content\/uploads\/2025\/12\/Reunindo-participantes-de-diferentes-comunidades-o-mutirao-teve-por-objetivo-prevenir-deslizamentos-de-terra-e-mitigar-o-calor-na-comunidade.-Foto-Amanda-Baroni-1536x1024.jpg 1536w, https:\/\/rioonwatch.org.br\/wp-content\/uploads\/2025\/12\/Reunindo-participantes-de-diferentes-comunidades-o-mutirao-teve-por-objetivo-prevenir-deslizamentos-de-terra-e-mitigar-o-calor-na-comunidade.-Foto-Amanda-Baroni-2048x1365.jpg 2048w\" sizes=\"(max-width: 2560px) 100vw, 2560px\" \/><\/a><figcaption id=\"caption-attachment-80649\" class=\"wp-caption-text\">Reunindo participantes de diferentes comunidades, o mutir\u00e3o teve como objetivo prevenir deslizamentos de terra e mitigar o calor na comunidade. Foto: Amanda Baroni<\/figcaption><\/figure>\n<p><span style=\"font-weight: 400;\">Participantes que vieram de outras comunidades tamb\u00e9m compartilharam pontos positivos do encontro. Marcia Greice, moradora do <a href=\"https:\/\/bit.ly\/4dROpfg\" target=\"_blank\" rel=\"noopener\">Morro do Fogueteiro<\/a>, em Santa Teresa, <a href=\"https:\/\/bit.ly\/3m7rrqz\" target=\"_blank\" rel=\"noopener\">regi\u00e3o central<\/a> do Rio, conta que o aprendizado no mutir\u00e3o pode ajudar sua comunidade, ainda suscet\u00edvel a deslizamentos.<\/span><\/p>\n<blockquote><p>\u201cEu vim hoje porque eu tamb\u00e9m gostaria muito de aprender, n\u00e9? Como \u00e9 que trata [a terra], como \u00e9 que cuida&#8230; A planta para mim \u00e9 vida. Eu vim tamb\u00e9m pela import\u00e2ncia de&#8230; [aprender a evitar] deslizamento, entendeu? [Na minha comunidade] j\u00e1 teve muito no passado. Mas porque a terra tamb\u00e9m l\u00e1 \u00e9 vermelha, barro vermelho, barro amarelo. Ainda tem um pedacinho de uma terra l\u00e1 que \u00e9 muito vulner\u00e1vel. Ent\u00e3o, ali tamb\u00e9m a gente precisava [aprender e fazer] tudo isso. Ter um olhar [cuidadoso] mais para ali, entendeu?\u201d \u2014 Marcia Greice<\/p><\/blockquote>\n<figure id=\"attachment_80650\" aria-describedby=\"caption-attachment-80650\" style=\"width: 2560px\" class=\"wp-caption aligncenter\"><a href=\"https:\/\/rioonwatch.org.br\/wp-content\/uploads\/2025\/12\/O-encontro-representou-uma-oportunidade-de-trocas-entre-diferentes-projetos-socioambientais-de-favela.-Na-foto-Marcia-Greice-uma-das-participantes-e-moradora-do-Fogueteiro.-Foto-Amanda-Baroni-scaled.jpg\"><img loading=\"lazy\" decoding=\"async\" class=\"wp-image-80650 size-full\" title=\"O-encontro-representou-uma-oportunidade-de-trocas-entre-diferentes-projetos-socioambientais-de-favela.-Na-foto,-M\u00e1rcia-Greice,-uma-das-participantes-e-moradora-do-Fogueteiro.-Foto:-Amanda-Baroni\" src=\"https:\/\/rioonwatch.org.br\/wp-content\/uploads\/2025\/12\/O-encontro-representou-uma-oportunidade-de-trocas-entre-diferentes-projetos-socioambientais-de-favela.-Na-foto-Marcia-Greice-uma-das-participantes-e-moradora-do-Fogueteiro.-Foto-Amanda-Baroni-scaled.jpg\" alt=\"O encontro representou uma oportunidade de trocas entre diferentes projetos socioambientais de favela. Na foto, M\u00e1rcia Greice, uma das participantes e moradora do Fogueteiro. Foto: Amanda Baroni\" width=\"2560\" height=\"1707\" srcset=\"https:\/\/rioonwatch.org.br\/wp-content\/uploads\/2025\/12\/O-encontro-representou-uma-oportunidade-de-trocas-entre-diferentes-projetos-socioambientais-de-favela.-Na-foto-Marcia-Greice-uma-das-participantes-e-moradora-do-Fogueteiro.-Foto-Amanda-Baroni-scaled.jpg 2560w, https:\/\/rioonwatch.org.br\/wp-content\/uploads\/2025\/12\/O-encontro-representou-uma-oportunidade-de-trocas-entre-diferentes-projetos-socioambientais-de-favela.-Na-foto-Marcia-Greice-uma-das-participantes-e-moradora-do-Fogueteiro.-Foto-Amanda-Baroni-620x413.jpg 620w, https:\/\/rioonwatch.org.br\/wp-content\/uploads\/2025\/12\/O-encontro-representou-uma-oportunidade-de-trocas-entre-diferentes-projetos-socioambientais-de-favela.-Na-foto-Marcia-Greice-uma-das-participantes-e-moradora-do-Fogueteiro.-Foto-Amanda-Baroni-768x512.jpg 768w, https:\/\/rioonwatch.org.br\/wp-content\/uploads\/2025\/12\/O-encontro-representou-uma-oportunidade-de-trocas-entre-diferentes-projetos-socioambientais-de-favela.-Na-foto-Marcia-Greice-uma-das-participantes-e-moradora-do-Fogueteiro.-Foto-Amanda-Baroni-1536x1024.jpg 1536w, https:\/\/rioonwatch.org.br\/wp-content\/uploads\/2025\/12\/O-encontro-representou-uma-oportunidade-de-trocas-entre-diferentes-projetos-socioambientais-de-favela.-Na-foto-Marcia-Greice-uma-das-participantes-e-moradora-do-Fogueteiro.-Foto-Amanda-Baroni-2048x1365.jpg 2048w\" sizes=\"(max-width: 2560px) 100vw, 2560px\" \/><\/a><figcaption id=\"caption-attachment-80650\" class=\"wp-caption-text\">O encontro representou uma oportunidade de trocas entre diferentes projetos socioambientais de favela. Na foto, M\u00e1rcia Greice, uma das participantes e moradora do Fogueteiro. Foto: Amanda Baroni<\/figcaption><\/figure>\n<h3><b>Um Mutir\u00e3o do Presente e do Futuro<\/b><\/h3>\n<p>Al\u00e9m de incentivar o plantio, o mutir\u00e3o tamb\u00e9m tem como objetivo encorajar a\u00e7\u00f5es de continuidade, com manuten\u00e7\u00e3o peri\u00f3dica, de modo a assegurar a efetiva recupera\u00e7\u00e3o ambiental.<\/p>\n<blockquote><p>\u201cA ideia \u00e9 incentivar essa resili\u00eancia. Continuar fazendo [essas a\u00e7\u00f5es] e trazendo mais pessoas \u00e9 o que faz realmente [a mudan\u00e7a] acontecer, sabe? O que \u00e9 important\u00edssimo. N\u00e3o adianta a gente s\u00f3 ir l\u00e1, plantou. A gente tem que ficar ali, voltar de tr\u00eas em tr\u00eas meses, ver como \u00e9 que t\u00e1, e deixar uma pessoa que fique respons\u00e1vel e vai dando esse direcionamento.\u201d \u2014 Gil Pires, gestora ambiental e participante do projeto<\/p><\/blockquote>\n<p>Essa vis\u00e3o tamb\u00e9m \u00e9 refor\u00e7ada por Jana\u00edna Soares, membra do <a href=\"https:\/\/bit.ly\/47vKTWP\">coletivo<\/a> local <a href=\"https:\/\/rioonwatch.org.br\/?p=58741\" target=\"_blank\" rel=\"noopener\">Erveiras e Erveiros do Salgueiro<\/a>. Para ela, plantar \u00e9 uma forma de cultivar um conhecimento que atravessa gera\u00e7\u00f5es, mantendo n\u00e3o s\u00f3 o respeito com a natureza mas tamb\u00e9m com os antepassados e descendentes.<\/p>\n<blockquote><p>\u201cIsso \u00e9 bom porque a gente t\u00e1 trazendo a nossa <a href=\"https:\/\/bit.ly\/3YrzIuN\" target=\"_blank\" rel=\"noopener\">ancestralidade<\/a>, e a gente quer dar continuidade para que os mais novos comecem a seguir o nosso exemplo e amanh\u00e3 d\u00eaem continuidade. Para poder fazer um xarope, fazer um ch\u00e1 para os filhos, para os sobrinhos. Ent\u00e3o, eu venho porque eu acho que \u00e9 muito bacana a gente estar com a m\u00e3o na massa, a gente estar fazendo pela nossa comunidade, n\u00e9? A gente t\u00e1 plantando o amanh\u00e3, t\u00e1 plantando o futuro.\u201d \u2014 Jana\u00edna Soares<\/p><\/blockquote>\n<figure id=\"attachment_80651\" aria-describedby=\"caption-attachment-80651\" style=\"width: 2560px\" class=\"wp-caption aligncenter\"><a href=\"https:\/\/rioonwatch.org.br\/wp-content\/uploads\/2025\/12\/Acao-no-Salgueiro-plantou-cerca-de-130-mudas-visando-proteger-e-recuperar-trecho-sensivel-da-comunidade.-Foto-Amanda-Baroni-scaled.jpg\"><img loading=\"lazy\" decoding=\"async\" class=\"wp-image-80651 size-full\" title=\"A\u00e7\u00e3o no Salgueiro plantou cerca de 130 mudas visando proteger e recuperar trecho sens\u00edvel da comunidade. Foto: Amanda Baroni\" src=\"https:\/\/rioonwatch.org.br\/wp-content\/uploads\/2025\/12\/Acao-no-Salgueiro-plantou-cerca-de-130-mudas-visando-proteger-e-recuperar-trecho-sensivel-da-comunidade.-Foto-Amanda-Baroni-scaled.jpg\" alt=\"A\u00e7\u00e3o no Salgueiro plantou cerca de 130 mudas visando proteger e recuperar trecho sens\u00edvel da comunidade. Foto: Amanda Baroni\" width=\"2560\" height=\"1707\" srcset=\"https:\/\/rioonwatch.org.br\/wp-content\/uploads\/2025\/12\/Acao-no-Salgueiro-plantou-cerca-de-130-mudas-visando-proteger-e-recuperar-trecho-sensivel-da-comunidade.-Foto-Amanda-Baroni-scaled.jpg 2560w, https:\/\/rioonwatch.org.br\/wp-content\/uploads\/2025\/12\/Acao-no-Salgueiro-plantou-cerca-de-130-mudas-visando-proteger-e-recuperar-trecho-sensivel-da-comunidade.-Foto-Amanda-Baroni-620x413.jpg 620w, https:\/\/rioonwatch.org.br\/wp-content\/uploads\/2025\/12\/Acao-no-Salgueiro-plantou-cerca-de-130-mudas-visando-proteger-e-recuperar-trecho-sensivel-da-comunidade.-Foto-Amanda-Baroni-768x512.jpg 768w, https:\/\/rioonwatch.org.br\/wp-content\/uploads\/2025\/12\/Acao-no-Salgueiro-plantou-cerca-de-130-mudas-visando-proteger-e-recuperar-trecho-sensivel-da-comunidade.-Foto-Amanda-Baroni-1536x1024.jpg 1536w, https:\/\/rioonwatch.org.br\/wp-content\/uploads\/2025\/12\/Acao-no-Salgueiro-plantou-cerca-de-130-mudas-visando-proteger-e-recuperar-trecho-sensivel-da-comunidade.-Foto-Amanda-Baroni-2048x1365.jpg 2048w\" sizes=\"(max-width: 2560px) 100vw, 2560px\" \/><\/a><figcaption id=\"caption-attachment-80651\" class=\"wp-caption-text\">A\u00e7\u00e3o no Salgueiro plantou cerca de 130 mudas visando proteger e recuperar trecho sens\u00edvel da comunidade. Foto: Amanda Baroni<\/figcaption><\/figure>\n<p><span style=\"font-weight: 400;\">A fisiologista e volunt\u00e1ria do T<\/span><span style=\"font-weight: 400;\">empo de Plantar, <\/span><span style=\"font-weight: 400;\">Edith Barcelos, diz que s\u00e3o nas a\u00e7\u00f5es do presente que se cultivam perspectivas positivas para as comunidades do futuro. &#8220;Apesar de dar trabalho&#8221;, como diz Edith, reflorestar \u00e9 o maior legado que algu\u00e9m pode deixar para o futuro.<\/span><\/p>\n<blockquote><p><span style=\"font-weight: 400;\">\u201cUma das pessoas daqui da comunidade tava contando que, quando chegou aqui, primeiro era um barraquinho de lona, papel\u00e3o. Hoje, \u00e9 uma casa. Agora, imagina essas pessoas poderem projetar um futuro de que v\u00e3o ter a casa e uma mata maravilhosa atr\u00e1s, fresca, com \u00e1gua vindo de nascente? Por isso que n\u00f3s, hoje, nos organizamos para essa a\u00e7\u00e3o espec\u00edfica aqui no Salgueiro, para mobilizar as pessoas sobre o que \u00e9 o <a href=\"https:\/\/bit.ly\/2JiRTMH\" target=\"_blank\" rel=\"noopener\">reflorestamento<\/a> e que, na verdade, \u00e9 mais importante n\u00f3s mantermos, porque reflorestar d\u00e1 muito trabalho. Quando eu morrer, penso nisso sempre: vou ter plantado um monte de \u00e1rvore, um pouco de mim vai estar em cada \u00e1rvore que eu plantei. Ent\u00e3o, voc\u00ea morre, mas morre menos, sabe? Porque voc\u00ea vai estar um pouquinho nas coisas que voc\u00ea espalhou.\u201d \u2014 <\/span><span style=\"font-weight: 400;\">Edith <\/span><span style=\"font-weight: 400;\">Barcelos<\/span><\/p><\/blockquote>\n<p><span style=\"font-weight: 400;\">O mutir\u00e3o realizado no Morro do Salgueiro contou com cerca de dez volunt\u00e1rios de outras comunidades do Rio de Janeiro, como o <a href=\"https:\/\/bit.ly\/2XYwO1q\" target=\"_blank\" rel=\"noopener\">Morro da Formiga<\/a>, o Morro do Fogueteiro e o <a href=\"https:\/\/bit.ly\/3l0WQKR\" target=\"_blank\" rel=\"noopener\">Complexo da Mar\u00e9<\/a>. Os mutir\u00f5es s\u00e3o abertos a todo o p\u00fablico. Para acompanhar a programa\u00e7\u00e3o, acesse <\/span>o <a href=\"https:\/\/bit.ly\/44is9t9\" target=\"_blank\" rel=\"noopener\">Instagram do projeto<\/a>.<\/p>\n<p><em>*A Rede Favela Sustent\u00e1vel e o RioOnWatch s\u00e3o ambas iniciativas realizadas pela organiza\u00e7\u00e3o sem fins lucrativos, Comunidades Catalisadoras.<br \/>\n<\/em><\/p>\n<p><em>Sobre a autora:\u00a0<i data-stringify-type=\"italic\"><a class=\"c-link\" href=\"https:\/\/bit.ly\/3p94eas\" target=\"_blank\" rel=\"noopener noreferrer\" data-stringify-link=\"https:\/\/bit.ly\/3p94eas\" data-sk=\"tooltip_parent\">Amanda Baroni Lopes<\/a><\/i><i data-stringify-type=\"italic\">\u00a0\u00e9 formada em jornalismo na Unicarioca e foi aluna do 1\u00b0 Laborat\u00f3rio de Jornalismo do\u00a0<\/i><i data-stringify-type=\"italic\"><a class=\"c-link\" href=\"https:\/\/bit.ly\/33tm8dz\" target=\"_blank\" rel=\"noopener noreferrer\" data-stringify-link=\"http:\/\/bit.ly\/2YfGMc5\" data-sk=\"tooltip_parent\">Mar\u00e9 de Not\u00edcias<\/a><\/i><i data-stringify-type=\"italic\">. \u00c9 autora do\u00a0<\/i><a href=\"https:\/\/bit.ly\/3p49ufB\" target=\"_blank\" rel=\"noopener\"><i data-stringify-type=\"italic\">Guia Antiass\u00e9dio no Breaking<\/i><\/a><i data-stringify-type=\"italic\">, um manual que explica ao p\u00fablico do Hip Hop sobre o que \u00e9 ou n\u00e3o ass\u00e9dio e orienta sobre o que fazer nessas situa\u00e7\u00f5es. Amanda \u00e9 cria do Morro do Timbau,\u00a0no Complexo da Mar\u00e9.<\/i><\/em><\/p>\n<hr \/>\n<h4><b data-stringify-type=\"bold\">Apoie nossos esfor\u00e7os para fornecer apoio estrat\u00e9gico \u00e0s favelas do Rio, incluindo o jornalismo hiperlocal, cr\u00edtico, inovador e incans\u00e1vel do\u00a0<\/b><b data-stringify-type=\"bold\"><i data-stringify-type=\"italic\">RioOnWatch<\/i><\/b>\u2014<a class=\"c-link\" href=\"http:\/\/www.bit.ly\/ApoieROW\" target=\"_blank\" rel=\"noopener noreferrer\" data-stringify-link=\"http:\/\/www.bit.ly\/ApoieROW\" data-sk=\"tooltip_parent\">doe aqui<\/a>.<\/h4>\n<!-- AddThis Advanced Settings generic via filter on the_content --><!-- AddThis Share Buttons generic via filter on the_content -->","protected":false},"excerpt":{"rendered":"<div class=\"mh-excerpt\"><p>Click Here for English Este artigo faz parte de uma\u00a0s\u00e9rie\u00a0gerada por uma parceria com o\u00a0Digital Brazil Project\u00a0do\u00a0Centro Behner Stiefel de Estudos Brasileiros\u00a0da Universidade Estadual de San Diego na Calif\u00f3rnia, para produzir mat\u00e9rias sobre direitos humanos <a class=\"mh-excerpt-more\" href=\"https:\/\/rioonwatch.org.br\/?p=80639\" title=\"&#8216;A Gente T\u00e1 Plantando o Futuro&#8217;: Mutir\u00e3o de Reflorestamento no Salgueiro Recupera \u00c1rea de Queimada e com Risco de Deslizamento com \u00c1rvores Frut\u00edferas Nativas da Mata Atl\u00e2ntica\">[&#8230;]<\/a><!-- AddThis Advanced Settings generic via filter on get_the_excerpt --><!-- AddThis Share Buttons generic via filter on get_the_excerpt --><\/p>\n<\/div>","protected":false},"author":192,"featured_media":80646,"comment_status":"closed","ping_status":"closed","sticky":false,"template":"template-full.php","format":"standard","meta":{"_acf_changed":false,"_monsterinsights_skip_tracking":false,"_monsterinsights_sitenote_active":false,"_monsterinsights_sitenote_note":"","_monsterinsights_sitenote_category":0,"footnotes":""},"categories":[1621,1627,1625,1616,1612,342,1639],"tags":[301,3528,259,332,303,363,60,725,296,106,232,233,276,297,427,754,2693,2549,476,3409,404,218],"writer":[3181],"translator":[],"source":[],"ilustrador":[],"fotografo":[3338],"class_list":{"0":"post-80639","1":"post","2":"type-post","3":"status-publish","4":"format-standard","5":"has-post-thumbnail","7":"category-destaque","8":"category-relato-de-evento","9":"category-por-correspondentes-comunitarios","10":"category-qualidades-da-favela","11":"category-sociedade-civil","12":"category-solucoes","13":"category-sustentabilidade","14":"tag-agroecologia","15":"tag-ancestralidade","16":"tag-centro","17":"tag-complexo-da-mare","18":"tag-ecologia","19":"tag-educacao-ambiental","20":"tag-tijuca","21":"tag-incendio","22":"tag-mata-atlantica","23":"tag-meio-ambiente","24":"tag-morro-da-formiga","25":"tag-morro-do-fogueteiro","26":"tag-mutirao","27":"tag-reflorestamento","28":"tag-risco-de-deslizamento","29":"tag-salgueiro","30":"tag-serie-direitos-humanos-com-apoio-do-centro-behner-stiefel-da-sdsu","31":"tag-serie-intercambios-da-rfs","32":"tag-solucao-comunitaria","33":"tag-solucoes-baseadas-na-natureza","34":"tag-sustentabilidade","35":"tag-zona-norte","36":"writer-amanda-baroni-lopes","37":"fotografo-amanda-baroni-lopes"},"acf":[],"yoast_head":"<!-- This site is optimized with the Yoast SEO plugin v25.6 - https:\/\/yoast.com\/wordpress\/plugins\/seo\/ -->\n<title>&#039;A Gente T\u00e1 Plantando o Futuro&#039;: Mutir\u00e3o de Reflorestamento no Salgueiro Recupera \u00c1rea de Queimada e com Risco de Deslizamento com \u00c1rvores Frut\u00edferas Nativas da Mata Atl\u00e2ntica - RioOnWatch<\/title>\n<meta name=\"robots\" content=\"index, follow, max-snippet:-1, max-image-preview:large, max-video-preview:-1\" \/>\n<link rel=\"canonical\" href=\"https:\/\/rioonwatch.org.br\/?p=80639\" \/>\n<meta property=\"og:locale\" content=\"pt_BR\" \/>\n<meta property=\"og:type\" content=\"article\" \/>\n<meta property=\"og:title\" content=\"&#039;A Gente T\u00e1 Plantando o Futuro&#039;: Mutir\u00e3o de Reflorestamento no Salgueiro Recupera \u00c1rea de Queimada e com Risco de Deslizamento com \u00c1rvores Frut\u00edferas Nativas da Mata Atl\u00e2ntica - RioOnWatch\" \/>\n<meta property=\"og:description\" content=\"Click Here for English Este artigo faz parte de uma\u00a0s\u00e9rie\u00a0gerada por uma parceria com o\u00a0Digital Brazil Project\u00a0do\u00a0Centro Behner Stiefel de Estudos Brasileiros\u00a0da Universidade Estadual de San Diego na Calif\u00f3rnia, para produzir mat\u00e9rias sobre direitos humanos [...]\" \/>\n<meta property=\"og:url\" content=\"https:\/\/rioonwatch.org.br\/?p=80639\" \/>\n<meta property=\"og:site_name\" content=\"RioOnWatch\" \/>\n<meta property=\"article:published_time\" content=\"2025-12-13T21:05:31+00:00\" \/>\n<meta property=\"article:modified_time\" content=\"2026-01-08T15:35:02+00:00\" \/>\n<meta property=\"og:image\" content=\"https:\/\/rioonwatch.org.br\/wp-content\/uploads\/2025\/12\/Alem-de-promover-a-troca-de-conhecimentos-entre-moradores-liderancas-e-voluntarios-o-mutirao-do-Tempo-de-Plantar-tem-por-objetivo-scaled.jpg\" \/>\n\t<meta property=\"og:image:width\" content=\"2560\" \/>\n\t<meta property=\"og:image:height\" content=\"1707\" \/>\n\t<meta property=\"og:image:type\" content=\"image\/jpeg\" \/>\n<meta name=\"author\" content=\"Beatriz Miranda\" \/>\n<meta name=\"twitter:card\" content=\"summary_large_image\" \/>\n<meta name=\"twitter:label1\" content=\"Escrito por\" \/>\n\t<meta name=\"twitter:data1\" content=\"Beatriz Miranda\" \/>\n\t<meta name=\"twitter:label2\" content=\"Est. tempo de leitura\" \/>\n\t<meta name=\"twitter:data2\" content=\"6 minutos\" \/>\n<script type=\"application\/ld+json\" class=\"yoast-schema-graph\">{\"@context\":\"https:\/\/schema.org\",\"@graph\":[{\"@type\":\"Article\",\"@id\":\"https:\/\/rioonwatch.org.br\/?p=80639#article\",\"isPartOf\":{\"@id\":\"https:\/\/rioonwatch.org.br\/?p=80639\"},\"author\":{\"name\":\"Beatriz Miranda\",\"@id\":\"https:\/\/rioonwatch.org.br\/#\/schema\/person\/1150bfc199e76e22909b454a0c139c4b\"},\"headline\":\"&#8216;A Gente T\u00e1 Plantando o Futuro&#8217;: Mutir\u00e3o de Reflorestamento no Salgueiro Recupera \u00c1rea de Queimada e com Risco de Deslizamento com \u00c1rvores Frut\u00edferas Nativas da Mata Atl\u00e2ntica\",\"datePublished\":\"2025-12-13T21:05:31+00:00\",\"dateModified\":\"2026-01-08T15:35:02+00:00\",\"mainEntityOfPage\":{\"@id\":\"https:\/\/rioonwatch.org.br\/?p=80639\"},\"wordCount\":1369,\"publisher\":{\"@id\":\"https:\/\/rioonwatch.org.br\/#organization\"},\"image\":{\"@id\":\"https:\/\/rioonwatch.org.br\/?p=80639#primaryimage\"},\"thumbnailUrl\":\"https:\/\/rioonwatch.org.br\/wp-content\/uploads\/2025\/12\/Alem-de-promover-a-troca-de-conhecimentos-entre-moradores-liderancas-e-voluntarios-o-mutirao-do-Tempo-de-Plantar-tem-por-objetivo-scaled.jpg\",\"keywords\":[\"agroecologia\",\"Ancestralidade\",\"Centro\",\"Complexo da Mar\u00e9\",\"ecologia\",\"educa\u00e7\u00e3o ambiental\",\"Grande Tijuca\",\"inc\u00eandio\",\"Mata Atl\u00e2ntica\",\"meio ambiente\",\"Morro da Formiga\",\"Morro do Fogueteiro\",\"mutir\u00e3o\",\"reflorestamento\",\"risco de deslizamento\",\"Salgueiro\",\"S\u00e9rie Apoiada pelo Centro Behner Stiefel\/SDSU\",\"S\u00e9rie: Interc\u00e2mbios da RFS\",\"solu\u00e7\u00e3o comunit\u00e1ria\",\"solu\u00e7\u00f5es baseadas na natureza\",\"sustentabilidade\",\"Zona Norte\"],\"articleSection\":[\"*Destaque\",\"Cobertura de Eventos\",\"Escrito por Comunicadores Populares\",\"Qualidades da Favela\",\"Sociedade Civil\",\"Solu\u00e7\u00f5es\",\"Sustentabilidade\"],\"inLanguage\":\"pt-BR\"},{\"@type\":\"WebPage\",\"@id\":\"https:\/\/rioonwatch.org.br\/?p=80639\",\"url\":\"https:\/\/rioonwatch.org.br\/?p=80639\",\"name\":\"'A Gente T\u00e1 Plantando o Futuro': Mutir\u00e3o de Reflorestamento no Salgueiro Recupera \u00c1rea de Queimada e com Risco de Deslizamento com \u00c1rvores Frut\u00edferas Nativas da Mata Atl\u00e2ntica - RioOnWatch\",\"isPartOf\":{\"@id\":\"https:\/\/rioonwatch.org.br\/#website\"},\"primaryImageOfPage\":{\"@id\":\"https:\/\/rioonwatch.org.br\/?p=80639#primaryimage\"},\"image\":{\"@id\":\"https:\/\/rioonwatch.org.br\/?p=80639#primaryimage\"},\"thumbnailUrl\":\"https:\/\/rioonwatch.org.br\/wp-content\/uploads\/2025\/12\/Alem-de-promover-a-troca-de-conhecimentos-entre-moradores-liderancas-e-voluntarios-o-mutirao-do-Tempo-de-Plantar-tem-por-objetivo-scaled.jpg\",\"datePublished\":\"2025-12-13T21:05:31+00:00\",\"dateModified\":\"2026-01-08T15:35:02+00:00\",\"breadcrumb\":{\"@id\":\"https:\/\/rioonwatch.org.br\/?p=80639#breadcrumb\"},\"inLanguage\":\"pt-BR\",\"potentialAction\":[{\"@type\":\"ReadAction\",\"target\":[\"https:\/\/rioonwatch.org.br\/?p=80639\"]}]},{\"@type\":\"ImageObject\",\"inLanguage\":\"pt-BR\",\"@id\":\"https:\/\/rioonwatch.org.br\/?p=80639#primaryimage\",\"url\":\"https:\/\/rioonwatch.org.br\/wp-content\/uploads\/2025\/12\/Alem-de-promover-a-troca-de-conhecimentos-entre-moradores-liderancas-e-voluntarios-o-mutirao-do-Tempo-de-Plantar-tem-por-objetivo-scaled.jpg\",\"contentUrl\":\"https:\/\/rioonwatch.org.br\/wp-content\/uploads\/2025\/12\/Alem-de-promover-a-troca-de-conhecimentos-entre-moradores-liderancas-e-voluntarios-o-mutirao-do-Tempo-de-Plantar-tem-por-objetivo-scaled.jpg\",\"width\":2560,\"height\":1707,\"caption\":\"Al\u00e9m de promover a troca de conhecimentos entre moradores, lideran\u00e7as e volunt\u00e1rios, o mutir\u00e3o do Tempo de Plantar tem por objetivo assegurar a efetiva recupera\u00e7\u00e3o ambiental dos territ\u00f3rios. Foto: Amanda Baroni\"},{\"@type\":\"BreadcrumbList\",\"@id\":\"https:\/\/rioonwatch.org.br\/?p=80639#breadcrumb\",\"itemListElement\":[{\"@type\":\"ListItem\",\"position\":1,\"name\":\"In\u00edcio\",\"item\":\"https:\/\/rioonwatch.org.br\/\"},{\"@type\":\"ListItem\",\"position\":2,\"name\":\"&#8216;A Gente T\u00e1 Plantando o Futuro&#8217;: Mutir\u00e3o de Reflorestamento no Salgueiro Recupera \u00c1rea de Queimada e com Risco de Deslizamento com \u00c1rvores Frut\u00edferas Nativas da Mata Atl\u00e2ntica\"}]},{\"@type\":\"WebSite\",\"@id\":\"https:\/\/rioonwatch.org.br\/#website\",\"url\":\"https:\/\/rioonwatch.org.br\/\",\"name\":\"RioOnWatch\",\"description\":\"relatos das favelas cariocas\",\"publisher\":{\"@id\":\"https:\/\/rioonwatch.org.br\/#organization\"},\"potentialAction\":[{\"@type\":\"SearchAction\",\"target\":{\"@type\":\"EntryPoint\",\"urlTemplate\":\"https:\/\/rioonwatch.org.br\/?s={search_term_string}\"},\"query-input\":{\"@type\":\"PropertyValueSpecification\",\"valueRequired\":true,\"valueName\":\"search_term_string\"}}],\"inLanguage\":\"pt-BR\"},{\"@type\":\"Organization\",\"@id\":\"https:\/\/rioonwatch.org.br\/#organization\",\"name\":\"RioOnWatch\",\"url\":\"https:\/\/rioonwatch.org.br\/\",\"logo\":{\"@type\":\"ImageObject\",\"inLanguage\":\"pt-BR\",\"@id\":\"https:\/\/rioonwatch.org.br\/#\/schema\/logo\/image\/\",\"url\":\"https:\/\/rioonwatch.org.br\/wp-content\/uploads\/2021\/06\/RioOnWatchcabecalhoPT11anos-2.png\",\"contentUrl\":\"https:\/\/rioonwatch.org.br\/wp-content\/uploads\/2021\/06\/RioOnWatchcabecalhoPT11anos-2.png\",\"width\":779,\"height\":277,\"caption\":\"RioOnWatch\"},\"image\":{\"@id\":\"https:\/\/rioonwatch.org.br\/#\/schema\/logo\/image\/\"}},{\"@type\":\"Person\",\"@id\":\"https:\/\/rioonwatch.org.br\/#\/schema\/person\/1150bfc199e76e22909b454a0c139c4b\",\"name\":\"Beatriz Miranda\",\"image\":{\"@type\":\"ImageObject\",\"inLanguage\":\"pt-BR\",\"@id\":\"https:\/\/rioonwatch.org.br\/#\/schema\/person\/image\/\",\"url\":\"https:\/\/secure.gravatar.com\/avatar\/41a514d4cb8be1f42ceaebd1038a447b?s=96&d=blank&r=g\",\"contentUrl\":\"https:\/\/secure.gravatar.com\/avatar\/41a514d4cb8be1f42ceaebd1038a447b?s=96&d=blank&r=g\",\"caption\":\"Beatriz Miranda\"},\"url\":\"https:\/\/rioonwatch.org.br\/?author=192\"}]}<\/script>\n<!-- \/ Yoast SEO plugin. -->","yoast_head_json":{"title":"'A Gente T\u00e1 Plantando o Futuro': Mutir\u00e3o de Reflorestamento no Salgueiro Recupera \u00c1rea de Queimada e com Risco de Deslizamento com \u00c1rvores Frut\u00edferas Nativas da Mata Atl\u00e2ntica - RioOnWatch","robots":{"index":"index","follow":"follow","max-snippet":"max-snippet:-1","max-image-preview":"max-image-preview:large","max-video-preview":"max-video-preview:-1"},"canonical":"https:\/\/rioonwatch.org.br\/?p=80639","og_locale":"pt_BR","og_type":"article","og_title":"'A Gente T\u00e1 Plantando o Futuro': Mutir\u00e3o de Reflorestamento no Salgueiro Recupera \u00c1rea de Queimada e com Risco de Deslizamento com \u00c1rvores Frut\u00edferas Nativas da Mata Atl\u00e2ntica - RioOnWatch","og_description":"Click Here for English Este artigo faz parte de uma\u00a0s\u00e9rie\u00a0gerada por uma parceria com o\u00a0Digital Brazil Project\u00a0do\u00a0Centro Behner Stiefel de Estudos Brasileiros\u00a0da Universidade Estadual de San Diego na Calif\u00f3rnia, para produzir mat\u00e9rias sobre direitos humanos [...]","og_url":"https:\/\/rioonwatch.org.br\/?p=80639","og_site_name":"RioOnWatch","article_published_time":"2025-12-13T21:05:31+00:00","article_modified_time":"2026-01-08T15:35:02+00:00","og_image":[{"width":2560,"height":1707,"url":"https:\/\/rioonwatch.org.br\/wp-content\/uploads\/2025\/12\/Alem-de-promover-a-troca-de-conhecimentos-entre-moradores-liderancas-e-voluntarios-o-mutirao-do-Tempo-de-Plantar-tem-por-objetivo-scaled.jpg","type":"image\/jpeg"}],"author":"Beatriz Miranda","twitter_card":"summary_large_image","twitter_misc":{"Escrito por":"Beatriz Miranda","Est. tempo de leitura":"6 minutos"},"schema":{"@context":"https:\/\/schema.org","@graph":[{"@type":"Article","@id":"https:\/\/rioonwatch.org.br\/?p=80639#article","isPartOf":{"@id":"https:\/\/rioonwatch.org.br\/?p=80639"},"author":{"name":"Beatriz Miranda","@id":"https:\/\/rioonwatch.org.br\/#\/schema\/person\/1150bfc199e76e22909b454a0c139c4b"},"headline":"&#8216;A Gente T\u00e1 Plantando o Futuro&#8217;: Mutir\u00e3o de Reflorestamento no Salgueiro Recupera \u00c1rea de Queimada e com Risco de Deslizamento com \u00c1rvores Frut\u00edferas Nativas da Mata Atl\u00e2ntica","datePublished":"2025-12-13T21:05:31+00:00","dateModified":"2026-01-08T15:35:02+00:00","mainEntityOfPage":{"@id":"https:\/\/rioonwatch.org.br\/?p=80639"},"wordCount":1369,"publisher":{"@id":"https:\/\/rioonwatch.org.br\/#organization"},"image":{"@id":"https:\/\/rioonwatch.org.br\/?p=80639#primaryimage"},"thumbnailUrl":"https:\/\/rioonwatch.org.br\/wp-content\/uploads\/2025\/12\/Alem-de-promover-a-troca-de-conhecimentos-entre-moradores-liderancas-e-voluntarios-o-mutirao-do-Tempo-de-Plantar-tem-por-objetivo-scaled.jpg","keywords":["agroecologia","Ancestralidade","Centro","Complexo da Mar\u00e9","ecologia","educa\u00e7\u00e3o ambiental","Grande Tijuca","inc\u00eandio","Mata Atl\u00e2ntica","meio ambiente","Morro da Formiga","Morro do Fogueteiro","mutir\u00e3o","reflorestamento","risco de deslizamento","Salgueiro","S\u00e9rie Apoiada pelo Centro Behner Stiefel\/SDSU","S\u00e9rie: Interc\u00e2mbios da RFS","solu\u00e7\u00e3o comunit\u00e1ria","solu\u00e7\u00f5es baseadas na natureza","sustentabilidade","Zona Norte"],"articleSection":["*Destaque","Cobertura de Eventos","Escrito por Comunicadores Populares","Qualidades da Favela","Sociedade Civil","Solu\u00e7\u00f5es","Sustentabilidade"],"inLanguage":"pt-BR"},{"@type":"WebPage","@id":"https:\/\/rioonwatch.org.br\/?p=80639","url":"https:\/\/rioonwatch.org.br\/?p=80639","name":"'A Gente T\u00e1 Plantando o Futuro': Mutir\u00e3o de Reflorestamento no Salgueiro Recupera \u00c1rea de Queimada e com Risco de Deslizamento com \u00c1rvores Frut\u00edferas Nativas da Mata Atl\u00e2ntica - RioOnWatch","isPartOf":{"@id":"https:\/\/rioonwatch.org.br\/#website"},"primaryImageOfPage":{"@id":"https:\/\/rioonwatch.org.br\/?p=80639#primaryimage"},"image":{"@id":"https:\/\/rioonwatch.org.br\/?p=80639#primaryimage"},"thumbnailUrl":"https:\/\/rioonwatch.org.br\/wp-content\/uploads\/2025\/12\/Alem-de-promover-a-troca-de-conhecimentos-entre-moradores-liderancas-e-voluntarios-o-mutirao-do-Tempo-de-Plantar-tem-por-objetivo-scaled.jpg","datePublished":"2025-12-13T21:05:31+00:00","dateModified":"2026-01-08T15:35:02+00:00","breadcrumb":{"@id":"https:\/\/rioonwatch.org.br\/?p=80639#breadcrumb"},"inLanguage":"pt-BR","potentialAction":[{"@type":"ReadAction","target":["https:\/\/rioonwatch.org.br\/?p=80639"]}]},{"@type":"ImageObject","inLanguage":"pt-BR","@id":"https:\/\/rioonwatch.org.br\/?p=80639#primaryimage","url":"https:\/\/rioonwatch.org.br\/wp-content\/uploads\/2025\/12\/Alem-de-promover-a-troca-de-conhecimentos-entre-moradores-liderancas-e-voluntarios-o-mutirao-do-Tempo-de-Plantar-tem-por-objetivo-scaled.jpg","contentUrl":"https:\/\/rioonwatch.org.br\/wp-content\/uploads\/2025\/12\/Alem-de-promover-a-troca-de-conhecimentos-entre-moradores-liderancas-e-voluntarios-o-mutirao-do-Tempo-de-Plantar-tem-por-objetivo-scaled.jpg","width":2560,"height":1707,"caption":"Al\u00e9m de promover a troca de conhecimentos entre moradores, lideran\u00e7as e volunt\u00e1rios, o mutir\u00e3o do Tempo de Plantar tem por objetivo assegurar a efetiva recupera\u00e7\u00e3o ambiental dos territ\u00f3rios. Foto: Amanda Baroni"},{"@type":"BreadcrumbList","@id":"https:\/\/rioonwatch.org.br\/?p=80639#breadcrumb","itemListElement":[{"@type":"ListItem","position":1,"name":"In\u00edcio","item":"https:\/\/rioonwatch.org.br\/"},{"@type":"ListItem","position":2,"name":"&#8216;A Gente T\u00e1 Plantando o Futuro&#8217;: Mutir\u00e3o de Reflorestamento no Salgueiro Recupera \u00c1rea de Queimada e com Risco de Deslizamento com \u00c1rvores Frut\u00edferas Nativas da Mata Atl\u00e2ntica"}]},{"@type":"WebSite","@id":"https:\/\/rioonwatch.org.br\/#website","url":"https:\/\/rioonwatch.org.br\/","name":"RioOnWatch","description":"relatos das favelas cariocas","publisher":{"@id":"https:\/\/rioonwatch.org.br\/#organization"},"potentialAction":[{"@type":"SearchAction","target":{"@type":"EntryPoint","urlTemplate":"https:\/\/rioonwatch.org.br\/?s={search_term_string}"},"query-input":{"@type":"PropertyValueSpecification","valueRequired":true,"valueName":"search_term_string"}}],"inLanguage":"pt-BR"},{"@type":"Organization","@id":"https:\/\/rioonwatch.org.br\/#organization","name":"RioOnWatch","url":"https:\/\/rioonwatch.org.br\/","logo":{"@type":"ImageObject","inLanguage":"pt-BR","@id":"https:\/\/rioonwatch.org.br\/#\/schema\/logo\/image\/","url":"https:\/\/rioonwatch.org.br\/wp-content\/uploads\/2021\/06\/RioOnWatchcabecalhoPT11anos-2.png","contentUrl":"https:\/\/rioonwatch.org.br\/wp-content\/uploads\/2021\/06\/RioOnWatchcabecalhoPT11anos-2.png","width":779,"height":277,"caption":"RioOnWatch"},"image":{"@id":"https:\/\/rioonwatch.org.br\/#\/schema\/logo\/image\/"}},{"@type":"Person","@id":"https:\/\/rioonwatch.org.br\/#\/schema\/person\/1150bfc199e76e22909b454a0c139c4b","name":"Beatriz Miranda","image":{"@type":"ImageObject","inLanguage":"pt-BR","@id":"https:\/\/rioonwatch.org.br\/#\/schema\/person\/image\/","url":"https:\/\/secure.gravatar.com\/avatar\/41a514d4cb8be1f42ceaebd1038a447b?s=96&d=blank&r=g","contentUrl":"https:\/\/secure.gravatar.com\/avatar\/41a514d4cb8be1f42ceaebd1038a447b?s=96&d=blank&r=g","caption":"Beatriz Miranda"},"url":"https:\/\/rioonwatch.org.br\/?author=192"}]}},"_links":{"self":[{"href":"https:\/\/rioonwatch.org.br\/index.php?rest_route=\/wp\/v2\/posts\/80639"}],"collection":[{"href":"https:\/\/rioonwatch.org.br\/index.php?rest_route=\/wp\/v2\/posts"}],"about":[{"href":"https:\/\/rioonwatch.org.br\/index.php?rest_route=\/wp\/v2\/types\/post"}],"author":[{"embeddable":true,"href":"https:\/\/rioonwatch.org.br\/index.php?rest_route=\/wp\/v2\/users\/192"}],"replies":[{"embeddable":true,"href":"https:\/\/rioonwatch.org.br\/index.php?rest_route=%2Fwp%2Fv2%2Fcomments&post=80639"}],"version-history":[{"count":21,"href":"https:\/\/rioonwatch.org.br\/index.php?rest_route=\/wp\/v2\/posts\/80639\/revisions"}],"predecessor-version":[{"id":80927,"href":"https:\/\/rioonwatch.org.br\/index.php?rest_route=\/wp\/v2\/posts\/80639\/revisions\/80927"}],"wp:featuredmedia":[{"embeddable":true,"href":"https:\/\/rioonwatch.org.br\/index.php?rest_route=\/wp\/v2\/media\/80646"}],"wp:attachment":[{"href":"https:\/\/rioonwatch.org.br\/index.php?rest_route=%2Fwp%2Fv2%2Fmedia&parent=80639"}],"wp:term":[{"taxonomy":"category","embeddable":true,"href":"https:\/\/rioonwatch.org.br\/index.php?rest_route=%2Fwp%2Fv2%2Fcategories&post=80639"},{"taxonomy":"post_tag","embeddable":true,"href":"https:\/\/rioonwatch.org.br\/index.php?rest_route=%2Fwp%2Fv2%2Ftags&post=80639"},{"taxonomy":"writer","embeddable":true,"href":"https:\/\/rioonwatch.org.br\/index.php?rest_route=%2Fwp%2Fv2%2Fwriter&post=80639"},{"taxonomy":"translator","embeddable":true,"href":"https:\/\/rioonwatch.org.br\/index.php?rest_route=%2Fwp%2Fv2%2Ftranslator&post=80639"},{"taxonomy":"source","embeddable":true,"href":"https:\/\/rioonwatch.org.br\/index.php?rest_route=%2Fwp%2Fv2%2Fsource&post=80639"},{"taxonomy":"ilustrador","embeddable":true,"href":"https:\/\/rioonwatch.org.br\/index.php?rest_route=%2Fwp%2Fv2%2Filustrador&post=80639"},{"taxonomy":"fotografo","embeddable":true,"href":"https:\/\/rioonwatch.org.br\/index.php?rest_route=%2Fwp%2Fv2%2Ffotografo&post=80639"}],"curies":[{"name":"wp","href":"https:\/\/api.w.org\/{rel}","templated":true}]}}