{"id":81197,"date":"2026-03-12T15:20:35","date_gmt":"2026-03-12T18:20:35","guid":{"rendered":"https:\/\/rioonwatch.org.br\/?p=81197"},"modified":"2026-03-31T21:37:12","modified_gmt":"2026-04-01T00:37:12","slug":"escola-premiada-por-sua-vocacao-verde-get-brant-na-penha-promove-mutirao-na-horta-e-educacao-com-jovens-protagonistas-ambientais","status":"publish","type":"post","link":"https:\/\/rioonwatch.org.br\/?p=81197","title":{"rendered":"Escola Premiada por Sua Voca\u00e7\u00e3o Verde, GET Brant na Penha, Promove Mutir\u00e3o na Horta e Educa\u00e7\u00e3o com Jovens Protagonistas Ambientais"},"content":{"rendered":"<figure id=\"attachment_81275\" aria-describedby=\"caption-attachment-81275\" style=\"width: 2048px\" class=\"wp-caption aligncenter\"><a href=\"https:\/\/rioonwatch.org.br\/wp-content\/uploads\/2026\/03\/Alunos-da-GET-Brant-Horta-em-mutirao.-Foto-Amanda-Baroni.png\"><img fetchpriority=\"high\" decoding=\"async\" class=\"wp-image-81275 size-full\" title=\"Alunos da GET Brant Horta em mutir\u00e3o. Foto: Amanda Baroni\" src=\"https:\/\/rioonwatch.org.br\/wp-content\/uploads\/2026\/03\/Alunos-da-GET-Brant-Horta-em-mutirao.-Foto-Amanda-Baroni.png\" alt=\"Alunos da GET Brant Horta em mutir\u00e3o. Foto: Amanda Baroni\" width=\"2048\" height=\"1365\" srcset=\"https:\/\/rioonwatch.org.br\/wp-content\/uploads\/2026\/03\/Alunos-da-GET-Brant-Horta-em-mutirao.-Foto-Amanda-Baroni.png 2048w, https:\/\/rioonwatch.org.br\/wp-content\/uploads\/2026\/03\/Alunos-da-GET-Brant-Horta-em-mutirao.-Foto-Amanda-Baroni-620x413.png 620w, https:\/\/rioonwatch.org.br\/wp-content\/uploads\/2026\/03\/Alunos-da-GET-Brant-Horta-em-mutirao.-Foto-Amanda-Baroni-768x512.png 768w, https:\/\/rioonwatch.org.br\/wp-content\/uploads\/2026\/03\/Alunos-da-GET-Brant-Horta-em-mutirao.-Foto-Amanda-Baroni-1536x1024.png 1536w\" sizes=\"(max-width: 2048px) 100vw, 2048px\" \/><\/a><figcaption id=\"caption-attachment-81275\" class=\"wp-caption-text\">Alunos da GET Brant Horta em mutir\u00e3o. Foto: Amanda Baroni<\/figcaption><\/figure>\n<p style=\"text-align: right;\"><a href=\"https:\/\/bit.ly\/4uWM9xj\" target=\"_blank\" rel=\"noopener\"><em><strong>Click Here for English<\/strong><\/em><img decoding=\"async\" class=\"alignright wp-image-15790\" src=\"https:\/\/rioonwatch.org.br\/wp-content\/uploads\/2012\/08\/EN-standard-e1439583104716.jpg\" alt=\"\" width=\"20\" height=\"20\" \/><\/a><\/p>\n<p><span style=\"font-weight: 400;\">H\u00e1 dois anos, o retorno \u00e0s aulas no<\/span> <a href=\"https:\/\/bit.ly\/4belwuE\" target=\"_blank\" rel=\"noopener\"><span style=\"font-weight: 400;\">Gin\u00e1sio Educacional Tecnol\u00f3gico Brant Horta<\/span><\/a><span style=\"font-weight: 400;\">, localizado no bairro da<\/span> <a href=\"https:\/\/bit.ly\/31jPWcp\" target=\"_blank\" rel=\"noopener\"><span style=\"font-weight: 400;\">Penha<\/span><\/a><span style=\"font-weight: 400;\">,<\/span> <a href=\"https:\/\/bit.ly\/2ETpYR1\" target=\"_blank\" rel=\"noopener\"><span style=\"font-weight: 400;\">Zona Norte<\/span><\/a><span style=\"font-weight: 400;\"> do Rio de Janeiro, come\u00e7a de uma forma especial: com a realiza\u00e7\u00e3o de um mutir\u00e3o na <a href=\"https:\/\/bit.ly\/2qANkXf\" target=\"_blank\" rel=\"noopener\">horta comunit\u00e1ria<\/a> da escola.\u00a0<\/span><\/p>\n<p><span style=\"font-weight: 400;\">A a\u00e7\u00e3o conta com o apoio de <a href=\"https:\/\/bit.ly\/3DyQZuh\" target=\"_blank\" rel=\"noopener\">Vilson Luiz<\/a>, guia de turismo e educador ambiental da Penha respons\u00e1vel por coordenar o projeto<\/span><span style=\"font-weight: 400;\">, e a <\/span><a href=\"https:\/\/bit.ly\/4eoG8Qf\" target=\"_blank\" rel=\"noopener\"><span style=\"font-weight: 400;\">Frente Penha<\/span><\/a><span style=\"font-weight: 400;\">. N<\/span><span style=\"font-weight: 400;\">o dia 5 de mar\u00e7o reuniram alunos, professores e parceiros ambientais em ritual de<\/span> <a href=\"https:\/\/bit.ly\/4b7wQtD\" target=\"_blank\" rel=\"noopener\"><span style=\"font-weight: 400;\">boas-vindas aos novos alunos<\/span><\/a><span style=\"font-weight: 400;\">. O evento, atividade de mar\u00e7o da agenda coletiva da Rede Favela Sustent\u00e1vel (<a href=\"https:\/\/bit.ly\/47gueXe\" target=\"_blank\" rel=\"noopener\">RFS<\/a>)*, reuniu tamb\u00e9m volunt\u00e1rios ambientais, como Edvana do Nascimento, membro da <a href=\"https:\/\/bit.ly\/4d3t3if\" target=\"_blank\" rel=\"noopener\">A\u00e7\u00e3o da Cidadania<\/a>, Mara L\u00facia Ara\u00fajo, membro do coletivo <a href=\"https:\/\/bit.ly\/4cxNrbg\" target=\"_blank\" rel=\"noopener\">Mulheres Positivas<\/a>, Franklin Ramos, educador ambiental, Eliana Ramos, empreendedora da Edixe Acess\u00f3rios, Lucia Helena Barbosa, da <a href=\"https:\/\/bit.ly\/4bsRmoB\" target=\"_blank\" rel=\"noopener\">Cooperativa Transvida<\/a> e Maria Jos\u00e9 da Silva.<\/span><\/p>\n<figure id=\"attachment_81263\" aria-describedby=\"caption-attachment-81263\" style=\"width: 2048px\" class=\"wp-caption aligncenter\"><a href=\"https:\/\/rioonwatch.org.br\/wp-content\/uploads\/2026\/03\/Mutirao-na-horta-da-escola-GET-Brant-na-Penha.-Foto-Amanda-Baroni.png\"><img decoding=\"async\" class=\"wp-image-81263 size-full\" title=\"Mutir\u00e3o na horta da escola GET Brant, na Penha. Foto: Amanda Baroni\" src=\"https:\/\/rioonwatch.org.br\/wp-content\/uploads\/2026\/03\/Mutirao-na-horta-da-escola-GET-Brant-na-Penha.-Foto-Amanda-Baroni.png\" alt=\"Mutir\u00e3o na horta da escola GET Brant, na Penha. Foto: Amanda Baroni\" width=\"2048\" height=\"1365\" srcset=\"https:\/\/rioonwatch.org.br\/wp-content\/uploads\/2026\/03\/Mutirao-na-horta-da-escola-GET-Brant-na-Penha.-Foto-Amanda-Baroni.png 2048w, https:\/\/rioonwatch.org.br\/wp-content\/uploads\/2026\/03\/Mutirao-na-horta-da-escola-GET-Brant-na-Penha.-Foto-Amanda-Baroni-620x413.png 620w, https:\/\/rioonwatch.org.br\/wp-content\/uploads\/2026\/03\/Mutirao-na-horta-da-escola-GET-Brant-na-Penha.-Foto-Amanda-Baroni-768x512.png 768w, https:\/\/rioonwatch.org.br\/wp-content\/uploads\/2026\/03\/Mutirao-na-horta-da-escola-GET-Brant-na-Penha.-Foto-Amanda-Baroni-1536x1024.png 1536w\" sizes=\"(max-width: 2048px) 100vw, 2048px\" \/><\/a><figcaption id=\"caption-attachment-81263\" class=\"wp-caption-text\">Mutir\u00e3o na horta da escola GET Brant, na Penha. Foto: Amanda Baroni<\/figcaption><\/figure>\n<h3><b>Meio Ambiente Como Ferramenta Educativa<\/b><\/h3>\n<p><span style=\"font-weight: 400;\">Como <a href=\"https:\/\/bit.ly\/33PdNil\" target=\"_blank\" rel=\"noopener\">j\u00e1 publicado<\/a> pelo <em>RioOnWatch<\/em>, <\/span><span style=\"font-weight: 400;\">a regi\u00e3o do <a href=\"https:\/\/bit.ly\/3f3adY2\">Complexo da Penha<\/a> \u00e9 uma das principais <a href=\"https:\/\/bit.ly\/4mTEawJ\" target=\"_blank\" rel=\"noopener\">ilhas de calor<\/a> da cidade. <\/span><span style=\"font-weight: 400;\">Preocupado com essa realidade, o GET Brant Horta iniciou o trabalho de conscientiza\u00e7\u00e3o dos alunos, realizando a\u00e7\u00f5es pr\u00e1ticas de cuidado e preserva\u00e7\u00e3o no entorno da escola, estimulando o <a href=\"https:\/\/bit.ly\/2Xgzmbx\" target=\"_blank\" rel=\"noopener\">sentimento de pertencimento<\/a>.\u00a0<\/span><\/p>\n<p><span style=\"font-weight: 400;\">No ano de 2024, durante a semana do meio ambiente, <\/span><span style=\"font-weight: 400;\">alunos e professores <a href=\"https:\/\/bit.ly\/40OeAzr\" target=\"_blank\" rel=\"noopener\">mobilizaram um mutir\u00e3o<\/a> no Parque Ary Barroso<\/span><span style=\"font-weight: 400;\"> para revitalizar o local, que se encontrava sem atividades. Marjorie Guimar\u00e3es, diretora do Gin\u00e1sio Educacional Tecnol\u00f3gico Brant Horta, relembra:<\/span><\/p>\n<blockquote><p><span style=\"font-weight: 400;\">\u201cA gente <\/span><span style=\"font-weight: 400;\">chegou a fazer plantio l\u00e1 [no Parque Ary Barroso]. <\/span><span style=\"font-weight: 400;\">A ideia de trazer a comunidade para a escola ou ir l\u00e1 na comunidade, \u00e9 para melhorar o comportamento deles, para entenderem que n\u00e3o pode depredar, n\u00e3o pode quebrar.\u201d<\/span><\/p><\/blockquote>\n<p>No entanto, essa a\u00e7\u00e3o durou pouco, sendo interrompida por conta de conflitos no territ\u00f3rio. Isso motivou que a dire\u00e7\u00e3o e alunos criassem a pr\u00f3pria horta comunit\u00e1ria em maio de 2024, tanto para dar continuidade ao que havia sido iniciado no parque, quanto para ocupar espa\u00e7os livres da escola de forma produtiva.<\/p>\n<p>Virg\u00ednia do Esp\u00edrito Santo, professora de geografia, conta como o projeto reafirma a import\u00e2ncia da <a href=\"https:\/\/bit.ly\/3LHIBtP\" target=\"_blank\" rel=\"noopener\">mobiliza\u00e7\u00e3o criativa<\/a> e coletiva de professores, alunos, comunidade e projetos do Complexo da Penha:<\/p>\n<blockquote><p><span style=\"font-weight: 400;\">\u201cPerguntamos a eles [alunos] o que poder\u00edamos fazer no espa\u00e7o vazio que t\u00ednhamos no terreno da escola e eles falaram: \u2018A gente n\u00e3o tem \u00e1rea verde aqui na escola.\u2019 A\u00ed, a gente pensou: \u2018Ent\u00e3o, vamos construir uma horta?\u2019 E eles toparam. Or\u00e7amos entre os professores [o que precis\u00e1vamos para iniciar a horta] e compramos os materiais. A\u00ed, o Vilson conseguiu com a Comlurb insumo para adubar a terra. Tamb\u00e9m teve um pessoal da <\/span><a href=\"https:\/\/bit.ly\/3OV2SjV\" target=\"_blank\" rel=\"noopener\"><span style=\"font-weight: 400;\">ONG Semeando e Colhendo Amizades<\/span><\/a><span style=\"font-weight: 400;\">\u00a0que veio ajudar. Veio o <\/span><span style=\"font-weight: 400;\"><a href=\"https:\/\/rioonwatch.org.br\/?p=62775\" target=\"_blank\" rel=\"noopener\">CEM<\/a> (<\/span><span style=\"font-weight: 400;\">Centro de Integra\u00e7\u00e3o da <a href=\"https:\/\/bit.ly\/47yybIB\" target=\"_blank\" rel=\"noopener\">Serra da Miseric\u00f3rdia<\/a>)<\/span><span style=\"font-weight: 400;\">,<\/span><span style=\"font-weight: 400;\"> deu insumo, muda, semente. E a\u00ed a gente come\u00e7ou.\u201d<\/span><\/p><\/blockquote>\n<blockquote class=\"instagram-media\" style=\"background: #FFF; border: 0; border-radius: 3px; box-shadow: 0 0 1px 0 rgba(0,0,0,0.5),0 1px 10px 0 rgba(0,0,0,0.15); margin: 1px; max-width: 540px; min-width: 326px; padding: 0; width: calc(100% - 2px);\" data-instgrm-captioned=\"\" data-instgrm-permalink=\"https:\/\/www.instagram.com\/p\/C8phvBiO1lv\/?utm_source=ig_embed&amp;utm_campaign=loading\" data-instgrm-version=\"14\">\n<div style=\"padding: 16px;\">\n<p>&nbsp;<\/p>\n<div style=\"display: flex; flex-direction: row; align-items: center;\">\n<div style=\"background-color: #f4f4f4; border-radius: 50%; flex-grow: 0; height: 40px; margin-right: 14px; width: 40px;\"><\/div>\n<div style=\"display: flex; flex-direction: column; flex-grow: 1; justify-content: center;\">\n<div style=\"background-color: #f4f4f4; border-radius: 4px; flex-grow: 0; height: 14px; margin-bottom: 6px; width: 100px;\"><\/div>\n<div style=\"background-color: #f4f4f4; border-radius: 4px; flex-grow: 0; height: 14px; width: 60px;\"><\/div>\n<\/div>\n<\/div>\n<div style=\"padding: 19% 0;\"><\/div>\n<div style=\"display: block; height: 50px; margin: 0 auto 12px; width: 50px;\"><\/div>\n<div style=\"padding-top: 8px;\">\n<div style=\"color: #3897f0; font-family: Arial,sans-serif; font-size: 14px; font-style: normal; font-weight: 550; line-height: 18px;\">View this post on Instagram<\/div>\n<\/div>\n<div style=\"padding: 12.5% 0;\"><\/div>\n<div style=\"display: flex; flex-direction: row; margin-bottom: 14px; align-items: center;\">\n<div>\n<div style=\"background-color: #f4f4f4; border-radius: 50%; height: 12.5px; width: 12.5px; transform: translateX(0px) translateY(7px);\"><\/div>\n<div style=\"background-color: #f4f4f4; height: 12.5px; transform: rotate(-45deg) translateX(3px) translateY(1px); width: 12.5px; flex-grow: 0; margin-right: 14px; margin-left: 2px;\"><\/div>\n<div style=\"background-color: #f4f4f4; border-radius: 50%; height: 12.5px; width: 12.5px; transform: translateX(9px) translateY(-18px);\"><\/div>\n<\/div>\n<div style=\"margin-left: 8px;\">\n<div style=\"background-color: #f4f4f4; border-radius: 50%; flex-grow: 0; height: 20px; width: 20px;\"><\/div>\n<div style=\"width: 0; height: 0; border-top: 2px solid transparent; border-left: 6px solid #f4f4f4; border-bottom: 2px solid transparent; transform: translateX(16px) translateY(-4px) rotate(30deg);\"><\/div>\n<\/div>\n<div style=\"margin-left: auto;\">\n<div style=\"width: 0px; border-top: 8px solid #F4F4F4; border-right: 8px solid transparent; transform: translateY(16px);\"><\/div>\n<div style=\"background-color: #f4f4f4; flex-grow: 0; height: 12px; width: 16px; transform: translateY(-4px);\"><\/div>\n<div style=\"width: 0; height: 0; border-top: 8px solid #F4F4F4; border-left: 8px solid transparent; transform: translateY(-4px) translateX(8px);\"><\/div>\n<\/div>\n<\/div>\n<div style=\"display: flex; flex-direction: column; flex-grow: 1; justify-content: center; margin-bottom: 24px;\">\n<div style=\"background-color: #f4f4f4; border-radius: 4px; flex-grow: 0; height: 14px; margin-bottom: 6px; width: 224px;\"><\/div>\n<div style=\"background-color: #f4f4f4; border-radius: 4px; flex-grow: 0; height: 14px; width: 144px;\"><\/div>\n<\/div>\n<p>&nbsp;<\/p>\n<p style=\"color: #c9c8cd; font-family: Arial,sans-serif; font-size: 14px; line-height: 17px; margin-bottom: 0; margin-top: 8px; overflow: hidden; padding: 8px 0 7px; text-align: center; text-overflow: ellipsis; white-space: nowrap;\"><a style=\"color: #c9c8cd; font-family: Arial,sans-serif; font-size: 14px; font-style: normal; font-weight: normal; line-height: 17px; text-decoration: none;\" href=\"https:\/\/www.instagram.com\/p\/C8phvBiO1lv\/?utm_source=ig_embed&amp;utm_campaign=loading\" target=\"_blank\" rel=\"noopener\">A post shared by GET Brant Horta (@brant_horta)<\/a><\/p>\n<\/div>\n<\/blockquote>\n<p><script async src=\"\/\/www.instagram.com\/embed.js\"><\/script><\/p>\n<p>Para a diretora, Marjorie Guimar\u00e3es, a horta trouxe in\u00fameros benef\u00edcios ao cotidiano escolar, como o desenvolvimento do protagonismo dos alunos e melhorias de desempenho:<\/p>\n<blockquote><p>\u201cA gente tinha alguns alunos, por exemplo, que n\u00e3o conversavam com ningu\u00e9m aqui na escola. Um deles saiu de um menino introvertido para um menino extrovertido e que pensou na cria\u00e7\u00e3o do sistema de irriga\u00e7\u00e3o [da horta]. Ele \u00e9 um exemplo de que voc\u00ea tem a\u00ed at\u00e9 a quest\u00e3o emocional, porque ele \u00e9 gago, ent\u00e3o, ele explicava do jeitinho dele. Isso fez muito bem \u00e0 sa\u00fade dele e ao emocional tamb\u00e9m. Outros tiveram a sensa\u00e7\u00e3o de pertencimento, com isso, ficavam at\u00e9 mais tempo na escola, come\u00e7aram a jogar ping-pong, v\u00f4lei. Isso para a gente \u00e9 muito legal porque eles n\u00e3o est\u00e3o na rua. J\u00e1 os mais agitados, muito levados, acabam se encontrando na horta e a gente tamb\u00e9m tem um contraponto: aos faltosos e mais desinteressados, falo que tem que vir [para escola para poder participar da horta]. Com isso, eles melhoraram bastante o comportamento. N\u00e3o vou dizer para voc\u00ea que \u00e9 [s\u00f3] por isso, mas [a horta] acaba ajudando, entendeu? A gente n\u00e3o atinge todos, mas a gente tira uns [da falta de perspectiva], do desinteresse em estudar.\u201d<\/p><\/blockquote>\n<figure id=\"attachment_81265\" aria-describedby=\"caption-attachment-81265\" style=\"width: 2048px\" class=\"wp-caption aligncenter\"><a href=\"https:\/\/rioonwatch.org.br\/wp-content\/uploads\/2026\/03\/Vilson-durante-mutirao-de-boas-vindas-aos-novos-alunos-da-Brant-Horta.-Foto_-Amanda-Baroni.png\"><img loading=\"lazy\" decoding=\"async\" class=\"wp-image-81265 size-full\" title=\"Vilson durante mutir\u00e3o de boas vindas aos novos alunos do GET Brant Horta na horta comunit\u00e1ria da escola. Foto: Amanda Baroni\" src=\"https:\/\/rioonwatch.org.br\/wp-content\/uploads\/2026\/03\/Vilson-durante-mutirao-de-boas-vindas-aos-novos-alunos-da-Brant-Horta.-Foto_-Amanda-Baroni.png\" alt=\"Vilson durante mutir\u00e3o de boas vindas aos novos alunos do GET Brant Horta na horta comunit\u00e1ria da escola. Foto: Amanda Baroni\" width=\"2048\" height=\"1365\" srcset=\"https:\/\/rioonwatch.org.br\/wp-content\/uploads\/2026\/03\/Vilson-durante-mutirao-de-boas-vindas-aos-novos-alunos-da-Brant-Horta.-Foto_-Amanda-Baroni.png 2048w, https:\/\/rioonwatch.org.br\/wp-content\/uploads\/2026\/03\/Vilson-durante-mutirao-de-boas-vindas-aos-novos-alunos-da-Brant-Horta.-Foto_-Amanda-Baroni-620x413.png 620w, https:\/\/rioonwatch.org.br\/wp-content\/uploads\/2026\/03\/Vilson-durante-mutirao-de-boas-vindas-aos-novos-alunos-da-Brant-Horta.-Foto_-Amanda-Baroni-768x512.png 768w, https:\/\/rioonwatch.org.br\/wp-content\/uploads\/2026\/03\/Vilson-durante-mutirao-de-boas-vindas-aos-novos-alunos-da-Brant-Horta.-Foto_-Amanda-Baroni-1536x1024.png 1536w\" sizes=\"(max-width: 2048px) 100vw, 2048px\" \/><\/a><figcaption id=\"caption-attachment-81265\" class=\"wp-caption-text\">Vilson durante mutir\u00e3o de boas vindas aos novos alunos do GET Brant Horta na horta comunit\u00e1ria da escola. Foto: Amanda Baroni<\/figcaption><\/figure>\n<p>Com apoio da escola e da comunidade, os estudantes promoveram uma s\u00e9rie de a\u00e7\u00f5es que trouxe melhorias para o col\u00e9gio e toda a comunidade escolar. Entre elas est\u00e1 a cria\u00e7\u00e3o de um sistema de irriga\u00e7\u00e3o da horta reaproveitando a \u00e1gua de aparelhos de ar-condicionado. O sistema armazena a \u00e1gua em um pequeno barril capaz de atender todas as mudas.<\/p>\n<figure id=\"attachment_81264\" aria-describedby=\"caption-attachment-81264\" style=\"width: 2048px\" class=\"wp-caption aligncenter\"><a href=\"https:\/\/rioonwatch.org.br\/wp-content\/uploads\/2026\/03\/Parte-do-sistema-que-reutiliza-a-agua-do-ar-condicionado-da-escola.-A-estrutura-armazena-e-distribui-agua-para-o-espaco.-Foto_-Amanda-Baroni.png\"><img loading=\"lazy\" decoding=\"async\" class=\"wp-image-81264 size-full\" title=\"Parte do sistema que reutiliza a \u00e1gua do ar-condicionado da escola. A estrutura armazena e distribui \u00e1gua para o espa\u00e7o. Foto: Amanda Baroni\" src=\"https:\/\/rioonwatch.org.br\/wp-content\/uploads\/2026\/03\/Parte-do-sistema-que-reutiliza-a-agua-do-ar-condicionado-da-escola.-A-estrutura-armazena-e-distribui-agua-para-o-espaco.-Foto_-Amanda-Baroni.png\" alt=\"Parte do sistema que reutiliza a \u00e1gua do ar-condicionado da escola. A estrutura armazena e distribui \u00e1gua para o espa\u00e7o. Foto: Amanda Baroni\" width=\"2048\" height=\"1365\" srcset=\"https:\/\/rioonwatch.org.br\/wp-content\/uploads\/2026\/03\/Parte-do-sistema-que-reutiliza-a-agua-do-ar-condicionado-da-escola.-A-estrutura-armazena-e-distribui-agua-para-o-espaco.-Foto_-Amanda-Baroni.png 2048w, https:\/\/rioonwatch.org.br\/wp-content\/uploads\/2026\/03\/Parte-do-sistema-que-reutiliza-a-agua-do-ar-condicionado-da-escola.-A-estrutura-armazena-e-distribui-agua-para-o-espaco.-Foto_-Amanda-Baroni-620x413.png 620w, https:\/\/rioonwatch.org.br\/wp-content\/uploads\/2026\/03\/Parte-do-sistema-que-reutiliza-a-agua-do-ar-condicionado-da-escola.-A-estrutura-armazena-e-distribui-agua-para-o-espaco.-Foto_-Amanda-Baroni-768x512.png 768w, https:\/\/rioonwatch.org.br\/wp-content\/uploads\/2026\/03\/Parte-do-sistema-que-reutiliza-a-agua-do-ar-condicionado-da-escola.-A-estrutura-armazena-e-distribui-agua-para-o-espaco.-Foto_-Amanda-Baroni-1536x1024.png 1536w\" sizes=\"(max-width: 2048px) 100vw, 2048px\" \/><\/a><figcaption id=\"caption-attachment-81264\" class=\"wp-caption-text\">Parte do sistema que reutiliza a \u00e1gua do ar-condicionado da escola. A estrutura armazena e distribui \u00e1gua para o espa\u00e7o. Foto: Amanda Baroni<\/figcaption><\/figure>\n<p>H\u00e1 uma horta vertical de cultivo de pequenas mudas, ainda em processo de germina\u00e7\u00e3o, a serem transferidas posteriormente para os canteiros. O sistema de irriga\u00e7\u00e3o funciona com acionamento de bombas que fazem a \u00e1gua circular de baixo para cima e de forma cont\u00ednua.<\/p>\n<figure id=\"attachment_81260\" aria-describedby=\"caption-attachment-81260\" style=\"width: 2048px\" class=\"wp-caption aligncenter\"><a href=\"https:\/\/rioonwatch.org.br\/wp-content\/uploads\/2026\/03\/Alunos-construiram-horta-vertical-para-o-cultivo-de-pequenas-mudas.-Essa-parte-funciona-com-a-ajuda-de-bombas-dagua-que-fazem-a-agua-circular-periodicamente-pelos-canos.-Foto_-Amanda-Baroni.png\"><img loading=\"lazy\" decoding=\"async\" class=\"wp-image-81260 size-full\" title=\"Alunos constru\u00edram horta vertical para o cultivo de pequenas mudas. Essa parte funciona com a ajuda de bombas d\u2019\u00e1gua que fazem a \u00e1gua circular periodicamente pelos canos. Foto: Amanda Baroni\" src=\"https:\/\/rioonwatch.org.br\/wp-content\/uploads\/2026\/03\/Alunos-construiram-horta-vertical-para-o-cultivo-de-pequenas-mudas.-Essa-parte-funciona-com-a-ajuda-de-bombas-dagua-que-fazem-a-agua-circular-periodicamente-pelos-canos.-Foto_-Amanda-Baroni.png\" alt=\"Alunos constru\u00edram horta vertical para o cultivo de pequenas mudas. Essa parte funciona com a ajuda de bombas d\u2019\u00e1gua que fazem a \u00e1gua circular periodicamente pelos canos. Foto: Amanda Baroni\" width=\"2048\" height=\"1365\" srcset=\"https:\/\/rioonwatch.org.br\/wp-content\/uploads\/2026\/03\/Alunos-construiram-horta-vertical-para-o-cultivo-de-pequenas-mudas.-Essa-parte-funciona-com-a-ajuda-de-bombas-dagua-que-fazem-a-agua-circular-periodicamente-pelos-canos.-Foto_-Amanda-Baroni.png 2048w, https:\/\/rioonwatch.org.br\/wp-content\/uploads\/2026\/03\/Alunos-construiram-horta-vertical-para-o-cultivo-de-pequenas-mudas.-Essa-parte-funciona-com-a-ajuda-de-bombas-dagua-que-fazem-a-agua-circular-periodicamente-pelos-canos.-Foto_-Amanda-Baroni-620x413.png 620w, https:\/\/rioonwatch.org.br\/wp-content\/uploads\/2026\/03\/Alunos-construiram-horta-vertical-para-o-cultivo-de-pequenas-mudas.-Essa-parte-funciona-com-a-ajuda-de-bombas-dagua-que-fazem-a-agua-circular-periodicamente-pelos-canos.-Foto_-Amanda-Baroni-768x512.png 768w, https:\/\/rioonwatch.org.br\/wp-content\/uploads\/2026\/03\/Alunos-construiram-horta-vertical-para-o-cultivo-de-pequenas-mudas.-Essa-parte-funciona-com-a-ajuda-de-bombas-dagua-que-fazem-a-agua-circular-periodicamente-pelos-canos.-Foto_-Amanda-Baroni-1536x1024.png 1536w\" sizes=\"(max-width: 2048px) 100vw, 2048px\" \/><\/a><figcaption id=\"caption-attachment-81260\" class=\"wp-caption-text\">Alunos constru\u00edram horta vertical para o cultivo de pequenas mudas. Essa parte funciona com a ajuda de bombas d\u2019\u00e1gua que fazem a \u00e1gua circular periodicamente pelos canos. Foto: Amanda Baroni<\/figcaption><\/figure>\n<p>Houve ainda a instala\u00e7\u00e3o de dois telhados verdes agroecol\u00f3gicos, de estrutura leve e de r\u00e1pida implanta\u00e7\u00e3o. A tela e as folhas do p\u00e9 de maracuj\u00e1 que cobrem a horta vieram do projeto <a href=\"http:\/\/bit.ly\/2n4P5L7\" target=\"_blank\" rel=\"noopener\">Teto Verde Favela<\/a>. A estrutura contribuiu para criar um <a href=\"https:\/\/bit.ly\/3rKu83R\" target=\"_blank\" rel=\"noopener\">ponto de resfriamento<\/a> dentro da escola, fundamental em dias quentes.<\/p>\n<figure id=\"attachment_81259\" aria-describedby=\"caption-attachment-81259\" style=\"width: 2048px\" class=\"wp-caption aligncenter\"><a href=\"https:\/\/rioonwatch.org.br\/wp-content\/uploads\/2026\/03\/Alem-dos-canteiros-o-espaco-tem-ainda-duas-coberturas-verdes-formadas-pelo-pe-de-maracuja-que-criam-uma-cobertura-fresca-para-o-ambiente.-Foto_-Amanda-Baroni.png\"><img loading=\"lazy\" decoding=\"async\" class=\"wp-image-81259 size-full\" title=\"Al\u00e9m dos canteiros, o espa\u00e7o tem ainda duas coberturas verdes (formadas pelo p\u00e9 de maracuj\u00e1) que criam uma cobertura fresca para o ambiente. Foto: Amanda Baroni\" src=\"https:\/\/rioonwatch.org.br\/wp-content\/uploads\/2026\/03\/Alem-dos-canteiros-o-espaco-tem-ainda-duas-coberturas-verdes-formadas-pelo-pe-de-maracuja-que-criam-uma-cobertura-fresca-para-o-ambiente.-Foto_-Amanda-Baroni.png\" alt=\"Al\u00e9m dos canteiros, o espa\u00e7o tem ainda duas coberturas verdes (formadas pelo p\u00e9 de maracuj\u00e1) que criam uma cobertura fresca para o ambiente. Foto: Amanda Baroni\" width=\"2048\" height=\"1365\" srcset=\"https:\/\/rioonwatch.org.br\/wp-content\/uploads\/2026\/03\/Alem-dos-canteiros-o-espaco-tem-ainda-duas-coberturas-verdes-formadas-pelo-pe-de-maracuja-que-criam-uma-cobertura-fresca-para-o-ambiente.-Foto_-Amanda-Baroni.png 2048w, https:\/\/rioonwatch.org.br\/wp-content\/uploads\/2026\/03\/Alem-dos-canteiros-o-espaco-tem-ainda-duas-coberturas-verdes-formadas-pelo-pe-de-maracuja-que-criam-uma-cobertura-fresca-para-o-ambiente.-Foto_-Amanda-Baroni-620x413.png 620w, https:\/\/rioonwatch.org.br\/wp-content\/uploads\/2026\/03\/Alem-dos-canteiros-o-espaco-tem-ainda-duas-coberturas-verdes-formadas-pelo-pe-de-maracuja-que-criam-uma-cobertura-fresca-para-o-ambiente.-Foto_-Amanda-Baroni-768x512.png 768w, https:\/\/rioonwatch.org.br\/wp-content\/uploads\/2026\/03\/Alem-dos-canteiros-o-espaco-tem-ainda-duas-coberturas-verdes-formadas-pelo-pe-de-maracuja-que-criam-uma-cobertura-fresca-para-o-ambiente.-Foto_-Amanda-Baroni-1536x1024.png 1536w\" sizes=\"(max-width: 2048px) 100vw, 2048px\" \/><\/a><figcaption id=\"caption-attachment-81259\" class=\"wp-caption-text\">Al\u00e9m dos canteiros, o espa\u00e7o tem ainda dois telhados verdes agroecol\u00f3gicos (formadas pelo p\u00e9 de maracuj\u00e1) que criam uma cobertura fresca para o ambiente. Foto: Amanda Baroni<\/figcaption><\/figure>\n<p><span style=\"font-weight: 400;\">Alimentando ainda mais sua voca\u00e7\u00e3o socioambiental, o col\u00e9gio realizou um <a href=\"https:\/\/bit.ly\/3NwRhXU\" target=\"_blank\" rel=\"noopener\">desfile de moda<\/a> em parceria com <\/span><span style=\"font-weight: 400;\">a <a href=\"https:\/\/bit.ly\/46WqYRB\" target=\"_blank\" rel=\"noopener\">Escola de Divines<\/a> e o estilista <a href=\"https:\/\/bit.ly\/4s72pK5\" target=\"_blank\" rel=\"noopener\">Almir Fran\u00e7a<\/a>, produzindo uma cole\u00e7\u00e3o a partir de retalhos de jeans. O evento contou com a presen\u00e7a da atriz <a href=\"https:\/\/bit.ly\/40tJtsY\" target=\"_blank\" rel=\"noopener\">Gi Fernandes<\/a>, ex-aluna do GET. E o<\/span><span style=\"font-weight: 400;\">s alunos receberam o reconhecimento do <\/span><span style=\"font-weight: 400;\">pr\u00edncipe brit\u00e2nico William, no <a href=\"https:\/\/bit.ly\/4sH7k4g\" target=\"_blank\" rel=\"noopener\">Earthshot Prize<\/a><em class=\"eujQNb\" data-sfc-cb=\"\" data-processed=\"true\"><span data-wiz-uids=\"aasxD_f\" data-sfc-cb=\"\" data-processed=\"true\">, <\/span><\/em>no Museu do Amanh\u00e3, no Rio de Janeiro, em 5 de novembro de 2025.<\/span><\/p>\n<figure id=\"attachment_81270\" aria-describedby=\"caption-attachment-81270\" style=\"width: 1600px\" class=\"wp-caption aligncenter\"><a href=\"https:\/\/rioonwatch.org.br\/wp-content\/uploads\/2026\/03\/Alunos-do-Ginasio-Brant-Horta-recebendo-reconhecimento-atraves-do-evento-Earthshot-Prize-2025.-Foto_-Arquivo-pessoal_Reproducao-e1773153756358.jpeg\"><img loading=\"lazy\" decoding=\"async\" class=\"wp-image-81270 size-full\" title=\"Alunos do Gin\u00e1sio Brant Horta recebendo reconhecimento atrav\u00e9s do evento Earthshot Prize 2025. Foto: Arquivo pessoal\/Reprodu\u00e7\u00e3o\" src=\"https:\/\/rioonwatch.org.br\/wp-content\/uploads\/2026\/03\/Alunos-do-Ginasio-Brant-Horta-recebendo-reconhecimento-atraves-do-evento-Earthshot-Prize-2025.-Foto_-Arquivo-pessoal_Reproducao-e1773153756358.jpeg\" alt=\"Alunos do Gin\u00e1sio Brant Horta recebendo reconhecimento atrav\u00e9s do evento Earthshot Prize 2025. Foto: Arquivo pessoal\/Reprodu\u00e7\u00e3o\" width=\"1600\" height=\"954\" srcset=\"https:\/\/rioonwatch.org.br\/wp-content\/uploads\/2026\/03\/Alunos-do-Ginasio-Brant-Horta-recebendo-reconhecimento-atraves-do-evento-Earthshot-Prize-2025.-Foto_-Arquivo-pessoal_Reproducao-e1773153756358.jpeg 1600w, https:\/\/rioonwatch.org.br\/wp-content\/uploads\/2026\/03\/Alunos-do-Ginasio-Brant-Horta-recebendo-reconhecimento-atraves-do-evento-Earthshot-Prize-2025.-Foto_-Arquivo-pessoal_Reproducao-e1773153756358-620x370.jpeg 620w, https:\/\/rioonwatch.org.br\/wp-content\/uploads\/2026\/03\/Alunos-do-Ginasio-Brant-Horta-recebendo-reconhecimento-atraves-do-evento-Earthshot-Prize-2025.-Foto_-Arquivo-pessoal_Reproducao-e1773153756358-768x458.jpeg 768w, https:\/\/rioonwatch.org.br\/wp-content\/uploads\/2026\/03\/Alunos-do-Ginasio-Brant-Horta-recebendo-reconhecimento-atraves-do-evento-Earthshot-Prize-2025.-Foto_-Arquivo-pessoal_Reproducao-e1773153756358-1536x916.jpeg 1536w\" sizes=\"(max-width: 1600px) 100vw, 1600px\" \/><\/a><figcaption id=\"caption-attachment-81270\" class=\"wp-caption-text\">Alunos do Gin\u00e1sio Brant Horta recebendo reconhecimento atrav\u00e9s do evento Earthshot Prize 2025. Foto: Arquivo pessoal\/Reprodu\u00e7\u00e3o<\/figcaption><\/figure>\n<p><span style=\"font-weight: 400;\">Nas redes sociais da <\/span><a href=\"https:\/\/bit.ly\/4rejjoQ\" target=\"_blank\" rel=\"noopener\"><span style=\"font-weight: 400;\">horta da Brant<\/span><\/a><span style=\"font-weight: 400;\">,<\/span><span style=\"font-weight: 400;\"> \u00e9 poss\u00edvel acompanhar conte\u00fados produzidos pelo alunos. Bem como no perfil oficial da escola, onde h\u00e1 diversos outros materiais educativos feitos pelos estudantes. Um dos exemplos mais acessados da p\u00e1gina do GET \u00e9<\/span>\u00a0<span style=\"font-weight: 400;\">um <\/span><span style=\"font-weight: 400;\">tutorial onde as crian\u00e7as e adolescentes ensinam <\/span><a href=\"https:\/\/bit.ly\/4lg0JLQ\" target=\"_blank\" rel=\"noopener\"><span style=\"font-weight: 400;\">como fazer puffs de garrafa pet<\/span><\/a><span style=\"font-weight: 400;\">.<\/span><\/p>\n<p><span style=\"font-weight: 400;\">A escola concorre ainda ao <a href=\"https:\/\/bit.ly\/4s88g1F\" target=\"_blank\" rel=\"noopener\">Shell NXplorers Global Inspiration Awards 2025-2026<\/a>, pr\u00eamio internacional que reconhece escolas que mobilizam jovens para transformar a realidade por meio da ci\u00eancia, da criatividade e do cuidado com o territ\u00f3rio. A escola est\u00e1 na categoria <\/span><span style=\"font-weight: 400;\">Melhores Ideias Sustent\u00e1veis de 2025.<\/span><\/p>\n<blockquote class=\"instagram-media\" style=\"background: #FFF; border: 0; border-radius: 3px; box-shadow: 0 0 1px 0 rgba(0,0,0,0.5),0 1px 10px 0 rgba(0,0,0,0.15); margin: 1px; max-width: 540px; min-width: 326px; padding: 0; width: calc(100% - 2px);\" data-instgrm-captioned=\"\" data-instgrm-permalink=\"https:\/\/www.instagram.com\/reel\/DAuebrBuZXM\/?utm_source=ig_embed&amp;utm_campaign=loading\" data-instgrm-version=\"14\">\n<div style=\"padding: 16px;\">\n<p>&nbsp;<\/p>\n<div style=\"display: flex; flex-direction: row; align-items: center;\">\n<div style=\"background-color: #f4f4f4; border-radius: 50%; flex-grow: 0; height: 40px; margin-right: 14px; width: 40px;\"><\/div>\n<div style=\"display: flex; flex-direction: column; flex-grow: 1; justify-content: center;\">\n<div style=\"background-color: #f4f4f4; border-radius: 4px; flex-grow: 0; height: 14px; margin-bottom: 6px; width: 100px;\"><\/div>\n<div style=\"background-color: #f4f4f4; border-radius: 4px; flex-grow: 0; height: 14px; width: 60px;\"><\/div>\n<\/div>\n<\/div>\n<div style=\"padding: 19% 0;\"><\/div>\n<div style=\"display: block; height: 50px; margin: 0 auto 12px; width: 50px;\"><\/div>\n<div style=\"padding-top: 8px;\">\n<div style=\"color: #3897f0; font-family: Arial,sans-serif; font-size: 14px; font-style: normal; font-weight: 550; line-height: 18px;\">View this post on Instagram<\/div>\n<\/div>\n<div style=\"padding: 12.5% 0;\"><\/div>\n<div style=\"display: flex; flex-direction: row; margin-bottom: 14px; align-items: center;\">\n<div>\n<div style=\"background-color: #f4f4f4; border-radius: 50%; height: 12.5px; width: 12.5px; transform: translateX(0px) translateY(7px);\"><\/div>\n<div style=\"background-color: #f4f4f4; height: 12.5px; transform: rotate(-45deg) translateX(3px) translateY(1px); width: 12.5px; flex-grow: 0; margin-right: 14px; margin-left: 2px;\"><\/div>\n<div style=\"background-color: #f4f4f4; border-radius: 50%; height: 12.5px; width: 12.5px; transform: translateX(9px) translateY(-18px);\"><\/div>\n<\/div>\n<div style=\"margin-left: 8px;\">\n<div style=\"background-color: #f4f4f4; border-radius: 50%; flex-grow: 0; height: 20px; width: 20px;\"><\/div>\n<div style=\"width: 0; height: 0; border-top: 2px solid transparent; border-left: 6px solid #f4f4f4; border-bottom: 2px solid transparent; transform: translateX(16px) translateY(-4px) rotate(30deg);\"><\/div>\n<\/div>\n<div style=\"margin-left: auto;\">\n<div style=\"width: 0px; border-top: 8px solid #F4F4F4; border-right: 8px solid transparent; transform: translateY(16px);\"><\/div>\n<div style=\"background-color: #f4f4f4; flex-grow: 0; height: 12px; width: 16px; transform: translateY(-4px);\"><\/div>\n<div style=\"width: 0; height: 0; border-top: 8px solid #F4F4F4; border-left: 8px solid transparent; transform: translateY(-4px) translateX(8px);\"><\/div>\n<\/div>\n<\/div>\n<div style=\"display: flex; flex-direction: column; flex-grow: 1; justify-content: center; margin-bottom: 24px;\">\n<div style=\"background-color: #f4f4f4; border-radius: 4px; flex-grow: 0; height: 14px; margin-bottom: 6px; width: 224px;\"><\/div>\n<div style=\"background-color: #f4f4f4; border-radius: 4px; flex-grow: 0; height: 14px; width: 144px;\"><\/div>\n<\/div>\n<p>&nbsp;<\/p>\n<p style=\"color: #c9c8cd; font-family: Arial,sans-serif; font-size: 14px; line-height: 17px; margin-bottom: 0; margin-top: 8px; overflow: hidden; padding: 8px 0 7px; text-align: center; text-overflow: ellipsis; white-space: nowrap;\"><a style=\"color: #c9c8cd; font-family: Arial,sans-serif; font-size: 14px; font-style: normal; font-weight: normal; line-height: 17px; text-decoration: none;\" href=\"https:\/\/www.instagram.com\/reel\/DAuebrBuZXM\/?utm_source=ig_embed&amp;utm_campaign=loading\" target=\"_blank\" rel=\"noopener\">A post shared by Renata Duarte (@duarteacher)<\/a><\/p>\n<\/div>\n<\/blockquote>\n<p><script async src=\"\/\/www.instagram.com\/embed.js\"><\/script><\/p>\n<h3><b>Sementes e Seus Frutos no Aprendizado Autodidata<\/b><\/h3>\n<p>A horta possui cerca de 50 mudas, distribu\u00eddas entre plantas comest\u00edveis e medicinais. Al\u00e9m disso, tamb\u00e9m promove um circuito aut\u00f4nomo e integrado de aprendizado entre as diferentes faixas et\u00e1rias atendidas pela escola, como explica Vilson:<\/p>\n<blockquote><p>\u201cTem plantas muito sens\u00edveis que ao longo do ano, elas v\u00e3o morrendo. Causa aquela sensa\u00e7\u00e3o assim: \u2018Poxa, chegamos aqui, plantamos e elas morreram?\u2019 Sim, mas, em compensa\u00e7\u00e3o, tamb\u00e9m nasceram outras. E \u00e9 esse movimento de cuidado que a gente tem que ter para poder fazer esse trabalho, essa renova\u00e7\u00e3o. Isso ajuda porque s\u00e3o [os jovens] que t\u00eam que pesquisar. N\u00e3o \u00e9 um lugar que tem um dono. Todo mundo \u00e9 dono.\u201d<\/p><\/blockquote>\n<p><span style=\"font-weight: 400;\">Um dos veteranos e ex-alunos do GET Brant Horta, Matheus Daniel, que agora est\u00e1 no 1\u00b0 ano do ensino m\u00e9dio no <\/span><a href=\"https:\/\/bit.ly\/4l9NpZa\" target=\"_blank\" rel=\"noopener\"><span style=\"font-weight: 400;\">Col\u00e9gio Estadual Heitor Lira<\/span><\/a><span style=\"font-weight: 400;\">, tamb\u00e9m na Penha, conta que participar da horta colaborou no seu autocuidado com a sa\u00fade:<\/span><\/p>\n<blockquote><p><span style=\"font-weight: 400;\">\u201cO que mais me marcou foi o cuidado que eu aprendi a ter com certas plantas, muitas dessas plantas eu n\u00e3o conhecia. <\/span><span style=\"font-weight: 400;\"><a href=\"https:\/\/rioonwatch.org.br\/?p=79643\">Aprendi tamb\u00e9m a fazer rem\u00e9dios<\/a> com muitas dessas plantas medicinais. Tenho bronquite asm\u00e1tica e <a href=\"https:\/\/bit.ly\/3mX02sO\" target=\"_blank\" rel=\"noopener\">aprendi a usar ervas<\/a> como ch\u00e1, o que melhora muito minha tosse.\u201d<\/span><\/p><\/blockquote>\n<figure id=\"attachment_81261\" aria-describedby=\"caption-attachment-81261\" style=\"width: 2048px\" class=\"wp-caption aligncenter\"><a href=\"https:\/\/rioonwatch.org.br\/wp-content\/uploads\/2026\/03\/Alunos-cultivam-e-criam-melhorias-na-horta-escola-promovendo-e-compartilhando-o-conhecimento-ambiental.-Foto_-Amanda-Baroni.png\"><img loading=\"lazy\" decoding=\"async\" class=\"wp-image-81261 size-full\" title=\"Alunos cultivam e criam melhorias na horta escola, promovendo e compartilhando o conhecimento ambiental. Foto: Amanda Baroni\" src=\"https:\/\/rioonwatch.org.br\/wp-content\/uploads\/2026\/03\/Alunos-cultivam-e-criam-melhorias-na-horta-escola-promovendo-e-compartilhando-o-conhecimento-ambiental.-Foto_-Amanda-Baroni.png\" alt=\"Alunos cultivam e criam melhorias na horta escola, promovendo e compartilhando o conhecimento ambiental. Foto: Amanda Baroni\" width=\"2048\" height=\"1365\" srcset=\"https:\/\/rioonwatch.org.br\/wp-content\/uploads\/2026\/03\/Alunos-cultivam-e-criam-melhorias-na-horta-escola-promovendo-e-compartilhando-o-conhecimento-ambiental.-Foto_-Amanda-Baroni.png 2048w, https:\/\/rioonwatch.org.br\/wp-content\/uploads\/2026\/03\/Alunos-cultivam-e-criam-melhorias-na-horta-escola-promovendo-e-compartilhando-o-conhecimento-ambiental.-Foto_-Amanda-Baroni-620x413.png 620w, https:\/\/rioonwatch.org.br\/wp-content\/uploads\/2026\/03\/Alunos-cultivam-e-criam-melhorias-na-horta-escola-promovendo-e-compartilhando-o-conhecimento-ambiental.-Foto_-Amanda-Baroni-768x512.png 768w, https:\/\/rioonwatch.org.br\/wp-content\/uploads\/2026\/03\/Alunos-cultivam-e-criam-melhorias-na-horta-escola-promovendo-e-compartilhando-o-conhecimento-ambiental.-Foto_-Amanda-Baroni-1536x1024.png 1536w\" sizes=\"(max-width: 2048px) 100vw, 2048px\" \/><\/a><figcaption id=\"caption-attachment-81261\" class=\"wp-caption-text\">Alunos cultivam e criam melhorias na horta da escola, promovendo e compartilhando o conhecimento ambiental. Foto: Amanda Baroni<\/figcaption><\/figure>\n<p><span style=\"font-weight: 400;\">Nathally Hyara, aluna do 8\u00ba ano no col\u00e9gio, diz que o projeto que mais gostou foi o da constru\u00e7\u00e3o do sistema de irriga\u00e7\u00e3o da horta, por ter se sentido desafiada a adquirir um novo conhecimento:<\/span><\/p>\n<blockquote><p><span style=\"font-weight: 400;\">\u201cTodos os sistemas de irriga\u00e7\u00e3o que est\u00e3o aqui foram os alunos que fizeram. Eu dei v\u00e1rias ideias e a gente tentou buscar uma coisa mais sustent\u00e1vel. Todos os sistemas foram feitos com materiais que a gente ganhou ou que a gente reciclou. Um deles \u00e9 feito com garrafa de amaciante e outro com mangueira. A gente s\u00f3 juntou todas as ideias e elaborou tudo. Ent\u00e3o, foi feito com cada um dos alunos. Cada um deu uma ideia e a gente s\u00f3 botou em pr\u00e1tica.\u201d<\/span><\/p><\/blockquote>\n<p><span style=\"font-weight: 400;\">Fabr\u00edcio Miguel, tamb\u00e9m do 8\u00ba ano, come\u00e7ou a participar das atividades da horta mais recentemente e compartilha os benef\u00edcios desse contato com o verde:<\/span><\/p>\n<blockquote><p><span style=\"font-weight: 400;\">\u201c\u00c9 desestressante. Eu comecei uma horta. Plantei uma cebola em casa. Botei ela assim no meio de areia, arrumadinha, certinha, e t\u00e1 um pouquinho grandinha j\u00e1. Mas l\u00e1 em casa tem v\u00e1rios tipos de plantas porque minha av\u00f3 tamb\u00e9m gosta.\u201d<\/span><\/p><\/blockquote>\n<h3><b>Uma Horta de Hist\u00f3ria e Mem\u00f3ria<\/b><\/h3>\n<p><span style=\"font-weight: 400;\">Victor Eckhart, ex-aluno do GET, compartilha que, para al\u00e9m do que seus colegas comentaram, h\u00e1 tamb\u00e9m <\/span><span style=\"font-weight: 400;\">um <a href=\"https:\/\/bit.ly\/3JGIGet\" target=\"_blank\" rel=\"noopener\">resgate da ancestralidade<\/a>:<\/span><\/p>\n<blockquote><p><span style=\"font-weight: 400;\">\u201cA gente aprendeu muito sobre a ancestralidade, [por exemplo,] que o boldo \u00e9 uma das plantas mais antigas que a gente tem aqui. Tem um canteiro que \u00e9 s\u00f3 ancestral. N\u00e3o s\u00f3 a ancestralidade do Brasil, mas sim a nossa tamb\u00e9m, dos nossos av\u00f3s, minha av\u00f3 mesmo, ela me recomenda muito at\u00e9 hoje tomar boldo para dor de barriga.\u201d<\/span><\/p><\/blockquote>\n<figure id=\"attachment_81258\" aria-describedby=\"caption-attachment-81258\" style=\"width: 2048px\" class=\"wp-caption aligncenter\"><a href=\"https:\/\/rioonwatch.org.br\/wp-content\/uploads\/2026\/03\/A-horta-trabalha-uma-serie-de-temas-entre-eles-o-saberes-dos-antepassados-e-sua-relacao-com-o-meio-ambiente.-Foto_-Amanda-Baroni.png\"><img loading=\"lazy\" decoding=\"async\" class=\"wp-image-81258 size-full\" title=\"A horta trabalha uma s\u00e9rie de temas, entre eles o saberes dos antepassados e sua rela\u00e7\u00e3o com o meio ambiente. Foto: Amanda Baroni\" src=\"https:\/\/rioonwatch.org.br\/wp-content\/uploads\/2026\/03\/A-horta-trabalha-uma-serie-de-temas-entre-eles-o-saberes-dos-antepassados-e-sua-relacao-com-o-meio-ambiente.-Foto_-Amanda-Baroni.png\" alt=\"A horta trabalha uma s\u00e9rie de temas, entre eles o saberes dos antepassados e sua rela\u00e7\u00e3o com o meio ambiente. Foto: Amanda Baroni\" width=\"2048\" height=\"1365\" srcset=\"https:\/\/rioonwatch.org.br\/wp-content\/uploads\/2026\/03\/A-horta-trabalha-uma-serie-de-temas-entre-eles-o-saberes-dos-antepassados-e-sua-relacao-com-o-meio-ambiente.-Foto_-Amanda-Baroni.png 2048w, https:\/\/rioonwatch.org.br\/wp-content\/uploads\/2026\/03\/A-horta-trabalha-uma-serie-de-temas-entre-eles-o-saberes-dos-antepassados-e-sua-relacao-com-o-meio-ambiente.-Foto_-Amanda-Baroni-620x413.png 620w, https:\/\/rioonwatch.org.br\/wp-content\/uploads\/2026\/03\/A-horta-trabalha-uma-serie-de-temas-entre-eles-o-saberes-dos-antepassados-e-sua-relacao-com-o-meio-ambiente.-Foto_-Amanda-Baroni-768x512.png 768w, https:\/\/rioonwatch.org.br\/wp-content\/uploads\/2026\/03\/A-horta-trabalha-uma-serie-de-temas-entre-eles-o-saberes-dos-antepassados-e-sua-relacao-com-o-meio-ambiente.-Foto_-Amanda-Baroni-1536x1024.png 1536w\" sizes=\"(max-width: 2048px) 100vw, 2048px\" \/><\/a><figcaption id=\"caption-attachment-81258\" class=\"wp-caption-text\">A horta trabalha uma s\u00e9rie de temas, entre eles o saberes dos antepassados e sua rela\u00e7\u00e3o com o meio ambiente. Foto: Amanda Baroni<\/figcaption><\/figure>\n<p><span style=\"font-weight: 400;\">Vilson explica que, junto ao trabalho da horta e das disciplinas da grade curricular, a valoriza\u00e7\u00e3o da <a href=\"https:\/\/bit.ly\/3N4gaKu\" target=\"_blank\" rel=\"noopener\">hist\u00f3ria local<\/a> tamb\u00e9m ganha centralidade nesse processo:<\/span><\/p>\n<blockquote><p><span style=\"font-weight: 400;\">\u201cA gente conta a hist\u00f3ria do territ\u00f3rio desde a \u00e9poca dos povos origin\u00e1rios, que ocupavam a regi\u00e3o, para que as crian\u00e7as daqui entendam qual \u00e9 a real hist\u00f3ria do territ\u00f3rio que elas fazem parte, para que ajudem a preservar.\u201d<\/span><\/p><\/blockquote>\n<h3><b>A Luta pela Revitaliza\u00e7\u00e3o do Parque Ary Barroso<\/b><\/h3>\n<p>O <a href=\"https:\/\/bit.ly\/3PiwXKi\" target=\"_blank\" rel=\"noopener\">Parque Ary Barroso sofre com a neglig\u00eancia do poder p\u00fablico<\/a>. Tendo 60 anos, hoje se encontra com grades quebradas, vegeta\u00e7\u00e3o sem manuten\u00e7\u00e3o, lagos secos, e muita \u00e1gua da chuva parada, o que aumenta a quantidade de mosquitos e o risco de dengue, chikungunya, Zika e outras doen\u00e7as na regi\u00e3o.<\/p>\n<p>Isso tudo impulsionou uma <a href=\"https:\/\/bit.ly\/4blU6Db\" target=\"_blank\" rel=\"noopener\">a\u00e7\u00e3o civil p\u00fablica<\/a> por parte do Minist\u00e9rio P\u00fablico do Rio de Janeiro (MPRJ), denunciando os fatos e cobrando solu\u00e7\u00f5es. Finalmente, <a href=\"https:\/\/bit.ly\/4sc97yy\" target=\"_blank\" rel=\"noopener\">em 9 de mar\u00e7o de 2026<\/a>, a Justi\u00e7a determinou a\u00e7\u00f5es urgentes da Prefeitura e do Estado do Rio de Janeiro em at\u00e9, no m\u00e1ximo, 60 dias.<\/p>\n<p>Entre as a\u00e7\u00f5es determinadas em ju\u00edzo est\u00e3o: que a <a href=\"https:\/\/bit.ly\/2X2Ab76\" target=\"_blank\" rel=\"noopener\">Comlurb<\/a> fa\u00e7a a manuten\u00e7\u00e3o da vegeta\u00e7\u00e3o, inclusive de \u00e1rvores com risco de queda, paralisa\u00e7\u00e3o de obras n\u00e3o autorizadas em \u00e1rea tombada, demoli\u00e7\u00e3o de constru\u00e7\u00f5es irregulares instaladas no local, elabora\u00e7\u00e3o de um projeto de restaura\u00e7\u00e3o e revitaliza\u00e7\u00e3o do parque, incluindo vias internas, jardins, lagos, grade e toda a infraestrutura degradada.<\/p>\n<figure id=\"attachment_81267\" aria-describedby=\"caption-attachment-81267\" style=\"width: 500px\" class=\"wp-caption alignright\"><a href=\"https:\/\/rioonwatch.org.br\/wp-content\/uploads\/2026\/03\/Alunos-realizaram-campanha-nas-redes-sociais-para-denunciar-descaso-com-Parque-Ary-Barroso-na-Penha.-Fonte_-Redes-Sociais.png\"><img loading=\"lazy\" decoding=\"async\" class=\"wp-image-81267\" title=\"Alunos realizaram campanha nas redes sociais para denunciar descaso com Parque Ary Barroso, na Penha. Fonte: Redes Sociais\" src=\"https:\/\/rioonwatch.org.br\/wp-content\/uploads\/2026\/03\/Alunos-realizaram-campanha-nas-redes-sociais-para-denunciar-descaso-com-Parque-Ary-Barroso-na-Penha.-Fonte_-Redes-Sociais-413x620.png\" alt=\"Alunos realizaram campanha nas redes sociais para denunciar descaso com Parque Ary Barroso, na Penha. Fonte: Redes Sociais\" width=\"500\" height=\"750\" srcset=\"https:\/\/rioonwatch.org.br\/wp-content\/uploads\/2026\/03\/Alunos-realizaram-campanha-nas-redes-sociais-para-denunciar-descaso-com-Parque-Ary-Barroso-na-Penha.-Fonte_-Redes-Sociais-413x620.png 413w, https:\/\/rioonwatch.org.br\/wp-content\/uploads\/2026\/03\/Alunos-realizaram-campanha-nas-redes-sociais-para-denunciar-descaso-com-Parque-Ary-Barroso-na-Penha.-Fonte_-Redes-Sociais.png 506w\" sizes=\"(max-width: 500px) 100vw, 500px\" \/><\/a><figcaption id=\"caption-attachment-81267\" class=\"wp-caption-text\">Alunos realizaram campanha nas redes sociais para denunciar descaso com Parque Ary Barroso, na Penha. Fonte: Redes Sociais<\/figcaption><\/figure>\n<p>Diante desse cen\u00e1rio, a recupera\u00e7\u00e3o do Parque Ary Barroso tamb\u00e9m foi abra\u00e7ada pelos alunos, que j\u00e1 produziram, inclusive, uma campanha para a reativa\u00e7\u00e3o do local. Segundo Virg\u00ednia do Esp\u00edrito Santo, professora de geografia do GET Brant Horta:<\/p>\n<blockquote><p><span style=\"font-weight: 400;\">&#8220;Fizemos enquete com eles sobre qual o espa\u00e7o dentro do bairro que os lembra do meio ambiente e eles lembraram do Parque Ary Barroso&#8230; Eles fizeram v\u00eddeos para colocar no Instagram, pedindo a revitaliza\u00e7\u00e3o do parque, mostraram os brinquedos quebrados. <\/span><span style=\"font-weight: 400;\">A gente sempre pediu a ajuda da comunidade, porque a gente n\u00e3o queria que isso [esse trabalho de educa\u00e7\u00e3o ambiental] ficasse s\u00f3 aqui dentro da escola. A gente quer que eles repliquem isso na favela, no bairro. Levem para outras institui\u00e7\u00f5es. Por exemplo: agora, eles est\u00e3o fazendo um trabalho em conjunto com a <a href=\"https:\/\/bit.ly\/3YiSvHU\" target=\"_blank\" rel=\"noopener\">Arena Dicr\u00f3<\/a> no projeto <a href=\"https:\/\/bit.ly\/46VeUQt\" target=\"_blank\" rel=\"noopener\">Agroflorestinha<\/a> com a <a href=\"https:\/\/bit.ly\/3PdB6fs\" target=\"_blank\" rel=\"noopener\">Ana Santos<\/a> [do CEM], replicando o trabalho que eles fazem aqui. Nossos alunos v\u00e3o para l\u00e1 aos s\u00e1bados por conta pr\u00f3pria. Ensinam outras crian\u00e7as. Se a gente tem um espa\u00e7o ocioso, vamos plantar uma \u00e1rvore, vamos fazer um jardim. A gente precisa colocar na mente que aqui \u00e9 um bairro que \u00e9 uma ilha de calor muito intensa. E o \u00fanico jeito de melhorar isso \u00e9 colocando mais verde, porque a <a href=\"https:\/\/bit.ly\/4hHiwK1\" target=\"_blank\" rel=\"noopener\">Prefeitura n\u00e3o vem aqui plantar<\/a>. O parque est\u00e1 jogado \u00e0s tra\u00e7as.&#8221;<\/span><\/p><\/blockquote>\n<h3><b>Plantando Novos Futuros<\/b><\/h3>\n<p><span style=\"font-weight: 400;\">Apesar dos percal\u00e7os, a esperan\u00e7a sempre encontra um espa\u00e7o para florescer. Segundo Vilson, a <a href=\"https:\/\/rioonwatch.org.br\/?p=24794\">desconcretiza\u00e7\u00e3o do quarteir\u00e3o<\/a> ser\u00e1 o pr\u00f3ximo passo desse movimento:<\/span><\/p>\n<blockquote><p><span style=\"font-weight: 400;\">\u201cEstamos com planos de abrir algumas golas na cal\u00e7ada da escola, quebrar a cal\u00e7ada e arborizar em volta da escola aqui esse quarteir\u00e3o. Vamos plantar e vamos come\u00e7ar a tomar conta. Vamos fazer da escola esse laborat\u00f3rio vivo<\/span><span style=\"font-weight: 400;\">.\u201d<\/span><\/p><\/blockquote>\n<figure id=\"attachment_81262\" aria-describedby=\"caption-attachment-81262\" style=\"width: 2048px\" class=\"wp-caption aligncenter\"><a href=\"https:\/\/rioonwatch.org.br\/wp-content\/uploads\/2026\/03\/Alunos-tambem-promovem-cuidado-e-autoconhecimento-atraves-de-horta.-Foto_-Amanda-Baroni.png\"><img loading=\"lazy\" decoding=\"async\" class=\"wp-image-81262 size-full\" title=\"Alunos tamb\u00e9m promovem cuidado e autoconhecimento atrav\u00e9s de horta. Foto: Amanda Baroni\" src=\"https:\/\/rioonwatch.org.br\/wp-content\/uploads\/2026\/03\/Alunos-tambem-promovem-cuidado-e-autoconhecimento-atraves-de-horta.-Foto_-Amanda-Baroni.png\" alt=\"Alunos tamb\u00e9m promovem cuidado e autoconhecimento atrav\u00e9s de horta. Foto: Amanda Baroni\" width=\"2048\" height=\"1365\" srcset=\"https:\/\/rioonwatch.org.br\/wp-content\/uploads\/2026\/03\/Alunos-tambem-promovem-cuidado-e-autoconhecimento-atraves-de-horta.-Foto_-Amanda-Baroni.png 2048w, https:\/\/rioonwatch.org.br\/wp-content\/uploads\/2026\/03\/Alunos-tambem-promovem-cuidado-e-autoconhecimento-atraves-de-horta.-Foto_-Amanda-Baroni-620x413.png 620w, https:\/\/rioonwatch.org.br\/wp-content\/uploads\/2026\/03\/Alunos-tambem-promovem-cuidado-e-autoconhecimento-atraves-de-horta.-Foto_-Amanda-Baroni-768x512.png 768w, https:\/\/rioonwatch.org.br\/wp-content\/uploads\/2026\/03\/Alunos-tambem-promovem-cuidado-e-autoconhecimento-atraves-de-horta.-Foto_-Amanda-Baroni-1536x1024.png 1536w\" sizes=\"(max-width: 2048px) 100vw, 2048px\" \/><\/a><figcaption id=\"caption-attachment-81262\" class=\"wp-caption-text\">Alunos tamb\u00e9m promovem cuidado e autoconhecimento atrav\u00e9s de horta. Foto: Amanda Baroni<\/figcaption><\/figure>\n<p><span style=\"font-weight: 400;\">J\u00e1 Victor deseja implementar o conhecimento na nova escola em que estuda, visando compartilhar com outros colegas:<\/span><\/p>\n<blockquote><p><span style=\"font-weight: 400;\">\u201cAqui foi onde eu aprendi tudo sobre o plantio, onde eu comecei conhecer as plantas. Agora, eu tenho a minha hortinha em casa, que tem pimenta e girassol. Eu tenho um p\u00e9 de mam\u00e3o que t\u00e1 grande. Eu peguei daqui. Eu pretendo tentar criar um projeto de plantio na minha nova escola, a Heitor Lira, para ajudar as crian\u00e7as a entender o que eu aprendi aqui. Eu quero passar isso para frente, para a pr\u00f3xima gera\u00e7\u00e3o.\u201d<\/span><\/p><\/blockquote>\n<h3><a href=\"https:\/\/bit.ly\/FotosMutiraoBrant\" rel=\"noopener\">Veja Aqui o \u00c1lbum Completo<\/a> do Mutir\u00e3o no GET Brant Horta, na Penha:<\/h3>\n<p><a title=\"Mutir\u00e3o de manuten\u00e7\u00e3o da Horta Escolar do GET Brant Horta na Agenda Coletiva da Rede Favela Sustent\u00e1vel, 05 de mar\u00e7o de 2026\" href=\"https:\/\/www.flickr.com\/photos\/catcomm\/albums\/72177720332448947\" data-flickr-embed=\"true\"><img loading=\"lazy\" decoding=\"async\" src=\"https:\/\/live.staticflickr.com\/65535\/55139820826_e25912f86b_b.jpg\" alt=\"Mutir\u00e3o de manuten\u00e7\u00e3o da Horta Escolar do GET Brant Horta na Agenda Coletiva da Rede Favela Sustent\u00e1vel, 05 de mar\u00e7o de 2026\" width=\"1024\" height=\"768\" \/><\/a><script async src=\"\/\/embedr.flickr.com\/assets\/client-code.js\" charset=\"utf-8\"><\/script><\/p>\n<p><span style=\"font-weight: 400;\">*<em>A Rede Favela Sustent\u00e1vel e o RioOnWatch s\u00e3o ambas iniciativas gerenciadas pela organiza\u00e7\u00e3o sem fins lucrativos, Comunidades Catalisadoras.<\/em><\/span><\/p>\n<p><em>Sobre a autora:\u00a0<i data-stringify-type=\"italic\"><a class=\"c-link\" href=\"https:\/\/bit.ly\/3p94eas\" target=\"_blank\" rel=\"noopener noreferrer\" data-stringify-link=\"https:\/\/bit.ly\/3p94eas\" data-sk=\"tooltip_parent\">Amanda Baroni Lopes<\/a><\/i><i data-stringify-type=\"italic\">\u00a0\u00e9 formada em jornalismo na Unicarioca e foi aluna do 1\u00b0 Laborat\u00f3rio de Jornalismo do\u00a0<\/i><i data-stringify-type=\"italic\"><a class=\"c-link\" href=\"https:\/\/bit.ly\/3Jujc3k\" target=\"_blank\" rel=\"noopener noreferrer\" data-stringify-link=\"http:\/\/bit.ly\/2YfGMc5\" data-sk=\"tooltip_parent\">Mar\u00e9 de Not\u00edcias<\/a><\/i><i data-stringify-type=\"italic\">. \u00c9 autora do\u00a0<\/i><a href=\"https:\/\/bit.ly\/3p49ufB\" target=\"_blank\" rel=\"noopener\"><i data-stringify-type=\"italic\">Guia Antiass\u00e9dio no Breaking<\/i><\/a><i data-stringify-type=\"italic\">, um manual que explica ao p\u00fablico do Hip Hop sobre o que \u00e9 ou n\u00e3o ass\u00e9dio e orienta sobre o que fazer nessas situa\u00e7\u00f5es. Amanda \u00e9 cria do Morro do Timbau,\u00a0no Complexo da Mar\u00e9.<\/i><\/em><\/p>\n<hr \/>\n<h4><b data-stringify-type=\"bold\">Apoie nossos esfor\u00e7os para fornecer apoio estrat\u00e9gico \u00e0s favelas do Rio, incluindo o jornalismo hiperlocal, cr\u00edtico, inovador e incans\u00e1vel do\u00a0<\/b><b data-stringify-type=\"bold\"><i data-stringify-type=\"italic\">RioOnWatch<\/i><\/b>\u2014<a class=\"c-link\" href=\"http:\/\/www.bit.ly\/ApoieROW\" target=\"_blank\" rel=\"noopener noreferrer\" data-stringify-link=\"http:\/\/www.bit.ly\/ApoieROW\" data-sk=\"tooltip_parent\">doe aqui<\/a>.<\/h4>\n<!-- AddThis Advanced Settings generic via filter on the_content --><!-- AddThis Share Buttons generic via filter on the_content -->","protected":false},"excerpt":{"rendered":"<div class=\"mh-excerpt\"><p>Click Here for English H\u00e1 dois anos, o retorno \u00e0s aulas no Gin\u00e1sio Educacional Tecnol\u00f3gico Brant Horta, localizado no bairro da Penha, Zona Norte do Rio de Janeiro, come\u00e7a de uma forma especial: com a <a class=\"mh-excerpt-more\" href=\"https:\/\/rioonwatch.org.br\/?p=81197\" title=\"Escola Premiada por Sua Voca\u00e7\u00e3o Verde, GET Brant na Penha, Promove Mutir\u00e3o na Horta e Educa\u00e7\u00e3o com Jovens Protagonistas Ambientais\">[&#8230;]<\/a><!-- AddThis Advanced Settings generic via filter on get_the_excerpt --><!-- AddThis Share Buttons generic via filter on get_the_excerpt --><\/p>\n<\/div>","protected":false},"author":195,"featured_media":81275,"comment_status":"closed","ping_status":"closed","sticky":false,"template":"template-full.php","format":"standard","meta":{"_acf_changed":false,"_monsterinsights_skip_tracking":false,"_monsterinsights_sitenote_active":false,"_monsterinsights_sitenote_note":"","_monsterinsights_sitenote_category":0,"footnotes":""},"categories":[1621,1625,1388,1633,3170,1616,342,1639],"tags":[386,623,3642,316,363,2026,3643,1097,1148,276,3641,498,950,2901,2549,1347,476,3409,218],"writer":[3181],"translator":[],"source":[],"ilustrador":[],"fotografo":[3338],"class_list":{"0":"post-81197","1":"post","2":"type-post","3":"status-publish","4":"format-standard","5":"has-post-thumbnail","7":"category-destaque","8":"category-por-correspondentes-comunitarios","9":"category-formas-de-apoiar","10":"category-foto-reportagens","11":"category-justica-climatica","12":"category-qualidades-da-favela","13":"category-solucoes","14":"category-sustentabilidade","15":"tag-estigma","16":"tag-comlurb","17":"tag-desconcretizacao","18":"tag-educacao","19":"tag-educacao-ambiental","20":"tag-favela-e-solucao","21":"tag-get","22":"tag-horta-comunitaria","23":"tag-ilhas-de-calor","24":"tag-mutirao","25":"tag-parque-ary-barroso","26":"tag-penha","27":"tag-premio","28":"tag-rfs","29":"tag-serie-intercambios-da-rfs","30":"tag-solucao","31":"tag-solucao-comunitaria","32":"tag-solucoes-baseadas-na-natureza","33":"tag-zona-norte","34":"writer-amanda-baroni-lopes","35":"fotografo-amanda-baroni-lopes"},"acf":[],"yoast_head":"<!-- This site is optimized with the Yoast SEO plugin v25.6 - https:\/\/yoast.com\/wordpress\/plugins\/seo\/ -->\n<title>Escola Premiada por Sua Voca\u00e7\u00e3o Verde, GET Brant na Penha, Promove Mutir\u00e3o na Horta e Educa\u00e7\u00e3o com Jovens Protagonistas Ambientais - RioOnWatch<\/title>\n<meta name=\"robots\" content=\"index, follow, max-snippet:-1, max-image-preview:large, max-video-preview:-1\" \/>\n<link rel=\"canonical\" href=\"https:\/\/rioonwatch.org.br\/?p=81197\" \/>\n<meta property=\"og:locale\" content=\"pt_BR\" \/>\n<meta property=\"og:type\" content=\"article\" \/>\n<meta property=\"og:title\" content=\"Escola Premiada por Sua Voca\u00e7\u00e3o Verde, GET Brant na Penha, Promove Mutir\u00e3o na Horta e Educa\u00e7\u00e3o com Jovens Protagonistas Ambientais - RioOnWatch\" \/>\n<meta property=\"og:description\" content=\"Click Here for English H\u00e1 dois anos, o retorno \u00e0s aulas no Gin\u00e1sio Educacional Tecnol\u00f3gico Brant Horta, localizado no bairro da Penha, Zona Norte do Rio de Janeiro, come\u00e7a de uma forma especial: com a [...]\" \/>\n<meta property=\"og:url\" content=\"https:\/\/rioonwatch.org.br\/?p=81197\" \/>\n<meta property=\"og:site_name\" content=\"RioOnWatch\" \/>\n<meta property=\"article:published_time\" content=\"2026-03-12T18:20:35+00:00\" \/>\n<meta property=\"article:modified_time\" content=\"2026-04-01T00:37:12+00:00\" \/>\n<meta property=\"og:image\" content=\"https:\/\/rioonwatch.org.br\/wp-content\/uploads\/2026\/03\/Alunos-da-GET-Brant-Horta-em-mutirao.-Foto-Amanda-Baroni.png\" \/>\n\t<meta property=\"og:image:width\" content=\"2048\" \/>\n\t<meta property=\"og:image:height\" content=\"1365\" \/>\n\t<meta property=\"og:image:type\" content=\"image\/png\" \/>\n<meta name=\"author\" content=\"Amanda Baroni\" \/>\n<meta name=\"twitter:card\" content=\"summary_large_image\" \/>\n<meta name=\"twitter:label1\" content=\"Escrito por\" \/>\n\t<meta name=\"twitter:data1\" content=\"Amanda Baroni\" \/>\n\t<meta name=\"twitter:label2\" content=\"Est. tempo de leitura\" \/>\n\t<meta name=\"twitter:data2\" content=\"11 minutos\" \/>\n<script type=\"application\/ld+json\" class=\"yoast-schema-graph\">{\"@context\":\"https:\/\/schema.org\",\"@graph\":[{\"@type\":\"Article\",\"@id\":\"https:\/\/rioonwatch.org.br\/?p=81197#article\",\"isPartOf\":{\"@id\":\"https:\/\/rioonwatch.org.br\/?p=81197\"},\"author\":{\"name\":\"Amanda Baroni\",\"@id\":\"https:\/\/rioonwatch.org.br\/#\/schema\/person\/d8e5a726e11f41ba164c9e153a51599a\"},\"headline\":\"Escola Premiada por Sua Voca\u00e7\u00e3o Verde, GET Brant na Penha, Promove Mutir\u00e3o na Horta e Educa\u00e7\u00e3o com Jovens Protagonistas Ambientais\",\"datePublished\":\"2026-03-12T18:20:35+00:00\",\"dateModified\":\"2026-04-01T00:37:12+00:00\",\"mainEntityOfPage\":{\"@id\":\"https:\/\/rioonwatch.org.br\/?p=81197\"},\"wordCount\":2731,\"publisher\":{\"@id\":\"https:\/\/rioonwatch.org.br\/#organization\"},\"image\":{\"@id\":\"https:\/\/rioonwatch.org.br\/?p=81197#primaryimage\"},\"thumbnailUrl\":\"https:\/\/rioonwatch.org.br\/wp-content\/uploads\/2026\/03\/Alunos-da-GET-Brant-Horta-em-mutirao.-Foto-Amanda-Baroni.png\",\"keywords\":[\"#StopFavelaStigma\",\"COMLURB\",\"desconcretiza\u00e7\u00e3o\",\"educa\u00e7\u00e3o\",\"educa\u00e7\u00e3o ambiental\",\"Favela \u00e9 solu\u00e7\u00e3o\",\"GET\",\"horta comunit\u00e1ria\",\"Ilhas de Calor\",\"mutir\u00e3o\",\"Parque Ary Barroso\",\"Penha\",\"pr\u00eamio\",\"Rede Favela Sustent\u00e1vel\",\"S\u00e9rie: Interc\u00e2mbios da RFS\",\"solu\u00e7\u00e3o\",\"solu\u00e7\u00e3o comunit\u00e1ria\",\"solu\u00e7\u00f5es baseadas na natureza\",\"Zona Norte\"],\"articleSection\":[\"*Destaque\",\"Escrito por Comunicadores Populares\",\"Formas de Apoiar\",\"Fotorreportagens\",\"Justi\u00e7a Clim\u00e1tica\",\"Qualidades da Favela\",\"Solu\u00e7\u00f5es\",\"Sustentabilidade\"],\"inLanguage\":\"pt-BR\"},{\"@type\":\"WebPage\",\"@id\":\"https:\/\/rioonwatch.org.br\/?p=81197\",\"url\":\"https:\/\/rioonwatch.org.br\/?p=81197\",\"name\":\"Escola Premiada por Sua Voca\u00e7\u00e3o Verde, GET Brant na Penha, Promove Mutir\u00e3o na Horta e Educa\u00e7\u00e3o com Jovens Protagonistas Ambientais - RioOnWatch\",\"isPartOf\":{\"@id\":\"https:\/\/rioonwatch.org.br\/#website\"},\"primaryImageOfPage\":{\"@id\":\"https:\/\/rioonwatch.org.br\/?p=81197#primaryimage\"},\"image\":{\"@id\":\"https:\/\/rioonwatch.org.br\/?p=81197#primaryimage\"},\"thumbnailUrl\":\"https:\/\/rioonwatch.org.br\/wp-content\/uploads\/2026\/03\/Alunos-da-GET-Brant-Horta-em-mutirao.-Foto-Amanda-Baroni.png\",\"datePublished\":\"2026-03-12T18:20:35+00:00\",\"dateModified\":\"2026-04-01T00:37:12+00:00\",\"breadcrumb\":{\"@id\":\"https:\/\/rioonwatch.org.br\/?p=81197#breadcrumb\"},\"inLanguage\":\"pt-BR\",\"potentialAction\":[{\"@type\":\"ReadAction\",\"target\":[\"https:\/\/rioonwatch.org.br\/?p=81197\"]}]},{\"@type\":\"ImageObject\",\"inLanguage\":\"pt-BR\",\"@id\":\"https:\/\/rioonwatch.org.br\/?p=81197#primaryimage\",\"url\":\"https:\/\/rioonwatch.org.br\/wp-content\/uploads\/2026\/03\/Alunos-da-GET-Brant-Horta-em-mutirao.-Foto-Amanda-Baroni.png\",\"contentUrl\":\"https:\/\/rioonwatch.org.br\/wp-content\/uploads\/2026\/03\/Alunos-da-GET-Brant-Horta-em-mutirao.-Foto-Amanda-Baroni.png\",\"width\":2048,\"height\":1365,\"caption\":\"Alunos da GET Brant Horta em mutir\u00e3o. Foto: Amanda Baroni\"},{\"@type\":\"BreadcrumbList\",\"@id\":\"https:\/\/rioonwatch.org.br\/?p=81197#breadcrumb\",\"itemListElement\":[{\"@type\":\"ListItem\",\"position\":1,\"name\":\"In\u00edcio\",\"item\":\"https:\/\/rioonwatch.org.br\/\"},{\"@type\":\"ListItem\",\"position\":2,\"name\":\"Escola Premiada por Sua Voca\u00e7\u00e3o Verde, GET Brant na Penha, Promove Mutir\u00e3o na Horta e Educa\u00e7\u00e3o com Jovens Protagonistas Ambientais\"}]},{\"@type\":\"WebSite\",\"@id\":\"https:\/\/rioonwatch.org.br\/#website\",\"url\":\"https:\/\/rioonwatch.org.br\/\",\"name\":\"RioOnWatch\",\"description\":\"relatos das favelas cariocas\",\"publisher\":{\"@id\":\"https:\/\/rioonwatch.org.br\/#organization\"},\"potentialAction\":[{\"@type\":\"SearchAction\",\"target\":{\"@type\":\"EntryPoint\",\"urlTemplate\":\"https:\/\/rioonwatch.org.br\/?s={search_term_string}\"},\"query-input\":{\"@type\":\"PropertyValueSpecification\",\"valueRequired\":true,\"valueName\":\"search_term_string\"}}],\"inLanguage\":\"pt-BR\"},{\"@type\":\"Organization\",\"@id\":\"https:\/\/rioonwatch.org.br\/#organization\",\"name\":\"RioOnWatch\",\"url\":\"https:\/\/rioonwatch.org.br\/\",\"logo\":{\"@type\":\"ImageObject\",\"inLanguage\":\"pt-BR\",\"@id\":\"https:\/\/rioonwatch.org.br\/#\/schema\/logo\/image\/\",\"url\":\"https:\/\/rioonwatch.org.br\/wp-content\/uploads\/2021\/06\/RioOnWatchcabecalhoPT11anos-2.png\",\"contentUrl\":\"https:\/\/rioonwatch.org.br\/wp-content\/uploads\/2021\/06\/RioOnWatchcabecalhoPT11anos-2.png\",\"width\":779,\"height\":277,\"caption\":\"RioOnWatch\"},\"image\":{\"@id\":\"https:\/\/rioonwatch.org.br\/#\/schema\/logo\/image\/\"}},{\"@type\":\"Person\",\"@id\":\"https:\/\/rioonwatch.org.br\/#\/schema\/person\/d8e5a726e11f41ba164c9e153a51599a\",\"name\":\"Amanda Baroni\",\"image\":{\"@type\":\"ImageObject\",\"inLanguage\":\"pt-BR\",\"@id\":\"https:\/\/rioonwatch.org.br\/#\/schema\/person\/image\/\",\"url\":\"https:\/\/secure.gravatar.com\/avatar\/b8222bee1b0ab77cf0ae3460bb8d6a58?s=96&d=blank&r=g\",\"contentUrl\":\"https:\/\/secure.gravatar.com\/avatar\/b8222bee1b0ab77cf0ae3460bb8d6a58?s=96&d=blank&r=g\",\"caption\":\"Amanda Baroni\"},\"url\":\"https:\/\/rioonwatch.org.br\/?author=195\"}]}<\/script>\n<!-- \/ Yoast SEO plugin. -->","yoast_head_json":{"title":"Escola Premiada por Sua Voca\u00e7\u00e3o Verde, GET Brant na Penha, Promove Mutir\u00e3o na Horta e Educa\u00e7\u00e3o com Jovens Protagonistas Ambientais - RioOnWatch","robots":{"index":"index","follow":"follow","max-snippet":"max-snippet:-1","max-image-preview":"max-image-preview:large","max-video-preview":"max-video-preview:-1"},"canonical":"https:\/\/rioonwatch.org.br\/?p=81197","og_locale":"pt_BR","og_type":"article","og_title":"Escola Premiada por Sua Voca\u00e7\u00e3o Verde, GET Brant na Penha, Promove Mutir\u00e3o na Horta e Educa\u00e7\u00e3o com Jovens Protagonistas Ambientais - RioOnWatch","og_description":"Click Here for English H\u00e1 dois anos, o retorno \u00e0s aulas no Gin\u00e1sio Educacional Tecnol\u00f3gico Brant Horta, localizado no bairro da Penha, Zona Norte do Rio de Janeiro, come\u00e7a de uma forma especial: com a [...]","og_url":"https:\/\/rioonwatch.org.br\/?p=81197","og_site_name":"RioOnWatch","article_published_time":"2026-03-12T18:20:35+00:00","article_modified_time":"2026-04-01T00:37:12+00:00","og_image":[{"url":"https:\/\/rioonwatch.org.br\/wp-content\/uploads\/2026\/03\/Alunos-da-GET-Brant-Horta-em-mutirao.-Foto-Amanda-Baroni.png","width":2048,"height":1365,"type":"image\/png"}],"author":"Amanda Baroni","twitter_card":"summary_large_image","twitter_misc":{"Escrito por":"Amanda Baroni","Est. tempo de leitura":"11 minutos"},"schema":{"@context":"https:\/\/schema.org","@graph":[{"@type":"Article","@id":"https:\/\/rioonwatch.org.br\/?p=81197#article","isPartOf":{"@id":"https:\/\/rioonwatch.org.br\/?p=81197"},"author":{"name":"Amanda Baroni","@id":"https:\/\/rioonwatch.org.br\/#\/schema\/person\/d8e5a726e11f41ba164c9e153a51599a"},"headline":"Escola Premiada por Sua Voca\u00e7\u00e3o Verde, GET Brant na Penha, Promove Mutir\u00e3o na Horta e Educa\u00e7\u00e3o com Jovens Protagonistas Ambientais","datePublished":"2026-03-12T18:20:35+00:00","dateModified":"2026-04-01T00:37:12+00:00","mainEntityOfPage":{"@id":"https:\/\/rioonwatch.org.br\/?p=81197"},"wordCount":2731,"publisher":{"@id":"https:\/\/rioonwatch.org.br\/#organization"},"image":{"@id":"https:\/\/rioonwatch.org.br\/?p=81197#primaryimage"},"thumbnailUrl":"https:\/\/rioonwatch.org.br\/wp-content\/uploads\/2026\/03\/Alunos-da-GET-Brant-Horta-em-mutirao.-Foto-Amanda-Baroni.png","keywords":["#StopFavelaStigma","COMLURB","desconcretiza\u00e7\u00e3o","educa\u00e7\u00e3o","educa\u00e7\u00e3o ambiental","Favela \u00e9 solu\u00e7\u00e3o","GET","horta comunit\u00e1ria","Ilhas de Calor","mutir\u00e3o","Parque Ary Barroso","Penha","pr\u00eamio","Rede Favela Sustent\u00e1vel","S\u00e9rie: Interc\u00e2mbios da RFS","solu\u00e7\u00e3o","solu\u00e7\u00e3o comunit\u00e1ria","solu\u00e7\u00f5es baseadas na natureza","Zona Norte"],"articleSection":["*Destaque","Escrito por Comunicadores Populares","Formas de Apoiar","Fotorreportagens","Justi\u00e7a Clim\u00e1tica","Qualidades da Favela","Solu\u00e7\u00f5es","Sustentabilidade"],"inLanguage":"pt-BR"},{"@type":"WebPage","@id":"https:\/\/rioonwatch.org.br\/?p=81197","url":"https:\/\/rioonwatch.org.br\/?p=81197","name":"Escola Premiada por Sua Voca\u00e7\u00e3o Verde, GET Brant na Penha, Promove Mutir\u00e3o na Horta e Educa\u00e7\u00e3o com Jovens Protagonistas Ambientais - RioOnWatch","isPartOf":{"@id":"https:\/\/rioonwatch.org.br\/#website"},"primaryImageOfPage":{"@id":"https:\/\/rioonwatch.org.br\/?p=81197#primaryimage"},"image":{"@id":"https:\/\/rioonwatch.org.br\/?p=81197#primaryimage"},"thumbnailUrl":"https:\/\/rioonwatch.org.br\/wp-content\/uploads\/2026\/03\/Alunos-da-GET-Brant-Horta-em-mutirao.-Foto-Amanda-Baroni.png","datePublished":"2026-03-12T18:20:35+00:00","dateModified":"2026-04-01T00:37:12+00:00","breadcrumb":{"@id":"https:\/\/rioonwatch.org.br\/?p=81197#breadcrumb"},"inLanguage":"pt-BR","potentialAction":[{"@type":"ReadAction","target":["https:\/\/rioonwatch.org.br\/?p=81197"]}]},{"@type":"ImageObject","inLanguage":"pt-BR","@id":"https:\/\/rioonwatch.org.br\/?p=81197#primaryimage","url":"https:\/\/rioonwatch.org.br\/wp-content\/uploads\/2026\/03\/Alunos-da-GET-Brant-Horta-em-mutirao.-Foto-Amanda-Baroni.png","contentUrl":"https:\/\/rioonwatch.org.br\/wp-content\/uploads\/2026\/03\/Alunos-da-GET-Brant-Horta-em-mutirao.-Foto-Amanda-Baroni.png","width":2048,"height":1365,"caption":"Alunos da GET Brant Horta em mutir\u00e3o. Foto: Amanda Baroni"},{"@type":"BreadcrumbList","@id":"https:\/\/rioonwatch.org.br\/?p=81197#breadcrumb","itemListElement":[{"@type":"ListItem","position":1,"name":"In\u00edcio","item":"https:\/\/rioonwatch.org.br\/"},{"@type":"ListItem","position":2,"name":"Escola Premiada por Sua Voca\u00e7\u00e3o Verde, GET Brant na Penha, Promove Mutir\u00e3o na Horta e Educa\u00e7\u00e3o com Jovens Protagonistas Ambientais"}]},{"@type":"WebSite","@id":"https:\/\/rioonwatch.org.br\/#website","url":"https:\/\/rioonwatch.org.br\/","name":"RioOnWatch","description":"relatos das favelas cariocas","publisher":{"@id":"https:\/\/rioonwatch.org.br\/#organization"},"potentialAction":[{"@type":"SearchAction","target":{"@type":"EntryPoint","urlTemplate":"https:\/\/rioonwatch.org.br\/?s={search_term_string}"},"query-input":{"@type":"PropertyValueSpecification","valueRequired":true,"valueName":"search_term_string"}}],"inLanguage":"pt-BR"},{"@type":"Organization","@id":"https:\/\/rioonwatch.org.br\/#organization","name":"RioOnWatch","url":"https:\/\/rioonwatch.org.br\/","logo":{"@type":"ImageObject","inLanguage":"pt-BR","@id":"https:\/\/rioonwatch.org.br\/#\/schema\/logo\/image\/","url":"https:\/\/rioonwatch.org.br\/wp-content\/uploads\/2021\/06\/RioOnWatchcabecalhoPT11anos-2.png","contentUrl":"https:\/\/rioonwatch.org.br\/wp-content\/uploads\/2021\/06\/RioOnWatchcabecalhoPT11anos-2.png","width":779,"height":277,"caption":"RioOnWatch"},"image":{"@id":"https:\/\/rioonwatch.org.br\/#\/schema\/logo\/image\/"}},{"@type":"Person","@id":"https:\/\/rioonwatch.org.br\/#\/schema\/person\/d8e5a726e11f41ba164c9e153a51599a","name":"Amanda Baroni","image":{"@type":"ImageObject","inLanguage":"pt-BR","@id":"https:\/\/rioonwatch.org.br\/#\/schema\/person\/image\/","url":"https:\/\/secure.gravatar.com\/avatar\/b8222bee1b0ab77cf0ae3460bb8d6a58?s=96&d=blank&r=g","contentUrl":"https:\/\/secure.gravatar.com\/avatar\/b8222bee1b0ab77cf0ae3460bb8d6a58?s=96&d=blank&r=g","caption":"Amanda Baroni"},"url":"https:\/\/rioonwatch.org.br\/?author=195"}]}},"_links":{"self":[{"href":"https:\/\/rioonwatch.org.br\/index.php?rest_route=\/wp\/v2\/posts\/81197"}],"collection":[{"href":"https:\/\/rioonwatch.org.br\/index.php?rest_route=\/wp\/v2\/posts"}],"about":[{"href":"https:\/\/rioonwatch.org.br\/index.php?rest_route=\/wp\/v2\/types\/post"}],"author":[{"embeddable":true,"href":"https:\/\/rioonwatch.org.br\/index.php?rest_route=\/wp\/v2\/users\/195"}],"replies":[{"embeddable":true,"href":"https:\/\/rioonwatch.org.br\/index.php?rest_route=%2Fwp%2Fv2%2Fcomments&post=81197"}],"version-history":[{"count":55,"href":"https:\/\/rioonwatch.org.br\/index.php?rest_route=\/wp\/v2\/posts\/81197\/revisions"}],"predecessor-version":[{"id":81646,"href":"https:\/\/rioonwatch.org.br\/index.php?rest_route=\/wp\/v2\/posts\/81197\/revisions\/81646"}],"wp:featuredmedia":[{"embeddable":true,"href":"https:\/\/rioonwatch.org.br\/index.php?rest_route=\/wp\/v2\/media\/81275"}],"wp:attachment":[{"href":"https:\/\/rioonwatch.org.br\/index.php?rest_route=%2Fwp%2Fv2%2Fmedia&parent=81197"}],"wp:term":[{"taxonomy":"category","embeddable":true,"href":"https:\/\/rioonwatch.org.br\/index.php?rest_route=%2Fwp%2Fv2%2Fcategories&post=81197"},{"taxonomy":"post_tag","embeddable":true,"href":"https:\/\/rioonwatch.org.br\/index.php?rest_route=%2Fwp%2Fv2%2Ftags&post=81197"},{"taxonomy":"writer","embeddable":true,"href":"https:\/\/rioonwatch.org.br\/index.php?rest_route=%2Fwp%2Fv2%2Fwriter&post=81197"},{"taxonomy":"translator","embeddable":true,"href":"https:\/\/rioonwatch.org.br\/index.php?rest_route=%2Fwp%2Fv2%2Ftranslator&post=81197"},{"taxonomy":"source","embeddable":true,"href":"https:\/\/rioonwatch.org.br\/index.php?rest_route=%2Fwp%2Fv2%2Fsource&post=81197"},{"taxonomy":"ilustrador","embeddable":true,"href":"https:\/\/rioonwatch.org.br\/index.php?rest_route=%2Fwp%2Fv2%2Filustrador&post=81197"},{"taxonomy":"fotografo","embeddable":true,"href":"https:\/\/rioonwatch.org.br\/index.php?rest_route=%2Fwp%2Fv2%2Ffotografo&post=81197"}],"curies":[{"name":"wp","href":"https:\/\/api.w.org\/{rel}","templated":true}]}}