{"id":812,"date":"2010-10-12T09:00:33","date_gmt":"2010-10-12T12:00:33","guid":{"rendered":"http:\/\/favela.info\/?p=812"},"modified":"2024-06-20T16:31:29","modified_gmt":"2024-06-20T19:31:29","slug":"do-que-se-defender-na-contagem-regressiva-ate-os-jogos-olimpicos-de-2016","status":"publish","type":"post","link":"https:\/\/rioonwatch.org.br\/?p=812","title":{"rendered":"Do que se Defender na Contagem Regressiva at\u00e9 os Jogos Ol\u00edmpicos de 2016"},"content":{"rendered":"<h4>Muitos cidad\u00e3os de Vancouver, como os cariocas, receberam os Jogos Ol\u00edmpicos com felicidade e empolga\u00e7\u00e3o. Olhando pra dez anos atr\u00e1s, a maioria de n\u00f3s agora sabe que fomos ing\u00eanuos e dever\u00edamos ter prestado aten\u00e7\u00e3o nas consequ\u00eancias que sempre v\u00eam com as Olimp\u00edadas.<\/h4>\n<h3 align=\"justify\">Vejamos algumas delas:<\/h3>\n<h3>Custos<\/h3>\n<p><img fetchpriority=\"high\" decoding=\"async\" class=\"alignright\" title=\"Oficiais comemoram a escolha do Rio como sede ol\u00edmpica\" src=\"http:\/\/rioonwatch.org\/wp-content\/uploads\/2010\/07\/part-1-1.jpg\" alt=\"Oficiais de governo e do COB comemoram a escolha do Rio como sede ol\u00edmpica\" width=\"297\" height=\"202\" \/>Por v\u00e1rias raz\u00f5es, os custos para o contribuinte sempre excedem os das propostas iniciais. No caso de Vancouver eles foram de 660 mil para mais de 8 bilh\u00f5es de d\u00f3lares. E esses 8 bilh\u00f5es nem sequer incluem a conta de 1 bilh\u00e3o de d\u00f3lares que os contribuintes de Vancouver agora ter\u00e3o que pagar pela constru\u00e7\u00e3o da Vila Ol\u00edmpica. As proje\u00e7\u00f5es de custos dos Jogos Ol\u00edmpicos de Londres em 2012 j\u00e1 saltaram de menos de 3 bilh\u00f5es de libras para quase 20 bilh\u00f5es. Naturalmente, existem consequ\u00eancias por estourar esses or\u00e7amentos. O mais \u00f3bvio \u00e9 o custo que se paga em oportunidades perdidas, isto \u00e9, todas as coisas que o governo poderia fazer com todo esse dinheiro por outros prop\u00f3sitos. Tipicamente, e Vancouver n\u00e3o \u00e9 exce\u00e7\u00e3o, logo ap\u00f3s os Jogos todos os n\u00edveis de governo anunciam medidas de conten\u00e7\u00e3o de gastos para equilibrar o or\u00e7amento (nunca culpando os Jogos por isso, \u00e9 claro). Com essas medidas v\u00eam cortes em servi\u00e7os p\u00fablicos e aumentos nos impostos.<\/p>\n<h3>Meio Ambiente<\/h3>\n<p>A prepara\u00e7\u00e3o para os Jogos Ol\u00edmpicos \u00e9 sempre destrutiva para o meio ambiente. Os Jogos de ver\u00e3o, por normalmente serem realizados em cidades, costumam ser menos destrutivo do que os de Inverno, como foi o caso de Vancouver, mas ainda assim existem s\u00e9rios custos ambientais. Por exemplo, \u00e1reas dedicadas a diversas atividades esportivas devem ser desenvolvidas, o que muitas vezes traz a perda de habitat natural. A constru\u00e7\u00e3o aumenta muito as emiss\u00f5es de g\u00e1s carb\u00f4nico, assim como o aumento no tr\u00e1fego a\u00e9reo para suprir a demanda de todos os turistas que se espera que venham visitar a cidade. No caso de Vancouver, a estimativa geral somente para os Jogos Ol\u00edmpicos era algo em torno de 5% do total annual de emiss\u00f5es de toda a prov\u00edncia de British Columbia, onde fica Vancouver.<\/p>\n<h3>Seguran\u00e7a<\/h3>\n<p>A Olimp\u00edada \u00e9 o evento esportivo de mais prest\u00edgio no mundo. Isso a torna um alvo em potencial para aqueles que buscam uma plataforma para diversas causas. As for\u00e7as de seguran\u00e7a de qualquer pa\u00eds que sedie os Jogos, ent\u00e3o, devem se preparar para v\u00e1rias situa\u00e7\u00f5es, inclu\u00edndo terrorismo, crime ou protestos. Estes muitas vezes se tornam a principal preocupa\u00e7\u00e3o, j\u00e1 que cidades-sede e o COI n\u00e3o querem que protestos sujem a \u201cimagem\u201d dos Jogos ou da cidade. Os direitos dos cidad\u00e3os quase sempre sofrem danos por causa de leis aprovadas com a inten\u00e7\u00e3o de restringir protestos e fazer a cidade mais segura para o COI e seus patrocinadores. Isso tamb\u00e9m vem acompanhado de uma tend\u00eancia a marginalizar ainda mais o pobre e o sem-teto para impedir que as suas imagens apare\u00e7am nas televis\u00f5es do mundo.<\/p>\n<h3>Habita\u00e7\u00e3o<\/h3>\n<p><img decoding=\"async\" class=\" wp-image-819 size-full alignright\" title=\"Nativo Canadense exibe uma placa &quot;N\u00e3o posso pagar aluguel, vivo em uma tenda&quot;, em frente \u00e0 Vila Ol\u00edmpica em Vancouver\" src=\"http:\/\/rioonwatch.org.br\/wp-content\/uploads\/2010\/10\/norenttent.jpg\" alt=\"Nativo Canadense exibe uma placa &quot;N\u00e3o posso pagar aluguel, vivo em uma tenda&quot;, em frente \u00e0 Vila Ol\u00edmpica em Vancouver\" width=\"300\" height=\"168\" srcset=\"https:\/\/rioonwatch.org.br\/wp-content\/uploads\/2010\/10\/norenttent.jpg 300w, https:\/\/rioonwatch.org.br\/wp-content\/uploads\/2010\/10\/norenttent-174x98.jpg 174w\" sizes=\"(max-width: 300px) 100vw, 300px\" \/>Esperando capitalizar o turismo dos Jogos, v\u00e1rios donos de pens\u00f5es das \u00e1reas mais pobres de Vancouver come\u00e7aram a aumentar o aluguel, apesar de leis municipais que proibiam tal pr\u00e1tica. O resultado foi uma diminui\u00e7\u00e3o no volume de habita\u00e7\u00e3o de baixo custo que abrigava os cidad\u00e3os mais pobres de Vancouver. A quantidade de cidad\u00e3os sem-teto em Vancouver, em quase 3.000 at\u00e9 das Olimp\u00edadas, permanece nesse patamar ou acima. A Cidade de Vancouver recentemente anunciou a decis\u00e3o de usar parte da antiga Vila Ol\u00edmpica como \u201chabita\u00e7\u00e3o social\u201d, mas reconheceu que isso meramente se deveu ao fato de essas unidades caras e mal-constru\u00eddas n\u00e3o terem atra\u00eddo compradores no mercado. Com isso, os custos para o contribuinte de Vancouver aumentaram em 1 bilh\u00e3o de d\u00f3lares, isso em cima dos custos municipais, provinciais e federais que totalizam mais de 8 bilh\u00f5es de d\u00f3lares. A Cidade de Vancouver anunciou demiss\u00f5es e cancelou a renova\u00e7\u00e3o do pr\u00e9dio da Prefeitura por causa de cortes no or\u00e7amento, e tamb\u00e9m anunciou aumentos nos impostos imobili\u00e1rios. No final dos Jogos de 2010, o mercado de habita\u00e7\u00e3o, que antes estava em alta, parou e em seguida entrou em decl\u00ednio. Um estudo do mercado imobili\u00e1rio, conduzido pela Universidade de British Columbia, concluiu que sediar os Jogos Ol\u00edmpicos n\u00e3o trouxe nenhum benef\u00edcio concreto ao mercado em rela\u00e7\u00e3o a outras jurisdi\u00e7\u00f5es do Canad\u00e1. Os pre\u00e7os de propriedades no mercado atual, 8 meses depois dos Jogos, est\u00e3o de volta aos n\u00edveis de 2009.<\/p>\n<p align=\"justify\">Em Vancouver, vimos todas essas coisas passarem. Dever\u00edamos ter sido mais eficazes em nos defender contra elas, mas na maioria das vezes, quem veio a se op\u00f4r a sediar os Jogos, n\u00e3o o fez at\u00e9 que fosse tarde demais.<\/p>\n<p align=\"justify\">Pensemos em quem realmente se beneficia de sediar os Jogos. No caso de Vancouver, os grandes benefici\u00e1rios foram os desenvolvedores de imobili\u00e1rio que esperaram usar os Jogos como uma jogada de Marketing. No nosso caso, os contribuintes, o meio ambiente, e os pobres pagaram por isso. Quem no Rio vai se beneficiar? N\u00e3o acredite na id\u00e9ia de que o turismo vai crescer por anos depois dos Jogos: isso nunca acontece. De fato, pelo contr\u00e1rio. N\u00e3o acredite que os Jogos trar\u00e3o dinheiro para a sociedade ou o governo: isso nunca acontece. De fato, tamb\u00e9m, pelo contr\u00e1rio. E n\u00e3o acredite que os jogos ser\u00e3o \u201csocialmente inclusivos\u201d: eles n\u00e3o s\u00e3o.<\/p>\n<p align=\"justify\">A hora para a popula\u00e7\u00e3o do Rio trazer \u00e0 tona suas exig\u00eancias por transpar\u00eancia total, verdadeira inclus\u00e3o social, prote\u00e7\u00e3o do meio ambiente e dos direitos dos cidad\u00e3os \u00e9 agora. Se voc\u00eas esperarem at\u00e9 que os Jogos se aproximem mais, ser\u00e1 tarde demais.<\/p>\n<p align=\"justify\"><em>Chris Shaw \u00e9 membro da ORN, Rede de Resist\u00eancia \u00e0s Olimp\u00edadas, e acompanhou de perto os processos antes, durante, e depois das Olimp\u00edadas de Inverno de 2010, em Vancouver, Canad\u00e1.<\/em><\/p>\n<!-- AddThis Advanced Settings generic via filter on the_content --><!-- AddThis Share Buttons generic via filter on the_content -->","protected":false},"excerpt":{"rendered":"<div class=\"mh-excerpt\"><p>Muitos cidad\u00e3os de Vancouver, como os cariocas, receberam os Jogos Ol\u00edmpicos com felicidade e empolga\u00e7\u00e3o. Olhando pra dez anos atr\u00e1s, a maioria de n\u00f3s agora sabe que fomos ing\u00eanuos e dever\u00edamos ter prestado aten\u00e7\u00e3o nas <a class=\"mh-excerpt-more\" href=\"https:\/\/rioonwatch.org.br\/?p=812\" title=\"Do que se Defender na Contagem Regressiva at\u00e9 os Jogos Ol\u00edmpicos de 2016\">[&#8230;]<\/a><!-- AddThis Advanced Settings generic via filter on get_the_excerpt --><!-- AddThis Share Buttons generic via filter on get_the_excerpt --><\/p>\n<\/div>","protected":false},"author":5,"featured_media":15915,"comment_status":"open","ping_status":"closed","sticky":false,"template":"","format":"standard","meta":{"_acf_changed":false,"_monsterinsights_skip_tracking":false,"_monsterinsights_sitenote_active":false,"_monsterinsights_sitenote_note":"","_monsterinsights_sitenote_category":0,"footnotes":""},"categories":[1635],"tags":[759,1240,1151,78,1308],"writer":[142],"translator":[],"source":[],"ilustrador":[],"fotografo":[],"class_list":{"0":"post-812","1":"post","2":"type-post","3":"status-publish","4":"format-standard","5":"has-post-thumbnail","7":"category-1635","8":"tag-comparacao-internacional","9":"tag-megaeventos","10":"tag-organizacao","11":"tag-olimpiadas","12":"tag-taticas-de-organizacao","13":"writer-chris-shaw"},"acf":[],"yoast_head":"<!-- This site is optimized with the Yoast SEO plugin v25.6 - https:\/\/yoast.com\/wordpress\/plugins\/seo\/ -->\n<title>Do que se Defender na Contagem Regressiva at\u00e9 os Jogos Ol\u00edmpicos de 2016 - RioOnWatch<\/title>\n<meta name=\"robots\" content=\"index, follow, max-snippet:-1, max-image-preview:large, max-video-preview:-1\" \/>\n<link rel=\"canonical\" href=\"https:\/\/rioonwatch.org.br\/?p=812\" \/>\n<meta property=\"og:locale\" content=\"pt_BR\" \/>\n<meta property=\"og:type\" content=\"article\" \/>\n<meta property=\"og:title\" content=\"Do que se Defender na Contagem Regressiva at\u00e9 os Jogos Ol\u00edmpicos de 2016 - RioOnWatch\" \/>\n<meta property=\"og:description\" content=\"Muitos cidad\u00e3os de Vancouver, como os cariocas, receberam os Jogos Ol\u00edmpicos com felicidade e empolga\u00e7\u00e3o. Olhando pra dez anos atr\u00e1s, a maioria de n\u00f3s agora sabe que fomos ing\u00eanuos e dever\u00edamos ter prestado aten\u00e7\u00e3o nas [...]\" \/>\n<meta property=\"og:url\" content=\"https:\/\/rioonwatch.org.br\/?p=812\" \/>\n<meta property=\"og:site_name\" content=\"RioOnWatch\" \/>\n<meta property=\"article:published_time\" content=\"2010-10-12T12:00:33+00:00\" \/>\n<meta property=\"article:modified_time\" content=\"2024-06-20T19:31:29+00:00\" \/>\n<meta property=\"og:image\" content=\"https:\/\/rioonwatch.org.br\/wp-content\/uploads\/2010\/10\/Comemoracao-da-escolha-do-Rio-como-sede-Olimpica.jpg\" \/>\n\t<meta property=\"og:image:width\" content=\"297\" \/>\n\t<meta property=\"og:image:height\" content=\"202\" \/>\n\t<meta property=\"og:image:type\" content=\"image\/jpeg\" \/>\n<meta name=\"author\" content=\"Tiago\" \/>\n<meta name=\"twitter:card\" content=\"summary_large_image\" \/>\n<meta name=\"twitter:label1\" content=\"Escrito por\" \/>\n\t<meta name=\"twitter:data1\" content=\"Tiago\" \/>\n\t<meta name=\"twitter:label2\" content=\"Est. tempo de leitura\" \/>\n\t<meta name=\"twitter:data2\" content=\"5 minutos\" \/>\n<script type=\"application\/ld+json\" class=\"yoast-schema-graph\">{\"@context\":\"https:\/\/schema.org\",\"@graph\":[{\"@type\":\"Article\",\"@id\":\"https:\/\/rioonwatch.org.br\/?p=812#article\",\"isPartOf\":{\"@id\":\"https:\/\/rioonwatch.org.br\/?p=812\"},\"author\":{\"name\":\"Tiago\",\"@id\":\"https:\/\/rioonwatch.org.br\/#\/schema\/person\/7c54ce0a929f914709db001584daa6ee\"},\"headline\":\"Do que se Defender na Contagem Regressiva at\u00e9 os Jogos Ol\u00edmpicos de 2016\",\"datePublished\":\"2010-10-12T12:00:33+00:00\",\"dateModified\":\"2024-06-20T19:31:29+00:00\",\"mainEntityOfPage\":{\"@id\":\"https:\/\/rioonwatch.org.br\/?p=812\"},\"wordCount\":1053,\"commentCount\":0,\"publisher\":{\"@id\":\"https:\/\/rioonwatch.org.br\/#organization\"},\"image\":{\"@id\":\"https:\/\/rioonwatch.org.br\/?p=812#primaryimage\"},\"thumbnailUrl\":\"https:\/\/rioonwatch.org.br\/wp-content\/uploads\/2010\/10\/Comemoracao-da-escolha-do-Rio-como-sede-Olimpica.jpg\",\"keywords\":[\"compara\u00e7\u00e3o internacional\",\"Megaeventos\",\"mobiliza\u00e7\u00e3o\",\"Olimp\u00edadas\",\"t\u00e1ticas de organiza\u00e7\u00e3o\"],\"articleSection\":[\"#Rio2016\"],\"inLanguage\":\"pt-BR\",\"potentialAction\":[{\"@type\":\"CommentAction\",\"name\":\"Comment\",\"target\":[\"https:\/\/rioonwatch.org.br\/?p=812#respond\"]}]},{\"@type\":\"WebPage\",\"@id\":\"https:\/\/rioonwatch.org.br\/?p=812\",\"url\":\"https:\/\/rioonwatch.org.br\/?p=812\",\"name\":\"Do que se Defender na Contagem Regressiva at\u00e9 os Jogos Ol\u00edmpicos de 2016 - RioOnWatch\",\"isPartOf\":{\"@id\":\"https:\/\/rioonwatch.org.br\/#website\"},\"primaryImageOfPage\":{\"@id\":\"https:\/\/rioonwatch.org.br\/?p=812#primaryimage\"},\"image\":{\"@id\":\"https:\/\/rioonwatch.org.br\/?p=812#primaryimage\"},\"thumbnailUrl\":\"https:\/\/rioonwatch.org.br\/wp-content\/uploads\/2010\/10\/Comemoracao-da-escolha-do-Rio-como-sede-Olimpica.jpg\",\"datePublished\":\"2010-10-12T12:00:33+00:00\",\"dateModified\":\"2024-06-20T19:31:29+00:00\",\"breadcrumb\":{\"@id\":\"https:\/\/rioonwatch.org.br\/?p=812#breadcrumb\"},\"inLanguage\":\"pt-BR\",\"potentialAction\":[{\"@type\":\"ReadAction\",\"target\":[\"https:\/\/rioonwatch.org.br\/?p=812\"]}]},{\"@type\":\"ImageObject\",\"inLanguage\":\"pt-BR\",\"@id\":\"https:\/\/rioonwatch.org.br\/?p=812#primaryimage\",\"url\":\"https:\/\/rioonwatch.org.br\/wp-content\/uploads\/2010\/10\/Comemoracao-da-escolha-do-Rio-como-sede-Olimpica.jpg\",\"contentUrl\":\"https:\/\/rioonwatch.org.br\/wp-content\/uploads\/2010\/10\/Comemoracao-da-escolha-do-Rio-como-sede-Olimpica.jpg\",\"width\":297,\"height\":202},{\"@type\":\"BreadcrumbList\",\"@id\":\"https:\/\/rioonwatch.org.br\/?p=812#breadcrumb\",\"itemListElement\":[{\"@type\":\"ListItem\",\"position\":1,\"name\":\"In\u00edcio\",\"item\":\"https:\/\/rioonwatch.org.br\/\"},{\"@type\":\"ListItem\",\"position\":2,\"name\":\"Do que se Defender na Contagem Regressiva at\u00e9 os Jogos Ol\u00edmpicos de 2016\"}]},{\"@type\":\"WebSite\",\"@id\":\"https:\/\/rioonwatch.org.br\/#website\",\"url\":\"https:\/\/rioonwatch.org.br\/\",\"name\":\"RioOnWatch\",\"description\":\"relatos das favelas cariocas\",\"publisher\":{\"@id\":\"https:\/\/rioonwatch.org.br\/#organization\"},\"potentialAction\":[{\"@type\":\"SearchAction\",\"target\":{\"@type\":\"EntryPoint\",\"urlTemplate\":\"https:\/\/rioonwatch.org.br\/?s={search_term_string}\"},\"query-input\":{\"@type\":\"PropertyValueSpecification\",\"valueRequired\":true,\"valueName\":\"search_term_string\"}}],\"inLanguage\":\"pt-BR\"},{\"@type\":\"Organization\",\"@id\":\"https:\/\/rioonwatch.org.br\/#organization\",\"name\":\"RioOnWatch\",\"url\":\"https:\/\/rioonwatch.org.br\/\",\"logo\":{\"@type\":\"ImageObject\",\"inLanguage\":\"pt-BR\",\"@id\":\"https:\/\/rioonwatch.org.br\/#\/schema\/logo\/image\/\",\"url\":\"https:\/\/rioonwatch.org.br\/wp-content\/uploads\/2021\/06\/RioOnWatchcabecalhoPT11anos-2.png\",\"contentUrl\":\"https:\/\/rioonwatch.org.br\/wp-content\/uploads\/2021\/06\/RioOnWatchcabecalhoPT11anos-2.png\",\"width\":779,\"height\":277,\"caption\":\"RioOnWatch\"},\"image\":{\"@id\":\"https:\/\/rioonwatch.org.br\/#\/schema\/logo\/image\/\"}},{\"@type\":\"Person\",\"@id\":\"https:\/\/rioonwatch.org.br\/#\/schema\/person\/7c54ce0a929f914709db001584daa6ee\",\"name\":\"Tiago\",\"image\":{\"@type\":\"ImageObject\",\"inLanguage\":\"pt-BR\",\"@id\":\"https:\/\/rioonwatch.org.br\/#\/schema\/person\/image\/\",\"url\":\"https:\/\/secure.gravatar.com\/avatar\/886b123583861b1f9e1b1393972b9aeb?s=96&d=blank&r=g\",\"contentUrl\":\"https:\/\/secure.gravatar.com\/avatar\/886b123583861b1f9e1b1393972b9aeb?s=96&d=blank&r=g\",\"caption\":\"Tiago\"},\"url\":\"https:\/\/rioonwatch.org.br\/?author=5\"}]}<\/script>\n<!-- \/ Yoast SEO plugin. -->","yoast_head_json":{"title":"Do que se Defender na Contagem Regressiva at\u00e9 os Jogos Ol\u00edmpicos de 2016 - RioOnWatch","robots":{"index":"index","follow":"follow","max-snippet":"max-snippet:-1","max-image-preview":"max-image-preview:large","max-video-preview":"max-video-preview:-1"},"canonical":"https:\/\/rioonwatch.org.br\/?p=812","og_locale":"pt_BR","og_type":"article","og_title":"Do que se Defender na Contagem Regressiva at\u00e9 os Jogos Ol\u00edmpicos de 2016 - RioOnWatch","og_description":"Muitos cidad\u00e3os de Vancouver, como os cariocas, receberam os Jogos Ol\u00edmpicos com felicidade e empolga\u00e7\u00e3o. Olhando pra dez anos atr\u00e1s, a maioria de n\u00f3s agora sabe que fomos ing\u00eanuos e dever\u00edamos ter prestado aten\u00e7\u00e3o nas [...]","og_url":"https:\/\/rioonwatch.org.br\/?p=812","og_site_name":"RioOnWatch","article_published_time":"2010-10-12T12:00:33+00:00","article_modified_time":"2024-06-20T19:31:29+00:00","og_image":[{"width":297,"height":202,"url":"https:\/\/rioonwatch.org.br\/wp-content\/uploads\/2010\/10\/Comemoracao-da-escolha-do-Rio-como-sede-Olimpica.jpg","type":"image\/jpeg"}],"author":"Tiago","twitter_card":"summary_large_image","twitter_misc":{"Escrito por":"Tiago","Est. tempo de leitura":"5 minutos"},"schema":{"@context":"https:\/\/schema.org","@graph":[{"@type":"Article","@id":"https:\/\/rioonwatch.org.br\/?p=812#article","isPartOf":{"@id":"https:\/\/rioonwatch.org.br\/?p=812"},"author":{"name":"Tiago","@id":"https:\/\/rioonwatch.org.br\/#\/schema\/person\/7c54ce0a929f914709db001584daa6ee"},"headline":"Do que se Defender na Contagem Regressiva at\u00e9 os Jogos Ol\u00edmpicos de 2016","datePublished":"2010-10-12T12:00:33+00:00","dateModified":"2024-06-20T19:31:29+00:00","mainEntityOfPage":{"@id":"https:\/\/rioonwatch.org.br\/?p=812"},"wordCount":1053,"commentCount":0,"publisher":{"@id":"https:\/\/rioonwatch.org.br\/#organization"},"image":{"@id":"https:\/\/rioonwatch.org.br\/?p=812#primaryimage"},"thumbnailUrl":"https:\/\/rioonwatch.org.br\/wp-content\/uploads\/2010\/10\/Comemoracao-da-escolha-do-Rio-como-sede-Olimpica.jpg","keywords":["compara\u00e7\u00e3o internacional","Megaeventos","mobiliza\u00e7\u00e3o","Olimp\u00edadas","t\u00e1ticas de organiza\u00e7\u00e3o"],"articleSection":["#Rio2016"],"inLanguage":"pt-BR","potentialAction":[{"@type":"CommentAction","name":"Comment","target":["https:\/\/rioonwatch.org.br\/?p=812#respond"]}]},{"@type":"WebPage","@id":"https:\/\/rioonwatch.org.br\/?p=812","url":"https:\/\/rioonwatch.org.br\/?p=812","name":"Do que se Defender na Contagem Regressiva at\u00e9 os Jogos Ol\u00edmpicos de 2016 - RioOnWatch","isPartOf":{"@id":"https:\/\/rioonwatch.org.br\/#website"},"primaryImageOfPage":{"@id":"https:\/\/rioonwatch.org.br\/?p=812#primaryimage"},"image":{"@id":"https:\/\/rioonwatch.org.br\/?p=812#primaryimage"},"thumbnailUrl":"https:\/\/rioonwatch.org.br\/wp-content\/uploads\/2010\/10\/Comemoracao-da-escolha-do-Rio-como-sede-Olimpica.jpg","datePublished":"2010-10-12T12:00:33+00:00","dateModified":"2024-06-20T19:31:29+00:00","breadcrumb":{"@id":"https:\/\/rioonwatch.org.br\/?p=812#breadcrumb"},"inLanguage":"pt-BR","potentialAction":[{"@type":"ReadAction","target":["https:\/\/rioonwatch.org.br\/?p=812"]}]},{"@type":"ImageObject","inLanguage":"pt-BR","@id":"https:\/\/rioonwatch.org.br\/?p=812#primaryimage","url":"https:\/\/rioonwatch.org.br\/wp-content\/uploads\/2010\/10\/Comemoracao-da-escolha-do-Rio-como-sede-Olimpica.jpg","contentUrl":"https:\/\/rioonwatch.org.br\/wp-content\/uploads\/2010\/10\/Comemoracao-da-escolha-do-Rio-como-sede-Olimpica.jpg","width":297,"height":202},{"@type":"BreadcrumbList","@id":"https:\/\/rioonwatch.org.br\/?p=812#breadcrumb","itemListElement":[{"@type":"ListItem","position":1,"name":"In\u00edcio","item":"https:\/\/rioonwatch.org.br\/"},{"@type":"ListItem","position":2,"name":"Do que se Defender na Contagem Regressiva at\u00e9 os Jogos Ol\u00edmpicos de 2016"}]},{"@type":"WebSite","@id":"https:\/\/rioonwatch.org.br\/#website","url":"https:\/\/rioonwatch.org.br\/","name":"RioOnWatch","description":"relatos das favelas cariocas","publisher":{"@id":"https:\/\/rioonwatch.org.br\/#organization"},"potentialAction":[{"@type":"SearchAction","target":{"@type":"EntryPoint","urlTemplate":"https:\/\/rioonwatch.org.br\/?s={search_term_string}"},"query-input":{"@type":"PropertyValueSpecification","valueRequired":true,"valueName":"search_term_string"}}],"inLanguage":"pt-BR"},{"@type":"Organization","@id":"https:\/\/rioonwatch.org.br\/#organization","name":"RioOnWatch","url":"https:\/\/rioonwatch.org.br\/","logo":{"@type":"ImageObject","inLanguage":"pt-BR","@id":"https:\/\/rioonwatch.org.br\/#\/schema\/logo\/image\/","url":"https:\/\/rioonwatch.org.br\/wp-content\/uploads\/2021\/06\/RioOnWatchcabecalhoPT11anos-2.png","contentUrl":"https:\/\/rioonwatch.org.br\/wp-content\/uploads\/2021\/06\/RioOnWatchcabecalhoPT11anos-2.png","width":779,"height":277,"caption":"RioOnWatch"},"image":{"@id":"https:\/\/rioonwatch.org.br\/#\/schema\/logo\/image\/"}},{"@type":"Person","@id":"https:\/\/rioonwatch.org.br\/#\/schema\/person\/7c54ce0a929f914709db001584daa6ee","name":"Tiago","image":{"@type":"ImageObject","inLanguage":"pt-BR","@id":"https:\/\/rioonwatch.org.br\/#\/schema\/person\/image\/","url":"https:\/\/secure.gravatar.com\/avatar\/886b123583861b1f9e1b1393972b9aeb?s=96&d=blank&r=g","contentUrl":"https:\/\/secure.gravatar.com\/avatar\/886b123583861b1f9e1b1393972b9aeb?s=96&d=blank&r=g","caption":"Tiago"},"url":"https:\/\/rioonwatch.org.br\/?author=5"}]}},"_links":{"self":[{"href":"https:\/\/rioonwatch.org.br\/index.php?rest_route=\/wp\/v2\/posts\/812"}],"collection":[{"href":"https:\/\/rioonwatch.org.br\/index.php?rest_route=\/wp\/v2\/posts"}],"about":[{"href":"https:\/\/rioonwatch.org.br\/index.php?rest_route=\/wp\/v2\/types\/post"}],"author":[{"embeddable":true,"href":"https:\/\/rioonwatch.org.br\/index.php?rest_route=\/wp\/v2\/users\/5"}],"replies":[{"embeddable":true,"href":"https:\/\/rioonwatch.org.br\/index.php?rest_route=%2Fwp%2Fv2%2Fcomments&post=812"}],"version-history":[{"count":23,"href":"https:\/\/rioonwatch.org.br\/index.php?rest_route=\/wp\/v2\/posts\/812\/revisions"}],"predecessor-version":[{"id":15959,"href":"https:\/\/rioonwatch.org.br\/index.php?rest_route=\/wp\/v2\/posts\/812\/revisions\/15959"}],"wp:featuredmedia":[{"embeddable":true,"href":"https:\/\/rioonwatch.org.br\/index.php?rest_route=\/wp\/v2\/media\/15915"}],"wp:attachment":[{"href":"https:\/\/rioonwatch.org.br\/index.php?rest_route=%2Fwp%2Fv2%2Fmedia&parent=812"}],"wp:term":[{"taxonomy":"category","embeddable":true,"href":"https:\/\/rioonwatch.org.br\/index.php?rest_route=%2Fwp%2Fv2%2Fcategories&post=812"},{"taxonomy":"post_tag","embeddable":true,"href":"https:\/\/rioonwatch.org.br\/index.php?rest_route=%2Fwp%2Fv2%2Ftags&post=812"},{"taxonomy":"writer","embeddable":true,"href":"https:\/\/rioonwatch.org.br\/index.php?rest_route=%2Fwp%2Fv2%2Fwriter&post=812"},{"taxonomy":"translator","embeddable":true,"href":"https:\/\/rioonwatch.org.br\/index.php?rest_route=%2Fwp%2Fv2%2Ftranslator&post=812"},{"taxonomy":"source","embeddable":true,"href":"https:\/\/rioonwatch.org.br\/index.php?rest_route=%2Fwp%2Fv2%2Fsource&post=812"},{"taxonomy":"ilustrador","embeddable":true,"href":"https:\/\/rioonwatch.org.br\/index.php?rest_route=%2Fwp%2Fv2%2Filustrador&post=812"},{"taxonomy":"fotografo","embeddable":true,"href":"https:\/\/rioonwatch.org.br\/index.php?rest_route=%2Fwp%2Fv2%2Ffotografo&post=812"}],"curies":[{"name":"wp","href":"https:\/\/api.w.org\/{rel}","templated":true}]}}