{"id":81278,"date":"2026-03-13T14:51:41","date_gmt":"2026-03-13T17:51:41","guid":{"rendered":"https:\/\/rioonwatch.org.br\/?p=81278"},"modified":"2026-03-25T16:00:01","modified_gmt":"2026-03-25T19:00:01","slug":"entre-memorias-e-historias-vividas-em-meio-a-fortes-chuvas-exposicao-memoria-climatica-das-favelas-em-santa-cruz-gera-reflexoes-entre-geracoes","status":"publish","type":"post","link":"https:\/\/rioonwatch.org.br\/?p=81278","title":{"rendered":"Entre Mem\u00f3rias e Hist\u00f3rias Vividas: Em Meio \u00e0 Fortes Chuvas, Exposi\u00e7\u00e3o &#8216;Mem\u00f3ria Clim\u00e1tica das Favelas&#8217; em Santa Cruz Gera Reflex\u00f5es entre Gera\u00e7\u00f5es"},"content":{"rendered":"<figure id=\"attachment_81334\" aria-describedby=\"caption-attachment-81334\" style=\"width: 2560px\" class=\"wp-caption aligncenter\"><a href=\"https:\/\/rioonwatch.org.br\/wp-content\/uploads\/2026\/03\/Marlene-Ayres-segura-colchonetes-enquanto-fala-aos-estudantes-da-Escola-Municipal-Princesa-Isabel-em-vista-a-a-Exposicao-Memoria-Climatica-das-Favelas-em-Santa-Cruz-foto-Barbara-Dias-scaled.jpg\"><img fetchpriority=\"high\" decoding=\"async\" class=\"wp-image-81334 size-full\" title=\"Marlene Ayres segura tr\u00eas colchonetes que recebeu da Secretaria de Assist\u00eancia Social, enquanto fala aos estudantes da Escola Municipal Princesa Isabel, em vista a \u00e0 Exposi\u00e7\u00e3o Mem\u00f3ria Clim\u00e1tica das Favelas, em Santa Cruz. Ela foi uma das afetadas pelas recentes enchentes que assolaram a Zona Oeste do Rio de Janeiro. Foto: B\u00e1rbara Dias\" src=\"https:\/\/rioonwatch.org.br\/wp-content\/uploads\/2026\/03\/Marlene-Ayres-segura-colchonetes-enquanto-fala-aos-estudantes-da-Escola-Municipal-Princesa-Isabel-em-vista-a-a-Exposicao-Memoria-Climatica-das-Favelas-em-Santa-Cruz-foto-Barbara-Dias-scaled.jpg\" alt=\"Marlene Ayres segura tr\u00eas colchonetes que recebeu da Secretaria de Assist\u00eancia Social, enquanto fala aos estudantes da Escola Municipal Princesa Isabel, em vista a \u00e0 Exposi\u00e7\u00e3o Mem\u00f3ria Clim\u00e1tica das Favelas, em Santa Cruz. Ela foi uma das afetadas pelas recentes enchentes que assolaram a Zona Oeste do Rio de Janeiro. Foto: B\u00e1rbara Dias\" width=\"2560\" height=\"1709\" srcset=\"https:\/\/rioonwatch.org.br\/wp-content\/uploads\/2026\/03\/Marlene-Ayres-segura-colchonetes-enquanto-fala-aos-estudantes-da-Escola-Municipal-Princesa-Isabel-em-vista-a-a-Exposicao-Memoria-Climatica-das-Favelas-em-Santa-Cruz-foto-Barbara-Dias-scaled.jpg 2560w, https:\/\/rioonwatch.org.br\/wp-content\/uploads\/2026\/03\/Marlene-Ayres-segura-colchonetes-enquanto-fala-aos-estudantes-da-Escola-Municipal-Princesa-Isabel-em-vista-a-a-Exposicao-Memoria-Climatica-das-Favelas-em-Santa-Cruz-foto-Barbara-Dias-620x414.jpg 620w, https:\/\/rioonwatch.org.br\/wp-content\/uploads\/2026\/03\/Marlene-Ayres-segura-colchonetes-enquanto-fala-aos-estudantes-da-Escola-Municipal-Princesa-Isabel-em-vista-a-a-Exposicao-Memoria-Climatica-das-Favelas-em-Santa-Cruz-foto-Barbara-Dias-768x513.jpg 768w, https:\/\/rioonwatch.org.br\/wp-content\/uploads\/2026\/03\/Marlene-Ayres-segura-colchonetes-enquanto-fala-aos-estudantes-da-Escola-Municipal-Princesa-Isabel-em-vista-a-a-Exposicao-Memoria-Climatica-das-Favelas-em-Santa-Cruz-foto-Barbara-Dias-1536x1025.jpg 1536w, https:\/\/rioonwatch.org.br\/wp-content\/uploads\/2026\/03\/Marlene-Ayres-segura-colchonetes-enquanto-fala-aos-estudantes-da-Escola-Municipal-Princesa-Isabel-em-vista-a-a-Exposicao-Memoria-Climatica-das-Favelas-em-Santa-Cruz-foto-Barbara-Dias-2048x1367.jpg 2048w\" sizes=\"(max-width: 2560px) 100vw, 2560px\" \/><\/a><figcaption id=\"caption-attachment-81334\" class=\"wp-caption-text\">Marlene Ayres segura tr\u00eas colchonetes que recebeu da Secretaria de Assist\u00eancia Social, enquanto fala aos estudantes da Escola Municipal Princesa Isabel, em visita \u00e0 exposi\u00e7\u00e3o Mem\u00f3ria Clim\u00e1tica das Favelas, em Santa Cruz. Ela foi uma das afetadas pelas recentes enchentes que assolaram a Zona Oeste do Rio de Janeiro. Foto: B\u00e1rbara Dias<\/figcaption><\/figure>\n<p style=\"text-align: right;\"><a href=\"https:\/\/bit.ly\/4bIXesM\" target=\"_blank\" rel=\"noopener\"><em><strong>Click Here for English<\/strong><\/em><img decoding=\"async\" class=\"alignright wp-image-15790\" src=\"https:\/\/rioonwatch.org.br\/wp-content\/uploads\/2012\/08\/EN-standard-e1439583104716.jpg\" alt=\"\" width=\"20\" height=\"20\" \/><\/a><\/p>\n<p><span style=\"font-weight: 400;\">A exposi\u00e7\u00e3o <\/span><a href=\"https:\/\/bit.ly\/4sjLnsx\" target=\"_blank\" rel=\"noopener\"><span style=\"font-weight: 400;\">Mem\u00f3ria Clim\u00e1tica das Favelas<\/span><\/a><span style=\"font-weight: 400;\">, organizada por onze museus integrantes da Rede Favela Sustent\u00e1vel (<\/span><a href=\"https:\/\/bit.ly\/47gueXe\" target=\"_blank\" rel=\"noopener\"><span style=\"font-weight: 400;\">RFS<\/span><\/a><span style=\"font-weight: 400;\">)*,<\/span> <a href=\"https:\/\/bit.ly\/47tNaCC\" target=\"_blank\" rel=\"noopener\"><span style=\"font-weight: 400;\">est\u00e1 em exibi\u00e7\u00e3o desde janeiro e at\u00e9 31 de mar\u00e7o<\/span><\/a><span style=\"font-weight: 400;\">\u00a0no <\/span><a href=\"https:\/\/bit.ly\/3OTiww6\" target=\"_blank\" rel=\"noopener\"><span style=\"font-weight: 400;\">Palacete Princesa Isabel<\/span><\/a><span style=\"font-weight: 400;\">, sede do N\u00facleo de Orienta\u00e7\u00e3o e Pesquisa Hist\u00f3rica de Santa Cruz (<\/span><a href=\"https:\/\/bit.ly\/41BI82T\" target=\"_blank\" rel=\"noopener\"><span style=\"font-weight: 400;\">NOPH<\/span><\/a><span style=\"font-weight: 400;\">), que organizou a exposi\u00e7\u00e3o neste centro cultural de <a href=\"https:\/\/bit.ly\/2IUYpbd\" target=\"_blank\" rel=\"noopener\">Santa Cruz<\/a>, na <a href=\"https:\/\/bit.ly\/2x3k8bw\" target=\"_blank\" rel=\"noopener\">Zona Oeste<\/a> do Rio de Janeiro.<\/span><\/p>\n<p><span style=\"font-weight: 400;\">No dia 3 de mar\u00e7o, estudantes e docentes da Escola Municipal Princesa Isabel visitaram a exposi\u00e7\u00e3o e puderam aprender mais sobre como foi o processo de elabora\u00e7\u00e3o da mostra. Bruno Almeida, coordenador do NOPH, apresentou para o grupo como surgiu a proposta da exposi\u00e7\u00e3o:<\/span><\/p>\n<blockquote><p>\u201cA gente pensou nesse projeto, que \u00e9 a Mem\u00f3ria Clim\u00e1tica das Favelas, que visitou dez favelas da cidade do Rio de Janeiro. <a href=\"https:\/\/bit.ly\/MCemAntaresNoROW\" target=\"_blank\" rel=\"noopener\">Uma delas foi o Antares<\/a> [em Santa Cruz]. A gente fez uma roda de conversa para entender o processo das mudan\u00e7as clim\u00e1ticas e o que a comunidade lembra dos efeitos. E tamb\u00e9m de <a href=\"https:\/\/bit.ly\/3S8Nj6C\" target=\"_blank\" rel=\"noopener\">solu\u00e7\u00f5es dentro das comunidades<\/a>.\u201d<\/p><\/blockquote>\n<figure id=\"attachment_81336\" aria-describedby=\"caption-attachment-81336\" style=\"width: 2560px\" class=\"wp-caption aligncenter\"><a href=\"https:\/\/rioonwatch.org.br\/wp-content\/uploads\/2026\/03\/Bruno-Almeida-realiza-visita-guiada-a-Exposicao-Memoria-Climatica-das-Favelas-em-Santa-Cruz-junto-a-estudantes-da-Escola-Municipal-Princesa-Isabe.-Foto-Barbara-Dias-scaled.jpg\"><img decoding=\"async\" class=\"wp-image-81336 size-full\" style=\"font-size: 16px;\" title=\"Bruno Almeida realiza visita guiada \u00e0 Exposi\u00e7\u00e3o Mem\u00f3ria Clim\u00e1tica das Favelas em Santa Cruz com estudantes da Escola Municipal Princesa Isabel. Foto: B\u00e1rbara Dias\" src=\"https:\/\/rioonwatch.org.br\/wp-content\/uploads\/2026\/03\/Bruno-Almeida-realiza-visita-guiada-a-Exposicao-Memoria-Climatica-das-Favelas-em-Santa-Cruz-junto-a-estudantes-da-Escola-Municipal-Princesa-Isabe.-Foto-Barbara-Dias-scaled.jpg\" alt=\"Bruno Almeida realiza visita guiada \u00e0 Exposi\u00e7\u00e3o Mem\u00f3ria Clim\u00e1tica das Favelas em Santa Cruz com estudantes da Escola Municipal Princesa Isabel. Foto: B\u00e1rbara Dias\" width=\"2560\" height=\"1709\" srcset=\"https:\/\/rioonwatch.org.br\/wp-content\/uploads\/2026\/03\/Bruno-Almeida-realiza-visita-guiada-a-Exposicao-Memoria-Climatica-das-Favelas-em-Santa-Cruz-junto-a-estudantes-da-Escola-Municipal-Princesa-Isabe.-Foto-Barbara-Dias-scaled.jpg 2560w, https:\/\/rioonwatch.org.br\/wp-content\/uploads\/2026\/03\/Bruno-Almeida-realiza-visita-guiada-a-Exposicao-Memoria-Climatica-das-Favelas-em-Santa-Cruz-junto-a-estudantes-da-Escola-Municipal-Princesa-Isabe.-Foto-Barbara-Dias-620x414.jpg 620w, https:\/\/rioonwatch.org.br\/wp-content\/uploads\/2026\/03\/Bruno-Almeida-realiza-visita-guiada-a-Exposicao-Memoria-Climatica-das-Favelas-em-Santa-Cruz-junto-a-estudantes-da-Escola-Municipal-Princesa-Isabe.-Foto-Barbara-Dias-768x513.jpg 768w, https:\/\/rioonwatch.org.br\/wp-content\/uploads\/2026\/03\/Bruno-Almeida-realiza-visita-guiada-a-Exposicao-Memoria-Climatica-das-Favelas-em-Santa-Cruz-junto-a-estudantes-da-Escola-Municipal-Princesa-Isabe.-Foto-Barbara-Dias-1536x1025.jpg 1536w, https:\/\/rioonwatch.org.br\/wp-content\/uploads\/2026\/03\/Bruno-Almeida-realiza-visita-guiada-a-Exposicao-Memoria-Climatica-das-Favelas-em-Santa-Cruz-junto-a-estudantes-da-Escola-Municipal-Princesa-Isabe.-Foto-Barbara-Dias-2048x1367.jpg 2048w\" sizes=\"(max-width: 2560px) 100vw, 2560px\" \/><\/a><figcaption id=\"caption-attachment-81336\" class=\"wp-caption-text\">Bruno Almeida realiza visita guiada \u00e0 exposi\u00e7\u00e3o Mem\u00f3ria Clim\u00e1tica das Favelas em Santa Cruz com estudantes da Escola Municipal Princesa Isabel. Foto: B\u00e1rbara Dias<\/figcaption><\/figure>\n<p><span style=\"font-weight: 400;\">Enquanto os estudantes conheciam a proposta da exposi\u00e7\u00e3o, Santa Cruz ainda vivia as consequ\u00eancias das <a href=\"https:\/\/bit.ly\/ROWChuvas2026\">fortes chuvas que atingiram a Zona Oeste e todo o Grande Rio em fevereiro<\/a> e mar\u00e7o de 2026. No dia <\/span><span style=\"font-weight: 400;\">26 de fevereiro<\/span><span style=\"font-weight: 400;\">, a regi\u00e3o foi uma das mais afetadas e poucos dias depois, em 1\u00ba de mar\u00e7o, o cen\u00e1rio se repetiu. Os impactos foram sentidos principalmente em <a href=\"https:\/\/bit.ly\/2WQxncM\" target=\"_blank\" rel=\"noopener\">Antares<\/a>, <\/span><span style=\"font-weight: 400;\">onde o Rio Ca\u00e7\u00e3o Vermelho transbordou. Muitos moradores perderam m\u00f3veis e objetos pessoais ao terem suas casas invadidas pela <a href=\"https:\/\/bit.ly\/3SMywA2\" target=\"_blank\" rel=\"noopener\">enchente<\/a>.<\/span><\/p>\n<blockquote class=\"instagram-media\" style=\"background: #FFF; border: 0; border-radius: 3px; box-shadow: 0 0 1px 0 rgba(0,0,0,0.5),0 1px 10px 0 rgba(0,0,0,0.15); margin: 1px; max-width: 540px; min-width: 326px; padding: 0; width: calc(100% - 2px);\" data-instgrm-captioned=\"\" data-instgrm-permalink=\"https:\/\/www.instagram.com\/reel\/DVPeIjoAp0I\/?utm_source=ig_embed&amp;utm_campaign=loading\" data-instgrm-version=\"14\">\n<div style=\"padding: 16px;\">\n<p>&nbsp;<\/p>\n<div style=\"display: flex; flex-direction: row; align-items: center;\">\n<div style=\"background-color: #f4f4f4; border-radius: 50%; flex-grow: 0; height: 40px; margin-right: 14px; width: 40px;\"><\/div>\n<div style=\"display: flex; flex-direction: column; flex-grow: 1; justify-content: center;\">\n<div style=\"background-color: #f4f4f4; border-radius: 4px; flex-grow: 0; height: 14px; margin-bottom: 6px; width: 100px;\"><\/div>\n<div style=\"background-color: #f4f4f4; border-radius: 4px; flex-grow: 0; height: 14px; width: 60px;\"><\/div>\n<\/div>\n<\/div>\n<div style=\"padding: 19% 0;\"><\/div>\n<div style=\"display: block; height: 50px; margin: 0 auto 12px; width: 50px;\"><\/div>\n<div style=\"padding-top: 8px;\">\n<div style=\"color: #3897f0; font-family: Arial,sans-serif; font-size: 14px; font-style: normal; font-weight: 550; line-height: 18px;\">Ver essa foto no Instagram<\/div>\n<\/div>\n<div style=\"padding: 12.5% 0;\"><\/div>\n<div style=\"display: flex; flex-direction: row; margin-bottom: 14px; align-items: center;\">\n<div>\n<div style=\"background-color: #f4f4f4; border-radius: 50%; height: 12.5px; width: 12.5px; transform: translateX(0px) translateY(7px);\"><\/div>\n<div style=\"background-color: #f4f4f4; height: 12.5px; transform: rotate(-45deg) translateX(3px) translateY(1px); width: 12.5px; flex-grow: 0; margin-right: 14px; margin-left: 2px;\"><\/div>\n<div style=\"background-color: #f4f4f4; border-radius: 50%; height: 12.5px; width: 12.5px; transform: translateX(9px) translateY(-18px);\"><\/div>\n<\/div>\n<div style=\"margin-left: 8px;\">\n<div style=\"background-color: #f4f4f4; border-radius: 50%; flex-grow: 0; height: 20px; width: 20px;\"><\/div>\n<div style=\"width: 0; height: 0; border-top: 2px solid transparent; border-left: 6px solid #f4f4f4; border-bottom: 2px solid transparent; transform: translateX(16px) translateY(-4px) rotate(30deg);\"><\/div>\n<\/div>\n<div style=\"margin-left: auto;\">\n<div style=\"width: 0px; border-top: 8px solid #F4F4F4; border-right: 8px solid transparent; transform: translateY(16px);\"><\/div>\n<div style=\"background-color: #f4f4f4; flex-grow: 0; height: 12px; width: 16px; transform: translateY(-4px);\"><\/div>\n<div style=\"width: 0; height: 0; border-top: 8px solid #F4F4F4; border-left: 8px solid transparent; transform: translateY(-4px) translateX(8px);\"><\/div>\n<\/div>\n<\/div>\n<div style=\"display: flex; flex-direction: column; flex-grow: 1; justify-content: center; margin-bottom: 24px;\">\n<div style=\"background-color: #f4f4f4; border-radius: 4px; flex-grow: 0; height: 14px; margin-bottom: 6px; width: 224px;\"><\/div>\n<div style=\"background-color: #f4f4f4; border-radius: 4px; flex-grow: 0; height: 14px; width: 144px;\"><\/div>\n<\/div>\n<p>&nbsp;<\/p>\n<p style=\"color: #c9c8cd; font-family: Arial,sans-serif; font-size: 14px; line-height: 17px; margin-bottom: 0; margin-top: 8px; overflow: hidden; padding: 8px 0 7px; text-align: center; text-overflow: ellipsis; white-space: nowrap;\"><a style=\"color: #c9c8cd; font-family: Arial,sans-serif; font-size: 14px; font-style: normal; font-weight: normal; line-height: 17px; text-decoration: none;\" href=\"https:\/\/www.instagram.com\/reel\/DVPeIjoAp0I\/?utm_source=ig_embed&amp;utm_campaign=loading\" target=\"_blank\" rel=\"noopener\">Um post compartilhado por \u00c9 do Rio | Not\u00edcias (@edoriocom)<\/a><\/p>\n<\/div>\n<\/blockquote>\n<p><script src=\"\/\/www.instagram.com\/embed.js\" async=\"\"><\/script><\/p>\n<p><span style=\"font-weight: 400;\">J\u00e1 os<\/span> visitantes viam registrado, na linha do tempo da exposi\u00e7\u00e3o Mem\u00f3ria Clim\u00e1tica das Favelas, composta de 60 pain\u00e9is de momentos hist\u00f3ricos levantados nas rodas de conversa em 10 comunidades, o processo de reassentamento que produziu Antares, fruto de impactos de chuvas em outras regi\u00f5es da cidade, em 1966:<\/p>\n<figure id=\"attachment_81388\" aria-describedby=\"caption-attachment-81388\" style=\"width: 400px\" class=\"wp-caption alignright\"><img loading=\"lazy\" decoding=\"async\" class=\"wp-image-81388\" src=\"https:\/\/rioonwatch.org.br\/wp-content\/uploads\/2026\/03\/Painel-1966-Reassentamento-em-Antares.png\" alt=\"Painel da linha do tempo da exposi\u00e7\u00e3o Mem\u00f3ria Clim\u00e1tica das Favelas representando 1966: &quot;Reassentamentos Clim\u00e1ticos na Zona Oeste&quot;.\" width=\"400\" height=\"798\" srcset=\"https:\/\/rioonwatch.org.br\/wp-content\/uploads\/2026\/03\/Painel-1966-Reassentamento-em-Antares.png 736w, https:\/\/rioonwatch.org.br\/wp-content\/uploads\/2026\/03\/Painel-1966-Reassentamento-em-Antares-311x620.png 311w\" sizes=\"(max-width: 400px) 100vw, 400px\" \/><figcaption id=\"caption-attachment-81388\" class=\"wp-caption-text\">Painel da linha do tempo da exposi\u00e7\u00e3o Mem\u00f3ria Clim\u00e1tica das Favelas representando 1966: &#8220;Reassentamentos Clim\u00e1ticos na Zona Oeste&#8221;.<\/figcaption><\/figure>\n<blockquote><p>&#8220;Muitos dos desabrigados das chuvas de janeiro, de diversas favelas de toda a cidade e da Baixada Fluminense, denominados de &#8216;flagelados&#8217;, foram levados para o conjunto habitacional da Cidade de Deus, outros ainda mais longe, para Paci\u00eancia, onde fica Antares.&#8221; \u2014 Painel de 1966 da Linha do Tempo da Mem\u00f3ria Clim\u00e1tica das Favelas<\/p><\/blockquote>\n<p>Seguindo a linha do tempo, as enchentes de fevereiro de 2026 lembravam um triste painel recente, de 2019:<\/p>\n<blockquote><p>&#8220;A cidade do Rio de Janeiro foi atingida por uma forte chuva nos dias 8 e 9 de abril de 2019, a mais volumosa dos \u00faltimos 22 anos. A Prefeitura decretou estado de calamidade p\u00fablica. Foram dez v\u00edtimas fatais na cidade, entre elas, Reginaldo Exidro da Silva, que morreu afogado em Antares. A for\u00e7a da \u00e1gua derrubou a estrutura de ferro da famosa Ponte Amarela de Antares. Mais de mil casas foram inundadas, muitos moradores tiveram que ficar debaixo da forte chuva em suas lajes durante toda a madrugada e perderam documentos, m\u00f3veis, eletrodom\u00e9sticos, roupas e mantimentos.&#8221; \u2014 Painel de 2019 da Linha do Tempo da Mem\u00f3ria Clim\u00e1tica das Favelas<\/p><\/blockquote>\n<p><span style=\"font-weight: 400;\">No Palacete Princesa Isabel, a <\/span><a href=\"https:\/\/bit.ly\/4sxLNeh\" target=\"_blank\" rel=\"noopener\"><span style=\"font-weight: 400;\">Secretaria Municipal de Assist\u00eancia Social<\/span><\/a> <span style=\"font-weight: 400;\">recebia os moradores atingidos pelas chuvas para cadastramento e distribui\u00e7\u00e3o emergencial de aux\u00edlios e colchonetes. Infelizmente, a exposi\u00e7\u00e3o Mem\u00f3ria Clim\u00e1tica das Favelas ganhava novos testemunhos, novas mem\u00f3rias clim\u00e1ticas das favelas em tempo real.<\/span><\/p>\n<p><span style=\"font-weight: 400;\">Marlene Ayres Neto, moradora de Antares, foi uma das afetadas pela enchente recente. Ela se aproximou da roda de conversa com os estudantes, que acontecia do lado externo, e compartilhou sua hist\u00f3ria diante do grupo.<\/span><\/p>\n<p><span style=\"font-size: 16px;\">A mem\u00f3ria clim\u00e1tica que ocupava os banners e linha do tempo no palacete se mostrou atual e contempor\u00e2nea com um relato vivo de mem\u00f3ria clim\u00e1tica recente, de poucos dias antes:<\/span><\/p>\n<blockquote><p><span style=\"font-weight: 400;\">\u201cEu moro na Avenida Antares e <a href=\"https:\/\/bit.ly\/49AL0jn\" target=\"_blank\" rel=\"noopener\">eu estou tremendo<\/a>! Estou em estado de choque ainda. O Rio Ca\u00e7\u00e3o Vermelho transbordou no encontro de mais dois rios e fomos retirados pelos bombeiros.<\/span><\/p>\n<p>Ent\u00e3o, precisa ter uma conscientiza\u00e7\u00e3o urgente de todas as comunidades, para n\u00e3o jogar mais lixo, pra <a href=\"https:\/\/bit.ly\/2y9noUW\" target=\"_blank\" rel=\"noopener\">ter cuidado com os val\u00f5es<\/a>, entendeu? Porque a mudan\u00e7a clim\u00e1tica, cada dia que passa, cada ano que passa, vai ser cada vez pior. Ent\u00e3o, eu pe\u00e7o desculpa que eu estou em estado de choque ainda, porque eu nunca na minha vida pensei em viver uma situa\u00e7\u00e3o daquela, simplesmente [virou] um mar. Ent\u00e3o, o bombeiro que foi nos socorrer deu suporte para a gente poder sair de l\u00e1. Eu nem vou voltar mais, porque cada ano vai subir mais ainda\u2026 Eu moro l\u00e1 h\u00e1 18 anos. \u00c9 a segunda enchente que deu. Nossa esperan\u00e7a s\u00e3o voc\u00eas, a juventude, a esperan\u00e7a da gente \u00e9 voc\u00eas se conscientizarem, n\u00e3o jogar lixo, tomar muito <a href=\"https:\/\/bit.ly\/40CLMu5\" target=\"_blank\" rel=\"noopener\">cuidado com tudo que joga nos rios<\/a>, para n\u00e3o entupir e fazer barreira da \u00e1gua. Come\u00e7ar a cuidar mais da nossa natureza para um futuro melhor, voc\u00eas s\u00e3o a nossa esperan\u00e7a, a esperan\u00e7a dos filhos de voc\u00eas, dos netos de voc\u00eas.\u201d<\/p><\/blockquote>\n<figure id=\"attachment_81342\" aria-describedby=\"caption-attachment-81342\" style=\"width: 2560px\" class=\"wp-caption aligncenter\"><a href=\"https:\/\/rioonwatch.org.br\/wp-content\/uploads\/2026\/03\/Marlene-Ayres-segura-tres-colchonetes-em-Santa-Cruz.-Em-meio-a-visitacao-de-estudantes-da-Escola-Municipal-Princesa-Isabel-a-Exposicao-Memoria-Climatica-das-Favelas.-Foto-Barbara-Dias-scaled.jpg\"><img loading=\"lazy\" decoding=\"async\" class=\"wp-image-81342 size-full\" title=\"Marlene Ayres segura tr\u00eas colchonetes que recebeu no Palacete Princesa Isabel, em Santa Cruz. Em meio \u00e0 visita\u00e7\u00e3o de estudantes da Escola Municipal Princesa Isabel a Exposi\u00e7\u00e3o Mem\u00f3ria Clim\u00e1tica das Favelas, pessoas afetadas pelas enchentes recebiam suporte da Secretaria de Assist\u00eancia Social. Foto: B\u00e1rbara Dias\" src=\"https:\/\/rioonwatch.org.br\/wp-content\/uploads\/2026\/03\/Marlene-Ayres-segura-tres-colchonetes-em-Santa-Cruz.-Em-meio-a-visitacao-de-estudantes-da-Escola-Municipal-Princesa-Isabel-a-Exposicao-Memoria-Climatica-das-Favelas.-Foto-Barbara-Dias-scaled.jpg\" alt=\"Marlene Ayres segura tr\u00eas colchonetes que recebeu no Palacete Princesa Isabel, em Santa Cruz. Em meio \u00e0 visita\u00e7\u00e3o de estudantes da Escola Municipal Princesa Isabel a Exposi\u00e7\u00e3o Mem\u00f3ria Clim\u00e1tica das Favelas, pessoas afetadas pelas enchentes recebiam suporte da Secretaria de Assist\u00eancia Social. Foto: B\u00e1rbara Dias\" width=\"2560\" height=\"1709\" srcset=\"https:\/\/rioonwatch.org.br\/wp-content\/uploads\/2026\/03\/Marlene-Ayres-segura-tres-colchonetes-em-Santa-Cruz.-Em-meio-a-visitacao-de-estudantes-da-Escola-Municipal-Princesa-Isabel-a-Exposicao-Memoria-Climatica-das-Favelas.-Foto-Barbara-Dias-scaled.jpg 2560w, https:\/\/rioonwatch.org.br\/wp-content\/uploads\/2026\/03\/Marlene-Ayres-segura-tres-colchonetes-em-Santa-Cruz.-Em-meio-a-visitacao-de-estudantes-da-Escola-Municipal-Princesa-Isabel-a-Exposicao-Memoria-Climatica-das-Favelas.-Foto-Barbara-Dias-620x414.jpg 620w, https:\/\/rioonwatch.org.br\/wp-content\/uploads\/2026\/03\/Marlene-Ayres-segura-tres-colchonetes-em-Santa-Cruz.-Em-meio-a-visitacao-de-estudantes-da-Escola-Municipal-Princesa-Isabel-a-Exposicao-Memoria-Climatica-das-Favelas.-Foto-Barbara-Dias-768x513.jpg 768w, https:\/\/rioonwatch.org.br\/wp-content\/uploads\/2026\/03\/Marlene-Ayres-segura-tres-colchonetes-em-Santa-Cruz.-Em-meio-a-visitacao-de-estudantes-da-Escola-Municipal-Princesa-Isabel-a-Exposicao-Memoria-Climatica-das-Favelas.-Foto-Barbara-Dias-1536x1025.jpg 1536w, https:\/\/rioonwatch.org.br\/wp-content\/uploads\/2026\/03\/Marlene-Ayres-segura-tres-colchonetes-em-Santa-Cruz.-Em-meio-a-visitacao-de-estudantes-da-Escola-Municipal-Princesa-Isabel-a-Exposicao-Memoria-Climatica-das-Favelas.-Foto-Barbara-Dias-2048x1367.jpg 2048w\" sizes=\"(max-width: 2560px) 100vw, 2560px\" \/><\/a><figcaption id=\"caption-attachment-81342\" class=\"wp-caption-text\">Marlene Ayres segura tr\u00eas colchonetes que recebeu no Palacete Princesa Isabel, em Santa Cruz. Em meio \u00e0 visita\u00e7\u00e3o de estudantes da Escola Municipal Princesa Isabel \u00e0 exposi\u00e7\u00e3o Mem\u00f3ria Clim\u00e1tica das Favelas, pessoas afetadas pelas enchentes recebiam suporte da Secretaria de Assist\u00eancia Social. Foto: B\u00e1rbara Dias<\/figcaption><\/figure>\n<p>Bruno Almeida complementa a fala de Marlene dizendo como \u00e9 dif\u00edcil a perda de todos seus bens em uma enchente e sobre a urg\u00eancia de pol\u00edticas p\u00fablicas para que a popula\u00e7\u00e3o pare de sofrer t\u00e3o recorrentemente com os impactos das chuvas:<\/p>\n<blockquote>\n<figure id=\"attachment_81390\" aria-describedby=\"caption-attachment-81390\" style=\"width: 400px\" class=\"wp-caption alignright\"><a href=\"https:\/\/rioonwatch.org.br\/wp-content\/uploads\/2026\/03\/Painel-2019-Enchente-em-Antares.png\"><img loading=\"lazy\" decoding=\"async\" class=\"wp-image-81390\" src=\"https:\/\/rioonwatch.org.br\/wp-content\/uploads\/2026\/03\/Painel-2019-Enchente-em-Antares.png\" alt=\"Painel da linha do tempo da exposi\u00e7\u00e3o Mem\u00f3ria Clim\u00e1tica das Favelas representando 2019: &quot;Enchente em Antares&quot;.\" width=\"400\" height=\"812\" srcset=\"https:\/\/rioonwatch.org.br\/wp-content\/uploads\/2026\/03\/Painel-2019-Enchente-em-Antares.png 726w, https:\/\/rioonwatch.org.br\/wp-content\/uploads\/2026\/03\/Painel-2019-Enchente-em-Antares-305x620.png 305w\" sizes=\"(max-width: 400px) 100vw, 400px\" \/><\/a><figcaption id=\"caption-attachment-81390\" class=\"wp-caption-text\">Painel da linha do tempo da exposi\u00e7\u00e3o Mem\u00f3ria Clim\u00e1tica das Favelas representando 2019: &#8220;Enchente em Antares&#8221;.<\/figcaption><\/figure>\n<p>\u201c\u00c9 muito triste. A gente v\u00ea as imagens, mas quando a gente conversa com a pessoa, a gente n\u00e3o tem rea\u00e7\u00e3o. O que vai falar para a pessoa? O que a gente pode oferecer com rela\u00e7\u00e3o a isso? S\u00f3 o suporte. E, nesse momento, o que a gente fez na exposi\u00e7\u00e3o foi escutar&#8230; S\u00e3o quest\u00f5es que n\u00e3o [se limitam] s\u00f3 [\u00e0s] enchentes, de subir um pouco e descer a \u00e1gua, \u00e9 perder todo o material e, a cada vez [que isso acontece], as pessoas t\u00eam que reconstruir a casa do zero. \u00c9 quase uma situa\u00e7\u00e3o de guerra, n\u00e9? Mas s\u00f3 que a nossa pode ser evitada por pol\u00edticas p\u00fablicas.\u201d<\/p><\/blockquote>\n<p>Ap\u00f3s a roda de conversa, os estudantes, ainda sob o impacto do relato, retornaram \u00e0 exposi\u00e7\u00e3o. A professora de hist\u00f3ria Milena Williston falou sobre a experi\u00eancia:<\/p>\n<blockquote><p>\u201cEu achei uma exposi\u00e7\u00e3o bem interessante. Nunca tinha visto nada parecido com o que vi aqui hoje. N\u00e3o sei se foi coincid\u00eancia ou n\u00e3o com o que t\u00e1 acontecendo atualmente. A gente v\u00ea as coisas do passado, depoimentos dos moradores, a organiza\u00e7\u00e3o do projeto, eu achei bem legal. E eles [os estudantes] est\u00e3o bem empolgados com as fotos. Acho muito interessante eles verem que a popula\u00e7\u00e3o e eles tamb\u00e9m precisam se conscientizar de que as pessoas n\u00e3o sofrem s\u00f3 com falta de pol\u00edticas p\u00fablicas. A popula\u00e7\u00e3o precisa cuidar daquilo que eles t\u00eam. Porque a gente v\u00ea que as inunda\u00e7\u00f5es acontecem tanto por falta de pol\u00edticas p\u00fablicas, mas tamb\u00e9m, como a senhora at\u00e9 pediu [aqui], que a gente n\u00e3o jogue lixo [nos rios] e cuide deles.\u201d<\/p><\/blockquote>\n<p>O estudante Tiago Oliveira, 15 anos, faz uma observa\u00e7\u00e3o de como o impacto da falta de conhecimento sobre a mem\u00f3ria pode levar a repeti\u00e7\u00f5es de problemas que j\u00e1 aconteceram no passado:<\/p>\n<blockquote><p>\u201cA exposi\u00e7\u00e3o, eu achei muito interessante! E a forma como o pr\u00f3prio Bruno tinha falado especialmente sobre como cada roda funcionou e como as pessoas esquecem dessas mem\u00f3rias e de como eventos [clim\u00e1ticos extremos] que aconteceram h\u00e1 muito tempo, que s\u00e3o esquecidos, acabam se repetindo\u2026 Como se acontecesse uma vez atr\u00e1s da outra.\u201d<\/p><\/blockquote>\n<p>A exposi\u00e7\u00e3o Mem\u00f3ria Clim\u00e1tica das Favelas est\u00e1 em exibi\u00e7\u00e3o no Palacete Princesa Isabel, no Centro Cultural Municipal de Santa Cruz Doutor Ant\u00f4nio Nicolau Jorge, localizado na Rua das Palmeiras Imperiais, s\/n, de ter\u00e7a a s\u00e1bado, das 10h \u00e0s 15h, at\u00e9 o dia 31 de mar\u00e7o. A entrada \u00e9 gratuita.<\/p>\n<h3><a href=\"https:\/\/bit.ly\/MCemSantaCruzFotos\" target=\"_blank\" rel=\"noopener\">Veja Aqui o \u00c1lbum Completo<\/a> da Exposi\u00e7\u00e3o Mem\u00f3ria Clim\u00e1tica das Favelas em Santa Cruz:<\/h3>\n<p><a title=\"Exposi\u00e7\u00e3o de Mem\u00f3ria Clim\u00e1tica das Favelas no NOPH, Santa Cruz, 03 de mar\u00e7o de 2026\" href=\"https:\/\/www.flickr.com\/photos\/catcomm\/albums\/72177720332392934\" data-flickr-embed=\"true\"><img loading=\"lazy\" decoding=\"async\" class=\"aligncenter\" src=\"https:\/\/live.staticflickr.com\/65535\/55130861873_f46dda021f_b.jpg\" alt=\"Exposi\u00e7\u00e3o de Mem\u00f3ria Clim\u00e1tica das Favelas no NOPH, Santa Cruz, 03 de mar\u00e7o de 2026\" width=\"1024\" height=\"768\" \/><\/a><script async src=\"\/\/embedr.flickr.com\/assets\/client-code.js\" charset=\"utf-8\"><\/script><\/p>\n<p><em>*A Rede Favela Sustent\u00e1vel e o RioOnWatch s\u00e3o ambas iniciativas gerenciadas pela organiza\u00e7\u00e3o sem fins lucrativos, Comunidades Catalisadoras. A exposi\u00e7\u00e3o Mem\u00f3ria Clim\u00e1tica das Favelas re\u00fane 1.145 depoimentos de 382 moradores de dez favelas da capital fluminense, coletados e sistematizados ao longo de tr\u00eas anos de constru\u00e7\u00e3o coletiva. A exposi\u00e7\u00e3o foi desenvolvida por onze museus e coletivos de mem\u00f3ria de favelas integrantes da RFS:\u00a0<a href=\"https:\/\/bit.ly\/3VpRfRY\" target=\"_blank\" rel=\"noopener\">Museu da Mar\u00e9<\/a>,\u00a0<a href=\"https:\/\/bit.ly\/3Ym5Hwi\" target=\"_blank\" rel=\"noopener\">Museu Sankofa<\/a>,\u00a0<a href=\"https:\/\/bit.ly\/4d95ToV\" target=\"_blank\" rel=\"noopener\">N\u00facleo de Orienta\u00e7\u00e3o e Pesquisa Hist\u00f3rica de Santa Cruz<\/a>,\u00a0<a href=\"https:\/\/bit.ly\/3Evtd3k\" target=\"_blank\" rel=\"noopener\">Museu de Favela<\/a>,\u00a0<a href=\"https:\/\/bit.ly\/3CBLiYV\" target=\"_blank\" rel=\"noopener\">N\u00facleo de Mem\u00f3rias do Vidigal<\/a>,\u00a0<a href=\"https:\/\/bit.ly\/4hEn5nZ\" target=\"_blank\" rel=\"noopener\">Alfazendo<\/a>\u00a0(Cidade de Deus),\u00a0<a href=\"https:\/\/bit.ly\/4bKIUhw\" target=\"_blank\" rel=\"noopener\">Centro de Integra\u00e7\u00e3o da Serra da Miseric\u00f3rdia<\/a>,\u00a0<a href=\"https:\/\/bit.ly\/3jtfLSI\" target=\"_blank\" rel=\"noopener\">Museu do Horto<\/a>,\u00a0<a href=\"https:\/\/bit.ly\/49yIWsJ\" target=\"_blank\" rel=\"noopener\">Fala Akari<\/a>,\u00a0<a href=\"https:\/\/bit.ly\/4mwSn26\" target=\"_blank\" rel=\"noopener\">Conex\u00f5es Perif\u00e9ricas<\/a>\u00a0(Rio das Pedras) e\u00a0<a href=\"https:\/\/bit.ly\/3KIL0RM\" target=\"_blank\" rel=\"noopener\">Museu das Remo\u00e7\u00f5es<\/a>.<\/em><\/p>\n<p><em>Sobre a autora:\u00a0<a href=\"https:\/\/bit.ly\/3Gc3OJU\" target=\"_blank\" rel=\"noopener\">B\u00e1rbara Dias<\/a>, cria de Bangu, possui licenciatura em Ci\u00eancias Biol\u00f3gicas, mestrado em Educa\u00e7\u00e3o Ambiental e atua como professora da rede p\u00fablica desde 2006. \u00c9 fotojornalista e trabalha tamb\u00e9m com fotografia documental. \u00c9 comunicadora popular formada pelo N\u00facleo Piratininga de Comunica\u00e7\u00e3o (<a href=\"https:\/\/bit.ly\/3i2GcdN\" target=\"_blank\" rel=\"noopener\">NPC<\/a>) e co-fundadora do\u00a0<a href=\"https:\/\/bit.ly\/3vfY8bj\" target=\"_blank\" rel=\"noopener\">Coletivo Fotoguerrilha<\/a>.<\/em><\/p>\n<hr \/>\n<h4><b data-stringify-type=\"bold\">Apoie nossos esfor\u00e7os para fornecer apoio estrat\u00e9gico \u00e0s favelas do Rio, incluindo o jornalismo hiperlocal, cr\u00edtico, inovador e incans\u00e1vel do\u00a0<\/b><b data-stringify-type=\"bold\"><i data-stringify-type=\"italic\">RioOnWatch<\/i><\/b>\u2014<a class=\"c-link\" href=\"http:\/\/www.bit.ly\/ApoieROW\" target=\"_blank\" rel=\"noopener noreferrer\" data-stringify-link=\"http:\/\/www.bit.ly\/ApoieROW\" data-sk=\"tooltip_parent\">doe aqui<\/a>.<\/h4>\n<!-- AddThis Advanced Settings generic via filter on the_content --><!-- AddThis Share Buttons generic via filter on the_content -->","protected":false},"excerpt":{"rendered":"<div class=\"mh-excerpt\"><p>Click Here for English A exposi\u00e7\u00e3o Mem\u00f3ria Clim\u00e1tica das Favelas, organizada por onze museus integrantes da Rede Favela Sustent\u00e1vel (RFS)*, est\u00e1 em exibi\u00e7\u00e3o desde janeiro e at\u00e9 31 de mar\u00e7o\u00a0no Palacete Princesa Isabel, sede do <a class=\"mh-excerpt-more\" href=\"https:\/\/rioonwatch.org.br\/?p=81278\" title=\"Entre Mem\u00f3rias e Hist\u00f3rias Vividas: Em Meio \u00e0 Fortes Chuvas, Exposi\u00e7\u00e3o &#8216;Mem\u00f3ria Clim\u00e1tica das Favelas&#8217; em Santa Cruz Gera Reflex\u00f5es entre Gera\u00e7\u00f5es\">[&#8230;]<\/a><!-- AddThis Advanced Settings generic via filter on get_the_excerpt --><!-- AddThis Share Buttons generic via filter on get_the_excerpt --><\/p>\n<\/div>","protected":false},"author":186,"featured_media":81334,"comment_status":"closed","ping_status":"closed","sticky":false,"template":"template-full.php","format":"standard","meta":{"_acf_changed":false,"_monsterinsights_skip_tracking":false,"_monsterinsights_sitenote_active":false,"_monsterinsights_sitenote_note":"","_monsterinsights_sitenote_category":0,"footnotes":""},"categories":[1621,1627,1625,1633,3170,342],"tags":[2613,334,11,831,3143,424,3620,965,922,3112,106,469,1719,2901,3640,134,3334,184],"writer":[3244],"translator":[],"source":[],"ilustrador":[],"fotografo":[3184],"class_list":{"0":"post-81278","1":"post","2":"type-post","3":"status-publish","4":"format-standard","5":"has-post-thumbnail","7":"category-destaque","8":"category-relato-de-evento","9":"category-por-correspondentes-comunitarios","10":"category-foto-reportagens","11":"category-justica-climatica","12":"category-solucoes","13":"tag-antares","14":"tag-arte","15":"tag-chuvas","16":"tag-direito-a-cidade","17":"tag-direito-a-favela","18":"tag-direito-a-moradia","19":"tag-direito-de-permanencia","20":"tag-enchente","21":"tag-evento","22":"tag-justica-climatica","23":"tag-meio-ambiente","24":"tag-memoria","25":"tag-mudancas-climaticas","26":"tag-rfs","27":"tag-rio-cacao-vermelho","28":"tag-santa-cruz","29":"tag-serie-memoria-climatica-das-favelas","30":"tag-zona-oeste","31":"writer-barbara-dias","32":"fotografo-barbara-dias"},"acf":[],"yoast_head":"<!-- This site is optimized with the Yoast SEO plugin v25.6 - https:\/\/yoast.com\/wordpress\/plugins\/seo\/ -->\n<title>Entre Mem\u00f3rias e Hist\u00f3rias Vividas: Em Meio \u00e0 Fortes Chuvas, Exposi\u00e7\u00e3o &#039;Mem\u00f3ria Clim\u00e1tica das Favelas&#039; em Santa Cruz Gera Reflex\u00f5es entre Gera\u00e7\u00f5es - RioOnWatch<\/title>\n<meta name=\"robots\" content=\"index, follow, max-snippet:-1, max-image-preview:large, max-video-preview:-1\" \/>\n<link rel=\"canonical\" href=\"https:\/\/rioonwatch.org.br\/?p=81278\" \/>\n<meta property=\"og:locale\" content=\"pt_BR\" \/>\n<meta property=\"og:type\" content=\"article\" \/>\n<meta property=\"og:title\" content=\"Entre Mem\u00f3rias e Hist\u00f3rias Vividas: Em Meio \u00e0 Fortes Chuvas, Exposi\u00e7\u00e3o &#039;Mem\u00f3ria Clim\u00e1tica das Favelas&#039; em Santa Cruz Gera Reflex\u00f5es entre Gera\u00e7\u00f5es - RioOnWatch\" \/>\n<meta property=\"og:description\" content=\"Click Here for English A exposi\u00e7\u00e3o Mem\u00f3ria Clim\u00e1tica das Favelas, organizada por onze museus integrantes da Rede Favela Sustent\u00e1vel (RFS)*, est\u00e1 em exibi\u00e7\u00e3o desde janeiro e at\u00e9 31 de mar\u00e7o\u00a0no Palacete Princesa Isabel, sede do [...]\" \/>\n<meta property=\"og:url\" content=\"https:\/\/rioonwatch.org.br\/?p=81278\" \/>\n<meta property=\"og:site_name\" content=\"RioOnWatch\" \/>\n<meta property=\"article:published_time\" content=\"2026-03-13T17:51:41+00:00\" \/>\n<meta property=\"article:modified_time\" content=\"2026-03-25T19:00:01+00:00\" \/>\n<meta property=\"og:image\" content=\"https:\/\/rioonwatch.org.br\/wp-content\/uploads\/2026\/03\/Marlene-Ayres-segura-colchonetes-enquanto-fala-aos-estudantes-da-Escola-Municipal-Princesa-Isabel-em-vista-a-a-Exposicao-Memoria-Climatica-das-Favelas-em-Santa-Cruz-foto-Barbara-Dias-scaled.jpg\" \/>\n\t<meta property=\"og:image:width\" content=\"2560\" \/>\n\t<meta property=\"og:image:height\" content=\"1709\" \/>\n\t<meta property=\"og:image:type\" content=\"image\/jpeg\" \/>\n<meta name=\"author\" content=\"Barbara Dias\" \/>\n<meta name=\"twitter:card\" content=\"summary_large_image\" \/>\n<meta name=\"twitter:label1\" content=\"Escrito por\" \/>\n\t<meta name=\"twitter:data1\" content=\"Barbara Dias\" \/>\n\t<meta name=\"twitter:label2\" content=\"Est. tempo de leitura\" \/>\n\t<meta name=\"twitter:data2\" content=\"7 minutos\" \/>\n<script type=\"application\/ld+json\" class=\"yoast-schema-graph\">{\"@context\":\"https:\/\/schema.org\",\"@graph\":[{\"@type\":\"Article\",\"@id\":\"https:\/\/rioonwatch.org.br\/?p=81278#article\",\"isPartOf\":{\"@id\":\"https:\/\/rioonwatch.org.br\/?p=81278\"},\"author\":{\"name\":\"Barbara Dias\",\"@id\":\"https:\/\/rioonwatch.org.br\/#\/schema\/person\/67c661ced11657db500125322fc583da\"},\"headline\":\"Entre Mem\u00f3rias e Hist\u00f3rias Vividas: Em Meio \u00e0 Fortes Chuvas, Exposi\u00e7\u00e3o &#8216;Mem\u00f3ria Clim\u00e1tica das Favelas&#8217; em Santa Cruz Gera Reflex\u00f5es entre Gera\u00e7\u00f5es\",\"datePublished\":\"2026-03-13T17:51:41+00:00\",\"dateModified\":\"2026-03-25T19:00:01+00:00\",\"mainEntityOfPage\":{\"@id\":\"https:\/\/rioonwatch.org.br\/?p=81278\"},\"wordCount\":1809,\"publisher\":{\"@id\":\"https:\/\/rioonwatch.org.br\/#organization\"},\"image\":{\"@id\":\"https:\/\/rioonwatch.org.br\/?p=81278#primaryimage\"},\"thumbnailUrl\":\"https:\/\/rioonwatch.org.br\/wp-content\/uploads\/2026\/03\/Marlene-Ayres-segura-colchonetes-enquanto-fala-aos-estudantes-da-Escola-Municipal-Princesa-Isabel-em-vista-a-a-Exposicao-Memoria-Climatica-das-Favelas-em-Santa-Cruz-foto-Barbara-Dias-scaled.jpg\",\"keywords\":[\"Antares\",\"arte\",\"chuvas\",\"Direito \u00e0 Cidade\",\"Direito \u00e0 favela\",\"Direito \u00e0 Moradia\",\"direito de perman\u00eancia\",\"enchente\",\"evento\",\"Justi\u00e7a Clim\u00e1tica\",\"meio ambiente\",\"Mem\u00f3rias Faveladas\",\"mudan\u00e7as clim\u00e1ticas\",\"Rede Favela Sustent\u00e1vel\",\"Rio Ca\u00e7\u00e3o Vermelho\",\"Santa Cruz\",\"S\u00e9rie: Mem\u00f3ria Clim\u00e1tica das Favelas\",\"Zona Oeste\"],\"articleSection\":[\"*Destaque\",\"Cobertura de Eventos\",\"Escrito por Comunicadores Populares\",\"Fotorreportagens\",\"Justi\u00e7a Clim\u00e1tica\",\"Solu\u00e7\u00f5es\"],\"inLanguage\":\"pt-BR\"},{\"@type\":\"WebPage\",\"@id\":\"https:\/\/rioonwatch.org.br\/?p=81278\",\"url\":\"https:\/\/rioonwatch.org.br\/?p=81278\",\"name\":\"Entre Mem\u00f3rias e Hist\u00f3rias Vividas: Em Meio \u00e0 Fortes Chuvas, Exposi\u00e7\u00e3o 'Mem\u00f3ria Clim\u00e1tica das Favelas' em Santa Cruz Gera Reflex\u00f5es entre Gera\u00e7\u00f5es - RioOnWatch\",\"isPartOf\":{\"@id\":\"https:\/\/rioonwatch.org.br\/#website\"},\"primaryImageOfPage\":{\"@id\":\"https:\/\/rioonwatch.org.br\/?p=81278#primaryimage\"},\"image\":{\"@id\":\"https:\/\/rioonwatch.org.br\/?p=81278#primaryimage\"},\"thumbnailUrl\":\"https:\/\/rioonwatch.org.br\/wp-content\/uploads\/2026\/03\/Marlene-Ayres-segura-colchonetes-enquanto-fala-aos-estudantes-da-Escola-Municipal-Princesa-Isabel-em-vista-a-a-Exposicao-Memoria-Climatica-das-Favelas-em-Santa-Cruz-foto-Barbara-Dias-scaled.jpg\",\"datePublished\":\"2026-03-13T17:51:41+00:00\",\"dateModified\":\"2026-03-25T19:00:01+00:00\",\"breadcrumb\":{\"@id\":\"https:\/\/rioonwatch.org.br\/?p=81278#breadcrumb\"},\"inLanguage\":\"pt-BR\",\"potentialAction\":[{\"@type\":\"ReadAction\",\"target\":[\"https:\/\/rioonwatch.org.br\/?p=81278\"]}]},{\"@type\":\"ImageObject\",\"inLanguage\":\"pt-BR\",\"@id\":\"https:\/\/rioonwatch.org.br\/?p=81278#primaryimage\",\"url\":\"https:\/\/rioonwatch.org.br\/wp-content\/uploads\/2026\/03\/Marlene-Ayres-segura-colchonetes-enquanto-fala-aos-estudantes-da-Escola-Municipal-Princesa-Isabel-em-vista-a-a-Exposicao-Memoria-Climatica-das-Favelas-em-Santa-Cruz-foto-Barbara-Dias-scaled.jpg\",\"contentUrl\":\"https:\/\/rioonwatch.org.br\/wp-content\/uploads\/2026\/03\/Marlene-Ayres-segura-colchonetes-enquanto-fala-aos-estudantes-da-Escola-Municipal-Princesa-Isabel-em-vista-a-a-Exposicao-Memoria-Climatica-das-Favelas-em-Santa-Cruz-foto-Barbara-Dias-scaled.jpg\",\"width\":2560,\"height\":1709,\"caption\":\"Marlene Ayres segura tr\u00eas colchonetes que recebeu da Secretaria de Assist\u00eancia Social, enquanto fala aos estudantes da Escola Municipal Princesa Isabel, em vista a \u00e0 Exposi\u00e7\u00e3o Mem\u00f3ria Clim\u00e1tica das Favelas, em Santa Cruz. Ela foi uma das afetadas pelas recentes enchentes que assolaram a Zona Oeste do Rio de Janeiro. Foto: B\u00e1rbara Dias\"},{\"@type\":\"BreadcrumbList\",\"@id\":\"https:\/\/rioonwatch.org.br\/?p=81278#breadcrumb\",\"itemListElement\":[{\"@type\":\"ListItem\",\"position\":1,\"name\":\"In\u00edcio\",\"item\":\"https:\/\/rioonwatch.org.br\/\"},{\"@type\":\"ListItem\",\"position\":2,\"name\":\"Entre Mem\u00f3rias e Hist\u00f3rias Vividas: Em Meio \u00e0 Fortes Chuvas, Exposi\u00e7\u00e3o &#8216;Mem\u00f3ria Clim\u00e1tica das Favelas&#8217; em Santa Cruz Gera Reflex\u00f5es entre Gera\u00e7\u00f5es\"}]},{\"@type\":\"WebSite\",\"@id\":\"https:\/\/rioonwatch.org.br\/#website\",\"url\":\"https:\/\/rioonwatch.org.br\/\",\"name\":\"RioOnWatch\",\"description\":\"relatos das favelas cariocas\",\"publisher\":{\"@id\":\"https:\/\/rioonwatch.org.br\/#organization\"},\"potentialAction\":[{\"@type\":\"SearchAction\",\"target\":{\"@type\":\"EntryPoint\",\"urlTemplate\":\"https:\/\/rioonwatch.org.br\/?s={search_term_string}\"},\"query-input\":{\"@type\":\"PropertyValueSpecification\",\"valueRequired\":true,\"valueName\":\"search_term_string\"}}],\"inLanguage\":\"pt-BR\"},{\"@type\":\"Organization\",\"@id\":\"https:\/\/rioonwatch.org.br\/#organization\",\"name\":\"RioOnWatch\",\"url\":\"https:\/\/rioonwatch.org.br\/\",\"logo\":{\"@type\":\"ImageObject\",\"inLanguage\":\"pt-BR\",\"@id\":\"https:\/\/rioonwatch.org.br\/#\/schema\/logo\/image\/\",\"url\":\"https:\/\/rioonwatch.org.br\/wp-content\/uploads\/2021\/06\/RioOnWatchcabecalhoPT11anos-2.png\",\"contentUrl\":\"https:\/\/rioonwatch.org.br\/wp-content\/uploads\/2021\/06\/RioOnWatchcabecalhoPT11anos-2.png\",\"width\":779,\"height\":277,\"caption\":\"RioOnWatch\"},\"image\":{\"@id\":\"https:\/\/rioonwatch.org.br\/#\/schema\/logo\/image\/\"}},{\"@type\":\"Person\",\"@id\":\"https:\/\/rioonwatch.org.br\/#\/schema\/person\/67c661ced11657db500125322fc583da\",\"name\":\"Barbara Dias\",\"image\":{\"@type\":\"ImageObject\",\"inLanguage\":\"pt-BR\",\"@id\":\"https:\/\/rioonwatch.org.br\/#\/schema\/person\/image\/\",\"url\":\"https:\/\/secure.gravatar.com\/avatar\/99a3780865bd3b5d3a75a08ac3dcbb55?s=96&d=blank&r=g\",\"contentUrl\":\"https:\/\/secure.gravatar.com\/avatar\/99a3780865bd3b5d3a75a08ac3dcbb55?s=96&d=blank&r=g\",\"caption\":\"Barbara Dias\"},\"url\":\"https:\/\/rioonwatch.org.br\/?author=186\"}]}<\/script>\n<!-- \/ Yoast SEO plugin. -->","yoast_head_json":{"title":"Entre Mem\u00f3rias e Hist\u00f3rias Vividas: Em Meio \u00e0 Fortes Chuvas, Exposi\u00e7\u00e3o 'Mem\u00f3ria Clim\u00e1tica das Favelas' em Santa Cruz Gera Reflex\u00f5es entre Gera\u00e7\u00f5es - RioOnWatch","robots":{"index":"index","follow":"follow","max-snippet":"max-snippet:-1","max-image-preview":"max-image-preview:large","max-video-preview":"max-video-preview:-1"},"canonical":"https:\/\/rioonwatch.org.br\/?p=81278","og_locale":"pt_BR","og_type":"article","og_title":"Entre Mem\u00f3rias e Hist\u00f3rias Vividas: Em Meio \u00e0 Fortes Chuvas, Exposi\u00e7\u00e3o 'Mem\u00f3ria Clim\u00e1tica das Favelas' em Santa Cruz Gera Reflex\u00f5es entre Gera\u00e7\u00f5es - RioOnWatch","og_description":"Click Here for English A exposi\u00e7\u00e3o Mem\u00f3ria Clim\u00e1tica das Favelas, organizada por onze museus integrantes da Rede Favela Sustent\u00e1vel (RFS)*, est\u00e1 em exibi\u00e7\u00e3o desde janeiro e at\u00e9 31 de mar\u00e7o\u00a0no Palacete Princesa Isabel, sede do [...]","og_url":"https:\/\/rioonwatch.org.br\/?p=81278","og_site_name":"RioOnWatch","article_published_time":"2026-03-13T17:51:41+00:00","article_modified_time":"2026-03-25T19:00:01+00:00","og_image":[{"width":2560,"height":1709,"url":"https:\/\/rioonwatch.org.br\/wp-content\/uploads\/2026\/03\/Marlene-Ayres-segura-colchonetes-enquanto-fala-aos-estudantes-da-Escola-Municipal-Princesa-Isabel-em-vista-a-a-Exposicao-Memoria-Climatica-das-Favelas-em-Santa-Cruz-foto-Barbara-Dias-scaled.jpg","type":"image\/jpeg"}],"author":"Barbara Dias","twitter_card":"summary_large_image","twitter_misc":{"Escrito por":"Barbara Dias","Est. tempo de leitura":"7 minutos"},"schema":{"@context":"https:\/\/schema.org","@graph":[{"@type":"Article","@id":"https:\/\/rioonwatch.org.br\/?p=81278#article","isPartOf":{"@id":"https:\/\/rioonwatch.org.br\/?p=81278"},"author":{"name":"Barbara Dias","@id":"https:\/\/rioonwatch.org.br\/#\/schema\/person\/67c661ced11657db500125322fc583da"},"headline":"Entre Mem\u00f3rias e Hist\u00f3rias Vividas: Em Meio \u00e0 Fortes Chuvas, Exposi\u00e7\u00e3o &#8216;Mem\u00f3ria Clim\u00e1tica das Favelas&#8217; em Santa Cruz Gera Reflex\u00f5es entre Gera\u00e7\u00f5es","datePublished":"2026-03-13T17:51:41+00:00","dateModified":"2026-03-25T19:00:01+00:00","mainEntityOfPage":{"@id":"https:\/\/rioonwatch.org.br\/?p=81278"},"wordCount":1809,"publisher":{"@id":"https:\/\/rioonwatch.org.br\/#organization"},"image":{"@id":"https:\/\/rioonwatch.org.br\/?p=81278#primaryimage"},"thumbnailUrl":"https:\/\/rioonwatch.org.br\/wp-content\/uploads\/2026\/03\/Marlene-Ayres-segura-colchonetes-enquanto-fala-aos-estudantes-da-Escola-Municipal-Princesa-Isabel-em-vista-a-a-Exposicao-Memoria-Climatica-das-Favelas-em-Santa-Cruz-foto-Barbara-Dias-scaled.jpg","keywords":["Antares","arte","chuvas","Direito \u00e0 Cidade","Direito \u00e0 favela","Direito \u00e0 Moradia","direito de perman\u00eancia","enchente","evento","Justi\u00e7a Clim\u00e1tica","meio ambiente","Mem\u00f3rias Faveladas","mudan\u00e7as clim\u00e1ticas","Rede Favela Sustent\u00e1vel","Rio Ca\u00e7\u00e3o Vermelho","Santa Cruz","S\u00e9rie: Mem\u00f3ria Clim\u00e1tica das Favelas","Zona Oeste"],"articleSection":["*Destaque","Cobertura de Eventos","Escrito por Comunicadores Populares","Fotorreportagens","Justi\u00e7a Clim\u00e1tica","Solu\u00e7\u00f5es"],"inLanguage":"pt-BR"},{"@type":"WebPage","@id":"https:\/\/rioonwatch.org.br\/?p=81278","url":"https:\/\/rioonwatch.org.br\/?p=81278","name":"Entre Mem\u00f3rias e Hist\u00f3rias Vividas: Em Meio \u00e0 Fortes Chuvas, Exposi\u00e7\u00e3o 'Mem\u00f3ria Clim\u00e1tica das Favelas' em Santa Cruz Gera Reflex\u00f5es entre Gera\u00e7\u00f5es - RioOnWatch","isPartOf":{"@id":"https:\/\/rioonwatch.org.br\/#website"},"primaryImageOfPage":{"@id":"https:\/\/rioonwatch.org.br\/?p=81278#primaryimage"},"image":{"@id":"https:\/\/rioonwatch.org.br\/?p=81278#primaryimage"},"thumbnailUrl":"https:\/\/rioonwatch.org.br\/wp-content\/uploads\/2026\/03\/Marlene-Ayres-segura-colchonetes-enquanto-fala-aos-estudantes-da-Escola-Municipal-Princesa-Isabel-em-vista-a-a-Exposicao-Memoria-Climatica-das-Favelas-em-Santa-Cruz-foto-Barbara-Dias-scaled.jpg","datePublished":"2026-03-13T17:51:41+00:00","dateModified":"2026-03-25T19:00:01+00:00","breadcrumb":{"@id":"https:\/\/rioonwatch.org.br\/?p=81278#breadcrumb"},"inLanguage":"pt-BR","potentialAction":[{"@type":"ReadAction","target":["https:\/\/rioonwatch.org.br\/?p=81278"]}]},{"@type":"ImageObject","inLanguage":"pt-BR","@id":"https:\/\/rioonwatch.org.br\/?p=81278#primaryimage","url":"https:\/\/rioonwatch.org.br\/wp-content\/uploads\/2026\/03\/Marlene-Ayres-segura-colchonetes-enquanto-fala-aos-estudantes-da-Escola-Municipal-Princesa-Isabel-em-vista-a-a-Exposicao-Memoria-Climatica-das-Favelas-em-Santa-Cruz-foto-Barbara-Dias-scaled.jpg","contentUrl":"https:\/\/rioonwatch.org.br\/wp-content\/uploads\/2026\/03\/Marlene-Ayres-segura-colchonetes-enquanto-fala-aos-estudantes-da-Escola-Municipal-Princesa-Isabel-em-vista-a-a-Exposicao-Memoria-Climatica-das-Favelas-em-Santa-Cruz-foto-Barbara-Dias-scaled.jpg","width":2560,"height":1709,"caption":"Marlene Ayres segura tr\u00eas colchonetes que recebeu da Secretaria de Assist\u00eancia Social, enquanto fala aos estudantes da Escola Municipal Princesa Isabel, em vista a \u00e0 Exposi\u00e7\u00e3o Mem\u00f3ria Clim\u00e1tica das Favelas, em Santa Cruz. Ela foi uma das afetadas pelas recentes enchentes que assolaram a Zona Oeste do Rio de Janeiro. Foto: B\u00e1rbara Dias"},{"@type":"BreadcrumbList","@id":"https:\/\/rioonwatch.org.br\/?p=81278#breadcrumb","itemListElement":[{"@type":"ListItem","position":1,"name":"In\u00edcio","item":"https:\/\/rioonwatch.org.br\/"},{"@type":"ListItem","position":2,"name":"Entre Mem\u00f3rias e Hist\u00f3rias Vividas: Em Meio \u00e0 Fortes Chuvas, Exposi\u00e7\u00e3o &#8216;Mem\u00f3ria Clim\u00e1tica das Favelas&#8217; em Santa Cruz Gera Reflex\u00f5es entre Gera\u00e7\u00f5es"}]},{"@type":"WebSite","@id":"https:\/\/rioonwatch.org.br\/#website","url":"https:\/\/rioonwatch.org.br\/","name":"RioOnWatch","description":"relatos das favelas cariocas","publisher":{"@id":"https:\/\/rioonwatch.org.br\/#organization"},"potentialAction":[{"@type":"SearchAction","target":{"@type":"EntryPoint","urlTemplate":"https:\/\/rioonwatch.org.br\/?s={search_term_string}"},"query-input":{"@type":"PropertyValueSpecification","valueRequired":true,"valueName":"search_term_string"}}],"inLanguage":"pt-BR"},{"@type":"Organization","@id":"https:\/\/rioonwatch.org.br\/#organization","name":"RioOnWatch","url":"https:\/\/rioonwatch.org.br\/","logo":{"@type":"ImageObject","inLanguage":"pt-BR","@id":"https:\/\/rioonwatch.org.br\/#\/schema\/logo\/image\/","url":"https:\/\/rioonwatch.org.br\/wp-content\/uploads\/2021\/06\/RioOnWatchcabecalhoPT11anos-2.png","contentUrl":"https:\/\/rioonwatch.org.br\/wp-content\/uploads\/2021\/06\/RioOnWatchcabecalhoPT11anos-2.png","width":779,"height":277,"caption":"RioOnWatch"},"image":{"@id":"https:\/\/rioonwatch.org.br\/#\/schema\/logo\/image\/"}},{"@type":"Person","@id":"https:\/\/rioonwatch.org.br\/#\/schema\/person\/67c661ced11657db500125322fc583da","name":"Barbara Dias","image":{"@type":"ImageObject","inLanguage":"pt-BR","@id":"https:\/\/rioonwatch.org.br\/#\/schema\/person\/image\/","url":"https:\/\/secure.gravatar.com\/avatar\/99a3780865bd3b5d3a75a08ac3dcbb55?s=96&d=blank&r=g","contentUrl":"https:\/\/secure.gravatar.com\/avatar\/99a3780865bd3b5d3a75a08ac3dcbb55?s=96&d=blank&r=g","caption":"Barbara Dias"},"url":"https:\/\/rioonwatch.org.br\/?author=186"}]}},"_links":{"self":[{"href":"https:\/\/rioonwatch.org.br\/index.php?rest_route=\/wp\/v2\/posts\/81278"}],"collection":[{"href":"https:\/\/rioonwatch.org.br\/index.php?rest_route=\/wp\/v2\/posts"}],"about":[{"href":"https:\/\/rioonwatch.org.br\/index.php?rest_route=\/wp\/v2\/types\/post"}],"author":[{"embeddable":true,"href":"https:\/\/rioonwatch.org.br\/index.php?rest_route=\/wp\/v2\/users\/186"}],"replies":[{"embeddable":true,"href":"https:\/\/rioonwatch.org.br\/index.php?rest_route=%2Fwp%2Fv2%2Fcomments&post=81278"}],"version-history":[{"count":39,"href":"https:\/\/rioonwatch.org.br\/index.php?rest_route=\/wp\/v2\/posts\/81278\/revisions"}],"predecessor-version":[{"id":81359,"href":"https:\/\/rioonwatch.org.br\/index.php?rest_route=\/wp\/v2\/posts\/81278\/revisions\/81359"}],"wp:featuredmedia":[{"embeddable":true,"href":"https:\/\/rioonwatch.org.br\/index.php?rest_route=\/wp\/v2\/media\/81334"}],"wp:attachment":[{"href":"https:\/\/rioonwatch.org.br\/index.php?rest_route=%2Fwp%2Fv2%2Fmedia&parent=81278"}],"wp:term":[{"taxonomy":"category","embeddable":true,"href":"https:\/\/rioonwatch.org.br\/index.php?rest_route=%2Fwp%2Fv2%2Fcategories&post=81278"},{"taxonomy":"post_tag","embeddable":true,"href":"https:\/\/rioonwatch.org.br\/index.php?rest_route=%2Fwp%2Fv2%2Ftags&post=81278"},{"taxonomy":"writer","embeddable":true,"href":"https:\/\/rioonwatch.org.br\/index.php?rest_route=%2Fwp%2Fv2%2Fwriter&post=81278"},{"taxonomy":"translator","embeddable":true,"href":"https:\/\/rioonwatch.org.br\/index.php?rest_route=%2Fwp%2Fv2%2Ftranslator&post=81278"},{"taxonomy":"source","embeddable":true,"href":"https:\/\/rioonwatch.org.br\/index.php?rest_route=%2Fwp%2Fv2%2Fsource&post=81278"},{"taxonomy":"ilustrador","embeddable":true,"href":"https:\/\/rioonwatch.org.br\/index.php?rest_route=%2Fwp%2Fv2%2Filustrador&post=81278"},{"taxonomy":"fotografo","embeddable":true,"href":"https:\/\/rioonwatch.org.br\/index.php?rest_route=%2Fwp%2Fv2%2Ffotografo&post=81278"}],"curies":[{"name":"wp","href":"https:\/\/api.w.org\/{rel}","templated":true}]}}