{"id":8158,"date":"2013-10-31T08:00:08","date_gmt":"2013-10-31T11:00:08","guid":{"rendered":"http:\/\/rioonwatch.org.br\/?p=8158"},"modified":"2016-04-19T19:27:17","modified_gmt":"2016-04-19T22:27:17","slug":"reflexoes-de-liderancas-comunitarias-apos-uma-decada-do-bolsa-familia","status":"publish","type":"post","link":"https:\/\/rioonwatch.org.br\/?p=8158","title":{"rendered":"Reflex\u00f5es de Lideran\u00e7as Comunit\u00e1rias Ap\u00f3s uma D\u00e9cada do Bolsa Fam\u00edlia"},"content":{"rendered":"<p>Em 2003, Presidente Luiz In\u00e1cio &#8220;Lula&#8221; da Silva lan\u00e7ou o programa Bolsa Fam\u00edlia para promover progresso social entre fam\u00edlias de baixa renda. Este e outros programas foram implementados em um esfor\u00e7o para diminuir a infame elevada desigualdade social no Brasil. Na \u00e9poca o Brasil ocupava anualmente o primeiro, segundo ou terceiro lugar entre os pa\u00edses mais desiguais do mundo. Incorporando o que antes eram quatro programas distintos sob a \u00e9gide do Minist\u00e9rio do Desenvolvimento Social, o programa social Bolsa Fam\u00edlia tornou-se conhecido como um dos mais bem sucedidos na redu\u00e7\u00e3o das taxas de pobreza n\u00e3o s\u00f3 no Brasil, mas em todo o mundo. A ampla avalia\u00e7\u00e3o positiva do Bolsa Fam\u00edlia levou \u00e0 sua expans\u00e3o em 2008, e hoje cerca de 22 milh\u00f5es de fam\u00edlias recebem seus benef\u00edcios. Hoje, o Brasil ocupa a posi\u00e7\u00e3o de d\u00e9cima s\u00e9tima economia mais desigual.<\/p>\n<h3><\/h3>\n<h3><strong>O que \u00e9 o Bolsa Fam\u00edlia?<\/strong><\/h3>\n<p><a href=\"http:\/\/rioonwatch.org.br\/?attachment_id=11829\" rel=\"attachment wp-att-11829\"><img fetchpriority=\"high\" decoding=\"async\" class=\"aligncenter wp-image-11829 size-full\" title=\"Uma moradora de Pica Pau, Anne e suas duas filhas beneficiadas pelo Bolsa Fam\u00edlia. Foto por Annie Austin\" src=\"http:\/\/rioonwatch.org\/wp-content\/uploads\/2013\/10\/PicaPau_opt-1.jpg\" width=\"324\" height=\"243\" \/><\/a><\/p>\n<p>O <a href=\"http:\/\/bit.ly\/17GMItz\" target=\"_blank\">Bolsa Fam\u00edlia<\/a> fornece um subs\u00eddio de renda b\u00e1sica para as fam\u00edlias mais pobres em todo o pa\u00eds. O programa fornece uma transfer\u00eancia direta de renda, de forma condicional, estimulando um al\u00edvio imediato da pobreza, enquanto as outras condi\u00e7\u00f5es, como a estipula\u00e7\u00e3o de que as crian\u00e7as devem estar matriculadas na escola e n\u00e3o podem perder mais de 15% de suas aulas, combatem \u00e0 pobreza em longo prazo. Como resultado, o programa combate \u00e0 pobreza, enquanto promove simultaneamente o acesso a servi\u00e7os p\u00fablicos, como educa\u00e7\u00e3o e sa\u00fade.<\/p>\n<h3><strong>Como Funciona<\/strong><\/h3>\n<p>A participa\u00e7\u00e3o no \u00a0Bolsa Fam\u00edlia \u00e9 baseada na renda de uma fam\u00edlia. Aqueles que se qualificam passam a receber uma quantidade espec\u00edfica de apoio financeiro no cart\u00e3o Bolsa Fam\u00edlia. Este cart\u00e3o s\u00f3 pode ser usado para retirar essa quantia especificada de dinheiro em um determinado banco, e s\u00f3 pode ser recebida pelo chefe da fam\u00edlia, sendo dada a prefer\u00eancia \u00e0 mulher da casa (m\u00e3e ou av\u00f3). O benef\u00edcio de cada fam\u00edlia depende do tamanho da fam\u00edlia, idade das crian\u00e7as, e renda total da fam\u00edlia. Como a pol\u00edtica visa estimular o uso de servi\u00e7os de educa\u00e7\u00e3o e sa\u00fade, os benef\u00edcios podem ser revogados se, por exemplo, o registro de freq\u00fc\u00eancia escolar de uma crian\u00e7a n\u00e3o cumprir as normas.<\/p>\n<h3><strong>O que os Benefici\u00e1rios Dizem<\/strong><\/h3>\n<p>Conversando com presidentes de associa\u00e7\u00f5es de tr\u00eas favelas do Rio, diferentes umas das outras, a rea\u00e7\u00e3o global para o programa foi extremamente positiva. No entanto, enquanto os benefici\u00e1rios elogiam o sucesso, as lideran\u00e7as comunit\u00e1rias s\u00e3o mais cr\u00edticas em rela\u00e7\u00e3o ao potencial de redu\u00e7\u00e3o da pobreza em longo prazo.<\/p>\n<h3><\/h3>\n<h3><strong>Fogueteiro<\/strong><\/h3>\n<p><a href=\"http:\/\/rioonwatch.org.br\/?attachment_id=11834\" rel=\"attachment wp-att-11834\"><img decoding=\"async\" class=\"size-full wp-image-11834 aligncenter\" title=\"Entrevista com C\u00edntia Luna, Presidente da Associa\u00e7\u00e3o dos Moradores da Fogueteiro. Foto por Annie Austin\" src=\"http:\/\/rioonwatch.org\/wp-content\/uploads\/2013\/10\/Fogueteiro_opt-1.jpg\" alt=\"\" width=\"324\" height=\"216\" \/><\/a><\/p>\n<p>Localizado em Santa Teresa, no centro do Rio, <a href=\"http:\/\/bit.ly\/1gZcqDj\" target=\"_blank\">Fogueteiro<\/a> \u00e9 uma comunidade que tinha uma hist\u00f3ria violenta com o tr\u00e1fico de drogas antes de receber a 15a\u00a0<a href=\"http:\/\/bit.ly\/R5ueio\" target=\"_blank\">UPP<\/a>, em fevereiro de 2011. A comunidade come\u00e7ou a ter acesso aos benef\u00edcios do Bolsa Fam\u00edlia quando o programa foi lan\u00e7ado em 2003. C\u00edntia Luna, presidente da Associa\u00e7\u00e3o de Moradores do Fogueteiro, estima que hoje cerca de 70% das fam\u00edlias da comunidade recebem benef\u00edcios. Segundo ela: &#8220;O acesso \u00e9 dif\u00edcil e muito f\u00e1cil ao mesmo tempo. \u00c9 f\u00e1cil se a renda qualifique, mas t\u00eam pessoas que necessitam do Bolsa Fam\u00edlia, e porque tem renda de 20 ou 30 reais acima, elas n\u00e3o est\u00e3o enquadradas para receber o Bolsa Fam\u00edlia\u201d. Ela critica a rigidez do sistema que tanto pode ser imposs\u00edvel de acessar, ou ser t\u00e3o simples para se cadastrar, entre duas fam\u00edlias com renda mensal quase id\u00eantica. Embora frustrada com essa divis\u00e3o rigorosa, ela aplaude o sucesso do programa em ajudar uma elevada percentagem da comunidade. C\u00edntia tamb\u00e9m reflete sobre o principal objetivo da pol\u00edtica, o de combater \u00e0 pobreza. C\u00edntia menciona que alguns moradores abusam do programa. Em sua opini\u00e3o, um bom n\u00famero de pessoas buscam a renda do Bolsa Fam\u00edlia como um substituto para o emprego, fomentando uma depend\u00eancia do apoio do governo.<\/p>\n<p>C\u00edntia tamb\u00e9m reconhece os benef\u00edcios do desenvolvimento da Bolsa Fam\u00edlia, louvando a \u00eanfase do programa sobre a frequ\u00eancia escolar. A freq\u00fc\u00eancia escolar aumentou substancialmente no Fogueteiro. Ela considera a motiva\u00e7\u00e3o monet\u00e1ria para educar a nova gera\u00e7\u00e3o um pouco inquietante, por\u00e9m: &#8220;O Bolsa Fam\u00edlia foi a forma que o governo for\u00e7ou a educa\u00e7\u00e3o. Alguns n\u00e3o tem interesse em educar as crian\u00e7as ent\u00e3o o governo paga para haver o interesse. Agora eles t\u00eam algum interesse em educar os filhos\u201d.<\/p>\n<h3><strong>Asa Branca<\/strong><\/h3>\n<p><a href=\"http:\/\/rioonwatch.org.br\/?attachment_id=11837\" rel=\"attachment wp-att-11837\"><img decoding=\"async\" class=\"size-full wp-image-11837 aligncenter\" title=\"Novas constru\u00e7\u00f5es de apartamentos luxuosos sobre Asa Branca enquanto as crian\u00e7as da comunidades brincam. Foto de Annie Austin\" src=\"http:\/\/rioonwatch.org\/wp-content\/uploads\/2013\/10\/AsaBranca_opt-1.jpg\" alt=\"\" width=\"324\" height=\"243\" \/><\/a><\/p>\n<p>Localizada na Zona Oeste do Rio, <a href=\"http:\/\/bit.ly\/UKOXUX\" target=\"_blank\">Asa Branca<\/a> recebeu recentemente <a href=\"http:\/\/bit.ly\/WJoU7O\" target=\"_blank\">investimentos do munic\u00edpio em infra-estrutura<\/a> e \u00e9 uma comunidade pac\u00edfica e plana que fica perto do futuro Parque Ol\u00edmpico. O Presidente da Associa\u00e7\u00e3o de Moradores, Carlos Alberto &#8220;Bezerra &#8221; Costa tem apenas coment\u00e1rios positivos em rela\u00e7\u00e3o ao Bolsa Fam\u00edlia.<\/p>\n<p>Imediatamente ap\u00f3s o lan\u00e7amento, em 2003, aqueles que se qualificaram receberam o benef\u00edcio pretendido, e hoje, Bezerra estima que 80% dos moradores da Asa Branca recebem o benef\u00edcio do programa. Os 20% restantes, ele afirma, ou melhoraram com sucesso nas suas situa\u00e7\u00f5es econ\u00f4micas ou nunca precisaram da assist\u00eancia. Bezerra tamb\u00e9m aponta um grande aumento na mobilidade social: ele pr\u00f3prio pediu para deixar de receber o subs\u00eddio mensal, j\u00e1 que para ele n\u00e3o \u00e9 mais necess\u00e1rio o apoio extra. Ele diz: &#8220;N\u00e3o \u00e9 uma coisa que queremos, estar desempregados. Queremos trabalhar. O que o Bolsa Fam\u00edlia e outras bolsas da governo nos d\u00e3o \u00e9 para girar as coisas&#8221;, continua ele, orgulhosamente enfatizando os efeitos que o programa teve sobre a gera\u00e7\u00e3o mais jovem: &#8220;Realmente, hoje por causa da implementa\u00e7\u00e3o do Bolsa Fam\u00edlia, que exigi que as crian\u00e7as estejam na escola, isso melhorou muito. A gente n\u00e3o t\u00eam mais crian\u00e7as todo dia na rua, isso mudou muito. Os pais fazem quest\u00e3o de manter o filho na escola&#8221;.<\/p>\n<p>A partir da sua perspectiva, Bezerra reflete sobre uma vis\u00e3o geral do Bolsa Fam\u00edlia, que \u00e9 difundido pela imprensa nacional e internacional. De acordo com um\u00a0<a href=\"http:\/\/econ.st\/19YWHKD\" target=\"_blank\">artigo de 2010 do <em>Economist<\/em><\/a>:\u00a0&#8220;\u00c9 de comum acordo, que o programa de transfer\u00eancia de benef\u00edcio condicional tem sido um sucesso impressionante e \u00e9 muito popular&#8230; E nas palavras de um ex-presidente do Banco Mundial, \u00e9 um &#8216;modelo de pol\u00edtica social eficaz&#8217; que tem sido exportado para todo o mundo\u201d. O programa, efetivamente, conseguiu reduzir os n\u00edveis de pobreza, dado que o n\u00famero de fam\u00edlias pobres (renda mensal inferior a R$800) caiu mais de 8% em uma base anual desde 2003. No entanto, o Presidente da Associa\u00e7\u00e3o de Moradores de Pica Pau, Irenaldo Honorio da Silva, oferece uma perspectiva diferente sobre o verdadeiro impacto do Bolsa Fam\u00edlia.<\/p>\n<h3><strong>Pica-Pau<\/strong><\/h3>\n<p><a href=\"http:\/\/rioonwatch.org.br\/?attachment_id=11838\" rel=\"attachment wp-att-11838\"><img loading=\"lazy\" decoding=\"async\" class=\"size-full wp-image-11838 aligncenter\" title=\"O presidente da Associa\u00e7\u00e3o de Moradores de Pica-Pau Irenaldo com L\u00facia e seu filho Samuel, benefici\u00e1rios do Bolsa Fam\u00edlia. Foto por Annie Sheppard\" src=\"http:\/\/rioonwatch.org\/wp-content\/uploads\/2013\/10\/PicaPau3_opt.jpg\" alt=\"\" width=\"252\" height=\"336\" \/><\/a><\/p>\n<p><a href=\"http:\/\/bit.ly\/Z0e2US\" target=\"_blank\">Pica-Pau<\/a>, uma favela na Zona Norte do Rio de Janeiro, com <a href=\"http:\/\/bit.ly\/FavelaModelo\" target=\"_blank\">problemas significativos de infra-estrutura<\/a>, a qual tamb\u00e9m foi prometida recentemente a urbaniza\u00e7\u00e3o atrav\u00e9s do programa municipal <a href=\"http:\/\/bit.ly\/104CmUd\" target=\"_blank\">Morar Carioca<\/a>\u00a0que <a href=\"http:\/\/bit.ly\/15beq1z\" target=\"_blank\">est\u00e1 parado<\/a>. O Bolsa Fam\u00edlia, por outro lado, introduzido na comunidade em torno de 2009 (ap\u00f3s a expans\u00e3o de 2008), tem sido bastante firme em seu apoio \u00e0 comunidade. De acordo com Irenaldo: &#8220;Hoje quem necessita vai receber.\u00a0Se n\u00e3o recebe, \u00e9 por falta de documenta\u00e7\u00e3o, ou porque os filhos n\u00e3o v\u00e3o para escola.\u00a0\u00c9 problema da fam\u00edlia, isso \u00e9 minha opini\u00e3o.\u00a0Voc\u00ea quer receber Bolsa Fam\u00edlia, voc\u00ea vai receber&#8221;. No entanto, de acordo com Irenaldo, apenas 40% das fam\u00edlias do Pica-Pau recebem o Bolsa Fam\u00edlia. Isso pode ser devido a v\u00e1rios fatores, entre eles a relativa novidade do programa e, portanto, a falta de consci\u00eancia, ou baixos n\u00edveis de escolaridade.<\/p>\n<p>Quando perguntei diretamente quais s\u00e3o os problemas existentes com o Bolsa Fam\u00edlia, Irenaldo afirmou que o programa falha por n\u00e3o educar suficientemente a comunidade: &#8220;Sabe quantas crian\u00e7as est\u00e3o na escola hoje, que n\u00e3o podem ler nem escrever? Quantas sabem ler e escrever, na quarta s\u00e9rie?\u00a0N\u00e3o sabem como escrever seu nome! \u00c9 um problema do sistema de <a href=\"http:\/\/bit.ly\/1acNApR\" target=\"_blank\">educa\u00e7\u00e3o<\/a> no Brasil. Uma crian\u00e7a n\u00e3o deve estar sentado na cadeira mesmo o dia inteiro. Tem que ter uma mudan\u00e7a. Voc\u00ea vai ter aula disso, de m\u00fasica, de teatro, de esporte. \u2018Eu sei cantar!\u2019 \u2018Pois canta a\u00ed&#8217;. \u2018Quero tocar instrumento&#8217;, ent\u00e3o vamos tocar um instrumento. Tem que estimular a crian\u00e7a, d\u00e1-lhe raz\u00e3o para ir a escola&#8221;.<\/p>\n<p><a href=\"http:\/\/rioonwatch.org.br\/?attachment_id=11841\" rel=\"attachment wp-att-11841\"><img loading=\"lazy\" decoding=\"async\" class=\"alignright size-full wp-image-11841\" title=\"Jovens de Pica-Pau jogam sinuca na tarde de s\u00e1bado. Foto por Annie Austin\" src=\"http:\/\/rioonwatch.org\/wp-content\/uploads\/2013\/10\/PicaPau2_opt-1.jpg\" alt=\"\" width=\"324\" height=\"243\" \/><\/a><\/p>\n<p>Irenaldo defende a necessidade de educar n\u00e3o s\u00f3 crian\u00e7as, mas a fam\u00edlia como um todo. Ele destaca dois pontos: &#8220;Precisamos de educa\u00e7\u00e3o, mas n\u00e3o s\u00f3 educa\u00e7\u00e3o dos filhos. Todos precisam de educa\u00e7\u00e3o: a m\u00e3e e o pai. Temos m\u00e3es de 13 anos. Uma mulher com 20 anos sem filho \u00e9 raro. Voc\u00ea quer acabar com o pobreza, aumenta educa\u00e7\u00e3o e a cultura&#8230; Um pa\u00eds que investe em educa\u00e7\u00e3o e cultura, \u00e9 um pa\u00eds rico. Um pa\u00eds que n\u00e3o tem, \u00e9 um pa\u00eds pobre, miser\u00e1vel&#8221;. Promover a educa\u00e7\u00e3o no Brasil vai permitir que a gera\u00e7\u00e3o futura interrompa o ciclo da pobreza, e promova uma cultura de desenvolvimento para a situa\u00e7\u00e3o s\u00f3cio-econ\u00f4mica em que vive.<\/p>\n<p>N\u00e3o s\u00f3 Irenaldo mostra que h\u00e1 uma lacuna educacional na comunidade, ele tamb\u00e9m critica a falta de educa\u00e7\u00e3o financeira: \u201cPara ser franco,\u00a0voc\u00ea acha que realmente compram o que realmente tem que comprar? N\u00e3o compram. Acha que essas pessoas est\u00e3o mantendo essas crian\u00e7as, realmente, porque\u00a0recebem Bolsa Fam\u00edlia?\u00a0Se v\u00ea na comunidade crian\u00e7as descal\u00e7as!&#8221;\u00a0Devido ao Bolsa Fam\u00edlia e outros programas de assist\u00eancia do governo, continua: &#8220;As pessoas ficam c\u00f4modas, dependentes, desestimuladas. Porque a pior coisa do mundo \u00e9 quando voc\u00ea \u00e9 desestimulado&#8230; Se voc\u00ea n\u00e3o estimula as pessoas, n\u00e3o haver\u00e1 mudan\u00e7a na situa\u00e7\u00e3o delas&#8221;. A avalia\u00e7\u00e3o de Irenaldo ultrapassa o al\u00edvio imediato que o Bolsa Fam\u00edlia pode apresentar, e reconhece o verdadeiro problema subjacente em comunidades desafiadoras: &#8220;Tem que mudar o pensamento das pessoas. Tem que <a href=\"http:\/\/bit.ly\/GRR6PB\" target=\"_blank\">mudar o sistema de educa\u00e7\u00e3o<\/a>. Isso tem que melhorar&#8221;.<\/p>\n<p><a href=\"http:\/\/rioonwatch.org\/wp-content\/uploads\/2013\/10\/gini.jpg\"><img loading=\"lazy\" decoding=\"async\" class=\"alignright wp-image-11866 size-full\" title=\"Em grande parte gra\u00e7as ao Bolsa Fam\u00edlia, a desigualdade diminuiu no Brasil nos \u00faltimos 13 anos. Apesar do Bolsa Fam\u00edlia, no Rio de Janeiro manteve-se estagnada. Gr\u00e1fico da Casa Fluminense.\" src=\"http:\/\/rioonwatch.org\/wp-content\/uploads\/2013\/10\/gini.jpg\" alt=\"\" width=\"340\" height=\"198\" \/><\/a><\/p>\n<p>As estat\u00edsticas indicando o sucesso do Bolsa Fam\u00edlia n\u00e3o podem ser ignoradas. O Bolsa Fam\u00edlia tem ajudado milh\u00f5es de pessoas a enfrentar condi\u00e7\u00f5es econ\u00f4micas terr\u00edveis e, simultaneamente, promove servi\u00e7os sociais. Ele reduziu a desigualdade em todo o Brasil (veja linha verde clara no gr\u00e1fico). Irenaldo ainda aponta para uma limita\u00e7\u00e3o: a qualidade da educa\u00e7\u00e3o, para os alunos j\u00e1 matriculados na escola, precisa melhorar, como evidenciado por recentes\u00a0<a href=\"http:\/\/bit.ly\/1a42eSq\" target=\"_blank\">relat\u00f3rios que constam que o analfabetismo no Brasil<\/a>\u00a0aumentou pela primeira vez desde 1998. A amplitude da educa\u00e7\u00e3o, tamb\u00e9m, deve alcan\u00e7ar a comunidade como um todo, a fim de alcan\u00e7ar o desenvolvimento sustent\u00e1vel das comunidades. Sem um forte sistema educacional, o Bolsa Fam\u00edlia pode vir a n\u00e3o conseguir atingir sua meta de redu\u00e7\u00e3o da pobreza em longo prazo. No Rio de Janeiro, apesar do acesso ao Bolsa Fam\u00edlia, a desigualdade n\u00e3o diminuiu (veja a linha turquesa no gr\u00e1fico), o que vai \u00a0contra a tend\u00eancia nacional, o que \u00e9 particularmente preocupante.<\/p>\n<!-- AddThis Advanced Settings generic via filter on the_content --><!-- AddThis Share Buttons generic via filter on the_content -->","protected":false},"excerpt":{"rendered":"<div class=\"mh-excerpt\"><p>Em 2003, Presidente Luiz In\u00e1cio &#8220;Lula&#8221; da Silva lan\u00e7ou o programa Bolsa Fam\u00edlia para promover progresso social entre fam\u00edlias de baixa renda. Este e outros programas foram implementados em um esfor\u00e7o para diminuir a infame <a class=\"mh-excerpt-more\" href=\"https:\/\/rioonwatch.org.br\/?p=8158\" title=\"Reflex\u00f5es de Lideran\u00e7as Comunit\u00e1rias Ap\u00f3s uma D\u00e9cada do Bolsa Fam\u00edlia\">[&#8230;]<\/a><!-- AddThis Advanced Settings generic via filter on get_the_excerpt --><!-- AddThis Share Buttons generic via filter on get_the_excerpt --><\/p>\n<\/div>","protected":false},"author":129,"featured_media":8227,"comment_status":"closed","ping_status":"closed","sticky":false,"template":"","format":"standard","meta":{"_acf_changed":false,"_monsterinsights_skip_tracking":false,"_monsterinsights_sitenote_active":false,"_monsterinsights_sitenote_note":"","_monsterinsights_sitenote_category":0,"footnotes":""},"categories":[1626,344,1620],"tags":[321,894,893,1386,413,316,448,270,233,426,727,838,92,218,184],"writer":[892],"translator":[273],"source":[],"ilustrador":[],"fotografo":[],"class_list":{"0":"post-8158","1":"post","2":"type-post","3":"status-publish","4":"format-standard","5":"has-post-thumbnail","7":"category-por-observadores-internacionais","8":"category-politicas","9":"category-olhonaupp","10":"tag-asa-branca","11":"tag-baixa-qualidade-dos-servicos","12":"tag-bolsa-familia","13":"tag-critica-a-politica","14":"tag-desigualdade","15":"tag-educacao","16":"tag-lideranca","17":"tag-morar-carioca","18":"tag-morro-do-fogueteiro","19":"tag-pica-pau","20":"tag-pobreza","21":"tag-politica-publica","22":"tag-upp","23":"tag-zona-norte","24":"tag-zona-oeste","25":"writer-annie-austin","26":"translator-roseli-franco"},"acf":[],"yoast_head":"<!-- This site is optimized with the Yoast SEO plugin v25.6 - https:\/\/yoast.com\/wordpress\/plugins\/seo\/ -->\n<title>Reflex\u00f5es de Lideran\u00e7as Comunit\u00e1rias Ap\u00f3s uma D\u00e9cada do Bolsa Fam\u00edlia - RioOnWatch<\/title>\n<meta name=\"robots\" content=\"index, follow, max-snippet:-1, max-image-preview:large, max-video-preview:-1\" \/>\n<link rel=\"canonical\" href=\"https:\/\/rioonwatch.org.br\/?p=8158\" \/>\n<meta property=\"og:locale\" content=\"pt_BR\" \/>\n<meta property=\"og:type\" content=\"article\" \/>\n<meta property=\"og:title\" content=\"Reflex\u00f5es de Lideran\u00e7as Comunit\u00e1rias Ap\u00f3s uma D\u00e9cada do Bolsa Fam\u00edlia - RioOnWatch\" \/>\n<meta property=\"og:description\" content=\"Em 2003, Presidente Luiz In\u00e1cio &#8220;Lula&#8221; da Silva lan\u00e7ou o programa Bolsa Fam\u00edlia para promover progresso social entre fam\u00edlias de baixa renda. Este e outros programas foram implementados em um esfor\u00e7o para diminuir a infame [...]\" \/>\n<meta property=\"og:url\" content=\"https:\/\/rioonwatch.org.br\/?p=8158\" \/>\n<meta property=\"og:site_name\" content=\"RioOnWatch\" \/>\n<meta property=\"article:published_time\" content=\"2013-10-31T11:00:08+00:00\" \/>\n<meta property=\"article:modified_time\" content=\"2016-04-19T22:27:17+00:00\" \/>\n<meta property=\"og:image\" content=\"https:\/\/rioonwatch.org.br\/wp-content\/uploads\/2013\/10\/bolsa-capa.jpg\" \/>\n\t<meta property=\"og:image:width\" content=\"300\" \/>\n\t<meta property=\"og:image:height\" content=\"211\" \/>\n\t<meta property=\"og:image:type\" content=\"image\/jpeg\" \/>\n<meta name=\"author\" content=\"Admin\" \/>\n<meta name=\"twitter:card\" content=\"summary_large_image\" \/>\n<meta name=\"twitter:label1\" content=\"Escrito por\" \/>\n\t<meta name=\"twitter:data1\" content=\"Admin\" \/>\n\t<meta name=\"twitter:label2\" content=\"Est. tempo de leitura\" \/>\n\t<meta name=\"twitter:data2\" content=\"10 minutos\" \/>\n<script type=\"application\/ld+json\" class=\"yoast-schema-graph\">{\"@context\":\"https:\/\/schema.org\",\"@graph\":[{\"@type\":\"Article\",\"@id\":\"https:\/\/rioonwatch.org.br\/?p=8158#article\",\"isPartOf\":{\"@id\":\"https:\/\/rioonwatch.org.br\/?p=8158\"},\"author\":{\"name\":\"Admin\",\"@id\":\"https:\/\/rioonwatch.org.br\/#\/schema\/person\/11d64c290506f9df50c71b850c473f68\"},\"headline\":\"Reflex\u00f5es de Lideran\u00e7as Comunit\u00e1rias Ap\u00f3s uma D\u00e9cada do Bolsa Fam\u00edlia\",\"datePublished\":\"2013-10-31T11:00:08+00:00\",\"dateModified\":\"2016-04-19T22:27:17+00:00\",\"mainEntityOfPage\":{\"@id\":\"https:\/\/rioonwatch.org.br\/?p=8158\"},\"wordCount\":1928,\"publisher\":{\"@id\":\"https:\/\/rioonwatch.org.br\/#organization\"},\"image\":{\"@id\":\"https:\/\/rioonwatch.org.br\/?p=8158#primaryimage\"},\"thumbnailUrl\":\"https:\/\/rioonwatch.org.br\/wp-content\/uploads\/2013\/10\/bolsa-capa.jpg\",\"keywords\":[\"Asa Branca\",\"baixa qualidade dos servi\u00e7os\",\"Bolsa Fam\u00edlia\",\"cr\u00edtica \u00e0 pol\u00edtica\",\"desigualdade\",\"educa\u00e7\u00e3o\",\"lideran\u00e7a\",\"Morar Carioca\",\"Morro do Fogueteiro\",\"Pica-Pau\",\"pobreza\",\"pol\u00edtica p\u00fablica\",\"UPP\",\"Zona Norte\",\"Zona Oeste\"],\"articleSection\":[\"Escrito por Aliados\",\"Pol\u00edticas\",\"Seguran\u00e7a P\u00fablica\"],\"inLanguage\":\"pt-BR\"},{\"@type\":\"WebPage\",\"@id\":\"https:\/\/rioonwatch.org.br\/?p=8158\",\"url\":\"https:\/\/rioonwatch.org.br\/?p=8158\",\"name\":\"Reflex\u00f5es de Lideran\u00e7as Comunit\u00e1rias Ap\u00f3s uma D\u00e9cada do Bolsa Fam\u00edlia - RioOnWatch\",\"isPartOf\":{\"@id\":\"https:\/\/rioonwatch.org.br\/#website\"},\"primaryImageOfPage\":{\"@id\":\"https:\/\/rioonwatch.org.br\/?p=8158#primaryimage\"},\"image\":{\"@id\":\"https:\/\/rioonwatch.org.br\/?p=8158#primaryimage\"},\"thumbnailUrl\":\"https:\/\/rioonwatch.org.br\/wp-content\/uploads\/2013\/10\/bolsa-capa.jpg\",\"datePublished\":\"2013-10-31T11:00:08+00:00\",\"dateModified\":\"2016-04-19T22:27:17+00:00\",\"breadcrumb\":{\"@id\":\"https:\/\/rioonwatch.org.br\/?p=8158#breadcrumb\"},\"inLanguage\":\"pt-BR\",\"potentialAction\":[{\"@type\":\"ReadAction\",\"target\":[\"https:\/\/rioonwatch.org.br\/?p=8158\"]}]},{\"@type\":\"ImageObject\",\"inLanguage\":\"pt-BR\",\"@id\":\"https:\/\/rioonwatch.org.br\/?p=8158#primaryimage\",\"url\":\"https:\/\/rioonwatch.org.br\/wp-content\/uploads\/2013\/10\/bolsa-capa.jpg\",\"contentUrl\":\"https:\/\/rioonwatch.org.br\/wp-content\/uploads\/2013\/10\/bolsa-capa.jpg\",\"width\":300,\"height\":211},{\"@type\":\"BreadcrumbList\",\"@id\":\"https:\/\/rioonwatch.org.br\/?p=8158#breadcrumb\",\"itemListElement\":[{\"@type\":\"ListItem\",\"position\":1,\"name\":\"In\u00edcio\",\"item\":\"https:\/\/rioonwatch.org.br\/\"},{\"@type\":\"ListItem\",\"position\":2,\"name\":\"Reflex\u00f5es de Lideran\u00e7as Comunit\u00e1rias Ap\u00f3s uma D\u00e9cada do Bolsa Fam\u00edlia\"}]},{\"@type\":\"WebSite\",\"@id\":\"https:\/\/rioonwatch.org.br\/#website\",\"url\":\"https:\/\/rioonwatch.org.br\/\",\"name\":\"RioOnWatch\",\"description\":\"relatos das favelas cariocas\",\"publisher\":{\"@id\":\"https:\/\/rioonwatch.org.br\/#organization\"},\"potentialAction\":[{\"@type\":\"SearchAction\",\"target\":{\"@type\":\"EntryPoint\",\"urlTemplate\":\"https:\/\/rioonwatch.org.br\/?s={search_term_string}\"},\"query-input\":{\"@type\":\"PropertyValueSpecification\",\"valueRequired\":true,\"valueName\":\"search_term_string\"}}],\"inLanguage\":\"pt-BR\"},{\"@type\":\"Organization\",\"@id\":\"https:\/\/rioonwatch.org.br\/#organization\",\"name\":\"RioOnWatch\",\"url\":\"https:\/\/rioonwatch.org.br\/\",\"logo\":{\"@type\":\"ImageObject\",\"inLanguage\":\"pt-BR\",\"@id\":\"https:\/\/rioonwatch.org.br\/#\/schema\/logo\/image\/\",\"url\":\"https:\/\/rioonwatch.org.br\/wp-content\/uploads\/2021\/06\/RioOnWatchcabecalhoPT11anos-2.png\",\"contentUrl\":\"https:\/\/rioonwatch.org.br\/wp-content\/uploads\/2021\/06\/RioOnWatchcabecalhoPT11anos-2.png\",\"width\":779,\"height\":277,\"caption\":\"RioOnWatch\"},\"image\":{\"@id\":\"https:\/\/rioonwatch.org.br\/#\/schema\/logo\/image\/\"}},{\"@type\":\"Person\",\"@id\":\"https:\/\/rioonwatch.org.br\/#\/schema\/person\/11d64c290506f9df50c71b850c473f68\",\"name\":\"Admin\",\"image\":{\"@type\":\"ImageObject\",\"inLanguage\":\"pt-BR\",\"@id\":\"https:\/\/rioonwatch.org.br\/#\/schema\/person\/image\/\",\"url\":\"https:\/\/secure.gravatar.com\/avatar\/56211ac74568383903349a1485e3c325?s=96&d=blank&r=g\",\"contentUrl\":\"https:\/\/secure.gravatar.com\/avatar\/56211ac74568383903349a1485e3c325?s=96&d=blank&r=g\",\"caption\":\"Admin\"},\"url\":\"https:\/\/rioonwatch.org.br\/?author=129\"}]}<\/script>\n<!-- \/ Yoast SEO plugin. -->","yoast_head_json":{"title":"Reflex\u00f5es de Lideran\u00e7as Comunit\u00e1rias Ap\u00f3s uma D\u00e9cada do Bolsa Fam\u00edlia - RioOnWatch","robots":{"index":"index","follow":"follow","max-snippet":"max-snippet:-1","max-image-preview":"max-image-preview:large","max-video-preview":"max-video-preview:-1"},"canonical":"https:\/\/rioonwatch.org.br\/?p=8158","og_locale":"pt_BR","og_type":"article","og_title":"Reflex\u00f5es de Lideran\u00e7as Comunit\u00e1rias Ap\u00f3s uma D\u00e9cada do Bolsa Fam\u00edlia - RioOnWatch","og_description":"Em 2003, Presidente Luiz In\u00e1cio &#8220;Lula&#8221; da Silva lan\u00e7ou o programa Bolsa Fam\u00edlia para promover progresso social entre fam\u00edlias de baixa renda. Este e outros programas foram implementados em um esfor\u00e7o para diminuir a infame [...]","og_url":"https:\/\/rioonwatch.org.br\/?p=8158","og_site_name":"RioOnWatch","article_published_time":"2013-10-31T11:00:08+00:00","article_modified_time":"2016-04-19T22:27:17+00:00","og_image":[{"width":300,"height":211,"url":"https:\/\/rioonwatch.org.br\/wp-content\/uploads\/2013\/10\/bolsa-capa.jpg","type":"image\/jpeg"}],"author":"Admin","twitter_card":"summary_large_image","twitter_misc":{"Escrito por":"Admin","Est. tempo de leitura":"10 minutos"},"schema":{"@context":"https:\/\/schema.org","@graph":[{"@type":"Article","@id":"https:\/\/rioonwatch.org.br\/?p=8158#article","isPartOf":{"@id":"https:\/\/rioonwatch.org.br\/?p=8158"},"author":{"name":"Admin","@id":"https:\/\/rioonwatch.org.br\/#\/schema\/person\/11d64c290506f9df50c71b850c473f68"},"headline":"Reflex\u00f5es de Lideran\u00e7as Comunit\u00e1rias Ap\u00f3s uma D\u00e9cada do Bolsa Fam\u00edlia","datePublished":"2013-10-31T11:00:08+00:00","dateModified":"2016-04-19T22:27:17+00:00","mainEntityOfPage":{"@id":"https:\/\/rioonwatch.org.br\/?p=8158"},"wordCount":1928,"publisher":{"@id":"https:\/\/rioonwatch.org.br\/#organization"},"image":{"@id":"https:\/\/rioonwatch.org.br\/?p=8158#primaryimage"},"thumbnailUrl":"https:\/\/rioonwatch.org.br\/wp-content\/uploads\/2013\/10\/bolsa-capa.jpg","keywords":["Asa Branca","baixa qualidade dos servi\u00e7os","Bolsa Fam\u00edlia","cr\u00edtica \u00e0 pol\u00edtica","desigualdade","educa\u00e7\u00e3o","lideran\u00e7a","Morar Carioca","Morro do Fogueteiro","Pica-Pau","pobreza","pol\u00edtica p\u00fablica","UPP","Zona Norte","Zona Oeste"],"articleSection":["Escrito por Aliados","Pol\u00edticas","Seguran\u00e7a P\u00fablica"],"inLanguage":"pt-BR"},{"@type":"WebPage","@id":"https:\/\/rioonwatch.org.br\/?p=8158","url":"https:\/\/rioonwatch.org.br\/?p=8158","name":"Reflex\u00f5es de Lideran\u00e7as Comunit\u00e1rias Ap\u00f3s uma D\u00e9cada do Bolsa Fam\u00edlia - RioOnWatch","isPartOf":{"@id":"https:\/\/rioonwatch.org.br\/#website"},"primaryImageOfPage":{"@id":"https:\/\/rioonwatch.org.br\/?p=8158#primaryimage"},"image":{"@id":"https:\/\/rioonwatch.org.br\/?p=8158#primaryimage"},"thumbnailUrl":"https:\/\/rioonwatch.org.br\/wp-content\/uploads\/2013\/10\/bolsa-capa.jpg","datePublished":"2013-10-31T11:00:08+00:00","dateModified":"2016-04-19T22:27:17+00:00","breadcrumb":{"@id":"https:\/\/rioonwatch.org.br\/?p=8158#breadcrumb"},"inLanguage":"pt-BR","potentialAction":[{"@type":"ReadAction","target":["https:\/\/rioonwatch.org.br\/?p=8158"]}]},{"@type":"ImageObject","inLanguage":"pt-BR","@id":"https:\/\/rioonwatch.org.br\/?p=8158#primaryimage","url":"https:\/\/rioonwatch.org.br\/wp-content\/uploads\/2013\/10\/bolsa-capa.jpg","contentUrl":"https:\/\/rioonwatch.org.br\/wp-content\/uploads\/2013\/10\/bolsa-capa.jpg","width":300,"height":211},{"@type":"BreadcrumbList","@id":"https:\/\/rioonwatch.org.br\/?p=8158#breadcrumb","itemListElement":[{"@type":"ListItem","position":1,"name":"In\u00edcio","item":"https:\/\/rioonwatch.org.br\/"},{"@type":"ListItem","position":2,"name":"Reflex\u00f5es de Lideran\u00e7as Comunit\u00e1rias Ap\u00f3s uma D\u00e9cada do Bolsa Fam\u00edlia"}]},{"@type":"WebSite","@id":"https:\/\/rioonwatch.org.br\/#website","url":"https:\/\/rioonwatch.org.br\/","name":"RioOnWatch","description":"relatos das favelas cariocas","publisher":{"@id":"https:\/\/rioonwatch.org.br\/#organization"},"potentialAction":[{"@type":"SearchAction","target":{"@type":"EntryPoint","urlTemplate":"https:\/\/rioonwatch.org.br\/?s={search_term_string}"},"query-input":{"@type":"PropertyValueSpecification","valueRequired":true,"valueName":"search_term_string"}}],"inLanguage":"pt-BR"},{"@type":"Organization","@id":"https:\/\/rioonwatch.org.br\/#organization","name":"RioOnWatch","url":"https:\/\/rioonwatch.org.br\/","logo":{"@type":"ImageObject","inLanguage":"pt-BR","@id":"https:\/\/rioonwatch.org.br\/#\/schema\/logo\/image\/","url":"https:\/\/rioonwatch.org.br\/wp-content\/uploads\/2021\/06\/RioOnWatchcabecalhoPT11anos-2.png","contentUrl":"https:\/\/rioonwatch.org.br\/wp-content\/uploads\/2021\/06\/RioOnWatchcabecalhoPT11anos-2.png","width":779,"height":277,"caption":"RioOnWatch"},"image":{"@id":"https:\/\/rioonwatch.org.br\/#\/schema\/logo\/image\/"}},{"@type":"Person","@id":"https:\/\/rioonwatch.org.br\/#\/schema\/person\/11d64c290506f9df50c71b850c473f68","name":"Admin","image":{"@type":"ImageObject","inLanguage":"pt-BR","@id":"https:\/\/rioonwatch.org.br\/#\/schema\/person\/image\/","url":"https:\/\/secure.gravatar.com\/avatar\/56211ac74568383903349a1485e3c325?s=96&d=blank&r=g","contentUrl":"https:\/\/secure.gravatar.com\/avatar\/56211ac74568383903349a1485e3c325?s=96&d=blank&r=g","caption":"Admin"},"url":"https:\/\/rioonwatch.org.br\/?author=129"}]}},"_links":{"self":[{"href":"https:\/\/rioonwatch.org.br\/index.php?rest_route=\/wp\/v2\/posts\/8158"}],"collection":[{"href":"https:\/\/rioonwatch.org.br\/index.php?rest_route=\/wp\/v2\/posts"}],"about":[{"href":"https:\/\/rioonwatch.org.br\/index.php?rest_route=\/wp\/v2\/types\/post"}],"author":[{"embeddable":true,"href":"https:\/\/rioonwatch.org.br\/index.php?rest_route=\/wp\/v2\/users\/129"}],"replies":[{"embeddable":true,"href":"https:\/\/rioonwatch.org.br\/index.php?rest_route=%2Fwp%2Fv2%2Fcomments&post=8158"}],"version-history":[{"count":91,"href":"https:\/\/rioonwatch.org.br\/index.php?rest_route=\/wp\/v2\/posts\/8158\/revisions"}],"predecessor-version":[{"id":19236,"href":"https:\/\/rioonwatch.org.br\/index.php?rest_route=\/wp\/v2\/posts\/8158\/revisions\/19236"}],"wp:featuredmedia":[{"embeddable":true,"href":"https:\/\/rioonwatch.org.br\/index.php?rest_route=\/wp\/v2\/media\/8227"}],"wp:attachment":[{"href":"https:\/\/rioonwatch.org.br\/index.php?rest_route=%2Fwp%2Fv2%2Fmedia&parent=8158"}],"wp:term":[{"taxonomy":"category","embeddable":true,"href":"https:\/\/rioonwatch.org.br\/index.php?rest_route=%2Fwp%2Fv2%2Fcategories&post=8158"},{"taxonomy":"post_tag","embeddable":true,"href":"https:\/\/rioonwatch.org.br\/index.php?rest_route=%2Fwp%2Fv2%2Ftags&post=8158"},{"taxonomy":"writer","embeddable":true,"href":"https:\/\/rioonwatch.org.br\/index.php?rest_route=%2Fwp%2Fv2%2Fwriter&post=8158"},{"taxonomy":"translator","embeddable":true,"href":"https:\/\/rioonwatch.org.br\/index.php?rest_route=%2Fwp%2Fv2%2Ftranslator&post=8158"},{"taxonomy":"source","embeddable":true,"href":"https:\/\/rioonwatch.org.br\/index.php?rest_route=%2Fwp%2Fv2%2Fsource&post=8158"},{"taxonomy":"ilustrador","embeddable":true,"href":"https:\/\/rioonwatch.org.br\/index.php?rest_route=%2Fwp%2Fv2%2Filustrador&post=8158"},{"taxonomy":"fotografo","embeddable":true,"href":"https:\/\/rioonwatch.org.br\/index.php?rest_route=%2Fwp%2Fv2%2Ffotografo&post=8158"}],"curies":[{"name":"wp","href":"https:\/\/api.w.org\/{rel}","templated":true}]}}