{"id":8249,"date":"2013-11-06T08:43:55","date_gmt":"2013-11-06T11:43:55","guid":{"rendered":"http:\/\/rioonwatch.org.br\/?p=8249"},"modified":"2020-08-18T14:30:26","modified_gmt":"2020-08-18T17:30:26","slug":"alerta-quilombola-encontro-discute-o-futuro-dos-quilombos","status":"publish","type":"post","link":"https:\/\/rioonwatch.org.br\/?p=8249","title":{"rendered":"Alerta Quilombola: Encontro Discute o Futuro dos Quilombos"},"content":{"rendered":"<p style=\"text-align: right;\"><em><strong><a href=\"https:\/\/bit.ly\/2EhONsh\" target=\"_blank\" rel=\"noopener noreferrer\">Click Here for English<\/a><a href=\"https:\/\/bit.ly\/2EhONsh\" target=\"_blank\" rel=\"noopener noreferrer\"><img decoding=\"async\" class=\"alignright wp-image-15790\" src=\"https:\/\/rioonwatch.org.br\/wp-content\/uploads\/2012\/08\/EN-standard-e1439583104716.jpg\" alt=\"\" width=\"20\" height=\"20\" \/><\/a><\/strong><\/em><\/p>\n<p><img fetchpriority=\"high\" decoding=\"async\" class=\"alignright wp-image-15784\" title=\"P\u00fablico do evento\" src=\"http:\/\/rioonwatch.org.br\/wp-content\/uploads\/2013\/11\/P\u00fablico-do-evento2-352x264.jpg\" width=\"300\" height=\"225\" \/>Foi realizado no Quilombo Sacop\u00e3, no dia 25 de outubro, o primeiro Alerta Quilombola idealizado pelo F\u00f3rum Justi\u00e7a e pela\u00a0AQUILERJ, Associa\u00e7\u00e3o dos Quilombolas do Rio de Janeiro.<\/p>\n<p>O <a href=\"http:\/\/on.fb.me\/Huk0X2\" target=\"_blank\" rel=\"noopener noreferrer\">Quilombo do Sacop\u00e3<\/a> fica na Lagoa, bairro nobre do Rio de Janeiro. A comunidade \u00e9 constitu\u00edda de oito fam\u00edlias remanescentes de escravos que h\u00e1 mais de 100 anos vivem num terreno de 2,4 hectares rodeado por mata nativa.<\/p>\n<p>O local possui vista da Lagoa Rodrigo de Freitas e do Corcovado, onde costumava ocorrer uma tradicional roda de samba com feijoada, at\u00e9 ser proibida por uma liminar da Justi\u00e7a movida pelos condom\u00ednios vizinhos.<\/p>\n<p>Esta comunidade busca o reconhecimento do direito a propriedade das terras que ocupam h\u00e1 d\u00e9cadas.\u00a0Historicamente, os quilombos s\u00e3o chamados de locais onde escravos se refugiavam do sistema escravista.\u00a0Por\u00e9m o termo <a href=\"http:\/\/bit.ly\/1f66fcd\" target=\"_blank\" rel=\"noopener noreferrer\">quilombo<\/a> assume um novo significado com a Constitui\u00e7\u00e3o de 1988, onde a quest\u00e3o quilombola passou a fazer parte das pol\u00edticas p\u00fablicas.<\/p>\n<p>A Constitui\u00e7\u00e3o Brasileira de 1988 garantiu \u00e0s comunidades de remanescentes de quilombos <a href=\"http:\/\/bit.ly\/17xL9UJ\" target=\"_blank\" rel=\"noopener noreferrer\">o direito \u00e0 terra e a preserva\u00e7\u00e3o de sua cultura<\/a>. Atualmente no Brasil existem mais de 3.500 comunidades quilombolas espalhadas pelo pa\u00eds, por\u00e9m, passados vinte cinco anos, poucas foram tituladas. As comunidades remanescentes de quilombos, atualmente, s\u00e3o grupos sociais cuja identidade \u00e9tnica os distingue do restante da sociedade.<\/p>\n<p>O encontro reuniu defensores p\u00fablicos, membros da academia e lideran\u00e7as quilombolas para discutir os desafios que as comunidades enfrentam no Brasil. O evento iniciou com um ato solene de abertura com o representante das religi\u00f5es de matriz africana. Ivanir Santos reuniu os mais velhos da comunidade no entorno de uma \u00e1rvore onde fizeram uma pequena ora\u00e7\u00e3o.<\/p>\n<p>Lideran\u00e7as comunit\u00e1rias tiraram d\u00favidas sobre quest\u00f5es relativas \u00e0 posse da terra com os defensores p\u00fablicos do F\u00f3rum\u00a0Justi\u00e7a e advogados do INCRA.<\/p>\n<p><a href=\"http:\/\/rioonwatch.org.br\/?attachment_id=8259\" rel=\"attachment wp-att-8259\"><img decoding=\"async\" class=\"size-thumbnail wp-image-8259 alignright\" title=\"Lideran\u00e7a do Quilombo Sacop\u00e3 apresenta o caso para antrop\u00f3logo do INCRA\" src=\"http:\/\/rioonwatch.org.br\/wp-content\/uploads\/2013\/11\/Lideran\u00e7a-do-Quilombo-Sacop\u00e3-apresenta-o-caso-para-antrop\u00f3logo-do-INCRAok-300x225.jpg\" alt=\"\" width=\"300\" height=\"225\" srcset=\"https:\/\/rioonwatch.org.br\/wp-content\/uploads\/2013\/11\/Lideran\u00e7a-do-Quilombo-Sacop\u00e3-apresenta-o-caso-para-antrop\u00f3logo-do-INCRAok-300x225.jpg 300w, https:\/\/rioonwatch.org.br\/wp-content\/uploads\/2013\/11\/Lideran\u00e7a-do-Quilombo-Sacop\u00e3-apresenta-o-caso-para-antrop\u00f3logo-do-INCRAok-150x113.jpg 150w, https:\/\/rioonwatch.org.br\/wp-content\/uploads\/2013\/11\/Lideran\u00e7a-do-Quilombo-Sacop\u00e3-apresenta-o-caso-para-antrop\u00f3logo-do-INCRAok.jpg 653w\" sizes=\"(max-width: 300px) 100vw, 300px\" \/><\/a>O primeiro debate se deu com a presen\u00e7a de Ivanir dos Santos (CEAP e CCIR), Luiz Sacop\u00e3 (L\u00edder da comunidade do Sacop\u00e3) e do antrop\u00f3logo do INCRA, Miguel, onde foram apresentados os casos do processo de titula\u00e7\u00e3o das terras do Quilombo Sacop\u00e3 e do <a href=\"http:\/\/bit.ly\/1ag3sb1\" target=\"_blank\" rel=\"noopener noreferrer\">Quilombo da Marambaia<\/a> e o caso do <a href=\"http:\/\/bit.ly\/1dTh83a\" target=\"_blank\" rel=\"noopener noreferrer\">Quilombo S\u00e3o Jos\u00e9 da Serra<\/a>.<\/p>\n<p>Na mesa acad\u00eamica participaram os professores Andr\u00e9 Videira (UFRRJ), Javier Lifschitz (UNIRIO), Elaine Monteiro (UFF) e Ronaldo Lob\u00e3o (UFF) que apresentaram quest\u00f5es referentes ao cen\u00e1rio quilombola no Brasil atual, al\u00e9m de apresentarem quest\u00f5es dos campos pol\u00edtico, jur\u00eddico e cultural.<\/p>\n<p>O encontro teve apoio da Universidade Federal Fluminense (UFF), Universidade Estadual do Rio de Janeiro (UERJ), Universidade Estadual do Norte Fluminense (UENF) e Universidade Federal do Estado do Rio de Janeiro (UNIRIO) e patroc\u00ednio do F\u00d3RUM JUSTI\u00c7A, INCRA e SINDIPETRO.<\/p>\n<p>Participaram l\u00edderes de v\u00e1rias comunidades quilombolas do Estado do Rio de Janeiro: Sacop\u00e3, Marambaia, Pedra do Sal, Deserto Feliz e Lagoa Feia.<\/p>\n<p>Segundo Andr\u00e9 Videira, professor da UFRRJ, n\u00e3o houve avan\u00e7os ap\u00f3s o governo Lula em rela\u00e7\u00e3o \u00e0 titula\u00e7\u00e3o de terras quilombolas. Houve um retrocesso pol\u00edtico com seis vezes menos titula\u00e7\u00e3o de terras do que o governo anterior.<\/p>\n<p>Para Dami\u00e3o Braga, l\u00edder do <a href=\"http:\/\/bit.ly\/18LxFOJ\" target=\"_blank\" rel=\"noopener noreferrer\">Quilombo Pedra do Sal<\/a>, nenhum partido tem dialogado com os quilombolas. Acrescentou que em 2012 havia recurso e n\u00e3o houve vontade pol\u00edtica para titular os territ\u00f3rios. O pouco recurso usado foi para a m\u00e3o de ONGs e n\u00e3o para as comunidades quilombolas.<\/p>\n<p>O evento foi um importante come\u00e7o para discuss\u00e3o sobre o futuro dessas comunidades que est\u00e3o na luta pela titula\u00e7\u00e3o de suas terras e para se tornarem vis\u00edveis a sociedade brasileira.<\/p>\n<p>O Professor Javier Lifschitz da UNIRIO, falou da import\u00e2ncia de se ter realizado esse encontro no Quilombo Sacop\u00e3: \u201cO primeiro de muitos outros para discuss\u00e3o de temas nacionais, com a urg\u00eancia para debater o tema quilombola e quest\u00f5es referentes ao futuro das comunidades\u201d.<br \/>\n<img loading=\"lazy\" decoding=\"async\" class=\"alignright wp-image-15791\" title=\"Mesa das lideran\u00e7as quilombola\" src=\"http:\/\/rioonwatch.org.br\/wp-content\/uploads\/2013\/11\/Mesa-das-lideran\u00e7as-quilombola-352x264.jpg\" width=\"300\" height=\"225\" \/>Na \u00faltima mesa de debate participaram l\u00edderes das comunidades quilombolas, onde foram trazidas quest\u00f5es de grande\u00a0relev\u00e2ncia, sobretudo no tocante a regulariza\u00e7\u00e3o dos territ\u00f3rios e tamb\u00e9m ao n\u00e3o cumprimento das leis que deveriam proteger os quilombolas, na mesa tamb\u00e9m esteve presente um advogado do INCRA que tirou d\u00favidas dos l\u00edderes quilombolas.<\/p>\n<p>O representante do <a href=\"http:\/\/bit.ly\/1dzSLVB\" target=\"_blank\" rel=\"noopener noreferrer\">Quilombo Deserto Feliz<\/a>\u00a0relatou que na sua localidade, em S\u00e3o Francisco de Itabapoana, ser\u00e1 constru\u00eddo um porto que atuar\u00e1 junto ao Porto do A\u00e7u. Este fato trar\u00e1 consequ\u00eancias para a comunidade, pois a pesca na regi\u00e3o ir\u00e1 acaba assim como a cria\u00e7\u00e3o natural de ostras, podendo extinguir a comunidade.<\/p>\n<p>Lu\u00eds destacou que o Quilombo Sacop\u00e3 \u00e9 uma referencia para os outros quilombos por estar situado no metro quadrado mais caro da cidade do Rio de Janeiro. Relatou sobre a a\u00e7\u00e3o judicial de reintegra\u00e7\u00e3o de posse pedida por uma imobili\u00e1ria que nunca tinha ouvido falar e que ser\u00e1 julgada no dia 20 de novembro, dia de Zumbi. Para ele s\u00f3 o negro sabe o que ele passa,\u201d ainda mais vivendo em um local &#8220;cercado de brancos, poderosos, e racistas que dizem que n\u00f3s n\u00e3o estamos no nosso lugar\u201d.<\/p>\n<p>Esse evento foi muito importante para as comunidades quilombolas, pois \u00e9 um come\u00e7o para um fortalecimento de articula\u00e7\u00e3o e comunica\u00e7\u00e3o entre as comunidades tornando vis\u00edvel a luta do movimento quilombola.<\/p>\n<p>Para Adriano de Lima, diretor da Aquilerj,: &#8220;O Alerta Quilombola \u00e9 um excelente nome, pois para n\u00f3s \u00e9 muito bom parar e refletir. N\u00e3o podemos ficar sentados achando que fomos contemplados por esse dia de hoje\u201d.<\/p>\n<p><em>Tha\u00eds Rosa Pinheiro, mestranda da P\u00f3s Gradua\u00e7\u00e3o em Mem\u00f3ria Social na UNIRIO, pesquisa turismo de base comunit\u00e1ria em comunidades quilombolas<\/em><\/p>\n<!-- AddThis Advanced Settings generic via filter on the_content --><!-- AddThis Share Buttons generic via filter on the_content -->","protected":false},"excerpt":{"rendered":"<div class=\"mh-excerpt\"><p>Click Here for English Foi realizado no Quilombo Sacop\u00e3, no dia 25 de outubro, o primeiro Alerta Quilombola idealizado pelo F\u00f3rum Justi\u00e7a e pela\u00a0AQUILERJ, Associa\u00e7\u00e3o dos Quilombolas do Rio de Janeiro. O Quilombo do Sacop\u00e3 <a class=\"mh-excerpt-more\" href=\"https:\/\/rioonwatch.org.br\/?p=8249\" title=\"Alerta Quilombola: Encontro Discute o Futuro dos Quilombos\">[&#8230;]<\/a><!-- AddThis Advanced Settings generic via filter on get_the_excerpt --><!-- AddThis Share Buttons generic via filter on get_the_excerpt --><\/p>\n<\/div>","protected":false},"author":132,"featured_media":15780,"comment_status":"closed","ping_status":"closed","sticky":false,"template":"","format":"standard","meta":{"_acf_changed":false,"_monsterinsights_skip_tracking":false,"_monsterinsights_sitenote_active":false,"_monsterinsights_sitenote_note":"","_monsterinsights_sitenote_category":0,"footnotes":""},"categories":[344,342],"tags":[898,81,513,550,128,899,567,1228,904,903,905,900,383],"writer":[1650],"translator":[],"source":[],"ilustrador":[],"fotografo":[],"class_list":{"0":"post-8249","1":"post","2":"type-post","3":"status-publish","4":"format-standard","5":"has-post-thumbnail","7":"category-politicas","8":"category-solucoes","9":"tag-comunidades-tradicionais","10":"tag-cultura","11":"tag-cultura-afro-brasileira","12":"tag-direito-a-terra","13":"tag-historia","14":"tag-preservacao-de-cultura","15":"tag-quilombo","16":"tag-quilombo-da-pedra-do-sal","17":"tag-quilombo-deserto-feliz","18":"tag-quilombo-marambaia","19":"tag-quilombo-do-sacopa","20":"tag-titulacao-de-terras","21":"tag-zona-sul","22":"writer-thais-rosa-pinheiro"},"acf":[],"yoast_head":"<!-- This site is optimized with the Yoast SEO plugin v25.6 - https:\/\/yoast.com\/wordpress\/plugins\/seo\/ -->\n<title>Alerta Quilombola: Encontro Discute o Futuro dos Quilombos - RioOnWatch<\/title>\n<meta name=\"robots\" content=\"index, follow, max-snippet:-1, max-image-preview:large, max-video-preview:-1\" \/>\n<link rel=\"canonical\" href=\"https:\/\/rioonwatch.org.br\/?p=8249\" \/>\n<meta property=\"og:locale\" content=\"pt_BR\" \/>\n<meta property=\"og:type\" content=\"article\" \/>\n<meta property=\"og:title\" content=\"Alerta Quilombola: Encontro Discute o Futuro dos Quilombos - RioOnWatch\" \/>\n<meta property=\"og:description\" content=\"Click Here for English Foi realizado no Quilombo Sacop\u00e3, no dia 25 de outubro, o primeiro Alerta Quilombola idealizado pelo F\u00f3rum Justi\u00e7a e pela\u00a0AQUILERJ, Associa\u00e7\u00e3o dos Quilombolas do Rio de Janeiro. O Quilombo do Sacop\u00e3 [...]\" \/>\n<meta property=\"og:url\" content=\"https:\/\/rioonwatch.org.br\/?p=8249\" \/>\n<meta property=\"og:site_name\" content=\"RioOnWatch\" \/>\n<meta property=\"article:published_time\" content=\"2013-11-06T11:43:55+00:00\" \/>\n<meta property=\"article:modified_time\" content=\"2020-08-18T17:30:26+00:00\" \/>\n<meta property=\"og:image\" content=\"https:\/\/rioonwatch.org.br\/wp-content\/uploads\/2013\/11\/Lideran\u00e7a-do-Quilombo-Sacop\u00e3-apresenta-o-caso-para-antrop\u00f3logo-do-INCRAok-e1439582732681.jpg\" \/>\n\t<meta property=\"og:image:width\" content=\"620\" \/>\n\t<meta property=\"og:image:height\" content=\"467\" \/>\n\t<meta property=\"og:image:type\" content=\"image\/jpeg\" \/>\n<meta name=\"author\" content=\"Felicity\" \/>\n<meta name=\"twitter:card\" content=\"summary_large_image\" \/>\n<meta name=\"twitter:label1\" content=\"Escrito por\" \/>\n\t<meta name=\"twitter:data1\" content=\"Felicity\" \/>\n\t<meta name=\"twitter:label2\" content=\"Est. tempo de leitura\" \/>\n\t<meta name=\"twitter:data2\" content=\"5 minutos\" \/>\n<script type=\"application\/ld+json\" class=\"yoast-schema-graph\">{\"@context\":\"https:\/\/schema.org\",\"@graph\":[{\"@type\":\"Article\",\"@id\":\"https:\/\/rioonwatch.org.br\/?p=8249#article\",\"isPartOf\":{\"@id\":\"https:\/\/rioonwatch.org.br\/?p=8249\"},\"author\":{\"name\":\"Felicity\",\"@id\":\"https:\/\/rioonwatch.org.br\/#\/schema\/person\/4d05cf5053c358ab740b3edd75a173f2\"},\"headline\":\"Alerta Quilombola: Encontro Discute o Futuro dos Quilombos\",\"datePublished\":\"2013-11-06T11:43:55+00:00\",\"dateModified\":\"2020-08-18T17:30:26+00:00\",\"mainEntityOfPage\":{\"@id\":\"https:\/\/rioonwatch.org.br\/?p=8249\"},\"wordCount\":982,\"publisher\":{\"@id\":\"https:\/\/rioonwatch.org.br\/#organization\"},\"image\":{\"@id\":\"https:\/\/rioonwatch.org.br\/?p=8249#primaryimage\"},\"thumbnailUrl\":\"https:\/\/rioonwatch.org.br\/wp-content\/uploads\/2013\/11\/Lideran\u00e7a-do-Quilombo-Sacop\u00e3-apresenta-o-caso-para-antrop\u00f3logo-do-INCRAok-e1439582732681.jpg\",\"keywords\":[\"comunidades tradicionais\",\"cultura\",\"Cultura Afro-brasileira\",\"direito \u00e0 terra\",\"hist\u00f3ria\",\"preserva\u00e7\u00e3o de cultura\",\"Quilombo\",\"Quilombo da Pedra do Sal\",\"Quilombo Deserto Feliz\",\"Quilombo Marambaia\",\"Quilombo Sacop\u00e3\",\"titula\u00e7\u00e3o de terras\",\"Zona Sul\"],\"articleSection\":[\"Pol\u00edticas\",\"Solu\u00e7\u00f5es\"],\"inLanguage\":\"pt-BR\"},{\"@type\":\"WebPage\",\"@id\":\"https:\/\/rioonwatch.org.br\/?p=8249\",\"url\":\"https:\/\/rioonwatch.org.br\/?p=8249\",\"name\":\"Alerta Quilombola: Encontro Discute o Futuro dos Quilombos - RioOnWatch\",\"isPartOf\":{\"@id\":\"https:\/\/rioonwatch.org.br\/#website\"},\"primaryImageOfPage\":{\"@id\":\"https:\/\/rioonwatch.org.br\/?p=8249#primaryimage\"},\"image\":{\"@id\":\"https:\/\/rioonwatch.org.br\/?p=8249#primaryimage\"},\"thumbnailUrl\":\"https:\/\/rioonwatch.org.br\/wp-content\/uploads\/2013\/11\/Lideran\u00e7a-do-Quilombo-Sacop\u00e3-apresenta-o-caso-para-antrop\u00f3logo-do-INCRAok-e1439582732681.jpg\",\"datePublished\":\"2013-11-06T11:43:55+00:00\",\"dateModified\":\"2020-08-18T17:30:26+00:00\",\"breadcrumb\":{\"@id\":\"https:\/\/rioonwatch.org.br\/?p=8249#breadcrumb\"},\"inLanguage\":\"pt-BR\",\"potentialAction\":[{\"@type\":\"ReadAction\",\"target\":[\"https:\/\/rioonwatch.org.br\/?p=8249\"]}]},{\"@type\":\"ImageObject\",\"inLanguage\":\"pt-BR\",\"@id\":\"https:\/\/rioonwatch.org.br\/?p=8249#primaryimage\",\"url\":\"https:\/\/rioonwatch.org.br\/wp-content\/uploads\/2013\/11\/Lideran\u00e7a-do-Quilombo-Sacop\u00e3-apresenta-o-caso-para-antrop\u00f3logo-do-INCRAok-e1439582732681.jpg\",\"contentUrl\":\"https:\/\/rioonwatch.org.br\/wp-content\/uploads\/2013\/11\/Lideran\u00e7a-do-Quilombo-Sacop\u00e3-apresenta-o-caso-para-antrop\u00f3logo-do-INCRAok-e1439582732681.jpg\",\"width\":620,\"height\":467},{\"@type\":\"BreadcrumbList\",\"@id\":\"https:\/\/rioonwatch.org.br\/?p=8249#breadcrumb\",\"itemListElement\":[{\"@type\":\"ListItem\",\"position\":1,\"name\":\"In\u00edcio\",\"item\":\"https:\/\/rioonwatch.org.br\/\"},{\"@type\":\"ListItem\",\"position\":2,\"name\":\"Alerta Quilombola: Encontro Discute o Futuro dos Quilombos\"}]},{\"@type\":\"WebSite\",\"@id\":\"https:\/\/rioonwatch.org.br\/#website\",\"url\":\"https:\/\/rioonwatch.org.br\/\",\"name\":\"RioOnWatch\",\"description\":\"relatos das favelas cariocas\",\"publisher\":{\"@id\":\"https:\/\/rioonwatch.org.br\/#organization\"},\"potentialAction\":[{\"@type\":\"SearchAction\",\"target\":{\"@type\":\"EntryPoint\",\"urlTemplate\":\"https:\/\/rioonwatch.org.br\/?s={search_term_string}\"},\"query-input\":{\"@type\":\"PropertyValueSpecification\",\"valueRequired\":true,\"valueName\":\"search_term_string\"}}],\"inLanguage\":\"pt-BR\"},{\"@type\":\"Organization\",\"@id\":\"https:\/\/rioonwatch.org.br\/#organization\",\"name\":\"RioOnWatch\",\"url\":\"https:\/\/rioonwatch.org.br\/\",\"logo\":{\"@type\":\"ImageObject\",\"inLanguage\":\"pt-BR\",\"@id\":\"https:\/\/rioonwatch.org.br\/#\/schema\/logo\/image\/\",\"url\":\"https:\/\/rioonwatch.org.br\/wp-content\/uploads\/2021\/06\/RioOnWatchcabecalhoPT11anos-2.png\",\"contentUrl\":\"https:\/\/rioonwatch.org.br\/wp-content\/uploads\/2021\/06\/RioOnWatchcabecalhoPT11anos-2.png\",\"width\":779,\"height\":277,\"caption\":\"RioOnWatch\"},\"image\":{\"@id\":\"https:\/\/rioonwatch.org.br\/#\/schema\/logo\/image\/\"}},{\"@type\":\"Person\",\"@id\":\"https:\/\/rioonwatch.org.br\/#\/schema\/person\/4d05cf5053c358ab740b3edd75a173f2\",\"name\":\"Felicity\",\"image\":{\"@type\":\"ImageObject\",\"inLanguage\":\"pt-BR\",\"@id\":\"https:\/\/rioonwatch.org.br\/#\/schema\/person\/image\/\",\"url\":\"https:\/\/secure.gravatar.com\/avatar\/bfc904486dc0bba6015410a00fe3fc27?s=96&d=blank&r=g\",\"contentUrl\":\"https:\/\/secure.gravatar.com\/avatar\/bfc904486dc0bba6015410a00fe3fc27?s=96&d=blank&r=g\",\"caption\":\"Felicity\"},\"url\":\"https:\/\/rioonwatch.org.br\/?author=132\"}]}<\/script>\n<!-- \/ Yoast SEO plugin. -->","yoast_head_json":{"title":"Alerta Quilombola: Encontro Discute o Futuro dos Quilombos - RioOnWatch","robots":{"index":"index","follow":"follow","max-snippet":"max-snippet:-1","max-image-preview":"max-image-preview:large","max-video-preview":"max-video-preview:-1"},"canonical":"https:\/\/rioonwatch.org.br\/?p=8249","og_locale":"pt_BR","og_type":"article","og_title":"Alerta Quilombola: Encontro Discute o Futuro dos Quilombos - RioOnWatch","og_description":"Click Here for English Foi realizado no Quilombo Sacop\u00e3, no dia 25 de outubro, o primeiro Alerta Quilombola idealizado pelo F\u00f3rum Justi\u00e7a e pela\u00a0AQUILERJ, Associa\u00e7\u00e3o dos Quilombolas do Rio de Janeiro. O Quilombo do Sacop\u00e3 [...]","og_url":"https:\/\/rioonwatch.org.br\/?p=8249","og_site_name":"RioOnWatch","article_published_time":"2013-11-06T11:43:55+00:00","article_modified_time":"2020-08-18T17:30:26+00:00","og_image":[{"width":620,"height":467,"url":"https:\/\/rioonwatch.org.br\/wp-content\/uploads\/2013\/11\/Lideran\u00e7a-do-Quilombo-Sacop\u00e3-apresenta-o-caso-para-antrop\u00f3logo-do-INCRAok-e1439582732681.jpg","type":"image\/jpeg"}],"author":"Felicity","twitter_card":"summary_large_image","twitter_misc":{"Escrito por":"Felicity","Est. tempo de leitura":"5 minutos"},"schema":{"@context":"https:\/\/schema.org","@graph":[{"@type":"Article","@id":"https:\/\/rioonwatch.org.br\/?p=8249#article","isPartOf":{"@id":"https:\/\/rioonwatch.org.br\/?p=8249"},"author":{"name":"Felicity","@id":"https:\/\/rioonwatch.org.br\/#\/schema\/person\/4d05cf5053c358ab740b3edd75a173f2"},"headline":"Alerta Quilombola: Encontro Discute o Futuro dos Quilombos","datePublished":"2013-11-06T11:43:55+00:00","dateModified":"2020-08-18T17:30:26+00:00","mainEntityOfPage":{"@id":"https:\/\/rioonwatch.org.br\/?p=8249"},"wordCount":982,"publisher":{"@id":"https:\/\/rioonwatch.org.br\/#organization"},"image":{"@id":"https:\/\/rioonwatch.org.br\/?p=8249#primaryimage"},"thumbnailUrl":"https:\/\/rioonwatch.org.br\/wp-content\/uploads\/2013\/11\/Lideran\u00e7a-do-Quilombo-Sacop\u00e3-apresenta-o-caso-para-antrop\u00f3logo-do-INCRAok-e1439582732681.jpg","keywords":["comunidades tradicionais","cultura","Cultura Afro-brasileira","direito \u00e0 terra","hist\u00f3ria","preserva\u00e7\u00e3o de cultura","Quilombo","Quilombo da Pedra do Sal","Quilombo Deserto Feliz","Quilombo Marambaia","Quilombo Sacop\u00e3","titula\u00e7\u00e3o de terras","Zona Sul"],"articleSection":["Pol\u00edticas","Solu\u00e7\u00f5es"],"inLanguage":"pt-BR"},{"@type":"WebPage","@id":"https:\/\/rioonwatch.org.br\/?p=8249","url":"https:\/\/rioonwatch.org.br\/?p=8249","name":"Alerta Quilombola: Encontro Discute o Futuro dos Quilombos - RioOnWatch","isPartOf":{"@id":"https:\/\/rioonwatch.org.br\/#website"},"primaryImageOfPage":{"@id":"https:\/\/rioonwatch.org.br\/?p=8249#primaryimage"},"image":{"@id":"https:\/\/rioonwatch.org.br\/?p=8249#primaryimage"},"thumbnailUrl":"https:\/\/rioonwatch.org.br\/wp-content\/uploads\/2013\/11\/Lideran\u00e7a-do-Quilombo-Sacop\u00e3-apresenta-o-caso-para-antrop\u00f3logo-do-INCRAok-e1439582732681.jpg","datePublished":"2013-11-06T11:43:55+00:00","dateModified":"2020-08-18T17:30:26+00:00","breadcrumb":{"@id":"https:\/\/rioonwatch.org.br\/?p=8249#breadcrumb"},"inLanguage":"pt-BR","potentialAction":[{"@type":"ReadAction","target":["https:\/\/rioonwatch.org.br\/?p=8249"]}]},{"@type":"ImageObject","inLanguage":"pt-BR","@id":"https:\/\/rioonwatch.org.br\/?p=8249#primaryimage","url":"https:\/\/rioonwatch.org.br\/wp-content\/uploads\/2013\/11\/Lideran\u00e7a-do-Quilombo-Sacop\u00e3-apresenta-o-caso-para-antrop\u00f3logo-do-INCRAok-e1439582732681.jpg","contentUrl":"https:\/\/rioonwatch.org.br\/wp-content\/uploads\/2013\/11\/Lideran\u00e7a-do-Quilombo-Sacop\u00e3-apresenta-o-caso-para-antrop\u00f3logo-do-INCRAok-e1439582732681.jpg","width":620,"height":467},{"@type":"BreadcrumbList","@id":"https:\/\/rioonwatch.org.br\/?p=8249#breadcrumb","itemListElement":[{"@type":"ListItem","position":1,"name":"In\u00edcio","item":"https:\/\/rioonwatch.org.br\/"},{"@type":"ListItem","position":2,"name":"Alerta Quilombola: Encontro Discute o Futuro dos Quilombos"}]},{"@type":"WebSite","@id":"https:\/\/rioonwatch.org.br\/#website","url":"https:\/\/rioonwatch.org.br\/","name":"RioOnWatch","description":"relatos das favelas cariocas","publisher":{"@id":"https:\/\/rioonwatch.org.br\/#organization"},"potentialAction":[{"@type":"SearchAction","target":{"@type":"EntryPoint","urlTemplate":"https:\/\/rioonwatch.org.br\/?s={search_term_string}"},"query-input":{"@type":"PropertyValueSpecification","valueRequired":true,"valueName":"search_term_string"}}],"inLanguage":"pt-BR"},{"@type":"Organization","@id":"https:\/\/rioonwatch.org.br\/#organization","name":"RioOnWatch","url":"https:\/\/rioonwatch.org.br\/","logo":{"@type":"ImageObject","inLanguage":"pt-BR","@id":"https:\/\/rioonwatch.org.br\/#\/schema\/logo\/image\/","url":"https:\/\/rioonwatch.org.br\/wp-content\/uploads\/2021\/06\/RioOnWatchcabecalhoPT11anos-2.png","contentUrl":"https:\/\/rioonwatch.org.br\/wp-content\/uploads\/2021\/06\/RioOnWatchcabecalhoPT11anos-2.png","width":779,"height":277,"caption":"RioOnWatch"},"image":{"@id":"https:\/\/rioonwatch.org.br\/#\/schema\/logo\/image\/"}},{"@type":"Person","@id":"https:\/\/rioonwatch.org.br\/#\/schema\/person\/4d05cf5053c358ab740b3edd75a173f2","name":"Felicity","image":{"@type":"ImageObject","inLanguage":"pt-BR","@id":"https:\/\/rioonwatch.org.br\/#\/schema\/person\/image\/","url":"https:\/\/secure.gravatar.com\/avatar\/bfc904486dc0bba6015410a00fe3fc27?s=96&d=blank&r=g","contentUrl":"https:\/\/secure.gravatar.com\/avatar\/bfc904486dc0bba6015410a00fe3fc27?s=96&d=blank&r=g","caption":"Felicity"},"url":"https:\/\/rioonwatch.org.br\/?author=132"}]}},"_links":{"self":[{"href":"https:\/\/rioonwatch.org.br\/index.php?rest_route=\/wp\/v2\/posts\/8249"}],"collection":[{"href":"https:\/\/rioonwatch.org.br\/index.php?rest_route=\/wp\/v2\/posts"}],"about":[{"href":"https:\/\/rioonwatch.org.br\/index.php?rest_route=\/wp\/v2\/types\/post"}],"author":[{"embeddable":true,"href":"https:\/\/rioonwatch.org.br\/index.php?rest_route=\/wp\/v2\/users\/132"}],"replies":[{"embeddable":true,"href":"https:\/\/rioonwatch.org.br\/index.php?rest_route=%2Fwp%2Fv2%2Fcomments&post=8249"}],"version-history":[{"count":48,"href":"https:\/\/rioonwatch.org.br\/index.php?rest_route=\/wp\/v2\/posts\/8249\/revisions"}],"predecessor-version":[{"id":49827,"href":"https:\/\/rioonwatch.org.br\/index.php?rest_route=\/wp\/v2\/posts\/8249\/revisions\/49827"}],"wp:featuredmedia":[{"embeddable":true,"href":"https:\/\/rioonwatch.org.br\/index.php?rest_route=\/wp\/v2\/media\/15780"}],"wp:attachment":[{"href":"https:\/\/rioonwatch.org.br\/index.php?rest_route=%2Fwp%2Fv2%2Fmedia&parent=8249"}],"wp:term":[{"taxonomy":"category","embeddable":true,"href":"https:\/\/rioonwatch.org.br\/index.php?rest_route=%2Fwp%2Fv2%2Fcategories&post=8249"},{"taxonomy":"post_tag","embeddable":true,"href":"https:\/\/rioonwatch.org.br\/index.php?rest_route=%2Fwp%2Fv2%2Ftags&post=8249"},{"taxonomy":"writer","embeddable":true,"href":"https:\/\/rioonwatch.org.br\/index.php?rest_route=%2Fwp%2Fv2%2Fwriter&post=8249"},{"taxonomy":"translator","embeddable":true,"href":"https:\/\/rioonwatch.org.br\/index.php?rest_route=%2Fwp%2Fv2%2Ftranslator&post=8249"},{"taxonomy":"source","embeddable":true,"href":"https:\/\/rioonwatch.org.br\/index.php?rest_route=%2Fwp%2Fv2%2Fsource&post=8249"},{"taxonomy":"ilustrador","embeddable":true,"href":"https:\/\/rioonwatch.org.br\/index.php?rest_route=%2Fwp%2Fv2%2Filustrador&post=8249"},{"taxonomy":"fotografo","embeddable":true,"href":"https:\/\/rioonwatch.org.br\/index.php?rest_route=%2Fwp%2Fv2%2Ffotografo&post=8249"}],"curies":[{"name":"wp","href":"https:\/\/api.w.org\/{rel}","templated":true}]}}