{"id":8299,"date":"2013-11-11T09:00:23","date_gmt":"2013-11-11T12:00:23","guid":{"rendered":"http:\/\/rioonwatch.org.br\/?p=8299"},"modified":"2015-08-14T18:24:43","modified_gmt":"2015-08-14T21:24:43","slug":"professor-da-universidade-de-columbia-nos-eua-pressiona-prefeito-quanto-a-habitacao-acessivel","status":"publish","type":"post","link":"https:\/\/rioonwatch.org.br\/?p=8299","title":{"rendered":"Professor da Universidade de Columbia nos EUA Pressiona Prefeito quanto a Habita\u00e7\u00e3o Acess\u00edvel"},"content":{"rendered":"<p>Mark Wigley, diretor da faculdade de Arquitetura da Universidade de Columbia, em Nova York, defendeu, repetidamente, uma proposta de habita\u00e7\u00e3o mais acess\u00edvel para o Rio de Janeiro, em um debate com o Prefeito Eduardo Paes organizado pela Universidade de Columbia, no Teatro Ipanema no dia 28 de outubro. Cerca de 100 convidados da Universidade de Columbia e do gabinete do prefeito participaram do evento, que foi fechado ao p\u00fablico, mas com transmiss\u00e3o ao vivo on-line para uma audi\u00eancia internacional.<\/p>\n<p>Wigley abriu o evento com uma apresenta\u00e7\u00e3o intitulada &#8220;Generosidade por Design&#8221;, enfatizando a necessidade de criar e promover generosidade nos bairros das grandes cidades. O prefeito usou o debate organizado pelo novo Centro Global da Universidade de Columbia, no Rio de Janeiro, para apresentar seu projeto <a href=\"http:\/\/bit.ly\/UR7rn7\" target=\"_blank\">Porto Maravilha<\/a> de revitaliza\u00e7\u00e3o da \u00e1rea portu\u00e1ria. Ele tamb\u00e9m falou sobre os desafios de sediar as Olimp\u00edadas e a Copa do Mundo dentro de um per\u00edodo de dois anos, e sua vis\u00e3o de uma nova forma de representa\u00e7\u00e3o democr\u00e1tica, que aproveita o poder das m\u00eddias sociais e tecnologia.<\/p>\n<p>A cr\u00edtica central de Wigley a Paes \u00e9 que ele n\u00e3o est\u00e1 priorizando a habita\u00e7\u00e3o acess\u00edvel em seus planos de renova\u00e7\u00e3o da cidade. &#8220;Moradia acess\u00edvel \u00e9 a chave para reduzir a linha \u00f3bvia entre aqueles que t\u00eam e aqueles que n\u00e3o t\u00eam&#8221;, afirmou Wigley, que disse tamb\u00e9m ter imaginado uma zona portu\u00e1ria integrada com habita\u00e7\u00e3o mista que ligasse a primeira favela do Brasil, a <a href=\"http:\/\/bit.ly\/UiTCSh\" target=\"_blank\">Provid\u00eancia<\/a>, com o porto. Durante sua apresenta\u00e7\u00e3o, o prefeito foi enf\u00e1tico em dizer que nenhum dinheiro p\u00fablico seria gasto com a reforma do porto, e que o projeto seria totalmente financiado pelo setor privado. Wigley sugeriu que o prefeito reconsidere esta abordagem e gaste o dinheiro p\u00fablico especificamente para implementa\u00e7\u00e3o de um projeto de habita\u00e7\u00e3o acess\u00edvel.<\/p>\n<p><a href=\"http:\/\/rioonwatch.org.br\/?attachment_id=11970\" rel=\"attachment wp-att-11970\"><img fetchpriority=\"high\" decoding=\"async\" class=\"alignright size-full wp-image-11970\" title=\"Paes fala sobre as favelas do Rio\" src=\"http:\/\/rioonwatch.org\/wp-content\/uploads\/2013\/11\/Paesfavelaslide.jpg\" alt=\"\" width=\"323\" height=\"290\" \/><\/a>O prefeito lembrou do an\u00fancio feito no dia 19 de setembro que <a href=\"http:\/\/bit.ly\/1an8nHt\" target=\"_blank\">2.200 unidades habitacionais seriam constru\u00eddas na \u00e1rea do porto<\/a>, atrav\u00e9s do programa federal de habita\u00e7\u00e3o <a href=\"http:\/\/bit.ly\/Y4U9oJ\" target=\"_blank\">Minha Casa Minha Vida<\/a>, mas queixou-se de que as unidades habitacionais acess\u00edveis sempre acabam sendo compradas dos moradores pobres pelos \u2018meninos ricos\u2019: \u201cE nem adianta vir com leis dizendo que eles n\u00e3o podem vender, porque eles vendem assim mesmo&#8221;, disse ele . Os participantes do programa Minha Casa Minha Vida s\u00e3o legalmente obrigados a n\u00e3o venderem sua propriedade por um per\u00edodo de 20 anos. Apesar disso, Paes disse que &#8220;todo mundo vende&#8221;. Ele reconheceu que seu Assessor Especial para Quest\u00f5es Urbanas, Washington Fajardo, &#8220;diz que h\u00e1 caminhos para controlarmos isso&#8230; mas eu n\u00e3o vi ainda as solu\u00e7\u00f5es&#8221;. Wigley e Paes tamb\u00e9m debateram sobre o papel das favelas na sociedade carioca.<\/p>\n<p>Ambos concordaram que as favelas s\u00e3o parte da solu\u00e7\u00e3o dos problemas da cidade, mas Wigley sugeriu que Paes poderia aprender mais buscando por solu\u00e7\u00f5es dentro das pr\u00f3prias favelas. &#8220;A favela \u00e9 melhor concebida, mais urbana e mais formal do que a cidade formal&#8221;, disse ele, alegando que as favelas s\u00e3o o lugar onde a &#8220;intelig\u00eancia da cidade&#8221; est\u00e1 concentrada. &#8220;Voc\u00ea tem que ser mais inteligente para construir uma sociedade nas ladeiras de um morro, do que para comprar uma casa em um condom\u00ednio fechado&#8221;, disse ele.<\/p>\n<p>Como parte do debate, Wigley e Paes responderam, atrav\u00e9s de v\u00eddeo on-line, a perguntas pr\u00e9-selecionadas de outros <a href=\"http:\/\/bit.ly\/171OpBJ\" target=\"_blank\">Centros Globais da Universidade de Columbia<\/a> em todo o mundo. Uma dessas quest\u00f5es, levantada pelo Centro Global em Mumbai, perguntou como abordar solu\u00e7\u00f5es quando favelas est\u00e3o localizadas em \u2018\u00e1reas nobres\u2019. &#8220;A ideia de que as favelas ocupam \u00e1rea nobre \u00e9 uma abordagem criminal&#8221;, disse Wigley, enfatizando o seu direito de estar l\u00e1 e <a href=\"http:\/\/bit.ly\/GRb6lx\" target=\"_blank\">o direito \u00e0 cidade<\/a>. O prefeito lamentou dizendo que levar servi\u00e7os e infra-estrutura para favelas nessas \u00e1reas leva a <a href=\"http:\/\/bit.ly\/184FqS4\" target=\"_blank\">gentrifica\u00e7\u00e3o<\/a>, como ocorreu no <a href=\"http:\/\/bit.ly\/XuDNKV\" target=\"_blank\">Vidigal<\/a> e <a href=\"http:\/\/bit.ly\/15YFPnL\" target=\"_blank\">Chap\u00e9u Mangueira<\/a>, e disse que \u00e9 uma luta criar habita\u00e7\u00e3o mista no Rio de Janeiro. &#8220;\u00c0s vezes eu desejo ser Fidel Castro para poder for\u00e7ar as pessoas a n\u00e3o vender sua casa e viver l\u00e1 para sempre&#8221;, brincou ele com a plat\u00e9ia.<\/p>\n<p>A habilidade orat\u00f3ria de Paes defendendo o trabalho da sua administra\u00e7\u00e3o estava clara. No entanto, a imagem do Rio e do trabalho da prefeitura que Paes descreveu para uma audi\u00eancia internacional contradiz a experi\u00eancia de muitos \u2018na vida real\u2019. <a href=\"http:\/\/bit.ly\/WClMpp\" target=\"_blank\">Falta de participa\u00e7\u00e3o<\/a>, <a href=\"http:\/\/bit.ly\/X51Qvb\" target=\"_blank\">remo\u00e7\u00f5es for\u00e7adas<\/a>, <a href=\"http:\/\/bit.ly\/15beq1z\" target=\"_blank\">obras p\u00fablicas <\/a><a href=\"http:\/\/bit.ly\/15beq1z\" target=\"_blank\">paralisadas<\/a>\u00a0ou abandonadas\u00a0e servi\u00e7os b\u00e1sicos de m\u00e1 qualidade s\u00e3o todos problemas recorrentes das interven\u00e7\u00f5es feitas pela atual administra\u00e7\u00e3o nas favelas, que t\u00eam sido historicamente, e ainda s\u00e3o a \u00fanica resposta da prefeitura para habita\u00e7\u00e3o a pre\u00e7os acess\u00edveis.<\/p>\n<p>Embora Paes tenha concordado que a melhor abordagem para as favelas \u00e9 trazer os servi\u00e7os p\u00fablicos b\u00e1sicos para o local, ele n\u00e3o fez nenhuma men\u00e7\u00e3o de \u00e2mbito espec\u00edfico de programa ou prazos; um forte contraste com o <a href=\"http:\/\/bit.ly\/YatLKW\" target=\"_blank\">seu TED talk em abril de 2012<\/a>\u00a0em que ele se comprometeu a trazer melhorias para todos as favelas do Rio de Janeiro at\u00e9 2020. O programa a que ele estava se referindo no TED talk, o <a href=\"http:\/\/bit.ly\/104CmUd\" target=\"_blank\">Morar Carioca<\/a>, est\u00e1 paralisado h\u00e1 meses com financiamento reduzido para a fase de planejamento participativo.<\/p>\n<p>O debate foi o primeiro organizado pelo novo Centro Global da Universidade de Columbia, no Rio de Janeiro, a mais recente colabora\u00e7\u00e3o entre a prefeitura e a prestigiosa institui\u00e7\u00e3o nova-iorquina. Paes e Wigley se conheceram em 2009, quando Paes convidou Wigley para lan\u00e7ar outra iniciativa da Universidade de Columbia, o <a href=\"http:\/\/bit.ly\/Zemn4Z\" target=\"_blank\">Studio-X Rio<\/a>, um laborat\u00f3rio de planejamento urbano situado na Pra\u00e7a Tiradentes, que, entre outras iniciativas, est\u00e1 envolvido em trabalhos de consultoria com o Gabinete do Prefeito.<\/p>\n<!-- AddThis Advanced Settings generic via filter on the_content --><!-- AddThis Share Buttons generic via filter on the_content -->","protected":false},"excerpt":{"rendered":"<div class=\"mh-excerpt\"><p>Mark Wigley, diretor da faculdade de Arquitetura da Universidade de Columbia, em Nova York, defendeu, repetidamente, uma proposta de habita\u00e7\u00e3o mais acess\u00edvel para o Rio de Janeiro, em um debate com o Prefeito Eduardo Paes <a class=\"mh-excerpt-more\" href=\"https:\/\/rioonwatch.org.br\/?p=8299\" title=\"Professor da Universidade de Columbia nos EUA Pressiona Prefeito quanto a Habita\u00e7\u00e3o Acess\u00edvel\">[&#8230;]<\/a><!-- AddThis Advanced Settings generic via filter on get_the_excerpt --><!-- AddThis Share Buttons generic via filter on get_the_excerpt --><\/p>\n<\/div>","protected":false},"author":129,"featured_media":8355,"comment_status":"closed","ping_status":"closed","sticky":false,"template":"","format":"standard","meta":{"_acf_changed":false,"_monsterinsights_skip_tracking":false,"_monsterinsights_sitenote_active":false,"_monsterinsights_sitenote_note":"","_monsterinsights_sitenote_category":0,"footnotes":""},"categories":[1617,1618,344,342],"tags":[630,484,395,909,246,270,257,304,838,433,530,493,354],"writer":[906],"translator":[584],"source":[],"ilustrador":[],"fotografo":[],"class_list":{"0":"post-8299","1":"post","2":"type-post","3":"status-publish","4":"format-standard","5":"has-post-thumbnail","7":"category-olhonagentrificacao","8":"category-olhonaparticipacao","9":"category-politicas","10":"category-solucoes","11":"tag-chapeu-mangueira","12":"tag-prefeito-eduardo-paes","13":"tag-gentrificacao-remocao-branca","14":"tag-habitacao-acessivel","15":"tag-minha-casa-minha-vida","16":"tag-morar-carioca","17":"tag-providencia","18":"tag-participacao","19":"tag-politica-publica","20":"tag-porto-maravilha","21":"tag-studio-x","22":"tag-urbanizacao","23":"tag-vidigal","24":"writer-blair-cameron","25":"translator-arianne-reis"},"acf":[],"yoast_head":"<!-- This site is optimized with the Yoast SEO plugin v25.6 - https:\/\/yoast.com\/wordpress\/plugins\/seo\/ -->\n<title>Professor da Universidade de Columbia nos EUA Pressiona Prefeito quanto a Habita\u00e7\u00e3o Acess\u00edvel - RioOnWatch<\/title>\n<meta name=\"robots\" content=\"index, follow, max-snippet:-1, max-image-preview:large, max-video-preview:-1\" \/>\n<link rel=\"canonical\" href=\"https:\/\/rioonwatch.org.br\/?p=8299\" \/>\n<meta property=\"og:locale\" content=\"pt_BR\" \/>\n<meta property=\"og:type\" content=\"article\" \/>\n<meta property=\"og:title\" content=\"Professor da Universidade de Columbia nos EUA Pressiona Prefeito quanto a Habita\u00e7\u00e3o Acess\u00edvel - RioOnWatch\" \/>\n<meta property=\"og:description\" content=\"Mark Wigley, diretor da faculdade de Arquitetura da Universidade de Columbia, em Nova York, defendeu, repetidamente, uma proposta de habita\u00e7\u00e3o mais acess\u00edvel para o Rio de Janeiro, em um debate com o Prefeito Eduardo Paes [...]\" \/>\n<meta property=\"og:url\" content=\"https:\/\/rioonwatch.org.br\/?p=8299\" \/>\n<meta property=\"og:site_name\" content=\"RioOnWatch\" \/>\n<meta property=\"article:published_time\" content=\"2013-11-11T12:00:23+00:00\" \/>\n<meta property=\"article:modified_time\" content=\"2015-08-14T21:24:43+00:00\" \/>\n<meta property=\"og:image\" content=\"https:\/\/rioonwatch.org.br\/wp-content\/uploads\/2013\/11\/PaesWigley-capa.jpg\" \/>\n\t<meta property=\"og:image:width\" content=\"300\" \/>\n\t<meta property=\"og:image:height\" content=\"211\" \/>\n\t<meta property=\"og:image:type\" content=\"image\/jpeg\" \/>\n<meta name=\"author\" content=\"Admin\" \/>\n<meta name=\"twitter:card\" content=\"summary_large_image\" \/>\n<meta name=\"twitter:label1\" content=\"Escrito por\" \/>\n\t<meta name=\"twitter:data1\" content=\"Admin\" \/>\n\t<meta name=\"twitter:label2\" content=\"Est. tempo de leitura\" \/>\n\t<meta name=\"twitter:data2\" content=\"5 minutos\" \/>\n<script type=\"application\/ld+json\" class=\"yoast-schema-graph\">{\"@context\":\"https:\/\/schema.org\",\"@graph\":[{\"@type\":\"Article\",\"@id\":\"https:\/\/rioonwatch.org.br\/?p=8299#article\",\"isPartOf\":{\"@id\":\"https:\/\/rioonwatch.org.br\/?p=8299\"},\"author\":{\"name\":\"Admin\",\"@id\":\"https:\/\/rioonwatch.org.br\/#\/schema\/person\/11d64c290506f9df50c71b850c473f68\"},\"headline\":\"Professor da Universidade de Columbia nos EUA Pressiona Prefeito quanto a Habita\u00e7\u00e3o Acess\u00edvel\",\"datePublished\":\"2013-11-11T12:00:23+00:00\",\"dateModified\":\"2015-08-14T21:24:43+00:00\",\"mainEntityOfPage\":{\"@id\":\"https:\/\/rioonwatch.org.br\/?p=8299\"},\"wordCount\":998,\"publisher\":{\"@id\":\"https:\/\/rioonwatch.org.br\/#organization\"},\"image\":{\"@id\":\"https:\/\/rioonwatch.org.br\/?p=8299#primaryimage\"},\"thumbnailUrl\":\"https:\/\/rioonwatch.org.br\/wp-content\/uploads\/2013\/11\/PaesWigley-capa.jpg\",\"keywords\":[\"Chap\u00e9u Mangueira\",\"Eduardo Paes\",\"gentrifica\u00e7\u00e3o\",\"habita\u00e7\u00e3o acess\u00edvel\",\"Minha Casa Minha Vida\",\"Morar Carioca\",\"Morro da Provid\u00eancia\",\"participa\u00e7\u00e3o\",\"pol\u00edtica p\u00fablica\",\"Porto Maravilha\",\"Studio X\",\"urbaniza\u00e7\u00e3o\",\"Vidigal\"],\"articleSection\":[\"#OlhoNaGentrifica\u00e7\u00e3o\",\"#OlhoNaParticipa\u00e7\u00e3o\",\"Pol\u00edticas\",\"Solu\u00e7\u00f5es\"],\"inLanguage\":\"pt-BR\"},{\"@type\":\"WebPage\",\"@id\":\"https:\/\/rioonwatch.org.br\/?p=8299\",\"url\":\"https:\/\/rioonwatch.org.br\/?p=8299\",\"name\":\"Professor da Universidade de Columbia nos EUA Pressiona Prefeito quanto a Habita\u00e7\u00e3o Acess\u00edvel - RioOnWatch\",\"isPartOf\":{\"@id\":\"https:\/\/rioonwatch.org.br\/#website\"},\"primaryImageOfPage\":{\"@id\":\"https:\/\/rioonwatch.org.br\/?p=8299#primaryimage\"},\"image\":{\"@id\":\"https:\/\/rioonwatch.org.br\/?p=8299#primaryimage\"},\"thumbnailUrl\":\"https:\/\/rioonwatch.org.br\/wp-content\/uploads\/2013\/11\/PaesWigley-capa.jpg\",\"datePublished\":\"2013-11-11T12:00:23+00:00\",\"dateModified\":\"2015-08-14T21:24:43+00:00\",\"breadcrumb\":{\"@id\":\"https:\/\/rioonwatch.org.br\/?p=8299#breadcrumb\"},\"inLanguage\":\"pt-BR\",\"potentialAction\":[{\"@type\":\"ReadAction\",\"target\":[\"https:\/\/rioonwatch.org.br\/?p=8299\"]}]},{\"@type\":\"ImageObject\",\"inLanguage\":\"pt-BR\",\"@id\":\"https:\/\/rioonwatch.org.br\/?p=8299#primaryimage\",\"url\":\"https:\/\/rioonwatch.org.br\/wp-content\/uploads\/2013\/11\/PaesWigley-capa.jpg\",\"contentUrl\":\"https:\/\/rioonwatch.org.br\/wp-content\/uploads\/2013\/11\/PaesWigley-capa.jpg\",\"width\":300,\"height\":211},{\"@type\":\"BreadcrumbList\",\"@id\":\"https:\/\/rioonwatch.org.br\/?p=8299#breadcrumb\",\"itemListElement\":[{\"@type\":\"ListItem\",\"position\":1,\"name\":\"In\u00edcio\",\"item\":\"https:\/\/rioonwatch.org.br\/\"},{\"@type\":\"ListItem\",\"position\":2,\"name\":\"Professor da Universidade de Columbia nos EUA Pressiona Prefeito quanto a Habita\u00e7\u00e3o Acess\u00edvel\"}]},{\"@type\":\"WebSite\",\"@id\":\"https:\/\/rioonwatch.org.br\/#website\",\"url\":\"https:\/\/rioonwatch.org.br\/\",\"name\":\"RioOnWatch\",\"description\":\"relatos das favelas cariocas\",\"publisher\":{\"@id\":\"https:\/\/rioonwatch.org.br\/#organization\"},\"potentialAction\":[{\"@type\":\"SearchAction\",\"target\":{\"@type\":\"EntryPoint\",\"urlTemplate\":\"https:\/\/rioonwatch.org.br\/?s={search_term_string}\"},\"query-input\":{\"@type\":\"PropertyValueSpecification\",\"valueRequired\":true,\"valueName\":\"search_term_string\"}}],\"inLanguage\":\"pt-BR\"},{\"@type\":\"Organization\",\"@id\":\"https:\/\/rioonwatch.org.br\/#organization\",\"name\":\"RioOnWatch\",\"url\":\"https:\/\/rioonwatch.org.br\/\",\"logo\":{\"@type\":\"ImageObject\",\"inLanguage\":\"pt-BR\",\"@id\":\"https:\/\/rioonwatch.org.br\/#\/schema\/logo\/image\/\",\"url\":\"https:\/\/rioonwatch.org.br\/wp-content\/uploads\/2021\/06\/RioOnWatchcabecalhoPT11anos-2.png\",\"contentUrl\":\"https:\/\/rioonwatch.org.br\/wp-content\/uploads\/2021\/06\/RioOnWatchcabecalhoPT11anos-2.png\",\"width\":779,\"height\":277,\"caption\":\"RioOnWatch\"},\"image\":{\"@id\":\"https:\/\/rioonwatch.org.br\/#\/schema\/logo\/image\/\"}},{\"@type\":\"Person\",\"@id\":\"https:\/\/rioonwatch.org.br\/#\/schema\/person\/11d64c290506f9df50c71b850c473f68\",\"name\":\"Admin\",\"image\":{\"@type\":\"ImageObject\",\"inLanguage\":\"pt-BR\",\"@id\":\"https:\/\/rioonwatch.org.br\/#\/schema\/person\/image\/\",\"url\":\"https:\/\/secure.gravatar.com\/avatar\/56211ac74568383903349a1485e3c325?s=96&d=blank&r=g\",\"contentUrl\":\"https:\/\/secure.gravatar.com\/avatar\/56211ac74568383903349a1485e3c325?s=96&d=blank&r=g\",\"caption\":\"Admin\"},\"url\":\"https:\/\/rioonwatch.org.br\/?author=129\"}]}<\/script>\n<!-- \/ Yoast SEO plugin. -->","yoast_head_json":{"title":"Professor da Universidade de Columbia nos EUA Pressiona Prefeito quanto a Habita\u00e7\u00e3o Acess\u00edvel - RioOnWatch","robots":{"index":"index","follow":"follow","max-snippet":"max-snippet:-1","max-image-preview":"max-image-preview:large","max-video-preview":"max-video-preview:-1"},"canonical":"https:\/\/rioonwatch.org.br\/?p=8299","og_locale":"pt_BR","og_type":"article","og_title":"Professor da Universidade de Columbia nos EUA Pressiona Prefeito quanto a Habita\u00e7\u00e3o Acess\u00edvel - RioOnWatch","og_description":"Mark Wigley, diretor da faculdade de Arquitetura da Universidade de Columbia, em Nova York, defendeu, repetidamente, uma proposta de habita\u00e7\u00e3o mais acess\u00edvel para o Rio de Janeiro, em um debate com o Prefeito Eduardo Paes [...]","og_url":"https:\/\/rioonwatch.org.br\/?p=8299","og_site_name":"RioOnWatch","article_published_time":"2013-11-11T12:00:23+00:00","article_modified_time":"2015-08-14T21:24:43+00:00","og_image":[{"width":300,"height":211,"url":"https:\/\/rioonwatch.org.br\/wp-content\/uploads\/2013\/11\/PaesWigley-capa.jpg","type":"image\/jpeg"}],"author":"Admin","twitter_card":"summary_large_image","twitter_misc":{"Escrito por":"Admin","Est. tempo de leitura":"5 minutos"},"schema":{"@context":"https:\/\/schema.org","@graph":[{"@type":"Article","@id":"https:\/\/rioonwatch.org.br\/?p=8299#article","isPartOf":{"@id":"https:\/\/rioonwatch.org.br\/?p=8299"},"author":{"name":"Admin","@id":"https:\/\/rioonwatch.org.br\/#\/schema\/person\/11d64c290506f9df50c71b850c473f68"},"headline":"Professor da Universidade de Columbia nos EUA Pressiona Prefeito quanto a Habita\u00e7\u00e3o Acess\u00edvel","datePublished":"2013-11-11T12:00:23+00:00","dateModified":"2015-08-14T21:24:43+00:00","mainEntityOfPage":{"@id":"https:\/\/rioonwatch.org.br\/?p=8299"},"wordCount":998,"publisher":{"@id":"https:\/\/rioonwatch.org.br\/#organization"},"image":{"@id":"https:\/\/rioonwatch.org.br\/?p=8299#primaryimage"},"thumbnailUrl":"https:\/\/rioonwatch.org.br\/wp-content\/uploads\/2013\/11\/PaesWigley-capa.jpg","keywords":["Chap\u00e9u Mangueira","Eduardo Paes","gentrifica\u00e7\u00e3o","habita\u00e7\u00e3o acess\u00edvel","Minha Casa Minha Vida","Morar Carioca","Morro da Provid\u00eancia","participa\u00e7\u00e3o","pol\u00edtica p\u00fablica","Porto Maravilha","Studio X","urbaniza\u00e7\u00e3o","Vidigal"],"articleSection":["#OlhoNaGentrifica\u00e7\u00e3o","#OlhoNaParticipa\u00e7\u00e3o","Pol\u00edticas","Solu\u00e7\u00f5es"],"inLanguage":"pt-BR"},{"@type":"WebPage","@id":"https:\/\/rioonwatch.org.br\/?p=8299","url":"https:\/\/rioonwatch.org.br\/?p=8299","name":"Professor da Universidade de Columbia nos EUA Pressiona Prefeito quanto a Habita\u00e7\u00e3o Acess\u00edvel - RioOnWatch","isPartOf":{"@id":"https:\/\/rioonwatch.org.br\/#website"},"primaryImageOfPage":{"@id":"https:\/\/rioonwatch.org.br\/?p=8299#primaryimage"},"image":{"@id":"https:\/\/rioonwatch.org.br\/?p=8299#primaryimage"},"thumbnailUrl":"https:\/\/rioonwatch.org.br\/wp-content\/uploads\/2013\/11\/PaesWigley-capa.jpg","datePublished":"2013-11-11T12:00:23+00:00","dateModified":"2015-08-14T21:24:43+00:00","breadcrumb":{"@id":"https:\/\/rioonwatch.org.br\/?p=8299#breadcrumb"},"inLanguage":"pt-BR","potentialAction":[{"@type":"ReadAction","target":["https:\/\/rioonwatch.org.br\/?p=8299"]}]},{"@type":"ImageObject","inLanguage":"pt-BR","@id":"https:\/\/rioonwatch.org.br\/?p=8299#primaryimage","url":"https:\/\/rioonwatch.org.br\/wp-content\/uploads\/2013\/11\/PaesWigley-capa.jpg","contentUrl":"https:\/\/rioonwatch.org.br\/wp-content\/uploads\/2013\/11\/PaesWigley-capa.jpg","width":300,"height":211},{"@type":"BreadcrumbList","@id":"https:\/\/rioonwatch.org.br\/?p=8299#breadcrumb","itemListElement":[{"@type":"ListItem","position":1,"name":"In\u00edcio","item":"https:\/\/rioonwatch.org.br\/"},{"@type":"ListItem","position":2,"name":"Professor da Universidade de Columbia nos EUA Pressiona Prefeito quanto a Habita\u00e7\u00e3o Acess\u00edvel"}]},{"@type":"WebSite","@id":"https:\/\/rioonwatch.org.br\/#website","url":"https:\/\/rioonwatch.org.br\/","name":"RioOnWatch","description":"relatos das favelas cariocas","publisher":{"@id":"https:\/\/rioonwatch.org.br\/#organization"},"potentialAction":[{"@type":"SearchAction","target":{"@type":"EntryPoint","urlTemplate":"https:\/\/rioonwatch.org.br\/?s={search_term_string}"},"query-input":{"@type":"PropertyValueSpecification","valueRequired":true,"valueName":"search_term_string"}}],"inLanguage":"pt-BR"},{"@type":"Organization","@id":"https:\/\/rioonwatch.org.br\/#organization","name":"RioOnWatch","url":"https:\/\/rioonwatch.org.br\/","logo":{"@type":"ImageObject","inLanguage":"pt-BR","@id":"https:\/\/rioonwatch.org.br\/#\/schema\/logo\/image\/","url":"https:\/\/rioonwatch.org.br\/wp-content\/uploads\/2021\/06\/RioOnWatchcabecalhoPT11anos-2.png","contentUrl":"https:\/\/rioonwatch.org.br\/wp-content\/uploads\/2021\/06\/RioOnWatchcabecalhoPT11anos-2.png","width":779,"height":277,"caption":"RioOnWatch"},"image":{"@id":"https:\/\/rioonwatch.org.br\/#\/schema\/logo\/image\/"}},{"@type":"Person","@id":"https:\/\/rioonwatch.org.br\/#\/schema\/person\/11d64c290506f9df50c71b850c473f68","name":"Admin","image":{"@type":"ImageObject","inLanguage":"pt-BR","@id":"https:\/\/rioonwatch.org.br\/#\/schema\/person\/image\/","url":"https:\/\/secure.gravatar.com\/avatar\/56211ac74568383903349a1485e3c325?s=96&d=blank&r=g","contentUrl":"https:\/\/secure.gravatar.com\/avatar\/56211ac74568383903349a1485e3c325?s=96&d=blank&r=g","caption":"Admin"},"url":"https:\/\/rioonwatch.org.br\/?author=129"}]}},"_links":{"self":[{"href":"https:\/\/rioonwatch.org.br\/index.php?rest_route=\/wp\/v2\/posts\/8299"}],"collection":[{"href":"https:\/\/rioonwatch.org.br\/index.php?rest_route=\/wp\/v2\/posts"}],"about":[{"href":"https:\/\/rioonwatch.org.br\/index.php?rest_route=\/wp\/v2\/types\/post"}],"author":[{"embeddable":true,"href":"https:\/\/rioonwatch.org.br\/index.php?rest_route=\/wp\/v2\/users\/129"}],"replies":[{"embeddable":true,"href":"https:\/\/rioonwatch.org.br\/index.php?rest_route=%2Fwp%2Fv2%2Fcomments&post=8299"}],"version-history":[{"count":69,"href":"https:\/\/rioonwatch.org.br\/index.php?rest_route=\/wp\/v2\/posts\/8299\/revisions"}],"predecessor-version":[{"id":15594,"href":"https:\/\/rioonwatch.org.br\/index.php?rest_route=\/wp\/v2\/posts\/8299\/revisions\/15594"}],"wp:featuredmedia":[{"embeddable":true,"href":"https:\/\/rioonwatch.org.br\/index.php?rest_route=\/wp\/v2\/media\/8355"}],"wp:attachment":[{"href":"https:\/\/rioonwatch.org.br\/index.php?rest_route=%2Fwp%2Fv2%2Fmedia&parent=8299"}],"wp:term":[{"taxonomy":"category","embeddable":true,"href":"https:\/\/rioonwatch.org.br\/index.php?rest_route=%2Fwp%2Fv2%2Fcategories&post=8299"},{"taxonomy":"post_tag","embeddable":true,"href":"https:\/\/rioonwatch.org.br\/index.php?rest_route=%2Fwp%2Fv2%2Ftags&post=8299"},{"taxonomy":"writer","embeddable":true,"href":"https:\/\/rioonwatch.org.br\/index.php?rest_route=%2Fwp%2Fv2%2Fwriter&post=8299"},{"taxonomy":"translator","embeddable":true,"href":"https:\/\/rioonwatch.org.br\/index.php?rest_route=%2Fwp%2Fv2%2Ftranslator&post=8299"},{"taxonomy":"source","embeddable":true,"href":"https:\/\/rioonwatch.org.br\/index.php?rest_route=%2Fwp%2Fv2%2Fsource&post=8299"},{"taxonomy":"ilustrador","embeddable":true,"href":"https:\/\/rioonwatch.org.br\/index.php?rest_route=%2Fwp%2Fv2%2Filustrador&post=8299"},{"taxonomy":"fotografo","embeddable":true,"href":"https:\/\/rioonwatch.org.br\/index.php?rest_route=%2Fwp%2Fv2%2Ffotografo&post=8299"}],"curies":[{"name":"wp","href":"https:\/\/api.w.org\/{rel}","templated":true}]}}