{"id":83294,"date":"2026-08-30T05:42:30","date_gmt":"2026-08-30T08:42:30","guid":{"rendered":"https:\/\/rioonwatch.org.br\/?p=83294"},"modified":"2026-09-06T05:59:21","modified_gmt":"2026-09-06T08:59:21","slug":"a-nuvem-tem-endereco-data-centers-colocam-agua-energia-e-territorio-no-centro-do-debate-no-rio","status":"publish","type":"post","link":"https:\/\/rioonwatch.org.br\/?p=83294","title":{"rendered":"A &#8216;Nuvem&#8217; Tem Endere\u00e7o: Data Centers Colocam \u00c1gua, Energia e Territ\u00f3rio no Centro do Debate no Rio"},"content":{"rendered":"<figure id=\"attachment_83360\" aria-describedby=\"caption-attachment-83360\" style=\"width: 2364px\" class=\"wp-caption aligncenter\"><a href=\"https:\/\/rioonwatch.org.br\/wp-content\/uploads\/2026\/09\/Rio-AI-City-se-diz-sustentavel.jpg\"><img fetchpriority=\"high\" decoding=\"async\" class=\"wp-image-83360 size-full\" title=\"O projeto Rio AI City se diz sustent\u00e1vel: &quot;uma abordagem fundamentada na realidade local transforma o data center em um campus aberto e multifuncional, que reflete a din\u00e2mica cultura carioca, a forte identidade local e a riqueza ambiental do Brasil&quot;, segundo Hyphen, est\u00fadio de arquitetura internacional que desenvolveu o projeto.\" src=\"https:\/\/rioonwatch.org.br\/wp-content\/uploads\/2026\/09\/Rio-AI-City-se-diz-sustentavel.jpg\" alt=\"O projeto Rio AI City se diz sustent\u00e1vel: &quot;uma abordagem fundamentada na realidade local transforma o data center em um campus aberto e multifuncional, que reflete a din\u00e2mica cultura carioca, a forte identidade local e a riqueza ambiental do Brasil&quot;, segundo Hyphen, est\u00fadio de arquitetura internacional que desenvolveu o projeto.\" width=\"2364\" height=\"1329\" srcset=\"https:\/\/rioonwatch.org.br\/wp-content\/uploads\/2026\/09\/Rio-AI-City-se-diz-sustentavel.jpg 2364w, https:\/\/rioonwatch.org.br\/wp-content\/uploads\/2026\/09\/Rio-AI-City-se-diz-sustentavel-620x349.jpg 620w, https:\/\/rioonwatch.org.br\/wp-content\/uploads\/2026\/09\/Rio-AI-City-se-diz-sustentavel-768x432.jpg 768w, https:\/\/rioonwatch.org.br\/wp-content\/uploads\/2026\/09\/Rio-AI-City-se-diz-sustentavel-1536x864.jpg 1536w, https:\/\/rioonwatch.org.br\/wp-content\/uploads\/2026\/09\/Rio-AI-City-se-diz-sustentavel-2048x1151.jpg 2048w, https:\/\/rioonwatch.org.br\/wp-content\/uploads\/2026\/09\/Rio-AI-City-se-diz-sustentavel-678x381.jpg 678w\" sizes=\"(max-width: 2364px) 100vw, 2364px\" \/><\/a><figcaption id=\"caption-attachment-83360\" class=\"wp-caption-text\">O projeto Rio AI City se diz sustent\u00e1vel: &#8220;uma abordagem fundamentada na realidade local transforma o data center em um campus aberto e multifuncional, que reflete a din\u00e2mica cultura carioca, a forte identidade local e a riqueza ambiental do Brasil&#8221;, <a href=\"https:\/\/www.dezeen.com\/2026\/06\/08\/rio-ai-city-hyphen-elea-latin-americas-largest-data-center\/\">segundo Hyphen<\/a>, est\u00fadio de arquitetura internacional que desenvolveu o projeto.<\/figcaption><\/figure>\n<p><i>Esta mat\u00e9ria faz parte da nossa s\u00e9rie que reflete sobre os impactos dos megaeventos no Rio de Janeiro\u00a0<\/i><a href=\"https:\/\/rioonwatch.org.br\/?cat=2051\" target=\"_blank\" rel=\"noopener\"><i>10 anos ap\u00f3s os Jogos Ol\u00edmpicos Rio2016<\/i><\/a><i>.<\/i><\/p>\n<p><span style=\"font-weight: 400;\">Enquanto avan\u00e7a o<\/span> <a href=\"https:\/\/bit.ly\/4mp4Zch\" target=\"_blank\" rel=\"noopener\">Rio AI City<\/a>, complexo de data centers previsto a ser o <a href=\"https:\/\/www.dezeen.com\/2026\/06\/08\/rio-ai-city-hyphen-elea-latin-americas-largest-data-center\/\">maior da Am\u00e9rica Latina<\/a>, desenvolvido pela <a href=\"https:\/\/bit.ly\/4yo1gRi\" target=\"_blank\" rel=\"noopener\">Elea Data Centers<\/a>, <a href=\"https:\/\/bit.ly\/4qTdcb3\" target=\"_blank\" rel=\"noopener\">com a Prefeitura<\/a> do Rio<span style=\"font-weight: 400;\">, na regi\u00e3o do Parque Ol\u00edmpico, a popula\u00e7\u00e3o se v\u00ea tendo que debater o projeto sem oportunidades de di\u00e1logo e entendimento com a Prefeitura. <a href=\"https:\/\/www.dezeen.com\/2026\/06\/08\/rio-ai-city-hyphen-elea-latin-americas-largest-data-center\/\">Dito<\/a> &#8220;um dos primeiros distritos sustent\u00e1veis de IA&#8221; no mundo, a empresa declara capacidade energ\u00e9tica inicial de 1,5 GW, com o RJO1 em opera\u00e7\u00e3o e o RJO2 em constru\u00e7\u00e3o, e afirma que o projeto utilizar\u00e1 sistemas de refrigera\u00e7\u00e3o sem uso de \u00e1gua. <\/span>Mas ser\u00e1 que um projeto deste porte n\u00e3o gerar\u00e1 custos para a popula\u00e7\u00e3o?<\/p>\n<p><span style=\"font-size: 16px;\">A chamada \u201cnuvem\u201d, a rede global de servidores que armazenam, gerenciam e processam todos os nossos dados na internet, depende de uma infraestrutura que ocupa espa\u00e7os f\u00edsicos: edif\u00edcios, servidores, cabos, subesta\u00e7\u00f5es, sistemas de refrigera\u00e7\u00e3o e fornecimento cont\u00ednuo de eletricidade. <\/span><\/p>\n<p><span style=\"font-weight: 400;\">O que essa base f\u00edsica pode significar para a \u00e1gua, a energia e os territ\u00f3rios brasileiros esteve no centro da roda de conversa <\/span><span style=\"font-weight: 400;\">\u201c<\/span><a href=\"https:\/\/bit.ly\/4xbZRwb\" target=\"_blank\" rel=\"noopener\"><span style=\"font-weight: 400;\">Impactos dos Data Centers na Seguran\u00e7a H\u00eddrica do Brasil<\/span><\/a><span style=\"font-weight: 400;\">\u201d<\/span><span style=\"font-weight: 400;\">, realizada em 25 de agosto, no Centro de Ci\u00eancias Jur\u00eddicas e Pol\u00edticas da Universidade Federal do Estado do Rio de Janeiro (UniRio), em <a href=\"https:\/\/bit.ly\/3rNV2er\" target=\"_blank\" rel=\"noopener\">Botafogo<\/a>.\u00a0<\/span><span style=\"font-weight: 400;\">O encontro reuniu Maria das Gra\u00e7as, do grupo de pesquisa Estado, Grupos Econ\u00f4micos e Pol\u00edticas P\u00fablicas (<\/span><span style=\"font-weight: 400;\">ECOPOL), vinculado ao N\u00facleo de Estudos e Pesquisas em Lutas Sociais (NELUTAS) da UniRio<\/span><span style=\"font-weight: 400;\">; Fabrina Furtado, professora do Programa de P\u00f3s-Gradua\u00e7\u00e3o de Ci\u00eancias Sociais em Desenvolvimento, Agricultura e Sociedade (<\/span><span style=\"font-weight: 400;\">CPDA) da Universidade Federal Rural do Rio de Janeiro (<a href=\"https:\/\/bit.ly\/36D8IMt\" target=\"_blank\" rel=\"noopener\">UFRRJ<\/a>)<\/span><span style=\"font-weight: 400;\">; e Sandra Quintela, economista e integrante da coordena\u00e7\u00e3o da<\/span> <a href=\"https:\/\/bit.ly\/4xEf0r6\" target=\"_blank\" rel=\"noopener\">Rede Jubileu Sul Brasil<\/a><span style=\"font-weight: 400;\">. A media\u00e7\u00e3o foi de Jo\u00e3o Roberto Lopes Pinto, professor da Escola de Ci\u00eancia Pol\u00edtica da UniRio e coordenador do ECOPOL\/NELUTAS. A atividade foi promovida pela<\/span> <a href=\"https:\/\/bit.ly\/4xyD9zb\" target=\"_blank\" rel=\"noopener\"><span style=\"font-weight: 400;\">Rede de Vigil\u00e2ncia Popular em Saneamento e Sa\u00fade<\/span><\/a><span style=\"font-weight: 400;\"> e pelo<\/span> <a href=\"https:\/\/bit.ly\/4AdKRRd\" target=\"_blank\" rel=\"noopener\"><span style=\"font-weight: 400;\">Grito dos Exclu\u00eddos e Exclu\u00eddas<\/span><\/a><span style=\"font-weight: 400;\">.<\/span><\/p>\n<p><span style=\"font-weight: 400;\">A roda discutiu a infraestrutura f\u00edsica adicional significativa que se faz necess\u00e1ria hoje a partir do crescimento da intelig\u00eancia artificial e seus poss\u00edveis <a href=\"https:\/\/bit.ly\/ROWEditorialDataCenter\" target=\"_blank\" rel=\"noopener\">efeitos sobre recursos e comunidades<\/a>, especialmente em territ\u00f3rios que historicamente sofrem com\u00a0<a href=\"https:\/\/bit.ly\/4tm3duY\" target=\"_blank\" rel=\"noopener\">falta d\u2019\u00e1gua<\/a>, de <a href=\"https:\/\/bit.ly\/EEnoROW\" target=\"_blank\" rel=\"noopener\">energia<\/a> e de <a href=\"https:\/\/bit.ly\/3dFyDes\" target=\"_blank\" rel=\"noopener\">moradia<\/a>.<\/span><\/p>\n<figure id=\"attachment_83356\" aria-describedby=\"caption-attachment-83356\" style=\"width: 1270px\" class=\"wp-caption aligncenter\"><a href=\"https:\/\/rioonwatch.org.br\/wp-content\/uploads\/2026\/09\/Roda-sobre-Impacto-dos-Data-Centers.png\"><img decoding=\"async\" class=\"wp-image-83356 size-full\" title=\"Roda de conversa 'Impactos dos Data Centers na Seguran\u00e7a H\u00eddrica do Brasil', em 25 de agosto, no Centro de Ci\u00eancias Jur\u00eddicas e Pol\u00edticas da Universidade Federal do Estado do Rio de Janeiro (UniRio), em Botafogo. Foto: Felipe Migliani\" src=\"https:\/\/rioonwatch.org.br\/wp-content\/uploads\/2026\/09\/Roda-sobre-Impacto-dos-Data-Centers.png\" alt=\"Roda de conversa 'Impactos dos Data Centers na Seguran\u00e7a H\u00eddrica do Brasil', em 25 de agosto, no Centro de Ci\u00eancias Jur\u00eddicas e Pol\u00edticas da Universidade Federal do Estado do Rio de Janeiro (UniRio), em Botafogo. Foto: Felipe Migliani\" width=\"1270\" height=\"622\" srcset=\"https:\/\/rioonwatch.org.br\/wp-content\/uploads\/2026\/09\/Roda-sobre-Impacto-dos-Data-Centers.png 1270w, https:\/\/rioonwatch.org.br\/wp-content\/uploads\/2026\/09\/Roda-sobre-Impacto-dos-Data-Centers-620x304.png 620w, https:\/\/rioonwatch.org.br\/wp-content\/uploads\/2026\/09\/Roda-sobre-Impacto-dos-Data-Centers-768x376.png 768w\" sizes=\"(max-width: 1270px) 100vw, 1270px\" \/><\/a><figcaption id=\"caption-attachment-83356\" class=\"wp-caption-text\">Roda de conversa &#8216;Impactos dos Data Centers na Seguran\u00e7a H\u00eddrica do Brasil&#8217;, em 25 de agosto, no Centro de Ci\u00eancias Jur\u00eddicas e Pol\u00edticas da Universidade Federal do Estado do Rio de Janeiro (UniRio), em Botafogo. Foto: Felipe Migliani<\/figcaption><\/figure>\n<p>Foi justamente a ideia de uma tecnologia aparentemente imaterial que abriu a discuss\u00e3o. Maria das Gra\u00e7as apresentou resultados de uma investiga\u00e7\u00e3o sobre a \u201cmaterialidade da nuvem\u201d e comparou os data centers a um \u201cch\u00e3o de f\u00e1brica digital\u201d<span style=\"font-weight: 400;\">: estruturas altamente automatizadas, com servidores em opera\u00e7\u00e3o cont\u00ednua e necessidade permanente de dissipar o calor gerado pelo processamento.<\/span><\/p>\n<p><span style=\"font-weight: 400;\">Na avalia\u00e7\u00e3o apresentada por ela, o Estado n\u00e3o aparece apenas como regulador. Pol\u00edticas federais, estaduais e municipais v\u00eam criando incentivos, regras e infraestrutura para atrair grandes empreendimentos. Maria questionou quais estudos pr\u00e9vios, contrapartidas sociais e garantias ambientais acompanham esse processo.<\/span><\/p>\n<p><span style=\"font-weight: 400;\">Ao trazer o debate para o Rio, ela contrap\u00f4s a necessidade de continuidade operacional dessas instala\u00e7\u00f5es \u00e0 realidade de territ\u00f3rios que convivem com <a href=\"https:\/\/bit.ly\/3VSW9pf\" target=\"_blank\" rel=\"noopener\">falhas de abastecimento<\/a> e <a href=\"https:\/\/bit.ly\/4jP2eOJ\" target=\"_blank\" rel=\"noopener\">saneamento<\/a>. Para a pesquisadora, a quest\u00e3o n\u00e3o se limita \u00e0 tecnologia adotada dentro dos pr\u00e9dios, mas envolve tamb\u00e9m as prioridades estabelecidas no uso da infraestrutura p\u00fablica e dos recursos.<\/span><\/p>\n<blockquote><p>\u201cA nuvem n\u00e3o est\u00e1 no c\u00e9u, est\u00e1 nos territ\u00f3rios.\u201d \u2014 Fabrina Furtado<\/p><\/blockquote>\n<p><span style=\"font-weight: 400;\">Segundo a pesquisadora da UFRRJ, olhar apenas para o consumo direto de \u00e1gua de um data center pode deixar de fora outras etapas da cadeia que sustentam a infraestrutura digital.<\/span><\/p>\n<p><span style=\"font-weight: 400;\">Ela citou a gera\u00e7\u00e3o de eletricidade, a fabrica\u00e7\u00e3o de equipamentos, a <a href=\"https:\/\/bit.ly\/4xFuUS0\" target=\"_blank\" rel=\"noopener\">extra\u00e7\u00e3o de minerais<\/a>, a constru\u00e7\u00e3o e a manuten\u00e7\u00e3o dos centros de dados. A pergunta, portanto, n\u00e3o seria apenas \u201cquanta \u00e1gua\u201d uma instala\u00e7\u00e3o utiliza, mas (de) onde e de que forma os recursos necess\u00e1rios \u00e0 opera\u00e7\u00e3o s\u00e3o mobilizados e quais popula\u00e7\u00f5es convivem com esses processos.<\/span><\/p>\n<p><span style=\"font-weight: 400;\">A professora tamb\u00e9m <a href=\"https:\/\/bit.ly\/4h7c54a\" target=\"_blank\" rel=\"noopener\">questionou o uso de classifica\u00e7\u00f5es como \u201cverde\u201d ou \u201csustent\u00e1vel\u201d<\/a> de forma isolada. O uso de eletricidade de fonte renov\u00e1vel ou de tecnologias mais eficientes, afirmou, n\u00e3o elimina a necessidade de observar como a infraestrutura energ\u00e9tica foi produzida e quais conflitos territoriais podem acompanh\u00e1-la.<\/span><\/p>\n<p>O <a href=\"https:\/\/bit.ly\/4zZa1Tu\" target=\"_blank\" rel=\"noopener\">Cear\u00e1<\/a> apareceu como exemplo concreto. O <a href=\"https:\/\/bit.ly\/3UzqPQE\" target=\"_blank\" rel=\"noopener\">Data Center Pec\u00e9m<\/a>, em Caucaia, regi\u00e3o metropolitana de <a href=\"https:\/\/bit.ly\/4xDL7qE\" target=\"_blank\" rel=\"noopener\">Fortaleza<\/a>, integra um projeto associado \u00e0 ByteDance, controladora do TikTok. Em maio, o Minist\u00e9rio P\u00fablico Federal (<a href=\"https:\/\/bit.ly\/3804IrX\" target=\"_blank\" rel=\"noopener\">MPF<\/a>) e a Defensoria P\u00fablica da Uni\u00e3o (<a href=\"https:\/\/bit.ly\/2F6okiw\" target=\"_blank\" rel=\"noopener\">DPU<\/a>) recomendaram adequa\u00e7\u00f5es no licenciamento ambiental antes do in\u00edcio da opera\u00e7\u00e3o. Os \u00f3rg\u00e3os apontaram fragilidades na avalia\u00e7\u00e3o ambiental, cobraram consulta ao povo ind\u00edgena <a href=\"https:\/\/bit.ly\/4qQRTXs\" target=\"_blank\" rel=\"noopener\">Anac\u00e9<\/a>, a outras comunidades tradicionais e pediram refor\u00e7o no monitoramento h\u00eddrico, energ\u00e9tico, arqueol\u00f3gico e socioambiental.<\/p>\n<p>Para Fabrina, casos como o de Caucaia lembram que grandes empreendimentos n\u00e3o chegam a \u201cterrit\u00f3rios vazios\u201d. Eles se instalam em lugares onde j\u00e1 existem comunidades, modos de vida, outras infraestruturas e conflitos anteriores.<\/p>\n<p>Sandra Quintela ampliou o debate para efeitos percebidos por moradores no entorno de grandes instala\u00e7\u00f5es. Al\u00e9m de \u00e1gua e energia, citou <a href=\"https:\/\/bit.ly\/3VbA61n\" target=\"_blank\" rel=\"noopener\">uso do solo<\/a>, <a href=\"https:\/\/bit.ly\/4xCin1L\" target=\"_blank\" rel=\"noopener\">planejamento urbano<\/a>, <a href=\"https:\/\/bit.ly\/4qUeumc\" target=\"_blank\" rel=\"noopener\">ru\u00eddo<\/a>, <a href=\"https:\/\/bit.ly\/4zW6Lba\" target=\"_blank\" rel=\"noopener\">vibra\u00e7\u00e3o<\/a>, <a href=\"https:\/\/bit.ly\/4xGoYYW\" target=\"_blank\" rel=\"noopener\">lixo eletr\u00f4nico<\/a> e <a href=\"https:\/\/bit.ly\/3UzX9Tr\" target=\"_blank\" rel=\"noopener\">qualidade de vida<\/a>. Segundo ela, essas dimens\u00f5es tendem a ser discutidas e fiscalizadas por setores distintos do poder p\u00fablico, sem uma avalia\u00e7\u00e3o integrada dos efeitos cumulativos.<\/p>\n<figure id=\"attachment_83358\" aria-describedby=\"caption-attachment-83358\" style=\"width: 1260px\" class=\"wp-caption aligncenter\"><a href=\"https:\/\/rioonwatch.org.br\/wp-content\/uploads\/2026\/09\/Apresentacao-data-center.png\"><img decoding=\"async\" class=\"wp-image-83358 size-full\" title=\"Durante a atividade, foram apresentados casos de expans\u00e3o de data centers e conflitos relacionados \u00e0 infraestrutura, recursos naturais e territ\u00f3rios. Foto: Felipe Migliani\" src=\"https:\/\/rioonwatch.org.br\/wp-content\/uploads\/2026\/09\/Apresentacao-data-center.png\" alt=\"Durante a atividade, foram apresentados casos de expans\u00e3o de data centers e conflitos relacionados \u00e0 infraestrutura, recursos naturais e territ\u00f3rios. Foto: Felipe Migliani\" width=\"1260\" height=\"609\" srcset=\"https:\/\/rioonwatch.org.br\/wp-content\/uploads\/2026\/09\/Apresentacao-data-center.png 1260w, https:\/\/rioonwatch.org.br\/wp-content\/uploads\/2026\/09\/Apresentacao-data-center-620x300.png 620w, https:\/\/rioonwatch.org.br\/wp-content\/uploads\/2026\/09\/Apresentacao-data-center-768x371.png 768w\" sizes=\"(max-width: 1260px) 100vw, 1260px\" \/><\/a><figcaption id=\"caption-attachment-83358\" class=\"wp-caption-text\">Durante a atividade, foram apresentados casos de expans\u00e3o de data centers e conflitos relacionados \u00e0 infraestrutura, recursos naturais e territ\u00f3rios. Foto: Felipe Migliani<\/figcaption><\/figure>\n<p><span style=\"font-weight: 400;\">A economista mencionou mobiliza\u00e7\u00f5es nos <a href=\"https:\/\/bit.ly\/2y11XaE\" target=\"_blank\" rel=\"noopener\">Estados Unidos<\/a> contra a expans\u00e3o de data centers e defendeu que experi\u00eancias internacionais <a href=\"https:\/\/rioonwatch.org.br\/?p=81756\">sirvam de alerta para o Brasil<\/a>. Tamb\u00e9m relacionou a corrida por novos projetos \u00e0 competi\u00e7\u00e3o entre estados e munic\u00edpios por investimentos, incentivos fiscais, terrenos e infraestrutura.<\/span><\/p>\n<p><span style=\"font-weight: 400;\">A promessa de gera\u00e7\u00e3o de empregos foi outro ponto questionado na mesa. As participantes diferenciaram os postos de trabalho abertos durante a constru\u00e7\u00e3o dos data centers, daqueles mantidos depois que instala\u00e7\u00f5es altamente automatizadas entram em opera\u00e7\u00e3o. Elas <a href=\"https:\/\/bit.ly\/3SvW3Yl\" target=\"_blank\" rel=\"noopener\">defenderam maior transpar\u00eancia<\/a> quanto \u00e0s contrapartidas econ\u00f4micas apresentadas pelos empreendimentos porque, afinal de contas, h\u00e1 <a href=\"https:\/\/bit.ly\/4tFmdEH\" target=\"_blank\" rel=\"noopener\">poucos empregos duradouros<\/a> relacionados a essas plantas.<\/span><\/p>\n<p><span style=\"font-weight: 400;\">A preocupa\u00e7\u00e3o apareceu tamb\u00e9m na participa\u00e7\u00e3o do p\u00fablico. Licinio Machado Rog\u00e9rio, presidente da <\/span><span style=\"font-weight: 400;\">Federa\u00e7\u00e3o das Associa\u00e7\u00f5es de Moradores do Munic\u00edpio do Rio de Janeiro (<\/span><a href=\"https:\/\/bit.ly\/3KZM1YL\" target=\"_blank\" rel=\"noopener\"><span style=\"font-weight: 400;\">FAM-Rio<\/span><\/a><span style=\"font-weight: 400;\">)<\/span><span style=\"font-weight: 400;\"> e um dos coordenadores do<\/span> <a href=\"https:\/\/bit.ly\/4gKAz3j\" target=\"_blank\" rel=\"noopener\"><span style=\"font-weight: 400;\">F\u00f3rum de Mobilidade Urbana<\/span><\/a><span style=\"font-weight: 400;\">, defendeu que consumo de \u00e1gua e energia, ru\u00eddo e gera\u00e7\u00e3o efetiva de empregos sejam discutidos antes dos projetos serem apresentados \u00e0 popula\u00e7\u00e3o apenas como sinal de desenvolvimento, <a href=\"https:\/\/bit.ly\/3TfyXW5\" target=\"_blank\" rel=\"noopener\">como geralmente \u00e9 feito<\/a>.<\/span><\/p>\n<p><span style=\"font-weight: 400;\">Na parte final, as debatedoras voltaram \u00e0 velocidade do avan\u00e7o da intelig\u00eancia artificial. Fabrina alertou que concentrar a responsabilidade no uso individual de ferramentas digitais pode deslocar a discuss\u00e3o da escala corporativa da tecnologia, das decis\u00f5es de empresas e de governos sobre onde e em quais condi\u00e7\u00f5es instalar a infraestrutura que a sustenta.<\/span><\/p>\n<p><span style=\"font-weight: 400;\">A roda terminou refor\u00e7ando uma ideia que atravessou as apresenta\u00e7\u00f5es: aquilo que aparece como imaterial nas telas depende de estruturas concretas e de escolhas sobre energia, \u00e1gua, territ\u00f3rio e investimento p\u00fablico. Para as participantes, essa discuss\u00e3o precisa acontecer antes que os projetos estejam consolidados.<\/span><\/p>\n<blockquote><p>\u201cO que vem primeiro? A sede das m\u00e1quinas ou a vida e o abastecimento das nossas popula\u00e7\u00f5es?\u201d \u2014 Maria das Gra\u00e7as<\/p><\/blockquote>\n<p><i>Sobre o autor:\u00a0<\/i><a href=\"https:\/\/bit.ly\/3BY8eCD\" target=\"_blank\" rel=\"noopener\"><i>Felipe Migliani<\/i><\/a><i>\u00a0tem gradua\u00e7\u00e3o em Jornalismo pela Unicarioca e p\u00f3s-gradua\u00e7\u00e3o em Jornalismo Investigativo e em Jornalismo de Dados. Atua como rep\u00f3rter e assessor de imprensa, tendo publicado mat\u00e9rias em ve\u00edculos como Meia Hora, Estad\u00e3o, Ag\u00eancia Lume, PerifaConnection, Ambiental Media, G\u00eanero e N\u00famero, Olhos Jornalismo e ND Mais.<\/i><\/p>\n<hr \/>\n<h4><b data-stringify-type=\"bold\">Apoie nossos esfor\u00e7os para fornecer apoio estrat\u00e9gico \u00e0s favelas do Rio, incluindo o jornalismo hiperlocal, cr\u00edtico, inovador e incans\u00e1vel do\u00a0<\/b><b data-stringify-type=\"bold\"><i data-stringify-type=\"italic\">RioOnWatch<\/i><\/b>\u2014<a class=\"c-link\" href=\"http:\/\/www.bit.ly\/ApoieROW\" target=\"_blank\" rel=\"noopener noreferrer\" data-stringify-link=\"http:\/\/www.bit.ly\/ApoieROW\" data-sk=\"tooltip_parent\">doe aqui<\/a>.<\/h4>\n<!-- AddThis Advanced Settings generic via filter on the_content --><!-- AddThis Share Buttons generic via filter on the_content -->","protected":false},"excerpt":{"rendered":"<div class=\"mh-excerpt\"><p>Esta mat\u00e9ria faz parte da nossa s\u00e9rie que reflete sobre os impactos dos megaeventos no Rio de Janeiro\u00a010 anos ap\u00f3s os Jogos Ol\u00edmpicos Rio2016. Enquanto avan\u00e7a o Rio AI City, complexo de data centers previsto <a class=\"mh-excerpt-more\" href=\"https:\/\/rioonwatch.org.br\/?p=83294\" title=\"A &#8216;Nuvem&#8217; Tem Endere\u00e7o: Data Centers Colocam \u00c1gua, Energia e Territ\u00f3rio no Centro do Debate no Rio\">[&#8230;]<\/a><!-- AddThis Advanced Settings generic via filter on get_the_excerpt --><!-- AddThis Share Buttons generic via filter on get_the_excerpt --><\/p>\n<\/div>","protected":false},"author":167,"featured_media":83360,"comment_status":"closed","ping_status":"closed","sticky":false,"template":"template-full.php","format":"standard","meta":{"_acf_changed":false,"_monsterinsights_skip_tracking":false,"_monsterinsights_sitenote_active":false,"_monsterinsights_sitenote_note":"","_monsterinsights_sitenote_category":0,"footnotes":""},"categories":[1618,2051,1621,1627,1625],"tags":[510,655,3273,3667,90,2761,550,561,818,1031,1119,1574,722,2380,3712,359,839,3534,578,2193,2474,239],"writer":[3185],"translator":[],"source":[],"ilustrador":[],"fotografo":[],"class_list":{"0":"post-83294","1":"post","2":"type-post","3":"status-publish","4":"format-standard","5":"has-post-thumbnail","7":"category-olhonaparticipacao","8":"category-olhonolegado","9":"category-destaque","10":"category-relato-de-evento","11":"category-por-correspondentes-comunitarios","12":"tag-agua","13":"tag-associacao-de-moradores","14":"tag-ceara","15":"tag-data-center","16":"tag-defensoria-publica","17":"tag-direito-a-agua","18":"tag-direito-a-terra","19":"tag-eletricidade","20":"tag-eua","21":"tag-famerj","22":"tag-fortaleza","23":"tag-indigenas","24":"tag-legado","25":"tag-mpf","26":"tag-parque-olimpico","27":"tag-participacao-zero","28":"tag-prioridades-publicas-equivocadas","29":"tag-rede-de-vigilancia-popular-em-saneamento-e-saude","30":"tag-trabalho-e-renda","31":"tag-ufrj","32":"tag-ufrrj","33":"tag-universidade","34":"writer-felipe-migliani"},"acf":[],"yoast_head":"<!-- This site is optimized with the Yoast SEO plugin v25.6 - https:\/\/yoast.com\/wordpress\/plugins\/seo\/ -->\n<title>A &#039;Nuvem&#039; Tem Endere\u00e7o: Data Centers Colocam \u00c1gua, Energia e Territ\u00f3rio no Centro do Debate no Rio - RioOnWatch<\/title>\n<meta name=\"robots\" content=\"index, follow, max-snippet:-1, max-image-preview:large, max-video-preview:-1\" \/>\n<link rel=\"canonical\" href=\"https:\/\/rioonwatch.org.br\/?p=83294\" \/>\n<meta property=\"og:locale\" content=\"pt_BR\" \/>\n<meta property=\"og:type\" content=\"article\" \/>\n<meta property=\"og:title\" content=\"A &#039;Nuvem&#039; Tem Endere\u00e7o: Data Centers Colocam \u00c1gua, Energia e Territ\u00f3rio no Centro do Debate no Rio - RioOnWatch\" \/>\n<meta property=\"og:description\" content=\"Esta mat\u00e9ria faz parte da nossa s\u00e9rie que reflete sobre os impactos dos megaeventos no Rio de Janeiro\u00a010 anos ap\u00f3s os Jogos Ol\u00edmpicos Rio2016. Enquanto avan\u00e7a o Rio AI City, complexo de data centers previsto [...]\" \/>\n<meta property=\"og:url\" content=\"https:\/\/rioonwatch.org.br\/?p=83294\" \/>\n<meta property=\"og:site_name\" content=\"RioOnWatch\" \/>\n<meta property=\"article:published_time\" content=\"2026-08-30T08:42:30+00:00\" \/>\n<meta property=\"article:modified_time\" content=\"2026-09-06T08:59:21+00:00\" \/>\n<meta property=\"og:image\" content=\"https:\/\/rioonwatch.org.br\/wp-content\/uploads\/2026\/09\/Rio-AI-City-se-diz-sustentavel.jpg\" \/>\n\t<meta property=\"og:image:width\" content=\"2364\" \/>\n\t<meta property=\"og:image:height\" content=\"1329\" \/>\n\t<meta property=\"og:image:type\" content=\"image\/jpeg\" \/>\n<meta name=\"author\" content=\"Julio Santos Filho\" \/>\n<meta name=\"twitter:card\" content=\"summary_large_image\" \/>\n<meta name=\"twitter:label1\" content=\"Escrito por\" \/>\n\t<meta name=\"twitter:data1\" content=\"Julio Santos Filho\" \/>\n\t<meta name=\"twitter:label2\" content=\"Est. tempo de leitura\" \/>\n\t<meta name=\"twitter:data2\" content=\"8 minutos\" \/>\n<script type=\"application\/ld+json\" class=\"yoast-schema-graph\">{\"@context\":\"https:\/\/schema.org\",\"@graph\":[{\"@type\":\"Article\",\"@id\":\"https:\/\/rioonwatch.org.br\/?p=83294#article\",\"isPartOf\":{\"@id\":\"https:\/\/rioonwatch.org.br\/?p=83294\"},\"author\":{\"name\":\"Julio Santos Filho\",\"@id\":\"https:\/\/rioonwatch.org.br\/#\/schema\/person\/476bc75767957d3535b65b796667cd36\"},\"headline\":\"A &#8216;Nuvem&#8217; Tem Endere\u00e7o: Data Centers Colocam \u00c1gua, Energia e Territ\u00f3rio no Centro do Debate no Rio\",\"datePublished\":\"2026-08-30T08:42:30+00:00\",\"dateModified\":\"2026-09-06T08:59:21+00:00\",\"mainEntityOfPage\":{\"@id\":\"https:\/\/rioonwatch.org.br\/?p=83294\"},\"wordCount\":1513,\"publisher\":{\"@id\":\"https:\/\/rioonwatch.org.br\/#organization\"},\"image\":{\"@id\":\"https:\/\/rioonwatch.org.br\/?p=83294#primaryimage\"},\"thumbnailUrl\":\"https:\/\/rioonwatch.org.br\/wp-content\/uploads\/2026\/09\/Rio-AI-City-se-diz-sustentavel.jpg\",\"keywords\":[\"\u00e1gua\",\"Associa\u00e7\u00e3o de Moradores\",\"Cear\u00e1\",\"data center\",\"Defensoria P\u00fablica\",\"direito \u00e0 \u00e1gua\",\"direito \u00e0 terra\",\"eletricidade\",\"EUA\",\"FAMERJ\",\"Fortaleza\",\"ind\u00edgenas\",\"Legado Ol\u00edmpico\",\"MPF\",\"Parque Ol\u00edmpico\",\"participa\u00e7\u00e3o zero\",\"prioridades p\u00fablicas equivocadas\",\"Rede de Vigil\u00e2ncia Popular em Saneamento e Sa\u00fade\",\"Trabalho e renda\",\"UFRJ\",\"UFRRJ\",\"universidade\"],\"articleSection\":[\"#OlhoNaParticipa\u00e7\u00e3o\",\"#OlhoNoLegado\",\"*Destaque\",\"Cobertura de Eventos\",\"Escrito por Comunicadores Populares\"],\"inLanguage\":\"pt-BR\"},{\"@type\":\"WebPage\",\"@id\":\"https:\/\/rioonwatch.org.br\/?p=83294\",\"url\":\"https:\/\/rioonwatch.org.br\/?p=83294\",\"name\":\"A 'Nuvem' Tem Endere\u00e7o: Data Centers Colocam \u00c1gua, Energia e Territ\u00f3rio no Centro do Debate no Rio - RioOnWatch\",\"isPartOf\":{\"@id\":\"https:\/\/rioonwatch.org.br\/#website\"},\"primaryImageOfPage\":{\"@id\":\"https:\/\/rioonwatch.org.br\/?p=83294#primaryimage\"},\"image\":{\"@id\":\"https:\/\/rioonwatch.org.br\/?p=83294#primaryimage\"},\"thumbnailUrl\":\"https:\/\/rioonwatch.org.br\/wp-content\/uploads\/2026\/09\/Rio-AI-City-se-diz-sustentavel.jpg\",\"datePublished\":\"2026-08-30T08:42:30+00:00\",\"dateModified\":\"2026-09-06T08:59:21+00:00\",\"breadcrumb\":{\"@id\":\"https:\/\/rioonwatch.org.br\/?p=83294#breadcrumb\"},\"inLanguage\":\"pt-BR\",\"potentialAction\":[{\"@type\":\"ReadAction\",\"target\":[\"https:\/\/rioonwatch.org.br\/?p=83294\"]}]},{\"@type\":\"ImageObject\",\"inLanguage\":\"pt-BR\",\"@id\":\"https:\/\/rioonwatch.org.br\/?p=83294#primaryimage\",\"url\":\"https:\/\/rioonwatch.org.br\/wp-content\/uploads\/2026\/09\/Rio-AI-City-se-diz-sustentavel.jpg\",\"contentUrl\":\"https:\/\/rioonwatch.org.br\/wp-content\/uploads\/2026\/09\/Rio-AI-City-se-diz-sustentavel.jpg\",\"width\":2364,\"height\":1329},{\"@type\":\"BreadcrumbList\",\"@id\":\"https:\/\/rioonwatch.org.br\/?p=83294#breadcrumb\",\"itemListElement\":[{\"@type\":\"ListItem\",\"position\":1,\"name\":\"In\u00edcio\",\"item\":\"https:\/\/rioonwatch.org.br\/\"},{\"@type\":\"ListItem\",\"position\":2,\"name\":\"A &#8216;Nuvem&#8217; Tem Endere\u00e7o: Data Centers Colocam \u00c1gua, Energia e Territ\u00f3rio no Centro do Debate no Rio\"}]},{\"@type\":\"WebSite\",\"@id\":\"https:\/\/rioonwatch.org.br\/#website\",\"url\":\"https:\/\/rioonwatch.org.br\/\",\"name\":\"RioOnWatch\",\"description\":\"relatos das favelas cariocas\",\"publisher\":{\"@id\":\"https:\/\/rioonwatch.org.br\/#organization\"},\"potentialAction\":[{\"@type\":\"SearchAction\",\"target\":{\"@type\":\"EntryPoint\",\"urlTemplate\":\"https:\/\/rioonwatch.org.br\/?s={search_term_string}\"},\"query-input\":{\"@type\":\"PropertyValueSpecification\",\"valueRequired\":true,\"valueName\":\"search_term_string\"}}],\"inLanguage\":\"pt-BR\"},{\"@type\":\"Organization\",\"@id\":\"https:\/\/rioonwatch.org.br\/#organization\",\"name\":\"RioOnWatch\",\"url\":\"https:\/\/rioonwatch.org.br\/\",\"logo\":{\"@type\":\"ImageObject\",\"inLanguage\":\"pt-BR\",\"@id\":\"https:\/\/rioonwatch.org.br\/#\/schema\/logo\/image\/\",\"url\":\"https:\/\/rioonwatch.org.br\/wp-content\/uploads\/2021\/06\/RioOnWatchcabecalhoPT11anos-2.png\",\"contentUrl\":\"https:\/\/rioonwatch.org.br\/wp-content\/uploads\/2021\/06\/RioOnWatchcabecalhoPT11anos-2.png\",\"width\":779,\"height\":277,\"caption\":\"RioOnWatch\"},\"image\":{\"@id\":\"https:\/\/rioonwatch.org.br\/#\/schema\/logo\/image\/\"}},{\"@type\":\"Person\",\"@id\":\"https:\/\/rioonwatch.org.br\/#\/schema\/person\/476bc75767957d3535b65b796667cd36\",\"name\":\"Julio Santos Filho\",\"image\":{\"@type\":\"ImageObject\",\"inLanguage\":\"pt-BR\",\"@id\":\"https:\/\/rioonwatch.org.br\/#\/schema\/person\/image\/\",\"url\":\"https:\/\/secure.gravatar.com\/avatar\/ca138f7666182a292a8ce4ca14fb81f8?s=96&d=blank&r=g\",\"contentUrl\":\"https:\/\/secure.gravatar.com\/avatar\/ca138f7666182a292a8ce4ca14fb81f8?s=96&d=blank&r=g\",\"caption\":\"Julio Santos Filho\"},\"url\":\"https:\/\/rioonwatch.org.br\/?author=167\"}]}<\/script>\n<!-- \/ Yoast SEO plugin. -->","yoast_head_json":{"title":"A 'Nuvem' Tem Endere\u00e7o: Data Centers Colocam \u00c1gua, Energia e Territ\u00f3rio no Centro do Debate no Rio - RioOnWatch","robots":{"index":"index","follow":"follow","max-snippet":"max-snippet:-1","max-image-preview":"max-image-preview:large","max-video-preview":"max-video-preview:-1"},"canonical":"https:\/\/rioonwatch.org.br\/?p=83294","og_locale":"pt_BR","og_type":"article","og_title":"A 'Nuvem' Tem Endere\u00e7o: Data Centers Colocam \u00c1gua, Energia e Territ\u00f3rio no Centro do Debate no Rio - RioOnWatch","og_description":"Esta mat\u00e9ria faz parte da nossa s\u00e9rie que reflete sobre os impactos dos megaeventos no Rio de Janeiro\u00a010 anos ap\u00f3s os Jogos Ol\u00edmpicos Rio2016. Enquanto avan\u00e7a o Rio AI City, complexo de data centers previsto [...]","og_url":"https:\/\/rioonwatch.org.br\/?p=83294","og_site_name":"RioOnWatch","article_published_time":"2026-08-30T08:42:30+00:00","article_modified_time":"2026-09-06T08:59:21+00:00","og_image":[{"width":2364,"height":1329,"url":"https:\/\/rioonwatch.org.br\/wp-content\/uploads\/2026\/09\/Rio-AI-City-se-diz-sustentavel.jpg","type":"image\/jpeg"}],"author":"Julio Santos Filho","twitter_card":"summary_large_image","twitter_misc":{"Escrito por":"Julio Santos Filho","Est. tempo de leitura":"8 minutos"},"schema":{"@context":"https:\/\/schema.org","@graph":[{"@type":"Article","@id":"https:\/\/rioonwatch.org.br\/?p=83294#article","isPartOf":{"@id":"https:\/\/rioonwatch.org.br\/?p=83294"},"author":{"name":"Julio Santos Filho","@id":"https:\/\/rioonwatch.org.br\/#\/schema\/person\/476bc75767957d3535b65b796667cd36"},"headline":"A &#8216;Nuvem&#8217; Tem Endere\u00e7o: Data Centers Colocam \u00c1gua, Energia e Territ\u00f3rio no Centro do Debate no Rio","datePublished":"2026-08-30T08:42:30+00:00","dateModified":"2026-09-06T08:59:21+00:00","mainEntityOfPage":{"@id":"https:\/\/rioonwatch.org.br\/?p=83294"},"wordCount":1513,"publisher":{"@id":"https:\/\/rioonwatch.org.br\/#organization"},"image":{"@id":"https:\/\/rioonwatch.org.br\/?p=83294#primaryimage"},"thumbnailUrl":"https:\/\/rioonwatch.org.br\/wp-content\/uploads\/2026\/09\/Rio-AI-City-se-diz-sustentavel.jpg","keywords":["\u00e1gua","Associa\u00e7\u00e3o de Moradores","Cear\u00e1","data center","Defensoria P\u00fablica","direito \u00e0 \u00e1gua","direito \u00e0 terra","eletricidade","EUA","FAMERJ","Fortaleza","ind\u00edgenas","Legado Ol\u00edmpico","MPF","Parque Ol\u00edmpico","participa\u00e7\u00e3o zero","prioridades p\u00fablicas equivocadas","Rede de Vigil\u00e2ncia Popular em Saneamento e Sa\u00fade","Trabalho e renda","UFRJ","UFRRJ","universidade"],"articleSection":["#OlhoNaParticipa\u00e7\u00e3o","#OlhoNoLegado","*Destaque","Cobertura de Eventos","Escrito por Comunicadores Populares"],"inLanguage":"pt-BR"},{"@type":"WebPage","@id":"https:\/\/rioonwatch.org.br\/?p=83294","url":"https:\/\/rioonwatch.org.br\/?p=83294","name":"A 'Nuvem' Tem Endere\u00e7o: Data Centers Colocam \u00c1gua, Energia e Territ\u00f3rio no Centro do Debate no Rio - RioOnWatch","isPartOf":{"@id":"https:\/\/rioonwatch.org.br\/#website"},"primaryImageOfPage":{"@id":"https:\/\/rioonwatch.org.br\/?p=83294#primaryimage"},"image":{"@id":"https:\/\/rioonwatch.org.br\/?p=83294#primaryimage"},"thumbnailUrl":"https:\/\/rioonwatch.org.br\/wp-content\/uploads\/2026\/09\/Rio-AI-City-se-diz-sustentavel.jpg","datePublished":"2026-08-30T08:42:30+00:00","dateModified":"2026-09-06T08:59:21+00:00","breadcrumb":{"@id":"https:\/\/rioonwatch.org.br\/?p=83294#breadcrumb"},"inLanguage":"pt-BR","potentialAction":[{"@type":"ReadAction","target":["https:\/\/rioonwatch.org.br\/?p=83294"]}]},{"@type":"ImageObject","inLanguage":"pt-BR","@id":"https:\/\/rioonwatch.org.br\/?p=83294#primaryimage","url":"https:\/\/rioonwatch.org.br\/wp-content\/uploads\/2026\/09\/Rio-AI-City-se-diz-sustentavel.jpg","contentUrl":"https:\/\/rioonwatch.org.br\/wp-content\/uploads\/2026\/09\/Rio-AI-City-se-diz-sustentavel.jpg","width":2364,"height":1329},{"@type":"BreadcrumbList","@id":"https:\/\/rioonwatch.org.br\/?p=83294#breadcrumb","itemListElement":[{"@type":"ListItem","position":1,"name":"In\u00edcio","item":"https:\/\/rioonwatch.org.br\/"},{"@type":"ListItem","position":2,"name":"A &#8216;Nuvem&#8217; Tem Endere\u00e7o: Data Centers Colocam \u00c1gua, Energia e Territ\u00f3rio no Centro do Debate no Rio"}]},{"@type":"WebSite","@id":"https:\/\/rioonwatch.org.br\/#website","url":"https:\/\/rioonwatch.org.br\/","name":"RioOnWatch","description":"relatos das favelas cariocas","publisher":{"@id":"https:\/\/rioonwatch.org.br\/#organization"},"potentialAction":[{"@type":"SearchAction","target":{"@type":"EntryPoint","urlTemplate":"https:\/\/rioonwatch.org.br\/?s={search_term_string}"},"query-input":{"@type":"PropertyValueSpecification","valueRequired":true,"valueName":"search_term_string"}}],"inLanguage":"pt-BR"},{"@type":"Organization","@id":"https:\/\/rioonwatch.org.br\/#organization","name":"RioOnWatch","url":"https:\/\/rioonwatch.org.br\/","logo":{"@type":"ImageObject","inLanguage":"pt-BR","@id":"https:\/\/rioonwatch.org.br\/#\/schema\/logo\/image\/","url":"https:\/\/rioonwatch.org.br\/wp-content\/uploads\/2021\/06\/RioOnWatchcabecalhoPT11anos-2.png","contentUrl":"https:\/\/rioonwatch.org.br\/wp-content\/uploads\/2021\/06\/RioOnWatchcabecalhoPT11anos-2.png","width":779,"height":277,"caption":"RioOnWatch"},"image":{"@id":"https:\/\/rioonwatch.org.br\/#\/schema\/logo\/image\/"}},{"@type":"Person","@id":"https:\/\/rioonwatch.org.br\/#\/schema\/person\/476bc75767957d3535b65b796667cd36","name":"Julio Santos Filho","image":{"@type":"ImageObject","inLanguage":"pt-BR","@id":"https:\/\/rioonwatch.org.br\/#\/schema\/person\/image\/","url":"https:\/\/secure.gravatar.com\/avatar\/ca138f7666182a292a8ce4ca14fb81f8?s=96&d=blank&r=g","contentUrl":"https:\/\/secure.gravatar.com\/avatar\/ca138f7666182a292a8ce4ca14fb81f8?s=96&d=blank&r=g","caption":"Julio Santos Filho"},"url":"https:\/\/rioonwatch.org.br\/?author=167"}]}},"_links":{"self":[{"href":"https:\/\/rioonwatch.org.br\/index.php?rest_route=\/wp\/v2\/posts\/83294"}],"collection":[{"href":"https:\/\/rioonwatch.org.br\/index.php?rest_route=\/wp\/v2\/posts"}],"about":[{"href":"https:\/\/rioonwatch.org.br\/index.php?rest_route=\/wp\/v2\/types\/post"}],"author":[{"embeddable":true,"href":"https:\/\/rioonwatch.org.br\/index.php?rest_route=\/wp\/v2\/users\/167"}],"replies":[{"embeddable":true,"href":"https:\/\/rioonwatch.org.br\/index.php?rest_route=%2Fwp%2Fv2%2Fcomments&post=83294"}],"version-history":[{"count":26,"href":"https:\/\/rioonwatch.org.br\/index.php?rest_route=\/wp\/v2\/posts\/83294\/revisions"}],"predecessor-version":[{"id":83366,"href":"https:\/\/rioonwatch.org.br\/index.php?rest_route=\/wp\/v2\/posts\/83294\/revisions\/83366"}],"wp:featuredmedia":[{"embeddable":true,"href":"https:\/\/rioonwatch.org.br\/index.php?rest_route=\/wp\/v2\/media\/83360"}],"wp:attachment":[{"href":"https:\/\/rioonwatch.org.br\/index.php?rest_route=%2Fwp%2Fv2%2Fmedia&parent=83294"}],"wp:term":[{"taxonomy":"category","embeddable":true,"href":"https:\/\/rioonwatch.org.br\/index.php?rest_route=%2Fwp%2Fv2%2Fcategories&post=83294"},{"taxonomy":"post_tag","embeddable":true,"href":"https:\/\/rioonwatch.org.br\/index.php?rest_route=%2Fwp%2Fv2%2Ftags&post=83294"},{"taxonomy":"writer","embeddable":true,"href":"https:\/\/rioonwatch.org.br\/index.php?rest_route=%2Fwp%2Fv2%2Fwriter&post=83294"},{"taxonomy":"translator","embeddable":true,"href":"https:\/\/rioonwatch.org.br\/index.php?rest_route=%2Fwp%2Fv2%2Ftranslator&post=83294"},{"taxonomy":"source","embeddable":true,"href":"https:\/\/rioonwatch.org.br\/index.php?rest_route=%2Fwp%2Fv2%2Fsource&post=83294"},{"taxonomy":"ilustrador","embeddable":true,"href":"https:\/\/rioonwatch.org.br\/index.php?rest_route=%2Fwp%2Fv2%2Filustrador&post=83294"},{"taxonomy":"fotografo","embeddable":true,"href":"https:\/\/rioonwatch.org.br\/index.php?rest_route=%2Fwp%2Fv2%2Ffotografo&post=83294"}],"curies":[{"name":"wp","href":"https:\/\/api.w.org\/{rel}","templated":true}]}}