{"id":8370,"date":"2013-11-12T09:52:03","date_gmt":"2013-11-12T12:52:03","guid":{"rendered":"http:\/\/rioonwatch.org.br\/?p=8370"},"modified":"2017-01-31T10:02:39","modified_gmt":"2017-01-31T13:02:39","slug":"a-justificativa-de-area-de-risco-para-remocao-de-favelas-o-caso-do-santa-marta","status":"publish","type":"post","link":"https:\/\/rioonwatch.org.br\/?p=8370","title":{"rendered":"A Justificativa de \u201c\u00c1rea de Risco\u201d para Remo\u00e7\u00e3o de Favelas: O Caso do Santa Marta"},"content":{"rendered":"<p style=\"text-align: right;\"><em><strong><a href=\"http:\/\/bit.ly\/1m4KHPf\" target=\"_blank\">Click Here for English<img decoding=\"async\" width=\"20\" height=\"20\" class=\"alignright wp-image-15790\" src=\"http:\/\/rioonwatch.org.br\/wp-content\/uploads\/2012\/08\/EN-standard-e1439583104716.jpg\" alt=\"\" \/><\/a><\/strong><\/em><\/p>\n<p>As <a href=\"http:\/\/bit.ly\/X51Qvb\" target=\"_blank\">remo\u00e7\u00f5es<\/a> de favelas e demoli\u00e7\u00f5es de casas se tornaram elementos controversos das mudan\u00e7as urbanas no Rio de Janeiro que antecedem \u00e0 Copa do Mundo de 2014 e os Jogos Ol\u00edmpicos de 2016. Ativistas em v\u00e1rias favelas t\u00eam protestado contra a falta de di\u00e1logo e as consequ\u00eancias de perder casas durante a <a href=\"http:\/\/bit.ly\/1aRkVxr\" target=\"_blank\">urbaniza\u00e7\u00e3o<\/a>. No <a href=\"http:\/\/glo.bo\/1a7fGVn\" target=\"_blank\">Plano Estrat\u00e9gico da Cidade 2013-2016<\/a>, anunciado durante a campanha para reelei\u00e7\u00e3o, o Prefeito Eduardo Paes exigiu tanto uma redu\u00e7\u00e3o de 5% das favelas da cidade quanto a elimina\u00e7\u00e3o de resid\u00eancias em \u00e1reas de prote\u00e7\u00e3o ambiental e \u00e1reas de risco. Esta agenda afeta desproporcionadamente as favelas.<\/p>\n<p><a href=\"http:\/\/rioonwatch.org.br\/?attachment_id=11804\" rel=\"attachment wp-att-11804\"><img fetchpriority=\"high\" decoding=\"async\" class=\"alignright size-full wp-image-11804\" title=\"Moradores do pico do Santa Marta est\u00e3o resistindo \u00e0 remo\u00e7\u00e3o. Foto por Kate Steiker-Ginzberg\" src=\"http:\/\/rioonwatch.org\/wp-content\/uploads\/2013\/10\/santa-marta-pico.jpg\" alt=\"\" width=\"307\" height=\"307\" \/><\/a><\/p>\n<p>Agora que o investimento estrangeiro e os turistas est\u00e3o inundando o Rio, h\u00e1 o risco de lan\u00e7ar mais injusti\u00e7a sobre estes moradores, entre os mais trabalhadores da cidade, por desloc\u00e1-los das suas casas. Em muitos casos, as remo\u00e7\u00f5es fazem com que os moradores percam o trabalho e o capital que investiram em suas resid\u00eancias, contribuindo para a fragmenta\u00e7\u00e3o da comunidade e aumentando ainda mais a ang\u00fastia fruto do deslocamento. A aquisi\u00e7\u00e3o de casa \u00e9 muito valorizada na cultura brasileira, especialmente entre os grupos de baixa renda. Durante as reuni\u00f5es de urbaniza\u00e7\u00e3o, do qual eu participei no\u00a0<a href=\"http:\/\/bit.ly\/YZD9al\" target=\"_blank\">Santa Marta<\/a>, os moradores ressaltaram que suas casas fazem parte das pr\u00f3prias identidades e que a constru\u00e7\u00e3o dos projetos habitacionais do governo se revelaram ser de m\u00e1 qualidade. Sem surpresa, os moradores a longo prazo que est\u00e3o enfrentando a remo\u00e7\u00e3o ou reassentamento t\u00eam se organizado contra as remo\u00e7\u00f5es e levaram sua luta para os <a href=\"http:\/\/bit.ly\/16guVJ1\" target=\"_blank\">tribunais<\/a>.<\/p>\n<p>Enquanto moradores das favelas est\u00e3o lutando para garantir habita\u00e7\u00e3o acess\u00edvel em \u00e1reas centrais, aonde tem seus meios de subsist\u00eancia, os endinheirados do Rio procuram reclus\u00e3o e privacidade para suas casas. <a href=\"http:\/\/bit.ly\/1gzWiH9\" target=\"_blank\">Invasores ricos<\/a> constru\u00edram ilegalmente mans\u00f5es nas praias isoladas e nas ilhas no parque nacional localizado poucas horas ao sul do Rio, perto de Paraty. Os ricos do Brasil usam suas conex\u00f5es pol\u00edticas para <a href=\"http:\/\/glo.bo\/10u3s2z\" target=\"_blank\">lutar por seu direito de posse<\/a> e s\u00e3o defendidos pelos melhores advogados do Rio de Janeiro. Do alto da favela do Santa Marta, onde as fam\u00edlias que viveram l\u00e1 por tr\u00eas gera\u00e7\u00f5es est\u00e3o <a href=\"http:\/\/bit.ly\/N8BGTR\" target=\"_blank\">amea\u00e7adas de remo\u00e7\u00e3o<\/a>, d\u00e1 para ver as casas de luxo em locais prec\u00e1rios nas alturas de Laranjeiras e Humait\u00e1. Ao mesmo tempo que os rancheiros na Amaz\u00f4nia brasileira est\u00e3o afirmando seu direito de posse na batalha legislativa sobre o <a href=\"http:\/\/bit.ly\/HJAIRV\" target=\"_blank\">C\u00f3digo Florestal<\/a>, a urbaniza\u00e7\u00e3o est\u00e1 desapropriando milhares de fam\u00edlias no estado do Rio. Aparentemente, o objetivo da urbaniza\u00e7\u00e3o \u00e9 integrar favelas na vida urbana do Rio, mas o processo atual de remo\u00e7\u00e3o est\u00e1 <a href=\"http:\/\/nyti.ms\/Ndach4\" target=\"_blank\">causando injusti\u00e7as hist\u00f3ricas, em vez de corrigi-las<\/a>.<\/p>\n<p>Os resultados da pesquisa indicam que os programas recentes para a urbaniza\u00e7\u00e3o das favelas no Rio usam n\u00edveis sem precedentes de enquadramento ambiental na pol\u00edtica urbana para as favelas. O governo do Rio tem redefinido os limites da ocupa\u00e7\u00e3o humana no Rio atrav\u00e9s do\u00a0<a href=\"http:\/\/bit.ly\/1gBkRVh\" target=\"_blank\">mapeamento de riscos geol\u00f3gicos sobre favelas<\/a> situadas em, ou perto de \u00e1reas de prote\u00e7\u00e3o ambiental. Isto foi feito em nome da prote\u00e7\u00e3o tanto do <a href=\"http:\/\/bit.ly\/1aDVvNT\" target=\"_blank\">ambiente como da vida humana<\/a>. Embora, existem v\u00e1rios casos recentes que foram contestados nos quais os engenheiros independentes e os <a href=\"http:\/\/bit.ly\/171nQjb\" target=\"_blank\">especialistas t\u00e9cnicos chamados pelas comunidades<\/a> chegaram a avalia\u00e7\u00f5es com resultados contr\u00e1rios \u00e0s reivindica\u00e7\u00f5es da GeoRio ou insistiram na solu\u00e7\u00e3o econ\u00f4mica de estabiliza\u00e7\u00e3o de encostas.<\/p>\n<p><a href=\"http:\/\/rioonwatch.org.br\/?attachment_id=11807\" rel=\"attachment wp-att-11807\"><img decoding=\"async\" class=\"alignright size-full wp-image-11807\" title=\" % de Moradores que pagam aluguel na Zona Sul. Favelas delineadas com Santa Marta no detalhe. Clique para ampliar\" src=\"http:\/\/rioonwatch.org\/wp-content\/uploads\/2013\/10\/residents-paying-rent.jpg\" alt=\"\" width=\"407\" height=\"210\" \/><\/a><\/p>\n<p>As consequ\u00eancias sociais deste enquadramento s\u00e3o consider\u00e1veis. Os moradores de favelas na Zona Sul do Rio tem um n\u00edvel de <a href=\"http:\/\/bit.ly\/1bT0cWl\" target=\"_blank\">propriedade de casa<\/a> mais alto do que no resto do Rio, exceto na <a href=\"http:\/\/bit.ly\/16w2zz1\" target=\"_blank\">Rocinha<\/a> aonde \u00e9 mais comum alugar. Eles t\u00eam tamb\u00e9m <a href=\"http:\/\/bit.ly\/1bbfIMo\" target=\"_blank\">rendimentos<\/a> familiares mais baixos do que a maioria das pessoas no Rio, que quer dizer que as poupan\u00e7as de gera\u00e7\u00f5es residem em suas casas. As consequ\u00eancias s\u00e3o mais graves ainda porque, muitas vezes, a subsist\u00eancia dos moradores est\u00e1 ligada \u00e0s suas casas.<\/p>\n<p>Na primeira fase de remo\u00e7\u00f5es de favelas, como a da <a href=\"http:\/\/bit.ly\/13uRoVx\" target=\"_blank\">Metr\u00f4-Mangueira<\/a>\u00a0que come\u00e7ou a partir de 2010, as remo\u00e7\u00f5es eram abruptas e, em alguns casos, coercivas. As ofertas de compensa\u00e7\u00e3o ofertadas foram do tipo \u201cpegar ou largar\u201d, e quem n\u00e3o aceitou a compensa\u00e7\u00e3o foi exclu\u00eddo dos servi\u00e7os do Estado e deixado para <a href=\"http:\/\/bit.ly\/1brTfez\" target=\"_blank\">sofrer<\/a> em meio as ru\u00ednas das casas demolidas de seus vizinhos. Os moradores foram expostos a um risco elevado de doen\u00e7as como dengue, e isso remontou as d\u00e9cadas de neglig\u00eancia sofridas pelos moradores de favelas por causa da falta de servi\u00e7os em suas comunidades. Tamb\u00e9m demonstrou que o governo da cidade do Rio estava disposto a usar a redu\u00e7\u00e3o dos servi\u00e7os p\u00fablicos como uma maneira de coagir os moradores a abandonar suas casas. A nega\u00e7\u00e3o de infra-estrutura tem sido utilizada frequentemente para controlar as favelas no Rio antes e depois das remo\u00e7\u00f5es, desde o come\u00e7o das ocupa\u00e7\u00f5es das <a href=\"http:\/\/bit.ly\/R5ueio\" target=\"_blank\">UPPs<\/a> em 2008.<\/p>\n<p><a href=\"http:\/\/rioonwatch.org.br\/?attachment_id=11814\" rel=\"attachment wp-att-11814\"><img loading=\"lazy\" decoding=\"async\" class=\"alignright size-full wp-image-11814\" title=\"Rendimento ao longo da Zona Sul em reais. Favelas delineadas Santa Marta no detalhe. Clique para ampliar\" src=\"http:\/\/rioonwatch.org\/wp-content\/uploads\/2013\/10\/distribution-of-income.jpg\" alt=\"\" width=\"407\" height=\"210\" \/><\/a><\/p>\n<p>A Organiza\u00e7\u00e3o das Na\u00e7\u00f5es Unidas <a href=\"http:\/\/bit.ly\/1df5qfW\" target=\"_blank\">criticou estas remo\u00e7\u00f5es<\/a> por quest\u00f5es de direitos humanos em 2010, fazendo com que o governo do Rio modificasse um pouco o seu m\u00e9todo. As remo\u00e7\u00f5es for\u00e7adas cont\u00ednuas na periferia do Rio chamaram a aten\u00e7\u00e3o da Anistia Internacional, que est\u00e1 <a href=\"http:\/\/bit.ly\/1abGBBv\" target=\"_blank\">monitorando atualmente as remo\u00e7\u00f5es de favelas e reassentamentos<\/a>. O direito \u00e0 habita\u00e7\u00e3o faz parte do estatuto da ONU, e tamb\u00e9m \u00e9 lei no Brasil. Desde 2001, o governo federal tem implementado fortes prote\u00e7\u00f5es para os direitos da informalidade urbana, e essa cr\u00edtica externa da ONU p\u00f5e em causa a implementa\u00e7\u00e3o do\u00a0<a href=\"http:\/\/bit.ly\/15HOcWN\" target=\"_blank\">Estatuto da Cidade<\/a> no Rio de Janeiro. Como resultado, a fase atual de deslocamentos de favelas envolve rela\u00e7\u00f5es p\u00fablicas mais sofisticadas e avalia\u00e7\u00f5es tecnocr\u00e1ticas, enquanto as favelas s\u00e3o redefinidas com a classifica\u00e7\u00e3o de &#8220;\u00e1rea de risco&#8221; o que soa amea\u00e7ador para o processo de urbaniza\u00e7\u00e3o das favelas no Rio.<\/p>\n<p>A \u201c\u00c1rea de Risco\u201d \u00e9 uma frase que convenientemente abafa o argumento e \u00e9 amb\u00edgua ao mesmo tempo. Em pr\u00e1tica na \u00e1rea metropolitana do Rio, esta designa\u00e7\u00e3o une os conceitos de zonas de prote\u00e7\u00e3o ambiental e preven\u00e7\u00e3o de \u201ccat\u00e1strofes naturais\u201d. As \u00e1reas no topo de morros e em encostas inclinadas s\u00e3o prioridades especiais sob esta pol\u00edtica; a prefeitura sustenta que estas \u00e1reas precisam ser reflorestadas para reduzir o risco de cat\u00e1strofes provocadas pelos altos n\u00edveis de chuva. Os crit\u00e9rios principais para a designa\u00e7\u00e3o de risco em terreno urbano s\u00e3o a ocupa\u00e7\u00e3o humana e o terreno inclinado, de acordo com a\u00a0<a href=\"http:\/\/bit.ly\/19o0qRF\" target=\"_blank\">GeoRio<\/a>, a ag\u00eancia de avalia\u00e7\u00e3o geol\u00f3gica municipal do Rio. Por\u00e9m, qualquer pessoa pode ver que uma grande parte da cidade est\u00e1 constru\u00edda nas encostas e embaixo de grandes escarpas de rocha.<\/p>\n<p><a href=\"http:\/\/rioonwatch.org.br\/?attachment_id=11819\" rel=\"attachment wp-att-11819\"><img loading=\"lazy\" decoding=\"async\" class=\"alignright size-full wp-image-11819\" title=\"Santa Marta est\u00e1 localizado na rica Zona Sul, onde a especula\u00e7\u00e3o imobili\u00e1ria \u00e9 febril. Foto por Kate Steiker-Ginzberg\" src=\"http:\/\/rioonwatch.org\/wp-content\/uploads\/2013\/10\/santa-marta.jpg\" alt=\"\" width=\"307\" height=\"307\" \/><\/a><\/p>\n<p>A designa\u00e7\u00e3o \u201c\u00e1rea de risco\u201d, usada como um instrumento jur\u00eddico, liga a pol\u00edtica de contra\u00e7\u00e3o de favelas \u00e0 pol\u00edtica de conserva\u00e7\u00e3o e reflorestamento, dois temas relevantes para ambientalistas no Brasil e ONGs internacionais. Este enquadramento do assunto embota a cr\u00edtica internacional das remo\u00e7\u00f5es e deslegitima o ativismo popular por moradores das favelas (como que algu\u00e9m pode ser contra a prote\u00e7\u00e3o de vidas <em>e<\/em> o meio ambiente?). As favelas do Rio que foram tra\u00e7adas parcialmente dentro de estas zonas de prote\u00e7\u00e3o ambiental foram reavaliadas por especialistas municipais desde o come\u00e7o do projeto UPP. Jogaram fora as avalia\u00e7\u00f5es pr\u00e9vias \u2018definitivas\u2019 \u00e0 medida que atingiram novas vers\u00f5es com novas tecnologias e prioridades governamentais. As resid\u00eancias de favelas que s\u00e3o tra\u00e7adas dentro de \u00e1reas de alto risco est\u00e3o sujeitas a programas de remo\u00e7\u00e3o ou reassentamento. Apesar da promulga\u00e7\u00e3o de prote\u00e7\u00f5es constitucionais fortes para assentamentos informais no Brasil, <a href=\"http:\/\/bit.ly\/18GnRcY\" target=\"_blank\">a cl\u00e1usula \u201c\u00e1rea de risco\u201d na legisla\u00e7\u00e3o federal, por exemplo no C\u00f3digo Florestal e no Minist\u00e9rio das Cidades<\/a>, \u00e9 o instrumento jur\u00eddico principal utilizado para deslocar os moradores nas favelas historicamente estabelecidas no Rio, muitos dos quais foram <a href=\"http:\/\/bit.ly\/17GtGUa\" target=\"_blank\">legalizadas como zonas de urbaniza\u00e7\u00e3o depois de 2000<\/a>. Aonde v\u00e3o viver os moradores <a href=\"http:\/\/bit.ly\/1df7kwX\" target=\"_blank\">depois das remo\u00e7\u00f5es<\/a> \u00e9 uma quest\u00e3o secund\u00e1ria para o governo municipal, criando mais um n\u00edvel de inseguran\u00e7a para os cidad\u00e3os vulner\u00e1veis do Rio.<\/p>\n<p>Para ser justo, o risco de deslizamentos de terra no estado do Rio de Janeiro tem uma hist\u00f3ria. Os deslizamentos de 2010 em Niter\u00f3i e Novo Friburgo que <a href=\"http:\/\/bit.ly\/HIghVa\" target=\"_blank\">resultaram na perda de milhares de vidas<\/a> aumentou a press\u00e3o pol\u00edtica para o reassentamento de favelas em \u00e1reas de risco. Embora, considerar esta emerg\u00eancia como o ponto de partida para a pol\u00edtica de reassentamento ignora uma hist\u00f3ria de neglig\u00eancia na provis\u00e3o de servi\u00e7os e planejamento urbano falho. Durante d\u00e9cadas, moradores de favelas foram deixados por conta de si mesmos em rela\u00e7\u00e3o \u00e0 habita\u00e7\u00e3o acess\u00edvel, esgoto, saneamento e terra dispon\u00edvel. Rafael Gon\u00e7alves, professor da PUC-Rio, <a href=\"http:\/\/bit.ly\/HcNPv4\" target=\"_blank\">argumentou recentemente no seu livro<\/a> que os administradores do Rio usaram a lei para manter a presen\u00e7a das favelas como um recurso barato de trabalho para a ind\u00fastria. A implementa\u00e7\u00e3o seletiva da lei brasileira possibilitou tanto permitir tacitamente o assentamento de favelas como negar servi\u00e7os p\u00fablicos para assentamentos \u2018prec\u00e1rios\u2019. Esta vacila\u00e7\u00e3o de pol\u00edtica criou condi\u00e7\u00f5es para as cat\u00e1strofes de 2010, apesar de esfor\u00e7os pr\u00e9vios de integrar as favelas do Rio feitos durante os projetos de urbaniza\u00e7\u00e3o <a href=\"http:\/\/bit.ly\/XVcGa0\" target=\"_blank\">Favela-Bairro<\/a>.<\/p>\n<p>Na onda atual de reassentamento de favelas, o governo do Rio optou por concentrar a maior parte dos recursos na constru\u00e7\u00e3o de habita\u00e7\u00e3o p\u00fablica e remo\u00e7\u00f5es, que no curto prazo \u00e9 mais barato que melhorar os sistemas de esgoto e a infra-estrutura de favelas como o Santa Marta. Quando os moradores n\u00e3o aceitam as op\u00e7\u00f5es de reassentamento ditadas a eles, a compensa\u00e7\u00e3o oferecida por suas casas n\u00e3o \u00e9 suficiente para comprar uma resid\u00eancia em qualquer parte da comunidade de onde eles vieram, particularmente na luxuosa Zona Sul do Rio. Com a <a href=\"http:\/\/bit.ly\/11tBtBo\" target=\"_blank\">especula\u00e7\u00e3o imobili\u00e1ria<\/a> alt\u00edssima na Zona Sul na \u00e9poca p\u00f3s-UPP, a compra de uma casa diferente no centro ou no sul do Rio, mesmo sendo numa favela, \u00e9 <a href=\"http:\/\/bit.ly\/17dXNrM\" target=\"_blank\">proibitiva pelo custo<\/a>.<\/p>\n<p><a href=\"http:\/\/rioonwatch.org.br\/?attachment_id=11820\" rel=\"attachment wp-att-11820\"><img loading=\"lazy\" decoding=\"async\" class=\"alignright size-full wp-image-11820\" title=\"Os moradores de Santa Marta protestaram contra as remo\u00e7\u00f5es, o aumento do custo de vida e os servi\u00e7os prec\u00e1rios em julho de 2013. Foto por Catherine Osborn\" src=\"http:\/\/rioonwatch.org\/wp-content\/uploads\/2013\/10\/9255117021_7e8f4b9c88_c.jpg\" alt=\"\" width=\"336\" height=\"223\" \/><\/a><\/p>\n<p>Semelhante a <a href=\"http:\/\/bit.ly\/YYhKfy\" target=\"_blank\">Babil\u00f4nia<\/a>, <a href=\"http:\/\/bit.ly\/15YFPnL\" target=\"_blank\">Chap\u00e9u Mangueira<\/a> e <a href=\"http:\/\/bit.ly\/18t2kEo\" target=\"_blank\">Tabajaras<\/a>, tamb\u00e9m localizados no ponto crucial de especula\u00e7\u00e3o imobili\u00e1ria p\u00f3s-UPP, Santa Marta est\u00e1 atualmente passando por projetos de urbaniza\u00e7\u00e3o financiados pela segunda rodada de investimentos p\u00fablicos nas favelas do Rio sob o <a href=\"http:\/\/bit.ly\/NnSmIP\" target=\"_blank\">PAC<\/a>. A promessa de melhorias para a infra-estrutura e assist\u00eancia t\u00e9cnica para a constru\u00e7\u00e3o de casas sob o PAC foi bem recebida quando programas de urbaniza\u00e7\u00e3o foram lan\u00e7ados, mas o aumento de custo de servi\u00e7os p\u00fablicos e a perda de poupan\u00e7as experimentados pelos moradores que vivem em favelas aumentaram a inseguran\u00e7a financeira, em vez de alivi\u00e1-la.<\/p>\n<p>Os moradores das favelas tamb\u00e9m t\u00eam que lidar com o acesso prec\u00e1rio aos servi\u00e7os p\u00fablicos. Em muitos casos, os moradores est\u00e3o pagando servi\u00e7os que n\u00e3o receberam, ou que frequentemente n\u00e3o funcionam, como no caso de escassez de \u00e1gua e o bondinho no Santa Marta. Quando esses moradores s\u00e3o deslocados, eles n\u00e3o s\u00e3o compensados \u200b\u200bpelo trabalho e as poupan\u00e7as que investiram nas suas casas. Eles s\u00f3 s\u00e3o compensados \u200b\u200bpelo valor estimado dos materiais utilizados para a constru\u00e7\u00e3o. Muitos moradores preferem mudar para outra favela distante do que encarar o choque cultural de adaptar a um projeto habitacional distante. Um funcion\u00e1rio municipal trabalhando na integra\u00e7\u00e3o de favelas no Rio me disse que esperava que os moradores seriam removidos para Campo Grande, que est\u00e1 localizado mais que duas horas sem tr\u00e2nsito da Zona Sul em transporte p\u00fablico. A implica\u00e7\u00e3o era que, se voc\u00ea n\u00e3o pode pagar para viver na Zona Sul, voc\u00ea deve mudar para outro lugar.<\/p>\n<p>Os <a href=\"http:\/\/bit.ly\/12hqS0g\" target=\"_blank\">protestos<\/a>\u00a0recentes sobre a qualidade dos servi\u00e7os p\u00fablicos e as prioridades dos diferentes n\u00edveis do governo do Rio mostram que n\u00e3o s\u00e3o apenas os moradores das favelas que est\u00e3o se sentindo enganados pelas estrat\u00e9gias de planejamento e as aspira\u00e7\u00f5es de pol\u00edticos do Rio e da classe dominante. No ano passado o Prefeito Eduardo Paes disse que queria ser lembrado como <a href=\"http:\/\/glo.bo\/1gblCRW\" target=\"_blank\">o Pereira Passos desta gera\u00e7\u00e3o<\/a>. No Rio, o legado de Pereira Passos foi a destrui\u00e7\u00e3o de corti\u00e7os no centro da cidade, remodelando os espa\u00e7os p\u00fablicos do Rio no estilo de arquitetos modernistas franceses e estabelecendo o Rio como destino tur\u00edstico global e um playground dos ricos. Isto obviamente est\u00e1 acontecendo de novo no Rio. O plano de desenvolvimento de favelas, com sua \u00eanfase em <a href=\"http:\/\/bit.ly\/Sh0wXv\" target=\"_blank\">telef\u00e9ricos<\/a> e est\u00e9tica ecol\u00f3gica, demonstra um foco no <a href=\"http:\/\/bit.ly\/18lJFqY\" target=\"_blank\">turismo<\/a> em favelas, em vez de construir infra-estrutura que integraria as favelas na cidade.<\/p>\n<p>A agenda atual prev\u00ea a redu\u00e7\u00e3o adicional do tamanho e da popula\u00e7\u00e3o das favelas como parte da\u00a0 moderniza\u00e7\u00e3o \u2018ecol\u00f3gica\u2019 do Rio. \u00c9 importante entender que esta tend\u00eancia est\u00e1 definindo quem tem o <a href=\"http:\/\/bit.ly\/GRb6lx\" target=\"_blank\">direito \u00e0 cidade<\/a> e quem n\u00e3o tem.<\/p>\n<p><em>Charles Heck \u00e9 doutorando em Geografia Humana pela Universidade Internacional da Fl\u00f3rida, no departamento de Estudos Globais e Socioculturais. Ele morou no Santa Marta durante sua pesquisa de campo e atualmente est\u00e1 escrevendo sua tese sobre a urbaniza\u00e7\u00e3o e o discurso ambiental na pol\u00edtica urbana para favelas do Rio.<\/em><\/p>\n<!-- AddThis Advanced Settings generic via filter on the_content --><!-- AddThis Share Buttons generic via filter on the_content -->","protected":false},"excerpt":{"rendered":"<div class=\"mh-excerpt\"><p>Click Here for English As remo\u00e7\u00f5es de favelas e demoli\u00e7\u00f5es de casas se tornaram elementos controversos das mudan\u00e7as urbanas no Rio de Janeiro que antecedem \u00e0 Copa do Mundo de 2014 e os Jogos Ol\u00edmpicos <a class=\"mh-excerpt-more\" href=\"https:\/\/rioonwatch.org.br\/?p=8370\" title=\"A Justificativa de \u201c\u00c1rea de Risco\u201d para Remo\u00e7\u00e3o de Favelas: O Caso do Santa Marta\">[&#8230;]<\/a><!-- AddThis Advanced Settings generic via filter on get_the_excerpt --><!-- AddThis Share Buttons generic via filter on get_the_excerpt --><\/p>\n<\/div>","protected":false},"author":129,"featured_media":24454,"comment_status":"closed","ping_status":"closed","sticky":false,"template":"","format":"standard","meta":{"_acf_changed":false,"_monsterinsights_skip_tracking":false,"_monsterinsights_sitenote_active":false,"_monsterinsights_sitenote_note":"","_monsterinsights_sitenote_category":0,"footnotes":""},"categories":[1618,1614,346,344,1620],"tags":[911,630,831,484,396,106,708,359,838,14,16,180,93,825,92,493,383],"writer":[910],"translator":[884],"source":[],"ilustrador":[],"fotografo":[],"class_list":{"0":"post-8370","1":"post","2":"type-post","3":"status-publish","4":"format-standard","5":"has-post-thumbnail","7":"category-olhonaparticipacao","8":"category-olhonasremocoes","9":"category-denuncias","10":"category-politicas","11":"category-olhonaupp","12":"tag-area-de-risco","13":"tag-chapeu-mangueira","14":"tag-direito-a-cidade","15":"tag-prefeito-eduardo-paes","16":"tag-especulacao-imobiliaria","17":"tag-meio-ambiente","18":"tag-morro-da-babilonia","19":"tag-participacao-zero","20":"tag-politica-publica","21":"tag-remocao","22":"tag-rocinha","23":"tag-santa-marta","24":"tag-tabajaras","25":"tag-turismo","26":"tag-upp","27":"tag-urbanizacao","28":"tag-zona-sul","29":"writer-charles-heck","30":"translator-kayla-boisvert"},"acf":[],"yoast_head":"<!-- This site is optimized with the Yoast SEO plugin v25.6 - https:\/\/yoast.com\/wordpress\/plugins\/seo\/ -->\n<title>A Justificativa de \u201c\u00c1rea de Risco\u201d para Remo\u00e7\u00e3o de Favelas: O Caso do Santa Marta - RioOnWatch<\/title>\n<meta name=\"robots\" content=\"index, follow, max-snippet:-1, max-image-preview:large, max-video-preview:-1\" \/>\n<link rel=\"canonical\" href=\"https:\/\/rioonwatch.org.br\/?p=8370\" \/>\n<meta property=\"og:locale\" content=\"pt_BR\" \/>\n<meta property=\"og:type\" content=\"article\" \/>\n<meta property=\"og:title\" content=\"A Justificativa de \u201c\u00c1rea de Risco\u201d para Remo\u00e7\u00e3o de Favelas: O Caso do Santa Marta - RioOnWatch\" \/>\n<meta property=\"og:description\" content=\"Click Here for English As remo\u00e7\u00f5es de favelas e demoli\u00e7\u00f5es de casas se tornaram elementos controversos das mudan\u00e7as urbanas no Rio de Janeiro que antecedem \u00e0 Copa do Mundo de 2014 e os Jogos Ol\u00edmpicos [...]\" \/>\n<meta property=\"og:url\" content=\"https:\/\/rioonwatch.org.br\/?p=8370\" \/>\n<meta property=\"og:site_name\" content=\"RioOnWatch\" \/>\n<meta property=\"article:published_time\" content=\"2013-11-12T12:52:03+00:00\" \/>\n<meta property=\"article:modified_time\" content=\"2017-01-31T13:02:39+00:00\" \/>\n<meta property=\"og:image\" content=\"https:\/\/rioonwatch.org.br\/wp-content\/uploads\/2013\/11\/Santa-Marta-por-Andre\u0301-Gomes.jpg\" \/>\n\t<meta property=\"og:image:width\" content=\"1000\" \/>\n\t<meta property=\"og:image:height\" content=\"667\" \/>\n\t<meta property=\"og:image:type\" content=\"image\/jpeg\" \/>\n<meta name=\"author\" content=\"Admin\" \/>\n<meta name=\"twitter:card\" content=\"summary_large_image\" \/>\n<meta name=\"twitter:label1\" content=\"Escrito por\" \/>\n\t<meta name=\"twitter:data1\" content=\"Admin\" \/>\n\t<meta name=\"twitter:label2\" content=\"Est. tempo de leitura\" \/>\n\t<meta name=\"twitter:data2\" content=\"12 minutos\" \/>\n<script type=\"application\/ld+json\" class=\"yoast-schema-graph\">{\"@context\":\"https:\/\/schema.org\",\"@graph\":[{\"@type\":\"Article\",\"@id\":\"https:\/\/rioonwatch.org.br\/?p=8370#article\",\"isPartOf\":{\"@id\":\"https:\/\/rioonwatch.org.br\/?p=8370\"},\"author\":{\"name\":\"Admin\",\"@id\":\"https:\/\/rioonwatch.org.br\/#\/schema\/person\/11d64c290506f9df50c71b850c473f68\"},\"headline\":\"A Justificativa de \u201c\u00c1rea de Risco\u201d para Remo\u00e7\u00e3o de Favelas: O Caso do Santa Marta\",\"datePublished\":\"2013-11-12T12:52:03+00:00\",\"dateModified\":\"2017-01-31T13:02:39+00:00\",\"mainEntityOfPage\":{\"@id\":\"https:\/\/rioonwatch.org.br\/?p=8370\"},\"wordCount\":2335,\"publisher\":{\"@id\":\"https:\/\/rioonwatch.org.br\/#organization\"},\"image\":{\"@id\":\"https:\/\/rioonwatch.org.br\/?p=8370#primaryimage\"},\"thumbnailUrl\":\"https:\/\/rioonwatch.org.br\/wp-content\/uploads\/2013\/11\/Santa-Marta-por-Andre\u0301-Gomes.jpg\",\"keywords\":[\"\\\"\u00e1rea de risco\\\"\",\"Chap\u00e9u Mangueira\",\"Direito \u00e0 Cidade\",\"Eduardo Paes\",\"especula\u00e7\u00e3o imobili\u00e1ria\",\"meio ambiente\",\"Morro da Babil\u00f4nia\",\"participa\u00e7\u00e3o zero\",\"pol\u00edtica p\u00fablica\",\"Remo\u00e7\u00e3o\",\"Rocinha\",\"Santa Marta\",\"Tabajaras\",\"turismo\",\"UPP\",\"urbaniza\u00e7\u00e3o\",\"Zona Sul\"],\"articleSection\":[\"#OlhoNaParticipa\u00e7\u00e3o\",\"#OlhoNasRemo\u00e7\u00f5es\",\"Den\u00fancias\",\"Pol\u00edticas\",\"Seguran\u00e7a P\u00fablica\"],\"inLanguage\":\"pt-BR\"},{\"@type\":\"WebPage\",\"@id\":\"https:\/\/rioonwatch.org.br\/?p=8370\",\"url\":\"https:\/\/rioonwatch.org.br\/?p=8370\",\"name\":\"A Justificativa de \u201c\u00c1rea de Risco\u201d para Remo\u00e7\u00e3o de Favelas: O Caso do Santa Marta - RioOnWatch\",\"isPartOf\":{\"@id\":\"https:\/\/rioonwatch.org.br\/#website\"},\"primaryImageOfPage\":{\"@id\":\"https:\/\/rioonwatch.org.br\/?p=8370#primaryimage\"},\"image\":{\"@id\":\"https:\/\/rioonwatch.org.br\/?p=8370#primaryimage\"},\"thumbnailUrl\":\"https:\/\/rioonwatch.org.br\/wp-content\/uploads\/2013\/11\/Santa-Marta-por-Andre\u0301-Gomes.jpg\",\"datePublished\":\"2013-11-12T12:52:03+00:00\",\"dateModified\":\"2017-01-31T13:02:39+00:00\",\"breadcrumb\":{\"@id\":\"https:\/\/rioonwatch.org.br\/?p=8370#breadcrumb\"},\"inLanguage\":\"pt-BR\",\"potentialAction\":[{\"@type\":\"ReadAction\",\"target\":[\"https:\/\/rioonwatch.org.br\/?p=8370\"]}]},{\"@type\":\"ImageObject\",\"inLanguage\":\"pt-BR\",\"@id\":\"https:\/\/rioonwatch.org.br\/?p=8370#primaryimage\",\"url\":\"https:\/\/rioonwatch.org.br\/wp-content\/uploads\/2013\/11\/Santa-Marta-por-Andre\u0301-Gomes.jpg\",\"contentUrl\":\"https:\/\/rioonwatch.org.br\/wp-content\/uploads\/2013\/11\/Santa-Marta-por-Andre\u0301-Gomes.jpg\",\"width\":1000,\"height\":667},{\"@type\":\"BreadcrumbList\",\"@id\":\"https:\/\/rioonwatch.org.br\/?p=8370#breadcrumb\",\"itemListElement\":[{\"@type\":\"ListItem\",\"position\":1,\"name\":\"In\u00edcio\",\"item\":\"https:\/\/rioonwatch.org.br\/\"},{\"@type\":\"ListItem\",\"position\":2,\"name\":\"A Justificativa de \u201c\u00c1rea de Risco\u201d para Remo\u00e7\u00e3o de Favelas: O Caso do Santa Marta\"}]},{\"@type\":\"WebSite\",\"@id\":\"https:\/\/rioonwatch.org.br\/#website\",\"url\":\"https:\/\/rioonwatch.org.br\/\",\"name\":\"RioOnWatch\",\"description\":\"relatos das favelas cariocas\",\"publisher\":{\"@id\":\"https:\/\/rioonwatch.org.br\/#organization\"},\"potentialAction\":[{\"@type\":\"SearchAction\",\"target\":{\"@type\":\"EntryPoint\",\"urlTemplate\":\"https:\/\/rioonwatch.org.br\/?s={search_term_string}\"},\"query-input\":{\"@type\":\"PropertyValueSpecification\",\"valueRequired\":true,\"valueName\":\"search_term_string\"}}],\"inLanguage\":\"pt-BR\"},{\"@type\":\"Organization\",\"@id\":\"https:\/\/rioonwatch.org.br\/#organization\",\"name\":\"RioOnWatch\",\"url\":\"https:\/\/rioonwatch.org.br\/\",\"logo\":{\"@type\":\"ImageObject\",\"inLanguage\":\"pt-BR\",\"@id\":\"https:\/\/rioonwatch.org.br\/#\/schema\/logo\/image\/\",\"url\":\"https:\/\/rioonwatch.org.br\/wp-content\/uploads\/2021\/06\/RioOnWatchcabecalhoPT11anos-2.png\",\"contentUrl\":\"https:\/\/rioonwatch.org.br\/wp-content\/uploads\/2021\/06\/RioOnWatchcabecalhoPT11anos-2.png\",\"width\":779,\"height\":277,\"caption\":\"RioOnWatch\"},\"image\":{\"@id\":\"https:\/\/rioonwatch.org.br\/#\/schema\/logo\/image\/\"}},{\"@type\":\"Person\",\"@id\":\"https:\/\/rioonwatch.org.br\/#\/schema\/person\/11d64c290506f9df50c71b850c473f68\",\"name\":\"Admin\",\"image\":{\"@type\":\"ImageObject\",\"inLanguage\":\"pt-BR\",\"@id\":\"https:\/\/rioonwatch.org.br\/#\/schema\/person\/image\/\",\"url\":\"https:\/\/secure.gravatar.com\/avatar\/56211ac74568383903349a1485e3c325?s=96&d=blank&r=g\",\"contentUrl\":\"https:\/\/secure.gravatar.com\/avatar\/56211ac74568383903349a1485e3c325?s=96&d=blank&r=g\",\"caption\":\"Admin\"},\"url\":\"https:\/\/rioonwatch.org.br\/?author=129\"}]}<\/script>\n<!-- \/ Yoast SEO plugin. -->","yoast_head_json":{"title":"A Justificativa de \u201c\u00c1rea de Risco\u201d para Remo\u00e7\u00e3o de Favelas: O Caso do Santa Marta - RioOnWatch","robots":{"index":"index","follow":"follow","max-snippet":"max-snippet:-1","max-image-preview":"max-image-preview:large","max-video-preview":"max-video-preview:-1"},"canonical":"https:\/\/rioonwatch.org.br\/?p=8370","og_locale":"pt_BR","og_type":"article","og_title":"A Justificativa de \u201c\u00c1rea de Risco\u201d para Remo\u00e7\u00e3o de Favelas: O Caso do Santa Marta - RioOnWatch","og_description":"Click Here for English As remo\u00e7\u00f5es de favelas e demoli\u00e7\u00f5es de casas se tornaram elementos controversos das mudan\u00e7as urbanas no Rio de Janeiro que antecedem \u00e0 Copa do Mundo de 2014 e os Jogos Ol\u00edmpicos [...]","og_url":"https:\/\/rioonwatch.org.br\/?p=8370","og_site_name":"RioOnWatch","article_published_time":"2013-11-12T12:52:03+00:00","article_modified_time":"2017-01-31T13:02:39+00:00","og_image":[{"width":1000,"height":667,"url":"https:\/\/rioonwatch.org.br\/wp-content\/uploads\/2013\/11\/Santa-Marta-por-Andre\u0301-Gomes.jpg","type":"image\/jpeg"}],"author":"Admin","twitter_card":"summary_large_image","twitter_misc":{"Escrito por":"Admin","Est. tempo de leitura":"12 minutos"},"schema":{"@context":"https:\/\/schema.org","@graph":[{"@type":"Article","@id":"https:\/\/rioonwatch.org.br\/?p=8370#article","isPartOf":{"@id":"https:\/\/rioonwatch.org.br\/?p=8370"},"author":{"name":"Admin","@id":"https:\/\/rioonwatch.org.br\/#\/schema\/person\/11d64c290506f9df50c71b850c473f68"},"headline":"A Justificativa de \u201c\u00c1rea de Risco\u201d para Remo\u00e7\u00e3o de Favelas: O Caso do Santa Marta","datePublished":"2013-11-12T12:52:03+00:00","dateModified":"2017-01-31T13:02:39+00:00","mainEntityOfPage":{"@id":"https:\/\/rioonwatch.org.br\/?p=8370"},"wordCount":2335,"publisher":{"@id":"https:\/\/rioonwatch.org.br\/#organization"},"image":{"@id":"https:\/\/rioonwatch.org.br\/?p=8370#primaryimage"},"thumbnailUrl":"https:\/\/rioonwatch.org.br\/wp-content\/uploads\/2013\/11\/Santa-Marta-por-Andre\u0301-Gomes.jpg","keywords":["\"\u00e1rea de risco\"","Chap\u00e9u Mangueira","Direito \u00e0 Cidade","Eduardo Paes","especula\u00e7\u00e3o imobili\u00e1ria","meio ambiente","Morro da Babil\u00f4nia","participa\u00e7\u00e3o zero","pol\u00edtica p\u00fablica","Remo\u00e7\u00e3o","Rocinha","Santa Marta","Tabajaras","turismo","UPP","urbaniza\u00e7\u00e3o","Zona Sul"],"articleSection":["#OlhoNaParticipa\u00e7\u00e3o","#OlhoNasRemo\u00e7\u00f5es","Den\u00fancias","Pol\u00edticas","Seguran\u00e7a P\u00fablica"],"inLanguage":"pt-BR"},{"@type":"WebPage","@id":"https:\/\/rioonwatch.org.br\/?p=8370","url":"https:\/\/rioonwatch.org.br\/?p=8370","name":"A Justificativa de \u201c\u00c1rea de Risco\u201d para Remo\u00e7\u00e3o de Favelas: O Caso do Santa Marta - RioOnWatch","isPartOf":{"@id":"https:\/\/rioonwatch.org.br\/#website"},"primaryImageOfPage":{"@id":"https:\/\/rioonwatch.org.br\/?p=8370#primaryimage"},"image":{"@id":"https:\/\/rioonwatch.org.br\/?p=8370#primaryimage"},"thumbnailUrl":"https:\/\/rioonwatch.org.br\/wp-content\/uploads\/2013\/11\/Santa-Marta-por-Andre\u0301-Gomes.jpg","datePublished":"2013-11-12T12:52:03+00:00","dateModified":"2017-01-31T13:02:39+00:00","breadcrumb":{"@id":"https:\/\/rioonwatch.org.br\/?p=8370#breadcrumb"},"inLanguage":"pt-BR","potentialAction":[{"@type":"ReadAction","target":["https:\/\/rioonwatch.org.br\/?p=8370"]}]},{"@type":"ImageObject","inLanguage":"pt-BR","@id":"https:\/\/rioonwatch.org.br\/?p=8370#primaryimage","url":"https:\/\/rioonwatch.org.br\/wp-content\/uploads\/2013\/11\/Santa-Marta-por-Andre\u0301-Gomes.jpg","contentUrl":"https:\/\/rioonwatch.org.br\/wp-content\/uploads\/2013\/11\/Santa-Marta-por-Andre\u0301-Gomes.jpg","width":1000,"height":667},{"@type":"BreadcrumbList","@id":"https:\/\/rioonwatch.org.br\/?p=8370#breadcrumb","itemListElement":[{"@type":"ListItem","position":1,"name":"In\u00edcio","item":"https:\/\/rioonwatch.org.br\/"},{"@type":"ListItem","position":2,"name":"A Justificativa de \u201c\u00c1rea de Risco\u201d para Remo\u00e7\u00e3o de Favelas: O Caso do Santa Marta"}]},{"@type":"WebSite","@id":"https:\/\/rioonwatch.org.br\/#website","url":"https:\/\/rioonwatch.org.br\/","name":"RioOnWatch","description":"relatos das favelas cariocas","publisher":{"@id":"https:\/\/rioonwatch.org.br\/#organization"},"potentialAction":[{"@type":"SearchAction","target":{"@type":"EntryPoint","urlTemplate":"https:\/\/rioonwatch.org.br\/?s={search_term_string}"},"query-input":{"@type":"PropertyValueSpecification","valueRequired":true,"valueName":"search_term_string"}}],"inLanguage":"pt-BR"},{"@type":"Organization","@id":"https:\/\/rioonwatch.org.br\/#organization","name":"RioOnWatch","url":"https:\/\/rioonwatch.org.br\/","logo":{"@type":"ImageObject","inLanguage":"pt-BR","@id":"https:\/\/rioonwatch.org.br\/#\/schema\/logo\/image\/","url":"https:\/\/rioonwatch.org.br\/wp-content\/uploads\/2021\/06\/RioOnWatchcabecalhoPT11anos-2.png","contentUrl":"https:\/\/rioonwatch.org.br\/wp-content\/uploads\/2021\/06\/RioOnWatchcabecalhoPT11anos-2.png","width":779,"height":277,"caption":"RioOnWatch"},"image":{"@id":"https:\/\/rioonwatch.org.br\/#\/schema\/logo\/image\/"}},{"@type":"Person","@id":"https:\/\/rioonwatch.org.br\/#\/schema\/person\/11d64c290506f9df50c71b850c473f68","name":"Admin","image":{"@type":"ImageObject","inLanguage":"pt-BR","@id":"https:\/\/rioonwatch.org.br\/#\/schema\/person\/image\/","url":"https:\/\/secure.gravatar.com\/avatar\/56211ac74568383903349a1485e3c325?s=96&d=blank&r=g","contentUrl":"https:\/\/secure.gravatar.com\/avatar\/56211ac74568383903349a1485e3c325?s=96&d=blank&r=g","caption":"Admin"},"url":"https:\/\/rioonwatch.org.br\/?author=129"}]}},"_links":{"self":[{"href":"https:\/\/rioonwatch.org.br\/index.php?rest_route=\/wp\/v2\/posts\/8370"}],"collection":[{"href":"https:\/\/rioonwatch.org.br\/index.php?rest_route=\/wp\/v2\/posts"}],"about":[{"href":"https:\/\/rioonwatch.org.br\/index.php?rest_route=\/wp\/v2\/types\/post"}],"author":[{"embeddable":true,"href":"https:\/\/rioonwatch.org.br\/index.php?rest_route=\/wp\/v2\/users\/129"}],"replies":[{"embeddable":true,"href":"https:\/\/rioonwatch.org.br\/index.php?rest_route=%2Fwp%2Fv2%2Fcomments&post=8370"}],"version-history":[{"count":106,"href":"https:\/\/rioonwatch.org.br\/index.php?rest_route=\/wp\/v2\/posts\/8370\/revisions"}],"predecessor-version":[{"id":8590,"href":"https:\/\/rioonwatch.org.br\/index.php?rest_route=\/wp\/v2\/posts\/8370\/revisions\/8590"}],"wp:featuredmedia":[{"embeddable":true,"href":"https:\/\/rioonwatch.org.br\/index.php?rest_route=\/wp\/v2\/media\/24454"}],"wp:attachment":[{"href":"https:\/\/rioonwatch.org.br\/index.php?rest_route=%2Fwp%2Fv2%2Fmedia&parent=8370"}],"wp:term":[{"taxonomy":"category","embeddable":true,"href":"https:\/\/rioonwatch.org.br\/index.php?rest_route=%2Fwp%2Fv2%2Fcategories&post=8370"},{"taxonomy":"post_tag","embeddable":true,"href":"https:\/\/rioonwatch.org.br\/index.php?rest_route=%2Fwp%2Fv2%2Ftags&post=8370"},{"taxonomy":"writer","embeddable":true,"href":"https:\/\/rioonwatch.org.br\/index.php?rest_route=%2Fwp%2Fv2%2Fwriter&post=8370"},{"taxonomy":"translator","embeddable":true,"href":"https:\/\/rioonwatch.org.br\/index.php?rest_route=%2Fwp%2Fv2%2Ftranslator&post=8370"},{"taxonomy":"source","embeddable":true,"href":"https:\/\/rioonwatch.org.br\/index.php?rest_route=%2Fwp%2Fv2%2Fsource&post=8370"},{"taxonomy":"ilustrador","embeddable":true,"href":"https:\/\/rioonwatch.org.br\/index.php?rest_route=%2Fwp%2Fv2%2Filustrador&post=8370"},{"taxonomy":"fotografo","embeddable":true,"href":"https:\/\/rioonwatch.org.br\/index.php?rest_route=%2Fwp%2Fv2%2Ffotografo&post=8370"}],"curies":[{"name":"wp","href":"https:\/\/api.w.org\/{rel}","templated":true}]}}