{"id":8603,"date":"2013-11-14T17:00:21","date_gmt":"2013-11-14T20:00:21","guid":{"rendered":"http:\/\/rioonwatch.org.br\/?p=8603"},"modified":"2015-08-14T18:34:34","modified_gmt":"2015-08-14T21:34:34","slug":"afrontamento-aborda-questoes-afro-brasileiras-e-arte-no-hotel-da-loucura-imagens","status":"publish","type":"post","link":"https:\/\/rioonwatch.org.br\/?p=8603","title":{"rendered":"AFROntamento Aborda Quest\u00f5es Afro-brasileiras e Arte no Hotel da Loucura [IMAGENS]"},"content":{"rendered":"<p>Na sexta-feira, 08 de novembro, o <a href=\"http:\/\/on.fb.me\/HSji5Z\" target=\"_blank\">Hotel e Spa da Loucura<\/a> Centro Psiqui\u00e1trico e de Reabilita\u00e7\u00e3o Nise da Silveira sediou o AFROntamento, um evento em comemora\u00e7\u00e3o ao M\u00eas da Consci\u00eancia Negra no Brasil. O evento foi organizado pelo\u00a0<a href=\"http:\/\/on.fb.me\/1bAzOQP\" target=\"_blank\">Crua &#8211; Coletivo Criativo de Rua<\/a>, um conjunto de artistas, m\u00fasicos, poetas, pensadores, atores e lideran\u00e7as comunit\u00e1rias, cujo objetivo \u00e9 integrar, investigar e divulgar a cultura local. Eles se reuniram para discutir os problemas enfrentados pelos afrodescendentes no Brasil de hoje e o fortalecimento da identidade negra na cidade. O evento tamb\u00e9m contou com a presen\u00e7a, peri\u00f3dica, de residentes dos v\u00e1rios dormit\u00f3rios de reabilita\u00e7\u00e3o situados no local. Ao mesmo tempo, o coletivo de <a href=\"http:\/\/on.fb.me\/1fzixdm\" target=\"_blank\">V\u00f4 Pix\u00e1 Pelada<\/a> criou uma instala\u00e7\u00e3o de est\u00eancil para chamar a aten\u00e7\u00e3o dos problemas com o crack no Rio de Janeiro. O Hotel da Loucura \u00e9 um espa\u00e7o aberto para os moradores e para quem deseja contribuir com seu tempo e arte para, o ecl\u00e9tico e em constante mudan\u00e7a, Centro Nise da Silveira.<\/p>\n<p><span style=\"font-size: 35px; letter-spacing: -0.04em; line-height: 35px;\">Debate e Troca<\/span><\/p>\n<p>Os debates transcorreram sobre diversos temas, incluindo hist\u00f3rias de vida, vida familiar, heran\u00e7a africana e sobre como construir comunidades melhores e mais seguras.<\/p>\n<p style=\"text-align: center;\"><a href=\"http:\/\/rioonwatch.org.br\/?attachment_id=12172\" rel=\"attachment wp-att-12172\"><img fetchpriority=\"high\" decoding=\"async\" class=\"aligncenter size-full wp-image-12172\" title=\"Debate sobre hist\u00f3rias de vida, vida familiar, heran\u00e7a africana e sobre como construir comunidades melhores e mais seguros. Foto de Vito Di Stefano \" src=\"http:\/\/rioonwatch.org\/wp-content\/uploads\/2013\/11\/rio-on-watch-vito-di-stefano-6.jpg\" alt=\"\" width=\"560\" height=\"372\" \/><\/a><\/p>\n<h1>Experi\u00eancia Pessoal<\/h1>\n<p>Ana Paula, um escritora e jovem trabalhadora da <a href=\"http:\/\/bit.ly\/10BvARw\" target=\"_blank\">Mar\u00e9<\/a>, falou sobre sua experi\u00eancia de crescer em uma favela no Rio de Janeiro.<\/p>\n<p style=\"text-align: center;\"><a href=\"http:\/\/rioonwatch.org.br\/?attachment_id=12173\" rel=\"attachment wp-att-12173\"><img decoding=\"async\" class=\"aligncenter size-full wp-image-12173\" title=\"Ana Paula, uma escritora da Mar\u00e9. Foto de Vito Di Stefano\" src=\"http:\/\/rioonwatch.org\/wp-content\/uploads\/2013\/11\/rio-on-watch-vito-di-stefano-7.jpg\" alt=\"\" width=\"560\" height=\"372\" \/><\/a><\/p>\n<h1>Heran\u00e7a Africana<\/h1>\n<p>Participantes ouvem a palestra sobre heran\u00e7a Africana.<\/p>\n<p style=\"text-align: center;\"><a href=\"http:\/\/rioonwatch.org.br\/?attachment_id=12175\" rel=\"attachment wp-att-12175\"><img decoding=\"async\" class=\"aligncenter size-full wp-image-12175\" title=\"Participantes ouvem uma palestra sobre a heran\u00e7a africana. Foto de Vito Di Stefano\" src=\"http:\/\/rioonwatch.org\/wp-content\/uploads\/2013\/11\/rio-on-watch-vito-di-stefano-9.jpg\" alt=\"\" width=\"560\" height=\"372\" \/><\/a><\/p>\n<h1>Participantes Residentes<\/h1>\n<p>Peli, um dos residentes do Nise da Silveira, surgiu dentro do evento. Ele estava sempre sorrindo e cumprimentou a todos com suas habilidades de malabarismo com uma bola e seu entusiasmo alegre.<\/p>\n<p style=\"text-align: center;\"><a href=\"http:\/\/rioonwatch.org.br\/?attachment_id=12177\" rel=\"attachment wp-att-12177\"><img loading=\"lazy\" decoding=\"async\" class=\"aligncenter size-full wp-image-12177\" title=\"Moradora do Nise da Silveira, Peli. Foto de Vito Di Stefano\" src=\"http:\/\/rioonwatch.org\/wp-content\/uploads\/2013\/11\/rio-on-watch-vito-di-stefano-1.jpg\" alt=\"\" width=\"560\" height=\"372\" \/><\/a><\/p>\n<h1>Arte nas Paredes<\/h1>\n<p>Arte e cita\u00e7\u00f5es podem ser registradas por qualquer pessoa nas paredes do Hotel da Loucura.<\/p>\n<p style=\"text-align: center;\"><a href=\"http:\/\/rioonwatch.org.br\/?attachment_id=12171\" rel=\"attachment wp-att-12171\"><img loading=\"lazy\" decoding=\"async\" class=\"aligncenter size-full wp-image-12171\" title=\"Arte nas Paredes no Hotel da Loucura. Foto de Vito Di Stefano\" src=\"http:\/\/rioonwatch.org\/wp-content\/uploads\/2013\/11\/rio-on-watch-vito-di-stefano-3.jpg\" alt=\"\" width=\"560\" height=\"372\" \/><\/a><\/p>\n<h1 style=\"text-align: left;\">Conhecendo o Espa\u00e7o<\/h1>\n<p style=\"text-align: left;\">Os participantes do evento AFROntamento passeiam pelo espa\u00e7o estimulante do Hotel da Loucura.<\/p>\n<p style=\"text-align: center;\"><a href=\"http:\/\/rioonwatch.org.br\/?attachment_id=12183\" rel=\"attachment wp-att-12183\"><img loading=\"lazy\" decoding=\"async\" class=\"aligncenter size-full wp-image-12183\" title=\"Conferindo o espa\u00e7o e a arte no Hotel da Loucura. Foto por Vito Di Stefano\" src=\"http:\/\/rioonwatch.org\/wp-content\/uploads\/2013\/11\/rio-on-watch-vito-di-stefano-12.jpg\" alt=\"\" width=\"560\" height=\"372\" \/><\/a><\/p>\n<p>&nbsp;<\/p>\n<p style=\"text-align: left;\"><span style=\"font-size: 35px; letter-spacing: -1.399999976158142px; line-height: 35px;\">Apreciando a Arte<\/span><\/p>\n<p style=\"text-align: left;\">Participantes conferem os trabalhos art\u00edsticos no Hotel da Loucura.<\/p>\n<p style=\"text-align: center;\"><a href=\"http:\/\/rioonwatch.org.br\/?attachment_id=12186\" rel=\"attachment wp-att-12186\"><img loading=\"lazy\" decoding=\"async\" class=\"aligncenter size-full wp-image-12186\" title=\"Benfeitores conferem o espa\u00e7o e a arte no Hotel da Loucura. Foto de Vito Di Stefano\" src=\"http:\/\/rioonwatch.org\/wp-content\/uploads\/2013\/11\/rio-on-watch-vito-di-stefano-13.jpg\" alt=\"\" width=\"560\" height=\"372\" \/><\/a><\/p>\n<p>&nbsp;<\/p>\n<p style=\"text-align: left;\"><span style=\"font-size: 35px; letter-spacing: -0.04em; line-height: 35px;\">Hotel da Loucura<\/span><\/p>\n<p>Ao caminhar em torno do Hotel da Loucura e seus motivos, os problemas que enfrentam os pacientes s\u00e3o frequentemente lembrados.<\/p>\n<p style=\"text-align: center;\"><a href=\"http:\/\/rioonwatch.org.br\/?attachment_id=12178\" rel=\"attachment wp-att-12178\"><img loading=\"lazy\" decoding=\"async\" class=\"aligncenter size-full wp-image-12178\" title=\"Hotel da Loucura. Foto de Vito Di Stefano\" src=\"http:\/\/rioonwatch.org\/wp-content\/uploads\/2013\/11\/rio-on-watch-vito-di-stefano-2.jpg\" alt=\"\" width=\"560\" height=\"372\" \/><\/a><\/p>\n<p>&nbsp;<\/p>\n<p style=\"text-align: left;\"><span style=\"font-size: 35px; letter-spacing: -0.04em; line-height: 35px;\">Fazendo Arte Contra o Crack<\/span><\/p>\n<p style=\"text-align: left;\">Um dos grupos no evento, que tamb\u00e9m compartilha um espa\u00e7o no Hotel da Loucura, \u00e9 o Coletivo V\u00f4 Pix\u00e1 Pelada. O coletivo, composto por membros de todas as partes do Rio, principalmente da <a href=\"http:\/\/bit.ly\/11tBmFR\" target=\"_blank\">Zona Oeste<\/a>, est\u00e1 usando o espa\u00e7o para uma exposi\u00e7\u00e3o que chama a aten\u00e7\u00e3o para as quest\u00f5es do crack no Rio e no Brasil. As serigrafias, com seu logotipo transposto em um refrigerante popular comumente usado para fumar o crack, em seguida s\u00e3o colados \u00e0s paredes do espa\u00e7o.<\/p>\n<p style=\"text-align: center;\"><a href=\"http:\/\/rioonwatch.org.br\/?attachment_id=12189\" rel=\"attachment wp-att-12189\"><img loading=\"lazy\" decoding=\"async\" class=\"size-full wp-image-12189 aligncenter\" title=\"Coletivo V\u00f4 Pix\u00e1 Pelada. Foto de Vito Di Stefano\" src=\"http:\/\/rioonwatch.org\/wp-content\/uploads\/2013\/11\/rio-on-watch-vito-di-stefano-11.jpg\" alt=\"\" width=\"560\" height=\"372\" \/><\/a><\/p>\n<h1 style=\"text-align: left;\">Serigrafias Suspensas<\/h1>\n<p style=\"text-align: left;\">Um membro do Coletivo V\u00f4 Pix\u00e1 Pelada pendura uma serigrafia.<\/p>\n<p style=\"text-align: center;\"><a href=\"http:\/\/rioonwatch.org.br\/?attachment_id=12190\" rel=\"attachment wp-att-12190\"><img loading=\"lazy\" decoding=\"async\" class=\"aligncenter size-full wp-image-12190\" title=\"Coletivo V\u00f4 Pix\u00e1 Pelada. Foto de Vito Di Stefano\" src=\"http:\/\/rioonwatch.org\/wp-content\/uploads\/2013\/11\/rio-on-watch-vito-di-stefano-14.jpg\" alt=\"\" width=\"560\" height=\"372\" \/><\/a><\/p>\n<h1 style=\"text-align: left;\">Coletivo V\u00f3 Pix\u00e1 Pelada<\/h1>\n<p>Artistas em frente \u00e0 parede de serigrafia para chamar a aten\u00e7\u00e3o para o problema de crack do Rio de Janeiro.<\/p>\n<p style=\"text-align: center;\"><a href=\"http:\/\/rioonwatch.org.br\/?attachment_id=12191\" rel=\"attachment wp-att-12191\"><img loading=\"lazy\" decoding=\"async\" class=\"aligncenter size-full wp-image-12191\" title=\"Coletivo V\u00f4 Pix\u00e1 Pelada. Foto de Vito Di Stefano\" src=\"http:\/\/rioonwatch.org\/wp-content\/uploads\/2013\/11\/rio-on-watch-vito-di-stefano-15.jpg\" alt=\"\" width=\"560\" height=\"372\" \/><\/a><\/p>\n<h1 style=\"text-align: left;\">Exibi\u00e7\u00e3o de Filme<\/h1>\n<p style=\"text-align: left;\">Ap\u00f3s o debate, uma sess\u00e3o de cinema ocorreu na sala de cinema do Hotel da Loucura.<\/p>\n<p style=\"text-align: center;\"><a href=\"http:\/\/rioonwatch.org.br\/?attachment_id=12192\" rel=\"attachment wp-att-12192\"><img loading=\"lazy\" decoding=\"async\" class=\"aligncenter size-full wp-image-12192\" title=\"Exibi\u00e7\u00e3o de filme. Foto de Vito Di Stefano\" src=\"http:\/\/rioonwatch.org\/wp-content\/uploads\/2013\/11\/rio-on-watch-vito-di-stefano-16.jpg\" alt=\"\" width=\"560\" height=\"372\" \/><\/a><\/p>\n<p style=\"text-align: left;\"><em><a href=\"http:\/\/bit.ly\/1dnlGvs\" target=\"_blank\">Vito Di Stefano<\/a>\u00a0\u00e9 um foto-jornalista freelance atualmente vivendo no Rio de Janeiro.<\/em><\/p>\n<!-- AddThis Advanced Settings generic via filter on the_content --><!-- AddThis Share Buttons generic via filter on the_content -->","protected":false},"excerpt":{"rendered":"<div class=\"mh-excerpt\"><p>Na sexta-feira, 08 de novembro, o Hotel e Spa da Loucura Centro Psiqui\u00e1trico e de Reabilita\u00e7\u00e3o Nise da Silveira sediou o AFROntamento, um evento em comemora\u00e7\u00e3o ao M\u00eas da Consci\u00eancia Negra no Brasil. O evento <a class=\"mh-excerpt-more\" href=\"https:\/\/rioonwatch.org.br\/?p=8603\" title=\"AFROntamento Aborda Quest\u00f5es Afro-brasileiras e Arte no Hotel da Loucura [IMAGENS]\">[&#8230;]<\/a><!-- AddThis Advanced Settings generic via filter on get_the_excerpt --><!-- AddThis Share Buttons generic via filter on get_the_excerpt --><\/p>\n<\/div>","protected":false},"author":129,"featured_media":8651,"comment_status":"closed","ping_status":"closed","sticky":false,"template":"","format":"standard","meta":{"_acf_changed":false,"_monsterinsights_skip_tracking":false,"_monsterinsights_sitenote_active":false,"_monsterinsights_sitenote_note":"","_monsterinsights_sitenote_category":0,"footnotes":""},"categories":[1633,342],"tags":[334,332,661,81,513,421,88,128,915,294,184],"writer":[912],"translator":[273],"source":[],"ilustrador":[],"fotografo":[],"class_list":{"0":"post-8603","1":"post","2":"type-post","3":"status-publish","4":"format-standard","5":"has-post-thumbnail","7":"category-foto-reportagens","8":"category-solucoes","9":"tag-arte","10":"tag-complexo-da-mare","11":"tag-crack","12":"tag-cultura","13":"tag-cultura-afro-brasileira","14":"tag-cultura-da-favela","15":"tag-direitos-humanos","16":"tag-historia","17":"tag-mes-da-consciencia-negra","18":"tag-saude","19":"tag-zona-oeste","20":"writer-vito-di-stefano","21":"translator-roseli-franco"},"acf":[],"yoast_head":"<!-- This site is optimized with the Yoast SEO plugin v25.6 - https:\/\/yoast.com\/wordpress\/plugins\/seo\/ -->\n<title>AFROntamento Aborda Quest\u00f5es Afro-brasileiras e Arte no Hotel da Loucura [IMAGENS] - RioOnWatch<\/title>\n<meta name=\"robots\" content=\"index, follow, max-snippet:-1, max-image-preview:large, max-video-preview:-1\" \/>\n<link rel=\"canonical\" href=\"https:\/\/rioonwatch.org.br\/?p=8603\" \/>\n<meta property=\"og:locale\" content=\"pt_BR\" \/>\n<meta property=\"og:type\" content=\"article\" \/>\n<meta property=\"og:title\" content=\"AFROntamento Aborda Quest\u00f5es Afro-brasileiras e Arte no Hotel da Loucura [IMAGENS] - RioOnWatch\" \/>\n<meta property=\"og:description\" content=\"Na sexta-feira, 08 de novembro, o Hotel e Spa da Loucura Centro Psiqui\u00e1trico e de Reabilita\u00e7\u00e3o Nise da Silveira sediou o AFROntamento, um evento em comemora\u00e7\u00e3o ao M\u00eas da Consci\u00eancia Negra no Brasil. O evento [...]\" \/>\n<meta property=\"og:url\" content=\"https:\/\/rioonwatch.org.br\/?p=8603\" \/>\n<meta property=\"og:site_name\" content=\"RioOnWatch\" \/>\n<meta property=\"article:published_time\" content=\"2013-11-14T20:00:21+00:00\" \/>\n<meta property=\"article:modified_time\" content=\"2015-08-14T21:34:34+00:00\" \/>\n<meta property=\"og:image\" content=\"https:\/\/rioonwatch.org.br\/wp-content\/uploads\/2013\/11\/art-afro-capa.jpg\" \/>\n\t<meta property=\"og:image:width\" content=\"300\" \/>\n\t<meta property=\"og:image:height\" content=\"210\" \/>\n\t<meta property=\"og:image:type\" content=\"image\/jpeg\" \/>\n<meta name=\"author\" content=\"Admin\" \/>\n<meta name=\"twitter:card\" content=\"summary_large_image\" \/>\n<meta name=\"twitter:label1\" content=\"Escrito por\" \/>\n\t<meta name=\"twitter:data1\" content=\"Admin\" \/>\n\t<meta name=\"twitter:label2\" content=\"Est. tempo de leitura\" \/>\n\t<meta name=\"twitter:data2\" content=\"3 minutos\" \/>\n<script type=\"application\/ld+json\" class=\"yoast-schema-graph\">{\"@context\":\"https:\/\/schema.org\",\"@graph\":[{\"@type\":\"Article\",\"@id\":\"https:\/\/rioonwatch.org.br\/?p=8603#article\",\"isPartOf\":{\"@id\":\"https:\/\/rioonwatch.org.br\/?p=8603\"},\"author\":{\"name\":\"Admin\",\"@id\":\"https:\/\/rioonwatch.org.br\/#\/schema\/person\/11d64c290506f9df50c71b850c473f68\"},\"headline\":\"AFROntamento Aborda Quest\u00f5es Afro-brasileiras e Arte no Hotel da Loucura [IMAGENS]\",\"datePublished\":\"2013-11-14T20:00:21+00:00\",\"dateModified\":\"2015-08-14T21:34:34+00:00\",\"mainEntityOfPage\":{\"@id\":\"https:\/\/rioonwatch.org.br\/?p=8603\"},\"wordCount\":531,\"publisher\":{\"@id\":\"https:\/\/rioonwatch.org.br\/#organization\"},\"image\":{\"@id\":\"https:\/\/rioonwatch.org.br\/?p=8603#primaryimage\"},\"thumbnailUrl\":\"https:\/\/rioonwatch.org.br\/wp-content\/uploads\/2013\/11\/art-afro-capa.jpg\",\"keywords\":[\"arte\",\"Complexo da Mar\u00e9\",\"crack\",\"cultura\",\"Cultura Afro-brasileira\",\"cultura da favela\",\"Direitos Humanos\",\"hist\u00f3ria\",\"M\u00eas da Consci\u00eancia Negra\",\"sa\u00fade\",\"Zona Oeste\"],\"articleSection\":[\"Fotorreportagens\",\"Solu\u00e7\u00f5es\"],\"inLanguage\":\"pt-BR\"},{\"@type\":\"WebPage\",\"@id\":\"https:\/\/rioonwatch.org.br\/?p=8603\",\"url\":\"https:\/\/rioonwatch.org.br\/?p=8603\",\"name\":\"AFROntamento Aborda Quest\u00f5es Afro-brasileiras e Arte no Hotel da Loucura [IMAGENS] - RioOnWatch\",\"isPartOf\":{\"@id\":\"https:\/\/rioonwatch.org.br\/#website\"},\"primaryImageOfPage\":{\"@id\":\"https:\/\/rioonwatch.org.br\/?p=8603#primaryimage\"},\"image\":{\"@id\":\"https:\/\/rioonwatch.org.br\/?p=8603#primaryimage\"},\"thumbnailUrl\":\"https:\/\/rioonwatch.org.br\/wp-content\/uploads\/2013\/11\/art-afro-capa.jpg\",\"datePublished\":\"2013-11-14T20:00:21+00:00\",\"dateModified\":\"2015-08-14T21:34:34+00:00\",\"breadcrumb\":{\"@id\":\"https:\/\/rioonwatch.org.br\/?p=8603#breadcrumb\"},\"inLanguage\":\"pt-BR\",\"potentialAction\":[{\"@type\":\"ReadAction\",\"target\":[\"https:\/\/rioonwatch.org.br\/?p=8603\"]}]},{\"@type\":\"ImageObject\",\"inLanguage\":\"pt-BR\",\"@id\":\"https:\/\/rioonwatch.org.br\/?p=8603#primaryimage\",\"url\":\"https:\/\/rioonwatch.org.br\/wp-content\/uploads\/2013\/11\/art-afro-capa.jpg\",\"contentUrl\":\"https:\/\/rioonwatch.org.br\/wp-content\/uploads\/2013\/11\/art-afro-capa.jpg\",\"width\":300,\"height\":210},{\"@type\":\"BreadcrumbList\",\"@id\":\"https:\/\/rioonwatch.org.br\/?p=8603#breadcrumb\",\"itemListElement\":[{\"@type\":\"ListItem\",\"position\":1,\"name\":\"In\u00edcio\",\"item\":\"https:\/\/rioonwatch.org.br\/\"},{\"@type\":\"ListItem\",\"position\":2,\"name\":\"AFROntamento Aborda Quest\u00f5es Afro-brasileiras e Arte no Hotel da Loucura [IMAGENS]\"}]},{\"@type\":\"WebSite\",\"@id\":\"https:\/\/rioonwatch.org.br\/#website\",\"url\":\"https:\/\/rioonwatch.org.br\/\",\"name\":\"RioOnWatch\",\"description\":\"relatos das favelas cariocas\",\"publisher\":{\"@id\":\"https:\/\/rioonwatch.org.br\/#organization\"},\"potentialAction\":[{\"@type\":\"SearchAction\",\"target\":{\"@type\":\"EntryPoint\",\"urlTemplate\":\"https:\/\/rioonwatch.org.br\/?s={search_term_string}\"},\"query-input\":{\"@type\":\"PropertyValueSpecification\",\"valueRequired\":true,\"valueName\":\"search_term_string\"}}],\"inLanguage\":\"pt-BR\"},{\"@type\":\"Organization\",\"@id\":\"https:\/\/rioonwatch.org.br\/#organization\",\"name\":\"RioOnWatch\",\"url\":\"https:\/\/rioonwatch.org.br\/\",\"logo\":{\"@type\":\"ImageObject\",\"inLanguage\":\"pt-BR\",\"@id\":\"https:\/\/rioonwatch.org.br\/#\/schema\/logo\/image\/\",\"url\":\"https:\/\/rioonwatch.org.br\/wp-content\/uploads\/2021\/06\/RioOnWatchcabecalhoPT11anos-2.png\",\"contentUrl\":\"https:\/\/rioonwatch.org.br\/wp-content\/uploads\/2021\/06\/RioOnWatchcabecalhoPT11anos-2.png\",\"width\":779,\"height\":277,\"caption\":\"RioOnWatch\"},\"image\":{\"@id\":\"https:\/\/rioonwatch.org.br\/#\/schema\/logo\/image\/\"}},{\"@type\":\"Person\",\"@id\":\"https:\/\/rioonwatch.org.br\/#\/schema\/person\/11d64c290506f9df50c71b850c473f68\",\"name\":\"Admin\",\"image\":{\"@type\":\"ImageObject\",\"inLanguage\":\"pt-BR\",\"@id\":\"https:\/\/rioonwatch.org.br\/#\/schema\/person\/image\/\",\"url\":\"https:\/\/secure.gravatar.com\/avatar\/56211ac74568383903349a1485e3c325?s=96&d=blank&r=g\",\"contentUrl\":\"https:\/\/secure.gravatar.com\/avatar\/56211ac74568383903349a1485e3c325?s=96&d=blank&r=g\",\"caption\":\"Admin\"},\"url\":\"https:\/\/rioonwatch.org.br\/?author=129\"}]}<\/script>\n<!-- \/ Yoast SEO plugin. -->","yoast_head_json":{"title":"AFROntamento Aborda Quest\u00f5es Afro-brasileiras e Arte no Hotel da Loucura [IMAGENS] - RioOnWatch","robots":{"index":"index","follow":"follow","max-snippet":"max-snippet:-1","max-image-preview":"max-image-preview:large","max-video-preview":"max-video-preview:-1"},"canonical":"https:\/\/rioonwatch.org.br\/?p=8603","og_locale":"pt_BR","og_type":"article","og_title":"AFROntamento Aborda Quest\u00f5es Afro-brasileiras e Arte no Hotel da Loucura [IMAGENS] - RioOnWatch","og_description":"Na sexta-feira, 08 de novembro, o Hotel e Spa da Loucura Centro Psiqui\u00e1trico e de Reabilita\u00e7\u00e3o Nise da Silveira sediou o AFROntamento, um evento em comemora\u00e7\u00e3o ao M\u00eas da Consci\u00eancia Negra no Brasil. O evento [...]","og_url":"https:\/\/rioonwatch.org.br\/?p=8603","og_site_name":"RioOnWatch","article_published_time":"2013-11-14T20:00:21+00:00","article_modified_time":"2015-08-14T21:34:34+00:00","og_image":[{"width":300,"height":210,"url":"https:\/\/rioonwatch.org.br\/wp-content\/uploads\/2013\/11\/art-afro-capa.jpg","type":"image\/jpeg"}],"author":"Admin","twitter_card":"summary_large_image","twitter_misc":{"Escrito por":"Admin","Est. tempo de leitura":"3 minutos"},"schema":{"@context":"https:\/\/schema.org","@graph":[{"@type":"Article","@id":"https:\/\/rioonwatch.org.br\/?p=8603#article","isPartOf":{"@id":"https:\/\/rioonwatch.org.br\/?p=8603"},"author":{"name":"Admin","@id":"https:\/\/rioonwatch.org.br\/#\/schema\/person\/11d64c290506f9df50c71b850c473f68"},"headline":"AFROntamento Aborda Quest\u00f5es Afro-brasileiras e Arte no Hotel da Loucura [IMAGENS]","datePublished":"2013-11-14T20:00:21+00:00","dateModified":"2015-08-14T21:34:34+00:00","mainEntityOfPage":{"@id":"https:\/\/rioonwatch.org.br\/?p=8603"},"wordCount":531,"publisher":{"@id":"https:\/\/rioonwatch.org.br\/#organization"},"image":{"@id":"https:\/\/rioonwatch.org.br\/?p=8603#primaryimage"},"thumbnailUrl":"https:\/\/rioonwatch.org.br\/wp-content\/uploads\/2013\/11\/art-afro-capa.jpg","keywords":["arte","Complexo da Mar\u00e9","crack","cultura","Cultura Afro-brasileira","cultura da favela","Direitos Humanos","hist\u00f3ria","M\u00eas da Consci\u00eancia Negra","sa\u00fade","Zona Oeste"],"articleSection":["Fotorreportagens","Solu\u00e7\u00f5es"],"inLanguage":"pt-BR"},{"@type":"WebPage","@id":"https:\/\/rioonwatch.org.br\/?p=8603","url":"https:\/\/rioonwatch.org.br\/?p=8603","name":"AFROntamento Aborda Quest\u00f5es Afro-brasileiras e Arte no Hotel da Loucura [IMAGENS] - RioOnWatch","isPartOf":{"@id":"https:\/\/rioonwatch.org.br\/#website"},"primaryImageOfPage":{"@id":"https:\/\/rioonwatch.org.br\/?p=8603#primaryimage"},"image":{"@id":"https:\/\/rioonwatch.org.br\/?p=8603#primaryimage"},"thumbnailUrl":"https:\/\/rioonwatch.org.br\/wp-content\/uploads\/2013\/11\/art-afro-capa.jpg","datePublished":"2013-11-14T20:00:21+00:00","dateModified":"2015-08-14T21:34:34+00:00","breadcrumb":{"@id":"https:\/\/rioonwatch.org.br\/?p=8603#breadcrumb"},"inLanguage":"pt-BR","potentialAction":[{"@type":"ReadAction","target":["https:\/\/rioonwatch.org.br\/?p=8603"]}]},{"@type":"ImageObject","inLanguage":"pt-BR","@id":"https:\/\/rioonwatch.org.br\/?p=8603#primaryimage","url":"https:\/\/rioonwatch.org.br\/wp-content\/uploads\/2013\/11\/art-afro-capa.jpg","contentUrl":"https:\/\/rioonwatch.org.br\/wp-content\/uploads\/2013\/11\/art-afro-capa.jpg","width":300,"height":210},{"@type":"BreadcrumbList","@id":"https:\/\/rioonwatch.org.br\/?p=8603#breadcrumb","itemListElement":[{"@type":"ListItem","position":1,"name":"In\u00edcio","item":"https:\/\/rioonwatch.org.br\/"},{"@type":"ListItem","position":2,"name":"AFROntamento Aborda Quest\u00f5es Afro-brasileiras e Arte no Hotel da Loucura [IMAGENS]"}]},{"@type":"WebSite","@id":"https:\/\/rioonwatch.org.br\/#website","url":"https:\/\/rioonwatch.org.br\/","name":"RioOnWatch","description":"relatos das favelas cariocas","publisher":{"@id":"https:\/\/rioonwatch.org.br\/#organization"},"potentialAction":[{"@type":"SearchAction","target":{"@type":"EntryPoint","urlTemplate":"https:\/\/rioonwatch.org.br\/?s={search_term_string}"},"query-input":{"@type":"PropertyValueSpecification","valueRequired":true,"valueName":"search_term_string"}}],"inLanguage":"pt-BR"},{"@type":"Organization","@id":"https:\/\/rioonwatch.org.br\/#organization","name":"RioOnWatch","url":"https:\/\/rioonwatch.org.br\/","logo":{"@type":"ImageObject","inLanguage":"pt-BR","@id":"https:\/\/rioonwatch.org.br\/#\/schema\/logo\/image\/","url":"https:\/\/rioonwatch.org.br\/wp-content\/uploads\/2021\/06\/RioOnWatchcabecalhoPT11anos-2.png","contentUrl":"https:\/\/rioonwatch.org.br\/wp-content\/uploads\/2021\/06\/RioOnWatchcabecalhoPT11anos-2.png","width":779,"height":277,"caption":"RioOnWatch"},"image":{"@id":"https:\/\/rioonwatch.org.br\/#\/schema\/logo\/image\/"}},{"@type":"Person","@id":"https:\/\/rioonwatch.org.br\/#\/schema\/person\/11d64c290506f9df50c71b850c473f68","name":"Admin","image":{"@type":"ImageObject","inLanguage":"pt-BR","@id":"https:\/\/rioonwatch.org.br\/#\/schema\/person\/image\/","url":"https:\/\/secure.gravatar.com\/avatar\/56211ac74568383903349a1485e3c325?s=96&d=blank&r=g","contentUrl":"https:\/\/secure.gravatar.com\/avatar\/56211ac74568383903349a1485e3c325?s=96&d=blank&r=g","caption":"Admin"},"url":"https:\/\/rioonwatch.org.br\/?author=129"}]}},"_links":{"self":[{"href":"https:\/\/rioonwatch.org.br\/index.php?rest_route=\/wp\/v2\/posts\/8603"}],"collection":[{"href":"https:\/\/rioonwatch.org.br\/index.php?rest_route=\/wp\/v2\/posts"}],"about":[{"href":"https:\/\/rioonwatch.org.br\/index.php?rest_route=\/wp\/v2\/types\/post"}],"author":[{"embeddable":true,"href":"https:\/\/rioonwatch.org.br\/index.php?rest_route=\/wp\/v2\/users\/129"}],"replies":[{"embeddable":true,"href":"https:\/\/rioonwatch.org.br\/index.php?rest_route=%2Fwp%2Fv2%2Fcomments&post=8603"}],"version-history":[{"count":62,"href":"https:\/\/rioonwatch.org.br\/index.php?rest_route=\/wp\/v2\/posts\/8603\/revisions"}],"predecessor-version":[{"id":15555,"href":"https:\/\/rioonwatch.org.br\/index.php?rest_route=\/wp\/v2\/posts\/8603\/revisions\/15555"}],"wp:featuredmedia":[{"embeddable":true,"href":"https:\/\/rioonwatch.org.br\/index.php?rest_route=\/wp\/v2\/media\/8651"}],"wp:attachment":[{"href":"https:\/\/rioonwatch.org.br\/index.php?rest_route=%2Fwp%2Fv2%2Fmedia&parent=8603"}],"wp:term":[{"taxonomy":"category","embeddable":true,"href":"https:\/\/rioonwatch.org.br\/index.php?rest_route=%2Fwp%2Fv2%2Fcategories&post=8603"},{"taxonomy":"post_tag","embeddable":true,"href":"https:\/\/rioonwatch.org.br\/index.php?rest_route=%2Fwp%2Fv2%2Ftags&post=8603"},{"taxonomy":"writer","embeddable":true,"href":"https:\/\/rioonwatch.org.br\/index.php?rest_route=%2Fwp%2Fv2%2Fwriter&post=8603"},{"taxonomy":"translator","embeddable":true,"href":"https:\/\/rioonwatch.org.br\/index.php?rest_route=%2Fwp%2Fv2%2Ftranslator&post=8603"},{"taxonomy":"source","embeddable":true,"href":"https:\/\/rioonwatch.org.br\/index.php?rest_route=%2Fwp%2Fv2%2Fsource&post=8603"},{"taxonomy":"ilustrador","embeddable":true,"href":"https:\/\/rioonwatch.org.br\/index.php?rest_route=%2Fwp%2Fv2%2Filustrador&post=8603"},{"taxonomy":"fotografo","embeddable":true,"href":"https:\/\/rioonwatch.org.br\/index.php?rest_route=%2Fwp%2Fv2%2Ffotografo&post=8603"}],"curies":[{"name":"wp","href":"https:\/\/api.w.org\/{rel}","templated":true}]}}