{"id":8664,"date":"2013-11-15T09:36:50","date_gmt":"2013-11-15T12:36:50","guid":{"rendered":"http:\/\/rioonwatch.org.br\/?p=8664"},"modified":"2016-04-28T14:36:09","modified_gmt":"2016-04-28T17:36:09","slug":"campanha-juventude-marcada-para-viver-e-lancada-para-reduzir-homicidios-de-jovens-negros","status":"publish","type":"post","link":"https:\/\/rioonwatch.org.br\/?p=8664","title":{"rendered":"Campanha &#8216;Juventude Marcada para Viver&#8217; \u00e9 Lan\u00e7ada para Reduzir Homic\u00eddios de Jovens Negros"},"content":{"rendered":"<p style=\"text-align: right;\"><em><strong><a href=\"http:\/\/bit.ly\/1fGmPzz\" target=\"_blank\">Click Here for English<img decoding=\"async\" width=\"20\" height=\"20\" class=\"alignright wp-image-15790\" src=\"http:\/\/rioonwatch.org.br\/wp-content\/uploads\/2012\/08\/EN-standard-e1439583104716.jpg\" alt=\"\" \/><\/a><\/strong><\/em><\/p>\n<p><a href=\"http:\/\/www.rioonwatch.org\/?attachment_id=12232\" rel=\"attachment wp-att-12232\"><img fetchpriority=\"high\" decoding=\"async\" class=\"aligncenter wp-image-12232\" title=\"Jovens no lan\u00e7amento da campanha Marcada para Viver. Foto por Janine Magalh\u00e3es\" src=\"http:\/\/www.rioonwatch.org\/wp-content\/uploads\/2013\/11\/janine-magalha\u0303es.jpg\" alt=\"\" width=\"620\" height=\"413\" \/><\/a><\/p>\n<p>No \u00faltimo domingo, 10 de novembro, foi lan\u00e7ada, como parte do <a href=\"http:\/\/bit.ly\/HQ9VTK\" target=\"_blank\">M\u00eas da Consci\u00eancia Negra<\/a>, a campanha \u2018<a href=\"http:\/\/on.fb.me\/1i9ld3J\" target=\"_blank\">Juventude Marcada para Viver<\/a>\u2019 que tem como objetivo reduzir a taxa de homic\u00eddio entre os jovens negros no Brasil. Durante toda a tarde e noite, o Parque Madureira, na Zona Norte do Rio de Janeiro, foi palco de um programa cultural repleto de atra\u00e7\u00f5es e atividades, incluindo fotografia, batalha de dan\u00e7a do passinho, conta\u00e7\u00e3o de hist\u00f3rias, debates e performances musicais do rapper BNeg\u00e3o e o ritmo nordestino do grupo Maracataia. O evento de lan\u00e7amento foi apenas o in\u00edcio de uma ampla campanha concebida e realizada pelos alunos da <a href=\"http:\/\/bit.ly\/13gBRr9\" target=\"_blank\">Escola Popular de Comunica\u00e7\u00e3o Cr\u00edtica (ESPOCC)<\/a> do &#8216;Observat\u00f3rio das Favelas\u2019 para aumentar a conscientiza\u00e7\u00e3o sobre a nega\u00e7\u00e3o sistem\u00e1tica do direito \u00e0 vida de jovens negros das favelas do Rio de Janeiro, afirmando este direito e pressionando para que a\u00e7\u00f5es concretas do governo sejam implementadas para garanti-lo.<\/p>\n<p>O estado do Rio de Janeiro \u00e9 um lugar extremamente perigoso e muitas vezes letal para um jovem, negro e do sexo masculino. Em 2012, 4.013 homic\u00eddios foram registrados no estado do Rio. Destes, 1.418 eram jovens, dos quais 1.078 eram negros e 296 eram brancos. Al\u00e9m disso, as mortes resultantes de a\u00e7\u00f5es policiais apontam para uma desigualdade racial extrema: um jovem negro tem quatro vezes mais chances de ser morto pela pol\u00edcia do Rio de Janeiro do que um jovem branco, com um total de 416 mortes registradas em a\u00e7\u00f5es policiais no ano passado.<\/p>\n<p><a href=\"http:\/\/rioonwatch.org.br\/?attachment_id=12233\" rel=\"attachment wp-att-12233\"><img decoding=\"async\" class=\"alignright size-full wp-image-12233\" title=\"Batalha do Passinho. Foto por M\u00eddiaNINJA\" src=\"http:\/\/rioonwatch.org\/wp-content\/uploads\/2013\/11\/10791324495_e1f25cfcec_c.jpg\" alt=\"\" width=\"336\" height=\"224\" \/><\/a><\/p>\n<p>A falta de indigna\u00e7\u00e3o da popula\u00e7\u00e3o em geral e de a\u00e7\u00e3o do Estado para reduzir essa perda violenta de vida de jovens \u00e9 a motiva\u00e7\u00e3o para a campanha \u2018Juventude Marcada para Viver\u2019. Sendo o projeto final do curso da Escola Popular de Comunica\u00e7\u00e3o Cr\u00edtica de 2012 e 2013, a campanha \u00e9 uma combina\u00e7\u00e3o de comunica\u00e7\u00e3o criativa e colaborativa, a\u00e7\u00f5es de marketing de guerrilha em toda a cidade, v\u00eddeos e parcerias com grupos de m\u00eddia para des-normalizar a situa\u00e7\u00e3o atual no Rio.<\/p>\n<p>O coordenador do ESPOCC, Luis Henrique, explica: &#8220;Os negros morrem mais por causa do racismo. Na verdade o homic\u00eddio \u00e9 a ultima morte que o jovem negro passa porque ele come\u00e7a a ser assassinado simbolicamente desde o momento que ele nasce, j\u00e1 que tem assist\u00eancia m\u00e9dica inferior, uma educa\u00e7\u00e3o inferior, quando ele \u00e9 representado socialmente de forma inferior e como ele \u00e9 associado a viol\u00eancia, a um criminoso. Ele \u00e9 criminalizado por ser negro. Voc\u00ea tem toda uma constru\u00e7\u00e3o que justifica o assassinato no momento de homic\u00eddio&#8221;.<\/p>\n<p><a href=\"http:\/\/rioonwatch.org.br\/?attachment_id=12234\" rel=\"attachment wp-att-12234\"><img loading=\"lazy\" decoding=\"async\" class=\"alignright size-full wp-image-12234\" title=\"No lan\u00e7amento do #JMV. Foto por M\u00eddiaNINJA\" src=\"http:\/\/rioonwatch.org\/wp-content\/uploads\/2013\/11\/10791360884_2da2b3c1ea_c.jpg\" alt=\"\" width=\"336\" height=\"217\" \/><\/a><\/p>\n<p>O Brasil tem uma das maiores taxas de homic\u00eddio do mundo, com 50 mil assassinatos por ano, e dos 28 mil jovens assassinados, 70% s\u00e3o negros. Usando essas estat\u00edsticas chocantes, postando amplamente nas redes sociais usando a hashtag <a href=\"http:\/\/bit.ly\/17TtRBH\" target=\"_blank\">#JMV<\/a>, a campanha \u2018Juventude Marcada para Viver\u2019 \u00e9 uma a\u00e7\u00e3o afirmativa, com \u00eanfase na valoriza\u00e7\u00e3o da vida. No entanto, o objetivo n\u00e3o \u00e9 apenas aumentar a conscientiza\u00e7\u00e3o, mas criar mudan\u00e7a.<\/p>\n<p>&#8220;A campanha JMV trabalha denunciando a situa\u00e7\u00e3o dos homic\u00eddios, mobilizando a sociedade a participar na interrup\u00e7\u00e3o dos homic\u00eddios, responsabilizando o estado e apontando para uma solu\u00e7\u00e3o&#8221;, diz Luis Henrique e continua: &#8220;O in\u00edcio da solu\u00e7\u00e3o que a gente est\u00e1 propondo \u00e9 um protocolo de 5 pontos que a gente quer que o Governo do Estado assuma. J\u00e1 s\u00e3o legais, e devem ser cumpridos mas n\u00e3o s\u00e3o&#8221;.<\/p>\n<p><a href=\"http:\/\/rioonwatch.org.br\/?attachment_id=12235\" rel=\"attachment wp-att-12235\"><img loading=\"lazy\" decoding=\"async\" class=\"alignright size-full wp-image-12235\" title=\"Meu destino \u00e9 viver - MC Succo em uma das imagens virais da campanha\" src=\"http:\/\/rioonwatch.org\/wp-content\/uploads\/2013\/11\/mc-succo.jpg\" alt=\"\" width=\"281\" height=\"419\" \/><\/a>O documento requer que:<\/p>\n<ol>\n<li>Agentes de seguran\u00e7a p\u00fablica priorizem a\u00e7\u00f5es de intelig\u00eancia e controlem o uso de armas de fogo;<\/li>\n<li>Agentes de seguran\u00e7a p\u00fablica obede\u00e7am os princ\u00edpios da legalidade e da preserva\u00e7\u00e3o da vida, sendo obrigados a usar identifica\u00e7\u00e3o e utilizar de mandados individuais de <a href=\"http:\/\/bit.ly\/18hGFhW\" target=\"_blank\">buscas domicili\u00e1rias<\/a>;<\/li>\n<li>\u00d3rg\u00e3os de seguran\u00e7a p\u00fablica disciplinem o uso da for\u00e7a pelos seus agentes, definindo uma regulamenta\u00e7\u00e3o ou proibindo o uso de armas que provoquem risco injustificado;<\/li>\n<li>O uso de armas de fogo a partir dos helic\u00f3pteros da pol\u00edcia seja proibido;<\/li>\n<li>A forma\u00e7\u00e3o de agentes de seguran\u00e7a p\u00fablica inclua conte\u00fados sobre rela\u00e7\u00f5es geracionais e raciais, com vista a eliminar a discrimina\u00e7\u00e3o nas abordagens policiais.<\/li>\n<\/ol>\n<p>Uma <a href=\"http:\/\/bit.ly\/17p7hLb\" target=\"_blank\">peti\u00e7\u00e3o pressionando o governador S\u00e9rgio Cabral a adotar o documento<\/a> \u00e9 parte da campanha. Hospedado na plataforma &#8220;Panela de Press\u00e3o&#8221; do site do Meu Rio, a peti\u00e7\u00e3o com as exig\u00eancias ser\u00e1 entregue a Cabral no ano novo.<\/p>\n<p>Enquanto isso, os alunos da ESPOCC que participam da campanha t\u00eam uma s\u00e9rie de interven\u00e7\u00f5es planejadas para sensibilizar e chamar as pessoas \u00e0 a\u00e7\u00e3o. Falando sobre a campanha no intervalo entre as aulas na ESPOCC, o artista de hip hop e produtor cultural da <a href=\"http:\/\/bit.ly\/10BvARw\" target=\"_blank\">Mar\u00e9<\/a>, MC Succo, diz: &#8220;A gente tem infinitos motivos para falar disso porque s\u00e3o nossos vizinhos, nossos parentes, amigos que est\u00e3o morrendo nesse genoc\u00eddio. \u00c9 elimina\u00e7\u00e3o em massa. Certas declara\u00e7\u00f5es que o governador passou me chocaram e fizeram eu ficar mais revoltado, me fizeram querer lutar para parar com essa linha de pensamento, da um travo nesse pensamento porque daqui a pouco eu entro na fila e morro. Eu sou um negro jovem e estou na mira de morrer&#8221;.\u00a0Ele continua: &#8220;J\u00e1 era pra ter parado e n\u00e3o parou. Na verdade, <a href=\"http:\/\/n.pr\/18pb4bD\" target=\"_blank\">n\u00e3o era pra existir<\/a>&#8220;.<\/p>\n<p>Para assinar a peti\u00e7\u00e3o para a redu\u00e7\u00e3o de homic\u00eddios de jovens negros clique <a href=\"http:\/\/bit.ly\/17p7hLb\" target=\"_blank\">aqui<\/a>.<\/p>\n<p>Siga a campanha Juventude Marcada para Viver no <a href=\"http:\/\/on.fb.me\/1i9ld3J\" target=\"_blank\">Facebook<\/a> e no <a href=\"http:\/\/bit.ly\/1bukyqq\" target=\"_blank\">Twitter<\/a>.<\/p>\n<!-- AddThis Advanced Settings generic via filter on the_content --><!-- AddThis Share Buttons generic via filter on the_content -->","protected":false},"excerpt":{"rendered":"<div class=\"mh-excerpt\"><p>Click Here for English No \u00faltimo domingo, 10 de novembro, foi lan\u00e7ada, como parte do M\u00eas da Consci\u00eancia Negra, a campanha \u2018Juventude Marcada para Viver\u2019 que tem como objetivo reduzir a taxa de homic\u00eddio entre <a class=\"mh-excerpt-more\" href=\"https:\/\/rioonwatch.org.br\/?p=8664\" title=\"Campanha &#8216;Juventude Marcada para Viver&#8217; \u00e9 Lan\u00e7ada para Reduzir Homic\u00eddios de Jovens Negros\">[&#8230;]<\/a><!-- AddThis Advanced Settings generic via filter on get_the_excerpt --><!-- AddThis Share Buttons generic via filter on get_the_excerpt --><\/p>\n<\/div>","protected":false},"author":129,"featured_media":8721,"comment_status":"closed","ping_status":"closed","sticky":false,"template":"","format":"standard","meta":{"_acf_changed":false,"_monsterinsights_skip_tracking":false,"_monsterinsights_sitenote_active":false,"_monsterinsights_sitenote_note":"","_monsterinsights_sitenote_category":0,"footnotes":""},"categories":[346,344,342],"tags":[309,918,113,915,1299,663,919,279,786,920,52],"writer":[402],"translator":[584],"source":[],"ilustrador":[],"fotografo":[],"class_list":{"0":"post-8664","1":"post","2":"type-post","3":"status-publish","4":"format-standard","5":"has-post-thumbnail","7":"category-denuncias","8":"category-politicas","9":"category-solucoes","10":"tag-ativismo","11":"tag-espocc","12":"tag-juventude","13":"tag-mes-da-consciencia-negra","14":"tag-meu-rio","15":"tag-observatorio-de-favelas","16":"tag-reforma-da-policia","17":"tag-seguranca","18":"tag-governador-sergio-cabral","19":"tag-violencia-de-estado","20":"tag-violencia-policial","21":"writer-felicity-clarke","22":"translator-arianne-reis"},"acf":[],"yoast_head":"<!-- This site is optimized with the Yoast SEO plugin v25.6 - https:\/\/yoast.com\/wordpress\/plugins\/seo\/ -->\n<title>Campanha &#039;Juventude Marcada para Viver&#039; \u00e9 Lan\u00e7ada para Reduzir Homic\u00eddios de Jovens Negros - RioOnWatch<\/title>\n<meta name=\"robots\" content=\"index, follow, max-snippet:-1, max-image-preview:large, max-video-preview:-1\" \/>\n<link rel=\"canonical\" href=\"https:\/\/rioonwatch.org.br\/?p=8664\" \/>\n<meta property=\"og:locale\" content=\"pt_BR\" \/>\n<meta property=\"og:type\" content=\"article\" \/>\n<meta property=\"og:title\" content=\"Campanha &#039;Juventude Marcada para Viver&#039; \u00e9 Lan\u00e7ada para Reduzir Homic\u00eddios de Jovens Negros - RioOnWatch\" \/>\n<meta property=\"og:description\" content=\"Click Here for English No \u00faltimo domingo, 10 de novembro, foi lan\u00e7ada, como parte do M\u00eas da Consci\u00eancia Negra, a campanha \u2018Juventude Marcada para Viver\u2019 que tem como objetivo reduzir a taxa de homic\u00eddio entre [...]\" \/>\n<meta property=\"og:url\" content=\"https:\/\/rioonwatch.org.br\/?p=8664\" \/>\n<meta property=\"og:site_name\" content=\"RioOnWatch\" \/>\n<meta property=\"article:published_time\" content=\"2013-11-15T12:36:50+00:00\" \/>\n<meta property=\"article:modified_time\" content=\"2016-04-28T17:36:09+00:00\" \/>\n<meta property=\"og:image\" content=\"https:\/\/rioonwatch.org.br\/wp-content\/uploads\/2013\/11\/Photo-by-Janine-Magalha\u0303es.jpg\" \/>\n\t<meta property=\"og:image:width\" content=\"299\" \/>\n\t<meta property=\"og:image:height\" content=\"211\" \/>\n\t<meta property=\"og:image:type\" content=\"image\/jpeg\" \/>\n<meta name=\"author\" content=\"Admin\" \/>\n<meta name=\"twitter:card\" content=\"summary_large_image\" \/>\n<meta name=\"twitter:label1\" content=\"Escrito por\" \/>\n\t<meta name=\"twitter:data1\" content=\"Admin\" \/>\n\t<meta name=\"twitter:label2\" content=\"Est. tempo de leitura\" \/>\n\t<meta name=\"twitter:data2\" content=\"5 minutos\" \/>\n<script type=\"application\/ld+json\" class=\"yoast-schema-graph\">{\"@context\":\"https:\/\/schema.org\",\"@graph\":[{\"@type\":\"Article\",\"@id\":\"https:\/\/rioonwatch.org.br\/?p=8664#article\",\"isPartOf\":{\"@id\":\"https:\/\/rioonwatch.org.br\/?p=8664\"},\"author\":{\"name\":\"Admin\",\"@id\":\"https:\/\/rioonwatch.org.br\/#\/schema\/person\/11d64c290506f9df50c71b850c473f68\"},\"headline\":\"Campanha &#8216;Juventude Marcada para Viver&#8217; \u00e9 Lan\u00e7ada para Reduzir Homic\u00eddios de Jovens Negros\",\"datePublished\":\"2013-11-15T12:36:50+00:00\",\"dateModified\":\"2016-04-28T17:36:09+00:00\",\"mainEntityOfPage\":{\"@id\":\"https:\/\/rioonwatch.org.br\/?p=8664\"},\"wordCount\":955,\"publisher\":{\"@id\":\"https:\/\/rioonwatch.org.br\/#organization\"},\"image\":{\"@id\":\"https:\/\/rioonwatch.org.br\/?p=8664#primaryimage\"},\"thumbnailUrl\":\"https:\/\/rioonwatch.org.br\/wp-content\/uploads\/2013\/11\/Photo-by-Janine-Magalha\u0303es.jpg\",\"keywords\":[\"ativismo\",\"Espocc\",\"juventude\",\"M\u00eas da Consci\u00eancia Negra\",\"Meu Rio\",\"Observat\u00f3rio de Favelas\",\"reforma da pol\u00edcia\",\"seguran\u00e7a\",\"S\u00e9rgio Cabral\",\"viol\u00eancia de Estado\",\"viol\u00eancia policial\"],\"articleSection\":[\"Den\u00fancias\",\"Pol\u00edticas\",\"Solu\u00e7\u00f5es\"],\"inLanguage\":\"pt-BR\"},{\"@type\":\"WebPage\",\"@id\":\"https:\/\/rioonwatch.org.br\/?p=8664\",\"url\":\"https:\/\/rioonwatch.org.br\/?p=8664\",\"name\":\"Campanha 'Juventude Marcada para Viver' \u00e9 Lan\u00e7ada para Reduzir Homic\u00eddios de Jovens Negros - RioOnWatch\",\"isPartOf\":{\"@id\":\"https:\/\/rioonwatch.org.br\/#website\"},\"primaryImageOfPage\":{\"@id\":\"https:\/\/rioonwatch.org.br\/?p=8664#primaryimage\"},\"image\":{\"@id\":\"https:\/\/rioonwatch.org.br\/?p=8664#primaryimage\"},\"thumbnailUrl\":\"https:\/\/rioonwatch.org.br\/wp-content\/uploads\/2013\/11\/Photo-by-Janine-Magalha\u0303es.jpg\",\"datePublished\":\"2013-11-15T12:36:50+00:00\",\"dateModified\":\"2016-04-28T17:36:09+00:00\",\"breadcrumb\":{\"@id\":\"https:\/\/rioonwatch.org.br\/?p=8664#breadcrumb\"},\"inLanguage\":\"pt-BR\",\"potentialAction\":[{\"@type\":\"ReadAction\",\"target\":[\"https:\/\/rioonwatch.org.br\/?p=8664\"]}]},{\"@type\":\"ImageObject\",\"inLanguage\":\"pt-BR\",\"@id\":\"https:\/\/rioonwatch.org.br\/?p=8664#primaryimage\",\"url\":\"https:\/\/rioonwatch.org.br\/wp-content\/uploads\/2013\/11\/Photo-by-Janine-Magalha\u0303es.jpg\",\"contentUrl\":\"https:\/\/rioonwatch.org.br\/wp-content\/uploads\/2013\/11\/Photo-by-Janine-Magalha\u0303es.jpg\",\"width\":299,\"height\":211},{\"@type\":\"BreadcrumbList\",\"@id\":\"https:\/\/rioonwatch.org.br\/?p=8664#breadcrumb\",\"itemListElement\":[{\"@type\":\"ListItem\",\"position\":1,\"name\":\"In\u00edcio\",\"item\":\"https:\/\/rioonwatch.org.br\/\"},{\"@type\":\"ListItem\",\"position\":2,\"name\":\"Campanha &#8216;Juventude Marcada para Viver&#8217; \u00e9 Lan\u00e7ada para Reduzir Homic\u00eddios de Jovens Negros\"}]},{\"@type\":\"WebSite\",\"@id\":\"https:\/\/rioonwatch.org.br\/#website\",\"url\":\"https:\/\/rioonwatch.org.br\/\",\"name\":\"RioOnWatch\",\"description\":\"relatos das favelas cariocas\",\"publisher\":{\"@id\":\"https:\/\/rioonwatch.org.br\/#organization\"},\"potentialAction\":[{\"@type\":\"SearchAction\",\"target\":{\"@type\":\"EntryPoint\",\"urlTemplate\":\"https:\/\/rioonwatch.org.br\/?s={search_term_string}\"},\"query-input\":{\"@type\":\"PropertyValueSpecification\",\"valueRequired\":true,\"valueName\":\"search_term_string\"}}],\"inLanguage\":\"pt-BR\"},{\"@type\":\"Organization\",\"@id\":\"https:\/\/rioonwatch.org.br\/#organization\",\"name\":\"RioOnWatch\",\"url\":\"https:\/\/rioonwatch.org.br\/\",\"logo\":{\"@type\":\"ImageObject\",\"inLanguage\":\"pt-BR\",\"@id\":\"https:\/\/rioonwatch.org.br\/#\/schema\/logo\/image\/\",\"url\":\"https:\/\/rioonwatch.org.br\/wp-content\/uploads\/2021\/06\/RioOnWatchcabecalhoPT11anos-2.png\",\"contentUrl\":\"https:\/\/rioonwatch.org.br\/wp-content\/uploads\/2021\/06\/RioOnWatchcabecalhoPT11anos-2.png\",\"width\":779,\"height\":277,\"caption\":\"RioOnWatch\"},\"image\":{\"@id\":\"https:\/\/rioonwatch.org.br\/#\/schema\/logo\/image\/\"}},{\"@type\":\"Person\",\"@id\":\"https:\/\/rioonwatch.org.br\/#\/schema\/person\/11d64c290506f9df50c71b850c473f68\",\"name\":\"Admin\",\"image\":{\"@type\":\"ImageObject\",\"inLanguage\":\"pt-BR\",\"@id\":\"https:\/\/rioonwatch.org.br\/#\/schema\/person\/image\/\",\"url\":\"https:\/\/secure.gravatar.com\/avatar\/56211ac74568383903349a1485e3c325?s=96&d=blank&r=g\",\"contentUrl\":\"https:\/\/secure.gravatar.com\/avatar\/56211ac74568383903349a1485e3c325?s=96&d=blank&r=g\",\"caption\":\"Admin\"},\"url\":\"https:\/\/rioonwatch.org.br\/?author=129\"}]}<\/script>\n<!-- \/ Yoast SEO plugin. -->","yoast_head_json":{"title":"Campanha 'Juventude Marcada para Viver' \u00e9 Lan\u00e7ada para Reduzir Homic\u00eddios de Jovens Negros - RioOnWatch","robots":{"index":"index","follow":"follow","max-snippet":"max-snippet:-1","max-image-preview":"max-image-preview:large","max-video-preview":"max-video-preview:-1"},"canonical":"https:\/\/rioonwatch.org.br\/?p=8664","og_locale":"pt_BR","og_type":"article","og_title":"Campanha 'Juventude Marcada para Viver' \u00e9 Lan\u00e7ada para Reduzir Homic\u00eddios de Jovens Negros - RioOnWatch","og_description":"Click Here for English No \u00faltimo domingo, 10 de novembro, foi lan\u00e7ada, como parte do M\u00eas da Consci\u00eancia Negra, a campanha \u2018Juventude Marcada para Viver\u2019 que tem como objetivo reduzir a taxa de homic\u00eddio entre [...]","og_url":"https:\/\/rioonwatch.org.br\/?p=8664","og_site_name":"RioOnWatch","article_published_time":"2013-11-15T12:36:50+00:00","article_modified_time":"2016-04-28T17:36:09+00:00","og_image":[{"width":299,"height":211,"url":"https:\/\/rioonwatch.org.br\/wp-content\/uploads\/2013\/11\/Photo-by-Janine-Magalha\u0303es.jpg","type":"image\/jpeg"}],"author":"Admin","twitter_card":"summary_large_image","twitter_misc":{"Escrito por":"Admin","Est. tempo de leitura":"5 minutos"},"schema":{"@context":"https:\/\/schema.org","@graph":[{"@type":"Article","@id":"https:\/\/rioonwatch.org.br\/?p=8664#article","isPartOf":{"@id":"https:\/\/rioonwatch.org.br\/?p=8664"},"author":{"name":"Admin","@id":"https:\/\/rioonwatch.org.br\/#\/schema\/person\/11d64c290506f9df50c71b850c473f68"},"headline":"Campanha &#8216;Juventude Marcada para Viver&#8217; \u00e9 Lan\u00e7ada para Reduzir Homic\u00eddios de Jovens Negros","datePublished":"2013-11-15T12:36:50+00:00","dateModified":"2016-04-28T17:36:09+00:00","mainEntityOfPage":{"@id":"https:\/\/rioonwatch.org.br\/?p=8664"},"wordCount":955,"publisher":{"@id":"https:\/\/rioonwatch.org.br\/#organization"},"image":{"@id":"https:\/\/rioonwatch.org.br\/?p=8664#primaryimage"},"thumbnailUrl":"https:\/\/rioonwatch.org.br\/wp-content\/uploads\/2013\/11\/Photo-by-Janine-Magalha\u0303es.jpg","keywords":["ativismo","Espocc","juventude","M\u00eas da Consci\u00eancia Negra","Meu Rio","Observat\u00f3rio de Favelas","reforma da pol\u00edcia","seguran\u00e7a","S\u00e9rgio Cabral","viol\u00eancia de Estado","viol\u00eancia policial"],"articleSection":["Den\u00fancias","Pol\u00edticas","Solu\u00e7\u00f5es"],"inLanguage":"pt-BR"},{"@type":"WebPage","@id":"https:\/\/rioonwatch.org.br\/?p=8664","url":"https:\/\/rioonwatch.org.br\/?p=8664","name":"Campanha 'Juventude Marcada para Viver' \u00e9 Lan\u00e7ada para Reduzir Homic\u00eddios de Jovens Negros - RioOnWatch","isPartOf":{"@id":"https:\/\/rioonwatch.org.br\/#website"},"primaryImageOfPage":{"@id":"https:\/\/rioonwatch.org.br\/?p=8664#primaryimage"},"image":{"@id":"https:\/\/rioonwatch.org.br\/?p=8664#primaryimage"},"thumbnailUrl":"https:\/\/rioonwatch.org.br\/wp-content\/uploads\/2013\/11\/Photo-by-Janine-Magalha\u0303es.jpg","datePublished":"2013-11-15T12:36:50+00:00","dateModified":"2016-04-28T17:36:09+00:00","breadcrumb":{"@id":"https:\/\/rioonwatch.org.br\/?p=8664#breadcrumb"},"inLanguage":"pt-BR","potentialAction":[{"@type":"ReadAction","target":["https:\/\/rioonwatch.org.br\/?p=8664"]}]},{"@type":"ImageObject","inLanguage":"pt-BR","@id":"https:\/\/rioonwatch.org.br\/?p=8664#primaryimage","url":"https:\/\/rioonwatch.org.br\/wp-content\/uploads\/2013\/11\/Photo-by-Janine-Magalha\u0303es.jpg","contentUrl":"https:\/\/rioonwatch.org.br\/wp-content\/uploads\/2013\/11\/Photo-by-Janine-Magalha\u0303es.jpg","width":299,"height":211},{"@type":"BreadcrumbList","@id":"https:\/\/rioonwatch.org.br\/?p=8664#breadcrumb","itemListElement":[{"@type":"ListItem","position":1,"name":"In\u00edcio","item":"https:\/\/rioonwatch.org.br\/"},{"@type":"ListItem","position":2,"name":"Campanha &#8216;Juventude Marcada para Viver&#8217; \u00e9 Lan\u00e7ada para Reduzir Homic\u00eddios de Jovens Negros"}]},{"@type":"WebSite","@id":"https:\/\/rioonwatch.org.br\/#website","url":"https:\/\/rioonwatch.org.br\/","name":"RioOnWatch","description":"relatos das favelas cariocas","publisher":{"@id":"https:\/\/rioonwatch.org.br\/#organization"},"potentialAction":[{"@type":"SearchAction","target":{"@type":"EntryPoint","urlTemplate":"https:\/\/rioonwatch.org.br\/?s={search_term_string}"},"query-input":{"@type":"PropertyValueSpecification","valueRequired":true,"valueName":"search_term_string"}}],"inLanguage":"pt-BR"},{"@type":"Organization","@id":"https:\/\/rioonwatch.org.br\/#organization","name":"RioOnWatch","url":"https:\/\/rioonwatch.org.br\/","logo":{"@type":"ImageObject","inLanguage":"pt-BR","@id":"https:\/\/rioonwatch.org.br\/#\/schema\/logo\/image\/","url":"https:\/\/rioonwatch.org.br\/wp-content\/uploads\/2021\/06\/RioOnWatchcabecalhoPT11anos-2.png","contentUrl":"https:\/\/rioonwatch.org.br\/wp-content\/uploads\/2021\/06\/RioOnWatchcabecalhoPT11anos-2.png","width":779,"height":277,"caption":"RioOnWatch"},"image":{"@id":"https:\/\/rioonwatch.org.br\/#\/schema\/logo\/image\/"}},{"@type":"Person","@id":"https:\/\/rioonwatch.org.br\/#\/schema\/person\/11d64c290506f9df50c71b850c473f68","name":"Admin","image":{"@type":"ImageObject","inLanguage":"pt-BR","@id":"https:\/\/rioonwatch.org.br\/#\/schema\/person\/image\/","url":"https:\/\/secure.gravatar.com\/avatar\/56211ac74568383903349a1485e3c325?s=96&d=blank&r=g","contentUrl":"https:\/\/secure.gravatar.com\/avatar\/56211ac74568383903349a1485e3c325?s=96&d=blank&r=g","caption":"Admin"},"url":"https:\/\/rioonwatch.org.br\/?author=129"}]}},"_links":{"self":[{"href":"https:\/\/rioonwatch.org.br\/index.php?rest_route=\/wp\/v2\/posts\/8664"}],"collection":[{"href":"https:\/\/rioonwatch.org.br\/index.php?rest_route=\/wp\/v2\/posts"}],"about":[{"href":"https:\/\/rioonwatch.org.br\/index.php?rest_route=\/wp\/v2\/types\/post"}],"author":[{"embeddable":true,"href":"https:\/\/rioonwatch.org.br\/index.php?rest_route=\/wp\/v2\/users\/129"}],"replies":[{"embeddable":true,"href":"https:\/\/rioonwatch.org.br\/index.php?rest_route=%2Fwp%2Fv2%2Fcomments&post=8664"}],"version-history":[{"count":71,"href":"https:\/\/rioonwatch.org.br\/index.php?rest_route=\/wp\/v2\/posts\/8664\/revisions"}],"predecessor-version":[{"id":19459,"href":"https:\/\/rioonwatch.org.br\/index.php?rest_route=\/wp\/v2\/posts\/8664\/revisions\/19459"}],"wp:featuredmedia":[{"embeddable":true,"href":"https:\/\/rioonwatch.org.br\/index.php?rest_route=\/wp\/v2\/media\/8721"}],"wp:attachment":[{"href":"https:\/\/rioonwatch.org.br\/index.php?rest_route=%2Fwp%2Fv2%2Fmedia&parent=8664"}],"wp:term":[{"taxonomy":"category","embeddable":true,"href":"https:\/\/rioonwatch.org.br\/index.php?rest_route=%2Fwp%2Fv2%2Fcategories&post=8664"},{"taxonomy":"post_tag","embeddable":true,"href":"https:\/\/rioonwatch.org.br\/index.php?rest_route=%2Fwp%2Fv2%2Ftags&post=8664"},{"taxonomy":"writer","embeddable":true,"href":"https:\/\/rioonwatch.org.br\/index.php?rest_route=%2Fwp%2Fv2%2Fwriter&post=8664"},{"taxonomy":"translator","embeddable":true,"href":"https:\/\/rioonwatch.org.br\/index.php?rest_route=%2Fwp%2Fv2%2Ftranslator&post=8664"},{"taxonomy":"source","embeddable":true,"href":"https:\/\/rioonwatch.org.br\/index.php?rest_route=%2Fwp%2Fv2%2Fsource&post=8664"},{"taxonomy":"ilustrador","embeddable":true,"href":"https:\/\/rioonwatch.org.br\/index.php?rest_route=%2Fwp%2Fv2%2Filustrador&post=8664"},{"taxonomy":"fotografo","embeddable":true,"href":"https:\/\/rioonwatch.org.br\/index.php?rest_route=%2Fwp%2Fv2%2Ffotografo&post=8664"}],"curies":[{"name":"wp","href":"https:\/\/api.w.org\/{rel}","templated":true}]}}