{"id":877,"date":"2010-11-10T08:54:22","date_gmt":"2010-11-10T11:54:22","guid":{"rendered":"http:\/\/favela.info\/?p=877"},"modified":"2015-08-15T18:51:43","modified_gmt":"2015-08-15T21:51:43","slug":"vila-taboinha-resumo-do-primeiro-dia-de-luta-contra-o-despejo-irregular","status":"publish","type":"post","link":"https:\/\/rioonwatch.org.br\/?p=877","title":{"rendered":"Vila Taboinha \u2013 Resumo do Primeiro Dia De Luta Contra o Despejo Irregular"},"content":{"rendered":"<p>Neste dia 09\/11\/2010, a comunidade Vila Taboinha teve a primeira tentativa concreta de execu\u00e7\u00e3o do despejo ordenado pela Ju\u00edza \u00c9rica Batista de Castro, no curso do processo movido pelos \u201cpropriet\u00e1rios\u201d do terreno situado no Lote 1, do PAL 31680, na Estrada dos Bandeirantes, 29.503, Recreio dos Bandeirantes, Rio de Janeiro.<\/p>\n<p align=\"justify\">Uma turma de pouco mais de dez oficiais de Justi\u00e7a chegou \u00e0 comunidade por volta das 10h, escoltados por uma guarni\u00e7\u00e3o de aproximadamente trinta policiais militares do BPChoque e do 31\u00ba BPM, uma equipe de assistentes sociais da SMAS al\u00e9m de algumas unidades de resgate do Corpo de Bombeiros e diversos caminh\u00f5es de mudan\u00e7a particulares.<\/p>\n<p align=\"justify\">Pelo lado da comunidade, mais de 400 moradores da Vila Taboinhas e de dezenas de outras comunidades pr\u00f3ximas ligadas ao Movimento Uni\u00e3o Popular (MUP), defensores p\u00fablicos do N\u00facleo de Terras e Habita\u00e7\u00e3o, assessores de mandatos parlamentares, da Comiss\u00e3o de Direitos Humanos da Alerj, al\u00e9m de dezenas de militantes de movimentos sociais e de organiza\u00e7\u00f5es n\u00e3o governamentais de luta pelos Direitos Humanos e pela Moradia Digna.<\/p>\n<p align=\"justify\">O \u00e2nimo da comunidade estava voltado para a resist\u00eancia e para a tentativa de demover as autoridades judici\u00e1rias da ordem que tem sido sustentada ao rasgo dos direitos constitucionais mais elementares das 400 fam\u00edlias ali residentes e das determina\u00e7\u00f5es legais do C\u00f3digo de Processo Civil. Quest\u00f5es t\u00e9cnicas absolutamente descabidas e carentes de fundamento foram utilizadas com o intuito de manter a ordem de despejo.<\/p>\n<p align=\"justify\">Demonstrando claramente o desconhecimento do tamanho e da disposi\u00e7\u00e3o da comunidade, os oficiais de justi\u00e7a logo perceberam a grande dificuldade que teriam de cumprir a ordem. A tens\u00e3o explodiu quando um grupo de PMs do BPChoque, sem qualquer provoca\u00e7\u00e3o da comunidade ou ordem superior, despejou bombas de g\u00e1s de pimenta na entrada da Vila, num momento em que seus pr\u00f3prios comandantes acompanhavam as lideran\u00e7as comunit\u00e1rias e a chefe dos oficiais de justi\u00e7a numa vistoria preliminar das resid\u00eancias objeto da a\u00e7\u00e3o. Ressalte-se a postura exemplar do Tenente-Coronel Antonio Couto, do 31\u00ba BPM, que por todo o tempo conduziu a opera\u00e7\u00e3o buscando o di\u00e1logo e o entendimento entre as autoridades judici\u00e1rias e os \u00f3rg\u00e3os governamentais atinentes \u00e0 quest\u00e3o habitacional e dos Direitos Humanos. Ao contr\u00e1rio do que a grande m\u00eddia tem informado, n\u00e3o houve confronto entre o BPChoque e os moradores, mas um ataque descabido seguido de correria e indigna\u00e7\u00e3o diante da postura de alguns policiais que afrontaram a hierarquia da corpora\u00e7\u00e3o e tentaram resolver as coisas por seus pr\u00f3prios meios (<a href=\"http:\/\/noticias.r7.com\/rio-de-janeiro\/noticias\/video-exclusivo-do-r7-mostra-confronto-na-vila-taboinha-20101109.html\">video do portal R7<\/a>).<\/p>\n<p align=\"justify\">Da\u00ed por diante, instaurou-se novo impasse. Os aliados da comunidade tentavam a todo custo localizar a Desembargadora Concei\u00e7\u00e3o Mousnier (relatora do agravo interposto pelos defensores p\u00fablicos na 20\u00aa C\u00e2mara C\u00edvel), que j\u00e1 tinha decidido liminarmente favor\u00e1vel \u00e0 comunidade, mas mudou de id\u00e9ia no dia seguinte alegando que o agravo fora interposto fora do prazo (o que \u00e9 uma inverdade) e depois simplesmente \u201cdesapareceu\u201d sem responder \u00e0s tentativas de contato dos defensores p\u00fablicos e sequer comparecendo ao seu expediente de trabalho na 2\u00aa feira 08\/11\/2010.<\/p>\n<figure id=\"attachment_882\" aria-describedby=\"caption-attachment-882\" style=\"width: 300px\" class=\"wp-caption alignright\"><img fetchpriority=\"high\" decoding=\"async\" class=\"wp-image-882 size-full\" title=\"Oficiais de Justi\u00e7a, peritos e representantes dos donos do terreno estavam no local. Foto: Patrick Granja\" src=\"http:\/\/rioonwatch.org.br\/wp-content\/uploads\/2010\/11\/taboinha3.jpg\" alt=\"Oficiais de Justi\u00e7a, peritos e representantes dos donos do terreno estavam no local. Foto: Patrick Granja\" width=\"300\" height=\"225\" srcset=\"https:\/\/rioonwatch.org.br\/wp-content\/uploads\/2010\/11\/taboinha3.jpg 300w, https:\/\/rioonwatch.org.br\/wp-content\/uploads\/2010\/11\/taboinha3-174x131.jpg 174w, https:\/\/rioonwatch.org.br\/wp-content\/uploads\/2010\/11\/taboinha3-70x53.jpg 70w\" sizes=\"(max-width: 300px) 100vw, 300px\" \/><figcaption id=\"caption-attachment-882\" class=\"wp-caption-text\">Oficiais de Justi\u00e7a, peritos e representantes dos donos do terreno estavam no local. Foto: Patrick Granja<\/figcaption><\/figure>\n<p align=\"justify\">No final da tarde, o Secret\u00e1rio Municipal de Habita\u00e7\u00e3o Pierre Batista apareceu na comunidade oferecendo uma negocia\u00e7\u00e3o junto \u00e0 Ju\u00edza \u00c9rica Batista de Castro para que ela suspenda a reintegra\u00e7\u00e3o de posse por um per\u00edodo de quinze a trinta dias, de modo que a SMH possa proceder ao cadastramento das fam\u00edlias localizadas na \u00e1rea pleiteada, ao encaminhamento para o \u201cAluguel Social\u201d e, conforme o caso, para projetos habitacionais ligados ao MCMV. Logo que o Secret\u00e1rio se retirou, equipes da Sub-Prefeitura da Barra come\u00e7aram a informar que iniciariam imediatamente o cadastro das fam\u00edlias e marcaram diversas casas com tinta. \u00c9 p\u00fablico e not\u00f3rio que esse \u00e9 o procedimento que antecede as a\u00e7\u00f5es de remo\u00e7\u00e3o sum\u00e1ria engendradas pela Prefeitura Municipal \u2013 o que torna a situa\u00e7\u00e3o ainda mais preocupante.<\/p>\n<p align=\"justify\">\u00c0 noite, correu a informa\u00e7\u00e3o de que as equipes da Sub-Prefeitura retornariam \u00e0 comunidade nesta quarta-feira 10\/11\/2010 para demolir casas \u201cvazias\u201d. O problema \u00e9 que h\u00e1 grande possibilidade de que essas casas \u201cvazias\u201d sejam as casas de moradores que estavam na comunidade, mas, devido \u00e0 dispers\u00e3o e ao clima de desespero, n\u00e3o se apresentaram aos representantes da SMH e da Sub-Prefeitura.<\/p>\n<p align=\"justify\">O terreno em disputa tem uma \u00e1rea aproximada de 40.000m2 e pertence a um grupo de diversas pessoas f\u00edsicas al\u00e9m da empresa Debret S\/A Constru\u00e7\u00f5es e Empreendimentos. Consta nos autos do pr\u00f3prio processo de reintegra\u00e7\u00e3o de posse que os propriet\u00e1rios devem 22 anos de IPTU \u00e0 Prefeitura Municipal do Rio de Janeiro. Com a aprova\u00e7\u00e3o do obscuro \u201cnovo\u201d PEU Vargens (Lei Complementar 104\/2009), na C\u00e2mara Municipal, o terreno em quest\u00e3o sofreu uma valoriza\u00e7\u00e3o de mais de 1000% e os propriet\u00e1rios, agora, querem capitalizar-se o mais r\u00e1pido poss\u00edvel.<\/p>\n<p align=\"justify\">O advogado dos propriet\u00e1rios, Sr. Bruno Rodrigues da Silva, mentiu deslavadamente para a imprensa ao afirmar que os moradores foram devidamente notificados, o que n\u00e3o ocorreu em NENHUM momento do processo. Isso porque a Ju\u00edza \u00c9rica Batista de Castro vem negando sistematicamente o direito de defesa para os moradores da Vila Taboinha e fazendo reiteradas tentativas de desqualificar o trabalho dos defensores p\u00fablicos do N\u00facleo de Terras e Habita\u00e7\u00e3o. Os autos do processo atestam in\u00fameras incongru\u00eancias e encaminhamentos claramente incompat\u00edveis com os princ\u00edpios da transpar\u00eancia, da impessoalidade, da razoabilidade e da legalidade.<\/p>\n<p align=\"justify\">A t\u00edtulo de exemplo, a Exm\u00aa Sr\u00aa Ju\u00edza \u00c9rica Batista de Castro, em resposta \u00e0 solicita\u00e7\u00e3o da Associa\u00e7\u00e3o de Moradores da Vila Taboinha para ingressar no processo como interessada, afirmou que esta \u201cn\u00e3o possui legitimidade extraordin\u00e1ria, n\u00e3o podendo em conseq\u00fc\u00eancia, postular em nome pr\u00f3prio direitos alheios, ou seja, que em tese, seriam dos eventuais ocupantes do im\u00f3vel objeto da inicial. (&#8230;) Indefiro o ingresso no feito da Associa\u00e7\u00e3o de Moradores da Vila Taboinha na qualidade de interessada, o que por certo somente objetiva tumultu\u00e1-lo\u201d (fls 201 do processo).<\/p>\n<p><img decoding=\"async\" class=\"alignright wp-image-883 size-thumbnail\" title=\"Uma moradora se emociona diante da amea\u00e7a de seu despejo. Ao fundo, moradores e militantes defendem a entrada da comunidade. Foto: Patrick Granja\" src=\"http:\/\/rioonwatch.org.br\/wp-content\/uploads\/2010\/11\/taboinha2-198x264.jpg\" alt=\"Uma moradora se emociona diante da amea\u00e7a de seu despejo. Ao fundo, moradores e militantes defendem a entrada da comunidade. Foto: Patrick Granja\" width=\"198\" height=\"264\" srcset=\"https:\/\/rioonwatch.org.br\/wp-content\/uploads\/2010\/11\/taboinha2-198x264.jpg 198w, https:\/\/rioonwatch.org.br\/wp-content\/uploads\/2010\/11\/taboinha2.jpg 225w\" sizes=\"(max-width: 198px) 100vw, 198px\" \/><\/p>\n<p align=\"justify\"><strong><u>TAREFAS URGENTES<\/u><\/strong>:<\/p>\n<ol>\n<li>Apoiar os moradores e acompanhar cada passo dos representantes da Prefeitura do Rio na comunidade, a partir dessa QUARTA-FEIRA 10\/11\/2010;<\/li>\n<li>Desmascarar o discurso falso dos representantes dos propriet\u00e1rios e da grande m\u00eddia que teimam em criminalizar a comunidade e jogar a popula\u00e7\u00e3o contra a Pol\u00edcia Militar, incitando o Poder P\u00fablico a agir com viol\u00eancia e arbitrariedade;<\/li>\n<li>Apoiar os defensores p\u00fablicos na tentativa de demover a Desembargadora Concei\u00e7\u00e3o Mousnier da sua inconsistente decis\u00e3o de manter a ordem de despejo at\u00e9 que o agravo seja apreciado pela 20a C\u00e2mara C\u00edvel.<\/li>\n<\/ol>\n<!-- AddThis Advanced Settings generic via filter on the_content --><!-- AddThis Share Buttons generic via filter on the_content -->","protected":false},"excerpt":{"rendered":"<div class=\"mh-excerpt\"><p>Neste dia 09\/11\/2010, a comunidade Vila Taboinha teve a primeira tentativa concreta de execu\u00e7\u00e3o do despejo ordenado pela Ju\u00edza \u00c9rica Batista de Castro, no curso do processo movido pelos \u201cpropriet\u00e1rios\u201d do terreno situado no Lote <a class=\"mh-excerpt-more\" href=\"https:\/\/rioonwatch.org.br\/?p=877\" title=\"Vila Taboinha \u2013 Resumo do Primeiro Dia De Luta Contra o Despejo Irregular\">[&#8230;]<\/a><!-- AddThis Advanced Settings generic via filter on get_the_excerpt --><!-- AddThis Share Buttons generic via filter on get_the_excerpt --><\/p>\n<\/div>","protected":false},"author":5,"featured_media":15808,"comment_status":"open","ping_status":"closed","sticky":false,"template":"","format":"standard","meta":{"_acf_changed":false,"_monsterinsights_skip_tracking":false,"_monsterinsights_sitenote_active":false,"_monsterinsights_sitenote_note":"","_monsterinsights_sitenote_category":0,"footnotes":""},"categories":[1614],"tags":[14,442,184],"writer":[136],"translator":[],"source":[],"ilustrador":[],"fotografo":[],"class_list":{"0":"post-877","1":"post","2":"type-post","3":"status-publish","4":"format-standard","5":"has-post-thumbnail","7":"category-olhonasremocoes","8":"tag-remocao","9":"tag-vila-taboinha","10":"tag-zona-oeste","11":"writer-jorge-borges"},"acf":[],"yoast_head":"<!-- This site is optimized with the Yoast SEO plugin v25.6 - https:\/\/yoast.com\/wordpress\/plugins\/seo\/ -->\n<title>Vila Taboinha \u2013 Resumo do Primeiro Dia De Luta Contra o Despejo Irregular - RioOnWatch<\/title>\n<meta name=\"robots\" content=\"index, follow, max-snippet:-1, max-image-preview:large, max-video-preview:-1\" \/>\n<link rel=\"canonical\" href=\"https:\/\/rioonwatch.org.br\/?p=877\" \/>\n<meta property=\"og:locale\" content=\"pt_BR\" \/>\n<meta property=\"og:type\" content=\"article\" \/>\n<meta property=\"og:title\" content=\"Vila Taboinha \u2013 Resumo do Primeiro Dia De Luta Contra o Despejo Irregular - RioOnWatch\" \/>\n<meta property=\"og:description\" content=\"Neste dia 09\/11\/2010, a comunidade Vila Taboinha teve a primeira tentativa concreta de execu\u00e7\u00e3o do despejo ordenado pela Ju\u00edza \u00c9rica Batista de Castro, no curso do processo movido pelos \u201cpropriet\u00e1rios\u201d do terreno situado no Lote [...]\" \/>\n<meta property=\"og:url\" content=\"https:\/\/rioonwatch.org.br\/?p=877\" \/>\n<meta property=\"og:site_name\" content=\"RioOnWatch\" \/>\n<meta property=\"article:published_time\" content=\"2010-11-10T11:54:22+00:00\" \/>\n<meta property=\"article:modified_time\" content=\"2015-08-15T21:51:43+00:00\" \/>\n<meta property=\"og:image\" content=\"https:\/\/rioonwatch.org.br\/wp-content\/uploads\/2010\/11\/taboinha11.jpg\" \/>\n\t<meta property=\"og:image:width\" content=\"300\" \/>\n\t<meta property=\"og:image:height\" content=\"225\" \/>\n\t<meta property=\"og:image:type\" content=\"image\/jpeg\" \/>\n<meta name=\"author\" content=\"Tiago\" \/>\n<meta name=\"twitter:card\" content=\"summary_large_image\" \/>\n<meta name=\"twitter:label1\" content=\"Escrito por\" \/>\n\t<meta name=\"twitter:data1\" content=\"Tiago\" \/>\n\t<meta name=\"twitter:label2\" content=\"Est. tempo de leitura\" \/>\n\t<meta name=\"twitter:data2\" content=\"6 minutos\" \/>\n<script type=\"application\/ld+json\" class=\"yoast-schema-graph\">{\"@context\":\"https:\/\/schema.org\",\"@graph\":[{\"@type\":\"Article\",\"@id\":\"https:\/\/rioonwatch.org.br\/?p=877#article\",\"isPartOf\":{\"@id\":\"https:\/\/rioonwatch.org.br\/?p=877\"},\"author\":{\"name\":\"Tiago\",\"@id\":\"https:\/\/rioonwatch.org.br\/#\/schema\/person\/7c54ce0a929f914709db001584daa6ee\"},\"headline\":\"Vila Taboinha \u2013 Resumo do Primeiro Dia De Luta Contra o Despejo Irregular\",\"datePublished\":\"2010-11-10T11:54:22+00:00\",\"dateModified\":\"2015-08-15T21:51:43+00:00\",\"mainEntityOfPage\":{\"@id\":\"https:\/\/rioonwatch.org.br\/?p=877\"},\"wordCount\":1160,\"commentCount\":0,\"publisher\":{\"@id\":\"https:\/\/rioonwatch.org.br\/#organization\"},\"image\":{\"@id\":\"https:\/\/rioonwatch.org.br\/?p=877#primaryimage\"},\"thumbnailUrl\":\"https:\/\/rioonwatch.org.br\/wp-content\/uploads\/2010\/11\/taboinha11.jpg\",\"keywords\":[\"Remo\u00e7\u00e3o\",\"Vila Taboinha\",\"Zona Oeste\"],\"articleSection\":[\"#OlhoNasRemo\u00e7\u00f5es\"],\"inLanguage\":\"pt-BR\",\"potentialAction\":[{\"@type\":\"CommentAction\",\"name\":\"Comment\",\"target\":[\"https:\/\/rioonwatch.org.br\/?p=877#respond\"]}]},{\"@type\":\"WebPage\",\"@id\":\"https:\/\/rioonwatch.org.br\/?p=877\",\"url\":\"https:\/\/rioonwatch.org.br\/?p=877\",\"name\":\"Vila Taboinha \u2013 Resumo do Primeiro Dia De Luta Contra o Despejo Irregular - RioOnWatch\",\"isPartOf\":{\"@id\":\"https:\/\/rioonwatch.org.br\/#website\"},\"primaryImageOfPage\":{\"@id\":\"https:\/\/rioonwatch.org.br\/?p=877#primaryimage\"},\"image\":{\"@id\":\"https:\/\/rioonwatch.org.br\/?p=877#primaryimage\"},\"thumbnailUrl\":\"https:\/\/rioonwatch.org.br\/wp-content\/uploads\/2010\/11\/taboinha11.jpg\",\"datePublished\":\"2010-11-10T11:54:22+00:00\",\"dateModified\":\"2015-08-15T21:51:43+00:00\",\"breadcrumb\":{\"@id\":\"https:\/\/rioonwatch.org.br\/?p=877#breadcrumb\"},\"inLanguage\":\"pt-BR\",\"potentialAction\":[{\"@type\":\"ReadAction\",\"target\":[\"https:\/\/rioonwatch.org.br\/?p=877\"]}]},{\"@type\":\"ImageObject\",\"inLanguage\":\"pt-BR\",\"@id\":\"https:\/\/rioonwatch.org.br\/?p=877#primaryimage\",\"url\":\"https:\/\/rioonwatch.org.br\/wp-content\/uploads\/2010\/11\/taboinha11.jpg\",\"contentUrl\":\"https:\/\/rioonwatch.org.br\/wp-content\/uploads\/2010\/11\/taboinha11.jpg\",\"width\":300,\"height\":225},{\"@type\":\"BreadcrumbList\",\"@id\":\"https:\/\/rioonwatch.org.br\/?p=877#breadcrumb\",\"itemListElement\":[{\"@type\":\"ListItem\",\"position\":1,\"name\":\"In\u00edcio\",\"item\":\"https:\/\/rioonwatch.org.br\/\"},{\"@type\":\"ListItem\",\"position\":2,\"name\":\"Vila Taboinha \u2013 Resumo do Primeiro Dia De Luta Contra o Despejo Irregular\"}]},{\"@type\":\"WebSite\",\"@id\":\"https:\/\/rioonwatch.org.br\/#website\",\"url\":\"https:\/\/rioonwatch.org.br\/\",\"name\":\"RioOnWatch\",\"description\":\"relatos das favelas cariocas\",\"publisher\":{\"@id\":\"https:\/\/rioonwatch.org.br\/#organization\"},\"potentialAction\":[{\"@type\":\"SearchAction\",\"target\":{\"@type\":\"EntryPoint\",\"urlTemplate\":\"https:\/\/rioonwatch.org.br\/?s={search_term_string}\"},\"query-input\":{\"@type\":\"PropertyValueSpecification\",\"valueRequired\":true,\"valueName\":\"search_term_string\"}}],\"inLanguage\":\"pt-BR\"},{\"@type\":\"Organization\",\"@id\":\"https:\/\/rioonwatch.org.br\/#organization\",\"name\":\"RioOnWatch\",\"url\":\"https:\/\/rioonwatch.org.br\/\",\"logo\":{\"@type\":\"ImageObject\",\"inLanguage\":\"pt-BR\",\"@id\":\"https:\/\/rioonwatch.org.br\/#\/schema\/logo\/image\/\",\"url\":\"https:\/\/rioonwatch.org.br\/wp-content\/uploads\/2021\/06\/RioOnWatchcabecalhoPT11anos-2.png\",\"contentUrl\":\"https:\/\/rioonwatch.org.br\/wp-content\/uploads\/2021\/06\/RioOnWatchcabecalhoPT11anos-2.png\",\"width\":779,\"height\":277,\"caption\":\"RioOnWatch\"},\"image\":{\"@id\":\"https:\/\/rioonwatch.org.br\/#\/schema\/logo\/image\/\"}},{\"@type\":\"Person\",\"@id\":\"https:\/\/rioonwatch.org.br\/#\/schema\/person\/7c54ce0a929f914709db001584daa6ee\",\"name\":\"Tiago\",\"image\":{\"@type\":\"ImageObject\",\"inLanguage\":\"pt-BR\",\"@id\":\"https:\/\/rioonwatch.org.br\/#\/schema\/person\/image\/\",\"url\":\"https:\/\/secure.gravatar.com\/avatar\/886b123583861b1f9e1b1393972b9aeb?s=96&d=blank&r=g\",\"contentUrl\":\"https:\/\/secure.gravatar.com\/avatar\/886b123583861b1f9e1b1393972b9aeb?s=96&d=blank&r=g\",\"caption\":\"Tiago\"},\"url\":\"https:\/\/rioonwatch.org.br\/?author=5\"}]}<\/script>\n<!-- \/ Yoast SEO plugin. -->","yoast_head_json":{"title":"Vila Taboinha \u2013 Resumo do Primeiro Dia De Luta Contra o Despejo Irregular - RioOnWatch","robots":{"index":"index","follow":"follow","max-snippet":"max-snippet:-1","max-image-preview":"max-image-preview:large","max-video-preview":"max-video-preview:-1"},"canonical":"https:\/\/rioonwatch.org.br\/?p=877","og_locale":"pt_BR","og_type":"article","og_title":"Vila Taboinha \u2013 Resumo do Primeiro Dia De Luta Contra o Despejo Irregular - RioOnWatch","og_description":"Neste dia 09\/11\/2010, a comunidade Vila Taboinha teve a primeira tentativa concreta de execu\u00e7\u00e3o do despejo ordenado pela Ju\u00edza \u00c9rica Batista de Castro, no curso do processo movido pelos \u201cpropriet\u00e1rios\u201d do terreno situado no Lote [...]","og_url":"https:\/\/rioonwatch.org.br\/?p=877","og_site_name":"RioOnWatch","article_published_time":"2010-11-10T11:54:22+00:00","article_modified_time":"2015-08-15T21:51:43+00:00","og_image":[{"width":300,"height":225,"url":"https:\/\/rioonwatch.org.br\/wp-content\/uploads\/2010\/11\/taboinha11.jpg","type":"image\/jpeg"}],"author":"Tiago","twitter_card":"summary_large_image","twitter_misc":{"Escrito por":"Tiago","Est. tempo de leitura":"6 minutos"},"schema":{"@context":"https:\/\/schema.org","@graph":[{"@type":"Article","@id":"https:\/\/rioonwatch.org.br\/?p=877#article","isPartOf":{"@id":"https:\/\/rioonwatch.org.br\/?p=877"},"author":{"name":"Tiago","@id":"https:\/\/rioonwatch.org.br\/#\/schema\/person\/7c54ce0a929f914709db001584daa6ee"},"headline":"Vila Taboinha \u2013 Resumo do Primeiro Dia De Luta Contra o Despejo Irregular","datePublished":"2010-11-10T11:54:22+00:00","dateModified":"2015-08-15T21:51:43+00:00","mainEntityOfPage":{"@id":"https:\/\/rioonwatch.org.br\/?p=877"},"wordCount":1160,"commentCount":0,"publisher":{"@id":"https:\/\/rioonwatch.org.br\/#organization"},"image":{"@id":"https:\/\/rioonwatch.org.br\/?p=877#primaryimage"},"thumbnailUrl":"https:\/\/rioonwatch.org.br\/wp-content\/uploads\/2010\/11\/taboinha11.jpg","keywords":["Remo\u00e7\u00e3o","Vila Taboinha","Zona Oeste"],"articleSection":["#OlhoNasRemo\u00e7\u00f5es"],"inLanguage":"pt-BR","potentialAction":[{"@type":"CommentAction","name":"Comment","target":["https:\/\/rioonwatch.org.br\/?p=877#respond"]}]},{"@type":"WebPage","@id":"https:\/\/rioonwatch.org.br\/?p=877","url":"https:\/\/rioonwatch.org.br\/?p=877","name":"Vila Taboinha \u2013 Resumo do Primeiro Dia De Luta Contra o Despejo Irregular - RioOnWatch","isPartOf":{"@id":"https:\/\/rioonwatch.org.br\/#website"},"primaryImageOfPage":{"@id":"https:\/\/rioonwatch.org.br\/?p=877#primaryimage"},"image":{"@id":"https:\/\/rioonwatch.org.br\/?p=877#primaryimage"},"thumbnailUrl":"https:\/\/rioonwatch.org.br\/wp-content\/uploads\/2010\/11\/taboinha11.jpg","datePublished":"2010-11-10T11:54:22+00:00","dateModified":"2015-08-15T21:51:43+00:00","breadcrumb":{"@id":"https:\/\/rioonwatch.org.br\/?p=877#breadcrumb"},"inLanguage":"pt-BR","potentialAction":[{"@type":"ReadAction","target":["https:\/\/rioonwatch.org.br\/?p=877"]}]},{"@type":"ImageObject","inLanguage":"pt-BR","@id":"https:\/\/rioonwatch.org.br\/?p=877#primaryimage","url":"https:\/\/rioonwatch.org.br\/wp-content\/uploads\/2010\/11\/taboinha11.jpg","contentUrl":"https:\/\/rioonwatch.org.br\/wp-content\/uploads\/2010\/11\/taboinha11.jpg","width":300,"height":225},{"@type":"BreadcrumbList","@id":"https:\/\/rioonwatch.org.br\/?p=877#breadcrumb","itemListElement":[{"@type":"ListItem","position":1,"name":"In\u00edcio","item":"https:\/\/rioonwatch.org.br\/"},{"@type":"ListItem","position":2,"name":"Vila Taboinha \u2013 Resumo do Primeiro Dia De Luta Contra o Despejo Irregular"}]},{"@type":"WebSite","@id":"https:\/\/rioonwatch.org.br\/#website","url":"https:\/\/rioonwatch.org.br\/","name":"RioOnWatch","description":"relatos das favelas cariocas","publisher":{"@id":"https:\/\/rioonwatch.org.br\/#organization"},"potentialAction":[{"@type":"SearchAction","target":{"@type":"EntryPoint","urlTemplate":"https:\/\/rioonwatch.org.br\/?s={search_term_string}"},"query-input":{"@type":"PropertyValueSpecification","valueRequired":true,"valueName":"search_term_string"}}],"inLanguage":"pt-BR"},{"@type":"Organization","@id":"https:\/\/rioonwatch.org.br\/#organization","name":"RioOnWatch","url":"https:\/\/rioonwatch.org.br\/","logo":{"@type":"ImageObject","inLanguage":"pt-BR","@id":"https:\/\/rioonwatch.org.br\/#\/schema\/logo\/image\/","url":"https:\/\/rioonwatch.org.br\/wp-content\/uploads\/2021\/06\/RioOnWatchcabecalhoPT11anos-2.png","contentUrl":"https:\/\/rioonwatch.org.br\/wp-content\/uploads\/2021\/06\/RioOnWatchcabecalhoPT11anos-2.png","width":779,"height":277,"caption":"RioOnWatch"},"image":{"@id":"https:\/\/rioonwatch.org.br\/#\/schema\/logo\/image\/"}},{"@type":"Person","@id":"https:\/\/rioonwatch.org.br\/#\/schema\/person\/7c54ce0a929f914709db001584daa6ee","name":"Tiago","image":{"@type":"ImageObject","inLanguage":"pt-BR","@id":"https:\/\/rioonwatch.org.br\/#\/schema\/person\/image\/","url":"https:\/\/secure.gravatar.com\/avatar\/886b123583861b1f9e1b1393972b9aeb?s=96&d=blank&r=g","contentUrl":"https:\/\/secure.gravatar.com\/avatar\/886b123583861b1f9e1b1393972b9aeb?s=96&d=blank&r=g","caption":"Tiago"},"url":"https:\/\/rioonwatch.org.br\/?author=5"}]}},"_links":{"self":[{"href":"https:\/\/rioonwatch.org.br\/index.php?rest_route=\/wp\/v2\/posts\/877"}],"collection":[{"href":"https:\/\/rioonwatch.org.br\/index.php?rest_route=\/wp\/v2\/posts"}],"about":[{"href":"https:\/\/rioonwatch.org.br\/index.php?rest_route=\/wp\/v2\/types\/post"}],"author":[{"embeddable":true,"href":"https:\/\/rioonwatch.org.br\/index.php?rest_route=\/wp\/v2\/users\/5"}],"replies":[{"embeddable":true,"href":"https:\/\/rioonwatch.org.br\/index.php?rest_route=%2Fwp%2Fv2%2Fcomments&post=877"}],"version-history":[{"count":14,"href":"https:\/\/rioonwatch.org.br\/index.php?rest_route=\/wp\/v2\/posts\/877\/revisions"}],"predecessor-version":[{"id":15961,"href":"https:\/\/rioonwatch.org.br\/index.php?rest_route=\/wp\/v2\/posts\/877\/revisions\/15961"}],"wp:featuredmedia":[{"embeddable":true,"href":"https:\/\/rioonwatch.org.br\/index.php?rest_route=\/wp\/v2\/media\/15808"}],"wp:attachment":[{"href":"https:\/\/rioonwatch.org.br\/index.php?rest_route=%2Fwp%2Fv2%2Fmedia&parent=877"}],"wp:term":[{"taxonomy":"category","embeddable":true,"href":"https:\/\/rioonwatch.org.br\/index.php?rest_route=%2Fwp%2Fv2%2Fcategories&post=877"},{"taxonomy":"post_tag","embeddable":true,"href":"https:\/\/rioonwatch.org.br\/index.php?rest_route=%2Fwp%2Fv2%2Ftags&post=877"},{"taxonomy":"writer","embeddable":true,"href":"https:\/\/rioonwatch.org.br\/index.php?rest_route=%2Fwp%2Fv2%2Fwriter&post=877"},{"taxonomy":"translator","embeddable":true,"href":"https:\/\/rioonwatch.org.br\/index.php?rest_route=%2Fwp%2Fv2%2Ftranslator&post=877"},{"taxonomy":"source","embeddable":true,"href":"https:\/\/rioonwatch.org.br\/index.php?rest_route=%2Fwp%2Fv2%2Fsource&post=877"},{"taxonomy":"ilustrador","embeddable":true,"href":"https:\/\/rioonwatch.org.br\/index.php?rest_route=%2Fwp%2Fv2%2Filustrador&post=877"},{"taxonomy":"fotografo","embeddable":true,"href":"https:\/\/rioonwatch.org.br\/index.php?rest_route=%2Fwp%2Fv2%2Ffotografo&post=877"}],"curies":[{"name":"wp","href":"https:\/\/api.w.org\/{rel}","templated":true}]}}