{"id":8797,"date":"2013-11-19T14:22:40","date_gmt":"2013-11-19T17:22:40","guid":{"rendered":"http:\/\/rioonwatch.org.br\/?p=8797"},"modified":"2017-07-25T15:53:59","modified_gmt":"2017-07-25T18:53:59","slug":"casa-de-santa-ana-atencao-e-reconhecimento-ao-idoso-na-cidade-de-deus","status":"publish","type":"post","link":"https:\/\/rioonwatch.org.br\/?p=8797","title":{"rendered":"Casa de Santa Ana: Aten\u00e7\u00e3o e Reconhecimento ao Idoso na Cidade de Deus"},"content":{"rendered":"<p style=\"text-align: right;\"><em><strong><a href=\"http:\/\/bit.ly\/1IvGGNM\" target=\"_blank\" rel=\"noopener noreferrer\">Click Here for English<img decoding=\"async\" width=\"20\" height=\"20\" class=\"alignright wp-image-15790\" src=\"http:\/\/rioonwatch.org.br\/wp-content\/uploads\/2012\/08\/EN-standard-e1439583104716.jpg\" alt=\"\" \/><\/a><\/strong><\/em><\/p>\n<p>No dia 1 de outubro, o Brasil comemorou o 10\u00ba anivers\u00e1rio do <a href=\"http:\/\/bit.ly\/HdRlof\" target=\"_blank\" rel=\"noopener\">Estatuto do Idoso<\/a>, um marco da legisla\u00e7\u00e3o que consolida os direitos b\u00e1sicos dos cidad\u00e3os brasileiros com idade superior a 60 anos. Com a passagem do Estatuto, os direitos \u00e0 vida, \u00e0 sa\u00fade, \u00e0 educa\u00e7\u00e3o, ao lazer, e ao respeito, entre muitos outros, tornam-se obriga\u00e7\u00e3o compartilhada entre as fam\u00edlias, comunidades, sociedade e governo. <a href=\"http:\/\/bit.ly\/1cpjGWZ\" target=\"_blank\" rel=\"noopener\">Avan\u00e7os podem ser vistos<\/a> no acesso preferencial ao transporte p\u00fablico, na constru\u00e7\u00e3o de asilos, tanto p\u00fablicas como privadas, e <a href=\"http:\/\/glo.bo\/HqR5TG\" target=\"_blank\" rel=\"noopener\">na luta contra a discrimina\u00e7\u00e3o<\/a> no mercado de planos de sa\u00fade privados.<\/p>\n<p>No entanto, a implementa\u00e7\u00e3o tem sido muito lenta e espor\u00e1dica para muitos dos que lutam pelos direitos dos idosos. Um <a href=\"http:\/\/bit.ly\/1970Y2s\" target=\"_blank\" rel=\"noopener\">relat\u00f3rio recente do IPEA<\/a>\u00a0(Instituto de Pesquisa Econ\u00f4mica Aplicada)\u00a0explica o alcance limitado do Estatuto, destacando o fato de que nem as prioridades de execu\u00e7\u00e3o nem as fontes espec\u00edficas de fundos foram inclu\u00eddas na legisla\u00e7\u00e3o.<\/p>\n<p>O Instituto Estadual de Seguran\u00e7a P\u00fablica do Rio de Janeiro (<a href=\"http:\/\/bit.ly\/18tND4S\" target=\"_blank\" rel=\"noopener\">ISP<\/a>) vem acompanhando v\u00e1rias formas de viol\u00eancia contra os idosos, incluindo incidentes relacionados diretamente com as disposi\u00e7\u00f5es do Estatuto. S\u00f3 em 2011, foram relatados um total de <a href=\"http:\/\/bit.ly\/1chPM2I\" target=\"_blank\" rel=\"noopener\">61.353 crimes contra os idosos<\/a>. Estes incluem abuso, neglig\u00eancia, fraude, assassinato, extors\u00e3o, abandono em asilos, fracasso na provis\u00e3o de sa\u00fade e assist\u00eancia social, discrimina\u00e7\u00e3o, e exposi\u00e7\u00e3o a situa\u00e7\u00f5es que p\u00f5em em perigo sua sa\u00fade f\u00edsica ou mental.<\/p>\n<p>O projeto inovador, <a href=\"http:\/\/bit.ly\/1971m17\" target=\"_blank\" rel=\"noopener\">Casa de Santa Ana<\/a>, uma iniciativa sem fins lucrativos, enfrenta esses desafios atrav\u00e9s de um centro de apoio \u00e0 sa\u00fade e ao bem-estar dos idosos na <a href=\"http:\/\/bit.ly\/10BzE4e\" target=\"_blank\" rel=\"noopener\">Cidade de Deus<\/a>, na Zona Oeste do Rio de Janeiro. Sua fundadora e coordenadora, <a href=\"http:\/\/bit.ly\/1aDP683\" target=\"_blank\" rel=\"noopener\">Maria de Lourdes Braz<\/a>,\u00a0come\u00e7ou a colocar em pr\u00e1tica sua vis\u00e3o de cuidados aos idosos em 1991, uma d\u00e9cada antes do Estatuto do Idoso ser implementado. Contra a cren\u00e7a popular de que um asilo \u00e9 o melhor lugar para uma pessoa envelhecer, ela aprendeu atrav\u00e9s do seu trabalho e observa\u00e7\u00f5es em uma institui\u00e7\u00e3o privada que as pessoas poderiam viver vidas mais longas e saud\u00e1veis\u200b\u200b, se <a href=\"http:\/\/bit.ly\/HsJkw4\" target=\"_blank\" rel=\"noopener\">eles ficassem, sempre que poss\u00edvel, em casa, em suas comunidades e perto de suas fam\u00edlias<\/a>.<\/p>\n<p>Abrindo suas portas diariamente para cerca de 150 idosos, a Casa serve como uma refer\u00eancia dentro e fora da Cidade de Deus. Sua vis\u00e3o ampla de cuidado inclui atividades como a mudan\u00e7a regular de ataduras em \u00falceras diab\u00e9ticas, o fornecimento de refei\u00e7\u00f5es nutritivas e acesso \u00e0 fisioterapia, massagem e aulas de gin\u00e1stica. O bem-estar emocional tamb\u00e9m desempenha um papel importante no trabalho da Casa, e os idosos podem ter consultas com um psic\u00f3logo e participar de aulas de canto, dan\u00e7a e teatro. A Casa tamb\u00e9m oferece treinamento espec\u00edfico para os profissionais de sa\u00fade e para as fam\u00edlias da Cidade de Deus, e procura educar a pr\u00f3xima gera\u00e7\u00e3o sobre os problemas enfrentados pelo idoso.<\/p>\n<p><a href=\"http:\/\/rioonwatch.org.br\/wp-content\/uploads\/2013\/11\/CSA2.jpg\"><img fetchpriority=\"high\" decoding=\"async\" class=\"aligncenter wp-image-27119\" title=\"Aulas de dan\u00e7a para estudantes de todas as idades\" src=\"http:\/\/rioonwatch.org.br\/wp-content\/uploads\/2013\/11\/CSA2.jpg\" alt=\"Aulas de dan\u00e7a para estudantes de todas as idades\" width=\"620\" height=\"414\" srcset=\"https:\/\/rioonwatch.org.br\/wp-content\/uploads\/2013\/11\/CSA2.jpg 800w, https:\/\/rioonwatch.org.br\/wp-content\/uploads\/2013\/11\/CSA2-396x264.jpg 396w, https:\/\/rioonwatch.org.br\/wp-content\/uploads\/2013\/11\/CSA2-620x414.jpg 620w, https:\/\/rioonwatch.org.br\/wp-content\/uploads\/2013\/11\/CSA2-768x513.jpg 768w\" sizes=\"(max-width: 620px) 100vw, 620px\" \/><\/a><\/p>\n<p>Limita\u00e7\u00f5es de acesso a cuidados de sa\u00fade dentro da Cidade de Deus fazem o trabalho da Casa ainda mais importante. Dagmar, uma fisioterapeuta que trabalha na Casa e tamb\u00e9m coordena a fazedura dos curativos, explica: \u00a0&#8220;O posto de sa\u00fade tem um servi\u00e7o de ambulat\u00f3rio, s\u00f3 que eles atendam um n\u00famero X de pessoas, e no posto, n\u00e3o parece, mas falta muito material tamb\u00e9m, e l\u00e1 eles t\u00eam uma demanda muito grande, porque no posto de sa\u00fade eles acabam atendendo v\u00e1rias pessoas dessa regi\u00e3o aqui, e n\u00e3o tem atendimento especificamente para idoso&#8221;.\u00a0\u00a0Maria de Lourdes descreveu a estrat\u00e9gia de incorpora\u00e7\u00e3o de pessoas no programa antes que elas precisem ser internadas em um hospital ou em um asilo dizendo que: &#8220;Se voc\u00ea vai para um asilo em condi\u00e7\u00f5es ruins de sa\u00fade, o tempo que voc\u00ea dura no asilo \u00e9 muito curto&#8221;.<\/p>\n<p>Lourdes mede o sucesso do programa de v\u00e1rias formas, citando especificamente os baixos n\u00edveis de hospitaliza\u00e7\u00e3o e os casos de revitaliza\u00e7\u00e3o que ela tem testemunhado ao longo da exist\u00eancia da Casa. O posto de sa\u00fade p\u00fablica tamb\u00e9m encaminha os pacientes, em alguns casos, para a Casa, o que significa que o cuidado que ela fornece \u00e9 de excelente qualidade. No entanto, esse padr\u00e3o de encaminhamentos para a Casa levanta quest\u00f5es sobre at\u00e9 que ponto o Estado est\u00e1 cumprindo sua responsabilidade de cuidados dos idosos. &#8220;Quando chega um idoso no posto para ser atendido, em alguns casos, principalmente para os que necessitam de curativos nas feridas\u00a0eles falam: &#8216;vai l\u00e1 para Casa de Santa Ana por que l\u00e1 tem um servi\u00e7o bom&#8217;, e a gente diz \u2018n\u00e3o faz isso\u2019 por que o nosso papel n\u00e3o \u00e9 esse, n\u00e3o \u00e9 de fazer o trabalho de voc\u00eas&#8221;.<\/p>\n<p>A pr\u00e1tica de colocar as necessidades e perspectivas dos idosos em primeiro lugar, surgiu para Lourdes pela primeira vez a partir de sua frustra\u00e7\u00e3o com um estilo de gest\u00e3o de cima para baixo, que ignora as necessidades dos indiv\u00edduos. &#8220;Eu acho que as pessoas, em primeiro lugar, t\u00eam que ser ouvidas, tem que perguntar para elas o que elas querem. \u00c9 muito simples, d\u00e1 mais trabalho, mas os resultados s\u00e3o mais eficazes&#8221;.<\/p>\n<p><a href=\"http:\/\/rioonwatch.org.br\/wp-content\/uploads\/2013\/11\/CSA3.jpg\"><img decoding=\"async\" class=\"wp-image-27118 alignright\" title=\"Casa de Santa Ana est\u00e1 sediada em uma antiga igreja e em um novo edif\u00edcio em um terreno doado pela ex-benefici\u00e1ria, D. Geralda.\" src=\"http:\/\/rioonwatch.org.br\/wp-content\/uploads\/2013\/11\/CSA3.jpg\" alt=\"Casa de Santa Ana est\u00e1 sediada em uma antiga igreja e em um novo edif\u00edcio em um terreno doado pela ex-benefici\u00e1ria, D. Geralda.\" width=\"300\" height=\"450\" srcset=\"https:\/\/rioonwatch.org.br\/wp-content\/uploads\/2013\/11\/CSA3.jpg 800w, https:\/\/rioonwatch.org.br\/wp-content\/uploads\/2013\/11\/CSA3-176x264.jpg 176w, https:\/\/rioonwatch.org.br\/wp-content\/uploads\/2013\/11\/CSA3-414x620.jpg 414w, https:\/\/rioonwatch.org.br\/wp-content\/uploads\/2013\/11\/CSA3-768x1151.jpg 768w, https:\/\/rioonwatch.org.br\/wp-content\/uploads\/2013\/11\/CSA3-683x1024.jpg 683w\" sizes=\"(max-width: 300px) 100vw, 300px\" \/><\/a><\/p>\n<p>A Casa de Santa Ana cresceu e evoluiu em seus 22 anos de vida e agora ocupa dois edif\u00edcios na Cidade de Deus: um \u00e9 uma igreja que Lourdes fez lobby para ser renovada para abrigar seu projeto, e o outro foi constru\u00eddo em um terreno que uma das participantes de longa data do projeto, Geralda, doou pouco antes de morrer. A Casa de Santa Ana est\u00e1 atualmente passando por uma nova rodada de reformas, por isso a maioria das atividades est\u00e3o ocorrendo na &#8220;Casa da Geralda&#8221;. Camas e mesas s\u00e3o cuidadosamente posicionadas em seu piso inferior para permitir que o maior n\u00famero de pacientes poss\u00edvel seja atendido ao mesmo tempo. O andar de cima tem uma cozinha, uma \u00e1rea de refei\u00e7\u00f5es e uma sala de estar. Somente as aulas de ballet para crian\u00e7as da comunidade s\u00e3o realizadas na Casa de Santa Ana no momento.<\/p>\n<p>Lourdes inclui jovens nas atividades da Casa, sempre que poss\u00edvel, como parte de uma estrat\u00e9gia mais ampla de &#8220;integra\u00e7\u00e3o inter-geracional&#8221;. Al\u00e9m da energia e alegria que os jovens trazem para o projeto, Lourdes v\u00ea a conex\u00e3o entre jovens e idosos como uma importante estrat\u00e9gia para o avan\u00e7o dos direitos de todos. &#8220;Esse Programa, ele tem como objetivo juntar todas as idades e uma dar suporte \u00e0 outra, falar sobre as quest\u00f5es da outra&#8221;, enfatiza Lourdes.<\/p>\n<p>Lourdes nota que os participantes promovem seus aprendizados e experi\u00eancias, descrevendo a Casa como a fonte de uma mudan\u00e7a mais ampla na compreens\u00e3o dos processos de envelhecimento, que enfatiza o respeito aos idosos como forma de enfrentar e aceitar o processo de envelhecimento: &#8220;\u00c9\u00a0muito legal voc\u00ea ouvir uma crian\u00e7a dizer que a partir das aulas que ele teve aqui, de como respeitar os idosos, que ela n\u00e3o consegue mais sentar no \u00f4nibus e fingir que est\u00e1 dormindo para n\u00e3o dar lugar para o idoso sentar&#8221;.<\/p>\n<p><a href=\"http:\/\/rioonwatch.org.br\/wp-content\/uploads\/2013\/11\/CSA4.jpg\"><img loading=\"lazy\" decoding=\"async\" class=\"aligncenter wp-image-27117\" title=\"Camas ocupam atualmente a Casa de Geralda, enquanto o antigo pr\u00e9dio da igreja \u00e9 reformado.\" src=\"http:\/\/rioonwatch.org.br\/wp-content\/uploads\/2013\/11\/CSA4.jpg\" alt=\"Camas ocupam atualmente a Casa de Geralda, enquanto o antigo pr\u00e9dio da igreja \u00e9 reformado.\" width=\"620\" height=\"413\" srcset=\"https:\/\/rioonwatch.org.br\/wp-content\/uploads\/2013\/11\/CSA4.jpg 800w, https:\/\/rioonwatch.org.br\/wp-content\/uploads\/2013\/11\/CSA4-396x264.jpg 396w, https:\/\/rioonwatch.org.br\/wp-content\/uploads\/2013\/11\/CSA4-620x413.jpg 620w, https:\/\/rioonwatch.org.br\/wp-content\/uploads\/2013\/11\/CSA4-768x512.jpg 768w\" sizes=\"(max-width: 620px) 100vw, 620px\" \/><\/a><\/p>\n<p>As presentes renova\u00e7\u00f5es na Casa de Santa Ana est\u00e3o permitindo que a equipe da Casa reoriente suas prioridades e defina seus objetivos. Encontrando dificuldades para nomear a atividade mais importante do centro, Lourdes oferece uma reflex\u00e3o sobre a contribui\u00e7\u00e3o mais ampla que \u00e9 poss\u00edvel atrav\u00e9s de seu trabalho: &#8220;Nossa batalha agora \u00e9 que, tem que haver respeito&#8221;, diz ela. &#8220;N\u00e3o \u00e9 por que a pessoa est\u00e1 assim velha, morrendo que n\u00e3o tem direito. Pelo contr\u00e1rio, eu acho que agora, quando ela mais precisa, \u00e9 que ela tem que ser cuidada, tem que ter uma cultura, uma pol\u00edtica eficiente, eficaz para isso&#8221;.<\/p>\n<p>Ela considera que a promo\u00e7\u00e3o do modelo da Casa de Santa Ana para outras comunidades em todo Rio de Janeiro e do Brasil seja um passo importante para alcan\u00e7ar este objetivo; ela frequentemente d\u00e1 palestras em confer\u00eancias e traz grupos para o projeto. O que n\u00e3o se perde nesta busca, no entanto, \u00e9 o esfor\u00e7o significativo do projeto em influenciar percep\u00e7\u00f5es culturais do envelhecimento e reconhecer os direitos dos idosos, pessoa por pessoa, dia ap\u00f3s dia, na Cidade de Deus.<\/p>\n<!-- AddThis Advanced Settings generic via filter on the_content --><!-- AddThis Share Buttons generic via filter on the_content -->","protected":false},"excerpt":{"rendered":"<div class=\"mh-excerpt\"><p>Click Here for English No dia 1 de outubro, o Brasil comemorou o 10\u00ba anivers\u00e1rio do Estatuto do Idoso, um marco da legisla\u00e7\u00e3o que consolida os direitos b\u00e1sicos dos cidad\u00e3os brasileiros com idade superior a <a class=\"mh-excerpt-more\" href=\"https:\/\/rioonwatch.org.br\/?p=8797\" title=\"Casa de Santa Ana: Aten\u00e7\u00e3o e Reconhecimento ao Idoso na Cidade de Deus\">[&#8230;]<\/a><!-- AddThis Advanced Settings generic via filter on get_the_excerpt --><!-- AddThis Share Buttons generic via filter on get_the_excerpt --><\/p>\n<\/div>","protected":false},"author":129,"featured_media":27120,"comment_status":"closed","ping_status":"closed","sticky":false,"template":"","format":"standard","meta":{"_acf_changed":false,"_monsterinsights_skip_tracking":false,"_monsterinsights_sitenote_active":false,"_monsterinsights_sitenote_note":"","_monsterinsights_sitenote_category":0,"footnotes":""},"categories":[1626,1616,342],"tags":[554,2166,2164,2165,358,294,476,375,184],"writer":[888],"translator":[584],"source":[],"ilustrador":[],"fotografo":[],"class_list":{"0":"post-8797","1":"post","2":"type-post","3":"status-publish","4":"format-standard","5":"has-post-thumbnail","7":"category-por-observadores-internacionais","8":"category-qualidades-da-favela","9":"category-solucoes","10":"tag-cidade-de-deus","11":"tag-estatuto-do-idoso","12":"tag-ipea","13":"tag-isp","14":"tag-organizacao-comunitaria","15":"tag-saude","16":"tag-solucao-comunitaria","17":"tag-terceira-idade","18":"tag-zona-oeste","19":"writer-courtney-allen-crumpler","20":"translator-arianne-reis"},"acf":[],"yoast_head":"<!-- This site is optimized with the Yoast SEO plugin v25.6 - https:\/\/yoast.com\/wordpress\/plugins\/seo\/ -->\n<title>Casa de Santa Ana: Aten\u00e7\u00e3o e Reconhecimento ao Idoso na Cidade de Deus - RioOnWatch<\/title>\n<meta name=\"robots\" content=\"index, follow, max-snippet:-1, max-image-preview:large, max-video-preview:-1\" \/>\n<link rel=\"canonical\" href=\"https:\/\/rioonwatch.org.br\/?p=8797\" \/>\n<meta property=\"og:locale\" content=\"pt_BR\" \/>\n<meta property=\"og:type\" content=\"article\" \/>\n<meta property=\"og:title\" content=\"Casa de Santa Ana: Aten\u00e7\u00e3o e Reconhecimento ao Idoso na Cidade de Deus - RioOnWatch\" \/>\n<meta property=\"og:description\" content=\"Click Here for English No dia 1 de outubro, o Brasil comemorou o 10\u00ba anivers\u00e1rio do Estatuto do Idoso, um marco da legisla\u00e7\u00e3o que consolida os direitos b\u00e1sicos dos cidad\u00e3os brasileiros com idade superior a [...]\" \/>\n<meta property=\"og:url\" content=\"https:\/\/rioonwatch.org.br\/?p=8797\" \/>\n<meta property=\"og:site_name\" content=\"RioOnWatch\" \/>\n<meta property=\"article:published_time\" content=\"2013-11-19T17:22:40+00:00\" \/>\n<meta property=\"article:modified_time\" content=\"2017-07-25T18:53:59+00:00\" \/>\n<meta property=\"og:image\" content=\"https:\/\/rioonwatch.org.br\/wp-content\/uploads\/2013\/11\/CSA1.jpg\" \/>\n\t<meta property=\"og:image:width\" content=\"800\" \/>\n\t<meta property=\"og:image:height\" content=\"534\" \/>\n\t<meta property=\"og:image:type\" content=\"image\/jpeg\" \/>\n<meta name=\"author\" content=\"Admin\" \/>\n<meta name=\"twitter:card\" content=\"summary_large_image\" \/>\n<meta name=\"twitter:label1\" content=\"Escrito por\" \/>\n\t<meta name=\"twitter:data1\" content=\"Admin\" \/>\n\t<meta name=\"twitter:label2\" content=\"Est. tempo de leitura\" \/>\n\t<meta name=\"twitter:data2\" content=\"7 minutos\" \/>\n<script type=\"application\/ld+json\" class=\"yoast-schema-graph\">{\"@context\":\"https:\/\/schema.org\",\"@graph\":[{\"@type\":\"Article\",\"@id\":\"https:\/\/rioonwatch.org.br\/?p=8797#article\",\"isPartOf\":{\"@id\":\"https:\/\/rioonwatch.org.br\/?p=8797\"},\"author\":{\"name\":\"Admin\",\"@id\":\"https:\/\/rioonwatch.org.br\/#\/schema\/person\/11d64c290506f9df50c71b850c473f68\"},\"headline\":\"Casa de Santa Ana: Aten\u00e7\u00e3o e Reconhecimento ao Idoso na Cidade de Deus\",\"datePublished\":\"2013-11-19T17:22:40+00:00\",\"dateModified\":\"2017-07-25T18:53:59+00:00\",\"mainEntityOfPage\":{\"@id\":\"https:\/\/rioonwatch.org.br\/?p=8797\"},\"wordCount\":1438,\"publisher\":{\"@id\":\"https:\/\/rioonwatch.org.br\/#organization\"},\"image\":{\"@id\":\"https:\/\/rioonwatch.org.br\/?p=8797#primaryimage\"},\"thumbnailUrl\":\"https:\/\/rioonwatch.org.br\/wp-content\/uploads\/2013\/11\/CSA1.jpg\",\"keywords\":[\"Cidade de Deus\",\"Estatuto do Idoso\",\"IPEA\",\"ISP\",\"organiza\u00e7\u00e3o comunit\u00e1ria\",\"sa\u00fade\",\"solu\u00e7\u00e3o comunit\u00e1ria\",\"terceira idade\",\"Zona Oeste\"],\"articleSection\":[\"Escrito por Aliados\",\"Qualidades da Favela\",\"Solu\u00e7\u00f5es\"],\"inLanguage\":\"pt-BR\"},{\"@type\":\"WebPage\",\"@id\":\"https:\/\/rioonwatch.org.br\/?p=8797\",\"url\":\"https:\/\/rioonwatch.org.br\/?p=8797\",\"name\":\"Casa de Santa Ana: Aten\u00e7\u00e3o e Reconhecimento ao Idoso na Cidade de Deus - RioOnWatch\",\"isPartOf\":{\"@id\":\"https:\/\/rioonwatch.org.br\/#website\"},\"primaryImageOfPage\":{\"@id\":\"https:\/\/rioonwatch.org.br\/?p=8797#primaryimage\"},\"image\":{\"@id\":\"https:\/\/rioonwatch.org.br\/?p=8797#primaryimage\"},\"thumbnailUrl\":\"https:\/\/rioonwatch.org.br\/wp-content\/uploads\/2013\/11\/CSA1.jpg\",\"datePublished\":\"2013-11-19T17:22:40+00:00\",\"dateModified\":\"2017-07-25T18:53:59+00:00\",\"breadcrumb\":{\"@id\":\"https:\/\/rioonwatch.org.br\/?p=8797#breadcrumb\"},\"inLanguage\":\"pt-BR\",\"potentialAction\":[{\"@type\":\"ReadAction\",\"target\":[\"https:\/\/rioonwatch.org.br\/?p=8797\"]}]},{\"@type\":\"ImageObject\",\"inLanguage\":\"pt-BR\",\"@id\":\"https:\/\/rioonwatch.org.br\/?p=8797#primaryimage\",\"url\":\"https:\/\/rioonwatch.org.br\/wp-content\/uploads\/2013\/11\/CSA1.jpg\",\"contentUrl\":\"https:\/\/rioonwatch.org.br\/wp-content\/uploads\/2013\/11\/CSA1.jpg\",\"width\":800,\"height\":534},{\"@type\":\"BreadcrumbList\",\"@id\":\"https:\/\/rioonwatch.org.br\/?p=8797#breadcrumb\",\"itemListElement\":[{\"@type\":\"ListItem\",\"position\":1,\"name\":\"In\u00edcio\",\"item\":\"https:\/\/rioonwatch.org.br\/\"},{\"@type\":\"ListItem\",\"position\":2,\"name\":\"Casa de Santa Ana: Aten\u00e7\u00e3o e Reconhecimento ao Idoso na Cidade de Deus\"}]},{\"@type\":\"WebSite\",\"@id\":\"https:\/\/rioonwatch.org.br\/#website\",\"url\":\"https:\/\/rioonwatch.org.br\/\",\"name\":\"RioOnWatch\",\"description\":\"relatos das favelas cariocas\",\"publisher\":{\"@id\":\"https:\/\/rioonwatch.org.br\/#organization\"},\"potentialAction\":[{\"@type\":\"SearchAction\",\"target\":{\"@type\":\"EntryPoint\",\"urlTemplate\":\"https:\/\/rioonwatch.org.br\/?s={search_term_string}\"},\"query-input\":{\"@type\":\"PropertyValueSpecification\",\"valueRequired\":true,\"valueName\":\"search_term_string\"}}],\"inLanguage\":\"pt-BR\"},{\"@type\":\"Organization\",\"@id\":\"https:\/\/rioonwatch.org.br\/#organization\",\"name\":\"RioOnWatch\",\"url\":\"https:\/\/rioonwatch.org.br\/\",\"logo\":{\"@type\":\"ImageObject\",\"inLanguage\":\"pt-BR\",\"@id\":\"https:\/\/rioonwatch.org.br\/#\/schema\/logo\/image\/\",\"url\":\"https:\/\/rioonwatch.org.br\/wp-content\/uploads\/2021\/06\/RioOnWatchcabecalhoPT11anos-2.png\",\"contentUrl\":\"https:\/\/rioonwatch.org.br\/wp-content\/uploads\/2021\/06\/RioOnWatchcabecalhoPT11anos-2.png\",\"width\":779,\"height\":277,\"caption\":\"RioOnWatch\"},\"image\":{\"@id\":\"https:\/\/rioonwatch.org.br\/#\/schema\/logo\/image\/\"}},{\"@type\":\"Person\",\"@id\":\"https:\/\/rioonwatch.org.br\/#\/schema\/person\/11d64c290506f9df50c71b850c473f68\",\"name\":\"Admin\",\"image\":{\"@type\":\"ImageObject\",\"inLanguage\":\"pt-BR\",\"@id\":\"https:\/\/rioonwatch.org.br\/#\/schema\/person\/image\/\",\"url\":\"https:\/\/secure.gravatar.com\/avatar\/56211ac74568383903349a1485e3c325?s=96&d=blank&r=g\",\"contentUrl\":\"https:\/\/secure.gravatar.com\/avatar\/56211ac74568383903349a1485e3c325?s=96&d=blank&r=g\",\"caption\":\"Admin\"},\"url\":\"https:\/\/rioonwatch.org.br\/?author=129\"}]}<\/script>\n<!-- \/ Yoast SEO plugin. -->","yoast_head_json":{"title":"Casa de Santa Ana: Aten\u00e7\u00e3o e Reconhecimento ao Idoso na Cidade de Deus - RioOnWatch","robots":{"index":"index","follow":"follow","max-snippet":"max-snippet:-1","max-image-preview":"max-image-preview:large","max-video-preview":"max-video-preview:-1"},"canonical":"https:\/\/rioonwatch.org.br\/?p=8797","og_locale":"pt_BR","og_type":"article","og_title":"Casa de Santa Ana: Aten\u00e7\u00e3o e Reconhecimento ao Idoso na Cidade de Deus - RioOnWatch","og_description":"Click Here for English No dia 1 de outubro, o Brasil comemorou o 10\u00ba anivers\u00e1rio do Estatuto do Idoso, um marco da legisla\u00e7\u00e3o que consolida os direitos b\u00e1sicos dos cidad\u00e3os brasileiros com idade superior a [...]","og_url":"https:\/\/rioonwatch.org.br\/?p=8797","og_site_name":"RioOnWatch","article_published_time":"2013-11-19T17:22:40+00:00","article_modified_time":"2017-07-25T18:53:59+00:00","og_image":[{"width":800,"height":534,"url":"https:\/\/rioonwatch.org.br\/wp-content\/uploads\/2013\/11\/CSA1.jpg","type":"image\/jpeg"}],"author":"Admin","twitter_card":"summary_large_image","twitter_misc":{"Escrito por":"Admin","Est. tempo de leitura":"7 minutos"},"schema":{"@context":"https:\/\/schema.org","@graph":[{"@type":"Article","@id":"https:\/\/rioonwatch.org.br\/?p=8797#article","isPartOf":{"@id":"https:\/\/rioonwatch.org.br\/?p=8797"},"author":{"name":"Admin","@id":"https:\/\/rioonwatch.org.br\/#\/schema\/person\/11d64c290506f9df50c71b850c473f68"},"headline":"Casa de Santa Ana: Aten\u00e7\u00e3o e Reconhecimento ao Idoso na Cidade de Deus","datePublished":"2013-11-19T17:22:40+00:00","dateModified":"2017-07-25T18:53:59+00:00","mainEntityOfPage":{"@id":"https:\/\/rioonwatch.org.br\/?p=8797"},"wordCount":1438,"publisher":{"@id":"https:\/\/rioonwatch.org.br\/#organization"},"image":{"@id":"https:\/\/rioonwatch.org.br\/?p=8797#primaryimage"},"thumbnailUrl":"https:\/\/rioonwatch.org.br\/wp-content\/uploads\/2013\/11\/CSA1.jpg","keywords":["Cidade de Deus","Estatuto do Idoso","IPEA","ISP","organiza\u00e7\u00e3o comunit\u00e1ria","sa\u00fade","solu\u00e7\u00e3o comunit\u00e1ria","terceira idade","Zona Oeste"],"articleSection":["Escrito por Aliados","Qualidades da Favela","Solu\u00e7\u00f5es"],"inLanguage":"pt-BR"},{"@type":"WebPage","@id":"https:\/\/rioonwatch.org.br\/?p=8797","url":"https:\/\/rioonwatch.org.br\/?p=8797","name":"Casa de Santa Ana: Aten\u00e7\u00e3o e Reconhecimento ao Idoso na Cidade de Deus - RioOnWatch","isPartOf":{"@id":"https:\/\/rioonwatch.org.br\/#website"},"primaryImageOfPage":{"@id":"https:\/\/rioonwatch.org.br\/?p=8797#primaryimage"},"image":{"@id":"https:\/\/rioonwatch.org.br\/?p=8797#primaryimage"},"thumbnailUrl":"https:\/\/rioonwatch.org.br\/wp-content\/uploads\/2013\/11\/CSA1.jpg","datePublished":"2013-11-19T17:22:40+00:00","dateModified":"2017-07-25T18:53:59+00:00","breadcrumb":{"@id":"https:\/\/rioonwatch.org.br\/?p=8797#breadcrumb"},"inLanguage":"pt-BR","potentialAction":[{"@type":"ReadAction","target":["https:\/\/rioonwatch.org.br\/?p=8797"]}]},{"@type":"ImageObject","inLanguage":"pt-BR","@id":"https:\/\/rioonwatch.org.br\/?p=8797#primaryimage","url":"https:\/\/rioonwatch.org.br\/wp-content\/uploads\/2013\/11\/CSA1.jpg","contentUrl":"https:\/\/rioonwatch.org.br\/wp-content\/uploads\/2013\/11\/CSA1.jpg","width":800,"height":534},{"@type":"BreadcrumbList","@id":"https:\/\/rioonwatch.org.br\/?p=8797#breadcrumb","itemListElement":[{"@type":"ListItem","position":1,"name":"In\u00edcio","item":"https:\/\/rioonwatch.org.br\/"},{"@type":"ListItem","position":2,"name":"Casa de Santa Ana: Aten\u00e7\u00e3o e Reconhecimento ao Idoso na Cidade de Deus"}]},{"@type":"WebSite","@id":"https:\/\/rioonwatch.org.br\/#website","url":"https:\/\/rioonwatch.org.br\/","name":"RioOnWatch","description":"relatos das favelas cariocas","publisher":{"@id":"https:\/\/rioonwatch.org.br\/#organization"},"potentialAction":[{"@type":"SearchAction","target":{"@type":"EntryPoint","urlTemplate":"https:\/\/rioonwatch.org.br\/?s={search_term_string}"},"query-input":{"@type":"PropertyValueSpecification","valueRequired":true,"valueName":"search_term_string"}}],"inLanguage":"pt-BR"},{"@type":"Organization","@id":"https:\/\/rioonwatch.org.br\/#organization","name":"RioOnWatch","url":"https:\/\/rioonwatch.org.br\/","logo":{"@type":"ImageObject","inLanguage":"pt-BR","@id":"https:\/\/rioonwatch.org.br\/#\/schema\/logo\/image\/","url":"https:\/\/rioonwatch.org.br\/wp-content\/uploads\/2021\/06\/RioOnWatchcabecalhoPT11anos-2.png","contentUrl":"https:\/\/rioonwatch.org.br\/wp-content\/uploads\/2021\/06\/RioOnWatchcabecalhoPT11anos-2.png","width":779,"height":277,"caption":"RioOnWatch"},"image":{"@id":"https:\/\/rioonwatch.org.br\/#\/schema\/logo\/image\/"}},{"@type":"Person","@id":"https:\/\/rioonwatch.org.br\/#\/schema\/person\/11d64c290506f9df50c71b850c473f68","name":"Admin","image":{"@type":"ImageObject","inLanguage":"pt-BR","@id":"https:\/\/rioonwatch.org.br\/#\/schema\/person\/image\/","url":"https:\/\/secure.gravatar.com\/avatar\/56211ac74568383903349a1485e3c325?s=96&d=blank&r=g","contentUrl":"https:\/\/secure.gravatar.com\/avatar\/56211ac74568383903349a1485e3c325?s=96&d=blank&r=g","caption":"Admin"},"url":"https:\/\/rioonwatch.org.br\/?author=129"}]}},"_links":{"self":[{"href":"https:\/\/rioonwatch.org.br\/index.php?rest_route=\/wp\/v2\/posts\/8797"}],"collection":[{"href":"https:\/\/rioonwatch.org.br\/index.php?rest_route=\/wp\/v2\/posts"}],"about":[{"href":"https:\/\/rioonwatch.org.br\/index.php?rest_route=\/wp\/v2\/types\/post"}],"author":[{"embeddable":true,"href":"https:\/\/rioonwatch.org.br\/index.php?rest_route=\/wp\/v2\/users\/129"}],"replies":[{"embeddable":true,"href":"https:\/\/rioonwatch.org.br\/index.php?rest_route=%2Fwp%2Fv2%2Fcomments&post=8797"}],"version-history":[{"count":104,"href":"https:\/\/rioonwatch.org.br\/index.php?rest_route=\/wp\/v2\/posts\/8797\/revisions"}],"predecessor-version":[{"id":27146,"href":"https:\/\/rioonwatch.org.br\/index.php?rest_route=\/wp\/v2\/posts\/8797\/revisions\/27146"}],"wp:featuredmedia":[{"embeddable":true,"href":"https:\/\/rioonwatch.org.br\/index.php?rest_route=\/wp\/v2\/media\/27120"}],"wp:attachment":[{"href":"https:\/\/rioonwatch.org.br\/index.php?rest_route=%2Fwp%2Fv2%2Fmedia&parent=8797"}],"wp:term":[{"taxonomy":"category","embeddable":true,"href":"https:\/\/rioonwatch.org.br\/index.php?rest_route=%2Fwp%2Fv2%2Fcategories&post=8797"},{"taxonomy":"post_tag","embeddable":true,"href":"https:\/\/rioonwatch.org.br\/index.php?rest_route=%2Fwp%2Fv2%2Ftags&post=8797"},{"taxonomy":"writer","embeddable":true,"href":"https:\/\/rioonwatch.org.br\/index.php?rest_route=%2Fwp%2Fv2%2Fwriter&post=8797"},{"taxonomy":"translator","embeddable":true,"href":"https:\/\/rioonwatch.org.br\/index.php?rest_route=%2Fwp%2Fv2%2Ftranslator&post=8797"},{"taxonomy":"source","embeddable":true,"href":"https:\/\/rioonwatch.org.br\/index.php?rest_route=%2Fwp%2Fv2%2Fsource&post=8797"},{"taxonomy":"ilustrador","embeddable":true,"href":"https:\/\/rioonwatch.org.br\/index.php?rest_route=%2Fwp%2Fv2%2Filustrador&post=8797"},{"taxonomy":"fotografo","embeddable":true,"href":"https:\/\/rioonwatch.org.br\/index.php?rest_route=%2Fwp%2Fv2%2Ffotografo&post=8797"}],"curies":[{"name":"wp","href":"https:\/\/api.w.org\/{rel}","templated":true}]}}