{"id":8891,"date":"2013-11-21T13:16:33","date_gmt":"2013-11-21T16:16:33","guid":{"rendered":"http:\/\/rioonwatch.org.br\/?p=8891"},"modified":"2015-08-14T14:50:10","modified_gmt":"2015-08-14T17:50:10","slug":"circulando-dialogo-e-expressao-cultural-no-alemao","status":"publish","type":"post","link":"https:\/\/rioonwatch.org.br\/?p=8891","title":{"rendered":"Circulando: Di\u00e1logo e Express\u00e3o Cultural no Alem\u00e3o"},"content":{"rendered":"<p>No dia 09 de novembro, aconteceu no\u00a0<a href=\"http:\/\/bit.ly\/U0MiGm\" target=\"_blank\">Complexo do Alem\u00e3o<\/a>\u00a0a nona edi\u00e7\u00e3o do evento Circulando\u00a0do\u00a0<a href=\"http:\/\/bit.ly\/GUXh5D\" target=\"_blank\">Instituto Ra\u00edzes em Movimento<\/a>. Tendo como subt\u00edtulo \u201cDi\u00e1logo e Comunica\u00e7\u00e3o na Favela&#8221;, o evento durou desde \u00e0s 9h at\u00e9 23h e incluiu poesia, debates, grafite, performances musicais, com um foco geral nos direitos humanos.<\/p>\n<p>O evento incluiu exibi\u00e7\u00f5es fotogr\u00e1ficas por <a href=\"http:\/\/bit.ly\/1byapp6\" target=\"_blank\">Bruno Itan<\/a>, <a href=\"http:\/\/bit.ly\/THyq7O\" target=\"_blank\">Alexandre Correa<\/a>, <a href=\"http:\/\/bit.ly\/THyq7O\" target=\"_blank\">Rodrigues Moura<\/a>, Flavia Viana, e <a href=\"http:\/\/on.fb.me\/1bU6YuJ\" target=\"_blank\">Maria Buzanovsky<\/a> e a cria\u00e7\u00e3o de novas obras de arte de grafite nas paredes da Avenida Central.<\/p>\n<p>Do lado de fora da sede do Ra\u00edzes em Movimento, organizadores constru\u00edram uma tenda amarela para receber os debates e exibi\u00e7\u00f5es do trabalho do grupo ambiental <a href=\"http:\/\/bit.ly\/18qCd1y\" target=\"_blank\">Verdejar Socioambiental<\/a>,\u00a0com um microfone aberto para poesia e m\u00fasica.<\/p>\n<p>Nas proximidades, o coletivo Guerreiras da Arte, organizou uma feira de artesanatos e o SESC ofereceu oficinas de capacita\u00e7\u00e3o. Al\u00e9m da m\u00fasica e dan\u00e7a da <a href=\"http:\/\/on.fb.me\/17DB7M9\" target=\"_blank\">Orquestra Popular AfroBeat Anjos e Querubins<\/a> e do grupo Dan\u00e7a Renova\u00e7\u00e3o (que veio de Pelotas para o evento), houve uma apresenta\u00e7\u00e3o de capoeira. <a href=\"http:\/\/bit.ly\/1a6n6vG\" target=\"_blank\">Ocupa Alem\u00e3o<\/a> tamb\u00e9m organizou uma troca de livros e um lugar para deixar recados. Durante a noite, grupos de funk e rap como Bonde 2Cria, Eddu Grau, e Rapper Fiel apresentaram shows, assim como as apresenta\u00e7\u00f5es da batalha do Passinho e do astro Rapper Filipe Ret.<\/p>\n<p><a href=\"http:\/\/rioonwatch.org.br\/?attachment_id=12416\" rel=\"attachment wp-att-12416\"><img fetchpriority=\"high\" decoding=\"async\" class=\"alignright size-full wp-image-12416\" title=\"Verdejar falou sobre a degrada\u00e7\u00e3o da Serra da Miseric\u00f3rdia\" src=\"http:\/\/rioonwatch.org\/wp-content\/uploads\/2013\/11\/DSC_0006-Version-2.jpg\" alt=\"\" width=\"336\" height=\"230\" \/><\/a><\/p>\n<p>Temas dos direitos humanos tiveram destaque no debate do Verdejar, no qual os lideres da ONG discutiram a luta de 16 anos por um parque ecol\u00f3gico na Serra da Miseric\u00f3rdia. O diretor explicou que apesar das promessas de milh\u00f5es de reais para o parque, hoje o espa\u00e7o est\u00e1 sendo usado como um pretexto para <a href=\"http:\/\/bit.ly\/X51Qvb\" target=\"_blank\">remover<\/a>\u00a0fam\u00edlias que moram l\u00e1 por mais de 40 anos. Edson, um dos diretores do Verdejar, perguntou v\u00e1rias vezes \u201cQue tipo de parque \u00e9 esse?\u201d, chamando aten\u00e7\u00e3o ao fato de que a Prefeitura est\u00e1 dando licen\u00e7a para a opera\u00e7\u00e3o de <a href=\"http:\/\/bit.ly\/1bUawgy\" target=\"_blank\">tr\u00eas pedreiras ultra poluentes<\/a>\u00a0dentro da \u00e1rea designada. O Verdejar iniciou uma campanha atrav\u00e9s da <a href=\"http:\/\/bit.ly\/1fYkpws\" target=\"_blank\">plataforma &#8220;Panela de Press\u00e3o\u201d<\/a>\u00a0do grupo <a href=\"http:\/\/bit.ly\/13P6bGV\" target=\"_blank\">Meu Rio<\/a> para chamar os secret\u00e1rios de Habita\u00e7\u00e3o e Meio Ambiente a participarem de uma discuss\u00e3o com grupos locais sobre o futuro do parque.<\/p>\n<p><a href=\"http:\/\/rioonwatch.org.br\/?attachment_id=12412\" rel=\"attachment wp-att-12412\"><img decoding=\"async\" class=\"alignright size-full wp-image-12412\" title=\"No Circulando houveram muitas interven\u00e7\u00f5es culturais, incluindo m\u00fasica, dan\u00e7a, poesia e exposi\u00e7\u00e3o de fotografia\" src=\"http:\/\/rioonwatch.org\/wp-content\/uploads\/2013\/11\/DSC_0042-Version-2.jpg\" alt=\"\" width=\"336\" height=\"224\" \/><\/a><\/p>\n<p>Moradores compartilharam suas experi\u00eancias de amea\u00e7as e remo\u00e7\u00f5es, enquanto volunt\u00e1rios da campanha Ocupa Direitos Humanos da Comiss\u00e3o de Direitos Humanos da ALERJ coletaram informa\u00e7\u00e3o sobre essas viola\u00e7\u00f5es de direitos humanos no Alem\u00e3o. Uma das diversas sess\u00f5es do filme \u201c<a href=\"http:\/\/bit.ly\/1bTZurF\" target=\"_blank\">Prezado Mandela<\/a>&#8220;, que apresenta o ativismo anti-remo\u00e7\u00e3o da \u00c1frica do Sul, tamb\u00e9m ocorreu no Instituto neste momento, seguido de uma discuss\u00e3o e debate. Panfletos da campanha Direitos 1Manos do Adubando Ra\u00edzes Locais foram distribu\u00eddas para chamar aten\u00e7\u00e3o \u00e0s viola\u00e7\u00f5es hist\u00f3ricas dos direitos humanos dentro da favela.<\/p>\n<p>Ricardo Moura, coordenador do projeto Adubando Ra\u00edzes Locais, enfatizou o di\u00e1logo com v\u00e1rios movimentos sociais proporcionado pelo Circulando num <a href=\"http:\/\/bit.ly\/17gtHRQ\" target=\"_blank\">trecho de uma reflex\u00e3o<\/a>\u00a0publicado no site do Ra\u00edzes em Movimento. Sobre o debate do Verdejar e o filme \u201cPrezado Mandela\u201d, ele escreveu: \u201cAmbas as a\u00e7\u00f5es tiveram como foco a inser\u00e7\u00e3o numa agenda de\u00a0luta por direitos das e nas favelas&#8221;.<\/p>\n<p>Moura continuou dizendo: &#8220;Estes momentos foram importantes, ainda mais se pensarmos que foi p\u00fablico, aberto em todos os sentidos, horizontal e coletivo&#8221;. Embora o\u00a0<em>Circulando<\/em> representou o fim de um projeto do Adubando Ra\u00edzes Locais, seu car\u00e1ter de ser criativo, incentivador, e poderoso, como Moura lhe descreveu, abre o caminho para muitas oportunidades no futuro.<\/p>\n<!-- AddThis Advanced Settings generic via filter on the_content --><!-- AddThis Share Buttons generic via filter on the_content -->","protected":false},"excerpt":{"rendered":"<div class=\"mh-excerpt\"><p>No dia 09 de novembro, aconteceu no\u00a0Complexo do Alem\u00e3o\u00a0a nona edi\u00e7\u00e3o do evento Circulando\u00a0do\u00a0Instituto Ra\u00edzes em Movimento. Tendo como subt\u00edtulo \u201cDi\u00e1logo e Comunica\u00e7\u00e3o na Favela&#8221;, o evento durou desde \u00e0s 9h at\u00e9 23h e incluiu <a class=\"mh-excerpt-more\" href=\"https:\/\/rioonwatch.org.br\/?p=8891\" title=\"Circulando: Di\u00e1logo e Express\u00e3o Cultural no Alem\u00e3o\">[&#8230;]<\/a><!-- AddThis Advanced Settings generic via filter on get_the_excerpt --><!-- AddThis Share Buttons generic via filter on get_the_excerpt --><\/p>\n<\/div>","protected":false},"author":129,"featured_media":8956,"comment_status":"closed","ping_status":"closed","sticky":false,"template":"","format":"standard","meta":{"_acf_changed":false,"_monsterinsights_skip_tracking":false,"_monsterinsights_sitenote_active":false,"_monsterinsights_sitenote_note":"","_monsterinsights_sitenote_category":0,"footnotes":""},"categories":[1614,346,344,342],"tags":[928,301,334,217,421,336,88,922,1299,1151,358,102,14,295,429],"writer":[888],"translator":[927],"source":[],"ilustrador":[],"fotografo":[],"class_list":{"0":"post-8891","1":"post","2":"type-post","3":"status-publish","4":"format-standard","5":"has-post-thumbnail","7":"category-olhonasremocoes","8":"category-denuncias","9":"category-politicas","10":"category-solucoes","11":"tag-africa-do-sul","12":"tag-agroecologia","13":"tag-arte","14":"tag-complexo-do-alemao","15":"tag-cultura-da-favela","16":"tag-danca","17":"tag-direitos-humanos","18":"tag-evento","19":"tag-meu-rio","20":"tag-organizacao","21":"tag-organizacao-comunitaria","22":"tag-poesia","23":"tag-remocao","24":"tag-serra-da-misericordia","25":"tag-verdejar","26":"writer-courtney-allen-crumpler","27":"translator-emma-platais"},"acf":[],"yoast_head":"<!-- This site is optimized with the Yoast SEO plugin v25.6 - https:\/\/yoast.com\/wordpress\/plugins\/seo\/ -->\n<title>Circulando: Di\u00e1logo e Express\u00e3o Cultural no Alem\u00e3o - RioOnWatch<\/title>\n<meta name=\"robots\" content=\"index, follow, max-snippet:-1, max-image-preview:large, max-video-preview:-1\" \/>\n<link rel=\"canonical\" href=\"https:\/\/rioonwatch.org.br\/?p=8891\" \/>\n<meta property=\"og:locale\" content=\"pt_BR\" \/>\n<meta property=\"og:type\" content=\"article\" \/>\n<meta property=\"og:title\" content=\"Circulando: Di\u00e1logo e Express\u00e3o Cultural no Alem\u00e3o - RioOnWatch\" \/>\n<meta property=\"og:description\" content=\"No dia 09 de novembro, aconteceu no\u00a0Complexo do Alem\u00e3o\u00a0a nona edi\u00e7\u00e3o do evento Circulando\u00a0do\u00a0Instituto Ra\u00edzes em Movimento. Tendo como subt\u00edtulo \u201cDi\u00e1logo e Comunica\u00e7\u00e3o na Favela&#8221;, o evento durou desde \u00e0s 9h at\u00e9 23h e incluiu [...]\" \/>\n<meta property=\"og:url\" content=\"https:\/\/rioonwatch.org.br\/?p=8891\" \/>\n<meta property=\"og:site_name\" content=\"RioOnWatch\" \/>\n<meta property=\"article:published_time\" content=\"2013-11-21T16:16:33+00:00\" \/>\n<meta property=\"article:modified_time\" content=\"2015-08-14T17:50:10+00:00\" \/>\n<meta property=\"og:image\" content=\"https:\/\/rioonwatch.org.br\/wp-content\/uploads\/2013\/11\/circulando.jpg\" \/>\n\t<meta property=\"og:image:width\" content=\"300\" \/>\n\t<meta property=\"og:image:height\" content=\"211\" \/>\n\t<meta property=\"og:image:type\" content=\"image\/jpeg\" \/>\n<meta name=\"author\" content=\"Admin\" \/>\n<meta name=\"twitter:card\" content=\"summary_large_image\" \/>\n<meta name=\"twitter:label1\" content=\"Escrito por\" \/>\n\t<meta name=\"twitter:data1\" content=\"Admin\" \/>\n\t<meta name=\"twitter:label2\" content=\"Est. tempo de leitura\" \/>\n\t<meta name=\"twitter:data2\" content=\"3 minutos\" \/>\n<script type=\"application\/ld+json\" class=\"yoast-schema-graph\">{\"@context\":\"https:\/\/schema.org\",\"@graph\":[{\"@type\":\"Article\",\"@id\":\"https:\/\/rioonwatch.org.br\/?p=8891#article\",\"isPartOf\":{\"@id\":\"https:\/\/rioonwatch.org.br\/?p=8891\"},\"author\":{\"name\":\"Admin\",\"@id\":\"https:\/\/rioonwatch.org.br\/#\/schema\/person\/11d64c290506f9df50c71b850c473f68\"},\"headline\":\"Circulando: Di\u00e1logo e Express\u00e3o Cultural no Alem\u00e3o\",\"datePublished\":\"2013-11-21T16:16:33+00:00\",\"dateModified\":\"2015-08-14T17:50:10+00:00\",\"mainEntityOfPage\":{\"@id\":\"https:\/\/rioonwatch.org.br\/?p=8891\"},\"wordCount\":622,\"publisher\":{\"@id\":\"https:\/\/rioonwatch.org.br\/#organization\"},\"image\":{\"@id\":\"https:\/\/rioonwatch.org.br\/?p=8891#primaryimage\"},\"thumbnailUrl\":\"https:\/\/rioonwatch.org.br\/wp-content\/uploads\/2013\/11\/circulando.jpg\",\"keywords\":[\"\u00c1frica do Sul\",\"agroecologia\",\"arte\",\"Complexo do Alem\u00e3o\",\"cultura da favela\",\"dan\u00e7a\",\"Direitos Humanos\",\"evento\",\"Meu Rio\",\"mobiliza\u00e7\u00e3o\",\"organiza\u00e7\u00e3o comunit\u00e1ria\",\"poesia\",\"Remo\u00e7\u00e3o\",\"Serra da Miseric\u00f3rdia\",\"Verdejar\"],\"articleSection\":[\"#OlhoNasRemo\u00e7\u00f5es\",\"Den\u00fancias\",\"Pol\u00edticas\",\"Solu\u00e7\u00f5es\"],\"inLanguage\":\"pt-BR\"},{\"@type\":\"WebPage\",\"@id\":\"https:\/\/rioonwatch.org.br\/?p=8891\",\"url\":\"https:\/\/rioonwatch.org.br\/?p=8891\",\"name\":\"Circulando: Di\u00e1logo e Express\u00e3o Cultural no Alem\u00e3o - RioOnWatch\",\"isPartOf\":{\"@id\":\"https:\/\/rioonwatch.org.br\/#website\"},\"primaryImageOfPage\":{\"@id\":\"https:\/\/rioonwatch.org.br\/?p=8891#primaryimage\"},\"image\":{\"@id\":\"https:\/\/rioonwatch.org.br\/?p=8891#primaryimage\"},\"thumbnailUrl\":\"https:\/\/rioonwatch.org.br\/wp-content\/uploads\/2013\/11\/circulando.jpg\",\"datePublished\":\"2013-11-21T16:16:33+00:00\",\"dateModified\":\"2015-08-14T17:50:10+00:00\",\"breadcrumb\":{\"@id\":\"https:\/\/rioonwatch.org.br\/?p=8891#breadcrumb\"},\"inLanguage\":\"pt-BR\",\"potentialAction\":[{\"@type\":\"ReadAction\",\"target\":[\"https:\/\/rioonwatch.org.br\/?p=8891\"]}]},{\"@type\":\"ImageObject\",\"inLanguage\":\"pt-BR\",\"@id\":\"https:\/\/rioonwatch.org.br\/?p=8891#primaryimage\",\"url\":\"https:\/\/rioonwatch.org.br\/wp-content\/uploads\/2013\/11\/circulando.jpg\",\"contentUrl\":\"https:\/\/rioonwatch.org.br\/wp-content\/uploads\/2013\/11\/circulando.jpg\",\"width\":300,\"height\":211},{\"@type\":\"BreadcrumbList\",\"@id\":\"https:\/\/rioonwatch.org.br\/?p=8891#breadcrumb\",\"itemListElement\":[{\"@type\":\"ListItem\",\"position\":1,\"name\":\"In\u00edcio\",\"item\":\"https:\/\/rioonwatch.org.br\/\"},{\"@type\":\"ListItem\",\"position\":2,\"name\":\"Circulando: Di\u00e1logo e Express\u00e3o Cultural no Alem\u00e3o\"}]},{\"@type\":\"WebSite\",\"@id\":\"https:\/\/rioonwatch.org.br\/#website\",\"url\":\"https:\/\/rioonwatch.org.br\/\",\"name\":\"RioOnWatch\",\"description\":\"relatos das favelas cariocas\",\"publisher\":{\"@id\":\"https:\/\/rioonwatch.org.br\/#organization\"},\"potentialAction\":[{\"@type\":\"SearchAction\",\"target\":{\"@type\":\"EntryPoint\",\"urlTemplate\":\"https:\/\/rioonwatch.org.br\/?s={search_term_string}\"},\"query-input\":{\"@type\":\"PropertyValueSpecification\",\"valueRequired\":true,\"valueName\":\"search_term_string\"}}],\"inLanguage\":\"pt-BR\"},{\"@type\":\"Organization\",\"@id\":\"https:\/\/rioonwatch.org.br\/#organization\",\"name\":\"RioOnWatch\",\"url\":\"https:\/\/rioonwatch.org.br\/\",\"logo\":{\"@type\":\"ImageObject\",\"inLanguage\":\"pt-BR\",\"@id\":\"https:\/\/rioonwatch.org.br\/#\/schema\/logo\/image\/\",\"url\":\"https:\/\/rioonwatch.org.br\/wp-content\/uploads\/2021\/06\/RioOnWatchcabecalhoPT11anos-2.png\",\"contentUrl\":\"https:\/\/rioonwatch.org.br\/wp-content\/uploads\/2021\/06\/RioOnWatchcabecalhoPT11anos-2.png\",\"width\":779,\"height\":277,\"caption\":\"RioOnWatch\"},\"image\":{\"@id\":\"https:\/\/rioonwatch.org.br\/#\/schema\/logo\/image\/\"}},{\"@type\":\"Person\",\"@id\":\"https:\/\/rioonwatch.org.br\/#\/schema\/person\/11d64c290506f9df50c71b850c473f68\",\"name\":\"Admin\",\"image\":{\"@type\":\"ImageObject\",\"inLanguage\":\"pt-BR\",\"@id\":\"https:\/\/rioonwatch.org.br\/#\/schema\/person\/image\/\",\"url\":\"https:\/\/secure.gravatar.com\/avatar\/56211ac74568383903349a1485e3c325?s=96&d=blank&r=g\",\"contentUrl\":\"https:\/\/secure.gravatar.com\/avatar\/56211ac74568383903349a1485e3c325?s=96&d=blank&r=g\",\"caption\":\"Admin\"},\"url\":\"https:\/\/rioonwatch.org.br\/?author=129\"}]}<\/script>\n<!-- \/ Yoast SEO plugin. -->","yoast_head_json":{"title":"Circulando: Di\u00e1logo e Express\u00e3o Cultural no Alem\u00e3o - RioOnWatch","robots":{"index":"index","follow":"follow","max-snippet":"max-snippet:-1","max-image-preview":"max-image-preview:large","max-video-preview":"max-video-preview:-1"},"canonical":"https:\/\/rioonwatch.org.br\/?p=8891","og_locale":"pt_BR","og_type":"article","og_title":"Circulando: Di\u00e1logo e Express\u00e3o Cultural no Alem\u00e3o - RioOnWatch","og_description":"No dia 09 de novembro, aconteceu no\u00a0Complexo do Alem\u00e3o\u00a0a nona edi\u00e7\u00e3o do evento Circulando\u00a0do\u00a0Instituto Ra\u00edzes em Movimento. Tendo como subt\u00edtulo \u201cDi\u00e1logo e Comunica\u00e7\u00e3o na Favela&#8221;, o evento durou desde \u00e0s 9h at\u00e9 23h e incluiu [...]","og_url":"https:\/\/rioonwatch.org.br\/?p=8891","og_site_name":"RioOnWatch","article_published_time":"2013-11-21T16:16:33+00:00","article_modified_time":"2015-08-14T17:50:10+00:00","og_image":[{"width":300,"height":211,"url":"https:\/\/rioonwatch.org.br\/wp-content\/uploads\/2013\/11\/circulando.jpg","type":"image\/jpeg"}],"author":"Admin","twitter_card":"summary_large_image","twitter_misc":{"Escrito por":"Admin","Est. tempo de leitura":"3 minutos"},"schema":{"@context":"https:\/\/schema.org","@graph":[{"@type":"Article","@id":"https:\/\/rioonwatch.org.br\/?p=8891#article","isPartOf":{"@id":"https:\/\/rioonwatch.org.br\/?p=8891"},"author":{"name":"Admin","@id":"https:\/\/rioonwatch.org.br\/#\/schema\/person\/11d64c290506f9df50c71b850c473f68"},"headline":"Circulando: Di\u00e1logo e Express\u00e3o Cultural no Alem\u00e3o","datePublished":"2013-11-21T16:16:33+00:00","dateModified":"2015-08-14T17:50:10+00:00","mainEntityOfPage":{"@id":"https:\/\/rioonwatch.org.br\/?p=8891"},"wordCount":622,"publisher":{"@id":"https:\/\/rioonwatch.org.br\/#organization"},"image":{"@id":"https:\/\/rioonwatch.org.br\/?p=8891#primaryimage"},"thumbnailUrl":"https:\/\/rioonwatch.org.br\/wp-content\/uploads\/2013\/11\/circulando.jpg","keywords":["\u00c1frica do Sul","agroecologia","arte","Complexo do Alem\u00e3o","cultura da favela","dan\u00e7a","Direitos Humanos","evento","Meu Rio","mobiliza\u00e7\u00e3o","organiza\u00e7\u00e3o comunit\u00e1ria","poesia","Remo\u00e7\u00e3o","Serra da Miseric\u00f3rdia","Verdejar"],"articleSection":["#OlhoNasRemo\u00e7\u00f5es","Den\u00fancias","Pol\u00edticas","Solu\u00e7\u00f5es"],"inLanguage":"pt-BR"},{"@type":"WebPage","@id":"https:\/\/rioonwatch.org.br\/?p=8891","url":"https:\/\/rioonwatch.org.br\/?p=8891","name":"Circulando: Di\u00e1logo e Express\u00e3o Cultural no Alem\u00e3o - RioOnWatch","isPartOf":{"@id":"https:\/\/rioonwatch.org.br\/#website"},"primaryImageOfPage":{"@id":"https:\/\/rioonwatch.org.br\/?p=8891#primaryimage"},"image":{"@id":"https:\/\/rioonwatch.org.br\/?p=8891#primaryimage"},"thumbnailUrl":"https:\/\/rioonwatch.org.br\/wp-content\/uploads\/2013\/11\/circulando.jpg","datePublished":"2013-11-21T16:16:33+00:00","dateModified":"2015-08-14T17:50:10+00:00","breadcrumb":{"@id":"https:\/\/rioonwatch.org.br\/?p=8891#breadcrumb"},"inLanguage":"pt-BR","potentialAction":[{"@type":"ReadAction","target":["https:\/\/rioonwatch.org.br\/?p=8891"]}]},{"@type":"ImageObject","inLanguage":"pt-BR","@id":"https:\/\/rioonwatch.org.br\/?p=8891#primaryimage","url":"https:\/\/rioonwatch.org.br\/wp-content\/uploads\/2013\/11\/circulando.jpg","contentUrl":"https:\/\/rioonwatch.org.br\/wp-content\/uploads\/2013\/11\/circulando.jpg","width":300,"height":211},{"@type":"BreadcrumbList","@id":"https:\/\/rioonwatch.org.br\/?p=8891#breadcrumb","itemListElement":[{"@type":"ListItem","position":1,"name":"In\u00edcio","item":"https:\/\/rioonwatch.org.br\/"},{"@type":"ListItem","position":2,"name":"Circulando: Di\u00e1logo e Express\u00e3o Cultural no Alem\u00e3o"}]},{"@type":"WebSite","@id":"https:\/\/rioonwatch.org.br\/#website","url":"https:\/\/rioonwatch.org.br\/","name":"RioOnWatch","description":"relatos das favelas cariocas","publisher":{"@id":"https:\/\/rioonwatch.org.br\/#organization"},"potentialAction":[{"@type":"SearchAction","target":{"@type":"EntryPoint","urlTemplate":"https:\/\/rioonwatch.org.br\/?s={search_term_string}"},"query-input":{"@type":"PropertyValueSpecification","valueRequired":true,"valueName":"search_term_string"}}],"inLanguage":"pt-BR"},{"@type":"Organization","@id":"https:\/\/rioonwatch.org.br\/#organization","name":"RioOnWatch","url":"https:\/\/rioonwatch.org.br\/","logo":{"@type":"ImageObject","inLanguage":"pt-BR","@id":"https:\/\/rioonwatch.org.br\/#\/schema\/logo\/image\/","url":"https:\/\/rioonwatch.org.br\/wp-content\/uploads\/2021\/06\/RioOnWatchcabecalhoPT11anos-2.png","contentUrl":"https:\/\/rioonwatch.org.br\/wp-content\/uploads\/2021\/06\/RioOnWatchcabecalhoPT11anos-2.png","width":779,"height":277,"caption":"RioOnWatch"},"image":{"@id":"https:\/\/rioonwatch.org.br\/#\/schema\/logo\/image\/"}},{"@type":"Person","@id":"https:\/\/rioonwatch.org.br\/#\/schema\/person\/11d64c290506f9df50c71b850c473f68","name":"Admin","image":{"@type":"ImageObject","inLanguage":"pt-BR","@id":"https:\/\/rioonwatch.org.br\/#\/schema\/person\/image\/","url":"https:\/\/secure.gravatar.com\/avatar\/56211ac74568383903349a1485e3c325?s=96&d=blank&r=g","contentUrl":"https:\/\/secure.gravatar.com\/avatar\/56211ac74568383903349a1485e3c325?s=96&d=blank&r=g","caption":"Admin"},"url":"https:\/\/rioonwatch.org.br\/?author=129"}]}},"_links":{"self":[{"href":"https:\/\/rioonwatch.org.br\/index.php?rest_route=\/wp\/v2\/posts\/8891"}],"collection":[{"href":"https:\/\/rioonwatch.org.br\/index.php?rest_route=\/wp\/v2\/posts"}],"about":[{"href":"https:\/\/rioonwatch.org.br\/index.php?rest_route=\/wp\/v2\/types\/post"}],"author":[{"embeddable":true,"href":"https:\/\/rioonwatch.org.br\/index.php?rest_route=\/wp\/v2\/users\/129"}],"replies":[{"embeddable":true,"href":"https:\/\/rioonwatch.org.br\/index.php?rest_route=%2Fwp%2Fv2%2Fcomments&post=8891"}],"version-history":[{"count":83,"href":"https:\/\/rioonwatch.org.br\/index.php?rest_route=\/wp\/v2\/posts\/8891\/revisions"}],"predecessor-version":[{"id":15556,"href":"https:\/\/rioonwatch.org.br\/index.php?rest_route=\/wp\/v2\/posts\/8891\/revisions\/15556"}],"wp:featuredmedia":[{"embeddable":true,"href":"https:\/\/rioonwatch.org.br\/index.php?rest_route=\/wp\/v2\/media\/8956"}],"wp:attachment":[{"href":"https:\/\/rioonwatch.org.br\/index.php?rest_route=%2Fwp%2Fv2%2Fmedia&parent=8891"}],"wp:term":[{"taxonomy":"category","embeddable":true,"href":"https:\/\/rioonwatch.org.br\/index.php?rest_route=%2Fwp%2Fv2%2Fcategories&post=8891"},{"taxonomy":"post_tag","embeddable":true,"href":"https:\/\/rioonwatch.org.br\/index.php?rest_route=%2Fwp%2Fv2%2Ftags&post=8891"},{"taxonomy":"writer","embeddable":true,"href":"https:\/\/rioonwatch.org.br\/index.php?rest_route=%2Fwp%2Fv2%2Fwriter&post=8891"},{"taxonomy":"translator","embeddable":true,"href":"https:\/\/rioonwatch.org.br\/index.php?rest_route=%2Fwp%2Fv2%2Ftranslator&post=8891"},{"taxonomy":"source","embeddable":true,"href":"https:\/\/rioonwatch.org.br\/index.php?rest_route=%2Fwp%2Fv2%2Fsource&post=8891"},{"taxonomy":"ilustrador","embeddable":true,"href":"https:\/\/rioonwatch.org.br\/index.php?rest_route=%2Fwp%2Fv2%2Filustrador&post=8891"},{"taxonomy":"fotografo","embeddable":true,"href":"https:\/\/rioonwatch.org.br\/index.php?rest_route=%2Fwp%2Fv2%2Ffotografo&post=8891"}],"curies":[{"name":"wp","href":"https:\/\/api.w.org\/{rel}","templated":true}]}}