{"id":8973,"date":"2013-11-22T11:03:00","date_gmt":"2013-11-22T14:03:00","guid":{"rendered":"http:\/\/rioonwatch.org.br\/?p=8973"},"modified":"2015-08-14T14:50:10","modified_gmt":"2015-08-14T17:50:10","slug":"o-povo-governara-ativistas-contra-a-remocao-na-africa-do-sul-visitam-o-rio","status":"publish","type":"post","link":"https:\/\/rioonwatch.org.br\/?p=8973","title":{"rendered":"O Povo Governar\u00e1: Ativistas Contra a Remo\u00e7\u00e3o na \u00c1frica do Sul Visitam o Rio"},"content":{"rendered":"<p><em>No in\u00edcio deste m\u00eas,\u00a0S&#8217;bu Zikode e Bandile Mdlalose, membros fundadores do movimento social <a href=\"http:\/\/bit.ly\/I0ZOMC\" target=\"_blank\">Abahlali baseMjondolo<\/a>, foram entrevistados pelo RioOnWatch, quando estiveram no Rio como parte da turn\u00ea do filme &#8220;<a href=\"http:\/\/bit.ly\/1bTZurF\" target=\"_blank\">Prezado Mandela<\/a>&#8220;. O filme narra o ativismo contra as remo\u00e7\u00f5es em Durban, \u00c1frica do Sul, onde os assentamentos informais t\u00eam sido parte da paisagem urbana desde 1880. Utilizando a justificativa de amea\u00e7a \u00e0 sa\u00fade p\u00fablica para que estas \u00e1reas sejam zoneadas para que constantemente recebam uma qualidade inferior de servi\u00e7os p\u00fablicos, essas comunidades enfrentaram um processo de remo\u00e7\u00e3o patrocinada pelo governo que se iniciou com o Ato das Favelas de 1934, que classificou moradias com menos de 3,7 metros quadrados de espa\u00e7o por pessoa como um &#8220;slum&#8221; (favela prec\u00e1ria) e sancionou sua demoli\u00e7\u00e3o. Diferentes a\u00e7\u00f5es do governo v\u00eam promovendo a segrega\u00e7\u00e3o espacial na cidade continuamente ao longo das d\u00e9cadas, mas isso tamb\u00e9m fez com que a mobiliza\u00e7\u00e3o social contra os assentamentos crescesse, sendo impulsionada na d\u00e9cada de 1950, ap\u00f3s uma tentativa de remover o culturalmente\u00a0hist\u00f3rico assentamento de <a href=\"http:\/\/bit.ly\/19yTgdP\" target=\"_blank\">Cato Manor<\/a>.<\/em><\/p>\n<p><em>A Constitui\u00e7\u00e3o p\u00f3s-apartheid da \u00c1frica do Sul adotou prote\u00e7\u00f5es para os processos democr\u00e1ticos na gest\u00e3o das cidades e um tom a favor dos pobres quanto ao direito \u00e0 moradia. Isto foi seguido pela Lei dos Direitos \u00e0 Moradia de 1997, que tornou ilegal demolir os barracos dos assentamentos sem um reassentamento adequado. Casos de demoli\u00e7\u00e3o de assentamentos foram contestados com sucesso nos tribunais em v\u00e1rias inst\u00e2ncias.<\/em><\/p>\n<p dir=\"ltr\"><em><a href=\"http:\/\/rioonwatch.org.br\/?attachment_id=12403\" rel=\"attachment wp-att-12403\"><img fetchpriority=\"high\" decoding=\"async\" class=\"alignright size-full wp-image-12403\" title=\"S\u2019bu Zikode e Bandile Mdlalose falando no Rio\" src=\"http:\/\/rioonwatch.org\/wp-content\/uploads\/2013\/11\/Dear-Mandela.jpg\" alt=\"\" width=\"336\" height=\"260\" \/><\/a><\/em><\/p>\n<p><em>Apesar destas leis, as demoli\u00e7\u00f5es continuaram nas \u00faltimas d\u00e9cadas. Em 2005, um bloqueio na estrada por moradores que resistiam \u00e0 remo\u00e7\u00e3o do assentamento Kennedy Road lan\u00e7ou o movimento Abahali\u00a0<em><em>baseMjondolo shackdwellers<\/em><\/em>. Abahali desempenhou um papel significativo na proclama\u00e7\u00e3o de um Ato em 2007, no qual a permiss\u00e3o de remo\u00e7\u00e3o dos assentamentos em larga escala se tornou inconstitucional. No entanto, os membros e l\u00edderes do <em>Abahali\u00a0<\/em>continuam a enfrentar o <a href=\"http:\/\/bit.ly\/1aMN2qZ\" target=\"_blank\">tratamento violento por parte da pol\u00edcia<\/a> por sua participa\u00e7\u00e3o.<\/em><\/p>\n<p><strong>Voc\u00ea pode falar um pouco sobre a estrutura organizacional do Abahali?<\/strong><\/p>\n<p><strong>S\u2019Bu Zikode<\/strong>: Ela est\u00e1 baseada na organiza\u00e7\u00e3o e educa\u00e7\u00e3o na base. E o crucial para tudo isso, \u00e9 que as pessoas estejam cientes de seus direitos e das estruturas legais em torno do que est\u00e1 acontecendo. O b\u00e1sico est\u00e1 no Artigo 26 da nossa constitui\u00e7\u00e3o, o que significa que \u00e9 preciso uma ordem judicial para remover as fam\u00edlias. As pessoas precisam conhecer a lei para que elas possam governar, o que faz parte da <a href=\"http:\/\/bit.ly\/1h5o1Qo\" target=\"_blank\">Carta da Liberdade<\/a> da \u00c1frica do Sul de 1955: \u201cO Povo Governar\u00e1\u201d. Foi esse tipo de educa\u00e7\u00e3o que nos capacitou para a nossa vit\u00f3ria nos tribunais, em 2009, contra o Ato das Favelas.<\/p>\n<p><strong>Voc\u00eas se aliam com algu\u00e9m para organiza\u00e7\u00e3o e treinamento?<\/strong><\/p>\n<p><strong>Bandile Mdlalose<\/strong>: H\u00e1 alguns acad\u00eamicos que mostram apoio ao nosso trabalho, que aceitamos com prazer, desde que n\u00e3o tente control\u00e1-lo ou defini-lo. Outro grande recurso tem sido o grupo <a href=\"http:\/\/bit.ly\/I26Yj8\" target=\"_blank\">SERI<\/a> que d\u00e1 treinamento gratuito sobre como defender-se em tribunal sem um advogado. H\u00e1 uma linguagem diferente que eles nos ensinam a falar. Na rua voc\u00ea pode usar sua raiva, e falar com paix\u00e3o, mas no tribunal voc\u00ea precisa estar calmo e usar a linguagem da lei.<\/p>\n<p dir=\"ltr\"><strong>Como voc\u00ea faz para trazer as pessoas para a mobiliza\u00e7\u00e3o?<\/strong><\/p>\n<p><strong>Bandile<\/strong>: Nosso movimento cresceu por causa das necessidades de homens e mulheres comuns e atrav\u00e9s de sua raiva, fome e frustra\u00e7\u00e3o. Estamos lutando para proteger nosso bem-estar. Mas tamb\u00e9m acredito que se voc\u00ea est\u00e1 fazendo um trabalho importante com boa qualidade, voc\u00ea vai se tornar conhecido pelo seu trabalho e as pessoas vir\u00e3o at\u00e9 voc\u00ea sem que voc\u00ea precise de muita publicidade.<\/p>\n<p><strong>Como balancear os sucessos e as dificuldades?<\/strong><\/p>\n<p><strong>S\u2019Bu<\/strong>: N\u00f3s, certamente, tivemos ambos. \u00c0s vezes, voc\u00ea tem um sucesso legal, mas um fracasso pol\u00edtico. Ou seja, as regras judiciais em seu favor, mas a repress\u00e3o e as a\u00e7\u00f5es ilegais continuam. \u00c9 por isso que o elemento pol\u00edtico e o envolvimento das pessoas participando s\u00e3o t\u00e3o importantes assim&#8211;isto afirma a nossa participa\u00e7\u00e3o. Sabemos que o pa\u00eds n\u00e3o vai mudar por conta pr\u00f3pria. As pessoas v\u00e3o mudar o pa\u00eds. E este \u00e9 o lugar no qual a maioria das pessoas que est\u00e3o sendo afetadas, corrigem a minoria das pessoas que est\u00e3o fazendo errado.<\/p>\n<p><strong>Que tipo de resposta voc\u00ea vem recebendo, ultimamente, do governo por agir dessa maneira?<\/strong><\/p>\n<p><strong>Bandile<\/strong>: A Pol\u00edcia vem em nossas comunidades com facas e armas de fogo, \u00e0 procura de pessoas espec\u00edficas. O presidente do movimento teve sua casa saqueada. N\u00f3s dois recebemos amea\u00e7as de morte para que n\u00f3s par\u00e1ssemos com o nosso trabalho e n\u00e3o volt\u00e1ssemos a faz\u00ea-lo.<\/p>\n<p><strong>E por causa disso voc\u00ea est\u00e1 ficando quieto?\u00a0<\/strong><\/p>\n<p dir=\"ltr\"><strong>Bandile<\/strong>:\u00a0N\u00e3o, voc\u00ea tem que voltar. Voc\u00ea n\u00e3o pode deixar as coisas te assustarem. Al\u00e9m disso, eu preciso terminar o programa do certificado.<\/p>\n<p dir=\"ltr\"><strong>Sobre o que \u00e9 o certificado que voc\u00ea estar\u00e1 recebendo?\u00a0<\/strong><\/p>\n<p><strong>Bandile<\/strong>: Democracia participativa.<\/p>\n<p><strong>O que voc\u00ea diria para as pessoas envolvidas neste assunto que voc\u00ea conheceu no Brasil?<\/strong><\/p>\n<p><strong>Bandile<\/strong>: Eles precisam estar unidos. Essa \u00e9 a coisa mais importante. E que voc\u00ea empodera grupos atrav\u00e9s de empoderamento de pessoas individuais. Quando as pessoas perguntam: &#8220;Por que os jovens desempenham um papel t\u00e3o importante no desenvolvimento da \u00c1frica do Sul?\u201d A resposta n\u00e3o pode ser nada menos do que: \u201dPorque n\u00f3s somos o futuro&#8221;.<\/p>\n<!-- AddThis Advanced Settings generic via filter on the_content --><!-- AddThis Share Buttons generic via filter on the_content -->","protected":false},"excerpt":{"rendered":"<div class=\"mh-excerpt\"><p>No in\u00edcio deste m\u00eas,\u00a0S&#8217;bu Zikode e Bandile Mdlalose, membros fundadores do movimento social Abahlali baseMjondolo, foram entrevistados pelo RioOnWatch, quando estiveram no Rio como parte da turn\u00ea do filme &#8220;Prezado Mandela&#8220;. O filme narra o <a class=\"mh-excerpt-more\" href=\"https:\/\/rioonwatch.org.br\/?p=8973\" title=\"O Povo Governar\u00e1: Ativistas Contra a Remo\u00e7\u00e3o na \u00c1frica do Sul Visitam o Rio\">[&#8230;]<\/a><!-- AddThis Advanced Settings generic via filter on get_the_excerpt --><!-- AddThis Share Buttons generic via filter on get_the_excerpt --><\/p>\n<\/div>","protected":false},"author":129,"featured_media":9028,"comment_status":"closed","ping_status":"closed","sticky":false,"template":"","format":"standard","meta":{"_acf_changed":false,"_monsterinsights_skip_tracking":false,"_monsterinsights_sitenote_active":false,"_monsterinsights_sitenote_note":"","_monsterinsights_sitenote_category":0,"footnotes":""},"categories":[1614,344,342],"tags":[929,928,759,424,755,1151,797,358,14,432],"writer":[489],"translator":[289],"source":[],"ilustrador":[],"fotografo":[],"class_list":{"0":"post-8973","1":"post","2":"type-post","3":"status-publish","4":"format-standard","5":"has-post-thumbnail","7":"category-olhonasremocoes","8":"category-politicas","9":"category-solucoes","10":"tag-abahlali-basemjondolo","11":"tag-africa-do-sul","12":"tag-comparacao-internacional","13":"tag-direito-a-moradia","14":"tag-lei","15":"tag-organizacao","16":"tag-movimentos-sociais","17":"tag-organizacao-comunitaria","18":"tag-remocao","19":"tag-resistencia","20":"writer-catherine-osborn","21":"translator-ana-rosa-santos"},"acf":[],"yoast_head":"<!-- This site is optimized with the Yoast SEO plugin v25.6 - https:\/\/yoast.com\/wordpress\/plugins\/seo\/ -->\n<title>O Povo Governar\u00e1: Ativistas Contra a Remo\u00e7\u00e3o na \u00c1frica do Sul Visitam o Rio - RioOnWatch<\/title>\n<meta name=\"robots\" content=\"index, follow, max-snippet:-1, max-image-preview:large, max-video-preview:-1\" \/>\n<link rel=\"canonical\" href=\"https:\/\/rioonwatch.org.br\/?p=8973\" \/>\n<meta property=\"og:locale\" content=\"pt_BR\" \/>\n<meta property=\"og:type\" content=\"article\" \/>\n<meta property=\"og:title\" content=\"O Povo Governar\u00e1: Ativistas Contra a Remo\u00e7\u00e3o na \u00c1frica do Sul Visitam o Rio - RioOnWatch\" \/>\n<meta property=\"og:description\" content=\"No in\u00edcio deste m\u00eas,\u00a0S&#8217;bu Zikode e Bandile Mdlalose, membros fundadores do movimento social Abahlali baseMjondolo, foram entrevistados pelo RioOnWatch, quando estiveram no Rio como parte da turn\u00ea do filme &#8220;Prezado Mandela&#8220;. O filme narra o [...]\" \/>\n<meta property=\"og:url\" content=\"https:\/\/rioonwatch.org.br\/?p=8973\" \/>\n<meta property=\"og:site_name\" content=\"RioOnWatch\" \/>\n<meta property=\"article:published_time\" content=\"2013-11-22T14:03:00+00:00\" \/>\n<meta property=\"article:modified_time\" content=\"2015-08-14T17:50:10+00:00\" \/>\n<meta property=\"og:image\" content=\"https:\/\/rioonwatch.org.br\/wp-content\/uploads\/2013\/11\/sa-capa.jpg\" \/>\n\t<meta property=\"og:image:width\" content=\"300\" \/>\n\t<meta property=\"og:image:height\" content=\"211\" \/>\n\t<meta property=\"og:image:type\" content=\"image\/jpeg\" \/>\n<meta name=\"author\" content=\"Admin\" \/>\n<meta name=\"twitter:card\" content=\"summary_large_image\" \/>\n<meta name=\"twitter:label1\" content=\"Escrito por\" \/>\n\t<meta name=\"twitter:data1\" content=\"Admin\" \/>\n\t<meta name=\"twitter:label2\" content=\"Est. tempo de leitura\" \/>\n\t<meta name=\"twitter:data2\" content=\"5 minutos\" \/>\n<script type=\"application\/ld+json\" class=\"yoast-schema-graph\">{\"@context\":\"https:\/\/schema.org\",\"@graph\":[{\"@type\":\"Article\",\"@id\":\"https:\/\/rioonwatch.org.br\/?p=8973#article\",\"isPartOf\":{\"@id\":\"https:\/\/rioonwatch.org.br\/?p=8973\"},\"author\":{\"name\":\"Admin\",\"@id\":\"https:\/\/rioonwatch.org.br\/#\/schema\/person\/11d64c290506f9df50c71b850c473f68\"},\"headline\":\"O Povo Governar\u00e1: Ativistas Contra a Remo\u00e7\u00e3o na \u00c1frica do Sul Visitam o Rio\",\"datePublished\":\"2013-11-22T14:03:00+00:00\",\"dateModified\":\"2015-08-14T17:50:10+00:00\",\"mainEntityOfPage\":{\"@id\":\"https:\/\/rioonwatch.org.br\/?p=8973\"},\"wordCount\":948,\"publisher\":{\"@id\":\"https:\/\/rioonwatch.org.br\/#organization\"},\"image\":{\"@id\":\"https:\/\/rioonwatch.org.br\/?p=8973#primaryimage\"},\"thumbnailUrl\":\"https:\/\/rioonwatch.org.br\/wp-content\/uploads\/2013\/11\/sa-capa.jpg\",\"keywords\":[\"Abahlali baseMjondolo\",\"\u00c1frica do Sul\",\"compara\u00e7\u00e3o internacional\",\"Direito \u00e0 Moradia\",\"lei\",\"mobiliza\u00e7\u00e3o\",\"movimentos sociais\",\"organiza\u00e7\u00e3o comunit\u00e1ria\",\"Remo\u00e7\u00e3o\",\"resist\u00eancia\"],\"articleSection\":[\"#OlhoNasRemo\u00e7\u00f5es\",\"Pol\u00edticas\",\"Solu\u00e7\u00f5es\"],\"inLanguage\":\"pt-BR\"},{\"@type\":\"WebPage\",\"@id\":\"https:\/\/rioonwatch.org.br\/?p=8973\",\"url\":\"https:\/\/rioonwatch.org.br\/?p=8973\",\"name\":\"O Povo Governar\u00e1: Ativistas Contra a Remo\u00e7\u00e3o na \u00c1frica do Sul Visitam o Rio - RioOnWatch\",\"isPartOf\":{\"@id\":\"https:\/\/rioonwatch.org.br\/#website\"},\"primaryImageOfPage\":{\"@id\":\"https:\/\/rioonwatch.org.br\/?p=8973#primaryimage\"},\"image\":{\"@id\":\"https:\/\/rioonwatch.org.br\/?p=8973#primaryimage\"},\"thumbnailUrl\":\"https:\/\/rioonwatch.org.br\/wp-content\/uploads\/2013\/11\/sa-capa.jpg\",\"datePublished\":\"2013-11-22T14:03:00+00:00\",\"dateModified\":\"2015-08-14T17:50:10+00:00\",\"breadcrumb\":{\"@id\":\"https:\/\/rioonwatch.org.br\/?p=8973#breadcrumb\"},\"inLanguage\":\"pt-BR\",\"potentialAction\":[{\"@type\":\"ReadAction\",\"target\":[\"https:\/\/rioonwatch.org.br\/?p=8973\"]}]},{\"@type\":\"ImageObject\",\"inLanguage\":\"pt-BR\",\"@id\":\"https:\/\/rioonwatch.org.br\/?p=8973#primaryimage\",\"url\":\"https:\/\/rioonwatch.org.br\/wp-content\/uploads\/2013\/11\/sa-capa.jpg\",\"contentUrl\":\"https:\/\/rioonwatch.org.br\/wp-content\/uploads\/2013\/11\/sa-capa.jpg\",\"width\":300,\"height\":211},{\"@type\":\"BreadcrumbList\",\"@id\":\"https:\/\/rioonwatch.org.br\/?p=8973#breadcrumb\",\"itemListElement\":[{\"@type\":\"ListItem\",\"position\":1,\"name\":\"In\u00edcio\",\"item\":\"https:\/\/rioonwatch.org.br\/\"},{\"@type\":\"ListItem\",\"position\":2,\"name\":\"O Povo Governar\u00e1: Ativistas Contra a Remo\u00e7\u00e3o na \u00c1frica do Sul Visitam o Rio\"}]},{\"@type\":\"WebSite\",\"@id\":\"https:\/\/rioonwatch.org.br\/#website\",\"url\":\"https:\/\/rioonwatch.org.br\/\",\"name\":\"RioOnWatch\",\"description\":\"relatos das favelas cariocas\",\"publisher\":{\"@id\":\"https:\/\/rioonwatch.org.br\/#organization\"},\"potentialAction\":[{\"@type\":\"SearchAction\",\"target\":{\"@type\":\"EntryPoint\",\"urlTemplate\":\"https:\/\/rioonwatch.org.br\/?s={search_term_string}\"},\"query-input\":{\"@type\":\"PropertyValueSpecification\",\"valueRequired\":true,\"valueName\":\"search_term_string\"}}],\"inLanguage\":\"pt-BR\"},{\"@type\":\"Organization\",\"@id\":\"https:\/\/rioonwatch.org.br\/#organization\",\"name\":\"RioOnWatch\",\"url\":\"https:\/\/rioonwatch.org.br\/\",\"logo\":{\"@type\":\"ImageObject\",\"inLanguage\":\"pt-BR\",\"@id\":\"https:\/\/rioonwatch.org.br\/#\/schema\/logo\/image\/\",\"url\":\"https:\/\/rioonwatch.org.br\/wp-content\/uploads\/2021\/06\/RioOnWatchcabecalhoPT11anos-2.png\",\"contentUrl\":\"https:\/\/rioonwatch.org.br\/wp-content\/uploads\/2021\/06\/RioOnWatchcabecalhoPT11anos-2.png\",\"width\":779,\"height\":277,\"caption\":\"RioOnWatch\"},\"image\":{\"@id\":\"https:\/\/rioonwatch.org.br\/#\/schema\/logo\/image\/\"}},{\"@type\":\"Person\",\"@id\":\"https:\/\/rioonwatch.org.br\/#\/schema\/person\/11d64c290506f9df50c71b850c473f68\",\"name\":\"Admin\",\"image\":{\"@type\":\"ImageObject\",\"inLanguage\":\"pt-BR\",\"@id\":\"https:\/\/rioonwatch.org.br\/#\/schema\/person\/image\/\",\"url\":\"https:\/\/secure.gravatar.com\/avatar\/56211ac74568383903349a1485e3c325?s=96&d=blank&r=g\",\"contentUrl\":\"https:\/\/secure.gravatar.com\/avatar\/56211ac74568383903349a1485e3c325?s=96&d=blank&r=g\",\"caption\":\"Admin\"},\"url\":\"https:\/\/rioonwatch.org.br\/?author=129\"}]}<\/script>\n<!-- \/ Yoast SEO plugin. -->","yoast_head_json":{"title":"O Povo Governar\u00e1: Ativistas Contra a Remo\u00e7\u00e3o na \u00c1frica do Sul Visitam o Rio - RioOnWatch","robots":{"index":"index","follow":"follow","max-snippet":"max-snippet:-1","max-image-preview":"max-image-preview:large","max-video-preview":"max-video-preview:-1"},"canonical":"https:\/\/rioonwatch.org.br\/?p=8973","og_locale":"pt_BR","og_type":"article","og_title":"O Povo Governar\u00e1: Ativistas Contra a Remo\u00e7\u00e3o na \u00c1frica do Sul Visitam o Rio - RioOnWatch","og_description":"No in\u00edcio deste m\u00eas,\u00a0S&#8217;bu Zikode e Bandile Mdlalose, membros fundadores do movimento social Abahlali baseMjondolo, foram entrevistados pelo RioOnWatch, quando estiveram no Rio como parte da turn\u00ea do filme &#8220;Prezado Mandela&#8220;. O filme narra o [...]","og_url":"https:\/\/rioonwatch.org.br\/?p=8973","og_site_name":"RioOnWatch","article_published_time":"2013-11-22T14:03:00+00:00","article_modified_time":"2015-08-14T17:50:10+00:00","og_image":[{"width":300,"height":211,"url":"https:\/\/rioonwatch.org.br\/wp-content\/uploads\/2013\/11\/sa-capa.jpg","type":"image\/jpeg"}],"author":"Admin","twitter_card":"summary_large_image","twitter_misc":{"Escrito por":"Admin","Est. tempo de leitura":"5 minutos"},"schema":{"@context":"https:\/\/schema.org","@graph":[{"@type":"Article","@id":"https:\/\/rioonwatch.org.br\/?p=8973#article","isPartOf":{"@id":"https:\/\/rioonwatch.org.br\/?p=8973"},"author":{"name":"Admin","@id":"https:\/\/rioonwatch.org.br\/#\/schema\/person\/11d64c290506f9df50c71b850c473f68"},"headline":"O Povo Governar\u00e1: Ativistas Contra a Remo\u00e7\u00e3o na \u00c1frica do Sul Visitam o Rio","datePublished":"2013-11-22T14:03:00+00:00","dateModified":"2015-08-14T17:50:10+00:00","mainEntityOfPage":{"@id":"https:\/\/rioonwatch.org.br\/?p=8973"},"wordCount":948,"publisher":{"@id":"https:\/\/rioonwatch.org.br\/#organization"},"image":{"@id":"https:\/\/rioonwatch.org.br\/?p=8973#primaryimage"},"thumbnailUrl":"https:\/\/rioonwatch.org.br\/wp-content\/uploads\/2013\/11\/sa-capa.jpg","keywords":["Abahlali baseMjondolo","\u00c1frica do Sul","compara\u00e7\u00e3o internacional","Direito \u00e0 Moradia","lei","mobiliza\u00e7\u00e3o","movimentos sociais","organiza\u00e7\u00e3o comunit\u00e1ria","Remo\u00e7\u00e3o","resist\u00eancia"],"articleSection":["#OlhoNasRemo\u00e7\u00f5es","Pol\u00edticas","Solu\u00e7\u00f5es"],"inLanguage":"pt-BR"},{"@type":"WebPage","@id":"https:\/\/rioonwatch.org.br\/?p=8973","url":"https:\/\/rioonwatch.org.br\/?p=8973","name":"O Povo Governar\u00e1: Ativistas Contra a Remo\u00e7\u00e3o na \u00c1frica do Sul Visitam o Rio - RioOnWatch","isPartOf":{"@id":"https:\/\/rioonwatch.org.br\/#website"},"primaryImageOfPage":{"@id":"https:\/\/rioonwatch.org.br\/?p=8973#primaryimage"},"image":{"@id":"https:\/\/rioonwatch.org.br\/?p=8973#primaryimage"},"thumbnailUrl":"https:\/\/rioonwatch.org.br\/wp-content\/uploads\/2013\/11\/sa-capa.jpg","datePublished":"2013-11-22T14:03:00+00:00","dateModified":"2015-08-14T17:50:10+00:00","breadcrumb":{"@id":"https:\/\/rioonwatch.org.br\/?p=8973#breadcrumb"},"inLanguage":"pt-BR","potentialAction":[{"@type":"ReadAction","target":["https:\/\/rioonwatch.org.br\/?p=8973"]}]},{"@type":"ImageObject","inLanguage":"pt-BR","@id":"https:\/\/rioonwatch.org.br\/?p=8973#primaryimage","url":"https:\/\/rioonwatch.org.br\/wp-content\/uploads\/2013\/11\/sa-capa.jpg","contentUrl":"https:\/\/rioonwatch.org.br\/wp-content\/uploads\/2013\/11\/sa-capa.jpg","width":300,"height":211},{"@type":"BreadcrumbList","@id":"https:\/\/rioonwatch.org.br\/?p=8973#breadcrumb","itemListElement":[{"@type":"ListItem","position":1,"name":"In\u00edcio","item":"https:\/\/rioonwatch.org.br\/"},{"@type":"ListItem","position":2,"name":"O Povo Governar\u00e1: Ativistas Contra a Remo\u00e7\u00e3o na \u00c1frica do Sul Visitam o Rio"}]},{"@type":"WebSite","@id":"https:\/\/rioonwatch.org.br\/#website","url":"https:\/\/rioonwatch.org.br\/","name":"RioOnWatch","description":"relatos das favelas cariocas","publisher":{"@id":"https:\/\/rioonwatch.org.br\/#organization"},"potentialAction":[{"@type":"SearchAction","target":{"@type":"EntryPoint","urlTemplate":"https:\/\/rioonwatch.org.br\/?s={search_term_string}"},"query-input":{"@type":"PropertyValueSpecification","valueRequired":true,"valueName":"search_term_string"}}],"inLanguage":"pt-BR"},{"@type":"Organization","@id":"https:\/\/rioonwatch.org.br\/#organization","name":"RioOnWatch","url":"https:\/\/rioonwatch.org.br\/","logo":{"@type":"ImageObject","inLanguage":"pt-BR","@id":"https:\/\/rioonwatch.org.br\/#\/schema\/logo\/image\/","url":"https:\/\/rioonwatch.org.br\/wp-content\/uploads\/2021\/06\/RioOnWatchcabecalhoPT11anos-2.png","contentUrl":"https:\/\/rioonwatch.org.br\/wp-content\/uploads\/2021\/06\/RioOnWatchcabecalhoPT11anos-2.png","width":779,"height":277,"caption":"RioOnWatch"},"image":{"@id":"https:\/\/rioonwatch.org.br\/#\/schema\/logo\/image\/"}},{"@type":"Person","@id":"https:\/\/rioonwatch.org.br\/#\/schema\/person\/11d64c290506f9df50c71b850c473f68","name":"Admin","image":{"@type":"ImageObject","inLanguage":"pt-BR","@id":"https:\/\/rioonwatch.org.br\/#\/schema\/person\/image\/","url":"https:\/\/secure.gravatar.com\/avatar\/56211ac74568383903349a1485e3c325?s=96&d=blank&r=g","contentUrl":"https:\/\/secure.gravatar.com\/avatar\/56211ac74568383903349a1485e3c325?s=96&d=blank&r=g","caption":"Admin"},"url":"https:\/\/rioonwatch.org.br\/?author=129"}]}},"_links":{"self":[{"href":"https:\/\/rioonwatch.org.br\/index.php?rest_route=\/wp\/v2\/posts\/8973"}],"collection":[{"href":"https:\/\/rioonwatch.org.br\/index.php?rest_route=\/wp\/v2\/posts"}],"about":[{"href":"https:\/\/rioonwatch.org.br\/index.php?rest_route=\/wp\/v2\/types\/post"}],"author":[{"embeddable":true,"href":"https:\/\/rioonwatch.org.br\/index.php?rest_route=\/wp\/v2\/users\/129"}],"replies":[{"embeddable":true,"href":"https:\/\/rioonwatch.org.br\/index.php?rest_route=%2Fwp%2Fv2%2Fcomments&post=8973"}],"version-history":[{"count":86,"href":"https:\/\/rioonwatch.org.br\/index.php?rest_route=\/wp\/v2\/posts\/8973\/revisions"}],"predecessor-version":[{"id":15557,"href":"https:\/\/rioonwatch.org.br\/index.php?rest_route=\/wp\/v2\/posts\/8973\/revisions\/15557"}],"wp:featuredmedia":[{"embeddable":true,"href":"https:\/\/rioonwatch.org.br\/index.php?rest_route=\/wp\/v2\/media\/9028"}],"wp:attachment":[{"href":"https:\/\/rioonwatch.org.br\/index.php?rest_route=%2Fwp%2Fv2%2Fmedia&parent=8973"}],"wp:term":[{"taxonomy":"category","embeddable":true,"href":"https:\/\/rioonwatch.org.br\/index.php?rest_route=%2Fwp%2Fv2%2Fcategories&post=8973"},{"taxonomy":"post_tag","embeddable":true,"href":"https:\/\/rioonwatch.org.br\/index.php?rest_route=%2Fwp%2Fv2%2Ftags&post=8973"},{"taxonomy":"writer","embeddable":true,"href":"https:\/\/rioonwatch.org.br\/index.php?rest_route=%2Fwp%2Fv2%2Fwriter&post=8973"},{"taxonomy":"translator","embeddable":true,"href":"https:\/\/rioonwatch.org.br\/index.php?rest_route=%2Fwp%2Fv2%2Ftranslator&post=8973"},{"taxonomy":"source","embeddable":true,"href":"https:\/\/rioonwatch.org.br\/index.php?rest_route=%2Fwp%2Fv2%2Fsource&post=8973"},{"taxonomy":"ilustrador","embeddable":true,"href":"https:\/\/rioonwatch.org.br\/index.php?rest_route=%2Fwp%2Fv2%2Filustrador&post=8973"},{"taxonomy":"fotografo","embeddable":true,"href":"https:\/\/rioonwatch.org.br\/index.php?rest_route=%2Fwp%2Fv2%2Ffotografo&post=8973"}],"curies":[{"name":"wp","href":"https:\/\/api.w.org\/{rel}","templated":true}]}}