{"id":9107,"date":"2013-11-30T08:50:54","date_gmt":"2013-11-30T11:50:54","guid":{"rendered":"http:\/\/rioonwatch.org.br\/?p=9107"},"modified":"2019-08-19T14:36:43","modified_gmt":"2019-08-19T17:36:43","slug":"indignacao-na-zona-norte-com-as-respostas-de-seguranca-aos-arrastoes-o-que-dizem-asredes","status":"publish","type":"post","link":"https:\/\/rioonwatch.org.br\/?p=9107","title":{"rendered":"Indigna\u00e7\u00e3o na Zona Norte com as Respostas de Seguran\u00e7a aos Arrast\u00f5es #OQueDizemAsRedes"},"content":{"rendered":"<p style=\"text-align: right;\"><em><strong><a href=\"http:\/\/bit.ly\/1LXkka3\" target=\"_blank\" rel=\"noopener noreferrer\">Click Here for English<img decoding=\"async\" width=\"20\" height=\"20\" class=\"alignright wp-image-15790\" src=\"http:\/\/rioonwatch.org.br\/wp-content\/uploads\/2012\/08\/EN-standard-e1439583104716.jpg\" alt=\"\" \/><\/a><\/strong><\/em><\/p>\n<p><em>Mat\u00e9ria da s\u00e9rie\u00a0<a href=\"http:\/\/bit.ly\/2mWUr7d\" target=\"_blank\" rel=\"noopener noreferrer\">#OQueDizemAsRedes<\/a>\u00a0que traz pontos de vista publicados nas redes sociais, de moradores e ativistas de favela sobre eventos e temas que surgem na sociedade.<\/em><\/p>\n<p>Milhares de cariocas encheram as praias da Zona Sul do Rio na quarta-feira 20 de novembro, Dia da Consci\u00eancia Negra e feriado no Estado do Rio. Contudo, algumas pessoas que se espremeram na areia para aproveitar as temperaturas ardentes foram v\u00edtimas de roubos uma vez que ladr\u00f5es oportunistas tiraram proveito da densa multid\u00e3o devido ao feriado. Guardas municipais armados com cassetetes confrontaram e apreenderam v\u00e1rios jovens. A Pol\u00edcia Militar deteu 12 pessoas.<\/p>\n<p><a href=\"http:\/\/rioonwatch.org.br\/?attachment_id=12536\" rel=\"attachment wp-att-12536\"><img fetchpriority=\"high\" decoding=\"async\" class=\"aligncenter wp-image-12536 size-full\" title=\"20 de novembro - Guardas Municipais em confronto com suspeitos ladr\u00f5es. Foto por Marcelo Carnaval \/ Ag\u00eancia O Globo\" src=\"http:\/\/rioonwatch.org\/wp-content\/uploads\/2013\/11\/20nov2013-confusao.jpg\" alt=\"\" width=\"384\" height=\"201\" \/><\/a><\/p>\n<p>No dia seguinte <a href=\"http:\/\/glo.bo\/IkB565\" target=\"_blank\" rel=\"noopener noreferrer\">O Globo reportou sobre o incidente<\/a> com a manchete: \u201cOs arrast\u00f5es est\u00e3o de volta \u00e0s praias cariocas&#8221;. Embora a pol\u00edcia militar tenha negado que o ocorrido no dia anterior tenham sido arrast\u00f5es, o aumento nos furtos nas praias das \u00faltimas semanas \u2013 outro furto em massa foi reportado no dia 15 de novembro, tamb\u00e9m um feriado p\u00fablico \u2013 causou um p\u00e2nico sobre seguran\u00e7a nas praias.<\/p>\n<p>Em reposta, o Secret\u00e1rio de Seguran\u00e7a do Estado do Rio de Janeiro, Jos\u00e9 Mariano Beltrame, anunciou, na sexta-feira 22 de novembro, novas medidas de \u2018policiamento intensivo\u2019 nas praias da Zona Sul e que os \u00f4nibus partindo da Zona Norte da cidade para os bairros de Copacabana, Ipanema e Leblon ser\u00e3o parados e revistados. Pode ser requerido de passageiros que se identifiquem, e crian\u00e7as abaixo de 10 anos desacompanhadas de adultos ser\u00e3o levadas para um abrigo.<\/p>\n<p>O an\u00fancio causou indigna\u00e7\u00e3o generalizada nas m\u00eddias sociais \u2013 a <a href=\"http:\/\/glo.bo\/1cMCx9U\" target=\"_blank\" rel=\"noopener noreferrer\">reportagem do Globo<\/a> foi extensivamente compartilhada no Facebook e no Twitter. Uma das rea\u00e7\u00f5es mais comuns \u00e0 not\u00edcia tem sido avers\u00e3o e descren\u00e7a com v\u00e1rios coment\u00e1rios simplesmente perguntando: \u201cIsso \u00e9 serio?\u201d ou \u201cisso \u00e9 inacredit\u00e1vel\u201d.<\/p>\n<p><a href=\"http:\/\/rioonwatch.org.br\/?attachment_id=12539\" rel=\"attachment wp-att-12539\"><img decoding=\"async\" class=\"alignright size-full wp-image-12539\" title=\"A praia de Ipanema repleta no feriado de 15 de novembro. Foram relatados assaltos Praia. Foto por Alex Ribeiro \/ Estad\u00e3o\" src=\"http:\/\/rioonwatch.org\/wp-content\/uploads\/2013\/11\/15nov2013-praia-cheia.jpg\" alt=\"\" width=\"384\" height=\"201\" \/><\/a><\/p>\n<p>O educador e fot\u00f3grafo comunit\u00e1rio <a href=\"http:\/\/bit.ly\/ZBa7ui\" target=\"_blank\" rel=\"noopener noreferrer\">L\u00e9o Lima<\/a>, do Jacarezinho, escreveu no Facebook ao compartilhar a reportagem: \u201cN\u00e3o d\u00e1 pra acreditar nessa not\u00edcia! Isso chama-se racismo, pra voc\u00ea que acha que isso acabou. Isso chama-se cidade partida, elitiza\u00e7\u00e3o do espa\u00e7o p\u00fablico. Sem medidas para conter arrast\u00f5es a policia p\u00f5e a culpa no sub\u00farbio&#8221;. A insinua\u00e7\u00e3o que os respons\u00e1veis pelos arrast\u00f5es s\u00e3o da Zona Norte foi ressaltada por muitos, incluindo a <a href=\"http:\/\/bit.ly\/1cqBmx8\" target=\"_blank\" rel=\"noopener noreferrer\">Revista Absurda<\/a>, que retu\u00edtou: \u201cA tend\u00eancia do ver\u00e3o carioca esse ano \u00e9: &#8220;Na Zona Norte s\u00f3 tem bandido&#8221;.<\/p>\n<p>As t\u00e1ticas divis\u00f3rias chocaram muitos comentaristas, que tuitaram a reportagem com as palavras \u201cApartheid Carioca\u201d. Outros se referiram \u00e0 estrategia como uma que cria guetos e consolida divis\u00f5es entre o Norte e o Sul da cidade. <a href=\"http:\/\/bit.ly\/1cWno5Z\" target=\"_blank\" rel=\"noopener noreferrer\">Raull Santiago<\/a>, fot\u00f3grafo, ativista e membro do coletivo <a href=\"http:\/\/bit.ly\/1a6n6vG\" target=\"_blank\" rel=\"noopener noreferrer\">Ocupa Alem\u00e3o<\/a>, publicou o coment\u00e1rio: \u201cAconteceu, marginalizaram toda a Zona Norte, a muralha antes invis\u00edvel come\u00e7a \u00e0 aparecer e se consolidar!\u201d.<\/p>\n<p>Outros fizeram refer\u00eancia ao contexto mais amplo de pol\u00edticas e a\u00e7\u00f5es governamentais que limitam os direitos civis enquanto a cidade se prepara para sediar a Copa de 2014 e Olimp\u00edadas de 2016. Ao compartilhar o link, a <a href=\"http:\/\/on.fb.me\/1dyBuzr\" target=\"_blank\" rel=\"noopener noreferrer\">p\u00e1gina no Facebook da Vila Cruzeiro<\/a> escreveu: \u201c<a href=\"http:\/\/bit.ly\/1ivq2a6\" target=\"_blank\" rel=\"noopener noreferrer\">Estado de exce\u00e7\u00e3o<\/a>, para manter a \u2018seguran\u00e7a\u2019 dos gringos. Moradores da Zona Norte sofrer\u00e3o com mais um atentado aos seus direitos&#8221;. A <a href=\"http:\/\/bit.ly\/njMQsV\" target=\"_blank\" rel=\"noopener noreferrer\">Rede Contra a Viol\u00eancia<\/a> tamb\u00e9m citou a estrat\u00e9gia como parte do estado de exce\u00e7\u00e3o, escrevendo: \u201cN\u00e3o falta mais nada para fechar o estado de exce\u00e7\u00e3o no Rio de Janeiro: mil\u00edcias, incurs\u00f5es policiais, UPPs, interna\u00e7\u00e3o compuls\u00f3ria, <a href=\"http:\/\/bit.ly\/X51Qvb\" target=\"_blank\" rel=\"noopener noreferrer\">remo\u00e7\u00f5es<\/a> arbitr\u00e1rias e agora o controle da circula\u00e7\u00e3o dos jovens negros e pobres&#8221;. A afronta ao direito dos moradores da Zona Norte de ir e vir foi reiterado atrav\u00e9s do Facebook e Twitter.<\/p>\n<p><a href=\"http:\/\/rioonwatch.org.br\/?attachment_id=12540\" rel=\"attachment wp-att-12540\"><img loading=\"lazy\" decoding=\"async\" class=\"alignright size-full wp-image-12540\" title=\"A praia de Ipanema lotada na \u00faltima quarta-feira 20 de Novembro. Foto de Gabriel de Paiva \/ Ag\u00eancia O Globo\" src=\"http:\/\/rioonwatch.org\/wp-content\/uploads\/2013\/11\/praia-lotada-feriado-sol.jpg\" alt=\"\" width=\"384\" height=\"201\" \/><\/a><\/p>\n<p>Os arrast\u00f5es e as medidas subsequentes de parar e executar buscas nos \u00f4nibus vindos da Zona Norte n\u00e3o s\u00e3o sem precedentes. Como o crime violento, em geral, furtos em massa nas praias foram mais intensos no Rio durante os anos 90, particularmente a onda de arrast\u00f5es que chegou as manchetes nacionais e internacionais em 1992. A medida tomada ent\u00e3o foi controlar o fluxo vindo dos sub\u00farbios para a Zona Sul e executar buscas nos \u00f4nibus no Centro assim como nos pontos de embarque na Zona Norte: \u201cQuem estiver sem documentos, camisa ou dinheiro para as passagens de ida e volta n\u00e3o poder\u00e1 mais embarcar nos \u00f4nibus da Zona Norte e do Centro para a Zona Sul, nos fins de semana e feriados de sol&#8221;, foi relatado no Globo de 22 de outubro de 1992.<\/p>\n<p>Fundir geografia e classe com criminalidade \u00e9 uma concep\u00e7\u00e3o popular e de longa data entre moradores do Rio, principalmente para aqueles que vivem nos bairros mais ricos perto da praia. Em 1984, a primeira linha de \u00f4nibus a passar pelo T\u00fanel Rebou\u00e7as e ligar as Zonas Norte e Sul da cidade causou uma preocupa\u00e7\u00e3o generalizada entre os moradores de elite dos bairros costeiros, que desdenhavam os novos frequentadores dos bairros \u2013 apelidados de farofeiros por causa da farofa que levavam para a praia em suas marmitas<strong>.\u00a0<\/strong>Os coment\u00e1rios dos moradores na \u00e9poca, publicados no Caderno B, uma coluna do Jornal do Brasil, inclu\u00edam: \u201cQue gente feia&#8221;; &#8220;Est\u00e3o criando um cen\u00e1rio de vandalismo e terror&#8221;; &#8220;A praia mudou de cor&#8221;; &#8220;A gente paga imposto t\u00e3o caro para eles botarem essa pobreza na porta da gente&#8221;.<\/p>\n<p><a href=\"http:\/\/rioonwatch.org.br\/wp-content\/uploads\/2013\/11\/fila-onibus-copacabana.jpg\"><img loading=\"lazy\" decoding=\"async\" class=\"aligncenter wp-image-27558 size-content\" title=\"Fila para pegar o \u00f4nibus para a Zona Norte, em Copacabana. Foto de Gabriel de Paiva \/ Ag\u00eancia O Globo\" src=\"http:\/\/rioonwatch.org.br\/wp-content\/uploads\/2013\/11\/fila-onibus-copacabana-620x264.jpg\" alt=\"\" width=\"620\" height=\"264\" \/><\/a><\/p>\n<p>Tr\u00eas d\u00e9cadas depois, as mesmas atitudes ainda s\u00e3o escutadas entre moradores da Zona Sul em resist\u00eancia \u00e0s novas esta\u00e7\u00f5es de metr\u00f4 em Ipanema e no Leblon e ao aumento nas linhas de \u00f4nibus. Um morador de Ipanema <a href=\"http:\/\/bit.ly\/194kx8I\" target=\"_blank\" rel=\"noopener noreferrer\">postou no Facebook<\/a> esta \u00faltima quarta-feira: \u201cN\u0101o d\u00e1 mais para os moradores, que pagam os maiores IPTUs do pa\u00eds sa\u00edrem \u00e0s ruas ou irem \u00e0 praia em paz. O cen\u00e1rio \u00e9 aterrador. Sem nenhum preconceito, n\u0101o \u00e9 possivel \u00f4nibus a cada 15 minutos para o Morro do Alem\u0101o&#8221;. Recebeu pelo menos 45 curtidas e 20 coment\u00e1rios em suporte, incluindo uma chamada para uma peti\u00e7\u00e3o em favor de reduzirem o acesso aos transportes. Em afronta, a publica\u00e7\u00e3o tamb\u00e9m foi compartilhada por moradores do Alem\u00e3o, incluindo Rene Silva, o redator-chefe do jornal <a href=\"http:\/\/bit.ly\/18u3bEe\" target=\"_blank\" rel=\"noopener noreferrer\">Voz da Comunidade<\/a>, que a compartilhou v\u00e1rias vezes. O autor mais tarde retirou a publica\u00e7\u00e3o.<\/p>\n<p>As praias do Rio s\u00e3o geralmente louvadas como espa\u00e7os democr\u00e1ticos onde todo o variado espectro da sociedade carioca se mistura e coexiste. Contudo, como a antrop\u00f3loga Fernanda Pacheco da Silva argumenta no seu estudo \u201c<a href=\"http:\/\/bit.ly\/1b2sdI6\" target=\"_blank\" rel=\"noopener noreferrer\">As praias de Ipanema: liminaridade e proxemia \u00e0 beira-mar<\/a>&#8220;, h\u00e1 tribos urbanas distintas que ocupam distintas localiza\u00e7\u00f5es ao longo da costa da Zona Sul. Por\u00e9m, embora a intera\u00e7\u00e3o possa n\u00e3o alcan\u00e7ar a utopia democr\u00e1tica, o acesso \u00e0 praia faz parte do <a href=\"http:\/\/bit.ly\/GRb6lx\" target=\"_blank\" rel=\"noopener noreferrer\">direito \u00e0 cidade<\/a>, particularmente por causa do papel das praias cariocas como principal espa\u00e7o p\u00fablico da cidade. Fernanda cita uma entrevista com Patr\u00edcia Farias, autora do \u201c<a href=\"http:\/\/bit.ly\/18lRGCf\" target=\"_blank\" rel=\"noopener noreferrer\">Pegando uma cor na praia: rela\u00e7\u00f5es raciais e classifica\u00e7\u00e3o de cor na Cidade do Rio de Janeiro<\/a>\u201d, que diz sobre o h\u00e1bito dos moradores do Rio de irem \u00e0 praia: \u201cIsso \u00e9 importante n\u00e3o s\u00f3 pelo sinal de status, n\u00e3o s\u00f3 por voc\u00ea estar no \u00f3cio, mas por voc\u00ea querer dizer alguma coisa&#8230;Voc\u00ea est\u00e1 na cidade tamb\u00e9m\u201d.<\/p>\n<p>Que alguns moradores de bairros localizados perto das praias sintam como se suas contribui\u00e7\u00f5es fiscais deem mais direito \u00e0 acesso exclusivo \u00e0 costa do Rio, e que eles tenham essa vis\u00e3o ratificada pelas estrat\u00e9gias do governo que apresentam a Zona Norte como a fonte da inseguran\u00e7a na praia, amea\u00e7a o direito da praia para todos. Mais al\u00e9m, ao distorcer a discuss\u00e3o, o problema de seguran\u00e7a da cidade toda, no qual assaltos nas ruas e roubos de carros t\u00eam aumentado, deixa de ser abordado. Um blogueiro do <a href=\"http:\/\/bit.ly\/1gfa0MV\" target=\"_blank\" rel=\"noopener noreferrer\">Comunica Tudo<\/a> escreveu: \u201cO que seria um problema de seguran\u00e7a p\u00fablica, educa\u00e7\u00e3o, mobilidade, lazer, distribui\u00e7\u00e3o de renda, acaba sendo transformado numa quest\u00e3o bairrista, segregacionista, racista e preconceituosa&#8221;.<\/p>\n<p>O autor continua: \u201cExiste uma diferen\u00e7a clara entre comprar uma casa no Leblon e comprar a praia do Leblon. Isso quer dizer que, ao comprar uma casa no Leblon, voc\u00ea n\u00e3o comprou toda a praia com ela. A sua casa \u00e9 um espa\u00e7o privado, mas as ruas e a praia do Leblon s\u00e3o espa\u00e7os p\u00fablicos, portanto, destinados ao uso p\u00fablico, seja de moradores da Zona Sul, da Zona Oeste ou Norte, de estrangeiros, de turistas e assim por diante&#8221;.<\/p>\n<p>Rejeitando que o direito \u00e0 praia da Zona Norte tenha sido comprometido, o Ocupa Alem\u00e3o criou um evento no Facebook para o dia 08 de dezembro: \u201c<a href=\"http:\/\/on.fb.me\/17W6WVO\" target=\"_blank\" rel=\"noopener noreferrer\">Farofa\u00e7o &#8211; N\u00d3S vamos invadir NOSSA praia!<\/a>\u201d, convidando demais moradores da Zona Norte para um dia de passeio em massa: \u201cComo bons cariocas que somos que tal aproveitar o final de semana de descanso pra curtir uma praia heim? Afinal, tamb\u00e9m trabalhamos e pagamos impostos! E n\u00e3o vai ser a galera da Xona Xul nem Beltrame que vai dizer qual deve ser nossa divers\u00e3o!\u201d, seguido de uma lista cl\u00e1ssica do que levar \u2013 \u201cn\u00e3o esque\u00e7am seus telefones celulares e m\u00e1quinas fotogr\u00e1ficas! Pois temos nossas tecnologias e garantimos: n\u00e3o precisamos roubar as de ningu\u00e9m!\u201d \u2013 a descri\u00e7\u00e3o do evento termina com um convite: \u201cE quem mora na Xona Xul! Venham tamb\u00e9m! A praia \u00e9 de todos e trabalhamos na segunda feira!\u201d.<\/p>\n<!-- AddThis Advanced Settings generic via filter on the_content --><!-- AddThis Share Buttons generic via filter on the_content -->","protected":false},"excerpt":{"rendered":"<div class=\"mh-excerpt\"><p>Click Here for English Mat\u00e9ria da s\u00e9rie\u00a0#OQueDizemAsRedes\u00a0que traz pontos de vista publicados nas redes sociais, de moradores e ativistas de favela sobre eventos e temas que surgem na sociedade. Milhares de cariocas encheram as praias <a class=\"mh-excerpt-more\" href=\"https:\/\/rioonwatch.org.br\/?p=9107\" title=\"Indigna\u00e7\u00e3o na Zona Norte com as Respostas de Seguran\u00e7a aos Arrast\u00f5es #OQueDizemAsRedes\">[&#8230;]<\/a><!-- AddThis Advanced Settings generic via filter on get_the_excerpt --><!-- AddThis Share Buttons generic via filter on get_the_excerpt --><\/p>\n<\/div>","protected":false},"author":129,"featured_media":27558,"comment_status":"closed","ping_status":"closed","sticky":false,"template":"","format":"standard","meta":{"_acf_changed":false,"_monsterinsights_skip_tracking":false,"_monsterinsights_sitenote_active":false,"_monsterinsights_sitenote_note":"","_monsterinsights_sitenote_category":0,"footnotes":""},"categories":[346,344],"tags":[943,934,788,496,217,931,413,831,937,486,932,915,560,664,935,126,936,279,672,370,2003,218,383],"writer":[402],"translator":[697],"source":[],"ilustrador":[],"fotografo":[],"class_list":{"0":"post-9107","1":"post","2":"type-post","3":"status-publish","4":"format-standard","5":"has-post-thumbnail","7":"category-denuncias","8":"category-politicas","9":"tag-oquedizemasredes","10":"tag-acesso","11":"tag-beltrame","12":"tag-cidade-partida","13":"tag-complexo-do-alemao","14":"tag-copacabana","15":"tag-desigualdade","16":"tag-direito-a-cidade","17":"tag-direito-de-ir-e-vir","18":"tag-ipanema","19":"tag-leblon","20":"tag-mes-da-consciencia-negra","21":"tag-mobilidade","22":"tag-ocupa-alemao","23":"tag-praia","24":"tag-preconceito","25":"tag-raca","26":"tag-seguranca","27":"tag-seguranca-publica","28":"tag-transporte-publico","29":"tag-voz-das-comunidades","30":"tag-zona-norte","31":"tag-zona-sul","32":"writer-felicity-clarke","33":"translator-luana-gama-gato"},"acf":[],"yoast_head":"<!-- This site is optimized with the Yoast SEO plugin v25.6 - https:\/\/yoast.com\/wordpress\/plugins\/seo\/ -->\n<title>Indigna\u00e7\u00e3o na Zona Norte com as Respostas de Seguran\u00e7a aos Arrast\u00f5es #OQueDizemAsRedes - RioOnWatch<\/title>\n<meta name=\"robots\" content=\"index, follow, max-snippet:-1, max-image-preview:large, max-video-preview:-1\" \/>\n<link rel=\"canonical\" href=\"https:\/\/rioonwatch.org.br\/?p=9107\" \/>\n<meta property=\"og:locale\" content=\"pt_BR\" \/>\n<meta property=\"og:type\" content=\"article\" \/>\n<meta property=\"og:title\" content=\"Indigna\u00e7\u00e3o na Zona Norte com as Respostas de Seguran\u00e7a aos Arrast\u00f5es #OQueDizemAsRedes - RioOnWatch\" \/>\n<meta property=\"og:description\" content=\"Click Here for English Mat\u00e9ria da s\u00e9rie\u00a0#OQueDizemAsRedes\u00a0que traz pontos de vista publicados nas redes sociais, de moradores e ativistas de favela sobre eventos e temas que surgem na sociedade. Milhares de cariocas encheram as praias [...]\" \/>\n<meta property=\"og:url\" content=\"https:\/\/rioonwatch.org.br\/?p=9107\" \/>\n<meta property=\"og:site_name\" content=\"RioOnWatch\" \/>\n<meta property=\"article:published_time\" content=\"2013-11-30T11:50:54+00:00\" \/>\n<meta property=\"article:modified_time\" content=\"2019-08-19T17:36:43+00:00\" \/>\n<meta property=\"og:image\" content=\"https:\/\/rioonwatch.org.br\/wp-content\/uploads\/2013\/11\/fila-onibus-copacabana.jpg\" \/>\n\t<meta property=\"og:image:width\" content=\"631\" \/>\n\t<meta property=\"og:image:height\" content=\"338\" \/>\n\t<meta property=\"og:image:type\" content=\"image\/jpeg\" \/>\n<meta name=\"author\" content=\"Admin\" \/>\n<meta name=\"twitter:card\" content=\"summary_large_image\" \/>\n<meta name=\"twitter:label1\" content=\"Escrito por\" \/>\n\t<meta name=\"twitter:data1\" content=\"Admin\" \/>\n\t<meta name=\"twitter:label2\" content=\"Est. tempo de leitura\" \/>\n\t<meta name=\"twitter:data2\" content=\"8 minutos\" \/>\n<script type=\"application\/ld+json\" class=\"yoast-schema-graph\">{\"@context\":\"https:\/\/schema.org\",\"@graph\":[{\"@type\":\"Article\",\"@id\":\"https:\/\/rioonwatch.org.br\/?p=9107#article\",\"isPartOf\":{\"@id\":\"https:\/\/rioonwatch.org.br\/?p=9107\"},\"author\":{\"name\":\"Admin\",\"@id\":\"https:\/\/rioonwatch.org.br\/#\/schema\/person\/11d64c290506f9df50c71b850c473f68\"},\"headline\":\"Indigna\u00e7\u00e3o na Zona Norte com as Respostas de Seguran\u00e7a aos Arrast\u00f5es #OQueDizemAsRedes\",\"datePublished\":\"2013-11-30T11:50:54+00:00\",\"dateModified\":\"2019-08-19T17:36:43+00:00\",\"mainEntityOfPage\":{\"@id\":\"https:\/\/rioonwatch.org.br\/?p=9107\"},\"wordCount\":1625,\"publisher\":{\"@id\":\"https:\/\/rioonwatch.org.br\/#organization\"},\"image\":{\"@id\":\"https:\/\/rioonwatch.org.br\/?p=9107#primaryimage\"},\"thumbnailUrl\":\"https:\/\/rioonwatch.org.br\/wp-content\/uploads\/2013\/11\/fila-onibus-copacabana.jpg\",\"keywords\":[\"#OQueDizemAsRedes\",\"acesso\",\"Beltrame\",\"cidade partida\",\"Complexo do Alem\u00e3o\",\"Copacabana\",\"desigualdade\",\"Direito \u00e0 Cidade\",\"direito de ir e vir\",\"Ipanema\",\"Leblon\",\"M\u00eas da Consci\u00eancia Negra\",\"mobilidade\",\"Ocupa Alem\u00e3o\",\"praia\",\"preconceito\",\"ra\u00e7a\",\"seguran\u00e7a\",\"seguran\u00e7a p\u00fablica\",\"transporte p\u00fablico\",\"Voz das Comunidades\",\"Zona Norte\",\"Zona Sul\"],\"articleSection\":[\"Den\u00fancias\",\"Pol\u00edticas\"],\"inLanguage\":\"pt-BR\"},{\"@type\":\"WebPage\",\"@id\":\"https:\/\/rioonwatch.org.br\/?p=9107\",\"url\":\"https:\/\/rioonwatch.org.br\/?p=9107\",\"name\":\"Indigna\u00e7\u00e3o na Zona Norte com as Respostas de Seguran\u00e7a aos Arrast\u00f5es #OQueDizemAsRedes - RioOnWatch\",\"isPartOf\":{\"@id\":\"https:\/\/rioonwatch.org.br\/#website\"},\"primaryImageOfPage\":{\"@id\":\"https:\/\/rioonwatch.org.br\/?p=9107#primaryimage\"},\"image\":{\"@id\":\"https:\/\/rioonwatch.org.br\/?p=9107#primaryimage\"},\"thumbnailUrl\":\"https:\/\/rioonwatch.org.br\/wp-content\/uploads\/2013\/11\/fila-onibus-copacabana.jpg\",\"datePublished\":\"2013-11-30T11:50:54+00:00\",\"dateModified\":\"2019-08-19T17:36:43+00:00\",\"breadcrumb\":{\"@id\":\"https:\/\/rioonwatch.org.br\/?p=9107#breadcrumb\"},\"inLanguage\":\"pt-BR\",\"potentialAction\":[{\"@type\":\"ReadAction\",\"target\":[\"https:\/\/rioonwatch.org.br\/?p=9107\"]}]},{\"@type\":\"ImageObject\",\"inLanguage\":\"pt-BR\",\"@id\":\"https:\/\/rioonwatch.org.br\/?p=9107#primaryimage\",\"url\":\"https:\/\/rioonwatch.org.br\/wp-content\/uploads\/2013\/11\/fila-onibus-copacabana.jpg\",\"contentUrl\":\"https:\/\/rioonwatch.org.br\/wp-content\/uploads\/2013\/11\/fila-onibus-copacabana.jpg\",\"width\":631,\"height\":338},{\"@type\":\"BreadcrumbList\",\"@id\":\"https:\/\/rioonwatch.org.br\/?p=9107#breadcrumb\",\"itemListElement\":[{\"@type\":\"ListItem\",\"position\":1,\"name\":\"In\u00edcio\",\"item\":\"https:\/\/rioonwatch.org.br\/\"},{\"@type\":\"ListItem\",\"position\":2,\"name\":\"Indigna\u00e7\u00e3o na Zona Norte com as Respostas de Seguran\u00e7a aos Arrast\u00f5es #OQueDizemAsRedes\"}]},{\"@type\":\"WebSite\",\"@id\":\"https:\/\/rioonwatch.org.br\/#website\",\"url\":\"https:\/\/rioonwatch.org.br\/\",\"name\":\"RioOnWatch\",\"description\":\"relatos das favelas cariocas\",\"publisher\":{\"@id\":\"https:\/\/rioonwatch.org.br\/#organization\"},\"potentialAction\":[{\"@type\":\"SearchAction\",\"target\":{\"@type\":\"EntryPoint\",\"urlTemplate\":\"https:\/\/rioonwatch.org.br\/?s={search_term_string}\"},\"query-input\":{\"@type\":\"PropertyValueSpecification\",\"valueRequired\":true,\"valueName\":\"search_term_string\"}}],\"inLanguage\":\"pt-BR\"},{\"@type\":\"Organization\",\"@id\":\"https:\/\/rioonwatch.org.br\/#organization\",\"name\":\"RioOnWatch\",\"url\":\"https:\/\/rioonwatch.org.br\/\",\"logo\":{\"@type\":\"ImageObject\",\"inLanguage\":\"pt-BR\",\"@id\":\"https:\/\/rioonwatch.org.br\/#\/schema\/logo\/image\/\",\"url\":\"https:\/\/rioonwatch.org.br\/wp-content\/uploads\/2021\/06\/RioOnWatchcabecalhoPT11anos-2.png\",\"contentUrl\":\"https:\/\/rioonwatch.org.br\/wp-content\/uploads\/2021\/06\/RioOnWatchcabecalhoPT11anos-2.png\",\"width\":779,\"height\":277,\"caption\":\"RioOnWatch\"},\"image\":{\"@id\":\"https:\/\/rioonwatch.org.br\/#\/schema\/logo\/image\/\"}},{\"@type\":\"Person\",\"@id\":\"https:\/\/rioonwatch.org.br\/#\/schema\/person\/11d64c290506f9df50c71b850c473f68\",\"name\":\"Admin\",\"image\":{\"@type\":\"ImageObject\",\"inLanguage\":\"pt-BR\",\"@id\":\"https:\/\/rioonwatch.org.br\/#\/schema\/person\/image\/\",\"url\":\"https:\/\/secure.gravatar.com\/avatar\/56211ac74568383903349a1485e3c325?s=96&d=blank&r=g\",\"contentUrl\":\"https:\/\/secure.gravatar.com\/avatar\/56211ac74568383903349a1485e3c325?s=96&d=blank&r=g\",\"caption\":\"Admin\"},\"url\":\"https:\/\/rioonwatch.org.br\/?author=129\"}]}<\/script>\n<!-- \/ Yoast SEO plugin. -->","yoast_head_json":{"title":"Indigna\u00e7\u00e3o na Zona Norte com as Respostas de Seguran\u00e7a aos Arrast\u00f5es #OQueDizemAsRedes - RioOnWatch","robots":{"index":"index","follow":"follow","max-snippet":"max-snippet:-1","max-image-preview":"max-image-preview:large","max-video-preview":"max-video-preview:-1"},"canonical":"https:\/\/rioonwatch.org.br\/?p=9107","og_locale":"pt_BR","og_type":"article","og_title":"Indigna\u00e7\u00e3o na Zona Norte com as Respostas de Seguran\u00e7a aos Arrast\u00f5es #OQueDizemAsRedes - RioOnWatch","og_description":"Click Here for English Mat\u00e9ria da s\u00e9rie\u00a0#OQueDizemAsRedes\u00a0que traz pontos de vista publicados nas redes sociais, de moradores e ativistas de favela sobre eventos e temas que surgem na sociedade. Milhares de cariocas encheram as praias [...]","og_url":"https:\/\/rioonwatch.org.br\/?p=9107","og_site_name":"RioOnWatch","article_published_time":"2013-11-30T11:50:54+00:00","article_modified_time":"2019-08-19T17:36:43+00:00","og_image":[{"width":631,"height":338,"url":"https:\/\/rioonwatch.org.br\/wp-content\/uploads\/2013\/11\/fila-onibus-copacabana.jpg","type":"image\/jpeg"}],"author":"Admin","twitter_card":"summary_large_image","twitter_misc":{"Escrito por":"Admin","Est. tempo de leitura":"8 minutos"},"schema":{"@context":"https:\/\/schema.org","@graph":[{"@type":"Article","@id":"https:\/\/rioonwatch.org.br\/?p=9107#article","isPartOf":{"@id":"https:\/\/rioonwatch.org.br\/?p=9107"},"author":{"name":"Admin","@id":"https:\/\/rioonwatch.org.br\/#\/schema\/person\/11d64c290506f9df50c71b850c473f68"},"headline":"Indigna\u00e7\u00e3o na Zona Norte com as Respostas de Seguran\u00e7a aos Arrast\u00f5es #OQueDizemAsRedes","datePublished":"2013-11-30T11:50:54+00:00","dateModified":"2019-08-19T17:36:43+00:00","mainEntityOfPage":{"@id":"https:\/\/rioonwatch.org.br\/?p=9107"},"wordCount":1625,"publisher":{"@id":"https:\/\/rioonwatch.org.br\/#organization"},"image":{"@id":"https:\/\/rioonwatch.org.br\/?p=9107#primaryimage"},"thumbnailUrl":"https:\/\/rioonwatch.org.br\/wp-content\/uploads\/2013\/11\/fila-onibus-copacabana.jpg","keywords":["#OQueDizemAsRedes","acesso","Beltrame","cidade partida","Complexo do Alem\u00e3o","Copacabana","desigualdade","Direito \u00e0 Cidade","direito de ir e vir","Ipanema","Leblon","M\u00eas da Consci\u00eancia Negra","mobilidade","Ocupa Alem\u00e3o","praia","preconceito","ra\u00e7a","seguran\u00e7a","seguran\u00e7a p\u00fablica","transporte p\u00fablico","Voz das Comunidades","Zona Norte","Zona Sul"],"articleSection":["Den\u00fancias","Pol\u00edticas"],"inLanguage":"pt-BR"},{"@type":"WebPage","@id":"https:\/\/rioonwatch.org.br\/?p=9107","url":"https:\/\/rioonwatch.org.br\/?p=9107","name":"Indigna\u00e7\u00e3o na Zona Norte com as Respostas de Seguran\u00e7a aos Arrast\u00f5es #OQueDizemAsRedes - RioOnWatch","isPartOf":{"@id":"https:\/\/rioonwatch.org.br\/#website"},"primaryImageOfPage":{"@id":"https:\/\/rioonwatch.org.br\/?p=9107#primaryimage"},"image":{"@id":"https:\/\/rioonwatch.org.br\/?p=9107#primaryimage"},"thumbnailUrl":"https:\/\/rioonwatch.org.br\/wp-content\/uploads\/2013\/11\/fila-onibus-copacabana.jpg","datePublished":"2013-11-30T11:50:54+00:00","dateModified":"2019-08-19T17:36:43+00:00","breadcrumb":{"@id":"https:\/\/rioonwatch.org.br\/?p=9107#breadcrumb"},"inLanguage":"pt-BR","potentialAction":[{"@type":"ReadAction","target":["https:\/\/rioonwatch.org.br\/?p=9107"]}]},{"@type":"ImageObject","inLanguage":"pt-BR","@id":"https:\/\/rioonwatch.org.br\/?p=9107#primaryimage","url":"https:\/\/rioonwatch.org.br\/wp-content\/uploads\/2013\/11\/fila-onibus-copacabana.jpg","contentUrl":"https:\/\/rioonwatch.org.br\/wp-content\/uploads\/2013\/11\/fila-onibus-copacabana.jpg","width":631,"height":338},{"@type":"BreadcrumbList","@id":"https:\/\/rioonwatch.org.br\/?p=9107#breadcrumb","itemListElement":[{"@type":"ListItem","position":1,"name":"In\u00edcio","item":"https:\/\/rioonwatch.org.br\/"},{"@type":"ListItem","position":2,"name":"Indigna\u00e7\u00e3o na Zona Norte com as Respostas de Seguran\u00e7a aos Arrast\u00f5es #OQueDizemAsRedes"}]},{"@type":"WebSite","@id":"https:\/\/rioonwatch.org.br\/#website","url":"https:\/\/rioonwatch.org.br\/","name":"RioOnWatch","description":"relatos das favelas cariocas","publisher":{"@id":"https:\/\/rioonwatch.org.br\/#organization"},"potentialAction":[{"@type":"SearchAction","target":{"@type":"EntryPoint","urlTemplate":"https:\/\/rioonwatch.org.br\/?s={search_term_string}"},"query-input":{"@type":"PropertyValueSpecification","valueRequired":true,"valueName":"search_term_string"}}],"inLanguage":"pt-BR"},{"@type":"Organization","@id":"https:\/\/rioonwatch.org.br\/#organization","name":"RioOnWatch","url":"https:\/\/rioonwatch.org.br\/","logo":{"@type":"ImageObject","inLanguage":"pt-BR","@id":"https:\/\/rioonwatch.org.br\/#\/schema\/logo\/image\/","url":"https:\/\/rioonwatch.org.br\/wp-content\/uploads\/2021\/06\/RioOnWatchcabecalhoPT11anos-2.png","contentUrl":"https:\/\/rioonwatch.org.br\/wp-content\/uploads\/2021\/06\/RioOnWatchcabecalhoPT11anos-2.png","width":779,"height":277,"caption":"RioOnWatch"},"image":{"@id":"https:\/\/rioonwatch.org.br\/#\/schema\/logo\/image\/"}},{"@type":"Person","@id":"https:\/\/rioonwatch.org.br\/#\/schema\/person\/11d64c290506f9df50c71b850c473f68","name":"Admin","image":{"@type":"ImageObject","inLanguage":"pt-BR","@id":"https:\/\/rioonwatch.org.br\/#\/schema\/person\/image\/","url":"https:\/\/secure.gravatar.com\/avatar\/56211ac74568383903349a1485e3c325?s=96&d=blank&r=g","contentUrl":"https:\/\/secure.gravatar.com\/avatar\/56211ac74568383903349a1485e3c325?s=96&d=blank&r=g","caption":"Admin"},"url":"https:\/\/rioonwatch.org.br\/?author=129"}]}},"_links":{"self":[{"href":"https:\/\/rioonwatch.org.br\/index.php?rest_route=\/wp\/v2\/posts\/9107"}],"collection":[{"href":"https:\/\/rioonwatch.org.br\/index.php?rest_route=\/wp\/v2\/posts"}],"about":[{"href":"https:\/\/rioonwatch.org.br\/index.php?rest_route=\/wp\/v2\/types\/post"}],"author":[{"embeddable":true,"href":"https:\/\/rioonwatch.org.br\/index.php?rest_route=\/wp\/v2\/users\/129"}],"replies":[{"embeddable":true,"href":"https:\/\/rioonwatch.org.br\/index.php?rest_route=%2Fwp%2Fv2%2Fcomments&post=9107"}],"version-history":[{"count":80,"href":"https:\/\/rioonwatch.org.br\/index.php?rest_route=\/wp\/v2\/posts\/9107\/revisions"}],"predecessor-version":[{"id":42607,"href":"https:\/\/rioonwatch.org.br\/index.php?rest_route=\/wp\/v2\/posts\/9107\/revisions\/42607"}],"wp:featuredmedia":[{"embeddable":true,"href":"https:\/\/rioonwatch.org.br\/index.php?rest_route=\/wp\/v2\/media\/27558"}],"wp:attachment":[{"href":"https:\/\/rioonwatch.org.br\/index.php?rest_route=%2Fwp%2Fv2%2Fmedia&parent=9107"}],"wp:term":[{"taxonomy":"category","embeddable":true,"href":"https:\/\/rioonwatch.org.br\/index.php?rest_route=%2Fwp%2Fv2%2Fcategories&post=9107"},{"taxonomy":"post_tag","embeddable":true,"href":"https:\/\/rioonwatch.org.br\/index.php?rest_route=%2Fwp%2Fv2%2Ftags&post=9107"},{"taxonomy":"writer","embeddable":true,"href":"https:\/\/rioonwatch.org.br\/index.php?rest_route=%2Fwp%2Fv2%2Fwriter&post=9107"},{"taxonomy":"translator","embeddable":true,"href":"https:\/\/rioonwatch.org.br\/index.php?rest_route=%2Fwp%2Fv2%2Ftranslator&post=9107"},{"taxonomy":"source","embeddable":true,"href":"https:\/\/rioonwatch.org.br\/index.php?rest_route=%2Fwp%2Fv2%2Fsource&post=9107"},{"taxonomy":"ilustrador","embeddable":true,"href":"https:\/\/rioonwatch.org.br\/index.php?rest_route=%2Fwp%2Fv2%2Filustrador&post=9107"},{"taxonomy":"fotografo","embeddable":true,"href":"https:\/\/rioonwatch.org.br\/index.php?rest_route=%2Fwp%2Fv2%2Ffotografo&post=9107"}],"curies":[{"name":"wp","href":"https:\/\/api.w.org\/{rel}","templated":true}]}}