{"id":911,"date":"2011-01-11T13:06:26","date_gmt":"2011-01-11T16:06:26","guid":{"rendered":"http:\/\/favela.info\/?p=911"},"modified":"2015-08-14T16:31:56","modified_gmt":"2015-08-14T19:31:56","slug":"familias-sao-violentamente-expulsas-de-terreno-em-nova-sepetiba","status":"publish","type":"post","link":"https:\/\/rioonwatch.org.br\/?p=911","title":{"rendered":"Fam\u00edlias s\u00e3o violentamente expulsas de terreno em Nova Sepetiba"},"content":{"rendered":"<p>No \u00faltimo domingo, cerca de 700 fam\u00edlias ocuparam um terreno baldio no Conjunto Habitacional Nova Sepetiba, no bairro de mesmo nome. Depois que v\u00e1rios barracos j\u00e1 haviam sido levantados, segundo moradores, policiais militares chegaram ao local e, sem qualquer respaldo legal, agrediram moradores, atiraram balas de borracha a esmo em mulheres e crian\u00e7as e atearam fogo nos barracos com pessoas dentro. Uma moradora teria ficado ferida pelas chamas.<\/p>\n<p>Ainda segundo moradores, o subprefeito de Santa Cruz, Edimar Teixeira, teria ido ao local e chamado os trabalhadores de \u201cvagabundos\u201d e \u201cmaconheiros\u201d e que todos seriam tirados na marra do local. Durante a noite, PMs teriam passado de carro em frente a um forr\u00f3 que acontecia na favela e disparado tiros de muni\u00e7\u00e3o real para o alto, assustando os clientes. Por sorte, ningu\u00e9m se feriu. Moradores da Cohab denunciam que, ap\u00f3s a ocupa\u00e7\u00e3o do terreno pelas fam\u00edlias de sem-tetos, a pol\u00edcia est\u00e1 levando a cabo um regime de terror no local.<\/p>\n<p>As fam\u00edlias est\u00e3o organizadas por um novo movimento popular que est\u00e1 surgindo na zona oeste da cidade, o Movimento Unidos Venceremos, que nesta ter\u00e7a feira dia 11 de janeiro de 2011, far\u00e1 um protesto a partir das 14h, partindo da Cohab Nova Sepetiba em dire\u00e7\u00e3o \u00e0 antiga sede da subprefeitura de Santa Cruz, no Centro do bairro, onde o protesto ir\u00e1 continuar a partir das 15h. As fam\u00edlias exigem uma alternativa habitacional e, na primeira noite ap\u00f3s o violento despejo, v\u00e1rias pessoas, entre elas, mulheres, crian\u00e7as e idosos, sem outra op\u00e7\u00e3o, dormiram ao relento \u00e0s margens do terreno de onde foram expulsas.<\/p>\n<p>Mais informa\u00e7\u00f5es com Marcelo (Pres. da Associa\u00e7\u00e3o de Moradores da Serra do Sol) 93891243 (ID# 112*4230), ou Santos (Pres. da Associa\u00e7\u00e3o de Moradores da Nova Sepetiba) 78816168. Patrick (Jornal A Nova Democracia) &#8211; 96324723<\/p>\n<!-- AddThis Advanced Settings generic via filter on the_content --><!-- AddThis Share Buttons generic via filter on the_content -->","protected":false},"excerpt":{"rendered":"<div class=\"mh-excerpt\"><p>No \u00faltimo domingo, cerca de 700 fam\u00edlias ocuparam um terreno baldio no Conjunto Habitacional Nova Sepetiba, no bairro de mesmo nome. Depois que v\u00e1rios barracos j\u00e1 haviam sido levantados, segundo moradores, policiais militares chegaram ao <a class=\"mh-excerpt-more\" href=\"https:\/\/rioonwatch.org.br\/?p=911\" title=\"Fam\u00edlias s\u00e3o violentamente expulsas de terreno em Nova Sepetiba\">[&#8230;]<\/a><!-- AddThis Advanced Settings generic via filter on get_the_excerpt --><!-- AddThis Share Buttons generic via filter on get_the_excerpt --><\/p>\n<\/div>","protected":false},"author":5,"featured_media":15753,"comment_status":"open","ping_status":"closed","sticky":false,"template":"","format":"standard","meta":{"_acf_changed":false,"_monsterinsights_skip_tracking":false,"_monsterinsights_sitenote_active":false,"_monsterinsights_sitenote_note":"","_monsterinsights_sitenote_category":0,"footnotes":""},"categories":[1614],"tags":[133,14,134,184],"writer":[137],"translator":[],"source":[],"ilustrador":[],"fotografo":[],"class_list":{"0":"post-911","1":"post","2":"type-post","3":"status-publish","4":"format-standard","5":"has-post-thumbnail","7":"category-olhonasremocoes","8":"tag-nova-sepetiba","9":"tag-remocao","10":"tag-santa-cruz","11":"tag-zona-oeste","12":"writer-patrick-granja"},"acf":[],"yoast_head":"<!-- This site is optimized with the Yoast SEO plugin v25.6 - https:\/\/yoast.com\/wordpress\/plugins\/seo\/ -->\n<title>Fam\u00edlias s\u00e3o violentamente expulsas de terreno em Nova Sepetiba - RioOnWatch<\/title>\n<meta name=\"robots\" content=\"index, follow, max-snippet:-1, max-image-preview:large, max-video-preview:-1\" \/>\n<link rel=\"canonical\" href=\"https:\/\/rioonwatch.org.br\/?p=911\" \/>\n<meta property=\"og:locale\" content=\"pt_BR\" \/>\n<meta property=\"og:type\" content=\"article\" \/>\n<meta property=\"og:title\" content=\"Fam\u00edlias s\u00e3o violentamente expulsas de terreno em Nova Sepetiba - RioOnWatch\" \/>\n<meta property=\"og:description\" content=\"No \u00faltimo domingo, cerca de 700 fam\u00edlias ocuparam um terreno baldio no Conjunto Habitacional Nova Sepetiba, no bairro de mesmo nome. Depois que v\u00e1rios barracos j\u00e1 haviam sido levantados, segundo moradores, policiais militares chegaram ao [...]\" \/>\n<meta property=\"og:url\" content=\"https:\/\/rioonwatch.org.br\/?p=911\" \/>\n<meta property=\"og:site_name\" content=\"RioOnWatch\" \/>\n<meta property=\"article:published_time\" content=\"2011-01-11T16:06:26+00:00\" \/>\n<meta property=\"article:modified_time\" content=\"2015-08-14T19:31:56+00:00\" \/>\n<meta property=\"og:image\" content=\"https:\/\/rioonwatch.org.br\/wp-content\/uploads\/2011\/01\/Nova-Sepetiba-mapa.jpg\" \/>\n\t<meta property=\"og:image:width\" content=\"522\" \/>\n\t<meta property=\"og:image:height\" content=\"335\" \/>\n\t<meta property=\"og:image:type\" content=\"image\/jpeg\" \/>\n<meta name=\"author\" content=\"Tiago\" \/>\n<meta name=\"twitter:card\" content=\"summary_large_image\" \/>\n<meta name=\"twitter:label1\" content=\"Escrito por\" \/>\n\t<meta name=\"twitter:data1\" content=\"Tiago\" \/>\n\t<meta name=\"twitter:label2\" content=\"Est. tempo de leitura\" \/>\n\t<meta name=\"twitter:data2\" content=\"2 minutos\" \/>\n<script type=\"application\/ld+json\" class=\"yoast-schema-graph\">{\"@context\":\"https:\/\/schema.org\",\"@graph\":[{\"@type\":\"Article\",\"@id\":\"https:\/\/rioonwatch.org.br\/?p=911#article\",\"isPartOf\":{\"@id\":\"https:\/\/rioonwatch.org.br\/?p=911\"},\"author\":{\"name\":\"Tiago\",\"@id\":\"https:\/\/rioonwatch.org.br\/#\/schema\/person\/7c54ce0a929f914709db001584daa6ee\"},\"headline\":\"Fam\u00edlias s\u00e3o violentamente expulsas de terreno em Nova Sepetiba\",\"datePublished\":\"2011-01-11T16:06:26+00:00\",\"dateModified\":\"2015-08-14T19:31:56+00:00\",\"mainEntityOfPage\":{\"@id\":\"https:\/\/rioonwatch.org.br\/?p=911\"},\"wordCount\":319,\"commentCount\":0,\"publisher\":{\"@id\":\"https:\/\/rioonwatch.org.br\/#organization\"},\"image\":{\"@id\":\"https:\/\/rioonwatch.org.br\/?p=911#primaryimage\"},\"thumbnailUrl\":\"https:\/\/rioonwatch.org.br\/wp-content\/uploads\/2011\/01\/Nova-Sepetiba-mapa.jpg\",\"keywords\":[\"Nova Sepetiba\",\"Remo\u00e7\u00e3o\",\"Santa Cruz\",\"Zona Oeste\"],\"articleSection\":[\"#OlhoNasRemo\u00e7\u00f5es\"],\"inLanguage\":\"pt-BR\",\"potentialAction\":[{\"@type\":\"CommentAction\",\"name\":\"Comment\",\"target\":[\"https:\/\/rioonwatch.org.br\/?p=911#respond\"]}]},{\"@type\":\"WebPage\",\"@id\":\"https:\/\/rioonwatch.org.br\/?p=911\",\"url\":\"https:\/\/rioonwatch.org.br\/?p=911\",\"name\":\"Fam\u00edlias s\u00e3o violentamente expulsas de terreno em Nova Sepetiba - RioOnWatch\",\"isPartOf\":{\"@id\":\"https:\/\/rioonwatch.org.br\/#website\"},\"primaryImageOfPage\":{\"@id\":\"https:\/\/rioonwatch.org.br\/?p=911#primaryimage\"},\"image\":{\"@id\":\"https:\/\/rioonwatch.org.br\/?p=911#primaryimage\"},\"thumbnailUrl\":\"https:\/\/rioonwatch.org.br\/wp-content\/uploads\/2011\/01\/Nova-Sepetiba-mapa.jpg\",\"datePublished\":\"2011-01-11T16:06:26+00:00\",\"dateModified\":\"2015-08-14T19:31:56+00:00\",\"breadcrumb\":{\"@id\":\"https:\/\/rioonwatch.org.br\/?p=911#breadcrumb\"},\"inLanguage\":\"pt-BR\",\"potentialAction\":[{\"@type\":\"ReadAction\",\"target\":[\"https:\/\/rioonwatch.org.br\/?p=911\"]}]},{\"@type\":\"ImageObject\",\"inLanguage\":\"pt-BR\",\"@id\":\"https:\/\/rioonwatch.org.br\/?p=911#primaryimage\",\"url\":\"https:\/\/rioonwatch.org.br\/wp-content\/uploads\/2011\/01\/Nova-Sepetiba-mapa.jpg\",\"contentUrl\":\"https:\/\/rioonwatch.org.br\/wp-content\/uploads\/2011\/01\/Nova-Sepetiba-mapa.jpg\",\"width\":522,\"height\":335},{\"@type\":\"BreadcrumbList\",\"@id\":\"https:\/\/rioonwatch.org.br\/?p=911#breadcrumb\",\"itemListElement\":[{\"@type\":\"ListItem\",\"position\":1,\"name\":\"In\u00edcio\",\"item\":\"https:\/\/rioonwatch.org.br\/\"},{\"@type\":\"ListItem\",\"position\":2,\"name\":\"Fam\u00edlias s\u00e3o violentamente expulsas de terreno em Nova Sepetiba\"}]},{\"@type\":\"WebSite\",\"@id\":\"https:\/\/rioonwatch.org.br\/#website\",\"url\":\"https:\/\/rioonwatch.org.br\/\",\"name\":\"RioOnWatch\",\"description\":\"relatos das favelas cariocas\",\"publisher\":{\"@id\":\"https:\/\/rioonwatch.org.br\/#organization\"},\"potentialAction\":[{\"@type\":\"SearchAction\",\"target\":{\"@type\":\"EntryPoint\",\"urlTemplate\":\"https:\/\/rioonwatch.org.br\/?s={search_term_string}\"},\"query-input\":{\"@type\":\"PropertyValueSpecification\",\"valueRequired\":true,\"valueName\":\"search_term_string\"}}],\"inLanguage\":\"pt-BR\"},{\"@type\":\"Organization\",\"@id\":\"https:\/\/rioonwatch.org.br\/#organization\",\"name\":\"RioOnWatch\",\"url\":\"https:\/\/rioonwatch.org.br\/\",\"logo\":{\"@type\":\"ImageObject\",\"inLanguage\":\"pt-BR\",\"@id\":\"https:\/\/rioonwatch.org.br\/#\/schema\/logo\/image\/\",\"url\":\"https:\/\/rioonwatch.org.br\/wp-content\/uploads\/2021\/06\/RioOnWatchcabecalhoPT11anos-2.png\",\"contentUrl\":\"https:\/\/rioonwatch.org.br\/wp-content\/uploads\/2021\/06\/RioOnWatchcabecalhoPT11anos-2.png\",\"width\":779,\"height\":277,\"caption\":\"RioOnWatch\"},\"image\":{\"@id\":\"https:\/\/rioonwatch.org.br\/#\/schema\/logo\/image\/\"}},{\"@type\":\"Person\",\"@id\":\"https:\/\/rioonwatch.org.br\/#\/schema\/person\/7c54ce0a929f914709db001584daa6ee\",\"name\":\"Tiago\",\"image\":{\"@type\":\"ImageObject\",\"inLanguage\":\"pt-BR\",\"@id\":\"https:\/\/rioonwatch.org.br\/#\/schema\/person\/image\/\",\"url\":\"https:\/\/secure.gravatar.com\/avatar\/886b123583861b1f9e1b1393972b9aeb?s=96&d=blank&r=g\",\"contentUrl\":\"https:\/\/secure.gravatar.com\/avatar\/886b123583861b1f9e1b1393972b9aeb?s=96&d=blank&r=g\",\"caption\":\"Tiago\"},\"url\":\"https:\/\/rioonwatch.org.br\/?author=5\"}]}<\/script>\n<!-- \/ Yoast SEO plugin. -->","yoast_head_json":{"title":"Fam\u00edlias s\u00e3o violentamente expulsas de terreno em Nova Sepetiba - RioOnWatch","robots":{"index":"index","follow":"follow","max-snippet":"max-snippet:-1","max-image-preview":"max-image-preview:large","max-video-preview":"max-video-preview:-1"},"canonical":"https:\/\/rioonwatch.org.br\/?p=911","og_locale":"pt_BR","og_type":"article","og_title":"Fam\u00edlias s\u00e3o violentamente expulsas de terreno em Nova Sepetiba - RioOnWatch","og_description":"No \u00faltimo domingo, cerca de 700 fam\u00edlias ocuparam um terreno baldio no Conjunto Habitacional Nova Sepetiba, no bairro de mesmo nome. Depois que v\u00e1rios barracos j\u00e1 haviam sido levantados, segundo moradores, policiais militares chegaram ao [...]","og_url":"https:\/\/rioonwatch.org.br\/?p=911","og_site_name":"RioOnWatch","article_published_time":"2011-01-11T16:06:26+00:00","article_modified_time":"2015-08-14T19:31:56+00:00","og_image":[{"width":522,"height":335,"url":"https:\/\/rioonwatch.org.br\/wp-content\/uploads\/2011\/01\/Nova-Sepetiba-mapa.jpg","type":"image\/jpeg"}],"author":"Tiago","twitter_card":"summary_large_image","twitter_misc":{"Escrito por":"Tiago","Est. tempo de leitura":"2 minutos"},"schema":{"@context":"https:\/\/schema.org","@graph":[{"@type":"Article","@id":"https:\/\/rioonwatch.org.br\/?p=911#article","isPartOf":{"@id":"https:\/\/rioonwatch.org.br\/?p=911"},"author":{"name":"Tiago","@id":"https:\/\/rioonwatch.org.br\/#\/schema\/person\/7c54ce0a929f914709db001584daa6ee"},"headline":"Fam\u00edlias s\u00e3o violentamente expulsas de terreno em Nova Sepetiba","datePublished":"2011-01-11T16:06:26+00:00","dateModified":"2015-08-14T19:31:56+00:00","mainEntityOfPage":{"@id":"https:\/\/rioonwatch.org.br\/?p=911"},"wordCount":319,"commentCount":0,"publisher":{"@id":"https:\/\/rioonwatch.org.br\/#organization"},"image":{"@id":"https:\/\/rioonwatch.org.br\/?p=911#primaryimage"},"thumbnailUrl":"https:\/\/rioonwatch.org.br\/wp-content\/uploads\/2011\/01\/Nova-Sepetiba-mapa.jpg","keywords":["Nova Sepetiba","Remo\u00e7\u00e3o","Santa Cruz","Zona Oeste"],"articleSection":["#OlhoNasRemo\u00e7\u00f5es"],"inLanguage":"pt-BR","potentialAction":[{"@type":"CommentAction","name":"Comment","target":["https:\/\/rioonwatch.org.br\/?p=911#respond"]}]},{"@type":"WebPage","@id":"https:\/\/rioonwatch.org.br\/?p=911","url":"https:\/\/rioonwatch.org.br\/?p=911","name":"Fam\u00edlias s\u00e3o violentamente expulsas de terreno em Nova Sepetiba - RioOnWatch","isPartOf":{"@id":"https:\/\/rioonwatch.org.br\/#website"},"primaryImageOfPage":{"@id":"https:\/\/rioonwatch.org.br\/?p=911#primaryimage"},"image":{"@id":"https:\/\/rioonwatch.org.br\/?p=911#primaryimage"},"thumbnailUrl":"https:\/\/rioonwatch.org.br\/wp-content\/uploads\/2011\/01\/Nova-Sepetiba-mapa.jpg","datePublished":"2011-01-11T16:06:26+00:00","dateModified":"2015-08-14T19:31:56+00:00","breadcrumb":{"@id":"https:\/\/rioonwatch.org.br\/?p=911#breadcrumb"},"inLanguage":"pt-BR","potentialAction":[{"@type":"ReadAction","target":["https:\/\/rioonwatch.org.br\/?p=911"]}]},{"@type":"ImageObject","inLanguage":"pt-BR","@id":"https:\/\/rioonwatch.org.br\/?p=911#primaryimage","url":"https:\/\/rioonwatch.org.br\/wp-content\/uploads\/2011\/01\/Nova-Sepetiba-mapa.jpg","contentUrl":"https:\/\/rioonwatch.org.br\/wp-content\/uploads\/2011\/01\/Nova-Sepetiba-mapa.jpg","width":522,"height":335},{"@type":"BreadcrumbList","@id":"https:\/\/rioonwatch.org.br\/?p=911#breadcrumb","itemListElement":[{"@type":"ListItem","position":1,"name":"In\u00edcio","item":"https:\/\/rioonwatch.org.br\/"},{"@type":"ListItem","position":2,"name":"Fam\u00edlias s\u00e3o violentamente expulsas de terreno em Nova Sepetiba"}]},{"@type":"WebSite","@id":"https:\/\/rioonwatch.org.br\/#website","url":"https:\/\/rioonwatch.org.br\/","name":"RioOnWatch","description":"relatos das favelas cariocas","publisher":{"@id":"https:\/\/rioonwatch.org.br\/#organization"},"potentialAction":[{"@type":"SearchAction","target":{"@type":"EntryPoint","urlTemplate":"https:\/\/rioonwatch.org.br\/?s={search_term_string}"},"query-input":{"@type":"PropertyValueSpecification","valueRequired":true,"valueName":"search_term_string"}}],"inLanguage":"pt-BR"},{"@type":"Organization","@id":"https:\/\/rioonwatch.org.br\/#organization","name":"RioOnWatch","url":"https:\/\/rioonwatch.org.br\/","logo":{"@type":"ImageObject","inLanguage":"pt-BR","@id":"https:\/\/rioonwatch.org.br\/#\/schema\/logo\/image\/","url":"https:\/\/rioonwatch.org.br\/wp-content\/uploads\/2021\/06\/RioOnWatchcabecalhoPT11anos-2.png","contentUrl":"https:\/\/rioonwatch.org.br\/wp-content\/uploads\/2021\/06\/RioOnWatchcabecalhoPT11anos-2.png","width":779,"height":277,"caption":"RioOnWatch"},"image":{"@id":"https:\/\/rioonwatch.org.br\/#\/schema\/logo\/image\/"}},{"@type":"Person","@id":"https:\/\/rioonwatch.org.br\/#\/schema\/person\/7c54ce0a929f914709db001584daa6ee","name":"Tiago","image":{"@type":"ImageObject","inLanguage":"pt-BR","@id":"https:\/\/rioonwatch.org.br\/#\/schema\/person\/image\/","url":"https:\/\/secure.gravatar.com\/avatar\/886b123583861b1f9e1b1393972b9aeb?s=96&d=blank&r=g","contentUrl":"https:\/\/secure.gravatar.com\/avatar\/886b123583861b1f9e1b1393972b9aeb?s=96&d=blank&r=g","caption":"Tiago"},"url":"https:\/\/rioonwatch.org.br\/?author=5"}]}},"_links":{"self":[{"href":"https:\/\/rioonwatch.org.br\/index.php?rest_route=\/wp\/v2\/posts\/911"}],"collection":[{"href":"https:\/\/rioonwatch.org.br\/index.php?rest_route=\/wp\/v2\/posts"}],"about":[{"href":"https:\/\/rioonwatch.org.br\/index.php?rest_route=\/wp\/v2\/types\/post"}],"author":[{"embeddable":true,"href":"https:\/\/rioonwatch.org.br\/index.php?rest_route=\/wp\/v2\/users\/5"}],"replies":[{"embeddable":true,"href":"https:\/\/rioonwatch.org.br\/index.php?rest_route=%2Fwp%2Fv2%2Fcomments&post=911"}],"version-history":[{"count":4,"href":"https:\/\/rioonwatch.org.br\/index.php?rest_route=\/wp\/v2\/posts\/911\/revisions"}],"predecessor-version":[{"id":15754,"href":"https:\/\/rioonwatch.org.br\/index.php?rest_route=\/wp\/v2\/posts\/911\/revisions\/15754"}],"wp:featuredmedia":[{"embeddable":true,"href":"https:\/\/rioonwatch.org.br\/index.php?rest_route=\/wp\/v2\/media\/15753"}],"wp:attachment":[{"href":"https:\/\/rioonwatch.org.br\/index.php?rest_route=%2Fwp%2Fv2%2Fmedia&parent=911"}],"wp:term":[{"taxonomy":"category","embeddable":true,"href":"https:\/\/rioonwatch.org.br\/index.php?rest_route=%2Fwp%2Fv2%2Fcategories&post=911"},{"taxonomy":"post_tag","embeddable":true,"href":"https:\/\/rioonwatch.org.br\/index.php?rest_route=%2Fwp%2Fv2%2Ftags&post=911"},{"taxonomy":"writer","embeddable":true,"href":"https:\/\/rioonwatch.org.br\/index.php?rest_route=%2Fwp%2Fv2%2Fwriter&post=911"},{"taxonomy":"translator","embeddable":true,"href":"https:\/\/rioonwatch.org.br\/index.php?rest_route=%2Fwp%2Fv2%2Ftranslator&post=911"},{"taxonomy":"source","embeddable":true,"href":"https:\/\/rioonwatch.org.br\/index.php?rest_route=%2Fwp%2Fv2%2Fsource&post=911"},{"taxonomy":"ilustrador","embeddable":true,"href":"https:\/\/rioonwatch.org.br\/index.php?rest_route=%2Fwp%2Fv2%2Filustrador&post=911"},{"taxonomy":"fotografo","embeddable":true,"href":"https:\/\/rioonwatch.org.br\/index.php?rest_route=%2Fwp%2Fv2%2Ffotografo&post=911"}],"curies":[{"name":"wp","href":"https:\/\/api.w.org\/{rel}","templated":true}]}}