{"id":9332,"date":"2013-12-12T09:55:41","date_gmt":"2013-12-12T12:55:41","guid":{"rendered":"http:\/\/rioonwatch.org.br\/?p=9332"},"modified":"2023-03-26T20:19:23","modified_gmt":"2023-03-26T23:19:23","slug":"ato-em-manguinhos-denuncia-graves-violacoes-no-dia-internacional-dos-direitos-humanos","status":"publish","type":"post","link":"https:\/\/rioonwatch.org.br\/?p=9332","title":{"rendered":"Ato em Manguinhos Denuncia Graves Viola\u00e7\u00f5es no Dia Internacional dos Direitos Humanos"},"content":{"rendered":"<p dir=\"ltr\">&#8220;No dia internacional dos direitos humanos exigimos Justi\u00e7a e os direitos do povo de Manguinhos e das favelas em geral!&#8221;, afirma, F\u00e1tima dos Santos Pinho de Menezes,\u00a0m\u00e3e do Paulo Roberto, de 18 anos, morto por policiais da Unidade de Pol\u00edcia Pacificadora (UPP) no dia 17 de outubro desse ano.<\/p>\n<p dir=\"ltr\">Na tarde de ter\u00e7a-feira, 10 de dezembro, mesmo sob fortes chuvas, familiares do jovem Paulo Roberto Pinho de Menezes, de 18 anos, sua m\u00e3e e irm\u00e3os, amigos, vizinhos e movimentos sociais solid\u00e1rios fizeram um <a href=\"http:\/\/on.fb.me\/1dqjpPE\" target=\"_blank\" rel=\"noopener\">ato<\/a> que fechou por cerca de uma hora algumas das principais ruas da Zona Norte da cidade do Rio de Janeiro: em trechos de Av. Leopoldo Bulh\u00f5es, da Av. Dom H\u00e9lder C\u00e2mra e da Av. dos Democr\u00e1ticos, em <a href=\"http:\/\/bit.ly\/ZC9b6z\" target=\"_blank\" rel=\"noopener\">Manguinhos<\/a>.<\/p>\n<p dir=\"ltr\">\u201cSei que nada vai trazer meu filho de volta, mas agora seu nome ser\u00e1 invocado, na luta, para que crimes assim n\u00e3o voltem a acontecer. Paulo Roberto est\u00e1 presente aqui entre n\u00f3s, na luta contra este estado de exce\u00e7\u00e3o e contra todas as viol\u00eancias que o estado tem promovido contra a popula\u00e7\u00e3o mais pobre, seja pela UPP, seja pelo PAC\u201d, conclama F\u00e1tima, em refer\u00eancia cr\u00edtica \u00e0s <a href=\"http:\/\/bit.ly\/R5ueio\" target=\"_blank\" rel=\"noopener\">Unidades de Pol\u00edcia Pacificadora (UPPs)<\/a> da Pol\u00edcia Militar (PM) do estado do Rio de Janeiro, e ao <a href=\"http:\/\/bit.ly\/NnSmIP\" target=\"_blank\" rel=\"noopener\">Plano de Acelera\u00e7\u00e3o do Crescimento (PAC)<\/a>, do governo federal em parceria com estados e munic\u00edpios, executado em Manguinhos na modalidade Urbaniza\u00e7\u00e3o de Grandes Favelas, Saneamento e Habita\u00e7\u00e3o, com investimentos a fundo perdido da ordem de 1 bilh\u00e3o de reais. O PAC-Manguinhos, como outros projetos desta modalidade do PAC, \u00e9 criticado por promover <a href=\"http:\/\/bit.ly\/X51Qvb\" target=\"_blank\" rel=\"noopener\">remo\u00e7\u00f5es<\/a> arbitr\u00e1rias, e por n\u00e3o priorizar a necessidade de obras de <a href=\"http:\/\/bit.ly\/13FZ1HC\" target=\"_blank\" rel=\"noopener\">saneamento<\/a> e de habita\u00e7\u00e3o, entre outras den\u00fancias.<\/p>\n<p dir=\"ltr\"><a href=\"http:\/\/rioonwatch.org.br\/?attachment_id=9337\" rel=\"attachment wp-att-9337\"><img fetchpriority=\"high\" decoding=\"async\" class=\"alignright size-full wp-image-9337\" title=\"Foto de Rafael Daguerre\" src=\"http:\/\/rioonwatch.org.br\/wp-content\/uploads\/2013\/12\/APauloRoberto2.jpg\" alt=\"\" width=\"346\" height=\"230\" srcset=\"https:\/\/rioonwatch.org.br\/wp-content\/uploads\/2013\/12\/APauloRoberto2.jpg 960w, https:\/\/rioonwatch.org.br\/wp-content\/uploads\/2013\/12\/APauloRoberto2-396x264.jpg 396w, https:\/\/rioonwatch.org.br\/wp-content\/uploads\/2013\/12\/APauloRoberto2-620x413.jpg 620w\" sizes=\"(max-width: 346px) 100vw, 346px\" \/><\/a>Para esta data, estava previsto uma reconstitui\u00e7\u00e3o do crime pela Pol\u00edcia Civil. O que, no entanto, n\u00e3o aconteceu. Para a imprensa, o delegado-titular da 21\u00aa. Delegacia de Pol\u00edcia, respons\u00e1vel pela \u00e1rea de Manguinhos, Jos\u00e9 Pedro da Costa disse que a simula\u00e7\u00e3o foi suspensa devido a aus\u00eancia de algumas testemunhas. Mas moradores alegam que ele teria lhes dito que n\u00e3o queria a presen\u00e7a da imprensa.\u201cQuando situa\u00e7\u00f5es assim acontecem no asfalto em bairros ricos ou de classe m\u00e9dia, eles permitem a presen\u00e7a da imprensa, mas quando \u00e9 na favela, eles n\u00e3o querem que o mundo veja o que acontece aqui e o estado de calamidade em que vivemos\u201d, disse Maria das Dores da Silva, de 55 anos, participante do ato e vizinha da fam\u00edlia de Paulo Roberto. O delegado pediu a pris\u00e3o tempor\u00e1ria de cinco PMs indiciados: Jos\u00e9 Luciano da Costa Neto, Rodrigo da Costa Tavares, Jos\u00e9 Cardoso de Ara\u00fajo Junior, Jo\u00e3o Paulo da Silva Rocha e Jefferson Albuquerque Pinto. Entretanto, a pris\u00e3o n\u00e3o foi decretada ainda pela Justi\u00e7a. Segundo o Comando de UPP, os militares est\u00e3o fora das ruas e trabalhando em servi\u00e7o interno dentro do comando. Um Inqu\u00e9rito Policial Militar tamb\u00e9m est\u00e1 em andamento para apurar a morte.<\/p>\n<p dir=\"ltr\">Segundo o laudo t\u00e9cnico do Instituto M\u00e9dico Legal (IML), \u00f3rg\u00e3o da Secretaria Estadual de Seguran\u00e7a do Estado do Rio de Janeiro, Paulo Roberto morreu por asfixia, a mesma causa da morte do pedreiro Amarildo de Souza pela UPP da <a href=\"http:\/\/bit.ly\/16w2zz1\" target=\"_blank\" rel=\"noopener\">Rocinha<\/a>, conforme as investiga\u00e7\u00f5es. Uma cena chocante de asfixia foi levada para as telas do cinema pelo filme \u201cTropa de Elite\u201d, que faz uma abordagem sobre as viola\u00e7\u00f5es institucionalizadas de direitos humanos cometidas pelo <a href=\"http:\/\/bit.ly\/17Rt28e\" target=\"_blank\" rel=\"noopener\">Batalh\u00e3o de Opera\u00e7\u00f5es Especiais (BOPE)<\/a> &#8211; considerado como a tropa de elite da Pol\u00edtica Militar do RJ. Na cena, um saco pl\u00e1stico \u00e9 colocado e fechado sobre a cabe\u00e7a da v\u00edtima. \u201cAchei que cenas assim, de asfixia, s\u00f3 fossem protagonizadas pelo BOPE, mas agora veja que a UPP tamb\u00e9m tem esta pratica, seja aqui, seja na Rocinha\u201d, diz Pedro Paulo, jovem morador de Manguinhos que participou do protesto. O laudo do IML desmentiu a vers\u00e3o da pol\u00edcia, de que o jovem teria morrido de \u2018mal s\u00fabito\u2019 por \u2018efeito de drogas\u2019.<\/p>\n<p dir=\"ltr\"><a href=\"http:\/\/rioonwatch.org.br\/?attachment_id=9338\" rel=\"attachment wp-att-9338\"><img decoding=\"async\" class=\"alignright size-full wp-image-9338\" title=\"Foto de Rafael Daguerre\" src=\"http:\/\/rioonwatch.org.br\/wp-content\/uploads\/2013\/12\/APauloRoberto31.jpg\" alt=\"\" width=\"346\" height=\"230\" srcset=\"https:\/\/rioonwatch.org.br\/wp-content\/uploads\/2013\/12\/APauloRoberto31.jpg 960w, https:\/\/rioonwatch.org.br\/wp-content\/uploads\/2013\/12\/APauloRoberto31-396x264.jpg 396w, https:\/\/rioonwatch.org.br\/wp-content\/uploads\/2013\/12\/APauloRoberto31-620x413.jpg 620w\" sizes=\"(max-width: 346px) 100vw, 346px\" \/><\/a>Segundo moradores que testemunharam o crime, assim como Amarildo, Paulo Roberto foi espancado, torturado at\u00e9 a morte: \u201cN\u00e3o nos deixaram socorr\u00ea-lo\u201d, afirmam. Ativistas da <a href=\"http:\/\/bit.ly\/18D91o0\" target=\"_blank\" rel=\"noopener\">Frente Independente e Popular\u2013 FIP-RJ<\/a> questionam em panfleto distribu\u00eddo nas favelas: \u201cQuem matou Paulo Roberto? Um mal s\u00fabito como diz a pol\u00edcia? Ou a persegui\u00e7\u00e3o e terror exercido contra ele pela UPP h\u00e1 alguns meses (como denunciam seus familiares)? Paulo Roberto foi espancado por PMs, de forma covarde, com omiss\u00e3o de socorro e a cumplicidade da UPA (Unidade de Pronto Atendimento) que impediu o acompanhamento do jovem por seus familiares no interior de suas depend\u00eancias? A descarada mentira de que o jovem morreu por efeito de drogas, e a tentativa de criminaliz\u00e1-lo, desperta a justa revolta do povo. (&#8230;) A UPP \u00e9 o bra\u00e7o armado oficial da farsa eleitoral, da pr\u00e1tica de reprodu\u00e7\u00e3o de currais eleitorais em territ\u00f3rios favelizados&#8221;.<\/p>\n<p dir=\"ltr\">\u201cEsses cinco policiais s\u00e3o respons\u00e1veis, mas ainda tem pelo menos 15 PMs envolvidos. H\u00e1 15 dias, eles ficaram nos amea\u00e7ando com gritos na nossa rua, dizendo que ir\u00e3o nos matar\u201d, relatou a m\u00e3e de Paulo Roberto, F\u00e1tima Pinho. \u201cPrenderam manifestantes nos dias 20 de junho e 15 de outubro em flagrante, sem qualquer prova de crime, sem que os presos representassem qualquer perigo \u00e0 sociedade, mas a pol\u00edcia \u00e9 corporativa e muitos policiais criminosos continuam soltos, amea\u00e7ando e praticando atrocidades. E n\u00e3o adianta prender um ou outro, ou dez ou cem. A PM \u00e9 uma institui\u00e7\u00e3o da ditadura, se ainda n\u00e3o acabou, tem que acabar, \u00e9 uma viol\u00eancia contra a cidadania\u201d, afirma Rafael Daguerre, da Frente Independente e Popular, um dos movimentos sociais presentes ao Ato.<\/p>\n<p dir=\"ltr\"><strong>Os desaparecidos de Manguinhos\u00a0<\/strong><\/p>\n<p dir=\"ltr\">Ativista do <a href=\"http:\/\/on.fb.me\/1bw3qMM\" target=\"_blank\" rel=\"noopener\">Laborat\u00f3rio de Direitos Humanos de Manguinhos<\/a>, Andr\u00e9 Luiz Deodoro, de 19 anos, destaca que a UPP faz parte de um conjunto de pol\u00edticas segregat\u00f3rias do governo, que, assim como o PAC, visam a remo\u00e7\u00e3o, for\u00e7ada ou indireta, dos moradores mais pobres para \u00e1reas mais distantes da cidade, e o controle militarizado da popula\u00e7\u00e3o das favelas. \u201cExistem dezenas de desaparecidos de Manguinhos, expulsos de suas casas com uma m\u00e3o na frente e outra atr\u00e1s, apagados dos cadastros oficiais de moradores e das estat\u00edsticas do IBGE (Instituto Brasileiro de Geografia e Estat\u00edstica), pela m\u00e1fia das remo\u00e7\u00f5es. S\u00e3o centenas de fam\u00edlias torturadas pelas p\u00e9ssimas condi\u00e7\u00f5es de vida provocadas pelo PAC. Humilhadas como se fossem invasoras, em uma situa\u00e7\u00e3o de calamidade. A sa\u00fade privatizada se cala! De quem \u00e9 a responsabilidade sanit\u00e1ria?\u201d, denuncia.<\/p>\n<p dir=\"ltr\"><a href=\"http:\/\/rioonwatch.org.br\/?attachment_id=9341\" rel=\"attachment wp-att-9341\"><img decoding=\"async\" class=\"alignright size-full wp-image-9341\" title=\"Foto de R. Vasconcelos\/Coletivo Mariachi\" src=\"http:\/\/rioonwatch.org.br\/wp-content\/uploads\/2013\/12\/AtoPR.jpg\" alt=\"\" width=\"346\" height=\"229\" srcset=\"https:\/\/rioonwatch.org.br\/wp-content\/uploads\/2013\/12\/AtoPR.jpg 960w, https:\/\/rioonwatch.org.br\/wp-content\/uploads\/2013\/12\/AtoPR-398x264.jpg 398w, https:\/\/rioonwatch.org.br\/wp-content\/uploads\/2013\/12\/AtoPR-620x411.jpg 620w\" sizes=\"(max-width: 346px) 100vw, 346px\" \/><\/a>A responsabilidade sanit\u00e1ria pelo bairro de Manguinhos \u00e9 da Funda\u00e7\u00e3o Oswaldo Cruz, que faz a gest\u00e3o das pol\u00edticas de aten\u00e7\u00e3o b\u00e1sica \u00e0 <a href=\"http:\/\/bit.ly\/1kzUmMv\" target=\"_blank\" rel=\"noopener\">sa\u00fade<\/a> no local e, atrav\u00e9s de sua Funda\u00e7\u00e3o de apoio, a Fiotec, tamb\u00e9m \u00e9 a respons\u00e1vel pela gest\u00e3o da UPA de Manguinhos. &#8220;At\u00e9 hoje, n\u00e3o vimos um relat\u00f3rio de sa\u00fade sequer que avalie esta condi\u00e7\u00e3o e denuncie a calamidade. Neste sentido, a chamada gest\u00e3o local participativa da sa\u00fade, sob o controle de seus gestores, n\u00e3o deixa de ser uma farsa&#8221;, complementa Andr\u00e9.<\/p>\n<p dir=\"ltr\">\u201cN\u00e3o podemos entender a pol\u00edtica de pacifica\u00e7\u00e3o de forma isolada, seja por que ela provoca uma reconfigura\u00e7\u00e3o das redes de criminalidade, seja por que ela est\u00e1 necessariamente vinculada \u00e0 <a href=\"http:\/\/bit.ly\/11tBtBo\" target=\"_blank\" rel=\"noopener\">especula\u00e7\u00e3o imobili\u00e1ria<\/a>, <a href=\"http:\/\/bit.ly\/184FqS4\" target=\"_blank\" rel=\"noopener\">gentrifica\u00e7\u00e3o<\/a>, e a inclus\u00e3o for\u00e7ada de segmentos da popula\u00e7\u00e3o atrav\u00e9s do consumo, mas tamb\u00e9m a exclus\u00e3o de todos aqueles que n\u00e3o se adaptarem a este padr\u00e3o de inclus\u00e3o pelo consumo. Este \u00e9 o projeto civilizat\u00f3rio dos governos Dilma, Cabral e Paes. Um projeto racista. Que considera a inclus\u00e3o no mercado mas pratica a exclus\u00e3o do \u00e2mbito dos direitos, com pr\u00e1ticas de exce\u00e7\u00e3o\u2013como a tortura, morte, desaparecimento, coa\u00e7\u00e3o&#8230; S\u00e3o dezenas de desaparecidos nas favelas pacificadas, mensalmente (enfatiza). S\u00e3o diversas den\u00fancias de agress\u00f5es, de abuso de autoridade, de ass\u00e9dio sexual contra mulheres, estupro, de preconceito pelos agentes militares das UPPs contra a comunidade&#8221;, analisa Emerson Fonseca, morador da regi\u00e3o e um dos organizadores do Ato em Mem\u00f3ria de Paulo Roberto.<\/p>\n<p><strong>O PAC tamb\u00e9m mata<\/strong><\/p>\n<p>Tr\u00eas pessoas (ao menos), um j\u00e1 av\u00f4, e duas m\u00e3es, faleceram v\u00edtimas de agravos \u00e0 sa\u00fade devido \u00e0s obras do PAC e ao terrorismo que as envolve, segundo os moradores: sanguessugas, mosquitos, ratos, vergalh\u00f5es e blocos de cimento dependurados entre as ru\u00ednas das casas em demoli\u00e7\u00e3o, excesso de poeira, falta de luz e de \u00e1gua pot\u00e1vel, contamina\u00e7\u00e3o da \u00e1gua, diabetes adquirida pelo estresse causado pelas amea\u00e7as de remo\u00e7\u00e3o dos agentes sociais do PAC, s\u00e3o apenas alguns destes agravantes. \u201cS\u00e3o dezenas, talvez centenas de fam\u00edlias nessas condi\u00e7\u00f5es em Manguinhos, e outras milhares em favelas por toda a cidade, atingidos pelas obras relacionadas aos megaeventos internacionais, como a Copa e as Olimp\u00edadas\u201d, declara o professor Carlos Vainer do Instituto de Pesquisa e Planejamento Urbano e Regional da UFRJ.<\/p>\n<p dir=\"ltr\"><a href=\"http:\/\/rioonwatch.org.br\/?attachment_id=9342\" rel=\"attachment wp-att-9342\"><img loading=\"lazy\" decoding=\"async\" class=\"alignright size-full wp-image-9342\" title=\"UPP Manguinhos no dia 11 de dezembro nas chuvas fortes. Foto de Samara Felix\" src=\"http:\/\/rioonwatch.org.br\/wp-content\/uploads\/2013\/12\/UPPalagada.jpg\" alt=\"\" width=\"346\" height=\"229\" \/><\/a>O PAC previa <a href=\"http:\/\/bit.ly\/13FZ1HC\" target=\"_blank\" rel=\"noopener\">investimentos em saneamento<\/a>, mas o tronco coletor de esgotos, que levaria todo o esgoto dom\u00e9stico do bairro e adjac\u00eancias para a Esta\u00e7\u00e3o de Tratamento ainda sequer foi iniciado. A rede dom\u00e9stica de esgotos, feita pelo PAC, joga o esgoto recolhido nos Rios Faria-Timb\u00f3 e Jacar\u00e9, e da\u00ed para a Ba\u00eda de Guanabara, o que configura um crime ambiental j\u00e1 denunciado \u00e0 Justi\u00e7a pelo Minist\u00e9rio P\u00fablico. A constru\u00e7\u00e3o deste tronco-coletor j\u00e1 estava prevista desde o Programa de Despolui\u00e7\u00e3o da Ba\u00eda de Guanabara, na d\u00e9cada de 90, com investimentos de bancos estrangeiros, mas n\u00e3o saiu do papel at\u00e9 hoje.<\/p>\n<p>No dia seguinte ao ato em Manguinhos, uma chuva forte deixou toda a cidade e o bairro totalmente alagados. A cidade parou. Muitas vias importantes, como a Av. Brasil, ficaram parcialmente interditadas. Milhares de pessoas n\u00e3o conseguiram chegar ao trabalho ou sair de casa. Policiais da UPP de Manguinhos tiveram que se abrigar sobre a ca\u00e7amba de uma pick-up. A UPP chegou a Manguinhos e demais comunidades \u2018pacificadas\u2019 enredada em um contexto de promo\u00e7\u00e3o do empreendedorismo e com a aterrissagem, nestas comunidades, de empresas privadas de telefonia (principalmente), entre outras. Mas, comerciantes locais questionam a falta de estrutura: \u201cnas \u00faltimas chuvas, tudo alagou, perdi todo meu investimento, freezers, forno, equipamentos el\u00e9tricos e eletr\u00f4nicos, mat\u00e9ria-prima, tive que fechar o neg\u00f3cio e vender o im\u00f3vel. Sem estrutura, qualquer iniciativa estar\u00e1 fadada ao fracasso. Por isto, muitos investimentos, de maior amplitude, acabam se perdendo\u201d, reclama Jos\u00e9 Filgueiras, que tinha uma pizzaria no bairro.<\/p>\n<!-- AddThis Advanced Settings generic via filter on the_content --><!-- AddThis Share Buttons generic via filter on the_content -->","protected":false},"excerpt":{"rendered":"<div class=\"mh-excerpt\"><p>&#8220;No dia internacional dos direitos humanos exigimos Justi\u00e7a e os direitos do povo de Manguinhos e das favelas em geral!&#8221;, afirma, F\u00e1tima dos Santos Pinho de Menezes,\u00a0m\u00e3e do Paulo Roberto, de 18 anos, morto por <a class=\"mh-excerpt-more\" href=\"https:\/\/rioonwatch.org.br\/?p=9332\" title=\"Ato em Manguinhos Denuncia Graves Viola\u00e7\u00f5es no Dia Internacional dos Direitos Humanos\">[&#8230;]<\/a><!-- AddThis Advanced Settings generic via filter on get_the_excerpt --><!-- AddThis Share Buttons generic via filter on get_the_excerpt --><\/p>\n<\/div>","protected":false},"author":132,"featured_media":9345,"comment_status":"closed","ping_status":"closed","sticky":false,"template":"","format":"standard","meta":{"_acf_changed":false,"_monsterinsights_skip_tracking":false,"_monsterinsights_sitenote_active":false,"_monsterinsights_sitenote_note":"","_monsterinsights_sitenote_category":0,"footnotes":""},"categories":[1614,346,1620],"tags":[347,953,954,636,36,31,774,763,14,16,492,294,499,92,52],"writer":[952],"translator":[],"source":[],"ilustrador":[],"fotografo":[],"class_list":{"0":"post-9332","1":"post","2":"type-post","3":"status-publish","4":"format-standard","5":"has-post-thumbnail","7":"category-olhonasremocoes","8":"category-denuncias","9":"category-olhonaupp","10":"tag-bope","11":"tag-desaparecimento","12":"tag-liberdade-de-imprensa","13":"tag-manguinhos","14":"tag-pac","15":"tag-policia","16":"tag-policia-militar","17":"tag-protesto","18":"tag-remocao","19":"tag-rocinha","20":"tag-saneamento","21":"tag-saude","22":"tag-terror-psicologico","23":"tag-upp","24":"tag-violencia-policial","25":"writer-fernando-soares"},"acf":[],"yoast_head":"<!-- This site is optimized with the Yoast SEO plugin v25.6 - https:\/\/yoast.com\/wordpress\/plugins\/seo\/ -->\n<title>Ato em Manguinhos Denuncia Graves Viola\u00e7\u00f5es no Dia Internacional dos Direitos Humanos - RioOnWatch<\/title>\n<meta name=\"robots\" content=\"index, follow, max-snippet:-1, max-image-preview:large, max-video-preview:-1\" \/>\n<link rel=\"canonical\" href=\"https:\/\/rioonwatch.org.br\/?p=9332\" \/>\n<meta property=\"og:locale\" content=\"pt_BR\" \/>\n<meta property=\"og:type\" content=\"article\" \/>\n<meta property=\"og:title\" content=\"Ato em Manguinhos Denuncia Graves Viola\u00e7\u00f5es no Dia Internacional dos Direitos Humanos - RioOnWatch\" \/>\n<meta property=\"og:description\" content=\"&#8220;No dia internacional dos direitos humanos exigimos Justi\u00e7a e os direitos do povo de Manguinhos e das favelas em geral!&#8221;, afirma, F\u00e1tima dos Santos Pinho de Menezes,\u00a0m\u00e3e do Paulo Roberto, de 18 anos, morto por [...]\" \/>\n<meta property=\"og:url\" content=\"https:\/\/rioonwatch.org.br\/?p=9332\" \/>\n<meta property=\"og:site_name\" content=\"RioOnWatch\" \/>\n<meta property=\"article:published_time\" content=\"2013-12-12T12:55:41+00:00\" \/>\n<meta property=\"article:modified_time\" content=\"2023-03-26T23:19:23+00:00\" \/>\n<meta property=\"og:image\" content=\"https:\/\/rioonwatch.org.br\/wp-content\/uploads\/2013\/12\/APauloRoberto-capa.jpg\" \/>\n\t<meta property=\"og:image:width\" content=\"300\" \/>\n\t<meta property=\"og:image:height\" content=\"210\" \/>\n\t<meta property=\"og:image:type\" content=\"image\/jpeg\" \/>\n<meta name=\"author\" content=\"Felicity\" \/>\n<meta name=\"twitter:card\" content=\"summary_large_image\" \/>\n<meta name=\"twitter:label1\" content=\"Escrito por\" \/>\n\t<meta name=\"twitter:data1\" content=\"Felicity\" \/>\n\t<meta name=\"twitter:label2\" content=\"Est. tempo de leitura\" \/>\n\t<meta name=\"twitter:data2\" content=\"9 minutos\" \/>\n<script type=\"application\/ld+json\" class=\"yoast-schema-graph\">{\"@context\":\"https:\/\/schema.org\",\"@graph\":[{\"@type\":\"Article\",\"@id\":\"https:\/\/rioonwatch.org.br\/?p=9332#article\",\"isPartOf\":{\"@id\":\"https:\/\/rioonwatch.org.br\/?p=9332\"},\"author\":{\"name\":\"Felicity\",\"@id\":\"https:\/\/rioonwatch.org.br\/#\/schema\/person\/4d05cf5053c358ab740b3edd75a173f2\"},\"headline\":\"Ato em Manguinhos Denuncia Graves Viola\u00e7\u00f5es no Dia Internacional dos Direitos Humanos\",\"datePublished\":\"2013-12-12T12:55:41+00:00\",\"dateModified\":\"2023-03-26T23:19:23+00:00\",\"mainEntityOfPage\":{\"@id\":\"https:\/\/rioonwatch.org.br\/?p=9332\"},\"wordCount\":1842,\"publisher\":{\"@id\":\"https:\/\/rioonwatch.org.br\/#organization\"},\"image\":{\"@id\":\"https:\/\/rioonwatch.org.br\/?p=9332#primaryimage\"},\"thumbnailUrl\":\"https:\/\/rioonwatch.org.br\/wp-content\/uploads\/2013\/12\/APauloRoberto-capa.jpg\",\"keywords\":[\"BOPE\",\"desaparecimento\",\"liberdade de imprensa\",\"Manguinhos\",\"PAC\",\"pol\u00edcia\",\"Pol\u00edcia Militar\",\"protesto\",\"Remo\u00e7\u00e3o\",\"Rocinha\",\"saneamento\",\"sa\u00fade\",\"terror psicol\u00f3gico\",\"UPP\",\"viol\u00eancia policial\"],\"articleSection\":[\"#OlhoNasRemo\u00e7\u00f5es\",\"Den\u00fancias\",\"Seguran\u00e7a P\u00fablica\"],\"inLanguage\":\"pt-BR\"},{\"@type\":\"WebPage\",\"@id\":\"https:\/\/rioonwatch.org.br\/?p=9332\",\"url\":\"https:\/\/rioonwatch.org.br\/?p=9332\",\"name\":\"Ato em Manguinhos Denuncia Graves Viola\u00e7\u00f5es no Dia Internacional dos Direitos Humanos - RioOnWatch\",\"isPartOf\":{\"@id\":\"https:\/\/rioonwatch.org.br\/#website\"},\"primaryImageOfPage\":{\"@id\":\"https:\/\/rioonwatch.org.br\/?p=9332#primaryimage\"},\"image\":{\"@id\":\"https:\/\/rioonwatch.org.br\/?p=9332#primaryimage\"},\"thumbnailUrl\":\"https:\/\/rioonwatch.org.br\/wp-content\/uploads\/2013\/12\/APauloRoberto-capa.jpg\",\"datePublished\":\"2013-12-12T12:55:41+00:00\",\"dateModified\":\"2023-03-26T23:19:23+00:00\",\"breadcrumb\":{\"@id\":\"https:\/\/rioonwatch.org.br\/?p=9332#breadcrumb\"},\"inLanguage\":\"pt-BR\",\"potentialAction\":[{\"@type\":\"ReadAction\",\"target\":[\"https:\/\/rioonwatch.org.br\/?p=9332\"]}]},{\"@type\":\"ImageObject\",\"inLanguage\":\"pt-BR\",\"@id\":\"https:\/\/rioonwatch.org.br\/?p=9332#primaryimage\",\"url\":\"https:\/\/rioonwatch.org.br\/wp-content\/uploads\/2013\/12\/APauloRoberto-capa.jpg\",\"contentUrl\":\"https:\/\/rioonwatch.org.br\/wp-content\/uploads\/2013\/12\/APauloRoberto-capa.jpg\",\"width\":300,\"height\":210},{\"@type\":\"BreadcrumbList\",\"@id\":\"https:\/\/rioonwatch.org.br\/?p=9332#breadcrumb\",\"itemListElement\":[{\"@type\":\"ListItem\",\"position\":1,\"name\":\"In\u00edcio\",\"item\":\"https:\/\/rioonwatch.org.br\/\"},{\"@type\":\"ListItem\",\"position\":2,\"name\":\"Ato em Manguinhos Denuncia Graves Viola\u00e7\u00f5es no Dia Internacional dos Direitos Humanos\"}]},{\"@type\":\"WebSite\",\"@id\":\"https:\/\/rioonwatch.org.br\/#website\",\"url\":\"https:\/\/rioonwatch.org.br\/\",\"name\":\"RioOnWatch\",\"description\":\"relatos das favelas cariocas\",\"publisher\":{\"@id\":\"https:\/\/rioonwatch.org.br\/#organization\"},\"potentialAction\":[{\"@type\":\"SearchAction\",\"target\":{\"@type\":\"EntryPoint\",\"urlTemplate\":\"https:\/\/rioonwatch.org.br\/?s={search_term_string}\"},\"query-input\":{\"@type\":\"PropertyValueSpecification\",\"valueRequired\":true,\"valueName\":\"search_term_string\"}}],\"inLanguage\":\"pt-BR\"},{\"@type\":\"Organization\",\"@id\":\"https:\/\/rioonwatch.org.br\/#organization\",\"name\":\"RioOnWatch\",\"url\":\"https:\/\/rioonwatch.org.br\/\",\"logo\":{\"@type\":\"ImageObject\",\"inLanguage\":\"pt-BR\",\"@id\":\"https:\/\/rioonwatch.org.br\/#\/schema\/logo\/image\/\",\"url\":\"https:\/\/rioonwatch.org.br\/wp-content\/uploads\/2021\/06\/RioOnWatchcabecalhoPT11anos-2.png\",\"contentUrl\":\"https:\/\/rioonwatch.org.br\/wp-content\/uploads\/2021\/06\/RioOnWatchcabecalhoPT11anos-2.png\",\"width\":779,\"height\":277,\"caption\":\"RioOnWatch\"},\"image\":{\"@id\":\"https:\/\/rioonwatch.org.br\/#\/schema\/logo\/image\/\"}},{\"@type\":\"Person\",\"@id\":\"https:\/\/rioonwatch.org.br\/#\/schema\/person\/4d05cf5053c358ab740b3edd75a173f2\",\"name\":\"Felicity\",\"image\":{\"@type\":\"ImageObject\",\"inLanguage\":\"pt-BR\",\"@id\":\"https:\/\/rioonwatch.org.br\/#\/schema\/person\/image\/\",\"url\":\"https:\/\/secure.gravatar.com\/avatar\/bfc904486dc0bba6015410a00fe3fc27?s=96&d=blank&r=g\",\"contentUrl\":\"https:\/\/secure.gravatar.com\/avatar\/bfc904486dc0bba6015410a00fe3fc27?s=96&d=blank&r=g\",\"caption\":\"Felicity\"},\"url\":\"https:\/\/rioonwatch.org.br\/?author=132\"}]}<\/script>\n<!-- \/ Yoast SEO plugin. -->","yoast_head_json":{"title":"Ato em Manguinhos Denuncia Graves Viola\u00e7\u00f5es no Dia Internacional dos Direitos Humanos - RioOnWatch","robots":{"index":"index","follow":"follow","max-snippet":"max-snippet:-1","max-image-preview":"max-image-preview:large","max-video-preview":"max-video-preview:-1"},"canonical":"https:\/\/rioonwatch.org.br\/?p=9332","og_locale":"pt_BR","og_type":"article","og_title":"Ato em Manguinhos Denuncia Graves Viola\u00e7\u00f5es no Dia Internacional dos Direitos Humanos - RioOnWatch","og_description":"&#8220;No dia internacional dos direitos humanos exigimos Justi\u00e7a e os direitos do povo de Manguinhos e das favelas em geral!&#8221;, afirma, F\u00e1tima dos Santos Pinho de Menezes,\u00a0m\u00e3e do Paulo Roberto, de 18 anos, morto por [...]","og_url":"https:\/\/rioonwatch.org.br\/?p=9332","og_site_name":"RioOnWatch","article_published_time":"2013-12-12T12:55:41+00:00","article_modified_time":"2023-03-26T23:19:23+00:00","og_image":[{"width":300,"height":210,"url":"https:\/\/rioonwatch.org.br\/wp-content\/uploads\/2013\/12\/APauloRoberto-capa.jpg","type":"image\/jpeg"}],"author":"Felicity","twitter_card":"summary_large_image","twitter_misc":{"Escrito por":"Felicity","Est. tempo de leitura":"9 minutos"},"schema":{"@context":"https:\/\/schema.org","@graph":[{"@type":"Article","@id":"https:\/\/rioonwatch.org.br\/?p=9332#article","isPartOf":{"@id":"https:\/\/rioonwatch.org.br\/?p=9332"},"author":{"name":"Felicity","@id":"https:\/\/rioonwatch.org.br\/#\/schema\/person\/4d05cf5053c358ab740b3edd75a173f2"},"headline":"Ato em Manguinhos Denuncia Graves Viola\u00e7\u00f5es no Dia Internacional dos Direitos Humanos","datePublished":"2013-12-12T12:55:41+00:00","dateModified":"2023-03-26T23:19:23+00:00","mainEntityOfPage":{"@id":"https:\/\/rioonwatch.org.br\/?p=9332"},"wordCount":1842,"publisher":{"@id":"https:\/\/rioonwatch.org.br\/#organization"},"image":{"@id":"https:\/\/rioonwatch.org.br\/?p=9332#primaryimage"},"thumbnailUrl":"https:\/\/rioonwatch.org.br\/wp-content\/uploads\/2013\/12\/APauloRoberto-capa.jpg","keywords":["BOPE","desaparecimento","liberdade de imprensa","Manguinhos","PAC","pol\u00edcia","Pol\u00edcia Militar","protesto","Remo\u00e7\u00e3o","Rocinha","saneamento","sa\u00fade","terror psicol\u00f3gico","UPP","viol\u00eancia policial"],"articleSection":["#OlhoNasRemo\u00e7\u00f5es","Den\u00fancias","Seguran\u00e7a P\u00fablica"],"inLanguage":"pt-BR"},{"@type":"WebPage","@id":"https:\/\/rioonwatch.org.br\/?p=9332","url":"https:\/\/rioonwatch.org.br\/?p=9332","name":"Ato em Manguinhos Denuncia Graves Viola\u00e7\u00f5es no Dia Internacional dos Direitos Humanos - RioOnWatch","isPartOf":{"@id":"https:\/\/rioonwatch.org.br\/#website"},"primaryImageOfPage":{"@id":"https:\/\/rioonwatch.org.br\/?p=9332#primaryimage"},"image":{"@id":"https:\/\/rioonwatch.org.br\/?p=9332#primaryimage"},"thumbnailUrl":"https:\/\/rioonwatch.org.br\/wp-content\/uploads\/2013\/12\/APauloRoberto-capa.jpg","datePublished":"2013-12-12T12:55:41+00:00","dateModified":"2023-03-26T23:19:23+00:00","breadcrumb":{"@id":"https:\/\/rioonwatch.org.br\/?p=9332#breadcrumb"},"inLanguage":"pt-BR","potentialAction":[{"@type":"ReadAction","target":["https:\/\/rioonwatch.org.br\/?p=9332"]}]},{"@type":"ImageObject","inLanguage":"pt-BR","@id":"https:\/\/rioonwatch.org.br\/?p=9332#primaryimage","url":"https:\/\/rioonwatch.org.br\/wp-content\/uploads\/2013\/12\/APauloRoberto-capa.jpg","contentUrl":"https:\/\/rioonwatch.org.br\/wp-content\/uploads\/2013\/12\/APauloRoberto-capa.jpg","width":300,"height":210},{"@type":"BreadcrumbList","@id":"https:\/\/rioonwatch.org.br\/?p=9332#breadcrumb","itemListElement":[{"@type":"ListItem","position":1,"name":"In\u00edcio","item":"https:\/\/rioonwatch.org.br\/"},{"@type":"ListItem","position":2,"name":"Ato em Manguinhos Denuncia Graves Viola\u00e7\u00f5es no Dia Internacional dos Direitos Humanos"}]},{"@type":"WebSite","@id":"https:\/\/rioonwatch.org.br\/#website","url":"https:\/\/rioonwatch.org.br\/","name":"RioOnWatch","description":"relatos das favelas cariocas","publisher":{"@id":"https:\/\/rioonwatch.org.br\/#organization"},"potentialAction":[{"@type":"SearchAction","target":{"@type":"EntryPoint","urlTemplate":"https:\/\/rioonwatch.org.br\/?s={search_term_string}"},"query-input":{"@type":"PropertyValueSpecification","valueRequired":true,"valueName":"search_term_string"}}],"inLanguage":"pt-BR"},{"@type":"Organization","@id":"https:\/\/rioonwatch.org.br\/#organization","name":"RioOnWatch","url":"https:\/\/rioonwatch.org.br\/","logo":{"@type":"ImageObject","inLanguage":"pt-BR","@id":"https:\/\/rioonwatch.org.br\/#\/schema\/logo\/image\/","url":"https:\/\/rioonwatch.org.br\/wp-content\/uploads\/2021\/06\/RioOnWatchcabecalhoPT11anos-2.png","contentUrl":"https:\/\/rioonwatch.org.br\/wp-content\/uploads\/2021\/06\/RioOnWatchcabecalhoPT11anos-2.png","width":779,"height":277,"caption":"RioOnWatch"},"image":{"@id":"https:\/\/rioonwatch.org.br\/#\/schema\/logo\/image\/"}},{"@type":"Person","@id":"https:\/\/rioonwatch.org.br\/#\/schema\/person\/4d05cf5053c358ab740b3edd75a173f2","name":"Felicity","image":{"@type":"ImageObject","inLanguage":"pt-BR","@id":"https:\/\/rioonwatch.org.br\/#\/schema\/person\/image\/","url":"https:\/\/secure.gravatar.com\/avatar\/bfc904486dc0bba6015410a00fe3fc27?s=96&d=blank&r=g","contentUrl":"https:\/\/secure.gravatar.com\/avatar\/bfc904486dc0bba6015410a00fe3fc27?s=96&d=blank&r=g","caption":"Felicity"},"url":"https:\/\/rioonwatch.org.br\/?author=132"}]}},"_links":{"self":[{"href":"https:\/\/rioonwatch.org.br\/index.php?rest_route=\/wp\/v2\/posts\/9332"}],"collection":[{"href":"https:\/\/rioonwatch.org.br\/index.php?rest_route=\/wp\/v2\/posts"}],"about":[{"href":"https:\/\/rioonwatch.org.br\/index.php?rest_route=\/wp\/v2\/types\/post"}],"author":[{"embeddable":true,"href":"https:\/\/rioonwatch.org.br\/index.php?rest_route=\/wp\/v2\/users\/132"}],"replies":[{"embeddable":true,"href":"https:\/\/rioonwatch.org.br\/index.php?rest_route=%2Fwp%2Fv2%2Fcomments&post=9332"}],"version-history":[{"count":24,"href":"https:\/\/rioonwatch.org.br\/index.php?rest_route=\/wp\/v2\/posts\/9332\/revisions"}],"predecessor-version":[{"id":67124,"href":"https:\/\/rioonwatch.org.br\/index.php?rest_route=\/wp\/v2\/posts\/9332\/revisions\/67124"}],"wp:featuredmedia":[{"embeddable":true,"href":"https:\/\/rioonwatch.org.br\/index.php?rest_route=\/wp\/v2\/media\/9345"}],"wp:attachment":[{"href":"https:\/\/rioonwatch.org.br\/index.php?rest_route=%2Fwp%2Fv2%2Fmedia&parent=9332"}],"wp:term":[{"taxonomy":"category","embeddable":true,"href":"https:\/\/rioonwatch.org.br\/index.php?rest_route=%2Fwp%2Fv2%2Fcategories&post=9332"},{"taxonomy":"post_tag","embeddable":true,"href":"https:\/\/rioonwatch.org.br\/index.php?rest_route=%2Fwp%2Fv2%2Ftags&post=9332"},{"taxonomy":"writer","embeddable":true,"href":"https:\/\/rioonwatch.org.br\/index.php?rest_route=%2Fwp%2Fv2%2Fwriter&post=9332"},{"taxonomy":"translator","embeddable":true,"href":"https:\/\/rioonwatch.org.br\/index.php?rest_route=%2Fwp%2Fv2%2Ftranslator&post=9332"},{"taxonomy":"source","embeddable":true,"href":"https:\/\/rioonwatch.org.br\/index.php?rest_route=%2Fwp%2Fv2%2Fsource&post=9332"},{"taxonomy":"ilustrador","embeddable":true,"href":"https:\/\/rioonwatch.org.br\/index.php?rest_route=%2Fwp%2Fv2%2Filustrador&post=9332"},{"taxonomy":"fotografo","embeddable":true,"href":"https:\/\/rioonwatch.org.br\/index.php?rest_route=%2Fwp%2Fv2%2Ffotografo&post=9332"}],"curies":[{"name":"wp","href":"https:\/\/api.w.org\/{rel}","templated":true}]}}