{"id":9452,"date":"2014-01-19T19:43:21","date_gmt":"2014-01-19T22:43:21","guid":{"rendered":"http:\/\/rioonwatch.org.br\/?p=9452"},"modified":"2015-12-24T00:59:25","modified_gmt":"2015-12-24T03:59:25","slug":"relato-de-moradora-gentrificacao-no-vidigal-em-processo","status":"publish","type":"post","link":"https:\/\/rioonwatch.org.br\/?p=9452","title":{"rendered":"Relato de Moradora: Gentrifica\u00e7\u00e3o no Vidigal em Processo"},"content":{"rendered":"<p style=\"text-align: right;\"><em><strong><a href=\"http:\/\/bit.ly\/1NMRDyj\" \ntarget=\"_blank\">Click Here for English<img decoding=\"async\" width=\"20\" height=\"20\" class=\"alignright wp-image-15790\" src=\"http:\/\/rioonwatch.org.br\/wp-content\/uploads\/2012\/08\/EN-standard-e1439583104716.jpg\" alt=\"\" \/><\/a><\/strong><\/em><\/p>\n<p>Da praia de Ipanema, eu via o morro onde nem eu e nem muitos cariocas hav\u00edamos subido. Era o ano de 2006 e eu precisava morar perto do meu local de trabalho, a referida praia.<\/p>\n<p>Subindo aquela ladeira, indagava por casa pra alugar. Havia aos montes. Um lugar violento, desassistido pelo poder p\u00fablico, em <a href=\"http:\/\/bit.ly\/1lmxWyO\" target=\"_blank\">estado de guerra por disputa de territ\u00f3rio<\/a>. Pre\u00e7o barato, podia escolher \u00e0 vontade.<\/p>\n<p><img fetchpriority=\"high\" decoding=\"async\" class=\"alignright size-full wp-image-10067\" title=\"Vista do Vidigal\" src=\"http:\/\/rioonwatch.org.br\/wp-content\/uploads\/2014\/01\/view-from-vidigal.jpg\" alt=\"\" width=\"324\" height=\"216\" srcset=\"https:\/\/rioonwatch.org.br\/wp-content\/uploads\/2014\/01\/view-from-vidigal.jpg 1000w, https:\/\/rioonwatch.org.br\/wp-content\/uploads\/2014\/01\/view-from-vidigal-396x264.jpg 396w, https:\/\/rioonwatch.org.br\/wp-content\/uploads\/2014\/01\/view-from-vidigal-620x414.jpg 620w\" sizes=\"(max-width: 324px) 100vw, 324px\" \/><\/p>\n<p>Me mudei para um apartamento que estava vazio h\u00e1 tr\u00eas anos, devido ao medo da guerra. Eu nem tinha ideia do que era aquela guerra. N\u00e3o demorei duas semanas pra saber. Era sinistro, tiroteio quase toda noite. Por duas vezes vivi a experi\u00eancia de subir morrendo de medo de levar uma bala perdida, e ver os moradores da parte mais alta terem que passar a noite no p\u00e9 do morro. Quando a fac\u00e7\u00e3o da Rocinha finalmente ocupou o territ\u00f3rio, os tiroteios diminu\u00edram e o morro foi ficando numa aparente paz.<\/p>\n<p>Aos poucos come\u00e7amos a ver pessoas voltando a se mudar. Uma classe meio m\u00e9dia, uns gringos meio pobres. O mercadinho ocupando um espa\u00e7o bem maior, aumentando a oferta de consumo. Os alugueis, aos poucos, sendo valorizados.<\/p>\n<p>A\u00ed veio a <a href=\"http:\/\/bit.ly\/R5ueio\" target=\"_blank\">UPP<\/a> com a promessa de seguran\u00e7a, o poder p\u00fablico entrando na favela, ilumina\u00e7\u00e3o, a TV a cabo, internet, a legaliza\u00e7\u00e3o do g\u00e1s, a ordena\u00e7\u00e3o do moto t\u00e1xi, o fim dos \u201cgatos de luz e net\u201d. A TV local (VdgTV) saiu do ar, sem concess\u00e3o e come\u00e7ou o processo de cadastramento das casas pelo <a href=\"http:\/\/bit.ly\/1cXmLbe\" target=\"_blank\">Iterj<\/a>\u00a0dando <a href=\"http:\/\/bit.ly\/1denyrN\" target=\"_blank\">promessa de concess\u00e3o de uso por 99 anos<\/a> e mais a promessa de v\u00e1rios projetos sociais que seriam implementados etc., etc., etc.<\/p>\n<p><a href=\"http:\/\/rioonwatch.org.br\/?attachment_id=10064\" rel=\"attachment wp-att-10064\"><img decoding=\"async\" class=\"alignright size-full wp-image-10064\" title=\"Escrito em um tapume no Vidigal - Gentrifica\u00e7\u00e3o Animal. Foto por Patrick Isensee\" src=\"http:\/\/rioonwatch.org.br\/wp-content\/uploads\/2014\/01\/gentrification-animal-in-vidigal.jpg\" alt=\"\" width=\"324\" height=\"216\" srcset=\"https:\/\/rioonwatch.org.br\/wp-content\/uploads\/2014\/01\/gentrification-animal-in-vidigal.jpg 1000w, https:\/\/rioonwatch.org.br\/wp-content\/uploads\/2014\/01\/gentrification-animal-in-vidigal-396x264.jpg 396w, https:\/\/rioonwatch.org.br\/wp-content\/uploads\/2014\/01\/gentrification-animal-in-vidigal-620x414.jpg 620w\" sizes=\"(max-width: 324px) 100vw, 324px\" \/><\/a>Realmente, as ruas ficaram bem iluminadas. As casas come\u00e7aram a pagar pelo consumo de luz, as contas come\u00e7aram a chegar. Um susto, R$100,00, R$200,00, R$1.000,00, que loucura! N\u00e3o se pode mais usar ar refrigerado. Pobre tem que morrer de calor.<\/p>\n<p>E as casas? Com a enorme procura por moradia, os <a href=\"http:\/\/glo.bo\/1dJkFgG\" target=\"_blank\">pre\u00e7os dos im\u00f3veis aumentaram<\/a> astronomicamente. Os inquilinos tendo que sair das casas que antes custavam R$200,00 ou R$300,00 e agora custam R$800,00 ou R$1.500,00 e que continuam subindo a cada m\u00eas.<\/p>\n<p>Os imigrantes nordestinos viram a\u00ed uma excelente oportunidade de voltar pra sua terra e est\u00e3o vendendo suas casas por R$100.000,00 em diante. Esse dinheiro no nordeste faz um cara rico. Resultado: <a href=\"http:\/\/bit.ly\/1hE8vce\" target=\"_blank\">os gringos est\u00e3o fazendo a festa<\/a>. Atualmente fala-se duas l\u00ednguas na favela.<\/p>\n<p>Outras pessoas, que n\u00e3o querem voltar pro Nordeste, vendem suas casas achando que v\u00e3o fazer um bom neg\u00f3cio e compram na Baixada, longe do trabalho, longe do seu local de identidade, longe das suas amizades, longe de tudo&#8230;<\/p>\n<p>Os propriet\u00e1rios est\u00e3o construindo, aumentando seus im\u00f3veis para viverem de aluguel. H\u00e1 muita gente subindo o morro, passeios ecol\u00f3gicos e muito mais lixo. Tanta cultura diferente, tanta gente querendo \u201cajudar\u201d. A cada dia vemos o lugar perder sua identidade original. Vidigal virou moda internacional.<\/p>\n<p>\u00c9 como uma represa que foi aberta. Uma inunda\u00e7\u00e3o de oportunidades e oportunistas.<\/p>\n<!-- AddThis Advanced Settings generic via filter on the_content --><!-- AddThis Share Buttons generic via filter on the_content -->","protected":false},"excerpt":{"rendered":"<div class=\"mh-excerpt\"><p>Click Here for English Da praia de Ipanema, eu via o morro onde nem eu e nem muitos cariocas hav\u00edamos subido. Era o ano de 2006 e eu precisava morar perto do meu local de <a class=\"mh-excerpt-more\" href=\"https:\/\/rioonwatch.org.br\/?p=9452\" title=\"Relato de Moradora: Gentrifica\u00e7\u00e3o no Vidigal em Processo\">[&#8230;]<\/a><!-- AddThis Advanced Settings generic via filter on get_the_excerpt --><!-- AddThis Share Buttons generic via filter on get_the_excerpt --><\/p>\n<\/div>","protected":false},"author":129,"featured_media":10081,"comment_status":"closed","ping_status":"closed","sticky":false,"template":"","format":"standard","meta":{"_acf_changed":false,"_monsterinsights_skip_tracking":false,"_monsterinsights_sitenote_active":false,"_monsterinsights_sitenote_note":"","_monsterinsights_sitenote_category":0,"footnotes":""},"categories":[1617,346,344],"tags":[421,424,396,395,354,383],"writer":[972],"translator":[],"source":[],"ilustrador":[],"fotografo":[],"class_list":{"0":"post-9452","1":"post","2":"type-post","3":"status-publish","4":"format-standard","5":"has-post-thumbnail","7":"category-olhonagentrificacao","8":"category-denuncias","9":"category-politicas","10":"tag-cultura-da-favela","11":"tag-direito-a-moradia","12":"tag-especulacao-imobiliaria","13":"tag-gentrificacao-remocao-branca","14":"tag-vidigal","15":"tag-zona-sul","16":"writer-rosa-batista"},"acf":[],"yoast_head":"<!-- This site is optimized with the Yoast SEO plugin v25.6 - https:\/\/yoast.com\/wordpress\/plugins\/seo\/ -->\n<title>Relato de Moradora: Gentrifica\u00e7\u00e3o no Vidigal em Processo - RioOnWatch<\/title>\n<meta name=\"robots\" content=\"index, follow, max-snippet:-1, max-image-preview:large, max-video-preview:-1\" \/>\n<link rel=\"canonical\" href=\"https:\/\/rioonwatch.org.br\/?p=9452\" \/>\n<meta property=\"og:locale\" content=\"pt_BR\" \/>\n<meta property=\"og:type\" content=\"article\" \/>\n<meta property=\"og:title\" content=\"Relato de Moradora: Gentrifica\u00e7\u00e3o no Vidigal em Processo - RioOnWatch\" \/>\n<meta property=\"og:description\" content=\"Click Here for English Da praia de Ipanema, eu via o morro onde nem eu e nem muitos cariocas hav\u00edamos subido. Era o ano de 2006 e eu precisava morar perto do meu local de [...]\" \/>\n<meta property=\"og:url\" content=\"https:\/\/rioonwatch.org.br\/?p=9452\" \/>\n<meta property=\"og:site_name\" content=\"RioOnWatch\" \/>\n<meta property=\"article:published_time\" content=\"2014-01-19T22:43:21+00:00\" \/>\n<meta property=\"article:modified_time\" content=\"2015-12-24T03:59:25+00:00\" \/>\n<meta property=\"og:image\" content=\"https:\/\/rioonwatch.org.br\/wp-content\/uploads\/2014\/01\/capagentanimal1.jpg\" \/>\n\t<meta property=\"og:image:width\" content=\"300\" \/>\n\t<meta property=\"og:image:height\" content=\"213\" \/>\n\t<meta property=\"og:image:type\" content=\"image\/jpeg\" \/>\n<meta name=\"author\" content=\"Admin\" \/>\n<meta name=\"twitter:card\" content=\"summary_large_image\" \/>\n<meta name=\"twitter:label1\" content=\"Escrito por\" \/>\n\t<meta name=\"twitter:data1\" content=\"Admin\" \/>\n\t<meta name=\"twitter:label2\" content=\"Est. tempo de leitura\" \/>\n\t<meta name=\"twitter:data2\" content=\"3 minutos\" \/>\n<script type=\"application\/ld+json\" class=\"yoast-schema-graph\">{\"@context\":\"https:\/\/schema.org\",\"@graph\":[{\"@type\":\"Article\",\"@id\":\"https:\/\/rioonwatch.org.br\/?p=9452#article\",\"isPartOf\":{\"@id\":\"https:\/\/rioonwatch.org.br\/?p=9452\"},\"author\":{\"name\":\"Admin\",\"@id\":\"https:\/\/rioonwatch.org.br\/#\/schema\/person\/11d64c290506f9df50c71b850c473f68\"},\"headline\":\"Relato de Moradora: Gentrifica\u00e7\u00e3o no Vidigal em Processo\",\"datePublished\":\"2014-01-19T22:43:21+00:00\",\"dateModified\":\"2015-12-24T03:59:25+00:00\",\"mainEntityOfPage\":{\"@id\":\"https:\/\/rioonwatch.org.br\/?p=9452\"},\"wordCount\":542,\"publisher\":{\"@id\":\"https:\/\/rioonwatch.org.br\/#organization\"},\"image\":{\"@id\":\"https:\/\/rioonwatch.org.br\/?p=9452#primaryimage\"},\"thumbnailUrl\":\"https:\/\/rioonwatch.org.br\/wp-content\/uploads\/2014\/01\/capagentanimal1.jpg\",\"keywords\":[\"cultura da favela\",\"Direito \u00e0 Moradia\",\"especula\u00e7\u00e3o imobili\u00e1ria\",\"gentrifica\u00e7\u00e3o\",\"Vidigal\",\"Zona Sul\"],\"articleSection\":[\"#OlhoNaGentrifica\u00e7\u00e3o\",\"Den\u00fancias\",\"Pol\u00edticas\"],\"inLanguage\":\"pt-BR\"},{\"@type\":\"WebPage\",\"@id\":\"https:\/\/rioonwatch.org.br\/?p=9452\",\"url\":\"https:\/\/rioonwatch.org.br\/?p=9452\",\"name\":\"Relato de Moradora: Gentrifica\u00e7\u00e3o no Vidigal em Processo - RioOnWatch\",\"isPartOf\":{\"@id\":\"https:\/\/rioonwatch.org.br\/#website\"},\"primaryImageOfPage\":{\"@id\":\"https:\/\/rioonwatch.org.br\/?p=9452#primaryimage\"},\"image\":{\"@id\":\"https:\/\/rioonwatch.org.br\/?p=9452#primaryimage\"},\"thumbnailUrl\":\"https:\/\/rioonwatch.org.br\/wp-content\/uploads\/2014\/01\/capagentanimal1.jpg\",\"datePublished\":\"2014-01-19T22:43:21+00:00\",\"dateModified\":\"2015-12-24T03:59:25+00:00\",\"breadcrumb\":{\"@id\":\"https:\/\/rioonwatch.org.br\/?p=9452#breadcrumb\"},\"inLanguage\":\"pt-BR\",\"potentialAction\":[{\"@type\":\"ReadAction\",\"target\":[\"https:\/\/rioonwatch.org.br\/?p=9452\"]}]},{\"@type\":\"ImageObject\",\"inLanguage\":\"pt-BR\",\"@id\":\"https:\/\/rioonwatch.org.br\/?p=9452#primaryimage\",\"url\":\"https:\/\/rioonwatch.org.br\/wp-content\/uploads\/2014\/01\/capagentanimal1.jpg\",\"contentUrl\":\"https:\/\/rioonwatch.org.br\/wp-content\/uploads\/2014\/01\/capagentanimal1.jpg\",\"width\":300,\"height\":213},{\"@type\":\"BreadcrumbList\",\"@id\":\"https:\/\/rioonwatch.org.br\/?p=9452#breadcrumb\",\"itemListElement\":[{\"@type\":\"ListItem\",\"position\":1,\"name\":\"In\u00edcio\",\"item\":\"https:\/\/rioonwatch.org.br\/\"},{\"@type\":\"ListItem\",\"position\":2,\"name\":\"Relato de Moradora: Gentrifica\u00e7\u00e3o no Vidigal em Processo\"}]},{\"@type\":\"WebSite\",\"@id\":\"https:\/\/rioonwatch.org.br\/#website\",\"url\":\"https:\/\/rioonwatch.org.br\/\",\"name\":\"RioOnWatch\",\"description\":\"relatos das favelas cariocas\",\"publisher\":{\"@id\":\"https:\/\/rioonwatch.org.br\/#organization\"},\"potentialAction\":[{\"@type\":\"SearchAction\",\"target\":{\"@type\":\"EntryPoint\",\"urlTemplate\":\"https:\/\/rioonwatch.org.br\/?s={search_term_string}\"},\"query-input\":{\"@type\":\"PropertyValueSpecification\",\"valueRequired\":true,\"valueName\":\"search_term_string\"}}],\"inLanguage\":\"pt-BR\"},{\"@type\":\"Organization\",\"@id\":\"https:\/\/rioonwatch.org.br\/#organization\",\"name\":\"RioOnWatch\",\"url\":\"https:\/\/rioonwatch.org.br\/\",\"logo\":{\"@type\":\"ImageObject\",\"inLanguage\":\"pt-BR\",\"@id\":\"https:\/\/rioonwatch.org.br\/#\/schema\/logo\/image\/\",\"url\":\"https:\/\/rioonwatch.org.br\/wp-content\/uploads\/2021\/06\/RioOnWatchcabecalhoPT11anos-2.png\",\"contentUrl\":\"https:\/\/rioonwatch.org.br\/wp-content\/uploads\/2021\/06\/RioOnWatchcabecalhoPT11anos-2.png\",\"width\":779,\"height\":277,\"caption\":\"RioOnWatch\"},\"image\":{\"@id\":\"https:\/\/rioonwatch.org.br\/#\/schema\/logo\/image\/\"}},{\"@type\":\"Person\",\"@id\":\"https:\/\/rioonwatch.org.br\/#\/schema\/person\/11d64c290506f9df50c71b850c473f68\",\"name\":\"Admin\",\"image\":{\"@type\":\"ImageObject\",\"inLanguage\":\"pt-BR\",\"@id\":\"https:\/\/rioonwatch.org.br\/#\/schema\/person\/image\/\",\"url\":\"https:\/\/secure.gravatar.com\/avatar\/56211ac74568383903349a1485e3c325?s=96&d=blank&r=g\",\"contentUrl\":\"https:\/\/secure.gravatar.com\/avatar\/56211ac74568383903349a1485e3c325?s=96&d=blank&r=g\",\"caption\":\"Admin\"},\"url\":\"https:\/\/rioonwatch.org.br\/?author=129\"}]}<\/script>\n<!-- \/ Yoast SEO plugin. -->","yoast_head_json":{"title":"Relato de Moradora: Gentrifica\u00e7\u00e3o no Vidigal em Processo - RioOnWatch","robots":{"index":"index","follow":"follow","max-snippet":"max-snippet:-1","max-image-preview":"max-image-preview:large","max-video-preview":"max-video-preview:-1"},"canonical":"https:\/\/rioonwatch.org.br\/?p=9452","og_locale":"pt_BR","og_type":"article","og_title":"Relato de Moradora: Gentrifica\u00e7\u00e3o no Vidigal em Processo - RioOnWatch","og_description":"Click Here for English Da praia de Ipanema, eu via o morro onde nem eu e nem muitos cariocas hav\u00edamos subido. Era o ano de 2006 e eu precisava morar perto do meu local de [...]","og_url":"https:\/\/rioonwatch.org.br\/?p=9452","og_site_name":"RioOnWatch","article_published_time":"2014-01-19T22:43:21+00:00","article_modified_time":"2015-12-24T03:59:25+00:00","og_image":[{"width":300,"height":213,"url":"https:\/\/rioonwatch.org.br\/wp-content\/uploads\/2014\/01\/capagentanimal1.jpg","type":"image\/jpeg"}],"author":"Admin","twitter_card":"summary_large_image","twitter_misc":{"Escrito por":"Admin","Est. tempo de leitura":"3 minutos"},"schema":{"@context":"https:\/\/schema.org","@graph":[{"@type":"Article","@id":"https:\/\/rioonwatch.org.br\/?p=9452#article","isPartOf":{"@id":"https:\/\/rioonwatch.org.br\/?p=9452"},"author":{"name":"Admin","@id":"https:\/\/rioonwatch.org.br\/#\/schema\/person\/11d64c290506f9df50c71b850c473f68"},"headline":"Relato de Moradora: Gentrifica\u00e7\u00e3o no Vidigal em Processo","datePublished":"2014-01-19T22:43:21+00:00","dateModified":"2015-12-24T03:59:25+00:00","mainEntityOfPage":{"@id":"https:\/\/rioonwatch.org.br\/?p=9452"},"wordCount":542,"publisher":{"@id":"https:\/\/rioonwatch.org.br\/#organization"},"image":{"@id":"https:\/\/rioonwatch.org.br\/?p=9452#primaryimage"},"thumbnailUrl":"https:\/\/rioonwatch.org.br\/wp-content\/uploads\/2014\/01\/capagentanimal1.jpg","keywords":["cultura da favela","Direito \u00e0 Moradia","especula\u00e7\u00e3o imobili\u00e1ria","gentrifica\u00e7\u00e3o","Vidigal","Zona Sul"],"articleSection":["#OlhoNaGentrifica\u00e7\u00e3o","Den\u00fancias","Pol\u00edticas"],"inLanguage":"pt-BR"},{"@type":"WebPage","@id":"https:\/\/rioonwatch.org.br\/?p=9452","url":"https:\/\/rioonwatch.org.br\/?p=9452","name":"Relato de Moradora: Gentrifica\u00e7\u00e3o no Vidigal em Processo - RioOnWatch","isPartOf":{"@id":"https:\/\/rioonwatch.org.br\/#website"},"primaryImageOfPage":{"@id":"https:\/\/rioonwatch.org.br\/?p=9452#primaryimage"},"image":{"@id":"https:\/\/rioonwatch.org.br\/?p=9452#primaryimage"},"thumbnailUrl":"https:\/\/rioonwatch.org.br\/wp-content\/uploads\/2014\/01\/capagentanimal1.jpg","datePublished":"2014-01-19T22:43:21+00:00","dateModified":"2015-12-24T03:59:25+00:00","breadcrumb":{"@id":"https:\/\/rioonwatch.org.br\/?p=9452#breadcrumb"},"inLanguage":"pt-BR","potentialAction":[{"@type":"ReadAction","target":["https:\/\/rioonwatch.org.br\/?p=9452"]}]},{"@type":"ImageObject","inLanguage":"pt-BR","@id":"https:\/\/rioonwatch.org.br\/?p=9452#primaryimage","url":"https:\/\/rioonwatch.org.br\/wp-content\/uploads\/2014\/01\/capagentanimal1.jpg","contentUrl":"https:\/\/rioonwatch.org.br\/wp-content\/uploads\/2014\/01\/capagentanimal1.jpg","width":300,"height":213},{"@type":"BreadcrumbList","@id":"https:\/\/rioonwatch.org.br\/?p=9452#breadcrumb","itemListElement":[{"@type":"ListItem","position":1,"name":"In\u00edcio","item":"https:\/\/rioonwatch.org.br\/"},{"@type":"ListItem","position":2,"name":"Relato de Moradora: Gentrifica\u00e7\u00e3o no Vidigal em Processo"}]},{"@type":"WebSite","@id":"https:\/\/rioonwatch.org.br\/#website","url":"https:\/\/rioonwatch.org.br\/","name":"RioOnWatch","description":"relatos das favelas cariocas","publisher":{"@id":"https:\/\/rioonwatch.org.br\/#organization"},"potentialAction":[{"@type":"SearchAction","target":{"@type":"EntryPoint","urlTemplate":"https:\/\/rioonwatch.org.br\/?s={search_term_string}"},"query-input":{"@type":"PropertyValueSpecification","valueRequired":true,"valueName":"search_term_string"}}],"inLanguage":"pt-BR"},{"@type":"Organization","@id":"https:\/\/rioonwatch.org.br\/#organization","name":"RioOnWatch","url":"https:\/\/rioonwatch.org.br\/","logo":{"@type":"ImageObject","inLanguage":"pt-BR","@id":"https:\/\/rioonwatch.org.br\/#\/schema\/logo\/image\/","url":"https:\/\/rioonwatch.org.br\/wp-content\/uploads\/2021\/06\/RioOnWatchcabecalhoPT11anos-2.png","contentUrl":"https:\/\/rioonwatch.org.br\/wp-content\/uploads\/2021\/06\/RioOnWatchcabecalhoPT11anos-2.png","width":779,"height":277,"caption":"RioOnWatch"},"image":{"@id":"https:\/\/rioonwatch.org.br\/#\/schema\/logo\/image\/"}},{"@type":"Person","@id":"https:\/\/rioonwatch.org.br\/#\/schema\/person\/11d64c290506f9df50c71b850c473f68","name":"Admin","image":{"@type":"ImageObject","inLanguage":"pt-BR","@id":"https:\/\/rioonwatch.org.br\/#\/schema\/person\/image\/","url":"https:\/\/secure.gravatar.com\/avatar\/56211ac74568383903349a1485e3c325?s=96&d=blank&r=g","contentUrl":"https:\/\/secure.gravatar.com\/avatar\/56211ac74568383903349a1485e3c325?s=96&d=blank&r=g","caption":"Admin"},"url":"https:\/\/rioonwatch.org.br\/?author=129"}]}},"_links":{"self":[{"href":"https:\/\/rioonwatch.org.br\/index.php?rest_route=\/wp\/v2\/posts\/9452"}],"collection":[{"href":"https:\/\/rioonwatch.org.br\/index.php?rest_route=\/wp\/v2\/posts"}],"about":[{"href":"https:\/\/rioonwatch.org.br\/index.php?rest_route=\/wp\/v2\/types\/post"}],"author":[{"embeddable":true,"href":"https:\/\/rioonwatch.org.br\/index.php?rest_route=\/wp\/v2\/users\/129"}],"replies":[{"embeddable":true,"href":"https:\/\/rioonwatch.org.br\/index.php?rest_route=%2Fwp%2Fv2%2Fcomments&post=9452"}],"version-history":[{"count":67,"href":"https:\/\/rioonwatch.org.br\/index.php?rest_route=\/wp\/v2\/posts\/9452\/revisions"}],"predecessor-version":[{"id":17916,"href":"https:\/\/rioonwatch.org.br\/index.php?rest_route=\/wp\/v2\/posts\/9452\/revisions\/17916"}],"wp:featuredmedia":[{"embeddable":true,"href":"https:\/\/rioonwatch.org.br\/index.php?rest_route=\/wp\/v2\/media\/10081"}],"wp:attachment":[{"href":"https:\/\/rioonwatch.org.br\/index.php?rest_route=%2Fwp%2Fv2%2Fmedia&parent=9452"}],"wp:term":[{"taxonomy":"category","embeddable":true,"href":"https:\/\/rioonwatch.org.br\/index.php?rest_route=%2Fwp%2Fv2%2Fcategories&post=9452"},{"taxonomy":"post_tag","embeddable":true,"href":"https:\/\/rioonwatch.org.br\/index.php?rest_route=%2Fwp%2Fv2%2Ftags&post=9452"},{"taxonomy":"writer","embeddable":true,"href":"https:\/\/rioonwatch.org.br\/index.php?rest_route=%2Fwp%2Fv2%2Fwriter&post=9452"},{"taxonomy":"translator","embeddable":true,"href":"https:\/\/rioonwatch.org.br\/index.php?rest_route=%2Fwp%2Fv2%2Ftranslator&post=9452"},{"taxonomy":"source","embeddable":true,"href":"https:\/\/rioonwatch.org.br\/index.php?rest_route=%2Fwp%2Fv2%2Fsource&post=9452"},{"taxonomy":"ilustrador","embeddable":true,"href":"https:\/\/rioonwatch.org.br\/index.php?rest_route=%2Fwp%2Fv2%2Filustrador&post=9452"},{"taxonomy":"fotografo","embeddable":true,"href":"https:\/\/rioonwatch.org.br\/index.php?rest_route=%2Fwp%2Fv2%2Ffotografo&post=9452"}],"curies":[{"name":"wp","href":"https:\/\/api.w.org\/{rel}","templated":true}]}}