{"id":9471,"date":"2013-12-19T19:32:43","date_gmt":"2013-12-19T22:32:43","guid":{"rendered":"http:\/\/rioonwatch.org.br\/?p=9471"},"modified":"2017-12-16T13:37:25","modified_gmt":"2017-12-16T16:37:25","slug":"organizacoes-comunitarias-respondem-aos-desastres-das-chuvas-e-denunciam-obras-do-governo","status":"publish","type":"post","link":"https:\/\/rioonwatch.org.br\/?p=9471","title":{"rendered":"Organiza\u00e7\u00f5es Comunit\u00e1rias Respondem aos Desastres das Chuvas e Denunciam Obras do Governo"},"content":{"rendered":"<p style=\"text-align: right;\"><em><strong><a href=\"http:\/\/bit.ly\/1L0MAtd\" target=\"_blank\" rel=\"noopener noreferrer\">Click Here for English<img decoding=\"async\" width=\"20\" height=\"20\" class=\"alignright wp-image-15790\" src=\"http:\/\/rioonwatch.org.br\/wp-content\/uploads\/2012\/08\/EN-standard-e1439583104716.jpg\" alt=\"\" \/><\/a><\/strong><\/em><\/p>\n<p>Na quarta-feira, 11 de dezembro, <a href=\"http:\/\/bit.ly\/1kYRSrb\" target=\"_blank\" rel=\"noopener\">fortes chuvas<\/a> devastaram grande parte da regi\u00e3o metropolitana do Rio de Janeiro, os rios transbordaram, \u00e1reas foram inundadas completamente e deslizamentos de terra ocorreram em algumas encostas. Estima-se que pelo menos quatro pessoas morreram e cerca de 6.000 perderam suas casas e pertences. As \u00e1reas mais afetadas est\u00e3o localizadas na Zona Norte e na Baixada Fluminense, regi\u00f5es de baixa renda onde a aus\u00eancia hist\u00f3rica do Estado se fez sentir com os esfor\u00e7os de mobiliza\u00e7\u00e3o e assist\u00eancia das organiza\u00e7\u00f5es comunit\u00e1rias para apoiar os afetados, enquanto cr\u00edticas \u00e0s descoordenadas, contradit\u00f3rias e culp\u00e1veis a\u00e7\u00f5es do governo n\u00e3o faltam.<\/p>\n<p><a href=\"http:\/\/rioonwatch.org.br\/?attachment_id=12820\" rel=\"attachment wp-att-12820\"><img fetchpriority=\"high\" decoding=\"async\" class=\"wp-image-12820 size-content aligncenter\" title=\"Casas destru\u00eddas ap\u00f3s as chuvas da semana passada. Foto por Renato Moura\" src=\"http:\/\/rioonwatch.org.br\/wp-content\/uploads\/2014\/10\/Fela_Day_prep-620x264.gif\" alt=\"\" width=\"620\" height=\"264\" srcset=\"https:\/\/rioonwatch.org.br\/wp-content\/uploads\/2014\/10\/Fela_Day_prep-620x264.gif 620w, https:\/\/rioonwatch.org.br\/wp-content\/uploads\/2014\/10\/Fela_Day_prep-940x400.gif 940w\" sizes=\"(max-width: 620px) 100vw, 620px\" \/><\/a><\/p>\n<p>No <a href=\"http:\/\/bit.ly\/U0MiGm\" target=\"_blank\" rel=\"noopener\">Complexo do Alem\u00e3o<\/a>, um dos maiores complexos de favelas do Rio, com 13 comunidades e cerca de 120 mil habitantes, cerca de 400 fam\u00edlias ficaram desabrigadas na \u00faltima quarta-feira, devido aos deslizamentos ocorridos nas \u00e1reas de encosta provocados pelas chuvas torrenciais. Na situa\u00e7\u00e3o de crise das enchentes, \u00e1reas de alto risco, estruturas colapsadas, e centenas de moradores com nada e nenhum lugar para ir, as institui\u00e7\u00f5es locais&#8211;as associa\u00e7\u00f5es de moradores e as organiza\u00e7\u00f5es comunit\u00e1rias&#8211;responderam imediatamente \u00e0 situa\u00e7\u00e3o, formando uma rede coordenada de apoio.<\/p>\n<p>Moradores locais, ativistas, agentes comunit\u00e1rios de sa\u00fade e institui\u00e7\u00f5es locais, incluindo o <a href=\"http:\/\/bit.ly\/GUXh5D\" target=\"_blank\" rel=\"noopener\">Instituto Ra\u00edzes em Movimento<\/a>, <a href=\"http:\/\/bit.ly\/1a6n6vG\" target=\"_blank\" rel=\"noopener\">Ocupa Alem\u00e3o<\/a>, jornal <a href=\"http:\/\/bit.ly\/18u3bEe\" target=\"_blank\" rel=\"noopener\">Voz da Comunidade<\/a>, <a href=\"http:\/\/on.fb.me\/1cAUBCz\" target=\"_blank\" rel=\"noopener\">Realidade do Alem\u00e3o<\/a> e <a href=\"http:\/\/bit.ly\/18qCd1y\" target=\"_blank\" rel=\"noopener\">Verdejar<\/a>, se organizaram poucas horas depois do desastre para dar assist\u00eancia aos afetados, oferecendo apoio, pedindo e organizando doa\u00e7\u00f5es. Jo\u00e3o Silva, assistente social no Alem\u00e3o, explica: \u201cAs institui\u00e7\u00f5es que atuam dentro do Complexo do Alem\u00e3o est\u00e3o se organizando em rede. Quando chegam doa\u00e7\u00f5es a gente informa, atrav\u00e9s de um circuito de emails, \u00e0s outras institui\u00e7\u00f5es que est\u00e3o recebendo, que nos informam o que est\u00e1 faltando, e a gente envia para os parceiros a ajuda\u201d.<\/p>\n<p><a href=\"http:\/\/rioonwatch.org.br\/?attachment_id=12823\" rel=\"attachment wp-att-12823\"><img decoding=\"async\" class=\"wp-image-12823 size-full aligncenter\" title=\"O momento em que a casa desabou no Alem\u00e3o. Foto de Raul Santiago\" src=\"http:\/\/rioonwatch.org\/wp-content\/uploads\/2013\/12\/alema\u0303o-landslide-raul-santiago.jpg\" alt=\"\" width=\"363\" height=\"241\" \/><\/a><\/p>\n<p>Ao mesmo tempo em que se organiza internamente para receber e distribuir as doa\u00e7\u00f5es, as organiza\u00e7\u00f5es comunit\u00e1rias do Alem\u00e3o t\u00eam sido eficazes em documentar e comunicar a situa\u00e7\u00e3o em tempo real nas redes sociais. Em menos de 24 horas ap\u00f3s a chuva, lan\u00e7aram a p\u00e1gina do Facebook <a href=\"http:\/\/on.fb.me\/1eopAsD\" target=\"_blank\" rel=\"noopener\">Juntos Pelo Complexo do Alem\u00e3o<\/a> para \u201ccomunicar, pressionar, exigir e denunciar quest\u00f5es relativas \u00e0s chuvas dos \u00faltimos dias\u201d. A p\u00e1gina foi utilizada para documentar a situa\u00e7\u00e3o atual nas \u00e1reas afetadas e a situa\u00e7\u00e3o dos abrigados na esta\u00e7\u00e3o do telef\u00e9rico Palmeiras e Vila Ol\u00edmpica Carlos Castilho, para pedir apoio, doa\u00e7\u00f5es e exigir uma a\u00e7\u00e3o efetiva do governo. Na segunda-feira, 16 de dezembro, eles postaram: \u201cA realidade \u00e9 simples e cruel, temos pessoas em risco, temos pessoas desabrigadas, temos o descaso geral de nossos governantes, se n\u00e3o fosse a uni\u00e3o popular as coisas no Complexo do Alem\u00e3o estariam piores!\u201d.<\/p>\n<p><a href=\"http:\/\/rioonwatch.org.br\/?attachment_id=12826\" rel=\"attachment wp-att-12826\"><img loading=\"lazy\" decoding=\"async\" class=\"size-full wp-image-12826 aligncenter\" title=\"Volunt\u00e1rios do Juntos Pelo Complexo do Alem\u00e3o organizam doa\u00e7\u00f5es na Vila Ol\u00edmpica Carlos Castilho, onde as fam\u00edlias est\u00e3o abrigadas. Foto por Rene Silva\" src=\"http:\/\/rioonwatch.org\/wp-content\/uploads\/2013\/12\/volunteers-photo-rene-silva.jpg\" alt=\"\" width=\"363\" height=\"272\" \/><\/a><\/p>\n<p>Enquanto as institui\u00e7\u00f5es locais t\u00eam sido r\u00e1pidas e organizadas no apoio \u00e0s pessoas afetadas, de acordo com aqueles que est\u00e3o no local, a resposta oficial foi fragmentada, descoordenada e contradit\u00f3ria. Por exemplo, os representantes do Centro de Refer\u00eancia de Assist\u00eancia Social (CRAS) dizem que os afetados devem ficar em abrigos para poder ter o apoio dispon\u00edvel\u00a0do governo e estarem habilitados para a inscri\u00e7\u00e3o no aluguel social. Por outro lado, representantes da Defesa Civil municipal j\u00e1 haviam dito \u00e0s pessoas para ficarem com seus parentes ou voltar para as casas consideradas de risco e n\u00e3o ocuparem as \u00e1reas que servem como abrigos. Descrevendo a situa\u00e7\u00e3o, Silva comenta, \u201cAs secretarias que trabalham em situa\u00e7\u00f5es de crise n\u00e3o conseguem trabalhar de forma coordenada, juntas, em parcerias. No final das contas, isso prejudica muito as pessoas que est\u00e3o precisando de atendimento\u201d.<\/p>\n<p>Na \u00faltima quarta-feira, 18 de dezembro, Juntos Pelo Complexo do Alem\u00e3o lan\u00e7ou um apelo urgente solicitando o apoio da Defensoria P\u00fablica para aconselhar sobre esta situa\u00e7\u00e3o, em que as pessoas que ficaram nos abrigos tempor\u00e1rios est\u00e3o sendo pressionados a irem para a casa de parentes ou a voltar para moradias com as estruturas potencialmente inseguras, e para tamb\u00e9m orientar aqueles poucos que est\u00e3o come\u00e7ando a receber o aluguel social, sobre quanto tempo vai durar esta provis\u00e3o e qual ser\u00e1 a solu\u00e7\u00e3o definitiva.<\/p>\n<p><a href=\"http:\/\/rioonwatch.org.br\/?attachment_id=12829\" rel=\"attachment wp-att-12829\"><img loading=\"lazy\" decoding=\"async\" class=\"wp-image-12829 size-full aligncenter\" title=\"Atualmente cerca de 70 pessoas est\u00e3o abrigadas na Vila Ol\u00edmpica. Foto por Jo\u00e3o Lima\" src=\"http:\/\/rioonwatch.org\/wp-content\/uploads\/2013\/12\/vila-olimpica-joao-limaocupa-alemao.jpg\" alt=\"\" width=\"363\" height=\"240\" \/><\/a><\/p>\n<p>Juntamente com as cr\u00edticas sobre a resposta do governo \u00e0s chuvas, os moradores e as organiza\u00e7\u00f5es comunit\u00e1rias fizeram graves acusa\u00e7\u00f5es sobre a culpa do governo na trag\u00e9dia, afirmando que as obras do \u00e2mbito do <a href=\"http:\/\/bit.ly\/NnSmIP\" target=\"_blank\" rel=\"noopener\">PAC<\/a>\u00a0criaram, em vez de atenuar, as situa\u00e7\u00f5es de risco. De acordo com o coletivo local, Ocupa Alem\u00e3o, &#8220;a infraestrutura de muitas casas foi prejudicada por estas obras, que danificaram as partes do solo que come\u00e7aram a ceder. Moradores afirmaram que pediram que olhassem suas resid\u00eancias, mas os engenheiros se recusaram, pois tinham metas\u201d. Eles continuam citando que as ruas que no projeto do PAC est\u00e3o confirmadas como conclu\u00eddas sofreram deslizamentos de terra na semana passada.<\/p>\n<p>As acusa\u00e7\u00f5es de neglig\u00eancia do governo no agravamento, se n\u00e3o por causar diretamente, os piores efeitos das chuvas da semana passada n\u00e3o se limitam ao Complexo do Alem\u00e3o. Em Nova Igua\u00e7u, na baixada, cerca de 2.000 casas foram afetadas pelas chuvas, com a falta de saneamento, e sem a infraestrutura de drenagem das \u00e1guas e estradas mal constru\u00eddas, o governo foi responsabilizado pelos danos generalizados. De volta \u00e0 Zona Norte, o bairro de Jardim Am\u00e9rica inundou tr\u00eas vezes nos \u00faltimos tr\u00eas anos, incluindo na semana passada, quando 20 ruas estavam completamente submersas e uma pessoa morreu de choque el\u00e9trico. De acordo com o <a href=\"http:\/\/on.fb.me\/18X04pI\" target=\"_blank\" rel=\"noopener\">jornal local Liberdade de Express\u00e3o<\/a>, \u201cpara os moradores os vil\u00f5es da trag\u00e9dia tem nome: <a href=\"http:\/\/bit.ly\/14mlkmP\" target=\"_blank\" rel=\"noopener\">CEDAE<\/a> e Prefeitura. E exigem dos \u00f3rg\u00e3os p\u00fablicos explica\u00e7\u00f5es sobre as obras de saneamento e urbaniza\u00e7\u00e3o executadas no bairro, que deveriam melhorar o sistema de drenagem. Mas, ao contr\u00e1rio prejudicou o escoamento da \u00e1gua\u201d.<\/p>\n<p><a href=\"http:\/\/rioonwatch.org.br\/?attachment_id=12830\" rel=\"attachment wp-att-12830\"><img loading=\"lazy\" decoding=\"async\" class=\"size-full wp-image-12830 aligncenter\" title=\"Jardim Am\u00e9rica, 11 de dezembro de 2013\" src=\"http:\/\/rioonwatch.org\/wp-content\/uploads\/2013\/12\/jardim-america.jpg\" alt=\"\" width=\"363\" height=\"240\" \/><\/a><\/p>\n<p>Ap\u00f3s uma visita ao Complexo do Alem\u00e3o esta semana, o secret\u00e1rio municipal da Casa Civil, Paulo Pedro Carvalho, destacou \u00e0 <a href=\"http:\/\/bit.ly\/18z3lO3\" target=\"_blank\" rel=\"noopener\">Ag\u00eancia Brasil<\/a> que os investimentos de infraestrutura foram feitos desde as <a href=\"http:\/\/bit.ly\/1bf6ays\" target=\"_blank\" rel=\"noopener\">chuvas tr\u00e1gicas de 2010<\/a>, para evitar danos e drenar os rios, mas negou que era poss\u00edvel conter a situa\u00e7\u00e3o, dizendo que: \u201c[O Rio]\u00a0\u00e9 uma cidade que tem, evidentemente, transtornos por conta das chuvas todo ano&#8230;N\u00e3o adianta a gente imaginar que vai ter chuva e que n\u00e3o vai encher a cidade, que n\u00e3o vai ter transtorno na cidade. Ter\u00e3o. Quem acha que n\u00f3s vamos chegar num ponto que n\u00e3o teremos transtornos, esquece\u201d.<\/p>\n<p>Considerar os problemas causados pelas chuvas no Rio de Janeiro como inevit\u00e1veis e insol\u00faveis \u00e9 profundamente preocupante, uma vez que os moradores de bairros afetados em toda a cidade e os especialistas t\u00e9cnicos citam a m\u00e1 gest\u00e3o de obras p\u00fablicas, sem a participa\u00e7\u00e3o p\u00fablica, como uma das principais causas de enchentes e deslizamentos de terra. Em uma tentativa de comunicar isso para as autoridades, moradores de Vig\u00e1rio Geral, Jardim Am\u00e9rica, Manguinhos e Complexo do Alem\u00e3o, todos gravemente afetados pelas chuvas da semana passada, v\u00e3o se reunir hoje para <a href=\"http:\/\/on.fb.me\/18RD1JI\" target=\"_blank\" rel=\"noopener\">protestar e entregar uma documenta\u00e7\u00e3o<\/a>, v\u00eddeos e fotos que comprovam os danos sofridos pelas obras mal executadas, ao <a href=\"http:\/\/bit.ly\/IVzCmF\" target=\"_blank\" rel=\"noopener\">Comit\u00ea da Bacia da Ba\u00eda de Guanabara<\/a>. Supervisionado pela CEDAE e composta com integrantes do governo municipal e estadual, a miss\u00e3o do comit\u00ea \u00e9: \u201cIntegrar os esfor\u00e7os do poder p\u00fablico, dos usu\u00e1rios e da sociedade civil, para solu\u00e7\u00f5es regionais de prote\u00e7\u00e3o, conserva\u00e7\u00e3o e recupera\u00e7\u00e3o dos corpos de \u00e1gua\u201d. Ao entregar a documenta\u00e7\u00e3o ao comit\u00ea, os moradores de \u00e1reas afetadas exigir\u00e3o a participa\u00e7\u00e3o em todas as fases nas obras de habita\u00e7\u00e3o e saneamento.<\/p>\n<p>Entretanto, para os milhares em todo Rio que perderam casas e pertences, o futuro permanece incerto, pois continuam a depender de doa\u00e7\u00f5es e os incans\u00e1veis esfor\u00e7os coordenados, de organiza\u00e7\u00f5es comunit\u00e1rias e redes.<\/p>\n<p>Por favor, ajude as organiza\u00e7\u00f5es do\u00a0Alem\u00e3o providenciar os materiais necess\u00e1rios para que possam atender \u00e0s pessoas atingidas, fazendo sua doa\u00e7\u00e3o para:<\/p>\n<p><a href=\"http:\/\/bit.ly\/GUXh5D\" target=\"_blank\" rel=\"noopener\">Instituto Ra\u00edzes em Movimento<\/a> &#8211;\u00a0(21) 2260-3998<\/p>\n<p>Voc\u00ea tamb\u00e9m pode ajudar atrav\u00e9s da p\u00e1gina\u00a0<a href=\"http:\/\/on.fb.me\/1eopAsD\" target=\"_blank\" rel=\"noopener\">Juntos Pelo Complexo do Alem\u00e3o<\/a><\/p>\n<!-- AddThis Advanced Settings generic via filter on the_content --><!-- AddThis Share Buttons generic via filter on the_content -->","protected":false},"excerpt":{"rendered":"<div class=\"mh-excerpt\"><p>Click Here for English Na quarta-feira, 11 de dezembro, fortes chuvas devastaram grande parte da regi\u00e3o metropolitana do Rio de Janeiro, os rios transbordaram, \u00e1reas foram inundadas completamente e deslizamentos de terra ocorreram em algumas <a class=\"mh-excerpt-more\" href=\"https:\/\/rioonwatch.org.br\/?p=9471\" title=\"Organiza\u00e7\u00f5es Comunit\u00e1rias Respondem aos Desastres das Chuvas e Denunciam Obras do Governo\">[&#8230;]<\/a><!-- AddThis Advanced Settings generic via filter on get_the_excerpt --><!-- AddThis Share Buttons generic via filter on get_the_excerpt --><\/p>\n<\/div>","protected":false},"author":129,"featured_media":30189,"comment_status":"closed","ping_status":"closed","sticky":false,"template":"","format":"standard","meta":{"_acf_changed":false,"_monsterinsights_skip_tracking":false,"_monsterinsights_sitenote_active":false,"_monsterinsights_sitenote_note":"","_monsterinsights_sitenote_category":0,"footnotes":""},"categories":[346,344,342],"tags":[592,959,620,11,217,965,960,636,417,961,664,358,36,1517,427,964,492,476,429,963,2003,218],"writer":[402],"translator":[273],"source":[],"ilustrador":[],"fotografo":[],"class_list":{"0":"post-9471","1":"post","2":"type-post","3":"status-publish","4":"format-standard","5":"has-post-thumbnail","7":"category-denuncias","8":"category-politicas","9":"category-solucoes","10":"tag-acari","11":"tag-baixada-fluminense","12":"tag-cedae","13":"tag-chuvas","14":"tag-complexo-do-alemao","15":"tag-enchente","16":"tag-jardim-america","17":"tag-manguinhos","18":"tag-negligencia-do-estado","19":"tag-nova-iguacu","20":"tag-ocupa-alemao","21":"tag-organizacao-comunitaria","22":"tag-pac","23":"tag-raizes-em-movimento","24":"tag-risco-de-deslizamento","25":"tag-risco-de-enchente","26":"tag-saneamento","27":"tag-solucao-comunitaria","28":"tag-verdejar","29":"tag-vigario-geral","30":"tag-voz-das-comunidades","31":"tag-zona-norte","32":"writer-felicity-clarke","33":"translator-roseli-franco"},"acf":[],"yoast_head":"<!-- This site is optimized with the Yoast SEO plugin v25.6 - https:\/\/yoast.com\/wordpress\/plugins\/seo\/ -->\n<title>Organiza\u00e7\u00f5es Comunit\u00e1rias Respondem aos Desastres das Chuvas e Denunciam Obras do Governo - RioOnWatch<\/title>\n<meta name=\"robots\" content=\"index, follow, max-snippet:-1, max-image-preview:large, max-video-preview:-1\" \/>\n<link rel=\"canonical\" href=\"https:\/\/rioonwatch.org.br\/?p=9471\" \/>\n<meta property=\"og:locale\" content=\"pt_BR\" \/>\n<meta property=\"og:type\" content=\"article\" \/>\n<meta property=\"og:title\" content=\"Organiza\u00e7\u00f5es Comunit\u00e1rias Respondem aos Desastres das Chuvas e Denunciam Obras do Governo - RioOnWatch\" \/>\n<meta property=\"og:description\" content=\"Click Here for English Na quarta-feira, 11 de dezembro, fortes chuvas devastaram grande parte da regi\u00e3o metropolitana do Rio de Janeiro, os rios transbordaram, \u00e1reas foram inundadas completamente e deslizamentos de terra ocorreram em algumas [...]\" \/>\n<meta property=\"og:url\" content=\"https:\/\/rioonwatch.org.br\/?p=9471\" \/>\n<meta property=\"og:site_name\" content=\"RioOnWatch\" \/>\n<meta property=\"article:published_time\" content=\"2013-12-19T22:32:43+00:00\" \/>\n<meta property=\"article:modified_time\" content=\"2017-12-16T16:37:25+00:00\" \/>\n<meta property=\"og:image\" content=\"https:\/\/rioonwatch.org.br\/wp-content\/uploads\/2013\/12\/alema\u0303o-landslide-renato-moura.jpg\" \/>\n\t<meta property=\"og:image:width\" content=\"960\" \/>\n\t<meta property=\"og:image:height\" content=\"640\" \/>\n\t<meta property=\"og:image:type\" content=\"image\/jpeg\" \/>\n<meta name=\"author\" content=\"Admin\" \/>\n<meta name=\"twitter:card\" content=\"summary_large_image\" \/>\n<meta name=\"twitter:label1\" content=\"Escrito por\" \/>\n\t<meta name=\"twitter:data1\" content=\"Admin\" \/>\n\t<meta name=\"twitter:label2\" content=\"Est. tempo de leitura\" \/>\n\t<meta name=\"twitter:data2\" content=\"7 minutos\" \/>\n<script type=\"application\/ld+json\" class=\"yoast-schema-graph\">{\"@context\":\"https:\/\/schema.org\",\"@graph\":[{\"@type\":\"Article\",\"@id\":\"https:\/\/rioonwatch.org.br\/?p=9471#article\",\"isPartOf\":{\"@id\":\"https:\/\/rioonwatch.org.br\/?p=9471\"},\"author\":{\"name\":\"Admin\",\"@id\":\"https:\/\/rioonwatch.org.br\/#\/schema\/person\/11d64c290506f9df50c71b850c473f68\"},\"headline\":\"Organiza\u00e7\u00f5es Comunit\u00e1rias Respondem aos Desastres das Chuvas e Denunciam Obras do Governo\",\"datePublished\":\"2013-12-19T22:32:43+00:00\",\"dateModified\":\"2017-12-16T16:37:25+00:00\",\"mainEntityOfPage\":{\"@id\":\"https:\/\/rioonwatch.org.br\/?p=9471\"},\"wordCount\":1433,\"publisher\":{\"@id\":\"https:\/\/rioonwatch.org.br\/#organization\"},\"image\":{\"@id\":\"https:\/\/rioonwatch.org.br\/?p=9471#primaryimage\"},\"thumbnailUrl\":\"https:\/\/rioonwatch.org.br\/wp-content\/uploads\/2013\/12\/alema\u0303o-landslide-renato-moura.jpg\",\"keywords\":[\"Acari\",\"Baixada Fluminense\",\"CEDAE\",\"chuvas\",\"Complexo do Alem\u00e3o\",\"enchente\",\"Jardim Am\u00e9rica\",\"Manguinhos\",\"Neglig\u00eancia do Estado\",\"Nova Igua\u00e7u\",\"Ocupa Alem\u00e3o\",\"organiza\u00e7\u00e3o comunit\u00e1ria\",\"PAC\",\"Ra\u00edzes em Movimento\",\"risco de deslizamento\",\"risco de enchente\",\"saneamento\",\"solu\u00e7\u00e3o comunit\u00e1ria\",\"Verdejar\",\"Vig\u00e1rio Geral\",\"Voz das Comunidades\",\"Zona Norte\"],\"articleSection\":[\"Den\u00fancias\",\"Pol\u00edticas\",\"Solu\u00e7\u00f5es\"],\"inLanguage\":\"pt-BR\"},{\"@type\":\"WebPage\",\"@id\":\"https:\/\/rioonwatch.org.br\/?p=9471\",\"url\":\"https:\/\/rioonwatch.org.br\/?p=9471\",\"name\":\"Organiza\u00e7\u00f5es Comunit\u00e1rias Respondem aos Desastres das Chuvas e Denunciam Obras do Governo - RioOnWatch\",\"isPartOf\":{\"@id\":\"https:\/\/rioonwatch.org.br\/#website\"},\"primaryImageOfPage\":{\"@id\":\"https:\/\/rioonwatch.org.br\/?p=9471#primaryimage\"},\"image\":{\"@id\":\"https:\/\/rioonwatch.org.br\/?p=9471#primaryimage\"},\"thumbnailUrl\":\"https:\/\/rioonwatch.org.br\/wp-content\/uploads\/2013\/12\/alema\u0303o-landslide-renato-moura.jpg\",\"datePublished\":\"2013-12-19T22:32:43+00:00\",\"dateModified\":\"2017-12-16T16:37:25+00:00\",\"breadcrumb\":{\"@id\":\"https:\/\/rioonwatch.org.br\/?p=9471#breadcrumb\"},\"inLanguage\":\"pt-BR\",\"potentialAction\":[{\"@type\":\"ReadAction\",\"target\":[\"https:\/\/rioonwatch.org.br\/?p=9471\"]}]},{\"@type\":\"ImageObject\",\"inLanguage\":\"pt-BR\",\"@id\":\"https:\/\/rioonwatch.org.br\/?p=9471#primaryimage\",\"url\":\"https:\/\/rioonwatch.org.br\/wp-content\/uploads\/2013\/12\/alema\u0303o-landslide-renato-moura.jpg\",\"contentUrl\":\"https:\/\/rioonwatch.org.br\/wp-content\/uploads\/2013\/12\/alema\u0303o-landslide-renato-moura.jpg\",\"width\":960,\"height\":640},{\"@type\":\"BreadcrumbList\",\"@id\":\"https:\/\/rioonwatch.org.br\/?p=9471#breadcrumb\",\"itemListElement\":[{\"@type\":\"ListItem\",\"position\":1,\"name\":\"In\u00edcio\",\"item\":\"https:\/\/rioonwatch.org.br\/\"},{\"@type\":\"ListItem\",\"position\":2,\"name\":\"Organiza\u00e7\u00f5es Comunit\u00e1rias Respondem aos Desastres das Chuvas e Denunciam Obras do Governo\"}]},{\"@type\":\"WebSite\",\"@id\":\"https:\/\/rioonwatch.org.br\/#website\",\"url\":\"https:\/\/rioonwatch.org.br\/\",\"name\":\"RioOnWatch\",\"description\":\"relatos das favelas cariocas\",\"publisher\":{\"@id\":\"https:\/\/rioonwatch.org.br\/#organization\"},\"potentialAction\":[{\"@type\":\"SearchAction\",\"target\":{\"@type\":\"EntryPoint\",\"urlTemplate\":\"https:\/\/rioonwatch.org.br\/?s={search_term_string}\"},\"query-input\":{\"@type\":\"PropertyValueSpecification\",\"valueRequired\":true,\"valueName\":\"search_term_string\"}}],\"inLanguage\":\"pt-BR\"},{\"@type\":\"Organization\",\"@id\":\"https:\/\/rioonwatch.org.br\/#organization\",\"name\":\"RioOnWatch\",\"url\":\"https:\/\/rioonwatch.org.br\/\",\"logo\":{\"@type\":\"ImageObject\",\"inLanguage\":\"pt-BR\",\"@id\":\"https:\/\/rioonwatch.org.br\/#\/schema\/logo\/image\/\",\"url\":\"https:\/\/rioonwatch.org.br\/wp-content\/uploads\/2021\/06\/RioOnWatchcabecalhoPT11anos-2.png\",\"contentUrl\":\"https:\/\/rioonwatch.org.br\/wp-content\/uploads\/2021\/06\/RioOnWatchcabecalhoPT11anos-2.png\",\"width\":779,\"height\":277,\"caption\":\"RioOnWatch\"},\"image\":{\"@id\":\"https:\/\/rioonwatch.org.br\/#\/schema\/logo\/image\/\"}},{\"@type\":\"Person\",\"@id\":\"https:\/\/rioonwatch.org.br\/#\/schema\/person\/11d64c290506f9df50c71b850c473f68\",\"name\":\"Admin\",\"image\":{\"@type\":\"ImageObject\",\"inLanguage\":\"pt-BR\",\"@id\":\"https:\/\/rioonwatch.org.br\/#\/schema\/person\/image\/\",\"url\":\"https:\/\/secure.gravatar.com\/avatar\/56211ac74568383903349a1485e3c325?s=96&d=blank&r=g\",\"contentUrl\":\"https:\/\/secure.gravatar.com\/avatar\/56211ac74568383903349a1485e3c325?s=96&d=blank&r=g\",\"caption\":\"Admin\"},\"url\":\"https:\/\/rioonwatch.org.br\/?author=129\"}]}<\/script>\n<!-- \/ Yoast SEO plugin. -->","yoast_head_json":{"title":"Organiza\u00e7\u00f5es Comunit\u00e1rias Respondem aos Desastres das Chuvas e Denunciam Obras do Governo - RioOnWatch","robots":{"index":"index","follow":"follow","max-snippet":"max-snippet:-1","max-image-preview":"max-image-preview:large","max-video-preview":"max-video-preview:-1"},"canonical":"https:\/\/rioonwatch.org.br\/?p=9471","og_locale":"pt_BR","og_type":"article","og_title":"Organiza\u00e7\u00f5es Comunit\u00e1rias Respondem aos Desastres das Chuvas e Denunciam Obras do Governo - RioOnWatch","og_description":"Click Here for English Na quarta-feira, 11 de dezembro, fortes chuvas devastaram grande parte da regi\u00e3o metropolitana do Rio de Janeiro, os rios transbordaram, \u00e1reas foram inundadas completamente e deslizamentos de terra ocorreram em algumas [...]","og_url":"https:\/\/rioonwatch.org.br\/?p=9471","og_site_name":"RioOnWatch","article_published_time":"2013-12-19T22:32:43+00:00","article_modified_time":"2017-12-16T16:37:25+00:00","og_image":[{"width":960,"height":640,"url":"https:\/\/rioonwatch.org.br\/wp-content\/uploads\/2013\/12\/alema\u0303o-landslide-renato-moura.jpg","type":"image\/jpeg"}],"author":"Admin","twitter_card":"summary_large_image","twitter_misc":{"Escrito por":"Admin","Est. tempo de leitura":"7 minutos"},"schema":{"@context":"https:\/\/schema.org","@graph":[{"@type":"Article","@id":"https:\/\/rioonwatch.org.br\/?p=9471#article","isPartOf":{"@id":"https:\/\/rioonwatch.org.br\/?p=9471"},"author":{"name":"Admin","@id":"https:\/\/rioonwatch.org.br\/#\/schema\/person\/11d64c290506f9df50c71b850c473f68"},"headline":"Organiza\u00e7\u00f5es Comunit\u00e1rias Respondem aos Desastres das Chuvas e Denunciam Obras do Governo","datePublished":"2013-12-19T22:32:43+00:00","dateModified":"2017-12-16T16:37:25+00:00","mainEntityOfPage":{"@id":"https:\/\/rioonwatch.org.br\/?p=9471"},"wordCount":1433,"publisher":{"@id":"https:\/\/rioonwatch.org.br\/#organization"},"image":{"@id":"https:\/\/rioonwatch.org.br\/?p=9471#primaryimage"},"thumbnailUrl":"https:\/\/rioonwatch.org.br\/wp-content\/uploads\/2013\/12\/alema\u0303o-landslide-renato-moura.jpg","keywords":["Acari","Baixada Fluminense","CEDAE","chuvas","Complexo do Alem\u00e3o","enchente","Jardim Am\u00e9rica","Manguinhos","Neglig\u00eancia do Estado","Nova Igua\u00e7u","Ocupa Alem\u00e3o","organiza\u00e7\u00e3o comunit\u00e1ria","PAC","Ra\u00edzes em Movimento","risco de deslizamento","risco de enchente","saneamento","solu\u00e7\u00e3o comunit\u00e1ria","Verdejar","Vig\u00e1rio Geral","Voz das Comunidades","Zona Norte"],"articleSection":["Den\u00fancias","Pol\u00edticas","Solu\u00e7\u00f5es"],"inLanguage":"pt-BR"},{"@type":"WebPage","@id":"https:\/\/rioonwatch.org.br\/?p=9471","url":"https:\/\/rioonwatch.org.br\/?p=9471","name":"Organiza\u00e7\u00f5es Comunit\u00e1rias Respondem aos Desastres das Chuvas e Denunciam Obras do Governo - RioOnWatch","isPartOf":{"@id":"https:\/\/rioonwatch.org.br\/#website"},"primaryImageOfPage":{"@id":"https:\/\/rioonwatch.org.br\/?p=9471#primaryimage"},"image":{"@id":"https:\/\/rioonwatch.org.br\/?p=9471#primaryimage"},"thumbnailUrl":"https:\/\/rioonwatch.org.br\/wp-content\/uploads\/2013\/12\/alema\u0303o-landslide-renato-moura.jpg","datePublished":"2013-12-19T22:32:43+00:00","dateModified":"2017-12-16T16:37:25+00:00","breadcrumb":{"@id":"https:\/\/rioonwatch.org.br\/?p=9471#breadcrumb"},"inLanguage":"pt-BR","potentialAction":[{"@type":"ReadAction","target":["https:\/\/rioonwatch.org.br\/?p=9471"]}]},{"@type":"ImageObject","inLanguage":"pt-BR","@id":"https:\/\/rioonwatch.org.br\/?p=9471#primaryimage","url":"https:\/\/rioonwatch.org.br\/wp-content\/uploads\/2013\/12\/alema\u0303o-landslide-renato-moura.jpg","contentUrl":"https:\/\/rioonwatch.org.br\/wp-content\/uploads\/2013\/12\/alema\u0303o-landslide-renato-moura.jpg","width":960,"height":640},{"@type":"BreadcrumbList","@id":"https:\/\/rioonwatch.org.br\/?p=9471#breadcrumb","itemListElement":[{"@type":"ListItem","position":1,"name":"In\u00edcio","item":"https:\/\/rioonwatch.org.br\/"},{"@type":"ListItem","position":2,"name":"Organiza\u00e7\u00f5es Comunit\u00e1rias Respondem aos Desastres das Chuvas e Denunciam Obras do Governo"}]},{"@type":"WebSite","@id":"https:\/\/rioonwatch.org.br\/#website","url":"https:\/\/rioonwatch.org.br\/","name":"RioOnWatch","description":"relatos das favelas cariocas","publisher":{"@id":"https:\/\/rioonwatch.org.br\/#organization"},"potentialAction":[{"@type":"SearchAction","target":{"@type":"EntryPoint","urlTemplate":"https:\/\/rioonwatch.org.br\/?s={search_term_string}"},"query-input":{"@type":"PropertyValueSpecification","valueRequired":true,"valueName":"search_term_string"}}],"inLanguage":"pt-BR"},{"@type":"Organization","@id":"https:\/\/rioonwatch.org.br\/#organization","name":"RioOnWatch","url":"https:\/\/rioonwatch.org.br\/","logo":{"@type":"ImageObject","inLanguage":"pt-BR","@id":"https:\/\/rioonwatch.org.br\/#\/schema\/logo\/image\/","url":"https:\/\/rioonwatch.org.br\/wp-content\/uploads\/2021\/06\/RioOnWatchcabecalhoPT11anos-2.png","contentUrl":"https:\/\/rioonwatch.org.br\/wp-content\/uploads\/2021\/06\/RioOnWatchcabecalhoPT11anos-2.png","width":779,"height":277,"caption":"RioOnWatch"},"image":{"@id":"https:\/\/rioonwatch.org.br\/#\/schema\/logo\/image\/"}},{"@type":"Person","@id":"https:\/\/rioonwatch.org.br\/#\/schema\/person\/11d64c290506f9df50c71b850c473f68","name":"Admin","image":{"@type":"ImageObject","inLanguage":"pt-BR","@id":"https:\/\/rioonwatch.org.br\/#\/schema\/person\/image\/","url":"https:\/\/secure.gravatar.com\/avatar\/56211ac74568383903349a1485e3c325?s=96&d=blank&r=g","contentUrl":"https:\/\/secure.gravatar.com\/avatar\/56211ac74568383903349a1485e3c325?s=96&d=blank&r=g","caption":"Admin"},"url":"https:\/\/rioonwatch.org.br\/?author=129"}]}},"_links":{"self":[{"href":"https:\/\/rioonwatch.org.br\/index.php?rest_route=\/wp\/v2\/posts\/9471"}],"collection":[{"href":"https:\/\/rioonwatch.org.br\/index.php?rest_route=\/wp\/v2\/posts"}],"about":[{"href":"https:\/\/rioonwatch.org.br\/index.php?rest_route=\/wp\/v2\/types\/post"}],"author":[{"embeddable":true,"href":"https:\/\/rioonwatch.org.br\/index.php?rest_route=\/wp\/v2\/users\/129"}],"replies":[{"embeddable":true,"href":"https:\/\/rioonwatch.org.br\/index.php?rest_route=%2Fwp%2Fv2%2Fcomments&post=9471"}],"version-history":[{"count":106,"href":"https:\/\/rioonwatch.org.br\/index.php?rest_route=\/wp\/v2\/posts\/9471\/revisions"}],"predecessor-version":[{"id":30190,"href":"https:\/\/rioonwatch.org.br\/index.php?rest_route=\/wp\/v2\/posts\/9471\/revisions\/30190"}],"wp:featuredmedia":[{"embeddable":true,"href":"https:\/\/rioonwatch.org.br\/index.php?rest_route=\/wp\/v2\/media\/30189"}],"wp:attachment":[{"href":"https:\/\/rioonwatch.org.br\/index.php?rest_route=%2Fwp%2Fv2%2Fmedia&parent=9471"}],"wp:term":[{"taxonomy":"category","embeddable":true,"href":"https:\/\/rioonwatch.org.br\/index.php?rest_route=%2Fwp%2Fv2%2Fcategories&post=9471"},{"taxonomy":"post_tag","embeddable":true,"href":"https:\/\/rioonwatch.org.br\/index.php?rest_route=%2Fwp%2Fv2%2Ftags&post=9471"},{"taxonomy":"writer","embeddable":true,"href":"https:\/\/rioonwatch.org.br\/index.php?rest_route=%2Fwp%2Fv2%2Fwriter&post=9471"},{"taxonomy":"translator","embeddable":true,"href":"https:\/\/rioonwatch.org.br\/index.php?rest_route=%2Fwp%2Fv2%2Ftranslator&post=9471"},{"taxonomy":"source","embeddable":true,"href":"https:\/\/rioonwatch.org.br\/index.php?rest_route=%2Fwp%2Fv2%2Fsource&post=9471"},{"taxonomy":"ilustrador","embeddable":true,"href":"https:\/\/rioonwatch.org.br\/index.php?rest_route=%2Fwp%2Fv2%2Filustrador&post=9471"},{"taxonomy":"fotografo","embeddable":true,"href":"https:\/\/rioonwatch.org.br\/index.php?rest_route=%2Fwp%2Fv2%2Ffotografo&post=9471"}],"curies":[{"name":"wp","href":"https:\/\/api.w.org\/{rel}","templated":true}]}}