{"id":9573,"date":"2013-12-30T11:18:22","date_gmt":"2013-12-30T14:18:22","guid":{"rendered":"http:\/\/rioonwatch.org.br\/?p=9573"},"modified":"2017-08-29T15:41:51","modified_gmt":"2017-08-29T18:41:51","slug":"periodo-de-chuvas-no-rio-riscos-e-responsabilidades","status":"publish","type":"post","link":"https:\/\/rioonwatch.org.br\/?p=9573","title":{"rendered":"Per\u00edodo de Chuvas no Rio: Riscos e Responsabilidades"},"content":{"rendered":"<p style=\"text-align: right;\"><em><strong><a href=\"http:\/\/bit.ly\/1Q0FaMT\" target=\"_blank\" rel=\"noopener noreferrer\">Click Here for English<img decoding=\"async\" width=\"20\" height=\"20\" class=\"alignright wp-image-15790\" src=\"http:\/\/rioonwatch.org.br\/wp-content\/uploads\/2012\/08\/EN-standard-e1439583104716.jpg\" alt=\"\" \/><\/a><\/strong><\/em><\/p>\n<p>O per\u00edodo cr\u00edtico para poss\u00edveis deslizamentos em encostas est\u00e1 apenas come\u00e7ando. Ao contr\u00e1rio das enchentes, que se desenvolvem imediatamente quando h\u00e1 uma precipita\u00e7\u00e3o pluviom\u00e9trica muito grande, os deslizamentos dependem em geral de um processo um pouco mais lento, onde o fator determinante \u00e9 o n\u00edvel de satura\u00e7\u00e3o (encharcamento) do solo. <a href=\"http:\/\/bit.ly\/1gS5WWb\" target=\"_blank\" rel=\"noopener\">As casas que neste m\u00eas se romperam<\/a>, no <a href=\"http:\/\/bit.ly\/U0MiGm\" target=\"_blank\" rel=\"noopener\">Complexo do \u00a0Alem\u00e3o<\/a>, \u00a0basicamente por fragilidade construtiva, n\u00e3o parece que houve grande movimento de solo, ainda. Quando chove bastante por v\u00e1rias horas ou dias, a \u00e1gua se infiltra no solo com uma velocidade maior do que sai do solo, por percola\u00e7\u00e3o (escoamento dentro do solo) ou evapora\u00e7\u00e3o. A resist\u00eancia mec\u00e2nica do solo diminui bastante com a satura\u00e7\u00e3o, e da\u00ed surge a possibilidade de rupturas. Ent\u00e3o, o deslizamento pode acontecer dias depois do in\u00edcio das chuvas, mesmo numa hora em que a chuva seja fraca ou mesmo n\u00e3o esteja chovendo.<\/p>\n<p>Todos os dias posteriores a um per\u00edodo de chuvas intensas e anteriores a um per\u00edodo prolongado de tempo bom, portanto, s\u00e3o dias perigosos e de risco. Segundo declara\u00e7\u00f5es que ouvi de t\u00e9cnicos da prefeitura e an\u00fancios de licita\u00e7\u00f5es na imprensa,\u00a0<a href=\"http:\/\/bit.ly\/18HZi1Y\" target=\"_blank\" rel=\"noopener\">as sirenes que a prefeitura instalou<\/a> em v\u00e1rias favelas s\u00e3o disparadas por pluvi\u00f4metros (que medem o volume de chuva) e n\u00e3o por piez\u00f4metros (que medem o n\u00edvel de \u00e1gua no solo) ou por uma combina\u00e7\u00e3o pluvi\u00f4metros\/piez\u00f4metros, o que seria o ideal. O que quer dizer que, mesmo se a sirene n\u00e3o toque, o risco ainda pode existir devido \u00e0 satura\u00e7\u00e3o do solo. Ent\u00e3o a regra geral \u00e9 ter muita aten\u00e7\u00e3o por alguns dias durante e depois de um per\u00edodo chuvoso, at\u00e9 que alguns dias de sol &#8220;sequem&#8221; o solo.<\/p>\n<p>Os cuidados s\u00e3o, basicamente, ficar observando \u00e1reas mais cr\u00edticas das favelas, e evacuar provisoriamente as casas das \u00e1reas mais problem\u00e1ticas. Nas muitas vistorias que fizemos em v\u00e1rias comunidades desde 2010, apontamos v\u00e1rias casas e \u00e1reas que estariam nessa situa\u00e7\u00e3o, e muitas dessas observa\u00e7\u00f5es est\u00e3o nos relat\u00f3rios que emitimos. De comunidades onde n\u00e3o fiz nenhum relat\u00f3rio mais detalhado, lembro de situa\u00e7\u00f5es particularmente cr\u00edticas no <a href=\"http:\/\/bit.ly\/1gZcqDj\" target=\"_blank\" rel=\"noopener\">Fogueteiro<\/a> e no Guararapes.<\/p>\n<p>Mas, al\u00e9m dos cuidados, penso que devemos lembrar e denunciar que, tamb\u00e9m a partir de nossas visitas e vistorias, indicamos diversos pontos onde an\u00e1lises, projetos e obras seriam necess\u00e1rios, em v\u00e1rias favelas. Com exce\u00e7\u00e3o de dois pontos no <a href=\"http:\/\/bit.ly\/1eAan7M\" target=\"_blank\" rel=\"noopener\">Morro dos Prazeres<\/a> e talvez alguma coisa no <a href=\"http:\/\/bit.ly\/1bGQPcu\" target=\"_blank\" rel=\"noopener\">Laboriaux<\/a>,<strong>\u00a0<\/strong>segundo informa\u00e7\u00f5es colhidas nas pr\u00f3prias comunidades, a Prefeitura n\u00e3o fez nada a partir dessas recomenda\u00e7\u00f5es, desta maneira contribuindo decisivamente para a persist\u00eancia do risco tanto em \u00e1reas de encostas como em \u00e1reas inund\u00e1veis, como \u00e9 o caso do <a href=\"http:\/\/bit.ly\/1hzeAGx\" target=\"_blank\" rel=\"noopener\">Parque Columbia<\/a>, em particular a \u00e1rea da<strong>\u00a0<\/strong>Rua Idelfonso Falc\u00e3o, a qual segundo not\u00edcias da imprensa voltou a inundar no dia 11 de dezembro. E, se isso vale como amostragem, o que parece ser o caso, ent\u00e3o tal conduta irrespons\u00e1vel deve ser generalizada para todas as favelas do Rio, e com certeza o mesmo se aplica \u00e0s prefeituras da regi\u00e3o metropolitana, serrana, etc.<\/p>\n<p style=\"text-align: left;\">As prefeituras (e o governo estadual tamb\u00e9m) repetem assim, desde 2010, a atitude de descaso que denunciamos em 2010. Naquela \u00e9poca, em v\u00e1rias palestras e oficinas (inclusive uma no Clube de Engenharia e outra na PUC), mostrei por exemplo, o dado revelado pelo gr\u00e1fico abaixo:<a href=\"http:\/\/rioonwatch.org.br\/?attachment_id=9720\" rel=\"attachment wp-att-9720\"><img fetchpriority=\"high\" decoding=\"async\" class=\"size-full wp-image-9720 aligncenter\" title=\"obras georio 1993-2008 -2\" src=\"http:\/\/rioonwatch.org.br\/wp-content\/uploads\/2013\/12\/obras-georio-1993-2008-2.jpg\" alt=\"\" width=\"598\" height=\"364\" srcset=\"https:\/\/rioonwatch.org.br\/wp-content\/uploads\/2013\/12\/obras-georio-1993-2008-2.jpg 664w, https:\/\/rioonwatch.org.br\/wp-content\/uploads\/2013\/12\/obras-georio-1993-2008-2-434x264.jpg 434w, https:\/\/rioonwatch.org.br\/wp-content\/uploads\/2013\/12\/obras-georio-1993-2008-2-620x377.jpg 620w\" sizes=\"(max-width: 598px) 100vw, 598px\" \/><\/a><\/p>\n<p>Como se v\u00ea claramente, ap\u00f3s um s\u00fabito aumento no valor total das obras contratadas\/realizadas pela Geo Rio ap\u00f3s os desastres das chuvas de 1996, este voltou a valores med\u00edocres e assim ficou at\u00e9 os novos desastres de 2010, o que quer dizer que o trabalho de preven\u00e7\u00e3o atrav\u00e9s de obras n\u00e3o foi feito de maneira s\u00e9ria.<\/p>\n<p>Ap\u00f3s as chuvas de 2010, novamente houve um s\u00fabito aumento no valor dos contratos de obras da <a href=\"http:\/\/bit.ly\/19o0qRF\" target=\"_blank\" rel=\"noopener\">Geo Rio<\/a>, mas n\u00e3o tenho dados para dizer se esse crescimento manteve-se nos anos seguintes ou repetiu-se o padr\u00e3o do per\u00edodo de 1996-2009. Mas, em 2010 mesmo, tive o cuidado de analisar os contratos de obras da Geo Rio, e cheguei \u00e0 seguinte tabela:<\/p>\n<p>&nbsp;<\/p>\n<p><img decoding=\"async\" class=\"aligncenter size-full wp-image-9704\" title=\"obras georio 2010\" src=\"http:\/\/rioonwatch.org.br\/wp-content\/uploads\/2013\/12\/obras-georio-2010.jpg\" alt=\"\" width=\"722\" height=\"159\" srcset=\"https:\/\/rioonwatch.org.br\/wp-content\/uploads\/2013\/12\/obras-georio-2010.jpg 722w, https:\/\/rioonwatch.org.br\/wp-content\/uploads\/2013\/12\/obras-georio-2010-620x137.jpg 620w\" sizes=\"(max-width: 722px) 100vw, 722px\" \/><\/p>\n<p>Ou seja, a maior parte do valor foi utilizada para obras para prote\u00e7\u00e3o de ruas, estradas (como as grandes obras feitas na Estrada da Grota Funda e na Graja\u00fa-Jacarepagu\u00e1, por exemplo) e vias internas em parques (v\u00e1rias obras no Parque Nacional da Tijuca, por exemplo, inclusive a que permitiu a reabertura da via em cremalheira para o Cristo Redentor), e n\u00e3o em comunidades, onde obras de preven\u00e7\u00e3o t\u00eam um efeito muito maior no sentido de evitar perdas em vidas humanas. N\u00e3o pesquisei os dados dos contratos posteriores a outubro de 2010, mas acho pouco prov\u00e1vel que tal orienta\u00e7\u00e3o tenha mudado nos investimentos da prefeitura nos anos seguintes at\u00e9 hoje.<\/p>\n<p>S\u00e3o dados e realidades como essas que devemos divulgar amplamente, antes que os governos venham a se aproveitar de uma poss\u00edvel trag\u00e9dia para utilizarem novamente o discurso que busca culpar os pr\u00f3prios moradores de favelas, seus movimentos e seus grupos de apoio, por algo que \u00e9 fundamentalmente conseq\u00fc\u00eancia do descaso e de escolhas deliberadas desses mesmos governos.<\/p>\n<p><em>Maur\u00edcio Campos \u00e9 Engenheiro Civil e Mec\u00e2nico, assessor pol\u00edtico e t\u00e9cnico volunt\u00e1rio de movimentos sociais de favelas e bairros perif\u00e9ricos, e tamb\u00e9m militante da Rede de Comunidades e Movimentos contra a Viol\u00eancia e membro do coletivo de t\u00e9cnicos volunt\u00e1rios que ap\u00f3ia as comunidades contra as remo\u00e7\u00f5es for\u00e7adas.<\/em><\/p>\n<!-- AddThis Advanced Settings generic via filter on the_content --><!-- AddThis Share Buttons generic via filter on the_content -->","protected":false},"excerpt":{"rendered":"<div class=\"mh-excerpt\"><p>Click Here for English O per\u00edodo cr\u00edtico para poss\u00edveis deslizamentos em encostas est\u00e1 apenas come\u00e7ando. Ao contr\u00e1rio das enchentes, que se desenvolvem imediatamente quando h\u00e1 uma precipita\u00e7\u00e3o pluviom\u00e9trica muito grande, os deslizamentos dependem em geral <a class=\"mh-excerpt-more\" href=\"https:\/\/rioonwatch.org.br\/?p=9573\" title=\"Per\u00edodo de Chuvas no Rio: Riscos e Responsabilidades\">[&#8230;]<\/a><!-- AddThis Advanced Settings generic via filter on get_the_excerpt --><!-- AddThis Share Buttons generic via filter on get_the_excerpt --><\/p>\n<\/div>","protected":false},"author":129,"featured_media":9703,"comment_status":"closed","ping_status":"closed","sticky":false,"template":"","format":"standard","meta":{"_acf_changed":false,"_monsterinsights_skip_tracking":false,"_monsterinsights_sitenote_active":false,"_monsterinsights_sitenote_note":"","_monsterinsights_sitenote_category":0,"footnotes":""},"categories":[346,344],"tags":[911,11,974,965,889,1996,723,233,44,839,427],"writer":[967],"translator":[],"source":[],"ilustrador":[],"fotografo":[],"class_list":{"0":"post-9573","1":"post","2":"type-post","3":"status-publish","4":"format-standard","5":"has-post-thumbnail","7":"category-denuncias","8":"category-politicas","9":"tag-area-de-risco","10":"tag-chuvas","11":"tag-contencao-de-encostas","12":"tag-enchente","13":"tag-geo-rio","14":"tag-guararapes","15":"tag-investimento-publico","16":"tag-morro-do-fogueteiro","17":"tag-prazeres","18":"tag-prioridades-publicas-equivocadas","19":"tag-risco-de-deslizamento","20":"writer-mauricio-campos"},"acf":[],"yoast_head":"<!-- This site is optimized with the Yoast SEO plugin v25.6 - https:\/\/yoast.com\/wordpress\/plugins\/seo\/ -->\n<title>Per\u00edodo de Chuvas no Rio: Riscos e Responsabilidades - RioOnWatch<\/title>\n<meta name=\"robots\" content=\"index, follow, max-snippet:-1, max-image-preview:large, max-video-preview:-1\" \/>\n<link rel=\"canonical\" href=\"https:\/\/rioonwatch.org.br\/?p=9573\" \/>\n<meta property=\"og:locale\" content=\"pt_BR\" \/>\n<meta property=\"og:type\" content=\"article\" \/>\n<meta property=\"og:title\" content=\"Per\u00edodo de Chuvas no Rio: Riscos e Responsabilidades - RioOnWatch\" \/>\n<meta property=\"og:description\" content=\"Click Here for English O per\u00edodo cr\u00edtico para poss\u00edveis deslizamentos em encostas est\u00e1 apenas come\u00e7ando. Ao contr\u00e1rio das enchentes, que se desenvolvem imediatamente quando h\u00e1 uma precipita\u00e7\u00e3o pluviom\u00e9trica muito grande, os deslizamentos dependem em geral [...]\" \/>\n<meta property=\"og:url\" content=\"https:\/\/rioonwatch.org.br\/?p=9573\" \/>\n<meta property=\"og:site_name\" content=\"RioOnWatch\" \/>\n<meta property=\"article:published_time\" content=\"2013-12-30T14:18:22+00:00\" \/>\n<meta property=\"article:modified_time\" content=\"2017-08-29T18:41:51+00:00\" \/>\n<meta property=\"og:image\" content=\"https:\/\/rioonwatch.org.br\/wp-content\/uploads\/2013\/12\/obras-georio-1993-2008.jpg\" \/>\n\t<meta property=\"og:image:width\" content=\"722\" \/>\n\t<meta property=\"og:image:height\" content=\"404\" \/>\n\t<meta property=\"og:image:type\" content=\"image\/jpeg\" \/>\n<meta name=\"author\" content=\"Admin\" \/>\n<meta name=\"twitter:card\" content=\"summary_large_image\" \/>\n<meta name=\"twitter:label1\" content=\"Escrito por\" \/>\n\t<meta name=\"twitter:data1\" content=\"Admin\" \/>\n\t<meta name=\"twitter:label2\" content=\"Est. tempo de leitura\" \/>\n\t<meta name=\"twitter:data2\" content=\"5 minutos\" \/>\n<script type=\"application\/ld+json\" class=\"yoast-schema-graph\">{\"@context\":\"https:\/\/schema.org\",\"@graph\":[{\"@type\":\"Article\",\"@id\":\"https:\/\/rioonwatch.org.br\/?p=9573#article\",\"isPartOf\":{\"@id\":\"https:\/\/rioonwatch.org.br\/?p=9573\"},\"author\":{\"name\":\"Admin\",\"@id\":\"https:\/\/rioonwatch.org.br\/#\/schema\/person\/11d64c290506f9df50c71b850c473f68\"},\"headline\":\"Per\u00edodo de Chuvas no Rio: Riscos e Responsabilidades\",\"datePublished\":\"2013-12-30T14:18:22+00:00\",\"dateModified\":\"2017-08-29T18:41:51+00:00\",\"mainEntityOfPage\":{\"@id\":\"https:\/\/rioonwatch.org.br\/?p=9573\"},\"wordCount\":981,\"publisher\":{\"@id\":\"https:\/\/rioonwatch.org.br\/#organization\"},\"image\":{\"@id\":\"https:\/\/rioonwatch.org.br\/?p=9573#primaryimage\"},\"thumbnailUrl\":\"https:\/\/rioonwatch.org.br\/wp-content\/uploads\/2013\/12\/obras-georio-1993-2008.jpg\",\"keywords\":[\"\\\"\u00e1rea de risco\\\"\",\"chuvas\",\"conten\u00e7\u00e3o de encostas\",\"enchente\",\"GEO-Rio\",\"Guararapes\",\"investimento p\u00fablico\",\"Morro do Fogueteiro\",\"Morro dos Prazeres\",\"prioridades p\u00fablicas equivocadas\",\"risco de deslizamento\"],\"articleSection\":[\"Den\u00fancias\",\"Pol\u00edticas\"],\"inLanguage\":\"pt-BR\"},{\"@type\":\"WebPage\",\"@id\":\"https:\/\/rioonwatch.org.br\/?p=9573\",\"url\":\"https:\/\/rioonwatch.org.br\/?p=9573\",\"name\":\"Per\u00edodo de Chuvas no Rio: Riscos e Responsabilidades - RioOnWatch\",\"isPartOf\":{\"@id\":\"https:\/\/rioonwatch.org.br\/#website\"},\"primaryImageOfPage\":{\"@id\":\"https:\/\/rioonwatch.org.br\/?p=9573#primaryimage\"},\"image\":{\"@id\":\"https:\/\/rioonwatch.org.br\/?p=9573#primaryimage\"},\"thumbnailUrl\":\"https:\/\/rioonwatch.org.br\/wp-content\/uploads\/2013\/12\/obras-georio-1993-2008.jpg\",\"datePublished\":\"2013-12-30T14:18:22+00:00\",\"dateModified\":\"2017-08-29T18:41:51+00:00\",\"breadcrumb\":{\"@id\":\"https:\/\/rioonwatch.org.br\/?p=9573#breadcrumb\"},\"inLanguage\":\"pt-BR\",\"potentialAction\":[{\"@type\":\"ReadAction\",\"target\":[\"https:\/\/rioonwatch.org.br\/?p=9573\"]}]},{\"@type\":\"ImageObject\",\"inLanguage\":\"pt-BR\",\"@id\":\"https:\/\/rioonwatch.org.br\/?p=9573#primaryimage\",\"url\":\"https:\/\/rioonwatch.org.br\/wp-content\/uploads\/2013\/12\/obras-georio-1993-2008.jpg\",\"contentUrl\":\"https:\/\/rioonwatch.org.br\/wp-content\/uploads\/2013\/12\/obras-georio-1993-2008.jpg\",\"width\":722,\"height\":404},{\"@type\":\"BreadcrumbList\",\"@id\":\"https:\/\/rioonwatch.org.br\/?p=9573#breadcrumb\",\"itemListElement\":[{\"@type\":\"ListItem\",\"position\":1,\"name\":\"In\u00edcio\",\"item\":\"https:\/\/rioonwatch.org.br\/\"},{\"@type\":\"ListItem\",\"position\":2,\"name\":\"Per\u00edodo de Chuvas no Rio: Riscos e Responsabilidades\"}]},{\"@type\":\"WebSite\",\"@id\":\"https:\/\/rioonwatch.org.br\/#website\",\"url\":\"https:\/\/rioonwatch.org.br\/\",\"name\":\"RioOnWatch\",\"description\":\"relatos das favelas cariocas\",\"publisher\":{\"@id\":\"https:\/\/rioonwatch.org.br\/#organization\"},\"potentialAction\":[{\"@type\":\"SearchAction\",\"target\":{\"@type\":\"EntryPoint\",\"urlTemplate\":\"https:\/\/rioonwatch.org.br\/?s={search_term_string}\"},\"query-input\":{\"@type\":\"PropertyValueSpecification\",\"valueRequired\":true,\"valueName\":\"search_term_string\"}}],\"inLanguage\":\"pt-BR\"},{\"@type\":\"Organization\",\"@id\":\"https:\/\/rioonwatch.org.br\/#organization\",\"name\":\"RioOnWatch\",\"url\":\"https:\/\/rioonwatch.org.br\/\",\"logo\":{\"@type\":\"ImageObject\",\"inLanguage\":\"pt-BR\",\"@id\":\"https:\/\/rioonwatch.org.br\/#\/schema\/logo\/image\/\",\"url\":\"https:\/\/rioonwatch.org.br\/wp-content\/uploads\/2021\/06\/RioOnWatchcabecalhoPT11anos-2.png\",\"contentUrl\":\"https:\/\/rioonwatch.org.br\/wp-content\/uploads\/2021\/06\/RioOnWatchcabecalhoPT11anos-2.png\",\"width\":779,\"height\":277,\"caption\":\"RioOnWatch\"},\"image\":{\"@id\":\"https:\/\/rioonwatch.org.br\/#\/schema\/logo\/image\/\"}},{\"@type\":\"Person\",\"@id\":\"https:\/\/rioonwatch.org.br\/#\/schema\/person\/11d64c290506f9df50c71b850c473f68\",\"name\":\"Admin\",\"image\":{\"@type\":\"ImageObject\",\"inLanguage\":\"pt-BR\",\"@id\":\"https:\/\/rioonwatch.org.br\/#\/schema\/person\/image\/\",\"url\":\"https:\/\/secure.gravatar.com\/avatar\/56211ac74568383903349a1485e3c325?s=96&d=blank&r=g\",\"contentUrl\":\"https:\/\/secure.gravatar.com\/avatar\/56211ac74568383903349a1485e3c325?s=96&d=blank&r=g\",\"caption\":\"Admin\"},\"url\":\"https:\/\/rioonwatch.org.br\/?author=129\"}]}<\/script>\n<!-- \/ Yoast SEO plugin. -->","yoast_head_json":{"title":"Per\u00edodo de Chuvas no Rio: Riscos e Responsabilidades - RioOnWatch","robots":{"index":"index","follow":"follow","max-snippet":"max-snippet:-1","max-image-preview":"max-image-preview:large","max-video-preview":"max-video-preview:-1"},"canonical":"https:\/\/rioonwatch.org.br\/?p=9573","og_locale":"pt_BR","og_type":"article","og_title":"Per\u00edodo de Chuvas no Rio: Riscos e Responsabilidades - RioOnWatch","og_description":"Click Here for English O per\u00edodo cr\u00edtico para poss\u00edveis deslizamentos em encostas est\u00e1 apenas come\u00e7ando. Ao contr\u00e1rio das enchentes, que se desenvolvem imediatamente quando h\u00e1 uma precipita\u00e7\u00e3o pluviom\u00e9trica muito grande, os deslizamentos dependem em geral [...]","og_url":"https:\/\/rioonwatch.org.br\/?p=9573","og_site_name":"RioOnWatch","article_published_time":"2013-12-30T14:18:22+00:00","article_modified_time":"2017-08-29T18:41:51+00:00","og_image":[{"width":722,"height":404,"url":"https:\/\/rioonwatch.org.br\/wp-content\/uploads\/2013\/12\/obras-georio-1993-2008.jpg","type":"image\/jpeg"}],"author":"Admin","twitter_card":"summary_large_image","twitter_misc":{"Escrito por":"Admin","Est. tempo de leitura":"5 minutos"},"schema":{"@context":"https:\/\/schema.org","@graph":[{"@type":"Article","@id":"https:\/\/rioonwatch.org.br\/?p=9573#article","isPartOf":{"@id":"https:\/\/rioonwatch.org.br\/?p=9573"},"author":{"name":"Admin","@id":"https:\/\/rioonwatch.org.br\/#\/schema\/person\/11d64c290506f9df50c71b850c473f68"},"headline":"Per\u00edodo de Chuvas no Rio: Riscos e Responsabilidades","datePublished":"2013-12-30T14:18:22+00:00","dateModified":"2017-08-29T18:41:51+00:00","mainEntityOfPage":{"@id":"https:\/\/rioonwatch.org.br\/?p=9573"},"wordCount":981,"publisher":{"@id":"https:\/\/rioonwatch.org.br\/#organization"},"image":{"@id":"https:\/\/rioonwatch.org.br\/?p=9573#primaryimage"},"thumbnailUrl":"https:\/\/rioonwatch.org.br\/wp-content\/uploads\/2013\/12\/obras-georio-1993-2008.jpg","keywords":["\"\u00e1rea de risco\"","chuvas","conten\u00e7\u00e3o de encostas","enchente","GEO-Rio","Guararapes","investimento p\u00fablico","Morro do Fogueteiro","Morro dos Prazeres","prioridades p\u00fablicas equivocadas","risco de deslizamento"],"articleSection":["Den\u00fancias","Pol\u00edticas"],"inLanguage":"pt-BR"},{"@type":"WebPage","@id":"https:\/\/rioonwatch.org.br\/?p=9573","url":"https:\/\/rioonwatch.org.br\/?p=9573","name":"Per\u00edodo de Chuvas no Rio: Riscos e Responsabilidades - RioOnWatch","isPartOf":{"@id":"https:\/\/rioonwatch.org.br\/#website"},"primaryImageOfPage":{"@id":"https:\/\/rioonwatch.org.br\/?p=9573#primaryimage"},"image":{"@id":"https:\/\/rioonwatch.org.br\/?p=9573#primaryimage"},"thumbnailUrl":"https:\/\/rioonwatch.org.br\/wp-content\/uploads\/2013\/12\/obras-georio-1993-2008.jpg","datePublished":"2013-12-30T14:18:22+00:00","dateModified":"2017-08-29T18:41:51+00:00","breadcrumb":{"@id":"https:\/\/rioonwatch.org.br\/?p=9573#breadcrumb"},"inLanguage":"pt-BR","potentialAction":[{"@type":"ReadAction","target":["https:\/\/rioonwatch.org.br\/?p=9573"]}]},{"@type":"ImageObject","inLanguage":"pt-BR","@id":"https:\/\/rioonwatch.org.br\/?p=9573#primaryimage","url":"https:\/\/rioonwatch.org.br\/wp-content\/uploads\/2013\/12\/obras-georio-1993-2008.jpg","contentUrl":"https:\/\/rioonwatch.org.br\/wp-content\/uploads\/2013\/12\/obras-georio-1993-2008.jpg","width":722,"height":404},{"@type":"BreadcrumbList","@id":"https:\/\/rioonwatch.org.br\/?p=9573#breadcrumb","itemListElement":[{"@type":"ListItem","position":1,"name":"In\u00edcio","item":"https:\/\/rioonwatch.org.br\/"},{"@type":"ListItem","position":2,"name":"Per\u00edodo de Chuvas no Rio: Riscos e Responsabilidades"}]},{"@type":"WebSite","@id":"https:\/\/rioonwatch.org.br\/#website","url":"https:\/\/rioonwatch.org.br\/","name":"RioOnWatch","description":"relatos das favelas cariocas","publisher":{"@id":"https:\/\/rioonwatch.org.br\/#organization"},"potentialAction":[{"@type":"SearchAction","target":{"@type":"EntryPoint","urlTemplate":"https:\/\/rioonwatch.org.br\/?s={search_term_string}"},"query-input":{"@type":"PropertyValueSpecification","valueRequired":true,"valueName":"search_term_string"}}],"inLanguage":"pt-BR"},{"@type":"Organization","@id":"https:\/\/rioonwatch.org.br\/#organization","name":"RioOnWatch","url":"https:\/\/rioonwatch.org.br\/","logo":{"@type":"ImageObject","inLanguage":"pt-BR","@id":"https:\/\/rioonwatch.org.br\/#\/schema\/logo\/image\/","url":"https:\/\/rioonwatch.org.br\/wp-content\/uploads\/2021\/06\/RioOnWatchcabecalhoPT11anos-2.png","contentUrl":"https:\/\/rioonwatch.org.br\/wp-content\/uploads\/2021\/06\/RioOnWatchcabecalhoPT11anos-2.png","width":779,"height":277,"caption":"RioOnWatch"},"image":{"@id":"https:\/\/rioonwatch.org.br\/#\/schema\/logo\/image\/"}},{"@type":"Person","@id":"https:\/\/rioonwatch.org.br\/#\/schema\/person\/11d64c290506f9df50c71b850c473f68","name":"Admin","image":{"@type":"ImageObject","inLanguage":"pt-BR","@id":"https:\/\/rioonwatch.org.br\/#\/schema\/person\/image\/","url":"https:\/\/secure.gravatar.com\/avatar\/56211ac74568383903349a1485e3c325?s=96&d=blank&r=g","contentUrl":"https:\/\/secure.gravatar.com\/avatar\/56211ac74568383903349a1485e3c325?s=96&d=blank&r=g","caption":"Admin"},"url":"https:\/\/rioonwatch.org.br\/?author=129"}]}},"_links":{"self":[{"href":"https:\/\/rioonwatch.org.br\/index.php?rest_route=\/wp\/v2\/posts\/9573"}],"collection":[{"href":"https:\/\/rioonwatch.org.br\/index.php?rest_route=\/wp\/v2\/posts"}],"about":[{"href":"https:\/\/rioonwatch.org.br\/index.php?rest_route=\/wp\/v2\/types\/post"}],"author":[{"embeddable":true,"href":"https:\/\/rioonwatch.org.br\/index.php?rest_route=\/wp\/v2\/users\/129"}],"replies":[{"embeddable":true,"href":"https:\/\/rioonwatch.org.br\/index.php?rest_route=%2Fwp%2Fv2%2Fcomments&post=9573"}],"version-history":[{"count":58,"href":"https:\/\/rioonwatch.org.br\/index.php?rest_route=\/wp\/v2\/posts\/9573\/revisions"}],"predecessor-version":[{"id":27995,"href":"https:\/\/rioonwatch.org.br\/index.php?rest_route=\/wp\/v2\/posts\/9573\/revisions\/27995"}],"wp:featuredmedia":[{"embeddable":true,"href":"https:\/\/rioonwatch.org.br\/index.php?rest_route=\/wp\/v2\/media\/9703"}],"wp:attachment":[{"href":"https:\/\/rioonwatch.org.br\/index.php?rest_route=%2Fwp%2Fv2%2Fmedia&parent=9573"}],"wp:term":[{"taxonomy":"category","embeddable":true,"href":"https:\/\/rioonwatch.org.br\/index.php?rest_route=%2Fwp%2Fv2%2Fcategories&post=9573"},{"taxonomy":"post_tag","embeddable":true,"href":"https:\/\/rioonwatch.org.br\/index.php?rest_route=%2Fwp%2Fv2%2Ftags&post=9573"},{"taxonomy":"writer","embeddable":true,"href":"https:\/\/rioonwatch.org.br\/index.php?rest_route=%2Fwp%2Fv2%2Fwriter&post=9573"},{"taxonomy":"translator","embeddable":true,"href":"https:\/\/rioonwatch.org.br\/index.php?rest_route=%2Fwp%2Fv2%2Ftranslator&post=9573"},{"taxonomy":"source","embeddable":true,"href":"https:\/\/rioonwatch.org.br\/index.php?rest_route=%2Fwp%2Fv2%2Fsource&post=9573"},{"taxonomy":"ilustrador","embeddable":true,"href":"https:\/\/rioonwatch.org.br\/index.php?rest_route=%2Fwp%2Fv2%2Filustrador&post=9573"},{"taxonomy":"fotografo","embeddable":true,"href":"https:\/\/rioonwatch.org.br\/index.php?rest_route=%2Fwp%2Fv2%2Ffotografo&post=9573"}],"curies":[{"name":"wp","href":"https:\/\/api.w.org\/{rel}","templated":true}]}}