{"id":983,"date":"2011-02-15T00:46:34","date_gmt":"2011-02-15T03:46:34","guid":{"rendered":"http:\/\/favela.info\/?p=983"},"modified":"2016-05-18T10:22:38","modified_gmt":"2016-05-18T13:22:38","slug":"muito-alem-da-upp","status":"publish","type":"post","link":"https:\/\/rioonwatch.org.br\/?p=983","title":{"rendered":"Muito al\u00e9m da UPP"},"content":{"rendered":"<p style=\"text-align: right;\"><em><strong><a href=\"http:\/\/bit.ly\/27zaKIp\" target=\"_blank\">Click Here for English<img decoding=\"async\" width=\"20\" height=\"20\" class=\"alignright wp-image-15790\" src=\"http:\/\/rioonwatch.org.br\/wp-content\/uploads\/2012\/08\/EN-standard-e1439583104716.jpg\" alt=\"\" \/><\/a><\/strong><\/em><\/p>\n<p><img fetchpriority=\"high\" decoding=\"async\" class=\"alignleft size-full wp-image-988\" title=\"Foto: Tiago Donato\" src=\"http:\/\/favela.info\/wp-content\/uploads\/2011\/02\/sntmrt1.jpg\" alt=\"\" width=\"300\" height=\"225\" srcset=\"https:\/\/rioonwatch.org.br\/wp-content\/uploads\/2011\/02\/sntmrt1.jpg 300w, https:\/\/rioonwatch.org.br\/wp-content\/uploads\/2011\/02\/sntmrt1-80x60.jpg 80w, https:\/\/rioonwatch.org.br\/wp-content\/uploads\/2011\/02\/sntmrt1-174x131.jpg 174w, https:\/\/rioonwatch.org.br\/wp-content\/uploads\/2011\/02\/sntmrt1-70x53.jpg 70w\" sizes=\"(max-width: 300px) 100vw, 300px\" \/><\/p>\n<p align=\"justify\">H\u00e1 mais de dois anos da implanta\u00e7\u00e3o da UPP (Unidade de Policia Pacificadora) no morro Santa Marta, Botafogo, Zona Sul do Rio de Janeiro. O que melhorou? Aqui apresento uma \u00f3tica de quem vive l\u00e1.<\/p>\n<p align=\"justify\">J\u00e1 estamos em 2011, e ainda quase nada de melhoria coletiva chegou ao morro do Santa Marta. Sim, medidas paliativas sim, isso chegou e ir\u00e1 chegar sempre. Eu me refiro a mudan\u00e7as revolucion\u00e1rias, onde o povo poder\u00e1 viver de forma igualit\u00e1ria, com mais sa\u00fade, moradia digna, alimenta\u00e7\u00e3o de qualidade. Isso n\u00e3o chegou e vai al\u00e9m da UPP.<\/p>\n<p align=\"justify\">Falo al\u00e9m da UPP, porque me lembro de toda a midi\u00e1tica em prol da revolu\u00e7\u00e3o chamada de UPP. Isso fez at\u00e9 os pr\u00f3prios policiais acreditarem que eles realmente s\u00e3o revolucion\u00e1rios. Certo dia eu conversei com um deles e ele mim afirmou que trouxe melhoria para a favela Santa Marta. Eu em seguida o perguntei se ele poderia fazer uma reforma na minha casa, pois estar com v\u00e1rias infiltra\u00e7\u00f5es. Ele ficou sem me responder.<!--more--><\/p>\n<p align=\"justify\">Agora, eu quero tirar a UPP desse texto e falar sobre a nossa vida hoje no morro Santa Marta. O desafio que ser\u00e1 para todos os moradores permanecerem neste territ\u00f3rio de neg\u00f3cios para a especula\u00e7\u00e3o imobili\u00e1ria. Vejo um outro morro Santa Marta, onde moram estudantes de classe media, estrangeiros. Onde h\u00e1 disputa para alugar um barraco de dois metros quadrados pela quantia de R$ 350. Vejo bar se transformando em rep\u00fablica, vejo bares tendo que se adaptar \u00e0 tend\u00eancia de ser empreendedor. Vejo as marcas excedentes de bebidas alco\u00f3licas nesses bares, em troca de cadeiras e mesas. Vejo tamb\u00e9m muitos com\u00e9rcios agonizando para resistir \u00e0 morte, demitindo funcion\u00e1rios e aumentando seus pre\u00e7os.<\/p>\n<p align=\"justify\">Cad\u00ea a melhoria que falaram tanto na TV Globo e nos outros meios de comunica\u00e7\u00e3o? A Globo viveu ineditamente 30 dias aqui no Santa Marta durante o dia para mostrar as melhorias. Mas nunca nos deu voz.<\/p>\n<p align=\"justify\">Agora, existe uma melhoria que eu tamb\u00e9m reconhe\u00e7o: diminu\u00edram as armas nas m\u00e3os dos civis e hoje n\u00e3o ouvimos mais tiros a esmo. O n\u00famero de mortes com armas letais reduziu. Isso \u00e9 muito bacana e direito nosso, j\u00e1 que no Brasil n\u00e3o vivemos em uma guerra. Por\u00e9m, sabemos quem bota essas armas nas m\u00e3os dos consumistas do tr\u00e1fico. E n\u00e3o \u00e9 morador de favela n\u00e3o.<\/p>\n<p align=\"justify\">Fiz uma pesquisa e constatei que para n\u00f3s trabalhadores e moradores das favelas da Zona Sul, para sobreviver s\u00f3 com esses quatro itens: aluguel (R$ 350 mensais), caf\u00e9 da manh\u00e3 (R$ 3,50 por dia, total de R$ 105 em 30 dias), almo\u00e7o (R$ 7 por dia, total de 210 em 30 dias), jantar (R$ 7 por dia, total de 210 em 30 dias) ter\u00e1 que desembolsar a quantia de: 875,00 reais. Vale lembrar que o sal\u00e1rio m\u00ednimo \u00e9 de R$ 530. Eu n\u00e3o incluo comprar leite, g\u00e1s de cozinha, rem\u00e9dio, roupa, pagar conta de luz, TV a cabo etc.<\/p>\n<p align=\"justify\">At\u00e9 a chegada das Olimp\u00edadas, n\u00e3o sei se estaremos aqui no morro Santa Marta. Hoje, mais do que nunca, temos um custo de vida muito caro. A nossa conta de luz chega com valores aleat\u00f3rios. No m\u00eas passado eu paguei R$ 50, sem ningu\u00e9m ficar em casa, pois trabalhamos o dia todo fora. Nesse paguei R$ 45. Tenho conhecimento que alguns moradores est\u00e3o pagando R$ 80, R$100. Cad\u00ea a tarifa social?<\/p>\n<p align=\"justify\">Sutilmente, est\u00e3o \u201chigienizando\u201d a favela, sem que a totalidade dos moradores perceba. A m\u00eddia pulveriza a mente do trabalhador com o slogan de favela modelo e que temos que agradecer ao santo S\u00e9rgio Cabral governador do Rio de Janeiro. O Presidente Lula veio ao morro Santa Marta em setembro de 2010 e propagou que temos que esquecer o nome favela, pois esse j\u00e1 passou e \u00e9 feio. Mas ningu\u00e9m comenta a omiss\u00e3o com os moradores do pico do morro, pois l\u00e1 n\u00e3o chegou absolutamente nada de urbaniza\u00e7\u00e3o. Toda essa transi\u00e7\u00e3o beneficiou algu\u00e9m: os enclaves fortificados dos ricos. Esses est\u00e3o felizes da vida, com o aumento dos seus im\u00f3veis, de R$150 mil para R$ 300 mil e R$ 400 mil etc.<\/p>\n<p align=\"justify\">Hoje n\u00e3o podemos realizar o baile funk no morro, mas os blocos de fora do morro, fazem seus eventos aqui e rola mais do que um baile funk. A UPP tamb\u00e9m fazem suas festas, e n\u00e3o tem nenhum problema.<\/p>\n<p align=\"justify\">Fa\u00e7o uma convoca\u00e7\u00e3o para todos os trabalhadores que querem residir nas favelas, principalmente da Zona Sul. Vamos nos organizar porque as remo\u00e7\u00f5es v\u00e3o vir e toda nossa historia ir\u00e1 virar mais um livro para soci\u00f3logos e pesquisadores que n\u00e3o moram em favelas.<\/p>\n<p align=\"justify\"><em><strong>Rapper Fiell<\/strong> \u00e9 coordenador do Coletivo de Hip-hop VIS\u00c3O DA FAVELA BRASIL e morador do morro Santa Marta.<\/em><\/p>\n<p align=\"justify\"><em>Leia o artigo original <a href=\"http:\/\/visaodafavelabr.blogspot.com\/2011\/01\/muito-alem-da-upp-limpeza-etnica-em.html\">aqui<\/a>.<\/em><\/p>\n<!-- AddThis Advanced Settings generic via filter on the_content --><!-- AddThis Share Buttons generic via filter on the_content -->","protected":false},"excerpt":{"rendered":"<div class=\"mh-excerpt\"><p>Click Here for English H\u00e1 mais de dois anos da implanta\u00e7\u00e3o da UPP (Unidade de Policia Pacificadora) no morro Santa Marta, Botafogo, Zona Sul do Rio de Janeiro. O que melhorou? Aqui apresento uma \u00f3tica <a class=\"mh-excerpt-more\" href=\"https:\/\/rioonwatch.org.br\/?p=983\" title=\"Muito al\u00e9m da UPP\">[&#8230;]<\/a><!-- AddThis Advanced Settings generic via filter on get_the_excerpt --><!-- AddThis Share Buttons generic via filter on get_the_excerpt --><\/p>\n<\/div>","protected":false},"author":5,"featured_media":988,"comment_status":"open","ping_status":"closed","sticky":false,"template":"","format":"standard","meta":{"_acf_changed":false,"_monsterinsights_skip_tracking":false,"_monsterinsights_sitenote_active":false,"_monsterinsights_sitenote_note":"","_monsterinsights_sitenote_category":0,"footnotes":""},"categories":[1617,1625,1620],"tags":[395,180,92,383],"writer":[175],"translator":[],"source":[178],"ilustrador":[],"fotografo":[],"class_list":{"0":"post-983","1":"post","2":"type-post","3":"status-publish","4":"format-standard","5":"has-post-thumbnail","7":"category-olhonagentrificacao","8":"category-por-correspondentes-comunitarios","9":"category-olhonaupp","10":"tag-gentrificacao-remocao-branca","11":"tag-santa-marta","12":"tag-upp","13":"tag-zona-sul","14":"writer-rapper-fiell","15":"source-visao-da-favela-brasil"},"acf":[],"yoast_head":"<!-- This site is optimized with the Yoast SEO plugin v25.6 - https:\/\/yoast.com\/wordpress\/plugins\/seo\/ -->\n<title>Muito al\u00e9m da UPP - RioOnWatch<\/title>\n<meta name=\"robots\" content=\"index, follow, max-snippet:-1, max-image-preview:large, max-video-preview:-1\" \/>\n<link rel=\"canonical\" href=\"https:\/\/rioonwatch.org.br\/?p=983\" \/>\n<meta property=\"og:locale\" content=\"pt_BR\" \/>\n<meta property=\"og:type\" content=\"article\" \/>\n<meta property=\"og:title\" content=\"Muito al\u00e9m da UPP - RioOnWatch\" \/>\n<meta property=\"og:description\" content=\"Click Here for English H\u00e1 mais de dois anos da implanta\u00e7\u00e3o da UPP (Unidade de Policia Pacificadora) no morro Santa Marta, Botafogo, Zona Sul do Rio de Janeiro. O que melhorou? Aqui apresento uma \u00f3tica [...]\" \/>\n<meta property=\"og:url\" content=\"https:\/\/rioonwatch.org.br\/?p=983\" \/>\n<meta property=\"og:site_name\" content=\"RioOnWatch\" \/>\n<meta property=\"article:published_time\" content=\"2011-02-15T03:46:34+00:00\" \/>\n<meta property=\"article:modified_time\" content=\"2016-05-18T13:22:38+00:00\" \/>\n<meta property=\"og:image\" content=\"https:\/\/rioonwatch.org.br\/wp-content\/uploads\/2011\/02\/sntmrt1.jpg\" \/>\n\t<meta property=\"og:image:width\" content=\"300\" \/>\n\t<meta property=\"og:image:height\" content=\"225\" \/>\n\t<meta property=\"og:image:type\" content=\"image\/jpeg\" \/>\n<meta name=\"author\" content=\"Tiago\" \/>\n<meta name=\"twitter:card\" content=\"summary_large_image\" \/>\n<meta name=\"twitter:label1\" content=\"Escrito por\" \/>\n\t<meta name=\"twitter:data1\" content=\"Tiago\" \/>\n\t<meta name=\"twitter:label2\" content=\"Est. tempo de leitura\" \/>\n\t<meta name=\"twitter:data2\" content=\"4 minutos\" \/>\n<script type=\"application\/ld+json\" class=\"yoast-schema-graph\">{\"@context\":\"https:\/\/schema.org\",\"@graph\":[{\"@type\":\"Article\",\"@id\":\"https:\/\/rioonwatch.org.br\/?p=983#article\",\"isPartOf\":{\"@id\":\"https:\/\/rioonwatch.org.br\/?p=983\"},\"author\":{\"name\":\"Tiago\",\"@id\":\"https:\/\/rioonwatch.org.br\/#\/schema\/person\/7c54ce0a929f914709db001584daa6ee\"},\"headline\":\"Muito al\u00e9m da UPP\",\"datePublished\":\"2011-02-15T03:46:34+00:00\",\"dateModified\":\"2016-05-18T13:22:38+00:00\",\"mainEntityOfPage\":{\"@id\":\"https:\/\/rioonwatch.org.br\/?p=983\"},\"wordCount\":829,\"commentCount\":0,\"publisher\":{\"@id\":\"https:\/\/rioonwatch.org.br\/#organization\"},\"image\":{\"@id\":\"https:\/\/rioonwatch.org.br\/?p=983#primaryimage\"},\"thumbnailUrl\":\"https:\/\/rioonwatch.org.br\/wp-content\/uploads\/2011\/02\/sntmrt1.jpg\",\"keywords\":[\"gentrifica\u00e7\u00e3o\",\"Santa Marta\",\"UPP\",\"Zona Sul\"],\"articleSection\":[\"#OlhoNaGentrifica\u00e7\u00e3o\",\"Escrito por Comunicadores Populares\",\"Seguran\u00e7a P\u00fablica\"],\"inLanguage\":\"pt-BR\",\"potentialAction\":[{\"@type\":\"CommentAction\",\"name\":\"Comment\",\"target\":[\"https:\/\/rioonwatch.org.br\/?p=983#respond\"]}]},{\"@type\":\"WebPage\",\"@id\":\"https:\/\/rioonwatch.org.br\/?p=983\",\"url\":\"https:\/\/rioonwatch.org.br\/?p=983\",\"name\":\"Muito al\u00e9m da UPP - RioOnWatch\",\"isPartOf\":{\"@id\":\"https:\/\/rioonwatch.org.br\/#website\"},\"primaryImageOfPage\":{\"@id\":\"https:\/\/rioonwatch.org.br\/?p=983#primaryimage\"},\"image\":{\"@id\":\"https:\/\/rioonwatch.org.br\/?p=983#primaryimage\"},\"thumbnailUrl\":\"https:\/\/rioonwatch.org.br\/wp-content\/uploads\/2011\/02\/sntmrt1.jpg\",\"datePublished\":\"2011-02-15T03:46:34+00:00\",\"dateModified\":\"2016-05-18T13:22:38+00:00\",\"breadcrumb\":{\"@id\":\"https:\/\/rioonwatch.org.br\/?p=983#breadcrumb\"},\"inLanguage\":\"pt-BR\",\"potentialAction\":[{\"@type\":\"ReadAction\",\"target\":[\"https:\/\/rioonwatch.org.br\/?p=983\"]}]},{\"@type\":\"ImageObject\",\"inLanguage\":\"pt-BR\",\"@id\":\"https:\/\/rioonwatch.org.br\/?p=983#primaryimage\",\"url\":\"https:\/\/rioonwatch.org.br\/wp-content\/uploads\/2011\/02\/sntmrt1.jpg\",\"contentUrl\":\"https:\/\/rioonwatch.org.br\/wp-content\/uploads\/2011\/02\/sntmrt1.jpg\",\"width\":300,\"height\":225},{\"@type\":\"BreadcrumbList\",\"@id\":\"https:\/\/rioonwatch.org.br\/?p=983#breadcrumb\",\"itemListElement\":[{\"@type\":\"ListItem\",\"position\":1,\"name\":\"In\u00edcio\",\"item\":\"https:\/\/rioonwatch.org.br\/\"},{\"@type\":\"ListItem\",\"position\":2,\"name\":\"Muito al\u00e9m da UPP\"}]},{\"@type\":\"WebSite\",\"@id\":\"https:\/\/rioonwatch.org.br\/#website\",\"url\":\"https:\/\/rioonwatch.org.br\/\",\"name\":\"RioOnWatch\",\"description\":\"relatos das favelas cariocas\",\"publisher\":{\"@id\":\"https:\/\/rioonwatch.org.br\/#organization\"},\"potentialAction\":[{\"@type\":\"SearchAction\",\"target\":{\"@type\":\"EntryPoint\",\"urlTemplate\":\"https:\/\/rioonwatch.org.br\/?s={search_term_string}\"},\"query-input\":{\"@type\":\"PropertyValueSpecification\",\"valueRequired\":true,\"valueName\":\"search_term_string\"}}],\"inLanguage\":\"pt-BR\"},{\"@type\":\"Organization\",\"@id\":\"https:\/\/rioonwatch.org.br\/#organization\",\"name\":\"RioOnWatch\",\"url\":\"https:\/\/rioonwatch.org.br\/\",\"logo\":{\"@type\":\"ImageObject\",\"inLanguage\":\"pt-BR\",\"@id\":\"https:\/\/rioonwatch.org.br\/#\/schema\/logo\/image\/\",\"url\":\"https:\/\/rioonwatch.org.br\/wp-content\/uploads\/2021\/06\/RioOnWatchcabecalhoPT11anos-2.png\",\"contentUrl\":\"https:\/\/rioonwatch.org.br\/wp-content\/uploads\/2021\/06\/RioOnWatchcabecalhoPT11anos-2.png\",\"width\":779,\"height\":277,\"caption\":\"RioOnWatch\"},\"image\":{\"@id\":\"https:\/\/rioonwatch.org.br\/#\/schema\/logo\/image\/\"}},{\"@type\":\"Person\",\"@id\":\"https:\/\/rioonwatch.org.br\/#\/schema\/person\/7c54ce0a929f914709db001584daa6ee\",\"name\":\"Tiago\",\"image\":{\"@type\":\"ImageObject\",\"inLanguage\":\"pt-BR\",\"@id\":\"https:\/\/rioonwatch.org.br\/#\/schema\/person\/image\/\",\"url\":\"https:\/\/secure.gravatar.com\/avatar\/886b123583861b1f9e1b1393972b9aeb?s=96&d=blank&r=g\",\"contentUrl\":\"https:\/\/secure.gravatar.com\/avatar\/886b123583861b1f9e1b1393972b9aeb?s=96&d=blank&r=g\",\"caption\":\"Tiago\"},\"url\":\"https:\/\/rioonwatch.org.br\/?author=5\"}]}<\/script>\n<!-- \/ Yoast SEO plugin. -->","yoast_head_json":{"title":"Muito al\u00e9m da UPP - RioOnWatch","robots":{"index":"index","follow":"follow","max-snippet":"max-snippet:-1","max-image-preview":"max-image-preview:large","max-video-preview":"max-video-preview:-1"},"canonical":"https:\/\/rioonwatch.org.br\/?p=983","og_locale":"pt_BR","og_type":"article","og_title":"Muito al\u00e9m da UPP - RioOnWatch","og_description":"Click Here for English H\u00e1 mais de dois anos da implanta\u00e7\u00e3o da UPP (Unidade de Policia Pacificadora) no morro Santa Marta, Botafogo, Zona Sul do Rio de Janeiro. O que melhorou? Aqui apresento uma \u00f3tica [...]","og_url":"https:\/\/rioonwatch.org.br\/?p=983","og_site_name":"RioOnWatch","article_published_time":"2011-02-15T03:46:34+00:00","article_modified_time":"2016-05-18T13:22:38+00:00","og_image":[{"width":300,"height":225,"url":"https:\/\/rioonwatch.org.br\/wp-content\/uploads\/2011\/02\/sntmrt1.jpg","type":"image\/jpeg"}],"author":"Tiago","twitter_card":"summary_large_image","twitter_misc":{"Escrito por":"Tiago","Est. tempo de leitura":"4 minutos"},"schema":{"@context":"https:\/\/schema.org","@graph":[{"@type":"Article","@id":"https:\/\/rioonwatch.org.br\/?p=983#article","isPartOf":{"@id":"https:\/\/rioonwatch.org.br\/?p=983"},"author":{"name":"Tiago","@id":"https:\/\/rioonwatch.org.br\/#\/schema\/person\/7c54ce0a929f914709db001584daa6ee"},"headline":"Muito al\u00e9m da UPP","datePublished":"2011-02-15T03:46:34+00:00","dateModified":"2016-05-18T13:22:38+00:00","mainEntityOfPage":{"@id":"https:\/\/rioonwatch.org.br\/?p=983"},"wordCount":829,"commentCount":0,"publisher":{"@id":"https:\/\/rioonwatch.org.br\/#organization"},"image":{"@id":"https:\/\/rioonwatch.org.br\/?p=983#primaryimage"},"thumbnailUrl":"https:\/\/rioonwatch.org.br\/wp-content\/uploads\/2011\/02\/sntmrt1.jpg","keywords":["gentrifica\u00e7\u00e3o","Santa Marta","UPP","Zona Sul"],"articleSection":["#OlhoNaGentrifica\u00e7\u00e3o","Escrito por Comunicadores Populares","Seguran\u00e7a P\u00fablica"],"inLanguage":"pt-BR","potentialAction":[{"@type":"CommentAction","name":"Comment","target":["https:\/\/rioonwatch.org.br\/?p=983#respond"]}]},{"@type":"WebPage","@id":"https:\/\/rioonwatch.org.br\/?p=983","url":"https:\/\/rioonwatch.org.br\/?p=983","name":"Muito al\u00e9m da UPP - RioOnWatch","isPartOf":{"@id":"https:\/\/rioonwatch.org.br\/#website"},"primaryImageOfPage":{"@id":"https:\/\/rioonwatch.org.br\/?p=983#primaryimage"},"image":{"@id":"https:\/\/rioonwatch.org.br\/?p=983#primaryimage"},"thumbnailUrl":"https:\/\/rioonwatch.org.br\/wp-content\/uploads\/2011\/02\/sntmrt1.jpg","datePublished":"2011-02-15T03:46:34+00:00","dateModified":"2016-05-18T13:22:38+00:00","breadcrumb":{"@id":"https:\/\/rioonwatch.org.br\/?p=983#breadcrumb"},"inLanguage":"pt-BR","potentialAction":[{"@type":"ReadAction","target":["https:\/\/rioonwatch.org.br\/?p=983"]}]},{"@type":"ImageObject","inLanguage":"pt-BR","@id":"https:\/\/rioonwatch.org.br\/?p=983#primaryimage","url":"https:\/\/rioonwatch.org.br\/wp-content\/uploads\/2011\/02\/sntmrt1.jpg","contentUrl":"https:\/\/rioonwatch.org.br\/wp-content\/uploads\/2011\/02\/sntmrt1.jpg","width":300,"height":225},{"@type":"BreadcrumbList","@id":"https:\/\/rioonwatch.org.br\/?p=983#breadcrumb","itemListElement":[{"@type":"ListItem","position":1,"name":"In\u00edcio","item":"https:\/\/rioonwatch.org.br\/"},{"@type":"ListItem","position":2,"name":"Muito al\u00e9m da UPP"}]},{"@type":"WebSite","@id":"https:\/\/rioonwatch.org.br\/#website","url":"https:\/\/rioonwatch.org.br\/","name":"RioOnWatch","description":"relatos das favelas cariocas","publisher":{"@id":"https:\/\/rioonwatch.org.br\/#organization"},"potentialAction":[{"@type":"SearchAction","target":{"@type":"EntryPoint","urlTemplate":"https:\/\/rioonwatch.org.br\/?s={search_term_string}"},"query-input":{"@type":"PropertyValueSpecification","valueRequired":true,"valueName":"search_term_string"}}],"inLanguage":"pt-BR"},{"@type":"Organization","@id":"https:\/\/rioonwatch.org.br\/#organization","name":"RioOnWatch","url":"https:\/\/rioonwatch.org.br\/","logo":{"@type":"ImageObject","inLanguage":"pt-BR","@id":"https:\/\/rioonwatch.org.br\/#\/schema\/logo\/image\/","url":"https:\/\/rioonwatch.org.br\/wp-content\/uploads\/2021\/06\/RioOnWatchcabecalhoPT11anos-2.png","contentUrl":"https:\/\/rioonwatch.org.br\/wp-content\/uploads\/2021\/06\/RioOnWatchcabecalhoPT11anos-2.png","width":779,"height":277,"caption":"RioOnWatch"},"image":{"@id":"https:\/\/rioonwatch.org.br\/#\/schema\/logo\/image\/"}},{"@type":"Person","@id":"https:\/\/rioonwatch.org.br\/#\/schema\/person\/7c54ce0a929f914709db001584daa6ee","name":"Tiago","image":{"@type":"ImageObject","inLanguage":"pt-BR","@id":"https:\/\/rioonwatch.org.br\/#\/schema\/person\/image\/","url":"https:\/\/secure.gravatar.com\/avatar\/886b123583861b1f9e1b1393972b9aeb?s=96&d=blank&r=g","contentUrl":"https:\/\/secure.gravatar.com\/avatar\/886b123583861b1f9e1b1393972b9aeb?s=96&d=blank&r=g","caption":"Tiago"},"url":"https:\/\/rioonwatch.org.br\/?author=5"}]}},"_links":{"self":[{"href":"https:\/\/rioonwatch.org.br\/index.php?rest_route=\/wp\/v2\/posts\/983"}],"collection":[{"href":"https:\/\/rioonwatch.org.br\/index.php?rest_route=\/wp\/v2\/posts"}],"about":[{"href":"https:\/\/rioonwatch.org.br\/index.php?rest_route=\/wp\/v2\/types\/post"}],"author":[{"embeddable":true,"href":"https:\/\/rioonwatch.org.br\/index.php?rest_route=\/wp\/v2\/users\/5"}],"replies":[{"embeddable":true,"href":"https:\/\/rioonwatch.org.br\/index.php?rest_route=%2Fwp%2Fv2%2Fcomments&post=983"}],"version-history":[{"count":17,"href":"https:\/\/rioonwatch.org.br\/index.php?rest_route=\/wp\/v2\/posts\/983\/revisions"}],"predecessor-version":[{"id":19823,"href":"https:\/\/rioonwatch.org.br\/index.php?rest_route=\/wp\/v2\/posts\/983\/revisions\/19823"}],"wp:featuredmedia":[{"embeddable":true,"href":"https:\/\/rioonwatch.org.br\/index.php?rest_route=\/wp\/v2\/media\/988"}],"wp:attachment":[{"href":"https:\/\/rioonwatch.org.br\/index.php?rest_route=%2Fwp%2Fv2%2Fmedia&parent=983"}],"wp:term":[{"taxonomy":"category","embeddable":true,"href":"https:\/\/rioonwatch.org.br\/index.php?rest_route=%2Fwp%2Fv2%2Fcategories&post=983"},{"taxonomy":"post_tag","embeddable":true,"href":"https:\/\/rioonwatch.org.br\/index.php?rest_route=%2Fwp%2Fv2%2Ftags&post=983"},{"taxonomy":"writer","embeddable":true,"href":"https:\/\/rioonwatch.org.br\/index.php?rest_route=%2Fwp%2Fv2%2Fwriter&post=983"},{"taxonomy":"translator","embeddable":true,"href":"https:\/\/rioonwatch.org.br\/index.php?rest_route=%2Fwp%2Fv2%2Ftranslator&post=983"},{"taxonomy":"source","embeddable":true,"href":"https:\/\/rioonwatch.org.br\/index.php?rest_route=%2Fwp%2Fv2%2Fsource&post=983"},{"taxonomy":"ilustrador","embeddable":true,"href":"https:\/\/rioonwatch.org.br\/index.php?rest_route=%2Fwp%2Fv2%2Filustrador&post=983"},{"taxonomy":"fotografo","embeddable":true,"href":"https:\/\/rioonwatch.org.br\/index.php?rest_route=%2Fwp%2Fv2%2Ffotografo&post=983"}],"curies":[{"name":"wp","href":"https:\/\/api.w.org\/{rel}","templated":true}]}}