{"id":320,"count":1,"description":"Sara Pilote est\u00e1 completando seu mestrado em Planejamento Urbano pela Universidade de Montreal, no Canad\u00e1. Ela tem interesse em grandes cidades em desenvolvimento, onde espera trabalhar futuramente, desenvolvendo cidades diversas onde cada vez mais \u00e9 reconhecido o \"direito \u00e0 cidade\".  Essa paix\u00e3o foi fruto de oportunidades que teve para estudar e viajar no M\u00e9xico, Cuba, Nicaragua, Peru e, mais recentemente, no Brasil. Sara \u00e9 maravilhada pela \"beleza da desordem\" que encontrou estudando as favelas do Rio, e acredita que o Rio sem as favelas simplesmente n\u00e3o seria o Rio que ela tanto estima. Ela espera voltar ao Rio para trabalhar em prol de uma cidade mais inclusiva.","link":"https:\/\/rioonwatch.org.br\/?writer=sara-pilote","name":"Sara Pilote","slug":"sara-pilote","taxonomy":"writer","meta":[],"acf":[],"yoast_head":"<!-- This site is optimized with the Yoast SEO plugin v25.6 - https:\/\/yoast.com\/wordpress\/plugins\/seo\/ -->\n<title>Arquivos Sara Pilote - RioOnWatch<\/title>\n<meta name=\"robots\" content=\"index, follow, max-snippet:-1, max-image-preview:large, max-video-preview:-1\" \/>\n<link rel=\"canonical\" href=\"https:\/\/rioonwatch.org.br\/?writer=sara-pilote\" \/>\n<meta property=\"og:locale\" content=\"pt_BR\" \/>\n<meta property=\"og:type\" content=\"article\" \/>\n<meta property=\"og:title\" content=\"Arquivos Sara Pilote - RioOnWatch\" \/>\n<meta property=\"og:description\" content=\"Sara Pilote est\u00e1 completando seu mestrado em Planejamento Urbano pela Universidade de Montreal, no Canad\u00e1. Ela tem interesse em grandes cidades em desenvolvimento, onde espera trabalhar futuramente, desenvolvendo cidades diversas onde cada vez mais \u00e9 reconhecido o &#8220;direito \u00e0 cidade&#8221;. Essa paix\u00e3o foi fruto de oportunidades que teve para estudar e viajar no M\u00e9xico, Cuba, Nicaragua, Peru e, mais recentemente, no Brasil. Sara \u00e9 maravilhada pela &#8220;beleza da desordem&#8221; que encontrou estudando as favelas do Rio, e acredita que o Rio sem as favelas simplesmente n\u00e3o seria o Rio que ela tanto estima. Ela espera voltar ao Rio para trabalhar em prol de uma cidade mais inclusiva.\" \/>\n<meta property=\"og:url\" content=\"https:\/\/rioonwatch.org.br\/?writer=sara-pilote\" \/>\n<meta property=\"og:site_name\" content=\"RioOnWatch\" \/>\n<meta name=\"twitter:card\" content=\"summary_large_image\" \/>\n<script type=\"application\/ld+json\" class=\"yoast-schema-graph\">{\"@context\":\"https:\/\/schema.org\",\"@graph\":[{\"@type\":\"CollectionPage\",\"@id\":\"https:\/\/rioonwatch.org.br\/?writer=sara-pilote\",\"url\":\"https:\/\/rioonwatch.org.br\/?writer=sara-pilote\",\"name\":\"Arquivos Sara Pilote - RioOnWatch\",\"isPartOf\":{\"@id\":\"https:\/\/rioonwatch.org.br\/#website\"},\"breadcrumb\":{\"@id\":\"https:\/\/rioonwatch.org.br\/?writer=sara-pilote#breadcrumb\"},\"inLanguage\":\"pt-BR\"},{\"@type\":\"BreadcrumbList\",\"@id\":\"https:\/\/rioonwatch.org.br\/?writer=sara-pilote#breadcrumb\",\"itemListElement\":[{\"@type\":\"ListItem\",\"position\":1,\"name\":\"In\u00edcio\",\"item\":\"https:\/\/rioonwatch.org.br\/\"},{\"@type\":\"ListItem\",\"position\":2,\"name\":\"Sara Pilote\"}]},{\"@type\":\"WebSite\",\"@id\":\"https:\/\/rioonwatch.org.br\/#website\",\"url\":\"https:\/\/rioonwatch.org.br\/\",\"name\":\"RioOnWatch\",\"description\":\"relatos das favelas cariocas\",\"publisher\":{\"@id\":\"https:\/\/rioonwatch.org.br\/#organization\"},\"potentialAction\":[{\"@type\":\"SearchAction\",\"target\":{\"@type\":\"EntryPoint\",\"urlTemplate\":\"https:\/\/rioonwatch.org.br\/?s={search_term_string}\"},\"query-input\":{\"@type\":\"PropertyValueSpecification\",\"valueRequired\":true,\"valueName\":\"search_term_string\"}}],\"inLanguage\":\"pt-BR\"},{\"@type\":\"Organization\",\"@id\":\"https:\/\/rioonwatch.org.br\/#organization\",\"name\":\"RioOnWatch\",\"url\":\"https:\/\/rioonwatch.org.br\/\",\"logo\":{\"@type\":\"ImageObject\",\"inLanguage\":\"pt-BR\",\"@id\":\"https:\/\/rioonwatch.org.br\/#\/schema\/logo\/image\/\",\"url\":\"https:\/\/rioonwatch.org.br\/wp-content\/uploads\/2021\/06\/RioOnWatchcabecalhoPT11anos-2.png\",\"contentUrl\":\"https:\/\/rioonwatch.org.br\/wp-content\/uploads\/2021\/06\/RioOnWatchcabecalhoPT11anos-2.png\",\"width\":779,\"height\":277,\"caption\":\"RioOnWatch\"},\"image\":{\"@id\":\"https:\/\/rioonwatch.org.br\/#\/schema\/logo\/image\/\"}}]}<\/script>\n<!-- \/ Yoast SEO plugin. -->","yoast_head_json":{"title":"Arquivos Sara Pilote - RioOnWatch","robots":{"index":"index","follow":"follow","max-snippet":"max-snippet:-1","max-image-preview":"max-image-preview:large","max-video-preview":"max-video-preview:-1"},"canonical":"https:\/\/rioonwatch.org.br\/?writer=sara-pilote","og_locale":"pt_BR","og_type":"article","og_title":"Arquivos Sara Pilote - RioOnWatch","og_description":"Sara Pilote est\u00e1 completando seu mestrado em Planejamento Urbano pela Universidade de Montreal, no Canad\u00e1. Ela tem interesse em grandes cidades em desenvolvimento, onde espera trabalhar futuramente, desenvolvendo cidades diversas onde cada vez mais \u00e9 reconhecido o &#8220;direito \u00e0 cidade&#8221;. Essa paix\u00e3o foi fruto de oportunidades que teve para estudar e viajar no M\u00e9xico, Cuba, Nicaragua, Peru e, mais recentemente, no Brasil. Sara \u00e9 maravilhada pela &#8220;beleza da desordem&#8221; que encontrou estudando as favelas do Rio, e acredita que o Rio sem as favelas simplesmente n\u00e3o seria o Rio que ela tanto estima. Ela espera voltar ao Rio para trabalhar em prol de uma cidade mais inclusiva.","og_url":"https:\/\/rioonwatch.org.br\/?writer=sara-pilote","og_site_name":"RioOnWatch","twitter_card":"summary_large_image","schema":{"@context":"https:\/\/schema.org","@graph":[{"@type":"CollectionPage","@id":"https:\/\/rioonwatch.org.br\/?writer=sara-pilote","url":"https:\/\/rioonwatch.org.br\/?writer=sara-pilote","name":"Arquivos Sara Pilote - RioOnWatch","isPartOf":{"@id":"https:\/\/rioonwatch.org.br\/#website"},"breadcrumb":{"@id":"https:\/\/rioonwatch.org.br\/?writer=sara-pilote#breadcrumb"},"inLanguage":"pt-BR"},{"@type":"BreadcrumbList","@id":"https:\/\/rioonwatch.org.br\/?writer=sara-pilote#breadcrumb","itemListElement":[{"@type":"ListItem","position":1,"name":"In\u00edcio","item":"https:\/\/rioonwatch.org.br\/"},{"@type":"ListItem","position":2,"name":"Sara Pilote"}]},{"@type":"WebSite","@id":"https:\/\/rioonwatch.org.br\/#website","url":"https:\/\/rioonwatch.org.br\/","name":"RioOnWatch","description":"relatos das favelas cariocas","publisher":{"@id":"https:\/\/rioonwatch.org.br\/#organization"},"potentialAction":[{"@type":"SearchAction","target":{"@type":"EntryPoint","urlTemplate":"https:\/\/rioonwatch.org.br\/?s={search_term_string}"},"query-input":{"@type":"PropertyValueSpecification","valueRequired":true,"valueName":"search_term_string"}}],"inLanguage":"pt-BR"},{"@type":"Organization","@id":"https:\/\/rioonwatch.org.br\/#organization","name":"RioOnWatch","url":"https:\/\/rioonwatch.org.br\/","logo":{"@type":"ImageObject","inLanguage":"pt-BR","@id":"https:\/\/rioonwatch.org.br\/#\/schema\/logo\/image\/","url":"https:\/\/rioonwatch.org.br\/wp-content\/uploads\/2021\/06\/RioOnWatchcabecalhoPT11anos-2.png","contentUrl":"https:\/\/rioonwatch.org.br\/wp-content\/uploads\/2021\/06\/RioOnWatchcabecalhoPT11anos-2.png","width":779,"height":277,"caption":"RioOnWatch"},"image":{"@id":"https:\/\/rioonwatch.org.br\/#\/schema\/logo\/image\/"}}]}},"_links":{"self":[{"href":"https:\/\/rioonwatch.org.br\/index.php?rest_route=\/wp\/v2\/writer\/320"}],"collection":[{"href":"https:\/\/rioonwatch.org.br\/index.php?rest_route=\/wp\/v2\/writer"}],"about":[{"href":"https:\/\/rioonwatch.org.br\/index.php?rest_route=\/wp\/v2\/taxonomies\/writer"}],"wp:post_type":[{"href":"https:\/\/rioonwatch.org.br\/index.php?rest_route=%2Fwp%2Fv2%2Fposts&writer=320"}],"curies":[{"name":"wp","href":"https:\/\/api.w.org\/{rel}","templated":true}]}}