{"id":952,"count":1,"description":"Fernando Soares \u00e9 morador de Manguinhos e jornalista, com especializa\u00e7\u00e3o em Criminologia e Direitos Humanos e em Educa\u00e7\u00e3o Ambiental. Foi coordenador do Movimento Nacional de Direitos Humanos-MNDH, pesquisador da Escola Nacional de Sa\u00fade P\u00fablica da Funda\u00e7\u00e3o Oswaldo Cruz, professor de Sociologia em turmas de Educa\u00e7\u00e3o de Jovens e Adultos e Cursos de Forma\u00e7\u00e3o Pol\u00edtica e de Gest\u00e3o Social Participativa. Atualmente atua como pesquisador-coordenador do Laborat\u00f3rio de Direitos Humanos de Manguinhos e em Coletivos de M\u00eddia Livre, como o Coletivo Mariachi e o Coletivo ComTekoHaw de Comunica\u00e7\u00e3o de Resist\u00eancia da Aldeia Maracan\u00e3.\r\n","link":"https:\/\/rioonwatch.org.br\/?writer=fernando-soares","name":"Fernando Soares","slug":"fernando-soares","taxonomy":"writer","meta":[],"acf":[],"yoast_head":"<!-- This site is optimized with the Yoast SEO plugin v25.6 - https:\/\/yoast.com\/wordpress\/plugins\/seo\/ -->\n<title>Arquivos Fernando Soares - RioOnWatch<\/title>\n<meta name=\"robots\" content=\"index, follow, max-snippet:-1, max-image-preview:large, max-video-preview:-1\" \/>\n<link rel=\"canonical\" href=\"https:\/\/rioonwatch.org.br\/?writer=fernando-soares\" \/>\n<meta property=\"og:locale\" content=\"pt_BR\" \/>\n<meta property=\"og:type\" content=\"article\" \/>\n<meta property=\"og:title\" content=\"Arquivos Fernando Soares - RioOnWatch\" \/>\n<meta property=\"og:description\" content=\"Fernando Soares \u00e9 morador de Manguinhos e jornalista, com especializa\u00e7\u00e3o em Criminologia e Direitos Humanos e em Educa\u00e7\u00e3o Ambiental. Foi coordenador do Movimento Nacional de Direitos Humanos-MNDH, pesquisador da Escola Nacional de Sa\u00fade P\u00fablica da Funda\u00e7\u00e3o Oswaldo Cruz, professor de Sociologia em turmas de Educa\u00e7\u00e3o de Jovens e Adultos e Cursos de Forma\u00e7\u00e3o Pol\u00edtica e de Gest\u00e3o Social Participativa. Atualmente atua como pesquisador-coordenador do Laborat\u00f3rio de Direitos Humanos de Manguinhos e em Coletivos de M\u00eddia Livre, como o Coletivo Mariachi e o Coletivo ComTekoHaw de Comunica\u00e7\u00e3o de Resist\u00eancia da Aldeia Maracan\u00e3.\" \/>\n<meta property=\"og:url\" content=\"https:\/\/rioonwatch.org.br\/?writer=fernando-soares\" \/>\n<meta property=\"og:site_name\" content=\"RioOnWatch\" \/>\n<meta name=\"twitter:card\" content=\"summary_large_image\" \/>\n<script type=\"application\/ld+json\" class=\"yoast-schema-graph\">{\"@context\":\"https:\/\/schema.org\",\"@graph\":[{\"@type\":\"CollectionPage\",\"@id\":\"https:\/\/rioonwatch.org.br\/?writer=fernando-soares\",\"url\":\"https:\/\/rioonwatch.org.br\/?writer=fernando-soares\",\"name\":\"Arquivos Fernando Soares - RioOnWatch\",\"isPartOf\":{\"@id\":\"https:\/\/rioonwatch.org.br\/#website\"},\"breadcrumb\":{\"@id\":\"https:\/\/rioonwatch.org.br\/?writer=fernando-soares#breadcrumb\"},\"inLanguage\":\"pt-BR\"},{\"@type\":\"BreadcrumbList\",\"@id\":\"https:\/\/rioonwatch.org.br\/?writer=fernando-soares#breadcrumb\",\"itemListElement\":[{\"@type\":\"ListItem\",\"position\":1,\"name\":\"In\u00edcio\",\"item\":\"https:\/\/rioonwatch.org.br\/\"},{\"@type\":\"ListItem\",\"position\":2,\"name\":\"Fernando Soares\"}]},{\"@type\":\"WebSite\",\"@id\":\"https:\/\/rioonwatch.org.br\/#website\",\"url\":\"https:\/\/rioonwatch.org.br\/\",\"name\":\"RioOnWatch\",\"description\":\"relatos das favelas cariocas\",\"publisher\":{\"@id\":\"https:\/\/rioonwatch.org.br\/#organization\"},\"potentialAction\":[{\"@type\":\"SearchAction\",\"target\":{\"@type\":\"EntryPoint\",\"urlTemplate\":\"https:\/\/rioonwatch.org.br\/?s={search_term_string}\"},\"query-input\":{\"@type\":\"PropertyValueSpecification\",\"valueRequired\":true,\"valueName\":\"search_term_string\"}}],\"inLanguage\":\"pt-BR\"},{\"@type\":\"Organization\",\"@id\":\"https:\/\/rioonwatch.org.br\/#organization\",\"name\":\"RioOnWatch\",\"url\":\"https:\/\/rioonwatch.org.br\/\",\"logo\":{\"@type\":\"ImageObject\",\"inLanguage\":\"pt-BR\",\"@id\":\"https:\/\/rioonwatch.org.br\/#\/schema\/logo\/image\/\",\"url\":\"https:\/\/rioonwatch.org.br\/wp-content\/uploads\/2021\/06\/RioOnWatchcabecalhoPT11anos-2.png\",\"contentUrl\":\"https:\/\/rioonwatch.org.br\/wp-content\/uploads\/2021\/06\/RioOnWatchcabecalhoPT11anos-2.png\",\"width\":779,\"height\":277,\"caption\":\"RioOnWatch\"},\"image\":{\"@id\":\"https:\/\/rioonwatch.org.br\/#\/schema\/logo\/image\/\"}}]}<\/script>\n<!-- \/ Yoast SEO plugin. -->","yoast_head_json":{"title":"Arquivos Fernando Soares - RioOnWatch","robots":{"index":"index","follow":"follow","max-snippet":"max-snippet:-1","max-image-preview":"max-image-preview:large","max-video-preview":"max-video-preview:-1"},"canonical":"https:\/\/rioonwatch.org.br\/?writer=fernando-soares","og_locale":"pt_BR","og_type":"article","og_title":"Arquivos Fernando Soares - RioOnWatch","og_description":"Fernando Soares \u00e9 morador de Manguinhos e jornalista, com especializa\u00e7\u00e3o em Criminologia e Direitos Humanos e em Educa\u00e7\u00e3o Ambiental. Foi coordenador do Movimento Nacional de Direitos Humanos-MNDH, pesquisador da Escola Nacional de Sa\u00fade P\u00fablica da Funda\u00e7\u00e3o Oswaldo Cruz, professor de Sociologia em turmas de Educa\u00e7\u00e3o de Jovens e Adultos e Cursos de Forma\u00e7\u00e3o Pol\u00edtica e de Gest\u00e3o Social Participativa. Atualmente atua como pesquisador-coordenador do Laborat\u00f3rio de Direitos Humanos de Manguinhos e em Coletivos de M\u00eddia Livre, como o Coletivo Mariachi e o Coletivo ComTekoHaw de Comunica\u00e7\u00e3o de Resist\u00eancia da Aldeia Maracan\u00e3.","og_url":"https:\/\/rioonwatch.org.br\/?writer=fernando-soares","og_site_name":"RioOnWatch","twitter_card":"summary_large_image","schema":{"@context":"https:\/\/schema.org","@graph":[{"@type":"CollectionPage","@id":"https:\/\/rioonwatch.org.br\/?writer=fernando-soares","url":"https:\/\/rioonwatch.org.br\/?writer=fernando-soares","name":"Arquivos Fernando Soares - RioOnWatch","isPartOf":{"@id":"https:\/\/rioonwatch.org.br\/#website"},"breadcrumb":{"@id":"https:\/\/rioonwatch.org.br\/?writer=fernando-soares#breadcrumb"},"inLanguage":"pt-BR"},{"@type":"BreadcrumbList","@id":"https:\/\/rioonwatch.org.br\/?writer=fernando-soares#breadcrumb","itemListElement":[{"@type":"ListItem","position":1,"name":"In\u00edcio","item":"https:\/\/rioonwatch.org.br\/"},{"@type":"ListItem","position":2,"name":"Fernando Soares"}]},{"@type":"WebSite","@id":"https:\/\/rioonwatch.org.br\/#website","url":"https:\/\/rioonwatch.org.br\/","name":"RioOnWatch","description":"relatos das favelas cariocas","publisher":{"@id":"https:\/\/rioonwatch.org.br\/#organization"},"potentialAction":[{"@type":"SearchAction","target":{"@type":"EntryPoint","urlTemplate":"https:\/\/rioonwatch.org.br\/?s={search_term_string}"},"query-input":{"@type":"PropertyValueSpecification","valueRequired":true,"valueName":"search_term_string"}}],"inLanguage":"pt-BR"},{"@type":"Organization","@id":"https:\/\/rioonwatch.org.br\/#organization","name":"RioOnWatch","url":"https:\/\/rioonwatch.org.br\/","logo":{"@type":"ImageObject","inLanguage":"pt-BR","@id":"https:\/\/rioonwatch.org.br\/#\/schema\/logo\/image\/","url":"https:\/\/rioonwatch.org.br\/wp-content\/uploads\/2021\/06\/RioOnWatchcabecalhoPT11anos-2.png","contentUrl":"https:\/\/rioonwatch.org.br\/wp-content\/uploads\/2021\/06\/RioOnWatchcabecalhoPT11anos-2.png","width":779,"height":277,"caption":"RioOnWatch"},"image":{"@id":"https:\/\/rioonwatch.org.br\/#\/schema\/logo\/image\/"}}]}},"_links":{"self":[{"href":"https:\/\/rioonwatch.org.br\/index.php?rest_route=\/wp\/v2\/writer\/952"}],"collection":[{"href":"https:\/\/rioonwatch.org.br\/index.php?rest_route=\/wp\/v2\/writer"}],"about":[{"href":"https:\/\/rioonwatch.org.br\/index.php?rest_route=\/wp\/v2\/taxonomies\/writer"}],"wp:post_type":[{"href":"https:\/\/rioonwatch.org.br\/index.php?rest_route=%2Fwp%2Fv2%2Fposts&writer=952"}],"curies":[{"name":"wp","href":"https:\/\/api.w.org\/{rel}","templated":true}]}}